{"id":213120,"date":"2024-03-22T13:47:00","date_gmt":"2024-03-22T13:47:00","guid":{"rendered":"https:\/\/www.webdo.tn\/fr\/blog\/tunisie-le-lutteur-mohamed-amine-kenichi-qualifie-aux-jo-2024\/213120\/"},"modified":"2025-05-20T21:52:00","modified_gmt":"2025-05-20T21:52:00","slug":"tunisie-le-lutteur-mohamed-amine-kenichi-qualifie-aux-jo-2024","status":"publish","type":"post","link":"https:\/\/www.webdo.tn\/fr\/actualite\/sport\/tunisie-le-lutteur-mohamed-amine-kenichi-qualifie-aux-jo-2024\/213120\/","title":{"rendered":"Tunisie : Le lutteur Amine Kenichi qualifi\u00e9 aux JO 2024"},"content":{"rendered":"<p>Le lutteur tunisien Mohamed Amine Kenichi, s\u2019est qualifi\u00e9 ce vendredi 22 mars 2024, aux prochains Jeux Olympiques de Paris 2024.<\/p>\n<p>\t\t\t\t\t\t\t\t\tMohamed Amine Kenichi, cat\u00e9gorie des 130 kg, a valid\u00e9, aujourd\u2019hui \u00e0 Alexandrie, en Egypte, sa qualification pour les JO en lutte romaine apr\u00e8s avoir remport\u00e9 la finale contre le lutteur marocain Oussama Assad.<\/p>\n","protected":false},"excerpt":{"rendered":"<p>Mohamed Amine Kenichi, cat\u00e9gorie des 130 kg, a valid\u00e9, aujourd\u2019hui \u00e0 Alexandrie, en Egypte, sa qualification pour les JO en lutte romaine apr\u00e8s avoir remport\u00e9 l&#8230;<\/p>\n","protected":false},"author":3162,"featured_media":247734,"comment_status":"open","ping_status":"closed","sticky":false,"template":"","format":"standard","meta":{"footnotes":""},"categories":[2593],"tags":[5881,6106,2668,6808,5778,2608],"class_list":["post-213120","post","type-post","status-publish","format-standard","has-post-thumbnail","hentry","category-sport","tag-jeux-olympiques","tag-jo","tag-lutte","tag-mohamed-amine-kenichi","tag-paris-2024","tag-tunisie"],"yoast_head":"<!-- This site is optimized with the Yoast SEO Premium plugin v27.5 (Yoast SEO v27.5) - https:\/\/yoast.com\/product\/yoast-seo-premium-wordpress\/ -->\n<title>Tunisie : Le lutteur Amine Kenichi qualifi\u00e9 aux JO 2024<\/title>\n<meta name=\"description\" content=\"Mohamed Amine Kenichi, cat\u00e9gorie des 130 kg, a valid\u00e9, aujourd\u2019hui \u00e0 Alexandrie, en Egypte, sa qualification pour les JO en lutte romaine apr\u00e8s avoir remport\u00e9 l...\" \/>\n<link rel=\"canonical\" href=\"https:\/\/www.webdo.tn\/fr\/actualite\/sport\/tunisie-le-lutteur-mohamed-amine-kenichi-qualifie-aux-jo-2024\/213120\/\" \/>\n<meta property=\"og:locale\" content=\"fr_FR\" \/>\n<meta property=\"og:type\" content=\"article\" \/>\n<meta property=\"og:title\" content=\"Tunisie : Le lutteur Amine Kenichi qualifi\u00e9 aux JO 2024\" \/>\n<meta property=\"og:description\" content=\"Mohamed Amine Kenichi, cat\u00e9gorie des 130 kg, a valid\u00e9, aujourd\u2019hui \u00e0 Alexandrie, en Egypte, sa qualification pour les JO en lutte romaine apr\u00e8s avoir remport\u00e9 l...\" \/>\n<meta property=\"og:url\" content=\"https:\/\/www.webdo.tn\/fr\/actualite\/sport\/tunisie-le-lutteur-mohamed-amine-kenichi-qualifie-aux-jo-2024\/213120\/\" \/>\n<meta property=\"og:site_name\" content=\"webdo\" \/>\n<meta property=\"article:publisher\" content=\"https:\/\/www.facebook.com\/webdotn\" \/>\n<meta property=\"article:published_time\" content=\"2024-03-22T13:47:00+00:00\" \/>\n<meta property=\"article:modified_time\" content=\"2025-05-20T21:52:00+00:00\" \/>\n<meta property=\"og:image\" content=\"https:\/\/www.webdo.tn\/fr\/wp-content\/uploads\/2024\/03\/14650f4517c4cba7cccc9ad2b6b8757c.jpg\" \/>\n\t<meta property=\"og:image:width\" content=\"750\" \/>\n\t<meta property=\"og:image:height\" content=\"400\" \/>\n\t<meta property=\"og:image:type\" content=\"image\/jpeg\" \/>\n<meta name=\"author\" content=\"MC\" \/>\n<meta name=\"twitter:card\" content=\"summary_large_image\" \/>\n<meta name=\"twitter:creator\" content=\"@webdo_tn\" \/>\n<meta name=\"twitter:site\" content=\"@webdo_tn\" \/>\n<meta name=\"twitter:label1\" content=\"\u00c9crit par\" \/>\n\t<meta name=\"twitter:data1\" content=\"MC\" \/>\n<script type=\"application\/ld+json\" class=\"yoast-schema-graph\">{\"@context\":\"https:\\\/\\\/schema.org\",\"@graph\":[{\"@type\":\"NewsArticle\",\"@id\":\"https:\\\/\\\/www.webdo.tn\\\/fr\\\/actualite\\\/sport\\\/tunisie-le-lutteur-mohamed-amine-kenichi-qualifie-aux-jo-2024\\\/213120\\\/#article\",\"isPartOf\":{\"@id\":\"https:\\\/\\\/www.webdo.tn\\\/fr\\\/actualite\\\/sport\\\/tunisie-le-lutteur-mohamed-amine-kenichi-qualifie-aux-jo-2024\\\/213120\\\/\"},\"author\":{\"name\":\"MC\",\"@id\":\"https:\\\/\\\/www.webdo.tn\\\/fr\\\/#\\\/schema\\\/person\\\/2c4929cbf5a809e3bd38617c6ce150f6\"},\"headline\":\"Tunisie : Le lutteur Amine Kenichi qualifi\u00e9 aux JO 2024\",\"datePublished\":\"2024-03-22T13:47:00+00:00\",\"dateModified\":\"2025-05-20T21:52:00+00:00\",\"mainEntityOfPage\":{\"@id\":\"https:\\\/\\\/www.webdo.tn\\\/fr\\\/actualite\\\/sport\\\/tunisie-le-lutteur-mohamed-amine-kenichi-qualifie-aux-jo-2024\\\/213120\\\/\"},\"wordCount\":60,\"commentCount\":0,\"publisher\":{\"@id\":\"https:\\\/\\\/www.webdo.tn\\\/fr\\\/#organization\"},\"image\":{\"@id\":\"https:\\\/\\\/www.webdo.tn\\\/fr\\\/actualite\\\/sport\\\/tunisie-le-lutteur-mohamed-amine-kenichi-qualifie-aux-jo-2024\\\/213120\\\/#primaryimage\"},\"thumbnailUrl\":\"https:\\\/\\\/www.webdo.tn\\\/fr\\\/wp-content\\\/uploads\\\/2024\\\/03\\\/14650f4517c4cba7cccc9ad2b6b8757c.jpg\",\"keywords\":[\"jeux olympiques\",\"JO\",\"lutte\",\"Mohamed Amine Kenichi\",\"Paris 2024\",\"Tunisie\"],\"articleSection\":[\"Sport\"],\"inLanguage\":\"fr-FR\"},{\"@type\":\"WebPage\",\"@id\":\"https:\\\/\\\/www.webdo.tn\\\/fr\\\/actualite\\\/sport\\\/tunisie-le-lutteur-mohamed-amine-kenichi-qualifie-aux-jo-2024\\\/213120\\\/\",\"url\":\"https:\\\/\\\/www.webdo.tn\\\/fr\\\/actualite\\\/sport\\\/tunisie-le-lutteur-mohamed-amine-kenichi-qualifie-aux-jo-2024\\\/213120\\\/\",\"name\":\"Tunisie : Le lutteur Amine Kenichi qualifi\u00e9 aux JO 2024\",\"isPartOf\":{\"@id\":\"https:\\\/\\\/www.webdo.tn\\\/fr\\\/#website\"},\"primaryImageOfPage\":{\"@id\":\"https:\\\/\\\/www.webdo.tn\\\/fr\\\/actualite\\\/sport\\\/tunisie-le-lutteur-mohamed-amine-kenichi-qualifie-aux-jo-2024\\\/213120\\\/#primaryimage\"},\"image\":{\"@id\":\"https:\\\/\\\/www.webdo.tn\\\/fr\\\/actualite\\\/sport\\\/tunisie-le-lutteur-mohamed-amine-kenichi-qualifie-aux-jo-2024\\\/213120\\\/#primaryimage\"},\"thumbnailUrl\":\"https:\\\/\\\/www.webdo.tn\\\/fr\\\/wp-content\\\/uploads\\\/2024\\\/03\\\/14650f4517c4cba7cccc9ad2b6b8757c.jpg\",\"datePublished\":\"2024-03-22T13:47:00+00:00\",\"dateModified\":\"2025-05-20T21:52:00+00:00\",\"description\":\"Mohamed Amine Kenichi, cat\u00e9gorie des 130 kg, a valid\u00e9, aujourd\u2019hui \u00e0 Alexandrie, en Egypte, sa qualification pour les JO en lutte romaine apr\u00e8s avoir remport\u00e9 l...\",\"breadcrumb\":{\"@id\":\"https:\\\/\\\/www.webdo.tn\\\/fr\\\/actualite\\\/sport\\\/tunisie-le-lutteur-mohamed-amine-kenichi-qualifie-aux-jo-2024\\\/213120\\\/#breadcrumb\"},\"inLanguage\":\"fr-FR\",\"potentialAction\":[{\"@type\":\"ReadAction\",\"target\":[\"https:\\\/\\\/www.webdo.tn\\\/fr\\\/actualite\\\/sport\\\/tunisie-le-lutteur-mohamed-amine-kenichi-qualifie-aux-jo-2024\\\/213120\\\/\"]}]},{\"@type\":\"ImageObject\",\"inLanguage\":\"fr-FR\",\"@id\":\"https:\\\/\\\/www.webdo.tn\\\/fr\\\/actualite\\\/sport\\\/tunisie-le-lutteur-mohamed-amine-kenichi-qualifie-aux-jo-2024\\\/213120\\\/#primaryimage\",\"url\":\"https:\\\/\\\/www.webdo.tn\\\/fr\\\/wp-content\\\/uploads\\\/2024\\\/03\\\/14650f4517c4cba7cccc9ad2b6b8757c.jpg\",\"contentUrl\":\"https:\\\/\\\/www.webdo.tn\\\/fr\\\/wp-content\\\/uploads\\\/2024\\\/03\\\/14650f4517c4cba7cccc9ad2b6b8757c.jpg\",\"width\":750,\"height\":400,\"caption\":\"Tunisie : Le lutteur Amine Kenichi qualifi\u00e9 aux JO 2024\"},{\"@type\":\"BreadcrumbList\",\"@id\":\"https:\\\/\\\/www.webdo.tn\\\/fr\\\/actualite\\\/sport\\\/tunisie-le-lutteur-mohamed-amine-kenichi-qualifie-aux-jo-2024\\\/213120\\\/#breadcrumb\",\"itemListElement\":[{\"@type\":\"ListItem\",\"position\":1,\"name\":\"Accueil\",\"item\":\"https:\\\/\\\/www.webdo.tn\\\/fr\\\/\"},{\"@type\":\"ListItem\",\"position\":2,\"name\":\"Tunisie : Le lutteur Amine Kenichi qualifi\u00e9 aux JO 2024\"}]},{\"@type\":\"WebSite\",\"@id\":\"https:\\\/\\\/www.webdo.tn\\\/fr\\\/#website\",\"url\":\"https:\\\/\\\/www.webdo.tn\\\/fr\\\/\",\"name\":\"webdo\",\"description\":\"Tunisie - News en Tunisie et \u00e0 l&#039;international sur Webdo.tn\",\"publisher\":{\"@id\":\"https:\\\/\\\/www.webdo.tn\\\/fr\\\/#organization\"},\"potentialAction\":[{\"@type\":\"SearchAction\",\"target\":{\"@type\":\"EntryPoint\",\"urlTemplate\":\"https:\\\/\\\/www.webdo.tn\\\/fr\\\/?s={search_term_string}\"},\"query-input\":{\"@type\":\"PropertyValueSpecification\",\"valueRequired\":true,\"valueName\":\"search_term_string\"}}],\"inLanguage\":\"fr-FR\"},{\"@type\":\"Organization\",\"@id\":\"https:\\\/\\\/www.webdo.tn\\\/fr\\\/#organization\",\"name\":\"Webdo\",\"alternateName\":\"Webdo.tn\",\"url\":\"https:\\\/\\\/www.webdo.tn\\\/fr\\\/\",\"logo\":{\"@type\":\"ImageObject\",\"inLanguage\":\"fr-FR\",\"@id\":\"https:\\\/\\\/www.webdo.tn\\\/fr\\\/#\\\/schema\\\/logo\\\/image\\\/\",\"url\":\"https:\\\/\\\/www.webdo.tn\\\/fr\\\/wp-content\\\/uploads\\\/2025\\\/06\\\/Webdo-Tunisie_168377.jpg\",\"contentUrl\":\"https:\\\/\\\/www.webdo.tn\\\/fr\\\/wp-content\\\/uploads\\\/2025\\\/06\\\/Webdo-Tunisie_168377.jpg\",\"width\":301,\"height\":301,\"caption\":\"Webdo\"},\"image\":{\"@id\":\"https:\\\/\\\/www.webdo.tn\\\/fr\\\/#\\\/schema\\\/logo\\\/image\\\/\"},\"sameAs\":[\"https:\\\/\\\/www.facebook.com\\\/webdotn\",\"https:\\\/\\\/x.com\\\/webdo_tn\"],\"description\":\"Webdo est un m\u00e9dia num\u00e9rique tunisien fond\u00e9 en 2010, sp\u00e9cialis\u00e9 dans l\u2019actualit\u00e9 nationale et internationale, l\u2019\u00e9conomie, la soci\u00e9t\u00e9 et les analyses politiques. Le site s\u2019adresse \u00e0 un large public francophone et couvre l\u2019information tunisienne en temps r\u00e9el.\",\"email\":\"redac@webdo.tn\",\"legalName\":\"YNJ SARL\",\"foundingDate\":\"2010-09-06\",\"numberOfEmployees\":{\"@type\":\"QuantitativeValue\",\"minValue\":\"11\",\"maxValue\":\"50\"}},{\"@type\":\"Person\",\"@id\":\"https:\\\/\\\/www.webdo.tn\\\/fr\\\/#\\\/schema\\\/person\\\/2c4929cbf5a809e3bd38617c6ce150f6\",\"name\":\"MC\",\"image\":{\"@type\":\"ImageObject\",\"inLanguage\":\"fr-FR\",\"@id\":\"https:\\\/\\\/secure.gravatar.com\\\/avatar\\\/a545bbb6f84efdd5553dbbc2895e3ca8f1d12c5215e00a041c9670b54aa9b18a?s=96&d=mm&r=g\",\"url\":\"https:\\\/\\\/secure.gravatar.com\\\/avatar\\\/a545bbb6f84efdd5553dbbc2895e3ca8f1d12c5215e00a041c9670b54aa9b18a?s=96&d=mm&r=g\",\"contentUrl\":\"https:\\\/\\\/secure.gravatar.com\\\/avatar\\\/a545bbb6f84efdd5553dbbc2895e3ca8f1d12c5215e00a041c9670b54aa9b18a?s=96&d=mm&r=g\",\"caption\":\"MC\"},\"url\":\"https:\\\/\\\/www.webdo.tn\\\/fr\\\/actualite\\\/author\\\/mc\\\/\"}]}<\/script>\n<!-- \/ Yoast SEO Premium plugin. -->","yoast_head_json":{"title":"Tunisie : Le lutteur Amine Kenichi qualifi\u00e9 aux JO 2024","description":"Mohamed Amine Kenichi, cat\u00e9gorie des 130 kg, a valid\u00e9, aujourd\u2019hui \u00e0 Alexandrie, en Egypte, sa qualification pour les JO en lutte romaine apr\u00e8s avoir remport\u00e9 l...","canonical":"https:\/\/www.webdo.tn\/fr\/actualite\/sport\/tunisie-le-lutteur-mohamed-amine-kenichi-qualifie-aux-jo-2024\/213120\/","og_locale":"fr_FR","og_type":"article","og_title":"Tunisie : Le lutteur Amine Kenichi qualifi\u00e9 aux JO 2024","og_description":"Mohamed Amine Kenichi, cat\u00e9gorie des 130 kg, a valid\u00e9, aujourd\u2019hui \u00e0 Alexandrie, en Egypte, sa qualification pour les JO en lutte romaine apr\u00e8s avoir remport\u00e9 l...","og_url":"https:\/\/www.webdo.tn\/fr\/actualite\/sport\/tunisie-le-lutteur-mohamed-amine-kenichi-qualifie-aux-jo-2024\/213120\/","og_site_name":"webdo","article_publisher":"https:\/\/www.facebook.com\/webdotn","article_published_time":"2024-03-22T13:47:00+00:00","article_modified_time":"2025-05-20T21:52:00+00:00","og_image":[{"width":750,"height":400,"url":"https:\/\/www.webdo.tn\/fr\/wp-content\/uploads\/2024\/03\/14650f4517c4cba7cccc9ad2b6b8757c.jpg","type":"image\/jpeg"}],"author":"MC","twitter_card":"summary_large_image","twitter_creator":"@webdo_tn","twitter_site":"@webdo_tn","twitter_misc":{"\u00c9crit par":"MC"},"schema":{"@context":"https:\/\/schema.org","@graph":[{"@type":"NewsArticle","@id":"https:\/\/www.webdo.tn\/fr\/actualite\/sport\/tunisie-le-lutteur-mohamed-amine-kenichi-qualifie-aux-jo-2024\/213120\/#article","isPartOf":{"@id":"https:\/\/www.webdo.tn\/fr\/actualite\/sport\/tunisie-le-lutteur-mohamed-amine-kenichi-qualifie-aux-jo-2024\/213120\/"},"author":{"name":"MC","@id":"https:\/\/www.webdo.tn\/fr\/#\/schema\/person\/2c4929cbf5a809e3bd38617c6ce150f6"},"headline":"Tunisie : Le lutteur Amine Kenichi qualifi\u00e9 aux JO 2024","datePublished":"2024-03-22T13:47:00+00:00","dateModified":"2025-05-20T21:52:00+00:00","mainEntityOfPage":{"@id":"https:\/\/www.webdo.tn\/fr\/actualite\/sport\/tunisie-le-lutteur-mohamed-amine-kenichi-qualifie-aux-jo-2024\/213120\/"},"wordCount":60,"commentCount":0,"publisher":{"@id":"https:\/\/www.webdo.tn\/fr\/#organization"},"image":{"@id":"https:\/\/www.webdo.tn\/fr\/actualite\/sport\/tunisie-le-lutteur-mohamed-amine-kenichi-qualifie-aux-jo-2024\/213120\/#primaryimage"},"thumbnailUrl":"https:\/\/www.webdo.tn\/fr\/wp-content\/uploads\/2024\/03\/14650f4517c4cba7cccc9ad2b6b8757c.jpg","keywords":["jeux olympiques","JO","lutte","Mohamed Amine Kenichi","Paris 2024","Tunisie"],"articleSection":["Sport"],"inLanguage":"fr-FR"},{"@type":"WebPage","@id":"https:\/\/www.webdo.tn\/fr\/actualite\/sport\/tunisie-le-lutteur-mohamed-amine-kenichi-qualifie-aux-jo-2024\/213120\/","url":"https:\/\/www.webdo.tn\/fr\/actualite\/sport\/tunisie-le-lutteur-mohamed-amine-kenichi-qualifie-aux-jo-2024\/213120\/","name":"Tunisie : Le lutteur Amine Kenichi qualifi\u00e9 aux JO 2024","isPartOf":{"@id":"https:\/\/www.webdo.tn\/fr\/#website"},"primaryImageOfPage":{"@id":"https:\/\/www.webdo.tn\/fr\/actualite\/sport\/tunisie-le-lutteur-mohamed-amine-kenichi-qualifie-aux-jo-2024\/213120\/#primaryimage"},"image":{"@id":"https:\/\/www.webdo.tn\/fr\/actualite\/sport\/tunisie-le-lutteur-mohamed-amine-kenichi-qualifie-aux-jo-2024\/213120\/#primaryimage"},"thumbnailUrl":"https:\/\/www.webdo.tn\/fr\/wp-content\/uploads\/2024\/03\/14650f4517c4cba7cccc9ad2b6b8757c.jpg","datePublished":"2024-03-22T13:47:00+00:00","dateModified":"2025-05-20T21:52:00+00:00","description":"Mohamed Amine Kenichi, cat\u00e9gorie des 130 kg, a valid\u00e9, aujourd\u2019hui \u00e0 Alexandrie, en Egypte, sa qualification pour les JO en lutte romaine apr\u00e8s avoir remport\u00e9 l...","breadcrumb":{"@id":"https:\/\/www.webdo.tn\/fr\/actualite\/sport\/tunisie-le-lutteur-mohamed-amine-kenichi-qualifie-aux-jo-2024\/213120\/#breadcrumb"},"inLanguage":"fr-FR","potentialAction":[{"@type":"ReadAction","target":["https:\/\/www.webdo.tn\/fr\/actualite\/sport\/tunisie-le-lutteur-mohamed-amine-kenichi-qualifie-aux-jo-2024\/213120\/"]}]},{"@type":"ImageObject","inLanguage":"fr-FR","@id":"https:\/\/www.webdo.tn\/fr\/actualite\/sport\/tunisie-le-lutteur-mohamed-amine-kenichi-qualifie-aux-jo-2024\/213120\/#primaryimage","url":"https:\/\/www.webdo.tn\/fr\/wp-content\/uploads\/2024\/03\/14650f4517c4cba7cccc9ad2b6b8757c.jpg","contentUrl":"https:\/\/www.webdo.tn\/fr\/wp-content\/uploads\/2024\/03\/14650f4517c4cba7cccc9ad2b6b8757c.jpg","width":750,"height":400,"caption":"Tunisie : Le lutteur Amine Kenichi qualifi\u00e9 aux JO 2024"},{"@type":"BreadcrumbList","@id":"https:\/\/www.webdo.tn\/fr\/actualite\/sport\/tunisie-le-lutteur-mohamed-amine-kenichi-qualifie-aux-jo-2024\/213120\/#breadcrumb","itemListElement":[{"@type":"ListItem","position":1,"name":"Accueil","item":"https:\/\/www.webdo.tn\/fr\/"},{"@type":"ListItem","position":2,"name":"Tunisie : Le lutteur Amine Kenichi qualifi\u00e9 aux JO 2024"}]},{"@type":"WebSite","@id":"https:\/\/www.webdo.tn\/fr\/#website","url":"https:\/\/www.webdo.tn\/fr\/","name":"webdo","description":"Tunisie - News en Tunisie et \u00e0 l&#039;international sur Webdo.tn","publisher":{"@id":"https:\/\/www.webdo.tn\/fr\/#organization"},"potentialAction":[{"@type":"SearchAction","target":{"@type":"EntryPoint","urlTemplate":"https:\/\/www.webdo.tn\/fr\/?s={search_term_string}"},"query-input":{"@type":"PropertyValueSpecification","valueRequired":true,"valueName":"search_term_string"}}],"inLanguage":"fr-FR"},{"@type":"Organization","@id":"https:\/\/www.webdo.tn\/fr\/#organization","name":"Webdo","alternateName":"Webdo.tn","url":"https:\/\/www.webdo.tn\/fr\/","logo":{"@type":"ImageObject","inLanguage":"fr-FR","@id":"https:\/\/www.webdo.tn\/fr\/#\/schema\/logo\/image\/","url":"https:\/\/www.webdo.tn\/fr\/wp-content\/uploads\/2025\/06\/Webdo-Tunisie_168377.jpg","contentUrl":"https:\/\/www.webdo.tn\/fr\/wp-content\/uploads\/2025\/06\/Webdo-Tunisie_168377.jpg","width":301,"height":301,"caption":"Webdo"},"image":{"@id":"https:\/\/www.webdo.tn\/fr\/#\/schema\/logo\/image\/"},"sameAs":["https:\/\/www.facebook.com\/webdotn","https:\/\/x.com\/webdo_tn"],"description":"Webdo est un m\u00e9dia num\u00e9rique tunisien fond\u00e9 en 2010, sp\u00e9cialis\u00e9 dans l\u2019actualit\u00e9 nationale et internationale, l\u2019\u00e9conomie, la soci\u00e9t\u00e9 et les analyses politiques. Le site s\u2019adresse \u00e0 un large public francophone et couvre l\u2019information tunisienne en temps r\u00e9el.","email":"redac@webdo.tn","legalName":"YNJ SARL","foundingDate":"2010-09-06","numberOfEmployees":{"@type":"QuantitativeValue","minValue":"11","maxValue":"50"}},{"@type":"Person","@id":"https:\/\/www.webdo.tn\/fr\/#\/schema\/person\/2c4929cbf5a809e3bd38617c6ce150f6","name":"MC","image":{"@type":"ImageObject","inLanguage":"fr-FR","@id":"https:\/\/secure.gravatar.com\/avatar\/a545bbb6f84efdd5553dbbc2895e3ca8f1d12c5215e00a041c9670b54aa9b18a?s=96&d=mm&r=g","url":"https:\/\/secure.gravatar.com\/avatar\/a545bbb6f84efdd5553dbbc2895e3ca8f1d12c5215e00a041c9670b54aa9b18a?s=96&d=mm&r=g","contentUrl":"https:\/\/secure.gravatar.com\/avatar\/a545bbb6f84efdd5553dbbc2895e3ca8f1d12c5215e00a041c9670b54aa9b18a?s=96&d=mm&r=g","caption":"MC"},"url":"https:\/\/www.webdo.tn\/fr\/actualite\/author\/mc\/"}]}},"_links":{"self":[{"href":"https:\/\/www.webdo.tn\/fr\/wp-json\/wp\/v2\/posts\/213120","targetHints":{"allow":["GET"]}}],"collection":[{"href":"https:\/\/www.webdo.tn\/fr\/wp-json\/wp\/v2\/posts"}],"about":[{"href":"https:\/\/www.webdo.tn\/fr\/wp-json\/wp\/v2\/types\/post"}],"author":[{"embeddable":true,"href":"https:\/\/www.webdo.tn\/fr\/wp-json\/wp\/v2\/users\/3162"}],"replies":[{"embeddable":true,"href":"https:\/\/www.webdo.tn\/fr\/wp-json\/wp\/v2\/comments?post=213120"}],"version-history":[{"count":0,"href":"https:\/\/www.webdo.tn\/fr\/wp-json\/wp\/v2\/posts\/213120\/revisions"}],"wp:featuredmedia":[{"embeddable":true,"href":"https:\/\/www.webdo.tn\/fr\/wp-json\/wp\/v2\/media\/247734"}],"wp:attachment":[{"href":"https:\/\/www.webdo.tn\/fr\/wp-json\/wp\/v2\/media?parent=213120"}],"wp:term":[{"taxonomy":"category","embeddable":true,"href":"https:\/\/www.webdo.tn\/fr\/wp-json\/wp\/v2\/categories?post=213120"},{"taxonomy":"post_tag","embeddable":true,"href":"https:\/\/www.webdo.tn\/fr\/wp-json\/wp\/v2\/tags?post=213120"}],"curies":[{"name":"wp","href":"https:\/\/api.w.org\/{rel}","templated":true}]}}