{"id":213100,"date":"2024-03-22T08:51:00","date_gmt":"2024-03-22T08:51:00","guid":{"rendered":"https:\/\/www.webdo.tn\/fr\/blog\/moez-echargui-remporte-les-jeux-africains-et-se-qualifie-aux-jeux-olympiques\/213100\/"},"modified":"2025-05-20T22:12:29","modified_gmt":"2025-05-20T22:12:29","slug":"moez-echargui-remporte-les-jeux-africains-et-se-qualifie-aux-jeux-olympiques","status":"publish","type":"post","link":"https:\/\/www.webdo.tn\/fr\/actualite\/sport\/moez-echargui-remporte-les-jeux-africains-et-se-qualifie-aux-jeux-olympiques\/213100\/","title":{"rendered":"Moez Echargui remporte les Jeux Africains et se qualifie aux Jeux Olympiques"},"content":{"rendered":"<p>Coup double pour Moez Echargui, qui vient de remporter les Jeux Africains et de valider son billet pour les prochains Jeux Olympiques de Paris.<\/p>\n<p>\t\t\t\t\t\t\t\t\tLe Tunisien Moez Echargui, 318e au classement ATP, a remport\u00e9 les Jeux Africains \u00e0 Accra au Ghana, en battant, hier, en finale du tournoi le Zimbabw\u00e9en Benjamin Lock, 355e ATP en trois sets (7-6\/3-6 et 6-2).<\/p>\n<p>Moez Echargui se qualifie, au passage aux Jeux Olympiques de Paris 2024.<\/p>\n","protected":false},"excerpt":{"rendered":"<p>Moez Echargui se qualifie, au passage aux Jeux Olympiques de Paris 2024.<\/p>\n","protected":false},"author":3162,"featured_media":290372,"comment_status":"open","ping_status":"closed","sticky":false,"template":"","format":"standard","meta":{"footnotes":""},"categories":[2593],"tags":[10063,8281,5881,5540,5778,2605],"class_list":["post-213100","post","type-post","status-publish","format-standard","has-post-thumbnail","hentry","category-sport","tag-moez-echargui","tag-jeux-africains","tag-jeux-olympiques","tag-medaille-dor","tag-paris-2024","tag-tennis"],"yoast_head":"<!-- This site is optimized with the Yoast SEO Premium plugin v27.4 (Yoast SEO v27.5) - https:\/\/yoast.com\/product\/yoast-seo-premium-wordpress\/ -->\n<title>Moez Echargui remporte les Jeux Africains et se qualifie aux Jeux Olympiques<\/title>\n<meta name=\"description\" content=\"Moez Echargui se qualifie, au passage aux Jeux Olympiques de Paris 2024.\" \/>\n<link rel=\"canonical\" href=\"https:\/\/www.webdo.tn\/fr\/actualite\/sport\/moez-echargui-remporte-les-jeux-africains-et-se-qualifie-aux-jeux-olympiques\/213100\/\" \/>\n<meta property=\"og:locale\" content=\"fr_FR\" \/>\n<meta property=\"og:type\" content=\"article\" \/>\n<meta property=\"og:title\" content=\"Moez Echargui remporte les Jeux Africains et se qualifie aux Jeux Olympiques\" \/>\n<meta property=\"og:description\" content=\"Moez Echargui se qualifie, au passage aux Jeux Olympiques de Paris 2024.\" \/>\n<meta property=\"og:url\" content=\"https:\/\/www.webdo.tn\/fr\/actualite\/sport\/moez-echargui-remporte-les-jeux-africains-et-se-qualifie-aux-jeux-olympiques\/213100\/\" \/>\n<meta property=\"og:site_name\" content=\"webdo\" \/>\n<meta property=\"article:publisher\" content=\"https:\/\/www.facebook.com\/webdotn\" \/>\n<meta property=\"article:published_time\" content=\"2024-03-22T08:51:00+00:00\" \/>\n<meta property=\"article:modified_time\" content=\"2025-05-20T22:12:29+00:00\" \/>\n<meta property=\"og:image\" content=\"https:\/\/www.webdo.tn\/fr\/wp-content\/uploads\/2024\/03\/55f07b2146a657387abe35a2a19a4c73.jpg\" \/>\n\t<meta property=\"og:image:width\" content=\"750\" \/>\n\t<meta property=\"og:image:height\" content=\"400\" \/>\n\t<meta property=\"og:image:type\" content=\"image\/jpeg\" \/>\n<meta name=\"author\" content=\"MC\" \/>\n<meta name=\"twitter:card\" content=\"summary_large_image\" \/>\n<meta name=\"twitter:creator\" content=\"@webdo_tn\" \/>\n<meta name=\"twitter:site\" content=\"@webdo_tn\" \/>\n<meta name=\"twitter:label1\" content=\"\u00c9crit par\" \/>\n\t<meta name=\"twitter:data1\" content=\"MC\" \/>\n<script type=\"application\/ld+json\" class=\"yoast-schema-graph\">{\"@context\":\"https:\\\/\\\/schema.org\",\"@graph\":[{\"@type\":\"NewsArticle\",\"@id\":\"https:\\\/\\\/www.webdo.tn\\\/fr\\\/actualite\\\/sport\\\/moez-echargui-remporte-les-jeux-africains-et-se-qualifie-aux-jeux-olympiques\\\/213100\\\/#article\",\"isPartOf\":{\"@id\":\"https:\\\/\\\/www.webdo.tn\\\/fr\\\/actualite\\\/sport\\\/moez-echargui-remporte-les-jeux-africains-et-se-qualifie-aux-jeux-olympiques\\\/213100\\\/\"},\"author\":{\"name\":\"MC\",\"@id\":\"https:\\\/\\\/www.webdo.tn\\\/fr\\\/#\\\/schema\\\/person\\\/2c4929cbf5a809e3bd38617c6ce150f6\"},\"headline\":\"Moez Echargui remporte les Jeux Africains et se qualifie aux Jeux Olympiques\",\"datePublished\":\"2024-03-22T08:51:00+00:00\",\"dateModified\":\"2025-05-20T22:12:29+00:00\",\"mainEntityOfPage\":{\"@id\":\"https:\\\/\\\/www.webdo.tn\\\/fr\\\/actualite\\\/sport\\\/moez-echargui-remporte-les-jeux-africains-et-se-qualifie-aux-jeux-olympiques\\\/213100\\\/\"},\"wordCount\":84,\"commentCount\":0,\"publisher\":{\"@id\":\"https:\\\/\\\/www.webdo.tn\\\/fr\\\/#organization\"},\"image\":{\"@id\":\"https:\\\/\\\/www.webdo.tn\\\/fr\\\/actualite\\\/sport\\\/moez-echargui-remporte-les-jeux-africains-et-se-qualifie-aux-jeux-olympiques\\\/213100\\\/#primaryimage\"},\"thumbnailUrl\":\"https:\\\/\\\/www.webdo.tn\\\/fr\\\/wp-content\\\/uploads\\\/2024\\\/03\\\/55f07b2146a657387abe35a2a19a4c73.jpg\",\"keywords\":[\"'moez echargui']\",\"jeux africains\",\"jeux olympiques\",\"m\u00e9daille d'or\",\"Paris 2024\",\"tennis\"],\"articleSection\":[\"Sport\"],\"inLanguage\":\"fr-FR\"},{\"@type\":\"WebPage\",\"@id\":\"https:\\\/\\\/www.webdo.tn\\\/fr\\\/actualite\\\/sport\\\/moez-echargui-remporte-les-jeux-africains-et-se-qualifie-aux-jeux-olympiques\\\/213100\\\/\",\"url\":\"https:\\\/\\\/www.webdo.tn\\\/fr\\\/actualite\\\/sport\\\/moez-echargui-remporte-les-jeux-africains-et-se-qualifie-aux-jeux-olympiques\\\/213100\\\/\",\"name\":\"Moez Echargui remporte les Jeux Africains et se qualifie aux Jeux Olympiques\",\"isPartOf\":{\"@id\":\"https:\\\/\\\/www.webdo.tn\\\/fr\\\/#website\"},\"primaryImageOfPage\":{\"@id\":\"https:\\\/\\\/www.webdo.tn\\\/fr\\\/actualite\\\/sport\\\/moez-echargui-remporte-les-jeux-africains-et-se-qualifie-aux-jeux-olympiques\\\/213100\\\/#primaryimage\"},\"image\":{\"@id\":\"https:\\\/\\\/www.webdo.tn\\\/fr\\\/actualite\\\/sport\\\/moez-echargui-remporte-les-jeux-africains-et-se-qualifie-aux-jeux-olympiques\\\/213100\\\/#primaryimage\"},\"thumbnailUrl\":\"https:\\\/\\\/www.webdo.tn\\\/fr\\\/wp-content\\\/uploads\\\/2024\\\/03\\\/55f07b2146a657387abe35a2a19a4c73.jpg\",\"datePublished\":\"2024-03-22T08:51:00+00:00\",\"dateModified\":\"2025-05-20T22:12:29+00:00\",\"description\":\"Moez Echargui se qualifie, au passage aux Jeux Olympiques de Paris 2024.\",\"breadcrumb\":{\"@id\":\"https:\\\/\\\/www.webdo.tn\\\/fr\\\/actualite\\\/sport\\\/moez-echargui-remporte-les-jeux-africains-et-se-qualifie-aux-jeux-olympiques\\\/213100\\\/#breadcrumb\"},\"inLanguage\":\"fr-FR\",\"potentialAction\":[{\"@type\":\"ReadAction\",\"target\":[\"https:\\\/\\\/www.webdo.tn\\\/fr\\\/actualite\\\/sport\\\/moez-echargui-remporte-les-jeux-africains-et-se-qualifie-aux-jeux-olympiques\\\/213100\\\/\"]}]},{\"@type\":\"ImageObject\",\"inLanguage\":\"fr-FR\",\"@id\":\"https:\\\/\\\/www.webdo.tn\\\/fr\\\/actualite\\\/sport\\\/moez-echargui-remporte-les-jeux-africains-et-se-qualifie-aux-jeux-olympiques\\\/213100\\\/#primaryimage\",\"url\":\"https:\\\/\\\/www.webdo.tn\\\/fr\\\/wp-content\\\/uploads\\\/2024\\\/03\\\/55f07b2146a657387abe35a2a19a4c73.jpg\",\"contentUrl\":\"https:\\\/\\\/www.webdo.tn\\\/fr\\\/wp-content\\\/uploads\\\/2024\\\/03\\\/55f07b2146a657387abe35a2a19a4c73.jpg\",\"width\":750,\"height\":400,\"caption\":\"Moez Echargui remporte les Jeux Africains et se qualifie aux Jeux Olympiques\"},{\"@type\":\"BreadcrumbList\",\"@id\":\"https:\\\/\\\/www.webdo.tn\\\/fr\\\/actualite\\\/sport\\\/moez-echargui-remporte-les-jeux-africains-et-se-qualifie-aux-jeux-olympiques\\\/213100\\\/#breadcrumb\",\"itemListElement\":[{\"@type\":\"ListItem\",\"position\":1,\"name\":\"Accueil\",\"item\":\"https:\\\/\\\/www.webdo.tn\\\/fr\\\/\"},{\"@type\":\"ListItem\",\"position\":2,\"name\":\"Moez Echargui remporte les Jeux Africains et se qualifie aux Jeux Olympiques\"}]},{\"@type\":\"WebSite\",\"@id\":\"https:\\\/\\\/www.webdo.tn\\\/fr\\\/#website\",\"url\":\"https:\\\/\\\/www.webdo.tn\\\/fr\\\/\",\"name\":\"webdo\",\"description\":\"Tunisie - News en Tunisie et \u00e0 l&#039;international sur Webdo.tn\",\"publisher\":{\"@id\":\"https:\\\/\\\/www.webdo.tn\\\/fr\\\/#organization\"},\"potentialAction\":[{\"@type\":\"SearchAction\",\"target\":{\"@type\":\"EntryPoint\",\"urlTemplate\":\"https:\\\/\\\/www.webdo.tn\\\/fr\\\/?s={search_term_string}\"},\"query-input\":{\"@type\":\"PropertyValueSpecification\",\"valueRequired\":true,\"valueName\":\"search_term_string\"}}],\"inLanguage\":\"fr-FR\"},{\"@type\":\"Organization\",\"@id\":\"https:\\\/\\\/www.webdo.tn\\\/fr\\\/#organization\",\"name\":\"Webdo\",\"alternateName\":\"Webdo.tn\",\"url\":\"https:\\\/\\\/www.webdo.tn\\\/fr\\\/\",\"logo\":{\"@type\":\"ImageObject\",\"inLanguage\":\"fr-FR\",\"@id\":\"https:\\\/\\\/www.webdo.tn\\\/fr\\\/#\\\/schema\\\/logo\\\/image\\\/\",\"url\":\"https:\\\/\\\/www.webdo.tn\\\/fr\\\/wp-content\\\/uploads\\\/2025\\\/06\\\/Webdo-Tunisie_168377.jpg\",\"contentUrl\":\"https:\\\/\\\/www.webdo.tn\\\/fr\\\/wp-content\\\/uploads\\\/2025\\\/06\\\/Webdo-Tunisie_168377.jpg\",\"width\":301,\"height\":301,\"caption\":\"Webdo\"},\"image\":{\"@id\":\"https:\\\/\\\/www.webdo.tn\\\/fr\\\/#\\\/schema\\\/logo\\\/image\\\/\"},\"sameAs\":[\"https:\\\/\\\/www.facebook.com\\\/webdotn\",\"https:\\\/\\\/x.com\\\/webdo_tn\"],\"description\":\"Webdo est un m\u00e9dia num\u00e9rique tunisien fond\u00e9 en 2010, sp\u00e9cialis\u00e9 dans l\u2019actualit\u00e9 nationale et internationale, l\u2019\u00e9conomie, la soci\u00e9t\u00e9 et les analyses politiques. Le site s\u2019adresse \u00e0 un large public francophone et couvre l\u2019information tunisienne en temps r\u00e9el.\",\"email\":\"redac@webdo.tn\",\"legalName\":\"YNJ SARL\",\"foundingDate\":\"2010-09-06\",\"numberOfEmployees\":{\"@type\":\"QuantitativeValue\",\"minValue\":\"11\",\"maxValue\":\"50\"}},{\"@type\":\"Person\",\"@id\":\"https:\\\/\\\/www.webdo.tn\\\/fr\\\/#\\\/schema\\\/person\\\/2c4929cbf5a809e3bd38617c6ce150f6\",\"name\":\"MC\",\"image\":{\"@type\":\"ImageObject\",\"inLanguage\":\"fr-FR\",\"@id\":\"https:\\\/\\\/secure.gravatar.com\\\/avatar\\\/a545bbb6f84efdd5553dbbc2895e3ca8f1d12c5215e00a041c9670b54aa9b18a?s=96&d=mm&r=g\",\"url\":\"https:\\\/\\\/secure.gravatar.com\\\/avatar\\\/a545bbb6f84efdd5553dbbc2895e3ca8f1d12c5215e00a041c9670b54aa9b18a?s=96&d=mm&r=g\",\"contentUrl\":\"https:\\\/\\\/secure.gravatar.com\\\/avatar\\\/a545bbb6f84efdd5553dbbc2895e3ca8f1d12c5215e00a041c9670b54aa9b18a?s=96&d=mm&r=g\",\"caption\":\"MC\"},\"url\":\"https:\\\/\\\/www.webdo.tn\\\/fr\\\/actualite\\\/author\\\/mc\\\/\"}]}<\/script>\n<!-- \/ Yoast SEO Premium plugin. -->","yoast_head_json":{"title":"Moez Echargui remporte les Jeux Africains et se qualifie aux Jeux Olympiques","description":"Moez Echargui se qualifie, au passage aux Jeux Olympiques de Paris 2024.","canonical":"https:\/\/www.webdo.tn\/fr\/actualite\/sport\/moez-echargui-remporte-les-jeux-africains-et-se-qualifie-aux-jeux-olympiques\/213100\/","og_locale":"fr_FR","og_type":"article","og_title":"Moez Echargui remporte les Jeux Africains et se qualifie aux Jeux Olympiques","og_description":"Moez Echargui se qualifie, au passage aux Jeux Olympiques de Paris 2024.","og_url":"https:\/\/www.webdo.tn\/fr\/actualite\/sport\/moez-echargui-remporte-les-jeux-africains-et-se-qualifie-aux-jeux-olympiques\/213100\/","og_site_name":"webdo","article_publisher":"https:\/\/www.facebook.com\/webdotn","article_published_time":"2024-03-22T08:51:00+00:00","article_modified_time":"2025-05-20T22:12:29+00:00","og_image":[{"width":750,"height":400,"url":"https:\/\/www.webdo.tn\/fr\/wp-content\/uploads\/2024\/03\/55f07b2146a657387abe35a2a19a4c73.jpg","type":"image\/jpeg"}],"author":"MC","twitter_card":"summary_large_image","twitter_creator":"@webdo_tn","twitter_site":"@webdo_tn","twitter_misc":{"\u00c9crit par":"MC"},"schema":{"@context":"https:\/\/schema.org","@graph":[{"@type":"NewsArticle","@id":"https:\/\/www.webdo.tn\/fr\/actualite\/sport\/moez-echargui-remporte-les-jeux-africains-et-se-qualifie-aux-jeux-olympiques\/213100\/#article","isPartOf":{"@id":"https:\/\/www.webdo.tn\/fr\/actualite\/sport\/moez-echargui-remporte-les-jeux-africains-et-se-qualifie-aux-jeux-olympiques\/213100\/"},"author":{"name":"MC","@id":"https:\/\/www.webdo.tn\/fr\/#\/schema\/person\/2c4929cbf5a809e3bd38617c6ce150f6"},"headline":"Moez Echargui remporte les Jeux Africains et se qualifie aux Jeux Olympiques","datePublished":"2024-03-22T08:51:00+00:00","dateModified":"2025-05-20T22:12:29+00:00","mainEntityOfPage":{"@id":"https:\/\/www.webdo.tn\/fr\/actualite\/sport\/moez-echargui-remporte-les-jeux-africains-et-se-qualifie-aux-jeux-olympiques\/213100\/"},"wordCount":84,"commentCount":0,"publisher":{"@id":"https:\/\/www.webdo.tn\/fr\/#organization"},"image":{"@id":"https:\/\/www.webdo.tn\/fr\/actualite\/sport\/moez-echargui-remporte-les-jeux-africains-et-se-qualifie-aux-jeux-olympiques\/213100\/#primaryimage"},"thumbnailUrl":"https:\/\/www.webdo.tn\/fr\/wp-content\/uploads\/2024\/03\/55f07b2146a657387abe35a2a19a4c73.jpg","keywords":["'moez echargui']","jeux africains","jeux olympiques","m\u00e9daille d'or","Paris 2024","tennis"],"articleSection":["Sport"],"inLanguage":"fr-FR"},{"@type":"WebPage","@id":"https:\/\/www.webdo.tn\/fr\/actualite\/sport\/moez-echargui-remporte-les-jeux-africains-et-se-qualifie-aux-jeux-olympiques\/213100\/","url":"https:\/\/www.webdo.tn\/fr\/actualite\/sport\/moez-echargui-remporte-les-jeux-africains-et-se-qualifie-aux-jeux-olympiques\/213100\/","name":"Moez Echargui remporte les Jeux Africains et se qualifie aux Jeux Olympiques","isPartOf":{"@id":"https:\/\/www.webdo.tn\/fr\/#website"},"primaryImageOfPage":{"@id":"https:\/\/www.webdo.tn\/fr\/actualite\/sport\/moez-echargui-remporte-les-jeux-africains-et-se-qualifie-aux-jeux-olympiques\/213100\/#primaryimage"},"image":{"@id":"https:\/\/www.webdo.tn\/fr\/actualite\/sport\/moez-echargui-remporte-les-jeux-africains-et-se-qualifie-aux-jeux-olympiques\/213100\/#primaryimage"},"thumbnailUrl":"https:\/\/www.webdo.tn\/fr\/wp-content\/uploads\/2024\/03\/55f07b2146a657387abe35a2a19a4c73.jpg","datePublished":"2024-03-22T08:51:00+00:00","dateModified":"2025-05-20T22:12:29+00:00","description":"Moez Echargui se qualifie, au passage aux Jeux Olympiques de Paris 2024.","breadcrumb":{"@id":"https:\/\/www.webdo.tn\/fr\/actualite\/sport\/moez-echargui-remporte-les-jeux-africains-et-se-qualifie-aux-jeux-olympiques\/213100\/#breadcrumb"},"inLanguage":"fr-FR","potentialAction":[{"@type":"ReadAction","target":["https:\/\/www.webdo.tn\/fr\/actualite\/sport\/moez-echargui-remporte-les-jeux-africains-et-se-qualifie-aux-jeux-olympiques\/213100\/"]}]},{"@type":"ImageObject","inLanguage":"fr-FR","@id":"https:\/\/www.webdo.tn\/fr\/actualite\/sport\/moez-echargui-remporte-les-jeux-africains-et-se-qualifie-aux-jeux-olympiques\/213100\/#primaryimage","url":"https:\/\/www.webdo.tn\/fr\/wp-content\/uploads\/2024\/03\/55f07b2146a657387abe35a2a19a4c73.jpg","contentUrl":"https:\/\/www.webdo.tn\/fr\/wp-content\/uploads\/2024\/03\/55f07b2146a657387abe35a2a19a4c73.jpg","width":750,"height":400,"caption":"Moez Echargui remporte les Jeux Africains et se qualifie aux Jeux Olympiques"},{"@type":"BreadcrumbList","@id":"https:\/\/www.webdo.tn\/fr\/actualite\/sport\/moez-echargui-remporte-les-jeux-africains-et-se-qualifie-aux-jeux-olympiques\/213100\/#breadcrumb","itemListElement":[{"@type":"ListItem","position":1,"name":"Accueil","item":"https:\/\/www.webdo.tn\/fr\/"},{"@type":"ListItem","position":2,"name":"Moez Echargui remporte les Jeux Africains et se qualifie aux Jeux Olympiques"}]},{"@type":"WebSite","@id":"https:\/\/www.webdo.tn\/fr\/#website","url":"https:\/\/www.webdo.tn\/fr\/","name":"webdo","description":"Tunisie - News en Tunisie et \u00e0 l&#039;international sur Webdo.tn","publisher":{"@id":"https:\/\/www.webdo.tn\/fr\/#organization"},"potentialAction":[{"@type":"SearchAction","target":{"@type":"EntryPoint","urlTemplate":"https:\/\/www.webdo.tn\/fr\/?s={search_term_string}"},"query-input":{"@type":"PropertyValueSpecification","valueRequired":true,"valueName":"search_term_string"}}],"inLanguage":"fr-FR"},{"@type":"Organization","@id":"https:\/\/www.webdo.tn\/fr\/#organization","name":"Webdo","alternateName":"Webdo.tn","url":"https:\/\/www.webdo.tn\/fr\/","logo":{"@type":"ImageObject","inLanguage":"fr-FR","@id":"https:\/\/www.webdo.tn\/fr\/#\/schema\/logo\/image\/","url":"https:\/\/www.webdo.tn\/fr\/wp-content\/uploads\/2025\/06\/Webdo-Tunisie_168377.jpg","contentUrl":"https:\/\/www.webdo.tn\/fr\/wp-content\/uploads\/2025\/06\/Webdo-Tunisie_168377.jpg","width":301,"height":301,"caption":"Webdo"},"image":{"@id":"https:\/\/www.webdo.tn\/fr\/#\/schema\/logo\/image\/"},"sameAs":["https:\/\/www.facebook.com\/webdotn","https:\/\/x.com\/webdo_tn"],"description":"Webdo est un m\u00e9dia num\u00e9rique tunisien fond\u00e9 en 2010, sp\u00e9cialis\u00e9 dans l\u2019actualit\u00e9 nationale et internationale, l\u2019\u00e9conomie, la soci\u00e9t\u00e9 et les analyses politiques. Le site s\u2019adresse \u00e0 un large public francophone et couvre l\u2019information tunisienne en temps r\u00e9el.","email":"redac@webdo.tn","legalName":"YNJ SARL","foundingDate":"2010-09-06","numberOfEmployees":{"@type":"QuantitativeValue","minValue":"11","maxValue":"50"}},{"@type":"Person","@id":"https:\/\/www.webdo.tn\/fr\/#\/schema\/person\/2c4929cbf5a809e3bd38617c6ce150f6","name":"MC","image":{"@type":"ImageObject","inLanguage":"fr-FR","@id":"https:\/\/secure.gravatar.com\/avatar\/a545bbb6f84efdd5553dbbc2895e3ca8f1d12c5215e00a041c9670b54aa9b18a?s=96&d=mm&r=g","url":"https:\/\/secure.gravatar.com\/avatar\/a545bbb6f84efdd5553dbbc2895e3ca8f1d12c5215e00a041c9670b54aa9b18a?s=96&d=mm&r=g","contentUrl":"https:\/\/secure.gravatar.com\/avatar\/a545bbb6f84efdd5553dbbc2895e3ca8f1d12c5215e00a041c9670b54aa9b18a?s=96&d=mm&r=g","caption":"MC"},"url":"https:\/\/www.webdo.tn\/fr\/actualite\/author\/mc\/"}]}},"_links":{"self":[{"href":"https:\/\/www.webdo.tn\/fr\/wp-json\/wp\/v2\/posts\/213100","targetHints":{"allow":["GET"]}}],"collection":[{"href":"https:\/\/www.webdo.tn\/fr\/wp-json\/wp\/v2\/posts"}],"about":[{"href":"https:\/\/www.webdo.tn\/fr\/wp-json\/wp\/v2\/types\/post"}],"author":[{"embeddable":true,"href":"https:\/\/www.webdo.tn\/fr\/wp-json\/wp\/v2\/users\/3162"}],"replies":[{"embeddable":true,"href":"https:\/\/www.webdo.tn\/fr\/wp-json\/wp\/v2\/comments?post=213100"}],"version-history":[{"count":0,"href":"https:\/\/www.webdo.tn\/fr\/wp-json\/wp\/v2\/posts\/213100\/revisions"}],"wp:featuredmedia":[{"embeddable":true,"href":"https:\/\/www.webdo.tn\/fr\/wp-json\/wp\/v2\/media\/290372"}],"wp:attachment":[{"href":"https:\/\/www.webdo.tn\/fr\/wp-json\/wp\/v2\/media?parent=213100"}],"wp:term":[{"taxonomy":"category","embeddable":true,"href":"https:\/\/www.webdo.tn\/fr\/wp-json\/wp\/v2\/categories?post=213100"},{"taxonomy":"post_tag","embeddable":true,"href":"https:\/\/www.webdo.tn\/fr\/wp-json\/wp\/v2\/tags?post=213100"}],"curies":[{"name":"wp","href":"https:\/\/api.w.org\/{rel}","templated":true}]}}