{"id":213078,"date":"2024-03-21T09:24:00","date_gmt":"2024-03-21T09:24:00","guid":{"rendered":"https:\/\/www.webdo.tn\/fr\/blog\/tunisie-22-md-de-recettes-d-exportations-pour-les-agrumes\/213078\/"},"modified":"2025-05-20T21:52:01","modified_gmt":"2025-05-20T21:52:01","slug":"tunisie-22-md-de-recettes-d-exportations-pour-les-agrumes","status":"publish","type":"post","link":"https:\/\/www.webdo.tn\/fr\/actualite\/national\/tunisie-22-md-de-recettes-d-exportations-pour-les-agrumes\/213078\/","title":{"rendered":"Tunisie : 22 MD de recettes d\u2019exportations pour les agrumes"},"content":{"rendered":"<p>Les exportations d\u2019agrumes sont en baisse mais la valeur des exportations est en hausse.<\/p>\n<p>\t\t\t\t\t\t\t\t\tEntre le 10 octobre 2023 et le 11 mars 2024, la Tunisie a export\u00e9 5738 tonnes d\u2019agrumes, enregistrant ainsi une baisse de 10% sur les quantit\u00e9s export\u00e9es qui \u00e9taient de 6377 tonnes en 2023.<\/p>\n<p>Toutefois, la valeur des exportations des agrumes a atteint 22 millions de dinars, enregistrant une hausse de 2,8%, indique l\u2019Observatoire National de l\u2019Agriculture (Onagri) dans sa note mensuelle.<\/p>\n<p>Selon l\u2019Onagri, l\u2019orange maltaise demeure l\u2019agrume le plus pris\u00e9 sur les march\u00e9s internationaux, avec environ 5448 tonnes export\u00e9es, repr\u00e9sentant ainsi 95 % des quantit\u00e9s d\u2019agrumes export\u00e9es.<\/p>\n<p>C\u2019est la France, qui reste la principale destination des agrumes tunisiens, avec 5547 tonnes export\u00e9es (97%), suivie de la Libye (64 tonnes) et le Qatar (59 tonnes).<\/p>\n<p>Mais c\u2019est \u00e9galement la France qui, depuis deux ans, refuse certaines quantit\u00e9s d\u2019oranges tunisiennes notamment en raison des pesticides.<\/p>\n<p>En 2023, plus de 40 tonnes d\u2019oranges maltaises tunisiennes avaient \u00e9t\u00e9 refus\u00e9es en France et retir\u00e9es du march\u00e9 \u00e0 cause d\u2019un taux \u00e9lev\u00e9 de r\u00e9sidus de pesticides que pr\u00e9sentait le produit en question.<\/p>\n<p>En Tunisie, l\u2019Union r\u00e9gional de l\u2019Agriculture \u00e0 Nabeul avait reconnu que ces quantit\u00e9s avaient \u00e9t\u00e9 refus\u00e9es \u00e0 cause de la maladie des t\u00e2ches noires des agrumes ou Citrus Black Spot (CBS) qui est caus\u00e9 par le champignon Phyllosticta citricarpa.<\/p>\n<p>L\u2019histoire s\u2019est r\u00e9p\u00e9t\u00e9e en f\u00e9vrier dernier lorsque\u00a0 des oranges maltaises tunisiennes, vendues dans les supermarch\u00e9s Leclerc en France ont fait l\u2019objet d\u2019un rappel massif parce qu\u2019elles contiendraient des pesticides au-del\u00e0 du seuil r\u00e9glementaire.<\/p>\n","protected":false},"excerpt":{"rendered":"<p>La valeur des exportations des agrumes a atteint 22 millions de dinars, enregistrant une hausse de 2,8%.<\/p>\n","protected":false},"author":3162,"featured_media":247740,"comment_status":"open","ping_status":"closed","sticky":false,"template":"","format":"standard","meta":{"footnotes":""},"categories":[44],"tags":[3020,2998,6814,6813,2608],"class_list":["post-213078","post","type-post","status-publish","format-standard","has-post-thumbnail","hentry","category-national","tag-exportations","tag-france","tag-maltaises","tag-oranges","tag-tunisie"],"yoast_head":"<!-- This site is optimized with the Yoast SEO Premium plugin v27.5 (Yoast SEO v27.5) - https:\/\/yoast.com\/product\/yoast-seo-premium-wordpress\/ -->\n<title>Tunisie : 22 MD de recettes d\u2019exportations pour les agrumes<\/title>\n<meta name=\"description\" content=\"La valeur des exportations des agrumes a atteint 22 millions de dinars, enregistrant une hausse de 2,8%.\" \/>\n<link rel=\"canonical\" href=\"https:\/\/www.webdo.tn\/fr\/actualite\/national\/tunisie-22-md-de-recettes-d-exportations-pour-les-agrumes\/213078\/\" \/>\n<meta property=\"og:locale\" content=\"fr_FR\" \/>\n<meta property=\"og:type\" content=\"article\" \/>\n<meta property=\"og:title\" content=\"Tunisie : 22 MD de recettes d\u2019exportations pour les agrumes\" \/>\n<meta property=\"og:description\" content=\"La valeur des exportations des agrumes a atteint 22 millions de dinars, enregistrant une hausse de 2,8%.\" \/>\n<meta property=\"og:url\" content=\"https:\/\/www.webdo.tn\/fr\/actualite\/national\/tunisie-22-md-de-recettes-d-exportations-pour-les-agrumes\/213078\/\" \/>\n<meta property=\"og:site_name\" content=\"webdo\" \/>\n<meta property=\"article:publisher\" content=\"https:\/\/www.facebook.com\/webdotn\" \/>\n<meta property=\"article:published_time\" content=\"2024-03-21T09:24:00+00:00\" \/>\n<meta property=\"article:modified_time\" content=\"2025-05-20T21:52:01+00:00\" \/>\n<meta property=\"og:image\" content=\"https:\/\/www.webdo.tn\/fr\/wp-content\/uploads\/2024\/03\/dcd367b5642862da8d68bc3630d10247.jpg\" \/>\n\t<meta property=\"og:image:width\" content=\"750\" \/>\n\t<meta property=\"og:image:height\" content=\"400\" \/>\n\t<meta property=\"og:image:type\" content=\"image\/jpeg\" \/>\n<meta name=\"author\" content=\"MC\" \/>\n<meta name=\"twitter:card\" content=\"summary_large_image\" \/>\n<meta name=\"twitter:creator\" content=\"@webdo_tn\" \/>\n<meta name=\"twitter:site\" content=\"@webdo_tn\" \/>\n<meta name=\"twitter:label1\" content=\"\u00c9crit par\" \/>\n\t<meta name=\"twitter:data1\" content=\"MC\" \/>\n\t<meta name=\"twitter:label2\" content=\"Dur\u00e9e de lecture estim\u00e9e\" \/>\n\t<meta name=\"twitter:data2\" content=\"1 minute\" \/>\n<script type=\"application\/ld+json\" class=\"yoast-schema-graph\">{\"@context\":\"https:\\\/\\\/schema.org\",\"@graph\":[{\"@type\":\"NewsArticle\",\"@id\":\"https:\\\/\\\/www.webdo.tn\\\/fr\\\/actualite\\\/national\\\/tunisie-22-md-de-recettes-d-exportations-pour-les-agrumes\\\/213078\\\/#article\",\"isPartOf\":{\"@id\":\"https:\\\/\\\/www.webdo.tn\\\/fr\\\/actualite\\\/national\\\/tunisie-22-md-de-recettes-d-exportations-pour-les-agrumes\\\/213078\\\/\"},\"author\":{\"name\":\"MC\",\"@id\":\"https:\\\/\\\/www.webdo.tn\\\/fr\\\/#\\\/schema\\\/person\\\/2c4929cbf5a809e3bd38617c6ce150f6\"},\"headline\":\"Tunisie : 22 MD de recettes d\u2019exportations pour les agrumes\",\"datePublished\":\"2024-03-21T09:24:00+00:00\",\"dateModified\":\"2025-05-20T21:52:01+00:00\",\"mainEntityOfPage\":{\"@id\":\"https:\\\/\\\/www.webdo.tn\\\/fr\\\/actualite\\\/national\\\/tunisie-22-md-de-recettes-d-exportations-pour-les-agrumes\\\/213078\\\/\"},\"wordCount\":283,\"commentCount\":0,\"publisher\":{\"@id\":\"https:\\\/\\\/www.webdo.tn\\\/fr\\\/#organization\"},\"image\":{\"@id\":\"https:\\\/\\\/www.webdo.tn\\\/fr\\\/actualite\\\/national\\\/tunisie-22-md-de-recettes-d-exportations-pour-les-agrumes\\\/213078\\\/#primaryimage\"},\"thumbnailUrl\":\"https:\\\/\\\/www.webdo.tn\\\/fr\\\/wp-content\\\/uploads\\\/2024\\\/03\\\/dcd367b5642862da8d68bc3630d10247.jpg\",\"keywords\":[\"exportations\",\"france\",\"Maltaises\",\"oranges\",\"Tunisie\"],\"articleSection\":[\"National\"],\"inLanguage\":\"fr-FR\"},{\"@type\":\"WebPage\",\"@id\":\"https:\\\/\\\/www.webdo.tn\\\/fr\\\/actualite\\\/national\\\/tunisie-22-md-de-recettes-d-exportations-pour-les-agrumes\\\/213078\\\/\",\"url\":\"https:\\\/\\\/www.webdo.tn\\\/fr\\\/actualite\\\/national\\\/tunisie-22-md-de-recettes-d-exportations-pour-les-agrumes\\\/213078\\\/\",\"name\":\"Tunisie : 22 MD de recettes d\u2019exportations pour les agrumes\",\"isPartOf\":{\"@id\":\"https:\\\/\\\/www.webdo.tn\\\/fr\\\/#website\"},\"primaryImageOfPage\":{\"@id\":\"https:\\\/\\\/www.webdo.tn\\\/fr\\\/actualite\\\/national\\\/tunisie-22-md-de-recettes-d-exportations-pour-les-agrumes\\\/213078\\\/#primaryimage\"},\"image\":{\"@id\":\"https:\\\/\\\/www.webdo.tn\\\/fr\\\/actualite\\\/national\\\/tunisie-22-md-de-recettes-d-exportations-pour-les-agrumes\\\/213078\\\/#primaryimage\"},\"thumbnailUrl\":\"https:\\\/\\\/www.webdo.tn\\\/fr\\\/wp-content\\\/uploads\\\/2024\\\/03\\\/dcd367b5642862da8d68bc3630d10247.jpg\",\"datePublished\":\"2024-03-21T09:24:00+00:00\",\"dateModified\":\"2025-05-20T21:52:01+00:00\",\"description\":\"La valeur des exportations des agrumes a atteint 22 millions de dinars, enregistrant une hausse de 2,8%.\",\"breadcrumb\":{\"@id\":\"https:\\\/\\\/www.webdo.tn\\\/fr\\\/actualite\\\/national\\\/tunisie-22-md-de-recettes-d-exportations-pour-les-agrumes\\\/213078\\\/#breadcrumb\"},\"inLanguage\":\"fr-FR\",\"potentialAction\":[{\"@type\":\"ReadAction\",\"target\":[\"https:\\\/\\\/www.webdo.tn\\\/fr\\\/actualite\\\/national\\\/tunisie-22-md-de-recettes-d-exportations-pour-les-agrumes\\\/213078\\\/\"]}]},{\"@type\":\"ImageObject\",\"inLanguage\":\"fr-FR\",\"@id\":\"https:\\\/\\\/www.webdo.tn\\\/fr\\\/actualite\\\/national\\\/tunisie-22-md-de-recettes-d-exportations-pour-les-agrumes\\\/213078\\\/#primaryimage\",\"url\":\"https:\\\/\\\/www.webdo.tn\\\/fr\\\/wp-content\\\/uploads\\\/2024\\\/03\\\/dcd367b5642862da8d68bc3630d10247.jpg\",\"contentUrl\":\"https:\\\/\\\/www.webdo.tn\\\/fr\\\/wp-content\\\/uploads\\\/2024\\\/03\\\/dcd367b5642862da8d68bc3630d10247.jpg\",\"width\":750,\"height\":400,\"caption\":\"Tunisie : 22 MD de recettes d\u2019exportations pour les agrumes\"},{\"@type\":\"BreadcrumbList\",\"@id\":\"https:\\\/\\\/www.webdo.tn\\\/fr\\\/actualite\\\/national\\\/tunisie-22-md-de-recettes-d-exportations-pour-les-agrumes\\\/213078\\\/#breadcrumb\",\"itemListElement\":[{\"@type\":\"ListItem\",\"position\":1,\"name\":\"Accueil\",\"item\":\"https:\\\/\\\/www.webdo.tn\\\/fr\\\/\"},{\"@type\":\"ListItem\",\"position\":2,\"name\":\"Tunisie : 22 MD de recettes d\u2019exportations pour les agrumes\"}]},{\"@type\":\"WebSite\",\"@id\":\"https:\\\/\\\/www.webdo.tn\\\/fr\\\/#website\",\"url\":\"https:\\\/\\\/www.webdo.tn\\\/fr\\\/\",\"name\":\"webdo\",\"description\":\"Tunisie - News en Tunisie et \u00e0 l&#039;international sur Webdo.tn\",\"publisher\":{\"@id\":\"https:\\\/\\\/www.webdo.tn\\\/fr\\\/#organization\"},\"potentialAction\":[{\"@type\":\"SearchAction\",\"target\":{\"@type\":\"EntryPoint\",\"urlTemplate\":\"https:\\\/\\\/www.webdo.tn\\\/fr\\\/?s={search_term_string}\"},\"query-input\":{\"@type\":\"PropertyValueSpecification\",\"valueRequired\":true,\"valueName\":\"search_term_string\"}}],\"inLanguage\":\"fr-FR\"},{\"@type\":\"Organization\",\"@id\":\"https:\\\/\\\/www.webdo.tn\\\/fr\\\/#organization\",\"name\":\"Webdo\",\"alternateName\":\"Webdo.tn\",\"url\":\"https:\\\/\\\/www.webdo.tn\\\/fr\\\/\",\"logo\":{\"@type\":\"ImageObject\",\"inLanguage\":\"fr-FR\",\"@id\":\"https:\\\/\\\/www.webdo.tn\\\/fr\\\/#\\\/schema\\\/logo\\\/image\\\/\",\"url\":\"https:\\\/\\\/www.webdo.tn\\\/fr\\\/wp-content\\\/uploads\\\/2025\\\/06\\\/Webdo-Tunisie_168377.jpg\",\"contentUrl\":\"https:\\\/\\\/www.webdo.tn\\\/fr\\\/wp-content\\\/uploads\\\/2025\\\/06\\\/Webdo-Tunisie_168377.jpg\",\"width\":301,\"height\":301,\"caption\":\"Webdo\"},\"image\":{\"@id\":\"https:\\\/\\\/www.webdo.tn\\\/fr\\\/#\\\/schema\\\/logo\\\/image\\\/\"},\"sameAs\":[\"https:\\\/\\\/www.facebook.com\\\/webdotn\",\"https:\\\/\\\/x.com\\\/webdo_tn\"],\"description\":\"Webdo est un m\u00e9dia num\u00e9rique tunisien fond\u00e9 en 2010, sp\u00e9cialis\u00e9 dans l\u2019actualit\u00e9 nationale et internationale, l\u2019\u00e9conomie, la soci\u00e9t\u00e9 et les analyses politiques. Le site s\u2019adresse \u00e0 un large public francophone et couvre l\u2019information tunisienne en temps r\u00e9el.\",\"email\":\"redac@webdo.tn\",\"legalName\":\"YNJ SARL\",\"foundingDate\":\"2010-09-06\",\"numberOfEmployees\":{\"@type\":\"QuantitativeValue\",\"minValue\":\"11\",\"maxValue\":\"50\"}},{\"@type\":\"Person\",\"@id\":\"https:\\\/\\\/www.webdo.tn\\\/fr\\\/#\\\/schema\\\/person\\\/2c4929cbf5a809e3bd38617c6ce150f6\",\"name\":\"MC\",\"image\":{\"@type\":\"ImageObject\",\"inLanguage\":\"fr-FR\",\"@id\":\"https:\\\/\\\/secure.gravatar.com\\\/avatar\\\/a545bbb6f84efdd5553dbbc2895e3ca8f1d12c5215e00a041c9670b54aa9b18a?s=96&d=mm&r=g\",\"url\":\"https:\\\/\\\/secure.gravatar.com\\\/avatar\\\/a545bbb6f84efdd5553dbbc2895e3ca8f1d12c5215e00a041c9670b54aa9b18a?s=96&d=mm&r=g\",\"contentUrl\":\"https:\\\/\\\/secure.gravatar.com\\\/avatar\\\/a545bbb6f84efdd5553dbbc2895e3ca8f1d12c5215e00a041c9670b54aa9b18a?s=96&d=mm&r=g\",\"caption\":\"MC\"},\"url\":\"https:\\\/\\\/www.webdo.tn\\\/fr\\\/actualite\\\/author\\\/mc\\\/\"}]}<\/script>\n<!-- \/ Yoast SEO Premium plugin. -->","yoast_head_json":{"title":"Tunisie : 22 MD de recettes d\u2019exportations pour les agrumes","description":"La valeur des exportations des agrumes a atteint 22 millions de dinars, enregistrant une hausse de 2,8%.","canonical":"https:\/\/www.webdo.tn\/fr\/actualite\/national\/tunisie-22-md-de-recettes-d-exportations-pour-les-agrumes\/213078\/","og_locale":"fr_FR","og_type":"article","og_title":"Tunisie : 22 MD de recettes d\u2019exportations pour les agrumes","og_description":"La valeur des exportations des agrumes a atteint 22 millions de dinars, enregistrant une hausse de 2,8%.","og_url":"https:\/\/www.webdo.tn\/fr\/actualite\/national\/tunisie-22-md-de-recettes-d-exportations-pour-les-agrumes\/213078\/","og_site_name":"webdo","article_publisher":"https:\/\/www.facebook.com\/webdotn","article_published_time":"2024-03-21T09:24:00+00:00","article_modified_time":"2025-05-20T21:52:01+00:00","og_image":[{"width":750,"height":400,"url":"https:\/\/www.webdo.tn\/fr\/wp-content\/uploads\/2024\/03\/dcd367b5642862da8d68bc3630d10247.jpg","type":"image\/jpeg"}],"author":"MC","twitter_card":"summary_large_image","twitter_creator":"@webdo_tn","twitter_site":"@webdo_tn","twitter_misc":{"\u00c9crit par":"MC","Dur\u00e9e de lecture estim\u00e9e":"1 minute"},"schema":{"@context":"https:\/\/schema.org","@graph":[{"@type":"NewsArticle","@id":"https:\/\/www.webdo.tn\/fr\/actualite\/national\/tunisie-22-md-de-recettes-d-exportations-pour-les-agrumes\/213078\/#article","isPartOf":{"@id":"https:\/\/www.webdo.tn\/fr\/actualite\/national\/tunisie-22-md-de-recettes-d-exportations-pour-les-agrumes\/213078\/"},"author":{"name":"MC","@id":"https:\/\/www.webdo.tn\/fr\/#\/schema\/person\/2c4929cbf5a809e3bd38617c6ce150f6"},"headline":"Tunisie : 22 MD de recettes d\u2019exportations pour les agrumes","datePublished":"2024-03-21T09:24:00+00:00","dateModified":"2025-05-20T21:52:01+00:00","mainEntityOfPage":{"@id":"https:\/\/www.webdo.tn\/fr\/actualite\/national\/tunisie-22-md-de-recettes-d-exportations-pour-les-agrumes\/213078\/"},"wordCount":283,"commentCount":0,"publisher":{"@id":"https:\/\/www.webdo.tn\/fr\/#organization"},"image":{"@id":"https:\/\/www.webdo.tn\/fr\/actualite\/national\/tunisie-22-md-de-recettes-d-exportations-pour-les-agrumes\/213078\/#primaryimage"},"thumbnailUrl":"https:\/\/www.webdo.tn\/fr\/wp-content\/uploads\/2024\/03\/dcd367b5642862da8d68bc3630d10247.jpg","keywords":["exportations","france","Maltaises","oranges","Tunisie"],"articleSection":["National"],"inLanguage":"fr-FR"},{"@type":"WebPage","@id":"https:\/\/www.webdo.tn\/fr\/actualite\/national\/tunisie-22-md-de-recettes-d-exportations-pour-les-agrumes\/213078\/","url":"https:\/\/www.webdo.tn\/fr\/actualite\/national\/tunisie-22-md-de-recettes-d-exportations-pour-les-agrumes\/213078\/","name":"Tunisie : 22 MD de recettes d\u2019exportations pour les agrumes","isPartOf":{"@id":"https:\/\/www.webdo.tn\/fr\/#website"},"primaryImageOfPage":{"@id":"https:\/\/www.webdo.tn\/fr\/actualite\/national\/tunisie-22-md-de-recettes-d-exportations-pour-les-agrumes\/213078\/#primaryimage"},"image":{"@id":"https:\/\/www.webdo.tn\/fr\/actualite\/national\/tunisie-22-md-de-recettes-d-exportations-pour-les-agrumes\/213078\/#primaryimage"},"thumbnailUrl":"https:\/\/www.webdo.tn\/fr\/wp-content\/uploads\/2024\/03\/dcd367b5642862da8d68bc3630d10247.jpg","datePublished":"2024-03-21T09:24:00+00:00","dateModified":"2025-05-20T21:52:01+00:00","description":"La valeur des exportations des agrumes a atteint 22 millions de dinars, enregistrant une hausse de 2,8%.","breadcrumb":{"@id":"https:\/\/www.webdo.tn\/fr\/actualite\/national\/tunisie-22-md-de-recettes-d-exportations-pour-les-agrumes\/213078\/#breadcrumb"},"inLanguage":"fr-FR","potentialAction":[{"@type":"ReadAction","target":["https:\/\/www.webdo.tn\/fr\/actualite\/national\/tunisie-22-md-de-recettes-d-exportations-pour-les-agrumes\/213078\/"]}]},{"@type":"ImageObject","inLanguage":"fr-FR","@id":"https:\/\/www.webdo.tn\/fr\/actualite\/national\/tunisie-22-md-de-recettes-d-exportations-pour-les-agrumes\/213078\/#primaryimage","url":"https:\/\/www.webdo.tn\/fr\/wp-content\/uploads\/2024\/03\/dcd367b5642862da8d68bc3630d10247.jpg","contentUrl":"https:\/\/www.webdo.tn\/fr\/wp-content\/uploads\/2024\/03\/dcd367b5642862da8d68bc3630d10247.jpg","width":750,"height":400,"caption":"Tunisie : 22 MD de recettes d\u2019exportations pour les agrumes"},{"@type":"BreadcrumbList","@id":"https:\/\/www.webdo.tn\/fr\/actualite\/national\/tunisie-22-md-de-recettes-d-exportations-pour-les-agrumes\/213078\/#breadcrumb","itemListElement":[{"@type":"ListItem","position":1,"name":"Accueil","item":"https:\/\/www.webdo.tn\/fr\/"},{"@type":"ListItem","position":2,"name":"Tunisie : 22 MD de recettes d\u2019exportations pour les agrumes"}]},{"@type":"WebSite","@id":"https:\/\/www.webdo.tn\/fr\/#website","url":"https:\/\/www.webdo.tn\/fr\/","name":"webdo","description":"Tunisie - News en Tunisie et \u00e0 l&#039;international sur Webdo.tn","publisher":{"@id":"https:\/\/www.webdo.tn\/fr\/#organization"},"potentialAction":[{"@type":"SearchAction","target":{"@type":"EntryPoint","urlTemplate":"https:\/\/www.webdo.tn\/fr\/?s={search_term_string}"},"query-input":{"@type":"PropertyValueSpecification","valueRequired":true,"valueName":"search_term_string"}}],"inLanguage":"fr-FR"},{"@type":"Organization","@id":"https:\/\/www.webdo.tn\/fr\/#organization","name":"Webdo","alternateName":"Webdo.tn","url":"https:\/\/www.webdo.tn\/fr\/","logo":{"@type":"ImageObject","inLanguage":"fr-FR","@id":"https:\/\/www.webdo.tn\/fr\/#\/schema\/logo\/image\/","url":"https:\/\/www.webdo.tn\/fr\/wp-content\/uploads\/2025\/06\/Webdo-Tunisie_168377.jpg","contentUrl":"https:\/\/www.webdo.tn\/fr\/wp-content\/uploads\/2025\/06\/Webdo-Tunisie_168377.jpg","width":301,"height":301,"caption":"Webdo"},"image":{"@id":"https:\/\/www.webdo.tn\/fr\/#\/schema\/logo\/image\/"},"sameAs":["https:\/\/www.facebook.com\/webdotn","https:\/\/x.com\/webdo_tn"],"description":"Webdo est un m\u00e9dia num\u00e9rique tunisien fond\u00e9 en 2010, sp\u00e9cialis\u00e9 dans l\u2019actualit\u00e9 nationale et internationale, l\u2019\u00e9conomie, la soci\u00e9t\u00e9 et les analyses politiques. Le site s\u2019adresse \u00e0 un large public francophone et couvre l\u2019information tunisienne en temps r\u00e9el.","email":"redac@webdo.tn","legalName":"YNJ SARL","foundingDate":"2010-09-06","numberOfEmployees":{"@type":"QuantitativeValue","minValue":"11","maxValue":"50"}},{"@type":"Person","@id":"https:\/\/www.webdo.tn\/fr\/#\/schema\/person\/2c4929cbf5a809e3bd38617c6ce150f6","name":"MC","image":{"@type":"ImageObject","inLanguage":"fr-FR","@id":"https:\/\/secure.gravatar.com\/avatar\/a545bbb6f84efdd5553dbbc2895e3ca8f1d12c5215e00a041c9670b54aa9b18a?s=96&d=mm&r=g","url":"https:\/\/secure.gravatar.com\/avatar\/a545bbb6f84efdd5553dbbc2895e3ca8f1d12c5215e00a041c9670b54aa9b18a?s=96&d=mm&r=g","contentUrl":"https:\/\/secure.gravatar.com\/avatar\/a545bbb6f84efdd5553dbbc2895e3ca8f1d12c5215e00a041c9670b54aa9b18a?s=96&d=mm&r=g","caption":"MC"},"url":"https:\/\/www.webdo.tn\/fr\/actualite\/author\/mc\/"}]}},"_links":{"self":[{"href":"https:\/\/www.webdo.tn\/fr\/wp-json\/wp\/v2\/posts\/213078","targetHints":{"allow":["GET"]}}],"collection":[{"href":"https:\/\/www.webdo.tn\/fr\/wp-json\/wp\/v2\/posts"}],"about":[{"href":"https:\/\/www.webdo.tn\/fr\/wp-json\/wp\/v2\/types\/post"}],"author":[{"embeddable":true,"href":"https:\/\/www.webdo.tn\/fr\/wp-json\/wp\/v2\/users\/3162"}],"replies":[{"embeddable":true,"href":"https:\/\/www.webdo.tn\/fr\/wp-json\/wp\/v2\/comments?post=213078"}],"version-history":[{"count":0,"href":"https:\/\/www.webdo.tn\/fr\/wp-json\/wp\/v2\/posts\/213078\/revisions"}],"wp:featuredmedia":[{"embeddable":true,"href":"https:\/\/www.webdo.tn\/fr\/wp-json\/wp\/v2\/media\/247740"}],"wp:attachment":[{"href":"https:\/\/www.webdo.tn\/fr\/wp-json\/wp\/v2\/media?parent=213078"}],"wp:term":[{"taxonomy":"category","embeddable":true,"href":"https:\/\/www.webdo.tn\/fr\/wp-json\/wp\/v2\/categories?post=213078"},{"taxonomy":"post_tag","embeddable":true,"href":"https:\/\/www.webdo.tn\/fr\/wp-json\/wp\/v2\/tags?post=213078"}],"curies":[{"name":"wp","href":"https:\/\/api.w.org\/{rel}","templated":true}]}}