{"id":213064,"date":"2024-03-20T11:58:00","date_gmt":"2024-03-20T11:58:00","guid":{"rendered":"https:\/\/www.webdo.tn\/fr\/blog\/tunisie-royaume-uni-renforcement-du-partenariat-dans-le-domaine-de-l-emploi\/213064\/"},"modified":"2025-05-20T22:53:26","modified_gmt":"2025-05-20T22:53:26","slug":"tunisie-royaume-uni-renforcement-du-partenariat-dans-le-domaine-de-l-emploi","status":"publish","type":"post","link":"https:\/\/www.webdo.tn\/fr\/actualite\/national\/tunisie-royaume-uni-renforcement-du-partenariat-dans-le-domaine-de-l-emploi\/213064\/","title":{"rendered":"Tunisie \u2013 Royaume-Uni : Renforcement du partenariat dans le domaine de l&#8217;emploi"},"content":{"rendered":"<p>Lors d&rsquo;un r\u00e9cent entretien, Helen Winterton, l&rsquo;ambassadrice britannique en Tunisie, a exprim\u00e9 le soutien de son pays aux initiatives tunisiennes visant \u00e0 am\u00e9liorer les programmes \u00e9ducatifs, en mettant particuli\u00e8rement l&rsquo;accent sur le renforcement des comp\u00e9tences en langue anglaise et en aptitudes transversales dans les \u00e9coles.<\/p>\n<p>\t\t\t\t\t\t\t\t\tElle a discut\u00e9 avec Lotfi Dhieb, le ministre de l&#8217;emploi et de la formation professionnelle, des plans visant \u00e0 \u00e9tendre le programme de partenariat du Royaume-Uni pour inclure les \u00e9coles de la deuxi\u00e8me chance et les centres de formation professionnelle.<\/p>\n<p>De plus, ils ont \u00e9voqu\u00e9 le soutien aux programmes d&rsquo;autonomisation \u00e9conomique, notamment par le biais d&rsquo;un partenariat avec la Banque africaine de d\u00e9veloppement.<\/p>\n<p>Selon un communiqu\u00e9 officiel du minist\u00e8re de l&#8217;emploi et de la formation professionnelle, la r\u00e9union a port\u00e9 sur le suivi des programmes de coop\u00e9ration entre les deux pays dans le domaine de l&#8217;emploi et de la formation professionnelle.<\/p>\n<p>Lotfi Dhieb a salu\u00e9 le niveau de partenariat avec le Royaume-Uni, soulignant les priorit\u00e9s de son d\u00e9partement, notamment l&rsquo;am\u00e9lioration de l&#8217;employabilit\u00e9 des demandeurs d&#8217;emploi, en particulier des dipl\u00f4m\u00e9s de l&rsquo;enseignement sup\u00e9rieur et de la formation professionnelle.<\/p>\n","protected":false},"excerpt":{"rendered":"<p>Elle a discut\u00e9 avec Lotfi Dhieb, le ministre de l&#8217;emploi et de la formation professionnelle, des plans visant \u00e0 \u00e9tendre le programme de partenariat du Royaume-U&#8230;<\/p>\n","protected":false},"author":3175,"featured_media":290371,"comment_status":"open","ping_status":"closed","sticky":false,"template":"","format":"standard","meta":{"footnotes":""},"categories":[44],"tags":[3049,3900,2608],"class_list":["post-213064","post","type-post","status-publish","format-standard","has-post-thumbnail","hentry","category-national","tag-emploi","tag-royaume-uni","tag-tunisie"],"yoast_head":"<!-- This site is optimized with the Yoast SEO Premium plugin v27.4 (Yoast SEO v27.4) - https:\/\/yoast.com\/product\/yoast-seo-premium-wordpress\/ -->\n<title>Tunisie \u2013 Royaume-Uni : Renforcement du partenariat dans le domaine de l&#039;emploi<\/title>\n<meta name=\"description\" content=\"Elle a discut\u00e9 avec Lotfi Dhieb, le ministre de l&#039;emploi et de la formation professionnelle, des plans visant \u00e0 \u00e9tendre le programme de partenariat du Royaume-U...\" \/>\n<link rel=\"canonical\" href=\"https:\/\/www.webdo.tn\/fr\/actualite\/national\/tunisie-royaume-uni-renforcement-du-partenariat-dans-le-domaine-de-l-emploi\/213064\/\" \/>\n<meta property=\"og:locale\" content=\"fr_FR\" \/>\n<meta property=\"og:type\" content=\"article\" \/>\n<meta property=\"og:title\" content=\"Tunisie \u2013 Royaume-Uni : Renforcement du partenariat dans le domaine de l&#039;emploi\" \/>\n<meta property=\"og:description\" content=\"Elle a discut\u00e9 avec Lotfi Dhieb, le ministre de l&#039;emploi et de la formation professionnelle, des plans visant \u00e0 \u00e9tendre le programme de partenariat du Royaume-U...\" \/>\n<meta property=\"og:url\" content=\"https:\/\/www.webdo.tn\/fr\/actualite\/national\/tunisie-royaume-uni-renforcement-du-partenariat-dans-le-domaine-de-l-emploi\/213064\/\" \/>\n<meta property=\"og:site_name\" content=\"webdo\" \/>\n<meta property=\"article:publisher\" content=\"https:\/\/www.facebook.com\/webdotn\" \/>\n<meta property=\"article:published_time\" content=\"2024-03-20T11:58:00+00:00\" \/>\n<meta property=\"article:modified_time\" content=\"2025-05-20T22:53:26+00:00\" \/>\n<meta property=\"og:image\" content=\"https:\/\/www.webdo.tn\/fr\/wp-content\/uploads\/2024\/03\/28392a6b357dd81b442eaab54579c946.png\" \/>\n\t<meta property=\"og:image:width\" content=\"750\" \/>\n\t<meta property=\"og:image:height\" content=\"400\" \/>\n\t<meta property=\"og:image:type\" content=\"image\/png\" \/>\n<meta name=\"author\" content=\"CL\" \/>\n<meta name=\"twitter:card\" content=\"summary_large_image\" \/>\n<meta name=\"twitter:creator\" content=\"@webdo_tn\" \/>\n<meta name=\"twitter:site\" content=\"@webdo_tn\" \/>\n<meta name=\"twitter:label1\" content=\"\u00c9crit par\" \/>\n\t<meta name=\"twitter:data1\" content=\"CL\" \/>\n\t<meta name=\"twitter:label2\" content=\"Dur\u00e9e de lecture estim\u00e9e\" \/>\n\t<meta name=\"twitter:data2\" content=\"1 minute\" \/>\n<script type=\"application\/ld+json\" class=\"yoast-schema-graph\">{\"@context\":\"https:\\\/\\\/schema.org\",\"@graph\":[{\"@type\":\"NewsArticle\",\"@id\":\"https:\\\/\\\/www.webdo.tn\\\/fr\\\/actualite\\\/national\\\/tunisie-royaume-uni-renforcement-du-partenariat-dans-le-domaine-de-l-emploi\\\/213064\\\/#article\",\"isPartOf\":{\"@id\":\"https:\\\/\\\/www.webdo.tn\\\/fr\\\/actualite\\\/national\\\/tunisie-royaume-uni-renforcement-du-partenariat-dans-le-domaine-de-l-emploi\\\/213064\\\/\"},\"author\":{\"name\":\"CL\",\"@id\":\"https:\\\/\\\/www.webdo.tn\\\/fr\\\/#\\\/schema\\\/person\\\/f35b42a42c5e2511bbd282959d6385cc\"},\"headline\":\"Tunisie \u2013 Royaume-Uni : Renforcement du partenariat dans le domaine de l&#8217;emploi\",\"datePublished\":\"2024-03-20T11:58:00+00:00\",\"dateModified\":\"2025-05-20T22:53:26+00:00\",\"mainEntityOfPage\":{\"@id\":\"https:\\\/\\\/www.webdo.tn\\\/fr\\\/actualite\\\/national\\\/tunisie-royaume-uni-renforcement-du-partenariat-dans-le-domaine-de-l-emploi\\\/213064\\\/\"},\"wordCount\":218,\"commentCount\":0,\"publisher\":{\"@id\":\"https:\\\/\\\/www.webdo.tn\\\/fr\\\/#organization\"},\"image\":{\"@id\":\"https:\\\/\\\/www.webdo.tn\\\/fr\\\/actualite\\\/national\\\/tunisie-royaume-uni-renforcement-du-partenariat-dans-le-domaine-de-l-emploi\\\/213064\\\/#primaryimage\"},\"thumbnailUrl\":\"https:\\\/\\\/www.webdo.tn\\\/fr\\\/wp-content\\\/uploads\\\/2024\\\/03\\\/28392a6b357dd81b442eaab54579c946.png\",\"keywords\":[\"emploi\",\"royaume-uni\",\"Tunisie\"],\"articleSection\":[\"National\"],\"inLanguage\":\"fr-FR\"},{\"@type\":\"WebPage\",\"@id\":\"https:\\\/\\\/www.webdo.tn\\\/fr\\\/actualite\\\/national\\\/tunisie-royaume-uni-renforcement-du-partenariat-dans-le-domaine-de-l-emploi\\\/213064\\\/\",\"url\":\"https:\\\/\\\/www.webdo.tn\\\/fr\\\/actualite\\\/national\\\/tunisie-royaume-uni-renforcement-du-partenariat-dans-le-domaine-de-l-emploi\\\/213064\\\/\",\"name\":\"Tunisie \u2013 Royaume-Uni : Renforcement du partenariat dans le domaine de l'emploi\",\"isPartOf\":{\"@id\":\"https:\\\/\\\/www.webdo.tn\\\/fr\\\/#website\"},\"primaryImageOfPage\":{\"@id\":\"https:\\\/\\\/www.webdo.tn\\\/fr\\\/actualite\\\/national\\\/tunisie-royaume-uni-renforcement-du-partenariat-dans-le-domaine-de-l-emploi\\\/213064\\\/#primaryimage\"},\"image\":{\"@id\":\"https:\\\/\\\/www.webdo.tn\\\/fr\\\/actualite\\\/national\\\/tunisie-royaume-uni-renforcement-du-partenariat-dans-le-domaine-de-l-emploi\\\/213064\\\/#primaryimage\"},\"thumbnailUrl\":\"https:\\\/\\\/www.webdo.tn\\\/fr\\\/wp-content\\\/uploads\\\/2024\\\/03\\\/28392a6b357dd81b442eaab54579c946.png\",\"datePublished\":\"2024-03-20T11:58:00+00:00\",\"dateModified\":\"2025-05-20T22:53:26+00:00\",\"description\":\"Elle a discut\u00e9 avec Lotfi Dhieb, le ministre de l'emploi et de la formation professionnelle, des plans visant \u00e0 \u00e9tendre le programme de partenariat du Royaume-U...\",\"breadcrumb\":{\"@id\":\"https:\\\/\\\/www.webdo.tn\\\/fr\\\/actualite\\\/national\\\/tunisie-royaume-uni-renforcement-du-partenariat-dans-le-domaine-de-l-emploi\\\/213064\\\/#breadcrumb\"},\"inLanguage\":\"fr-FR\",\"potentialAction\":[{\"@type\":\"ReadAction\",\"target\":[\"https:\\\/\\\/www.webdo.tn\\\/fr\\\/actualite\\\/national\\\/tunisie-royaume-uni-renforcement-du-partenariat-dans-le-domaine-de-l-emploi\\\/213064\\\/\"]}]},{\"@type\":\"ImageObject\",\"inLanguage\":\"fr-FR\",\"@id\":\"https:\\\/\\\/www.webdo.tn\\\/fr\\\/actualite\\\/national\\\/tunisie-royaume-uni-renforcement-du-partenariat-dans-le-domaine-de-l-emploi\\\/213064\\\/#primaryimage\",\"url\":\"https:\\\/\\\/www.webdo.tn\\\/fr\\\/wp-content\\\/uploads\\\/2024\\\/03\\\/28392a6b357dd81b442eaab54579c946.png\",\"contentUrl\":\"https:\\\/\\\/www.webdo.tn\\\/fr\\\/wp-content\\\/uploads\\\/2024\\\/03\\\/28392a6b357dd81b442eaab54579c946.png\",\"width\":750,\"height\":400,\"caption\":\"Tunisie \u2013 Royaume-Uni : Renforcement du partenariat dans le domaine de l'emploi\"},{\"@type\":\"BreadcrumbList\",\"@id\":\"https:\\\/\\\/www.webdo.tn\\\/fr\\\/actualite\\\/national\\\/tunisie-royaume-uni-renforcement-du-partenariat-dans-le-domaine-de-l-emploi\\\/213064\\\/#breadcrumb\",\"itemListElement\":[{\"@type\":\"ListItem\",\"position\":1,\"name\":\"Accueil\",\"item\":\"https:\\\/\\\/www.webdo.tn\\\/fr\\\/\"},{\"@type\":\"ListItem\",\"position\":2,\"name\":\"Tunisie \u2013 Royaume-Uni : Renforcement du partenariat dans le domaine de l&#8217;emploi\"}]},{\"@type\":\"WebSite\",\"@id\":\"https:\\\/\\\/www.webdo.tn\\\/fr\\\/#website\",\"url\":\"https:\\\/\\\/www.webdo.tn\\\/fr\\\/\",\"name\":\"webdo\",\"description\":\"Tunisie - News en Tunisie et \u00e0 l&#039;international sur Webdo.tn\",\"publisher\":{\"@id\":\"https:\\\/\\\/www.webdo.tn\\\/fr\\\/#organization\"},\"potentialAction\":[{\"@type\":\"SearchAction\",\"target\":{\"@type\":\"EntryPoint\",\"urlTemplate\":\"https:\\\/\\\/www.webdo.tn\\\/fr\\\/?s={search_term_string}\"},\"query-input\":{\"@type\":\"PropertyValueSpecification\",\"valueRequired\":true,\"valueName\":\"search_term_string\"}}],\"inLanguage\":\"fr-FR\"},{\"@type\":\"Organization\",\"@id\":\"https:\\\/\\\/www.webdo.tn\\\/fr\\\/#organization\",\"name\":\"Webdo\",\"alternateName\":\"Webdo.tn\",\"url\":\"https:\\\/\\\/www.webdo.tn\\\/fr\\\/\",\"logo\":{\"@type\":\"ImageObject\",\"inLanguage\":\"fr-FR\",\"@id\":\"https:\\\/\\\/www.webdo.tn\\\/fr\\\/#\\\/schema\\\/logo\\\/image\\\/\",\"url\":\"https:\\\/\\\/www.webdo.tn\\\/fr\\\/wp-content\\\/uploads\\\/2025\\\/06\\\/Webdo-Tunisie_168377.jpg\",\"contentUrl\":\"https:\\\/\\\/www.webdo.tn\\\/fr\\\/wp-content\\\/uploads\\\/2025\\\/06\\\/Webdo-Tunisie_168377.jpg\",\"width\":301,\"height\":301,\"caption\":\"Webdo\"},\"image\":{\"@id\":\"https:\\\/\\\/www.webdo.tn\\\/fr\\\/#\\\/schema\\\/logo\\\/image\\\/\"},\"sameAs\":[\"https:\\\/\\\/www.facebook.com\\\/webdotn\",\"https:\\\/\\\/x.com\\\/webdo_tn\"],\"description\":\"Webdo est un m\u00e9dia num\u00e9rique tunisien fond\u00e9 en 2010, sp\u00e9cialis\u00e9 dans l\u2019actualit\u00e9 nationale et internationale, l\u2019\u00e9conomie, la soci\u00e9t\u00e9 et les analyses politiques. Le site s\u2019adresse \u00e0 un large public francophone et couvre l\u2019information tunisienne en temps r\u00e9el.\",\"email\":\"redac@webdo.tn\",\"legalName\":\"YNJ SARL\",\"foundingDate\":\"2010-09-06\",\"numberOfEmployees\":{\"@type\":\"QuantitativeValue\",\"minValue\":\"11\",\"maxValue\":\"50\"}},{\"@type\":\"Person\",\"@id\":\"https:\\\/\\\/www.webdo.tn\\\/fr\\\/#\\\/schema\\\/person\\\/f35b42a42c5e2511bbd282959d6385cc\",\"name\":\"CL\",\"image\":{\"@type\":\"ImageObject\",\"inLanguage\":\"fr-FR\",\"@id\":\"https:\\\/\\\/secure.gravatar.com\\\/avatar\\\/1447a49909b67aa657c488aec6512e1dd6143a480c1ecfee9b5b5cd74eb3b59e?s=96&d=mm&r=g\",\"url\":\"https:\\\/\\\/secure.gravatar.com\\\/avatar\\\/1447a49909b67aa657c488aec6512e1dd6143a480c1ecfee9b5b5cd74eb3b59e?s=96&d=mm&r=g\",\"contentUrl\":\"https:\\\/\\\/secure.gravatar.com\\\/avatar\\\/1447a49909b67aa657c488aec6512e1dd6143a480c1ecfee9b5b5cd74eb3b59e?s=96&d=mm&r=g\",\"caption\":\"CL\"},\"url\":\"https:\\\/\\\/www.webdo.tn\\\/fr\\\/actualite\\\/author\\\/cl\\\/\"}]}<\/script>\n<!-- \/ Yoast SEO Premium plugin. -->","yoast_head_json":{"title":"Tunisie \u2013 Royaume-Uni : Renforcement du partenariat dans le domaine de l'emploi","description":"Elle a discut\u00e9 avec Lotfi Dhieb, le ministre de l'emploi et de la formation professionnelle, des plans visant \u00e0 \u00e9tendre le programme de partenariat du Royaume-U...","canonical":"https:\/\/www.webdo.tn\/fr\/actualite\/national\/tunisie-royaume-uni-renforcement-du-partenariat-dans-le-domaine-de-l-emploi\/213064\/","og_locale":"fr_FR","og_type":"article","og_title":"Tunisie \u2013 Royaume-Uni : Renforcement du partenariat dans le domaine de l'emploi","og_description":"Elle a discut\u00e9 avec Lotfi Dhieb, le ministre de l'emploi et de la formation professionnelle, des plans visant \u00e0 \u00e9tendre le programme de partenariat du Royaume-U...","og_url":"https:\/\/www.webdo.tn\/fr\/actualite\/national\/tunisie-royaume-uni-renforcement-du-partenariat-dans-le-domaine-de-l-emploi\/213064\/","og_site_name":"webdo","article_publisher":"https:\/\/www.facebook.com\/webdotn","article_published_time":"2024-03-20T11:58:00+00:00","article_modified_time":"2025-05-20T22:53:26+00:00","og_image":[{"width":750,"height":400,"url":"https:\/\/www.webdo.tn\/fr\/wp-content\/uploads\/2024\/03\/28392a6b357dd81b442eaab54579c946.png","type":"image\/png"}],"author":"CL","twitter_card":"summary_large_image","twitter_creator":"@webdo_tn","twitter_site":"@webdo_tn","twitter_misc":{"\u00c9crit par":"CL","Dur\u00e9e de lecture estim\u00e9e":"1 minute"},"schema":{"@context":"https:\/\/schema.org","@graph":[{"@type":"NewsArticle","@id":"https:\/\/www.webdo.tn\/fr\/actualite\/national\/tunisie-royaume-uni-renforcement-du-partenariat-dans-le-domaine-de-l-emploi\/213064\/#article","isPartOf":{"@id":"https:\/\/www.webdo.tn\/fr\/actualite\/national\/tunisie-royaume-uni-renforcement-du-partenariat-dans-le-domaine-de-l-emploi\/213064\/"},"author":{"name":"CL","@id":"https:\/\/www.webdo.tn\/fr\/#\/schema\/person\/f35b42a42c5e2511bbd282959d6385cc"},"headline":"Tunisie \u2013 Royaume-Uni : Renforcement du partenariat dans le domaine de l&#8217;emploi","datePublished":"2024-03-20T11:58:00+00:00","dateModified":"2025-05-20T22:53:26+00:00","mainEntityOfPage":{"@id":"https:\/\/www.webdo.tn\/fr\/actualite\/national\/tunisie-royaume-uni-renforcement-du-partenariat-dans-le-domaine-de-l-emploi\/213064\/"},"wordCount":218,"commentCount":0,"publisher":{"@id":"https:\/\/www.webdo.tn\/fr\/#organization"},"image":{"@id":"https:\/\/www.webdo.tn\/fr\/actualite\/national\/tunisie-royaume-uni-renforcement-du-partenariat-dans-le-domaine-de-l-emploi\/213064\/#primaryimage"},"thumbnailUrl":"https:\/\/www.webdo.tn\/fr\/wp-content\/uploads\/2024\/03\/28392a6b357dd81b442eaab54579c946.png","keywords":["emploi","royaume-uni","Tunisie"],"articleSection":["National"],"inLanguage":"fr-FR"},{"@type":"WebPage","@id":"https:\/\/www.webdo.tn\/fr\/actualite\/national\/tunisie-royaume-uni-renforcement-du-partenariat-dans-le-domaine-de-l-emploi\/213064\/","url":"https:\/\/www.webdo.tn\/fr\/actualite\/national\/tunisie-royaume-uni-renforcement-du-partenariat-dans-le-domaine-de-l-emploi\/213064\/","name":"Tunisie \u2013 Royaume-Uni : Renforcement du partenariat dans le domaine de l'emploi","isPartOf":{"@id":"https:\/\/www.webdo.tn\/fr\/#website"},"primaryImageOfPage":{"@id":"https:\/\/www.webdo.tn\/fr\/actualite\/national\/tunisie-royaume-uni-renforcement-du-partenariat-dans-le-domaine-de-l-emploi\/213064\/#primaryimage"},"image":{"@id":"https:\/\/www.webdo.tn\/fr\/actualite\/national\/tunisie-royaume-uni-renforcement-du-partenariat-dans-le-domaine-de-l-emploi\/213064\/#primaryimage"},"thumbnailUrl":"https:\/\/www.webdo.tn\/fr\/wp-content\/uploads\/2024\/03\/28392a6b357dd81b442eaab54579c946.png","datePublished":"2024-03-20T11:58:00+00:00","dateModified":"2025-05-20T22:53:26+00:00","description":"Elle a discut\u00e9 avec Lotfi Dhieb, le ministre de l'emploi et de la formation professionnelle, des plans visant \u00e0 \u00e9tendre le programme de partenariat du Royaume-U...","breadcrumb":{"@id":"https:\/\/www.webdo.tn\/fr\/actualite\/national\/tunisie-royaume-uni-renforcement-du-partenariat-dans-le-domaine-de-l-emploi\/213064\/#breadcrumb"},"inLanguage":"fr-FR","potentialAction":[{"@type":"ReadAction","target":["https:\/\/www.webdo.tn\/fr\/actualite\/national\/tunisie-royaume-uni-renforcement-du-partenariat-dans-le-domaine-de-l-emploi\/213064\/"]}]},{"@type":"ImageObject","inLanguage":"fr-FR","@id":"https:\/\/www.webdo.tn\/fr\/actualite\/national\/tunisie-royaume-uni-renforcement-du-partenariat-dans-le-domaine-de-l-emploi\/213064\/#primaryimage","url":"https:\/\/www.webdo.tn\/fr\/wp-content\/uploads\/2024\/03\/28392a6b357dd81b442eaab54579c946.png","contentUrl":"https:\/\/www.webdo.tn\/fr\/wp-content\/uploads\/2024\/03\/28392a6b357dd81b442eaab54579c946.png","width":750,"height":400,"caption":"Tunisie \u2013 Royaume-Uni : Renforcement du partenariat dans le domaine de l'emploi"},{"@type":"BreadcrumbList","@id":"https:\/\/www.webdo.tn\/fr\/actualite\/national\/tunisie-royaume-uni-renforcement-du-partenariat-dans-le-domaine-de-l-emploi\/213064\/#breadcrumb","itemListElement":[{"@type":"ListItem","position":1,"name":"Accueil","item":"https:\/\/www.webdo.tn\/fr\/"},{"@type":"ListItem","position":2,"name":"Tunisie \u2013 Royaume-Uni : Renforcement du partenariat dans le domaine de l&#8217;emploi"}]},{"@type":"WebSite","@id":"https:\/\/www.webdo.tn\/fr\/#website","url":"https:\/\/www.webdo.tn\/fr\/","name":"webdo","description":"Tunisie - News en Tunisie et \u00e0 l&#039;international sur Webdo.tn","publisher":{"@id":"https:\/\/www.webdo.tn\/fr\/#organization"},"potentialAction":[{"@type":"SearchAction","target":{"@type":"EntryPoint","urlTemplate":"https:\/\/www.webdo.tn\/fr\/?s={search_term_string}"},"query-input":{"@type":"PropertyValueSpecification","valueRequired":true,"valueName":"search_term_string"}}],"inLanguage":"fr-FR"},{"@type":"Organization","@id":"https:\/\/www.webdo.tn\/fr\/#organization","name":"Webdo","alternateName":"Webdo.tn","url":"https:\/\/www.webdo.tn\/fr\/","logo":{"@type":"ImageObject","inLanguage":"fr-FR","@id":"https:\/\/www.webdo.tn\/fr\/#\/schema\/logo\/image\/","url":"https:\/\/www.webdo.tn\/fr\/wp-content\/uploads\/2025\/06\/Webdo-Tunisie_168377.jpg","contentUrl":"https:\/\/www.webdo.tn\/fr\/wp-content\/uploads\/2025\/06\/Webdo-Tunisie_168377.jpg","width":301,"height":301,"caption":"Webdo"},"image":{"@id":"https:\/\/www.webdo.tn\/fr\/#\/schema\/logo\/image\/"},"sameAs":["https:\/\/www.facebook.com\/webdotn","https:\/\/x.com\/webdo_tn"],"description":"Webdo est un m\u00e9dia num\u00e9rique tunisien fond\u00e9 en 2010, sp\u00e9cialis\u00e9 dans l\u2019actualit\u00e9 nationale et internationale, l\u2019\u00e9conomie, la soci\u00e9t\u00e9 et les analyses politiques. Le site s\u2019adresse \u00e0 un large public francophone et couvre l\u2019information tunisienne en temps r\u00e9el.","email":"redac@webdo.tn","legalName":"YNJ SARL","foundingDate":"2010-09-06","numberOfEmployees":{"@type":"QuantitativeValue","minValue":"11","maxValue":"50"}},{"@type":"Person","@id":"https:\/\/www.webdo.tn\/fr\/#\/schema\/person\/f35b42a42c5e2511bbd282959d6385cc","name":"CL","image":{"@type":"ImageObject","inLanguage":"fr-FR","@id":"https:\/\/secure.gravatar.com\/avatar\/1447a49909b67aa657c488aec6512e1dd6143a480c1ecfee9b5b5cd74eb3b59e?s=96&d=mm&r=g","url":"https:\/\/secure.gravatar.com\/avatar\/1447a49909b67aa657c488aec6512e1dd6143a480c1ecfee9b5b5cd74eb3b59e?s=96&d=mm&r=g","contentUrl":"https:\/\/secure.gravatar.com\/avatar\/1447a49909b67aa657c488aec6512e1dd6143a480c1ecfee9b5b5cd74eb3b59e?s=96&d=mm&r=g","caption":"CL"},"url":"https:\/\/www.webdo.tn\/fr\/actualite\/author\/cl\/"}]}},"_links":{"self":[{"href":"https:\/\/www.webdo.tn\/fr\/wp-json\/wp\/v2\/posts\/213064","targetHints":{"allow":["GET"]}}],"collection":[{"href":"https:\/\/www.webdo.tn\/fr\/wp-json\/wp\/v2\/posts"}],"about":[{"href":"https:\/\/www.webdo.tn\/fr\/wp-json\/wp\/v2\/types\/post"}],"author":[{"embeddable":true,"href":"https:\/\/www.webdo.tn\/fr\/wp-json\/wp\/v2\/users\/3175"}],"replies":[{"embeddable":true,"href":"https:\/\/www.webdo.tn\/fr\/wp-json\/wp\/v2\/comments?post=213064"}],"version-history":[{"count":0,"href":"https:\/\/www.webdo.tn\/fr\/wp-json\/wp\/v2\/posts\/213064\/revisions"}],"wp:featuredmedia":[{"embeddable":true,"href":"https:\/\/www.webdo.tn\/fr\/wp-json\/wp\/v2\/media\/290371"}],"wp:attachment":[{"href":"https:\/\/www.webdo.tn\/fr\/wp-json\/wp\/v2\/media?parent=213064"}],"wp:term":[{"taxonomy":"category","embeddable":true,"href":"https:\/\/www.webdo.tn\/fr\/wp-json\/wp\/v2\/categories?post=213064"},{"taxonomy":"post_tag","embeddable":true,"href":"https:\/\/www.webdo.tn\/fr\/wp-json\/wp\/v2\/tags?post=213064"}],"curies":[{"name":"wp","href":"https:\/\/api.w.org\/{rel}","templated":true}]}}