{"id":213062,"date":"2024-03-20T11:01:00","date_gmt":"2024-03-20T11:01:00","guid":{"rendered":"https:\/\/www.webdo.tn\/fr\/blog\/la-suisse-va-accelerer-le-recrutement-de-travailleurs-tunisiens\/213062\/"},"modified":"2025-05-20T22:53:26","modified_gmt":"2025-05-20T22:53:26","slug":"la-suisse-va-accelerer-le-recrutement-de-travailleurs-tunisiens","status":"publish","type":"post","link":"https:\/\/www.webdo.tn\/fr\/actualite\/national\/la-suisse-va-accelerer-le-recrutement-de-travailleurs-tunisiens\/213062\/","title":{"rendered":"La Suisse va acc\u00e9l\u00e9rer le recrutement de travailleurs tunisiens"},"content":{"rendered":"<p>La main d\u2019ouvre tunisienne s\u00e9duit plusieurs pays. Si l\u2019Allemagne, l\u2019Italie la France ou encore le Canada se sont lanc\u00e9s dans des missions de recrutement de travailleurs tunisiens, la Suisse cherche \u00e0 intensifier ses recrutements en Tunisie.\u00a0<\/p>\n<p>En effet, selon le site d\u2019information suisse le Temps, ce pays aspire \u00e0 recrutement de nombreux travailleurs tunisiens dans de nombreux secteurs.\u00a0<\/p>\n<p>\u00a0\u201cLa direction du d\u00e9veloppement de la coop\u00e9ration va acc\u00e9l\u00e9rer la venue de travailleurs tunisiens pour une dur\u00e9e d\u00e9termin\u00e9e. En retour, le pays du Maghreb esp\u00e8re profiter d\u2019une mont\u00e9e en comp\u00e9tence de sa jeunesse\u201d, a-t-on \u00e9crit.\u00a0<\/p>\n<p>Face \u00e0 une population de plus en plus vieillissante, plusieurs sp\u00e9cialit\u00e9s sont demand\u00e9es en Suisse. Infirmiers, \u00e9lectriciens et conseillers de vente sont les professions les plus demand\u00e9es, tandis que certains secteurs affichent plus de 10 000 places vacantes. Les sp\u00e9cialistes ne cessent de le r\u00e9p\u00e9ter : la Suisse est actuellement confront\u00e9e \u00e0 un important manque de personnel qualifi\u00e9.<\/p>\n<p>En effet, les domaines de la sant\u00e9, de l&rsquo;informatique et de l&rsquo;ing\u00e9nierie peinent \u00e0 trouver du personnel qualifi\u00e9. Les m\u00e9tiers les plus recherch\u00e9s se trouvent dans la sant\u00e9, alors que le manque de personnel qualifi\u00e9 persiste en Suisse.<\/p>\n<p>Rappelons dans ce contexte que plusieurs pays europ\u00e9ens ont d\u00e9j\u00e0 sign\u00e9 des accords avec la Tunisie pour recruter des travailleurs tunisiens. Il est notamment le cas de l\u2019Italie, la France et l\u2019Allemagne.<\/p>\n","protected":false},"excerpt":{"rendered":"<p>En effet, selon le site d\u2019information suisse le Temps, ce pays aspire \u00e0 recrutement de nombreux travailleurs tunisiens dans de nombreux secteurs.<\/p>\n","protected":false},"author":3175,"featured_media":290370,"comment_status":"open","ping_status":"closed","sticky":false,"template":"","format":"standard","meta":{"footnotes":""},"categories":[44],"tags":[6414,3155,2608],"class_list":["post-213062","post","type-post","status-publish","format-standard","has-post-thumbnail","hentry","category-national","tag-main-doeuvre","tag-suisse","tag-tunisie"],"yoast_head":"<!-- This site is optimized with the Yoast SEO Premium plugin v27.4 (Yoast SEO v27.4) - https:\/\/yoast.com\/product\/yoast-seo-premium-wordpress\/ -->\n<title>La Suisse va acc\u00e9l\u00e9rer le recrutement de travailleurs tunisiens<\/title>\n<meta name=\"description\" content=\"En effet, selon le site d\u2019information suisse le Temps, ce pays aspire \u00e0 recrutement de nombreux travailleurs tunisiens dans de nombreux secteurs.\" \/>\n<link rel=\"canonical\" href=\"https:\/\/www.webdo.tn\/fr\/actualite\/national\/la-suisse-va-accelerer-le-recrutement-de-travailleurs-tunisiens\/213062\/\" \/>\n<meta property=\"og:locale\" content=\"fr_FR\" \/>\n<meta property=\"og:type\" content=\"article\" \/>\n<meta property=\"og:title\" content=\"La Suisse va acc\u00e9l\u00e9rer le recrutement de travailleurs tunisiens\" \/>\n<meta property=\"og:description\" content=\"En effet, selon le site d\u2019information suisse le Temps, ce pays aspire \u00e0 recrutement de nombreux travailleurs tunisiens dans de nombreux secteurs.\" \/>\n<meta property=\"og:url\" content=\"https:\/\/www.webdo.tn\/fr\/actualite\/national\/la-suisse-va-accelerer-le-recrutement-de-travailleurs-tunisiens\/213062\/\" \/>\n<meta property=\"og:site_name\" content=\"webdo\" \/>\n<meta property=\"article:publisher\" content=\"https:\/\/www.facebook.com\/webdotn\" \/>\n<meta property=\"article:published_time\" content=\"2024-03-20T11:01:00+00:00\" \/>\n<meta property=\"article:modified_time\" content=\"2025-05-20T22:53:26+00:00\" \/>\n<meta property=\"og:image\" content=\"https:\/\/www.webdo.tn\/fr\/wp-content\/uploads\/2024\/03\/2b9ac07e3a71b259028f4d557e04cba4.jpg\" \/>\n\t<meta property=\"og:image:width\" content=\"750\" \/>\n\t<meta property=\"og:image:height\" content=\"400\" \/>\n\t<meta property=\"og:image:type\" content=\"image\/jpeg\" \/>\n<meta name=\"author\" content=\"CL\" \/>\n<meta name=\"twitter:card\" content=\"summary_large_image\" \/>\n<meta name=\"twitter:creator\" content=\"@webdo_tn\" \/>\n<meta name=\"twitter:site\" content=\"@webdo_tn\" \/>\n<meta name=\"twitter:label1\" content=\"\u00c9crit par\" \/>\n\t<meta name=\"twitter:data1\" content=\"CL\" \/>\n\t<meta name=\"twitter:label2\" content=\"Dur\u00e9e de lecture estim\u00e9e\" \/>\n\t<meta name=\"twitter:data2\" content=\"1 minute\" \/>\n<script type=\"application\/ld+json\" class=\"yoast-schema-graph\">{\"@context\":\"https:\\\/\\\/schema.org\",\"@graph\":[{\"@type\":\"NewsArticle\",\"@id\":\"https:\\\/\\\/www.webdo.tn\\\/fr\\\/actualite\\\/national\\\/la-suisse-va-accelerer-le-recrutement-de-travailleurs-tunisiens\\\/213062\\\/#article\",\"isPartOf\":{\"@id\":\"https:\\\/\\\/www.webdo.tn\\\/fr\\\/actualite\\\/national\\\/la-suisse-va-accelerer-le-recrutement-de-travailleurs-tunisiens\\\/213062\\\/\"},\"author\":{\"name\":\"CL\",\"@id\":\"https:\\\/\\\/www.webdo.tn\\\/fr\\\/#\\\/schema\\\/person\\\/f35b42a42c5e2511bbd282959d6385cc\"},\"headline\":\"La Suisse va acc\u00e9l\u00e9rer le recrutement de travailleurs tunisiens\",\"datePublished\":\"2024-03-20T11:01:00+00:00\",\"dateModified\":\"2025-05-20T22:53:26+00:00\",\"mainEntityOfPage\":{\"@id\":\"https:\\\/\\\/www.webdo.tn\\\/fr\\\/actualite\\\/national\\\/la-suisse-va-accelerer-le-recrutement-de-travailleurs-tunisiens\\\/213062\\\/\"},\"wordCount\":258,\"commentCount\":0,\"publisher\":{\"@id\":\"https:\\\/\\\/www.webdo.tn\\\/fr\\\/#organization\"},\"image\":{\"@id\":\"https:\\\/\\\/www.webdo.tn\\\/fr\\\/actualite\\\/national\\\/la-suisse-va-accelerer-le-recrutement-de-travailleurs-tunisiens\\\/213062\\\/#primaryimage\"},\"thumbnailUrl\":\"https:\\\/\\\/www.webdo.tn\\\/fr\\\/wp-content\\\/uploads\\\/2024\\\/03\\\/2b9ac07e3a71b259028f4d557e04cba4.jpg\",\"keywords\":[\"main-d'oeuvre\",\"suisse\",\"Tunisie\"],\"articleSection\":[\"National\"],\"inLanguage\":\"fr-FR\"},{\"@type\":\"WebPage\",\"@id\":\"https:\\\/\\\/www.webdo.tn\\\/fr\\\/actualite\\\/national\\\/la-suisse-va-accelerer-le-recrutement-de-travailleurs-tunisiens\\\/213062\\\/\",\"url\":\"https:\\\/\\\/www.webdo.tn\\\/fr\\\/actualite\\\/national\\\/la-suisse-va-accelerer-le-recrutement-de-travailleurs-tunisiens\\\/213062\\\/\",\"name\":\"La Suisse va acc\u00e9l\u00e9rer le recrutement de travailleurs tunisiens\",\"isPartOf\":{\"@id\":\"https:\\\/\\\/www.webdo.tn\\\/fr\\\/#website\"},\"primaryImageOfPage\":{\"@id\":\"https:\\\/\\\/www.webdo.tn\\\/fr\\\/actualite\\\/national\\\/la-suisse-va-accelerer-le-recrutement-de-travailleurs-tunisiens\\\/213062\\\/#primaryimage\"},\"image\":{\"@id\":\"https:\\\/\\\/www.webdo.tn\\\/fr\\\/actualite\\\/national\\\/la-suisse-va-accelerer-le-recrutement-de-travailleurs-tunisiens\\\/213062\\\/#primaryimage\"},\"thumbnailUrl\":\"https:\\\/\\\/www.webdo.tn\\\/fr\\\/wp-content\\\/uploads\\\/2024\\\/03\\\/2b9ac07e3a71b259028f4d557e04cba4.jpg\",\"datePublished\":\"2024-03-20T11:01:00+00:00\",\"dateModified\":\"2025-05-20T22:53:26+00:00\",\"description\":\"En effet, selon le site d\u2019information suisse le Temps, ce pays aspire \u00e0 recrutement de nombreux travailleurs tunisiens dans de nombreux secteurs.\",\"breadcrumb\":{\"@id\":\"https:\\\/\\\/www.webdo.tn\\\/fr\\\/actualite\\\/national\\\/la-suisse-va-accelerer-le-recrutement-de-travailleurs-tunisiens\\\/213062\\\/#breadcrumb\"},\"inLanguage\":\"fr-FR\",\"potentialAction\":[{\"@type\":\"ReadAction\",\"target\":[\"https:\\\/\\\/www.webdo.tn\\\/fr\\\/actualite\\\/national\\\/la-suisse-va-accelerer-le-recrutement-de-travailleurs-tunisiens\\\/213062\\\/\"]}]},{\"@type\":\"ImageObject\",\"inLanguage\":\"fr-FR\",\"@id\":\"https:\\\/\\\/www.webdo.tn\\\/fr\\\/actualite\\\/national\\\/la-suisse-va-accelerer-le-recrutement-de-travailleurs-tunisiens\\\/213062\\\/#primaryimage\",\"url\":\"https:\\\/\\\/www.webdo.tn\\\/fr\\\/wp-content\\\/uploads\\\/2024\\\/03\\\/2b9ac07e3a71b259028f4d557e04cba4.jpg\",\"contentUrl\":\"https:\\\/\\\/www.webdo.tn\\\/fr\\\/wp-content\\\/uploads\\\/2024\\\/03\\\/2b9ac07e3a71b259028f4d557e04cba4.jpg\",\"width\":750,\"height\":400,\"caption\":\"La Suisse va acc\u00e9l\u00e9rer le recrutement de travailleurs tunisiens\"},{\"@type\":\"BreadcrumbList\",\"@id\":\"https:\\\/\\\/www.webdo.tn\\\/fr\\\/actualite\\\/national\\\/la-suisse-va-accelerer-le-recrutement-de-travailleurs-tunisiens\\\/213062\\\/#breadcrumb\",\"itemListElement\":[{\"@type\":\"ListItem\",\"position\":1,\"name\":\"Accueil\",\"item\":\"https:\\\/\\\/www.webdo.tn\\\/fr\\\/\"},{\"@type\":\"ListItem\",\"position\":2,\"name\":\"La Suisse va acc\u00e9l\u00e9rer le recrutement de travailleurs tunisiens\"}]},{\"@type\":\"WebSite\",\"@id\":\"https:\\\/\\\/www.webdo.tn\\\/fr\\\/#website\",\"url\":\"https:\\\/\\\/www.webdo.tn\\\/fr\\\/\",\"name\":\"webdo\",\"description\":\"Tunisie - News en Tunisie et \u00e0 l&#039;international sur Webdo.tn\",\"publisher\":{\"@id\":\"https:\\\/\\\/www.webdo.tn\\\/fr\\\/#organization\"},\"potentialAction\":[{\"@type\":\"SearchAction\",\"target\":{\"@type\":\"EntryPoint\",\"urlTemplate\":\"https:\\\/\\\/www.webdo.tn\\\/fr\\\/?s={search_term_string}\"},\"query-input\":{\"@type\":\"PropertyValueSpecification\",\"valueRequired\":true,\"valueName\":\"search_term_string\"}}],\"inLanguage\":\"fr-FR\"},{\"@type\":\"Organization\",\"@id\":\"https:\\\/\\\/www.webdo.tn\\\/fr\\\/#organization\",\"name\":\"Webdo\",\"alternateName\":\"Webdo.tn\",\"url\":\"https:\\\/\\\/www.webdo.tn\\\/fr\\\/\",\"logo\":{\"@type\":\"ImageObject\",\"inLanguage\":\"fr-FR\",\"@id\":\"https:\\\/\\\/www.webdo.tn\\\/fr\\\/#\\\/schema\\\/logo\\\/image\\\/\",\"url\":\"https:\\\/\\\/www.webdo.tn\\\/fr\\\/wp-content\\\/uploads\\\/2025\\\/06\\\/Webdo-Tunisie_168377.jpg\",\"contentUrl\":\"https:\\\/\\\/www.webdo.tn\\\/fr\\\/wp-content\\\/uploads\\\/2025\\\/06\\\/Webdo-Tunisie_168377.jpg\",\"width\":301,\"height\":301,\"caption\":\"Webdo\"},\"image\":{\"@id\":\"https:\\\/\\\/www.webdo.tn\\\/fr\\\/#\\\/schema\\\/logo\\\/image\\\/\"},\"sameAs\":[\"https:\\\/\\\/www.facebook.com\\\/webdotn\",\"https:\\\/\\\/x.com\\\/webdo_tn\"],\"description\":\"Webdo est un m\u00e9dia num\u00e9rique tunisien fond\u00e9 en 2010, sp\u00e9cialis\u00e9 dans l\u2019actualit\u00e9 nationale et internationale, l\u2019\u00e9conomie, la soci\u00e9t\u00e9 et les analyses politiques. Le site s\u2019adresse \u00e0 un large public francophone et couvre l\u2019information tunisienne en temps r\u00e9el.\",\"email\":\"redac@webdo.tn\",\"legalName\":\"YNJ SARL\",\"foundingDate\":\"2010-09-06\",\"numberOfEmployees\":{\"@type\":\"QuantitativeValue\",\"minValue\":\"11\",\"maxValue\":\"50\"}},{\"@type\":\"Person\",\"@id\":\"https:\\\/\\\/www.webdo.tn\\\/fr\\\/#\\\/schema\\\/person\\\/f35b42a42c5e2511bbd282959d6385cc\",\"name\":\"CL\",\"image\":{\"@type\":\"ImageObject\",\"inLanguage\":\"fr-FR\",\"@id\":\"https:\\\/\\\/secure.gravatar.com\\\/avatar\\\/1447a49909b67aa657c488aec6512e1dd6143a480c1ecfee9b5b5cd74eb3b59e?s=96&d=mm&r=g\",\"url\":\"https:\\\/\\\/secure.gravatar.com\\\/avatar\\\/1447a49909b67aa657c488aec6512e1dd6143a480c1ecfee9b5b5cd74eb3b59e?s=96&d=mm&r=g\",\"contentUrl\":\"https:\\\/\\\/secure.gravatar.com\\\/avatar\\\/1447a49909b67aa657c488aec6512e1dd6143a480c1ecfee9b5b5cd74eb3b59e?s=96&d=mm&r=g\",\"caption\":\"CL\"},\"url\":\"https:\\\/\\\/www.webdo.tn\\\/fr\\\/actualite\\\/author\\\/cl\\\/\"}]}<\/script>\n<!-- \/ Yoast SEO Premium plugin. -->","yoast_head_json":{"title":"La Suisse va acc\u00e9l\u00e9rer le recrutement de travailleurs tunisiens","description":"En effet, selon le site d\u2019information suisse le Temps, ce pays aspire \u00e0 recrutement de nombreux travailleurs tunisiens dans de nombreux secteurs.","canonical":"https:\/\/www.webdo.tn\/fr\/actualite\/national\/la-suisse-va-accelerer-le-recrutement-de-travailleurs-tunisiens\/213062\/","og_locale":"fr_FR","og_type":"article","og_title":"La Suisse va acc\u00e9l\u00e9rer le recrutement de travailleurs tunisiens","og_description":"En effet, selon le site d\u2019information suisse le Temps, ce pays aspire \u00e0 recrutement de nombreux travailleurs tunisiens dans de nombreux secteurs.","og_url":"https:\/\/www.webdo.tn\/fr\/actualite\/national\/la-suisse-va-accelerer-le-recrutement-de-travailleurs-tunisiens\/213062\/","og_site_name":"webdo","article_publisher":"https:\/\/www.facebook.com\/webdotn","article_published_time":"2024-03-20T11:01:00+00:00","article_modified_time":"2025-05-20T22:53:26+00:00","og_image":[{"width":750,"height":400,"url":"https:\/\/www.webdo.tn\/fr\/wp-content\/uploads\/2024\/03\/2b9ac07e3a71b259028f4d557e04cba4.jpg","type":"image\/jpeg"}],"author":"CL","twitter_card":"summary_large_image","twitter_creator":"@webdo_tn","twitter_site":"@webdo_tn","twitter_misc":{"\u00c9crit par":"CL","Dur\u00e9e de lecture estim\u00e9e":"1 minute"},"schema":{"@context":"https:\/\/schema.org","@graph":[{"@type":"NewsArticle","@id":"https:\/\/www.webdo.tn\/fr\/actualite\/national\/la-suisse-va-accelerer-le-recrutement-de-travailleurs-tunisiens\/213062\/#article","isPartOf":{"@id":"https:\/\/www.webdo.tn\/fr\/actualite\/national\/la-suisse-va-accelerer-le-recrutement-de-travailleurs-tunisiens\/213062\/"},"author":{"name":"CL","@id":"https:\/\/www.webdo.tn\/fr\/#\/schema\/person\/f35b42a42c5e2511bbd282959d6385cc"},"headline":"La Suisse va acc\u00e9l\u00e9rer le recrutement de travailleurs tunisiens","datePublished":"2024-03-20T11:01:00+00:00","dateModified":"2025-05-20T22:53:26+00:00","mainEntityOfPage":{"@id":"https:\/\/www.webdo.tn\/fr\/actualite\/national\/la-suisse-va-accelerer-le-recrutement-de-travailleurs-tunisiens\/213062\/"},"wordCount":258,"commentCount":0,"publisher":{"@id":"https:\/\/www.webdo.tn\/fr\/#organization"},"image":{"@id":"https:\/\/www.webdo.tn\/fr\/actualite\/national\/la-suisse-va-accelerer-le-recrutement-de-travailleurs-tunisiens\/213062\/#primaryimage"},"thumbnailUrl":"https:\/\/www.webdo.tn\/fr\/wp-content\/uploads\/2024\/03\/2b9ac07e3a71b259028f4d557e04cba4.jpg","keywords":["main-d'oeuvre","suisse","Tunisie"],"articleSection":["National"],"inLanguage":"fr-FR"},{"@type":"WebPage","@id":"https:\/\/www.webdo.tn\/fr\/actualite\/national\/la-suisse-va-accelerer-le-recrutement-de-travailleurs-tunisiens\/213062\/","url":"https:\/\/www.webdo.tn\/fr\/actualite\/national\/la-suisse-va-accelerer-le-recrutement-de-travailleurs-tunisiens\/213062\/","name":"La Suisse va acc\u00e9l\u00e9rer le recrutement de travailleurs tunisiens","isPartOf":{"@id":"https:\/\/www.webdo.tn\/fr\/#website"},"primaryImageOfPage":{"@id":"https:\/\/www.webdo.tn\/fr\/actualite\/national\/la-suisse-va-accelerer-le-recrutement-de-travailleurs-tunisiens\/213062\/#primaryimage"},"image":{"@id":"https:\/\/www.webdo.tn\/fr\/actualite\/national\/la-suisse-va-accelerer-le-recrutement-de-travailleurs-tunisiens\/213062\/#primaryimage"},"thumbnailUrl":"https:\/\/www.webdo.tn\/fr\/wp-content\/uploads\/2024\/03\/2b9ac07e3a71b259028f4d557e04cba4.jpg","datePublished":"2024-03-20T11:01:00+00:00","dateModified":"2025-05-20T22:53:26+00:00","description":"En effet, selon le site d\u2019information suisse le Temps, ce pays aspire \u00e0 recrutement de nombreux travailleurs tunisiens dans de nombreux secteurs.","breadcrumb":{"@id":"https:\/\/www.webdo.tn\/fr\/actualite\/national\/la-suisse-va-accelerer-le-recrutement-de-travailleurs-tunisiens\/213062\/#breadcrumb"},"inLanguage":"fr-FR","potentialAction":[{"@type":"ReadAction","target":["https:\/\/www.webdo.tn\/fr\/actualite\/national\/la-suisse-va-accelerer-le-recrutement-de-travailleurs-tunisiens\/213062\/"]}]},{"@type":"ImageObject","inLanguage":"fr-FR","@id":"https:\/\/www.webdo.tn\/fr\/actualite\/national\/la-suisse-va-accelerer-le-recrutement-de-travailleurs-tunisiens\/213062\/#primaryimage","url":"https:\/\/www.webdo.tn\/fr\/wp-content\/uploads\/2024\/03\/2b9ac07e3a71b259028f4d557e04cba4.jpg","contentUrl":"https:\/\/www.webdo.tn\/fr\/wp-content\/uploads\/2024\/03\/2b9ac07e3a71b259028f4d557e04cba4.jpg","width":750,"height":400,"caption":"La Suisse va acc\u00e9l\u00e9rer le recrutement de travailleurs tunisiens"},{"@type":"BreadcrumbList","@id":"https:\/\/www.webdo.tn\/fr\/actualite\/national\/la-suisse-va-accelerer-le-recrutement-de-travailleurs-tunisiens\/213062\/#breadcrumb","itemListElement":[{"@type":"ListItem","position":1,"name":"Accueil","item":"https:\/\/www.webdo.tn\/fr\/"},{"@type":"ListItem","position":2,"name":"La Suisse va acc\u00e9l\u00e9rer le recrutement de travailleurs tunisiens"}]},{"@type":"WebSite","@id":"https:\/\/www.webdo.tn\/fr\/#website","url":"https:\/\/www.webdo.tn\/fr\/","name":"webdo","description":"Tunisie - News en Tunisie et \u00e0 l&#039;international sur Webdo.tn","publisher":{"@id":"https:\/\/www.webdo.tn\/fr\/#organization"},"potentialAction":[{"@type":"SearchAction","target":{"@type":"EntryPoint","urlTemplate":"https:\/\/www.webdo.tn\/fr\/?s={search_term_string}"},"query-input":{"@type":"PropertyValueSpecification","valueRequired":true,"valueName":"search_term_string"}}],"inLanguage":"fr-FR"},{"@type":"Organization","@id":"https:\/\/www.webdo.tn\/fr\/#organization","name":"Webdo","alternateName":"Webdo.tn","url":"https:\/\/www.webdo.tn\/fr\/","logo":{"@type":"ImageObject","inLanguage":"fr-FR","@id":"https:\/\/www.webdo.tn\/fr\/#\/schema\/logo\/image\/","url":"https:\/\/www.webdo.tn\/fr\/wp-content\/uploads\/2025\/06\/Webdo-Tunisie_168377.jpg","contentUrl":"https:\/\/www.webdo.tn\/fr\/wp-content\/uploads\/2025\/06\/Webdo-Tunisie_168377.jpg","width":301,"height":301,"caption":"Webdo"},"image":{"@id":"https:\/\/www.webdo.tn\/fr\/#\/schema\/logo\/image\/"},"sameAs":["https:\/\/www.facebook.com\/webdotn","https:\/\/x.com\/webdo_tn"],"description":"Webdo est un m\u00e9dia num\u00e9rique tunisien fond\u00e9 en 2010, sp\u00e9cialis\u00e9 dans l\u2019actualit\u00e9 nationale et internationale, l\u2019\u00e9conomie, la soci\u00e9t\u00e9 et les analyses politiques. Le site s\u2019adresse \u00e0 un large public francophone et couvre l\u2019information tunisienne en temps r\u00e9el.","email":"redac@webdo.tn","legalName":"YNJ SARL","foundingDate":"2010-09-06","numberOfEmployees":{"@type":"QuantitativeValue","minValue":"11","maxValue":"50"}},{"@type":"Person","@id":"https:\/\/www.webdo.tn\/fr\/#\/schema\/person\/f35b42a42c5e2511bbd282959d6385cc","name":"CL","image":{"@type":"ImageObject","inLanguage":"fr-FR","@id":"https:\/\/secure.gravatar.com\/avatar\/1447a49909b67aa657c488aec6512e1dd6143a480c1ecfee9b5b5cd74eb3b59e?s=96&d=mm&r=g","url":"https:\/\/secure.gravatar.com\/avatar\/1447a49909b67aa657c488aec6512e1dd6143a480c1ecfee9b5b5cd74eb3b59e?s=96&d=mm&r=g","contentUrl":"https:\/\/secure.gravatar.com\/avatar\/1447a49909b67aa657c488aec6512e1dd6143a480c1ecfee9b5b5cd74eb3b59e?s=96&d=mm&r=g","caption":"CL"},"url":"https:\/\/www.webdo.tn\/fr\/actualite\/author\/cl\/"}]}},"_links":{"self":[{"href":"https:\/\/www.webdo.tn\/fr\/wp-json\/wp\/v2\/posts\/213062","targetHints":{"allow":["GET"]}}],"collection":[{"href":"https:\/\/www.webdo.tn\/fr\/wp-json\/wp\/v2\/posts"}],"about":[{"href":"https:\/\/www.webdo.tn\/fr\/wp-json\/wp\/v2\/types\/post"}],"author":[{"embeddable":true,"href":"https:\/\/www.webdo.tn\/fr\/wp-json\/wp\/v2\/users\/3175"}],"replies":[{"embeddable":true,"href":"https:\/\/www.webdo.tn\/fr\/wp-json\/wp\/v2\/comments?post=213062"}],"version-history":[{"count":0,"href":"https:\/\/www.webdo.tn\/fr\/wp-json\/wp\/v2\/posts\/213062\/revisions"}],"wp:featuredmedia":[{"embeddable":true,"href":"https:\/\/www.webdo.tn\/fr\/wp-json\/wp\/v2\/media\/290370"}],"wp:attachment":[{"href":"https:\/\/www.webdo.tn\/fr\/wp-json\/wp\/v2\/media?parent=213062"}],"wp:term":[{"taxonomy":"category","embeddable":true,"href":"https:\/\/www.webdo.tn\/fr\/wp-json\/wp\/v2\/categories?post=213062"},{"taxonomy":"post_tag","embeddable":true,"href":"https:\/\/www.webdo.tn\/fr\/wp-json\/wp\/v2\/tags?post=213062"}],"curies":[{"name":"wp","href":"https:\/\/api.w.org\/{rel}","templated":true}]}}