{"id":213025,"date":"2024-03-18T20:52:00","date_gmt":"2024-03-18T20:52:00","guid":{"rendered":"https:\/\/www.webdo.tn\/fr\/blog\/tunisie-la-5g-lancee-en-novembre-2024\/213025\/"},"modified":"2025-05-20T22:37:22","modified_gmt":"2025-05-20T22:37:22","slug":"tunisie-la-5g-lancee-en-novembre-2024","status":"publish","type":"post","link":"https:\/\/www.webdo.tn\/fr\/actualite\/national\/tunisie-la-5g-lancee-en-novembre-2024\/213025\/","title":{"rendered":"Tunisie : La 5G lanc\u00e9e en novembre 2024"},"content":{"rendered":"<p>Le minist\u00e8re des Technologies de la Communication a annonc\u00e9 dans un communiqu\u00e9, ce lundi 18 mars 2024, que la Tunisie assistera d\u00e8s novembre prochain au lancement des services de la technologie de communication mobile de cinqui\u00e8me g\u00e9n\u00e9ration (5G).<\/p>\n<p>Le ministre des TIC Nizar Ben Neji a soulign\u00e9 que ce service offrira des possibilit\u00e9s \u00e9largies pour les applications et les utilisations modernes li\u00e9es aux syst\u00e8mes IoT, au contr\u00f4le \u00e0 distance, \u00e0 l&rsquo;automatisation et aux applications de r\u00e9alit\u00e9 virtuelle et augment\u00e9e, en fournissant \u00e0 tous les utilisateurs une vitesse de flux \u00e9lev\u00e9e et une meilleure qualit\u00e9 de navigation.<\/p>\n<p>Il a \u00e9galement expliqu\u00e9 que cette nouvelle technologie repr\u00e9sentera une avanc\u00e9e importante dans le renforcement de l&rsquo;infrastructure pour qu&rsquo;elle puisse absorber les \u00e9volutions des applications num\u00e9riques dans divers domaines strat\u00e9giques tels que la sant\u00e9 num\u00e9rique, l&rsquo;industrie intelligente, l&rsquo;agriculture intelligente, l&rsquo;\u00e9ducation \u00e0 distance, le transport intelligent, et d&rsquo;autres domaines.<\/p>\n<p>Notons que dans la licence 5G en Tunisie, les op\u00e9rateurs devront fournir un d\u00e9bit moyen par connexion de 30 Mbs pour les zones rurales et 100 Mbs par connexion dans les zones urbaines.\u00a0<\/p>\n<p>Ben Neji a consid\u00e9r\u00e9 que la cinqui\u00e8me g\u00e9n\u00e9ration n&rsquo;est pas simplement une mise \u00e0 jour technologique, mais plut\u00f4t une v\u00e9ritable opportunit\u00e9 pour \u00e9tablir un syst\u00e8me num\u00e9rique int\u00e9gr\u00e9 qui favorise le renouveau et l&rsquo;innovation, ouvrant de nouvelles perspectives prometteuses pour l&rsquo;innovation, la diversification des services, et encourageant les start-ups \u00e0 lancer des projets, \u00e0 former des comp\u00e9tences, et \u00e0 renforcer les capacit\u00e9s dans le domaine num\u00e9rique, faisant ainsi de la Tunisie un p\u00f4le r\u00e9gional dans ce domaine.<\/p>\n","protected":false},"excerpt":{"rendered":"<p>Le ministre des TIC Nizar Ben Neji a soulign\u00e9 que ce service offrira des possibilit\u00e9s \u00e9largies pour les applications et les utilisations modernes li\u00e9es aux syst&#8230;<\/p>\n","protected":false},"author":3175,"featured_media":247753,"comment_status":"open","ping_status":"closed","sticky":false,"template":"","format":"standard","meta":{"footnotes":""},"categories":[44],"tags":[3834,6389,2608],"class_list":["post-213025","post","type-post","status-publish","format-standard","has-post-thumbnail","hentry","category-national","tag-5g","tag-internet","tag-tunisie"],"yoast_head":"<!-- This site is optimized with the Yoast SEO Premium plugin v27.4 (Yoast SEO v27.4) - https:\/\/yoast.com\/product\/yoast-seo-premium-wordpress\/ -->\n<title>Tunisie : La 5G lanc\u00e9e en novembre 2024<\/title>\n<meta name=\"description\" content=\"Le ministre des TIC Nizar Ben Neji a soulign\u00e9 que ce service offrira des possibilit\u00e9s \u00e9largies pour les applications et les utilisations modernes li\u00e9es aux syst...\" \/>\n<link rel=\"canonical\" href=\"https:\/\/www.webdo.tn\/fr\/actualite\/national\/tunisie-la-5g-lancee-en-novembre-2024\/213025\/\" \/>\n<meta property=\"og:locale\" content=\"fr_FR\" \/>\n<meta property=\"og:type\" content=\"article\" \/>\n<meta property=\"og:title\" content=\"Tunisie : La 5G lanc\u00e9e en novembre 2024\" \/>\n<meta property=\"og:description\" content=\"Le ministre des TIC Nizar Ben Neji a soulign\u00e9 que ce service offrira des possibilit\u00e9s \u00e9largies pour les applications et les utilisations modernes li\u00e9es aux syst...\" \/>\n<meta property=\"og:url\" content=\"https:\/\/www.webdo.tn\/fr\/actualite\/national\/tunisie-la-5g-lancee-en-novembre-2024\/213025\/\" \/>\n<meta property=\"og:site_name\" content=\"webdo\" \/>\n<meta property=\"article:publisher\" content=\"https:\/\/www.facebook.com\/webdotn\" \/>\n<meta property=\"article:published_time\" content=\"2024-03-18T20:52:00+00:00\" \/>\n<meta property=\"article:modified_time\" content=\"2025-05-20T22:37:22+00:00\" \/>\n<meta property=\"og:image\" content=\"https:\/\/www.webdo.tn\/fr\/wp-content\/uploads\/2024\/03\/5348e0ceb050ac62679fa9b41fa9f429.jpg\" \/>\n\t<meta property=\"og:image:width\" content=\"696\" \/>\n\t<meta property=\"og:image:height\" content=\"371\" \/>\n\t<meta property=\"og:image:type\" content=\"image\/jpeg\" \/>\n<meta name=\"author\" content=\"CL\" \/>\n<meta name=\"twitter:card\" content=\"summary_large_image\" \/>\n<meta name=\"twitter:creator\" content=\"@webdo_tn\" \/>\n<meta name=\"twitter:site\" content=\"@webdo_tn\" \/>\n<meta name=\"twitter:label1\" content=\"\u00c9crit par\" \/>\n\t<meta name=\"twitter:data1\" content=\"CL\" \/>\n\t<meta name=\"twitter:label2\" content=\"Dur\u00e9e de lecture estim\u00e9e\" \/>\n\t<meta name=\"twitter:data2\" content=\"1 minute\" \/>\n<script type=\"application\/ld+json\" class=\"yoast-schema-graph\">{\"@context\":\"https:\\\/\\\/schema.org\",\"@graph\":[{\"@type\":\"NewsArticle\",\"@id\":\"https:\\\/\\\/www.webdo.tn\\\/fr\\\/actualite\\\/national\\\/tunisie-la-5g-lancee-en-novembre-2024\\\/213025\\\/#article\",\"isPartOf\":{\"@id\":\"https:\\\/\\\/www.webdo.tn\\\/fr\\\/actualite\\\/national\\\/tunisie-la-5g-lancee-en-novembre-2024\\\/213025\\\/\"},\"author\":{\"name\":\"CL\",\"@id\":\"https:\\\/\\\/www.webdo.tn\\\/fr\\\/#\\\/schema\\\/person\\\/f35b42a42c5e2511bbd282959d6385cc\"},\"headline\":\"Tunisie : La 5G lanc\u00e9e en novembre 2024\",\"datePublished\":\"2024-03-18T20:52:00+00:00\",\"dateModified\":\"2025-05-20T22:37:22+00:00\",\"mainEntityOfPage\":{\"@id\":\"https:\\\/\\\/www.webdo.tn\\\/fr\\\/actualite\\\/national\\\/tunisie-la-5g-lancee-en-novembre-2024\\\/213025\\\/\"},\"wordCount\":291,\"commentCount\":0,\"publisher\":{\"@id\":\"https:\\\/\\\/www.webdo.tn\\\/fr\\\/#organization\"},\"image\":{\"@id\":\"https:\\\/\\\/www.webdo.tn\\\/fr\\\/actualite\\\/national\\\/tunisie-la-5g-lancee-en-novembre-2024\\\/213025\\\/#primaryimage\"},\"thumbnailUrl\":\"https:\\\/\\\/www.webdo.tn\\\/fr\\\/wp-content\\\/uploads\\\/2024\\\/03\\\/5348e0ceb050ac62679fa9b41fa9f429.jpg\",\"keywords\":[\"5G\",\"Internet\",\"Tunisie\"],\"articleSection\":[\"National\"],\"inLanguage\":\"fr-FR\"},{\"@type\":\"WebPage\",\"@id\":\"https:\\\/\\\/www.webdo.tn\\\/fr\\\/actualite\\\/national\\\/tunisie-la-5g-lancee-en-novembre-2024\\\/213025\\\/\",\"url\":\"https:\\\/\\\/www.webdo.tn\\\/fr\\\/actualite\\\/national\\\/tunisie-la-5g-lancee-en-novembre-2024\\\/213025\\\/\",\"name\":\"Tunisie : La 5G lanc\u00e9e en novembre 2024\",\"isPartOf\":{\"@id\":\"https:\\\/\\\/www.webdo.tn\\\/fr\\\/#website\"},\"primaryImageOfPage\":{\"@id\":\"https:\\\/\\\/www.webdo.tn\\\/fr\\\/actualite\\\/national\\\/tunisie-la-5g-lancee-en-novembre-2024\\\/213025\\\/#primaryimage\"},\"image\":{\"@id\":\"https:\\\/\\\/www.webdo.tn\\\/fr\\\/actualite\\\/national\\\/tunisie-la-5g-lancee-en-novembre-2024\\\/213025\\\/#primaryimage\"},\"thumbnailUrl\":\"https:\\\/\\\/www.webdo.tn\\\/fr\\\/wp-content\\\/uploads\\\/2024\\\/03\\\/5348e0ceb050ac62679fa9b41fa9f429.jpg\",\"datePublished\":\"2024-03-18T20:52:00+00:00\",\"dateModified\":\"2025-05-20T22:37:22+00:00\",\"description\":\"Le ministre des TIC Nizar Ben Neji a soulign\u00e9 que ce service offrira des possibilit\u00e9s \u00e9largies pour les applications et les utilisations modernes li\u00e9es aux syst...\",\"breadcrumb\":{\"@id\":\"https:\\\/\\\/www.webdo.tn\\\/fr\\\/actualite\\\/national\\\/tunisie-la-5g-lancee-en-novembre-2024\\\/213025\\\/#breadcrumb\"},\"inLanguage\":\"fr-FR\",\"potentialAction\":[{\"@type\":\"ReadAction\",\"target\":[\"https:\\\/\\\/www.webdo.tn\\\/fr\\\/actualite\\\/national\\\/tunisie-la-5g-lancee-en-novembre-2024\\\/213025\\\/\"]}]},{\"@type\":\"ImageObject\",\"inLanguage\":\"fr-FR\",\"@id\":\"https:\\\/\\\/www.webdo.tn\\\/fr\\\/actualite\\\/national\\\/tunisie-la-5g-lancee-en-novembre-2024\\\/213025\\\/#primaryimage\",\"url\":\"https:\\\/\\\/www.webdo.tn\\\/fr\\\/wp-content\\\/uploads\\\/2024\\\/03\\\/5348e0ceb050ac62679fa9b41fa9f429.jpg\",\"contentUrl\":\"https:\\\/\\\/www.webdo.tn\\\/fr\\\/wp-content\\\/uploads\\\/2024\\\/03\\\/5348e0ceb050ac62679fa9b41fa9f429.jpg\",\"width\":696,\"height\":371,\"caption\":\"Tunisie : La 5G lanc\u00e9e en novembre 2024\"},{\"@type\":\"BreadcrumbList\",\"@id\":\"https:\\\/\\\/www.webdo.tn\\\/fr\\\/actualite\\\/national\\\/tunisie-la-5g-lancee-en-novembre-2024\\\/213025\\\/#breadcrumb\",\"itemListElement\":[{\"@type\":\"ListItem\",\"position\":1,\"name\":\"Accueil\",\"item\":\"https:\\\/\\\/www.webdo.tn\\\/fr\\\/\"},{\"@type\":\"ListItem\",\"position\":2,\"name\":\"Tunisie : La 5G lanc\u00e9e en novembre 2024\"}]},{\"@type\":\"WebSite\",\"@id\":\"https:\\\/\\\/www.webdo.tn\\\/fr\\\/#website\",\"url\":\"https:\\\/\\\/www.webdo.tn\\\/fr\\\/\",\"name\":\"webdo\",\"description\":\"Tunisie - News en Tunisie et \u00e0 l&#039;international sur Webdo.tn\",\"publisher\":{\"@id\":\"https:\\\/\\\/www.webdo.tn\\\/fr\\\/#organization\"},\"potentialAction\":[{\"@type\":\"SearchAction\",\"target\":{\"@type\":\"EntryPoint\",\"urlTemplate\":\"https:\\\/\\\/www.webdo.tn\\\/fr\\\/?s={search_term_string}\"},\"query-input\":{\"@type\":\"PropertyValueSpecification\",\"valueRequired\":true,\"valueName\":\"search_term_string\"}}],\"inLanguage\":\"fr-FR\"},{\"@type\":\"Organization\",\"@id\":\"https:\\\/\\\/www.webdo.tn\\\/fr\\\/#organization\",\"name\":\"Webdo\",\"alternateName\":\"Webdo.tn\",\"url\":\"https:\\\/\\\/www.webdo.tn\\\/fr\\\/\",\"logo\":{\"@type\":\"ImageObject\",\"inLanguage\":\"fr-FR\",\"@id\":\"https:\\\/\\\/www.webdo.tn\\\/fr\\\/#\\\/schema\\\/logo\\\/image\\\/\",\"url\":\"https:\\\/\\\/www.webdo.tn\\\/fr\\\/wp-content\\\/uploads\\\/2025\\\/06\\\/Webdo-Tunisie_168377.jpg\",\"contentUrl\":\"https:\\\/\\\/www.webdo.tn\\\/fr\\\/wp-content\\\/uploads\\\/2025\\\/06\\\/Webdo-Tunisie_168377.jpg\",\"width\":301,\"height\":301,\"caption\":\"Webdo\"},\"image\":{\"@id\":\"https:\\\/\\\/www.webdo.tn\\\/fr\\\/#\\\/schema\\\/logo\\\/image\\\/\"},\"sameAs\":[\"https:\\\/\\\/www.facebook.com\\\/webdotn\",\"https:\\\/\\\/x.com\\\/webdo_tn\"],\"description\":\"Webdo est un m\u00e9dia num\u00e9rique tunisien fond\u00e9 en 2010, sp\u00e9cialis\u00e9 dans l\u2019actualit\u00e9 nationale et internationale, l\u2019\u00e9conomie, la soci\u00e9t\u00e9 et les analyses politiques. Le site s\u2019adresse \u00e0 un large public francophone et couvre l\u2019information tunisienne en temps r\u00e9el.\",\"email\":\"redac@webdo.tn\",\"legalName\":\"YNJ SARL\",\"foundingDate\":\"2010-09-06\",\"numberOfEmployees\":{\"@type\":\"QuantitativeValue\",\"minValue\":\"11\",\"maxValue\":\"50\"}},{\"@type\":\"Person\",\"@id\":\"https:\\\/\\\/www.webdo.tn\\\/fr\\\/#\\\/schema\\\/person\\\/f35b42a42c5e2511bbd282959d6385cc\",\"name\":\"CL\",\"image\":{\"@type\":\"ImageObject\",\"inLanguage\":\"fr-FR\",\"@id\":\"https:\\\/\\\/secure.gravatar.com\\\/avatar\\\/1447a49909b67aa657c488aec6512e1dd6143a480c1ecfee9b5b5cd74eb3b59e?s=96&d=mm&r=g\",\"url\":\"https:\\\/\\\/secure.gravatar.com\\\/avatar\\\/1447a49909b67aa657c488aec6512e1dd6143a480c1ecfee9b5b5cd74eb3b59e?s=96&d=mm&r=g\",\"contentUrl\":\"https:\\\/\\\/secure.gravatar.com\\\/avatar\\\/1447a49909b67aa657c488aec6512e1dd6143a480c1ecfee9b5b5cd74eb3b59e?s=96&d=mm&r=g\",\"caption\":\"CL\"},\"url\":\"https:\\\/\\\/www.webdo.tn\\\/fr\\\/actualite\\\/author\\\/cl\\\/\"}]}<\/script>\n<!-- \/ Yoast SEO Premium plugin. -->","yoast_head_json":{"title":"Tunisie : La 5G lanc\u00e9e en novembre 2024","description":"Le ministre des TIC Nizar Ben Neji a soulign\u00e9 que ce service offrira des possibilit\u00e9s \u00e9largies pour les applications et les utilisations modernes li\u00e9es aux syst...","canonical":"https:\/\/www.webdo.tn\/fr\/actualite\/national\/tunisie-la-5g-lancee-en-novembre-2024\/213025\/","og_locale":"fr_FR","og_type":"article","og_title":"Tunisie : La 5G lanc\u00e9e en novembre 2024","og_description":"Le ministre des TIC Nizar Ben Neji a soulign\u00e9 que ce service offrira des possibilit\u00e9s \u00e9largies pour les applications et les utilisations modernes li\u00e9es aux syst...","og_url":"https:\/\/www.webdo.tn\/fr\/actualite\/national\/tunisie-la-5g-lancee-en-novembre-2024\/213025\/","og_site_name":"webdo","article_publisher":"https:\/\/www.facebook.com\/webdotn","article_published_time":"2024-03-18T20:52:00+00:00","article_modified_time":"2025-05-20T22:37:22+00:00","og_image":[{"width":696,"height":371,"url":"https:\/\/www.webdo.tn\/fr\/wp-content\/uploads\/2024\/03\/5348e0ceb050ac62679fa9b41fa9f429.jpg","type":"image\/jpeg"}],"author":"CL","twitter_card":"summary_large_image","twitter_creator":"@webdo_tn","twitter_site":"@webdo_tn","twitter_misc":{"\u00c9crit par":"CL","Dur\u00e9e de lecture estim\u00e9e":"1 minute"},"schema":{"@context":"https:\/\/schema.org","@graph":[{"@type":"NewsArticle","@id":"https:\/\/www.webdo.tn\/fr\/actualite\/national\/tunisie-la-5g-lancee-en-novembre-2024\/213025\/#article","isPartOf":{"@id":"https:\/\/www.webdo.tn\/fr\/actualite\/national\/tunisie-la-5g-lancee-en-novembre-2024\/213025\/"},"author":{"name":"CL","@id":"https:\/\/www.webdo.tn\/fr\/#\/schema\/person\/f35b42a42c5e2511bbd282959d6385cc"},"headline":"Tunisie : La 5G lanc\u00e9e en novembre 2024","datePublished":"2024-03-18T20:52:00+00:00","dateModified":"2025-05-20T22:37:22+00:00","mainEntityOfPage":{"@id":"https:\/\/www.webdo.tn\/fr\/actualite\/national\/tunisie-la-5g-lancee-en-novembre-2024\/213025\/"},"wordCount":291,"commentCount":0,"publisher":{"@id":"https:\/\/www.webdo.tn\/fr\/#organization"},"image":{"@id":"https:\/\/www.webdo.tn\/fr\/actualite\/national\/tunisie-la-5g-lancee-en-novembre-2024\/213025\/#primaryimage"},"thumbnailUrl":"https:\/\/www.webdo.tn\/fr\/wp-content\/uploads\/2024\/03\/5348e0ceb050ac62679fa9b41fa9f429.jpg","keywords":["5G","Internet","Tunisie"],"articleSection":["National"],"inLanguage":"fr-FR"},{"@type":"WebPage","@id":"https:\/\/www.webdo.tn\/fr\/actualite\/national\/tunisie-la-5g-lancee-en-novembre-2024\/213025\/","url":"https:\/\/www.webdo.tn\/fr\/actualite\/national\/tunisie-la-5g-lancee-en-novembre-2024\/213025\/","name":"Tunisie : La 5G lanc\u00e9e en novembre 2024","isPartOf":{"@id":"https:\/\/www.webdo.tn\/fr\/#website"},"primaryImageOfPage":{"@id":"https:\/\/www.webdo.tn\/fr\/actualite\/national\/tunisie-la-5g-lancee-en-novembre-2024\/213025\/#primaryimage"},"image":{"@id":"https:\/\/www.webdo.tn\/fr\/actualite\/national\/tunisie-la-5g-lancee-en-novembre-2024\/213025\/#primaryimage"},"thumbnailUrl":"https:\/\/www.webdo.tn\/fr\/wp-content\/uploads\/2024\/03\/5348e0ceb050ac62679fa9b41fa9f429.jpg","datePublished":"2024-03-18T20:52:00+00:00","dateModified":"2025-05-20T22:37:22+00:00","description":"Le ministre des TIC Nizar Ben Neji a soulign\u00e9 que ce service offrira des possibilit\u00e9s \u00e9largies pour les applications et les utilisations modernes li\u00e9es aux syst...","breadcrumb":{"@id":"https:\/\/www.webdo.tn\/fr\/actualite\/national\/tunisie-la-5g-lancee-en-novembre-2024\/213025\/#breadcrumb"},"inLanguage":"fr-FR","potentialAction":[{"@type":"ReadAction","target":["https:\/\/www.webdo.tn\/fr\/actualite\/national\/tunisie-la-5g-lancee-en-novembre-2024\/213025\/"]}]},{"@type":"ImageObject","inLanguage":"fr-FR","@id":"https:\/\/www.webdo.tn\/fr\/actualite\/national\/tunisie-la-5g-lancee-en-novembre-2024\/213025\/#primaryimage","url":"https:\/\/www.webdo.tn\/fr\/wp-content\/uploads\/2024\/03\/5348e0ceb050ac62679fa9b41fa9f429.jpg","contentUrl":"https:\/\/www.webdo.tn\/fr\/wp-content\/uploads\/2024\/03\/5348e0ceb050ac62679fa9b41fa9f429.jpg","width":696,"height":371,"caption":"Tunisie : La 5G lanc\u00e9e en novembre 2024"},{"@type":"BreadcrumbList","@id":"https:\/\/www.webdo.tn\/fr\/actualite\/national\/tunisie-la-5g-lancee-en-novembre-2024\/213025\/#breadcrumb","itemListElement":[{"@type":"ListItem","position":1,"name":"Accueil","item":"https:\/\/www.webdo.tn\/fr\/"},{"@type":"ListItem","position":2,"name":"Tunisie : La 5G lanc\u00e9e en novembre 2024"}]},{"@type":"WebSite","@id":"https:\/\/www.webdo.tn\/fr\/#website","url":"https:\/\/www.webdo.tn\/fr\/","name":"webdo","description":"Tunisie - News en Tunisie et \u00e0 l&#039;international sur Webdo.tn","publisher":{"@id":"https:\/\/www.webdo.tn\/fr\/#organization"},"potentialAction":[{"@type":"SearchAction","target":{"@type":"EntryPoint","urlTemplate":"https:\/\/www.webdo.tn\/fr\/?s={search_term_string}"},"query-input":{"@type":"PropertyValueSpecification","valueRequired":true,"valueName":"search_term_string"}}],"inLanguage":"fr-FR"},{"@type":"Organization","@id":"https:\/\/www.webdo.tn\/fr\/#organization","name":"Webdo","alternateName":"Webdo.tn","url":"https:\/\/www.webdo.tn\/fr\/","logo":{"@type":"ImageObject","inLanguage":"fr-FR","@id":"https:\/\/www.webdo.tn\/fr\/#\/schema\/logo\/image\/","url":"https:\/\/www.webdo.tn\/fr\/wp-content\/uploads\/2025\/06\/Webdo-Tunisie_168377.jpg","contentUrl":"https:\/\/www.webdo.tn\/fr\/wp-content\/uploads\/2025\/06\/Webdo-Tunisie_168377.jpg","width":301,"height":301,"caption":"Webdo"},"image":{"@id":"https:\/\/www.webdo.tn\/fr\/#\/schema\/logo\/image\/"},"sameAs":["https:\/\/www.facebook.com\/webdotn","https:\/\/x.com\/webdo_tn"],"description":"Webdo est un m\u00e9dia num\u00e9rique tunisien fond\u00e9 en 2010, sp\u00e9cialis\u00e9 dans l\u2019actualit\u00e9 nationale et internationale, l\u2019\u00e9conomie, la soci\u00e9t\u00e9 et les analyses politiques. Le site s\u2019adresse \u00e0 un large public francophone et couvre l\u2019information tunisienne en temps r\u00e9el.","email":"redac@webdo.tn","legalName":"YNJ SARL","foundingDate":"2010-09-06","numberOfEmployees":{"@type":"QuantitativeValue","minValue":"11","maxValue":"50"}},{"@type":"Person","@id":"https:\/\/www.webdo.tn\/fr\/#\/schema\/person\/f35b42a42c5e2511bbd282959d6385cc","name":"CL","image":{"@type":"ImageObject","inLanguage":"fr-FR","@id":"https:\/\/secure.gravatar.com\/avatar\/1447a49909b67aa657c488aec6512e1dd6143a480c1ecfee9b5b5cd74eb3b59e?s=96&d=mm&r=g","url":"https:\/\/secure.gravatar.com\/avatar\/1447a49909b67aa657c488aec6512e1dd6143a480c1ecfee9b5b5cd74eb3b59e?s=96&d=mm&r=g","contentUrl":"https:\/\/secure.gravatar.com\/avatar\/1447a49909b67aa657c488aec6512e1dd6143a480c1ecfee9b5b5cd74eb3b59e?s=96&d=mm&r=g","caption":"CL"},"url":"https:\/\/www.webdo.tn\/fr\/actualite\/author\/cl\/"}]}},"_links":{"self":[{"href":"https:\/\/www.webdo.tn\/fr\/wp-json\/wp\/v2\/posts\/213025","targetHints":{"allow":["GET"]}}],"collection":[{"href":"https:\/\/www.webdo.tn\/fr\/wp-json\/wp\/v2\/posts"}],"about":[{"href":"https:\/\/www.webdo.tn\/fr\/wp-json\/wp\/v2\/types\/post"}],"author":[{"embeddable":true,"href":"https:\/\/www.webdo.tn\/fr\/wp-json\/wp\/v2\/users\/3175"}],"replies":[{"embeddable":true,"href":"https:\/\/www.webdo.tn\/fr\/wp-json\/wp\/v2\/comments?post=213025"}],"version-history":[{"count":0,"href":"https:\/\/www.webdo.tn\/fr\/wp-json\/wp\/v2\/posts\/213025\/revisions"}],"wp:featuredmedia":[{"embeddable":true,"href":"https:\/\/www.webdo.tn\/fr\/wp-json\/wp\/v2\/media\/247753"}],"wp:attachment":[{"href":"https:\/\/www.webdo.tn\/fr\/wp-json\/wp\/v2\/media?parent=213025"}],"wp:term":[{"taxonomy":"category","embeddable":true,"href":"https:\/\/www.webdo.tn\/fr\/wp-json\/wp\/v2\/categories?post=213025"},{"taxonomy":"post_tag","embeddable":true,"href":"https:\/\/www.webdo.tn\/fr\/wp-json\/wp\/v2\/tags?post=213025"}],"curies":[{"name":"wp","href":"https:\/\/api.w.org\/{rel}","templated":true}]}}