{"id":213012,"date":"2024-03-18T10:18:00","date_gmt":"2024-03-18T10:18:00","guid":{"rendered":"https:\/\/www.webdo.tn\/fr\/blog\/la-belle-histoire-du-voilier-loud-hadj-ameur-de-kerkennah-a-sete\/213012\/"},"modified":"2024-03-18T10:18:00","modified_gmt":"2024-03-18T10:18:00","slug":"la-belle-histoire-du-voilier-loud-hadj-ameur-de-kerkennah-a-sete","status":"publish","type":"post","link":"https:\/\/www.webdo.tn\/fr\/actualite\/chroniques\/la-belle-histoire-du-voilier-loud-hadj-ameur-de-kerkennah-a-sete\/213012\/","title":{"rendered":"La belle histoire du voilier loud Hadj Ameur, de Kerkennah \u00e0 S\u00e8te"},"content":{"rendered":"<p>Ce loud a \u00e9t\u00e9 construit selon le mod\u00e8le du bateau de l\u2019exil du pr\u00e9sident Habib Bourguiba vers l&rsquo;Orient, en mars 1945 par des charpentiers du port de Sfax, assist\u00e9s par des p\u00eacheurs de Kerkennah. Il a retrouv\u00e9 la mer ce samedi 16 mars.<\/p>\n<p>\t\t\t\t\t\t\t\t\tLe Haj Ameur, un loud construit dans la tradition des \u00eeles Kerkennah a \u00e9t\u00e9 lanc\u00e9 en mer, samedi 16 mars \u00e0 S\u00e8te, en France. Ce voilier a pu rena\u00eetre gr\u00e2ce \u00e0 l&rsquo;association Voiles Latines dont il fait d\u00e9sormais partie de la flotte.<\/p>\n<p>Ce sont Nicolas Zarrouk et nos coll\u00e8gues de Midi Libre S\u00e8te qui ont rapport\u00e9 cet \u00e9v\u00e9nement et sa gen\u00e8se ainsi que la belle aventure du loud Haj Ameur.<\/p>\n<p>Ce voilier oubli\u00e9 a pu rena\u00eetre gr\u00e2ce \u00e0 l&rsquo;association Voiles latines. Son premier propri\u00e9taire a racont\u00e9 son histoire \u00e0 MLS avant sa mise \u00e0 l\u2019eau, samedi dernier.<\/p>\n<p>\u00ab\u00a0\u00c0 ma connaissance, il est l&rsquo;un des deux derniers repr\u00e9sentants de ce type de bateaux encore en \u00e9tat de naviguer.\u00a0\u00bb selon le S\u00e9tois Robert Antraygues qui conna\u00eet par c\u0153ur le voilier qui a retrouv\u00e9 son \u00e9l\u00e9ment naturel, samedi 16 mars au chantier naval de la Plagette.<\/p>\n<p>Et pour cause. Il est \u00e0 l&rsquo;origine de sa construction, il y a plus de trente ans. Baptis\u00e9 le Haj Ameur \u00e0 sa sortie de l&rsquo;un des chantiers navals de Sfax, en Tunisie, le gr\u00e9ement traditionnel a connu plusieurs vies, puis l&rsquo;oubli.<\/p>\n<p>Gr\u00e2ce au savoir-faire de l&rsquo;association des Voiles latines, celui que l&rsquo;on appelle d\u00e9sormais le Loud s&rsquo;appr\u00eate \u00e0 \u00e9crire une nouvelle page de son histoire sur les rives du bassin de Thau.<\/p>\n<p>Dans son appartement en bord de quai, Robert Antraygues fait d\u00e9filer les photos sur son ordinateur. Et remonte le temps jusqu&rsquo;au d\u00e9but des ann\u00e9es 90. Il est alors directeur d&rsquo;une association parisienne et organise des s\u00e9jours de rupture \u00e0 travers le monde pour des adolescents en grande difficult\u00e9.<\/p>\n<p>\u00ab\u00a0Mes p\u00e9r\u00e9grinations m&rsquo;ont conduit jusque dans les \u00eeles Kerkennah, un archipel \u00e0 l&rsquo;est de la Tunisie peupl\u00e9 par des p\u00eacheurs. Ce sont eux qui m&rsquo;ont parl\u00e9 des louds, ces voiliers oubli\u00e9s dont il ne restait presque aucun repr\u00e9sentant. Moi, je voulais construire une felouque. Eux m&rsquo;ont dit, &lsquo;c&rsquo;est un loud qu&rsquo;il te faut'\u00a0\u00bb.<\/p>\n<p>Dans cette r\u00e9gion prot\u00e9g\u00e9e par les hauts-fonds sablonneux, le loud a longtemps \u00e9t\u00e9 l&#8217;embarcation privil\u00e9gi\u00e9e pour la p\u00eache et le cabotage vers les c\u00f4tes libyennes. Incapable d&rsquo;accueillir un moteur, il sera peu \u00e0 peu abandonn\u00e9 par les habitants des Kerkennah.<\/p>\n<p>\u00ab\u00a0J&rsquo;ai \u00e9t\u00e9 s\u00e9duit par l&rsquo;aventure et, gr\u00e2ce aux souvenirs des charpentiers de marine locaux et en prenant pour mod\u00e8le l&rsquo;\u00e9pave du bateau de Bourguiba, le Haj Ameur est devenu r\u00e9alit\u00e9. Sur l&rsquo;\u00eele, \u00e7a a \u00e9t\u00e9 une f\u00eate incroyable\u00a0\u00bb, se souvient Robert Antraygues.<\/p>\n<p>Ce loud a \u00e9t\u00e9 construit selon le mod\u00e8le du bateau de l\u2019exil du pr\u00e9sident Habib Bourguiba vers l&rsquo;Orient, en mars 1945. Contraint de fuir le pays, Bourguiba s&rsquo;\u00e9tait alors tourn\u00e9 vers les p\u00eacheurs des \u00eeles Kerkennah pour lui venir en aide. Sous couverture, il parviendra \u00e0 gagner les c\u00f4tes libyennes \u00e0 bord d\u2019un loud, pour ensuite rejoindre le Caire en Egypte.<\/p>\n<p>Ce bateau de l\u2019exil a ensuite \u00e9t\u00e9 conserv\u00e9 \u00e0 l\u2019\u00e9tat d\u2019\u00e9pave et servira de mod\u00e8le \u00e0 Robert Antraygues pour le Haj Ameur, remis \u00e0 l\u2019eau samedi dernier \u00e0 S\u00e8te, puis pour le El Felah, cr\u00e9\u00e9 pour les besoins d\u2019un film. Quant au loud historique, il sera incendi\u00e9 en ao\u00fbt 2015.<\/p>\n<p>Pendant trois ans, le loud est utilis\u00e9 par l&rsquo;association. Puis fait son retour en France dans la soute d&rsquo;un ferry, avant de rejoindre l&rsquo;\u00e9tang de Salses, o\u00f9 il tombe progressivement dans l&rsquo;oubli. \u00ab\u00a0Certains de nos adh\u00e9rents ont entendu parler de ce bateau, \u00e9chou\u00e9 pr\u00e8s du Barcares depuis une quinzaine d&rsquo;ann\u00e9es.<\/p>\n<p>Il fallait sauver sa m\u00e9moire, explique le pr\u00e9sident des Voiles latines Jacques Molinari. Dans son \u00e9tat, le sortir de l&rsquo;eau nous a pris trois ans. Il aura fallu quatre ann\u00e9es de plus pour le restaurer !\u00a0\u00bb<\/p>\n<p>Jacques Molinari poursuit : \u00ab\u00a0Ce qui nous a convaincus, c\u2019est son int\u00e9r\u00eat patrimonial. Ce bateau a une vraie valeur historique, notamment pour la Tunisie et plus encore pour les habitants des Kerkennah. C\u2019est en quelque sorte un t\u00e9moin du pass\u00e9, que nous avons pris comme objet d\u2019\u00e9tude pour documenter en profondeur ce type d\u2019embarcation\u00a0\u00bb.<\/p>\n<p>Notons que la restauration du Haj Ameur a co\u00fbt\u00e9 la bagatelle de 25.000 euros et mobilis\u00e9 une cinquantaine de b\u00e9n\u00e9voles de l&rsquo;association Voiles Latines. De plus, 90 % du bateau a \u00e9t\u00e9 repris, mais en respectant scrupuleusement les caract\u00e9ristiques de l\u2019\u00e9poque.<\/p>\n","protected":false},"excerpt":{"rendered":"<p>Le Haj Ameur, un loud construit dans la tradition des \u00eeles Kerkennah a \u00e9t\u00e9 lanc\u00e9 en mer, samedi 16 mars \u00e0 S\u00e8te, en France. Ce voilier a pu rena\u00eetre gr\u00e2ce \u00e0 l&rsquo;as&#8230;<\/p>\n","protected":false},"author":3229,"featured_media":290361,"comment_status":"open","ping_status":"closed","sticky":false,"template":"","format":"standard","meta":{"footnotes":""},"categories":[2596],"tags":[10058,10059,10060,3947,2608],"class_list":["post-213012","post","type-post","status-publish","format-standard","has-post-thumbnail","hentry","category-chroniques","tag-haj-ameur","tag-loud","tag-voilier","tag-kerkennah","tag-tunisie"],"yoast_head":"<!-- This site is optimized with the Yoast SEO Premium plugin v27.5 (Yoast SEO v27.5) - https:\/\/yoast.com\/product\/yoast-seo-premium-wordpress\/ -->\n<title>La belle histoire du voilier loud Hadj Ameur, de Kerkennah \u00e0 S\u00e8te<\/title>\n<meta name=\"description\" content=\"Le Haj Ameur, un loud construit dans la tradition des \u00eeles Kerkennah a \u00e9t\u00e9 lanc\u00e9 en mer, samedi 16 mars \u00e0 S\u00e8te, en France. Ce voilier a pu rena\u00eetre gr\u00e2ce \u00e0 l&#039;as...\" \/>\n<link rel=\"canonical\" href=\"https:\/\/www.webdo.tn\/fr\/actualite\/chroniques\/la-belle-histoire-du-voilier-loud-hadj-ameur-de-kerkennah-a-sete\/213012\/\" \/>\n<meta property=\"og:locale\" content=\"fr_FR\" \/>\n<meta property=\"og:type\" content=\"article\" \/>\n<meta property=\"og:title\" content=\"La belle histoire du voilier loud Hadj Ameur, de Kerkennah \u00e0 S\u00e8te\" \/>\n<meta property=\"og:description\" content=\"Le Haj Ameur, un loud construit dans la tradition des \u00eeles Kerkennah a \u00e9t\u00e9 lanc\u00e9 en mer, samedi 16 mars \u00e0 S\u00e8te, en France. Ce voilier a pu rena\u00eetre gr\u00e2ce \u00e0 l&#039;as...\" \/>\n<meta property=\"og:url\" content=\"https:\/\/www.webdo.tn\/fr\/actualite\/chroniques\/la-belle-histoire-du-voilier-loud-hadj-ameur-de-kerkennah-a-sete\/213012\/\" \/>\n<meta property=\"og:site_name\" content=\"webdo\" \/>\n<meta property=\"article:publisher\" content=\"https:\/\/www.facebook.com\/webdotn\" \/>\n<meta property=\"article:author\" content=\"https:\/\/www.facebook.com\/hatem.bourial.2025\" \/>\n<meta property=\"article:published_time\" content=\"2024-03-18T10:18:00+00:00\" \/>\n<meta property=\"og:image\" content=\"https:\/\/www.webdo.tn\/fr\/wp-content\/uploads\/2024\/03\/cc5d9c350168c4a5d0002a6e6b99d25e.jpg\" \/>\n\t<meta property=\"og:image:width\" content=\"750\" \/>\n\t<meta property=\"og:image:height\" content=\"400\" \/>\n\t<meta property=\"og:image:type\" content=\"image\/jpeg\" \/>\n<meta name=\"author\" content=\"Hatem Bourial\" \/>\n<meta name=\"twitter:card\" content=\"summary_large_image\" \/>\n<meta name=\"twitter:creator\" content=\"@webdo_tn\" \/>\n<meta name=\"twitter:site\" content=\"@webdo_tn\" \/>\n<meta name=\"twitter:label1\" content=\"\u00c9crit par\" \/>\n\t<meta name=\"twitter:data1\" content=\"Hatem Bourial\" \/>\n\t<meta name=\"twitter:label2\" content=\"Dur\u00e9e de lecture estim\u00e9e\" \/>\n\t<meta name=\"twitter:data2\" content=\"4 minutes\" \/>\n<script type=\"application\/ld+json\" class=\"yoast-schema-graph\">{\"@context\":\"https:\\\/\\\/schema.org\",\"@graph\":[{\"@type\":\"NewsArticle\",\"@id\":\"https:\\\/\\\/www.webdo.tn\\\/fr\\\/actualite\\\/chroniques\\\/la-belle-histoire-du-voilier-loud-hadj-ameur-de-kerkennah-a-sete\\\/213012\\\/#article\",\"isPartOf\":{\"@id\":\"https:\\\/\\\/www.webdo.tn\\\/fr\\\/actualite\\\/chroniques\\\/la-belle-histoire-du-voilier-loud-hadj-ameur-de-kerkennah-a-sete\\\/213012\\\/\"},\"author\":{\"name\":\"Hatem Bourial\",\"@id\":\"https:\\\/\\\/www.webdo.tn\\\/fr\\\/#\\\/schema\\\/person\\\/6bc0beba2cd23aec27cb5df85ca2554f\"},\"headline\":\"La belle histoire du voilier loud Hadj Ameur, de Kerkennah \u00e0 S\u00e8te\",\"datePublished\":\"2024-03-18T10:18:00+00:00\",\"mainEntityOfPage\":{\"@id\":\"https:\\\/\\\/www.webdo.tn\\\/fr\\\/actualite\\\/chroniques\\\/la-belle-histoire-du-voilier-loud-hadj-ameur-de-kerkennah-a-sete\\\/213012\\\/\"},\"wordCount\":828,\"commentCount\":0,\"publisher\":{\"@id\":\"https:\\\/\\\/www.webdo.tn\\\/fr\\\/#organization\"},\"image\":{\"@id\":\"https:\\\/\\\/www.webdo.tn\\\/fr\\\/actualite\\\/chroniques\\\/la-belle-histoire-du-voilier-loud-hadj-ameur-de-kerkennah-a-sete\\\/213012\\\/#primaryimage\"},\"thumbnailUrl\":\"https:\\\/\\\/www.webdo.tn\\\/fr\\\/wp-content\\\/uploads\\\/2024\\\/03\\\/cc5d9c350168c4a5d0002a6e6b99d25e.jpg\",\"keywords\":[\"'Haj Ameur'\",\"'loud'\",\"'voilier']\",\"kerkennah\",\"Tunisie\"],\"articleSection\":[\"Chroniques\"],\"inLanguage\":\"fr-FR\"},{\"@type\":\"WebPage\",\"@id\":\"https:\\\/\\\/www.webdo.tn\\\/fr\\\/actualite\\\/chroniques\\\/la-belle-histoire-du-voilier-loud-hadj-ameur-de-kerkennah-a-sete\\\/213012\\\/\",\"url\":\"https:\\\/\\\/www.webdo.tn\\\/fr\\\/actualite\\\/chroniques\\\/la-belle-histoire-du-voilier-loud-hadj-ameur-de-kerkennah-a-sete\\\/213012\\\/\",\"name\":\"La belle histoire du voilier loud Hadj Ameur, de Kerkennah \u00e0 S\u00e8te\",\"isPartOf\":{\"@id\":\"https:\\\/\\\/www.webdo.tn\\\/fr\\\/#website\"},\"primaryImageOfPage\":{\"@id\":\"https:\\\/\\\/www.webdo.tn\\\/fr\\\/actualite\\\/chroniques\\\/la-belle-histoire-du-voilier-loud-hadj-ameur-de-kerkennah-a-sete\\\/213012\\\/#primaryimage\"},\"image\":{\"@id\":\"https:\\\/\\\/www.webdo.tn\\\/fr\\\/actualite\\\/chroniques\\\/la-belle-histoire-du-voilier-loud-hadj-ameur-de-kerkennah-a-sete\\\/213012\\\/#primaryimage\"},\"thumbnailUrl\":\"https:\\\/\\\/www.webdo.tn\\\/fr\\\/wp-content\\\/uploads\\\/2024\\\/03\\\/cc5d9c350168c4a5d0002a6e6b99d25e.jpg\",\"datePublished\":\"2024-03-18T10:18:00+00:00\",\"description\":\"Le Haj Ameur, un loud construit dans la tradition des \u00eeles Kerkennah a \u00e9t\u00e9 lanc\u00e9 en mer, samedi 16 mars \u00e0 S\u00e8te, en France. Ce voilier a pu rena\u00eetre gr\u00e2ce \u00e0 l'as...\",\"breadcrumb\":{\"@id\":\"https:\\\/\\\/www.webdo.tn\\\/fr\\\/actualite\\\/chroniques\\\/la-belle-histoire-du-voilier-loud-hadj-ameur-de-kerkennah-a-sete\\\/213012\\\/#breadcrumb\"},\"inLanguage\":\"fr-FR\",\"potentialAction\":[{\"@type\":\"ReadAction\",\"target\":[\"https:\\\/\\\/www.webdo.tn\\\/fr\\\/actualite\\\/chroniques\\\/la-belle-histoire-du-voilier-loud-hadj-ameur-de-kerkennah-a-sete\\\/213012\\\/\"]}]},{\"@type\":\"ImageObject\",\"inLanguage\":\"fr-FR\",\"@id\":\"https:\\\/\\\/www.webdo.tn\\\/fr\\\/actualite\\\/chroniques\\\/la-belle-histoire-du-voilier-loud-hadj-ameur-de-kerkennah-a-sete\\\/213012\\\/#primaryimage\",\"url\":\"https:\\\/\\\/www.webdo.tn\\\/fr\\\/wp-content\\\/uploads\\\/2024\\\/03\\\/cc5d9c350168c4a5d0002a6e6b99d25e.jpg\",\"contentUrl\":\"https:\\\/\\\/www.webdo.tn\\\/fr\\\/wp-content\\\/uploads\\\/2024\\\/03\\\/cc5d9c350168c4a5d0002a6e6b99d25e.jpg\",\"width\":750,\"height\":400,\"caption\":\"La belle histoire du voilier loud Hadj Ameur, de Kerkennah \u00e0 S\u00e8te\"},{\"@type\":\"BreadcrumbList\",\"@id\":\"https:\\\/\\\/www.webdo.tn\\\/fr\\\/actualite\\\/chroniques\\\/la-belle-histoire-du-voilier-loud-hadj-ameur-de-kerkennah-a-sete\\\/213012\\\/#breadcrumb\",\"itemListElement\":[{\"@type\":\"ListItem\",\"position\":1,\"name\":\"Accueil\",\"item\":\"https:\\\/\\\/www.webdo.tn\\\/fr\\\/\"},{\"@type\":\"ListItem\",\"position\":2,\"name\":\"La belle histoire du voilier loud Hadj Ameur, de Kerkennah \u00e0 S\u00e8te\"}]},{\"@type\":\"WebSite\",\"@id\":\"https:\\\/\\\/www.webdo.tn\\\/fr\\\/#website\",\"url\":\"https:\\\/\\\/www.webdo.tn\\\/fr\\\/\",\"name\":\"webdo\",\"description\":\"Tunisie - News en Tunisie et \u00e0 l&#039;international sur Webdo.tn\",\"publisher\":{\"@id\":\"https:\\\/\\\/www.webdo.tn\\\/fr\\\/#organization\"},\"potentialAction\":[{\"@type\":\"SearchAction\",\"target\":{\"@type\":\"EntryPoint\",\"urlTemplate\":\"https:\\\/\\\/www.webdo.tn\\\/fr\\\/?s={search_term_string}\"},\"query-input\":{\"@type\":\"PropertyValueSpecification\",\"valueRequired\":true,\"valueName\":\"search_term_string\"}}],\"inLanguage\":\"fr-FR\"},{\"@type\":\"Organization\",\"@id\":\"https:\\\/\\\/www.webdo.tn\\\/fr\\\/#organization\",\"name\":\"Webdo\",\"alternateName\":\"Webdo.tn\",\"url\":\"https:\\\/\\\/www.webdo.tn\\\/fr\\\/\",\"logo\":{\"@type\":\"ImageObject\",\"inLanguage\":\"fr-FR\",\"@id\":\"https:\\\/\\\/www.webdo.tn\\\/fr\\\/#\\\/schema\\\/logo\\\/image\\\/\",\"url\":\"https:\\\/\\\/www.webdo.tn\\\/fr\\\/wp-content\\\/uploads\\\/2025\\\/06\\\/Webdo-Tunisie_168377.jpg\",\"contentUrl\":\"https:\\\/\\\/www.webdo.tn\\\/fr\\\/wp-content\\\/uploads\\\/2025\\\/06\\\/Webdo-Tunisie_168377.jpg\",\"width\":301,\"height\":301,\"caption\":\"Webdo\"},\"image\":{\"@id\":\"https:\\\/\\\/www.webdo.tn\\\/fr\\\/#\\\/schema\\\/logo\\\/image\\\/\"},\"sameAs\":[\"https:\\\/\\\/www.facebook.com\\\/webdotn\",\"https:\\\/\\\/x.com\\\/webdo_tn\"],\"description\":\"Webdo est un m\u00e9dia num\u00e9rique tunisien fond\u00e9 en 2010, sp\u00e9cialis\u00e9 dans l\u2019actualit\u00e9 nationale et internationale, l\u2019\u00e9conomie, la soci\u00e9t\u00e9 et les analyses politiques. Le site s\u2019adresse \u00e0 un large public francophone et couvre l\u2019information tunisienne en temps r\u00e9el.\",\"email\":\"redac@webdo.tn\",\"legalName\":\"YNJ SARL\",\"foundingDate\":\"2010-09-06\",\"numberOfEmployees\":{\"@type\":\"QuantitativeValue\",\"minValue\":\"11\",\"maxValue\":\"50\"}},{\"@type\":\"Person\",\"@id\":\"https:\\\/\\\/www.webdo.tn\\\/fr\\\/#\\\/schema\\\/person\\\/6bc0beba2cd23aec27cb5df85ca2554f\",\"name\":\"Hatem Bourial\",\"image\":{\"@type\":\"ImageObject\",\"inLanguage\":\"fr-FR\",\"@id\":\"https:\\\/\\\/www.webdo.tn\\\/fr\\\/wp-content\\\/uploads\\\/2026\\\/04\\\/hatem-bourial_avatar-96x96.jpg\",\"url\":\"https:\\\/\\\/www.webdo.tn\\\/fr\\\/wp-content\\\/uploads\\\/2026\\\/04\\\/hatem-bourial_avatar-96x96.jpg\",\"contentUrl\":\"https:\\\/\\\/www.webdo.tn\\\/fr\\\/wp-content\\\/uploads\\\/2026\\\/04\\\/hatem-bourial_avatar-96x96.jpg\",\"caption\":\"Hatem Bourial\"},\"description\":\"Hatem Bourial est journaliste, \u00e9crivain et chroniqueur tunisien. Actif depuis plusieurs d\u00e9cennies, il s\u2019est impos\u00e9 comme un observateur attentif de la soci\u00e9t\u00e9 tunisienne, m\u00ealant dans ses \u00e9crits m\u00e9moire, culture et analyse du quotidien. Auteur de nombreux ouvrages, il d\u00e9veloppe une \u0153uvre \u00e0 la crois\u00e9e du r\u00e9cit, de la po\u00e9sie et de l\u2019observation sociologique. Parall\u00e8lement \u00e0 ses contributions dans la presse, il intervient r\u00e9guli\u00e8rement \u00e0 la radio et dans des espaces culturels, o\u00f9 il explore les enjeux li\u00e9s au patrimoine, \u00e0 l\u2019identit\u00e9 et aux transformations du monde contemporain. \u00c0 travers ses chroniques, Hatem Bourial propose une lecture sensible et approfondie de l\u2019actualit\u00e9, nourrie par une exp\u00e9rience journalistique et litt\u00e9raire reconnue. \ud83d\udd17 Facebook : https:\\\/\\\/www.facebook.com\\\/hatem.bourial.2025\",\"sameAs\":[\"https:\\\/\\\/www.facebook.com\\\/hatem.bourial.2025\",\"https:\\\/\\\/fr.wikipedia.org\\\/wiki\\\/Fichier:Hatem_Bourial.jpg\"],\"knowsAbout\":[\"Culture & patrimoine tunisien\",\"Chronique soci\u00e9tale\",\"Litt\u00e9rature & m\u00e9moire\",\"Cin\u00e9ma & critique culturelle\",\"Identit\u00e9 & mutations sociales\"],\"knowsLanguage\":[\"Arabe\",\"Fran\u00e7ais\",\"Anglais\",\"Italien\",\"Polonais\"],\"jobTitle\":\"Journaliste, \u00e9crivain et chroniqueur culturel\",\"worksFor\":\"Webdo\",\"url\":\"https:\\\/\\\/www.webdo.tn\\\/fr\\\/actualite\\\/author\\\/hatem-bourial-2\\\/\"}]}<\/script>\n<!-- \/ Yoast SEO Premium plugin. -->","yoast_head_json":{"title":"La belle histoire du voilier loud Hadj Ameur, de Kerkennah \u00e0 S\u00e8te","description":"Le Haj Ameur, un loud construit dans la tradition des \u00eeles Kerkennah a \u00e9t\u00e9 lanc\u00e9 en mer, samedi 16 mars \u00e0 S\u00e8te, en France. Ce voilier a pu rena\u00eetre gr\u00e2ce \u00e0 l'as...","canonical":"https:\/\/www.webdo.tn\/fr\/actualite\/chroniques\/la-belle-histoire-du-voilier-loud-hadj-ameur-de-kerkennah-a-sete\/213012\/","og_locale":"fr_FR","og_type":"article","og_title":"La belle histoire du voilier loud Hadj Ameur, de Kerkennah \u00e0 S\u00e8te","og_description":"Le Haj Ameur, un loud construit dans la tradition des \u00eeles Kerkennah a \u00e9t\u00e9 lanc\u00e9 en mer, samedi 16 mars \u00e0 S\u00e8te, en France. Ce voilier a pu rena\u00eetre gr\u00e2ce \u00e0 l'as...","og_url":"https:\/\/www.webdo.tn\/fr\/actualite\/chroniques\/la-belle-histoire-du-voilier-loud-hadj-ameur-de-kerkennah-a-sete\/213012\/","og_site_name":"webdo","article_publisher":"https:\/\/www.facebook.com\/webdotn","article_author":"https:\/\/www.facebook.com\/hatem.bourial.2025","article_published_time":"2024-03-18T10:18:00+00:00","og_image":[{"width":750,"height":400,"url":"https:\/\/www.webdo.tn\/fr\/wp-content\/uploads\/2024\/03\/cc5d9c350168c4a5d0002a6e6b99d25e.jpg","type":"image\/jpeg"}],"author":"Hatem Bourial","twitter_card":"summary_large_image","twitter_creator":"@webdo_tn","twitter_site":"@webdo_tn","twitter_misc":{"\u00c9crit par":"Hatem Bourial","Dur\u00e9e de lecture estim\u00e9e":"4 minutes"},"schema":{"@context":"https:\/\/schema.org","@graph":[{"@type":"NewsArticle","@id":"https:\/\/www.webdo.tn\/fr\/actualite\/chroniques\/la-belle-histoire-du-voilier-loud-hadj-ameur-de-kerkennah-a-sete\/213012\/#article","isPartOf":{"@id":"https:\/\/www.webdo.tn\/fr\/actualite\/chroniques\/la-belle-histoire-du-voilier-loud-hadj-ameur-de-kerkennah-a-sete\/213012\/"},"author":{"name":"Hatem Bourial","@id":"https:\/\/www.webdo.tn\/fr\/#\/schema\/person\/6bc0beba2cd23aec27cb5df85ca2554f"},"headline":"La belle histoire du voilier loud Hadj Ameur, de Kerkennah \u00e0 S\u00e8te","datePublished":"2024-03-18T10:18:00+00:00","mainEntityOfPage":{"@id":"https:\/\/www.webdo.tn\/fr\/actualite\/chroniques\/la-belle-histoire-du-voilier-loud-hadj-ameur-de-kerkennah-a-sete\/213012\/"},"wordCount":828,"commentCount":0,"publisher":{"@id":"https:\/\/www.webdo.tn\/fr\/#organization"},"image":{"@id":"https:\/\/www.webdo.tn\/fr\/actualite\/chroniques\/la-belle-histoire-du-voilier-loud-hadj-ameur-de-kerkennah-a-sete\/213012\/#primaryimage"},"thumbnailUrl":"https:\/\/www.webdo.tn\/fr\/wp-content\/uploads\/2024\/03\/cc5d9c350168c4a5d0002a6e6b99d25e.jpg","keywords":["'Haj Ameur'","'loud'","'voilier']","kerkennah","Tunisie"],"articleSection":["Chroniques"],"inLanguage":"fr-FR"},{"@type":"WebPage","@id":"https:\/\/www.webdo.tn\/fr\/actualite\/chroniques\/la-belle-histoire-du-voilier-loud-hadj-ameur-de-kerkennah-a-sete\/213012\/","url":"https:\/\/www.webdo.tn\/fr\/actualite\/chroniques\/la-belle-histoire-du-voilier-loud-hadj-ameur-de-kerkennah-a-sete\/213012\/","name":"La belle histoire du voilier loud Hadj Ameur, de Kerkennah \u00e0 S\u00e8te","isPartOf":{"@id":"https:\/\/www.webdo.tn\/fr\/#website"},"primaryImageOfPage":{"@id":"https:\/\/www.webdo.tn\/fr\/actualite\/chroniques\/la-belle-histoire-du-voilier-loud-hadj-ameur-de-kerkennah-a-sete\/213012\/#primaryimage"},"image":{"@id":"https:\/\/www.webdo.tn\/fr\/actualite\/chroniques\/la-belle-histoire-du-voilier-loud-hadj-ameur-de-kerkennah-a-sete\/213012\/#primaryimage"},"thumbnailUrl":"https:\/\/www.webdo.tn\/fr\/wp-content\/uploads\/2024\/03\/cc5d9c350168c4a5d0002a6e6b99d25e.jpg","datePublished":"2024-03-18T10:18:00+00:00","description":"Le Haj Ameur, un loud construit dans la tradition des \u00eeles Kerkennah a \u00e9t\u00e9 lanc\u00e9 en mer, samedi 16 mars \u00e0 S\u00e8te, en France. Ce voilier a pu rena\u00eetre gr\u00e2ce \u00e0 l'as...","breadcrumb":{"@id":"https:\/\/www.webdo.tn\/fr\/actualite\/chroniques\/la-belle-histoire-du-voilier-loud-hadj-ameur-de-kerkennah-a-sete\/213012\/#breadcrumb"},"inLanguage":"fr-FR","potentialAction":[{"@type":"ReadAction","target":["https:\/\/www.webdo.tn\/fr\/actualite\/chroniques\/la-belle-histoire-du-voilier-loud-hadj-ameur-de-kerkennah-a-sete\/213012\/"]}]},{"@type":"ImageObject","inLanguage":"fr-FR","@id":"https:\/\/www.webdo.tn\/fr\/actualite\/chroniques\/la-belle-histoire-du-voilier-loud-hadj-ameur-de-kerkennah-a-sete\/213012\/#primaryimage","url":"https:\/\/www.webdo.tn\/fr\/wp-content\/uploads\/2024\/03\/cc5d9c350168c4a5d0002a6e6b99d25e.jpg","contentUrl":"https:\/\/www.webdo.tn\/fr\/wp-content\/uploads\/2024\/03\/cc5d9c350168c4a5d0002a6e6b99d25e.jpg","width":750,"height":400,"caption":"La belle histoire du voilier loud Hadj Ameur, de Kerkennah \u00e0 S\u00e8te"},{"@type":"BreadcrumbList","@id":"https:\/\/www.webdo.tn\/fr\/actualite\/chroniques\/la-belle-histoire-du-voilier-loud-hadj-ameur-de-kerkennah-a-sete\/213012\/#breadcrumb","itemListElement":[{"@type":"ListItem","position":1,"name":"Accueil","item":"https:\/\/www.webdo.tn\/fr\/"},{"@type":"ListItem","position":2,"name":"La belle histoire du voilier loud Hadj Ameur, de Kerkennah \u00e0 S\u00e8te"}]},{"@type":"WebSite","@id":"https:\/\/www.webdo.tn\/fr\/#website","url":"https:\/\/www.webdo.tn\/fr\/","name":"webdo","description":"Tunisie - News en Tunisie et \u00e0 l&#039;international sur Webdo.tn","publisher":{"@id":"https:\/\/www.webdo.tn\/fr\/#organization"},"potentialAction":[{"@type":"SearchAction","target":{"@type":"EntryPoint","urlTemplate":"https:\/\/www.webdo.tn\/fr\/?s={search_term_string}"},"query-input":{"@type":"PropertyValueSpecification","valueRequired":true,"valueName":"search_term_string"}}],"inLanguage":"fr-FR"},{"@type":"Organization","@id":"https:\/\/www.webdo.tn\/fr\/#organization","name":"Webdo","alternateName":"Webdo.tn","url":"https:\/\/www.webdo.tn\/fr\/","logo":{"@type":"ImageObject","inLanguage":"fr-FR","@id":"https:\/\/www.webdo.tn\/fr\/#\/schema\/logo\/image\/","url":"https:\/\/www.webdo.tn\/fr\/wp-content\/uploads\/2025\/06\/Webdo-Tunisie_168377.jpg","contentUrl":"https:\/\/www.webdo.tn\/fr\/wp-content\/uploads\/2025\/06\/Webdo-Tunisie_168377.jpg","width":301,"height":301,"caption":"Webdo"},"image":{"@id":"https:\/\/www.webdo.tn\/fr\/#\/schema\/logo\/image\/"},"sameAs":["https:\/\/www.facebook.com\/webdotn","https:\/\/x.com\/webdo_tn"],"description":"Webdo est un m\u00e9dia num\u00e9rique tunisien fond\u00e9 en 2010, sp\u00e9cialis\u00e9 dans l\u2019actualit\u00e9 nationale et internationale, l\u2019\u00e9conomie, la soci\u00e9t\u00e9 et les analyses politiques. Le site s\u2019adresse \u00e0 un large public francophone et couvre l\u2019information tunisienne en temps r\u00e9el.","email":"redac@webdo.tn","legalName":"YNJ SARL","foundingDate":"2010-09-06","numberOfEmployees":{"@type":"QuantitativeValue","minValue":"11","maxValue":"50"}},{"@type":"Person","@id":"https:\/\/www.webdo.tn\/fr\/#\/schema\/person\/6bc0beba2cd23aec27cb5df85ca2554f","name":"Hatem Bourial","image":{"@type":"ImageObject","inLanguage":"fr-FR","@id":"https:\/\/www.webdo.tn\/fr\/wp-content\/uploads\/2026\/04\/hatem-bourial_avatar-96x96.jpg","url":"https:\/\/www.webdo.tn\/fr\/wp-content\/uploads\/2026\/04\/hatem-bourial_avatar-96x96.jpg","contentUrl":"https:\/\/www.webdo.tn\/fr\/wp-content\/uploads\/2026\/04\/hatem-bourial_avatar-96x96.jpg","caption":"Hatem Bourial"},"description":"Hatem Bourial est journaliste, \u00e9crivain et chroniqueur tunisien. Actif depuis plusieurs d\u00e9cennies, il s\u2019est impos\u00e9 comme un observateur attentif de la soci\u00e9t\u00e9 tunisienne, m\u00ealant dans ses \u00e9crits m\u00e9moire, culture et analyse du quotidien. Auteur de nombreux ouvrages, il d\u00e9veloppe une \u0153uvre \u00e0 la crois\u00e9e du r\u00e9cit, de la po\u00e9sie et de l\u2019observation sociologique. Parall\u00e8lement \u00e0 ses contributions dans la presse, il intervient r\u00e9guli\u00e8rement \u00e0 la radio et dans des espaces culturels, o\u00f9 il explore les enjeux li\u00e9s au patrimoine, \u00e0 l\u2019identit\u00e9 et aux transformations du monde contemporain. \u00c0 travers ses chroniques, Hatem Bourial propose une lecture sensible et approfondie de l\u2019actualit\u00e9, nourrie par une exp\u00e9rience journalistique et litt\u00e9raire reconnue. \ud83d\udd17 Facebook : https:\/\/www.facebook.com\/hatem.bourial.2025","sameAs":["https:\/\/www.facebook.com\/hatem.bourial.2025","https:\/\/fr.wikipedia.org\/wiki\/Fichier:Hatem_Bourial.jpg"],"knowsAbout":["Culture & patrimoine tunisien","Chronique soci\u00e9tale","Litt\u00e9rature & m\u00e9moire","Cin\u00e9ma & critique culturelle","Identit\u00e9 & mutations sociales"],"knowsLanguage":["Arabe","Fran\u00e7ais","Anglais","Italien","Polonais"],"jobTitle":"Journaliste, \u00e9crivain et chroniqueur culturel","worksFor":"Webdo","url":"https:\/\/www.webdo.tn\/fr\/actualite\/author\/hatem-bourial-2\/"}]}},"_links":{"self":[{"href":"https:\/\/www.webdo.tn\/fr\/wp-json\/wp\/v2\/posts\/213012","targetHints":{"allow":["GET"]}}],"collection":[{"href":"https:\/\/www.webdo.tn\/fr\/wp-json\/wp\/v2\/posts"}],"about":[{"href":"https:\/\/www.webdo.tn\/fr\/wp-json\/wp\/v2\/types\/post"}],"author":[{"embeddable":true,"href":"https:\/\/www.webdo.tn\/fr\/wp-json\/wp\/v2\/users\/3229"}],"replies":[{"embeddable":true,"href":"https:\/\/www.webdo.tn\/fr\/wp-json\/wp\/v2\/comments?post=213012"}],"version-history":[{"count":0,"href":"https:\/\/www.webdo.tn\/fr\/wp-json\/wp\/v2\/posts\/213012\/revisions"}],"wp:featuredmedia":[{"embeddable":true,"href":"https:\/\/www.webdo.tn\/fr\/wp-json\/wp\/v2\/media\/290361"}],"wp:attachment":[{"href":"https:\/\/www.webdo.tn\/fr\/wp-json\/wp\/v2\/media?parent=213012"}],"wp:term":[{"taxonomy":"category","embeddable":true,"href":"https:\/\/www.webdo.tn\/fr\/wp-json\/wp\/v2\/categories?post=213012"},{"taxonomy":"post_tag","embeddable":true,"href":"https:\/\/www.webdo.tn\/fr\/wp-json\/wp\/v2\/tags?post=213012"}],"curies":[{"name":"wp","href":"https:\/\/api.w.org\/{rel}","templated":true}]}}