{"id":213005,"date":"2024-03-17T13:16:00","date_gmt":"2024-03-17T13:16:00","guid":{"rendered":"https:\/\/www.webdo.tn\/fr\/blog\/tunisie-election-du-conseil-national-des-regions-et-des-districts-le-27-mars\/213005\/"},"modified":"2025-05-20T22:12:27","modified_gmt":"2025-05-20T22:12:27","slug":"tunisie-election-du-conseil-national-des-regions-et-des-districts-le-27-mars","status":"publish","type":"post","link":"https:\/\/www.webdo.tn\/fr\/actualite\/national\/tunisie-election-du-conseil-national-des-regions-et-des-districts-le-27-mars\/213005\/","title":{"rendered":"Tunisie : Election du Conseil national des r\u00e9gions et des districts, le 27 mars"},"content":{"rendered":"<p>L\u2019\u00e9lection des membres du Conseil national des r\u00e9gions et des districts commun\u00e9ment appel\u00e9e deuxi\u00e8me chambre parlementaire, auront lieu le 27 mars 2024, a annonc\u00e9 l\u2019ISIE par la voix de son porte-parole.<\/p>\n<p>\t\t\t\t\t\t\t\t\tMohamed Tlili Mansri, porte-parole de l\u2019Instance sup\u00e9rieure ind\u00e9pendante pour les \u00e9lections (ISIE), a indiqu\u00e9, samedi 16 mars \u00e0 l\u2019agence TAP, que les membres du Conseil national des r\u00e9gions et des districts auront lieu le 27 mars prochain et les r\u00e9sultats seront proclam\u00e9s juste apr\u00e8s la fin du d\u00e9pouillement des voix.<\/p>\n<p>Mohamed Tlili Mansri a pr\u00e9cis\u00e9 que cette \u00e9lection concerne les membres des conseils r\u00e9gionaux qui ont \u00e9t\u00e9 tir\u00e9s au sort. Ces derniers d\u00e9poser leur candidature entre les 20 et 22 mars.<\/p>\n<p>Pour l\u2019\u00e9lection des membres de la deuxi\u00e8me chambre parlementaire, trois membres seront \u00e9lus sur chaque conseil r\u00e9gional, en plus des membres repr\u00e9sentants les cinq conseils de district (Un membre \u00e9lu sur chaque conseil de district), conform\u00e9ment au d\u00e9cret-loi n\u00b010\/2023.<\/p>\n<p>A noter que ce sont les membres des conseils r\u00e9gionaux et des conseils de districts qui \u00e9liront ou se feront \u00e9lire en m\u00eame temps.<\/p>\n<p>L\u2019\u00e9lection des membres de conseils r\u00e9gionaux se d\u00e9roulera dans les si\u00e8ges des instances r\u00e9gionales, alors que l\u2019\u00e9lection des membres des conseils de district aura lieu dans les si\u00e8ges des gouvernorats en question.<\/p>\n<p>S\u2019agissant du comblement de la vacance dans les diff\u00e9rents conseils, Mansri a expliqu\u00e9 qu\u2019il aura lieu apr\u00e8s la mise en place de la deuxi\u00e8me chambre parlementaire.<\/p>\n<p>Rappelons que l\u2019ISIE a annonc\u00e9 le 13 mars en cours les r\u00e9sultats des \u00e9lections des conseils des districts.<\/p>\n<p>C\u2019est le 2 mars dernier que l\u2019ISIE a annonc\u00e9 officiellement, la composition des 24 conseils r\u00e9gionaux. Ces conseils ont \u00e9t\u00e9 form\u00e9s \u00e0 la suite des op\u00e9rations de tirage au sort effectu\u00e9es par les 279 conseils locaux. Suite \u00e0 ces tirages au sort, les membres des conseils dans les 24 gouvernorats ont \u00e9t\u00e9 d\u00e9sign\u00e9s.<\/p>\n<p>Apr\u00e8s cette phase qui a vu la formation des conseils r\u00e9gionaux, place donc au conseil des districts dont les membres seront \u00e9lus parmi les membres des conseils r\u00e9gionaux.<\/p>\n","protected":false},"excerpt":{"rendered":"<p>Les membres du Conseil national des r\u00e9gions et des districts auront lieu le 27 mars prochain et les r\u00e9sultats seront proclam\u00e9s juste apr\u00e8s la fin du d\u00e9pouilleme&#8230;<\/p>\n","protected":false},"author":3162,"featured_media":290357,"comment_status":"open","ping_status":"closed","sticky":false,"template":"","format":"standard","meta":{"footnotes":""},"categories":[44],"tags":[10053,10054,7861,4406,2608],"class_list":["post-213005","post","type-post","status-publish","format-standard","has-post-thumbnail","hentry","category-national","tag-conseil-national","tag-deuxieme-chambre-parlementaire","tag-districts","tag-regions","tag-tunisie"],"yoast_head":"<!-- This site is optimized with the Yoast SEO Premium plugin v27.5 (Yoast SEO v27.5) - https:\/\/yoast.com\/product\/yoast-seo-premium-wordpress\/ -->\n<title>Tunisie : Election du Conseil national des r\u00e9gions et des districts, le 27 mars<\/title>\n<meta name=\"description\" content=\"Les membres du Conseil national des r\u00e9gions et des districts auront lieu le 27 mars prochain et les r\u00e9sultats seront proclam\u00e9s juste apr\u00e8s la fin du d\u00e9pouilleme...\" \/>\n<link rel=\"canonical\" href=\"https:\/\/www.webdo.tn\/fr\/actualite\/national\/tunisie-election-du-conseil-national-des-regions-et-des-districts-le-27-mars\/213005\/\" \/>\n<meta property=\"og:locale\" content=\"fr_FR\" \/>\n<meta property=\"og:type\" content=\"article\" \/>\n<meta property=\"og:title\" content=\"Tunisie : Election du Conseil national des r\u00e9gions et des districts, le 27 mars\" \/>\n<meta property=\"og:description\" content=\"Les membres du Conseil national des r\u00e9gions et des districts auront lieu le 27 mars prochain et les r\u00e9sultats seront proclam\u00e9s juste apr\u00e8s la fin du d\u00e9pouilleme...\" \/>\n<meta property=\"og:url\" content=\"https:\/\/www.webdo.tn\/fr\/actualite\/national\/tunisie-election-du-conseil-national-des-regions-et-des-districts-le-27-mars\/213005\/\" \/>\n<meta property=\"og:site_name\" content=\"webdo\" \/>\n<meta property=\"article:publisher\" content=\"https:\/\/www.facebook.com\/webdotn\" \/>\n<meta property=\"article:published_time\" content=\"2024-03-17T13:16:00+00:00\" \/>\n<meta property=\"article:modified_time\" content=\"2025-05-20T22:12:27+00:00\" \/>\n<meta property=\"og:image\" content=\"https:\/\/www.webdo.tn\/fr\/wp-content\/uploads\/2024\/03\/273f8c049a846b53c1794ed4aa1cf2b3.jpg\" \/>\n\t<meta property=\"og:image:width\" content=\"750\" \/>\n\t<meta property=\"og:image:height\" content=\"400\" \/>\n\t<meta property=\"og:image:type\" content=\"image\/jpeg\" \/>\n<meta name=\"author\" content=\"MC\" \/>\n<meta name=\"twitter:card\" content=\"summary_large_image\" \/>\n<meta name=\"twitter:creator\" content=\"@webdo_tn\" \/>\n<meta name=\"twitter:site\" content=\"@webdo_tn\" \/>\n<meta name=\"twitter:label1\" content=\"\u00c9crit par\" \/>\n\t<meta name=\"twitter:data1\" content=\"MC\" \/>\n\t<meta name=\"twitter:label2\" content=\"Dur\u00e9e de lecture estim\u00e9e\" \/>\n\t<meta name=\"twitter:data2\" content=\"2 minutes\" \/>\n<script type=\"application\/ld+json\" class=\"yoast-schema-graph\">{\"@context\":\"https:\\\/\\\/schema.org\",\"@graph\":[{\"@type\":\"NewsArticle\",\"@id\":\"https:\\\/\\\/www.webdo.tn\\\/fr\\\/actualite\\\/national\\\/tunisie-election-du-conseil-national-des-regions-et-des-districts-le-27-mars\\\/213005\\\/#article\",\"isPartOf\":{\"@id\":\"https:\\\/\\\/www.webdo.tn\\\/fr\\\/actualite\\\/national\\\/tunisie-election-du-conseil-national-des-regions-et-des-districts-le-27-mars\\\/213005\\\/\"},\"author\":{\"name\":\"MC\",\"@id\":\"https:\\\/\\\/www.webdo.tn\\\/fr\\\/#\\\/schema\\\/person\\\/2c4929cbf5a809e3bd38617c6ce150f6\"},\"headline\":\"Tunisie : Election du Conseil national des r\u00e9gions et des districts, le 27 mars\",\"datePublished\":\"2024-03-17T13:16:00+00:00\",\"dateModified\":\"2025-05-20T22:12:27+00:00\",\"mainEntityOfPage\":{\"@id\":\"https:\\\/\\\/www.webdo.tn\\\/fr\\\/actualite\\\/national\\\/tunisie-election-du-conseil-national-des-regions-et-des-districts-le-27-mars\\\/213005\\\/\"},\"wordCount\":383,\"commentCount\":0,\"publisher\":{\"@id\":\"https:\\\/\\\/www.webdo.tn\\\/fr\\\/#organization\"},\"image\":{\"@id\":\"https:\\\/\\\/www.webdo.tn\\\/fr\\\/actualite\\\/national\\\/tunisie-election-du-conseil-national-des-regions-et-des-districts-le-27-mars\\\/213005\\\/#primaryimage\"},\"thumbnailUrl\":\"https:\\\/\\\/www.webdo.tn\\\/fr\\\/wp-content\\\/uploads\\\/2024\\\/03\\\/273f8c049a846b53c1794ed4aa1cf2b3.jpg\",\"keywords\":[\"'Conseil national'\",\"'deuxi\u00e8me chambre parlementaire']\",\"districts\",\"r\u00e9gions\",\"Tunisie\"],\"articleSection\":[\"National\"],\"inLanguage\":\"fr-FR\"},{\"@type\":\"WebPage\",\"@id\":\"https:\\\/\\\/www.webdo.tn\\\/fr\\\/actualite\\\/national\\\/tunisie-election-du-conseil-national-des-regions-et-des-districts-le-27-mars\\\/213005\\\/\",\"url\":\"https:\\\/\\\/www.webdo.tn\\\/fr\\\/actualite\\\/national\\\/tunisie-election-du-conseil-national-des-regions-et-des-districts-le-27-mars\\\/213005\\\/\",\"name\":\"Tunisie : Election du Conseil national des r\u00e9gions et des districts, le 27 mars\",\"isPartOf\":{\"@id\":\"https:\\\/\\\/www.webdo.tn\\\/fr\\\/#website\"},\"primaryImageOfPage\":{\"@id\":\"https:\\\/\\\/www.webdo.tn\\\/fr\\\/actualite\\\/national\\\/tunisie-election-du-conseil-national-des-regions-et-des-districts-le-27-mars\\\/213005\\\/#primaryimage\"},\"image\":{\"@id\":\"https:\\\/\\\/www.webdo.tn\\\/fr\\\/actualite\\\/national\\\/tunisie-election-du-conseil-national-des-regions-et-des-districts-le-27-mars\\\/213005\\\/#primaryimage\"},\"thumbnailUrl\":\"https:\\\/\\\/www.webdo.tn\\\/fr\\\/wp-content\\\/uploads\\\/2024\\\/03\\\/273f8c049a846b53c1794ed4aa1cf2b3.jpg\",\"datePublished\":\"2024-03-17T13:16:00+00:00\",\"dateModified\":\"2025-05-20T22:12:27+00:00\",\"description\":\"Les membres du Conseil national des r\u00e9gions et des districts auront lieu le 27 mars prochain et les r\u00e9sultats seront proclam\u00e9s juste apr\u00e8s la fin du d\u00e9pouilleme...\",\"breadcrumb\":{\"@id\":\"https:\\\/\\\/www.webdo.tn\\\/fr\\\/actualite\\\/national\\\/tunisie-election-du-conseil-national-des-regions-et-des-districts-le-27-mars\\\/213005\\\/#breadcrumb\"},\"inLanguage\":\"fr-FR\",\"potentialAction\":[{\"@type\":\"ReadAction\",\"target\":[\"https:\\\/\\\/www.webdo.tn\\\/fr\\\/actualite\\\/national\\\/tunisie-election-du-conseil-national-des-regions-et-des-districts-le-27-mars\\\/213005\\\/\"]}]},{\"@type\":\"ImageObject\",\"inLanguage\":\"fr-FR\",\"@id\":\"https:\\\/\\\/www.webdo.tn\\\/fr\\\/actualite\\\/national\\\/tunisie-election-du-conseil-national-des-regions-et-des-districts-le-27-mars\\\/213005\\\/#primaryimage\",\"url\":\"https:\\\/\\\/www.webdo.tn\\\/fr\\\/wp-content\\\/uploads\\\/2024\\\/03\\\/273f8c049a846b53c1794ed4aa1cf2b3.jpg\",\"contentUrl\":\"https:\\\/\\\/www.webdo.tn\\\/fr\\\/wp-content\\\/uploads\\\/2024\\\/03\\\/273f8c049a846b53c1794ed4aa1cf2b3.jpg\",\"width\":750,\"height\":400,\"caption\":\"Tunisie : Election du Conseil national des r\u00e9gions et des districts, le 27 mars\"},{\"@type\":\"BreadcrumbList\",\"@id\":\"https:\\\/\\\/www.webdo.tn\\\/fr\\\/actualite\\\/national\\\/tunisie-election-du-conseil-national-des-regions-et-des-districts-le-27-mars\\\/213005\\\/#breadcrumb\",\"itemListElement\":[{\"@type\":\"ListItem\",\"position\":1,\"name\":\"Accueil\",\"item\":\"https:\\\/\\\/www.webdo.tn\\\/fr\\\/\"},{\"@type\":\"ListItem\",\"position\":2,\"name\":\"Tunisie : Election du Conseil national des r\u00e9gions et des districts, le 27 mars\"}]},{\"@type\":\"WebSite\",\"@id\":\"https:\\\/\\\/www.webdo.tn\\\/fr\\\/#website\",\"url\":\"https:\\\/\\\/www.webdo.tn\\\/fr\\\/\",\"name\":\"webdo\",\"description\":\"Tunisie - News en Tunisie et \u00e0 l&#039;international sur Webdo.tn\",\"publisher\":{\"@id\":\"https:\\\/\\\/www.webdo.tn\\\/fr\\\/#organization\"},\"potentialAction\":[{\"@type\":\"SearchAction\",\"target\":{\"@type\":\"EntryPoint\",\"urlTemplate\":\"https:\\\/\\\/www.webdo.tn\\\/fr\\\/?s={search_term_string}\"},\"query-input\":{\"@type\":\"PropertyValueSpecification\",\"valueRequired\":true,\"valueName\":\"search_term_string\"}}],\"inLanguage\":\"fr-FR\"},{\"@type\":\"Organization\",\"@id\":\"https:\\\/\\\/www.webdo.tn\\\/fr\\\/#organization\",\"name\":\"Webdo\",\"alternateName\":\"Webdo.tn\",\"url\":\"https:\\\/\\\/www.webdo.tn\\\/fr\\\/\",\"logo\":{\"@type\":\"ImageObject\",\"inLanguage\":\"fr-FR\",\"@id\":\"https:\\\/\\\/www.webdo.tn\\\/fr\\\/#\\\/schema\\\/logo\\\/image\\\/\",\"url\":\"https:\\\/\\\/www.webdo.tn\\\/fr\\\/wp-content\\\/uploads\\\/2025\\\/06\\\/Webdo-Tunisie_168377.jpg\",\"contentUrl\":\"https:\\\/\\\/www.webdo.tn\\\/fr\\\/wp-content\\\/uploads\\\/2025\\\/06\\\/Webdo-Tunisie_168377.jpg\",\"width\":301,\"height\":301,\"caption\":\"Webdo\"},\"image\":{\"@id\":\"https:\\\/\\\/www.webdo.tn\\\/fr\\\/#\\\/schema\\\/logo\\\/image\\\/\"},\"sameAs\":[\"https:\\\/\\\/www.facebook.com\\\/webdotn\",\"https:\\\/\\\/x.com\\\/webdo_tn\"],\"description\":\"Webdo est un m\u00e9dia num\u00e9rique tunisien fond\u00e9 en 2010, sp\u00e9cialis\u00e9 dans l\u2019actualit\u00e9 nationale et internationale, l\u2019\u00e9conomie, la soci\u00e9t\u00e9 et les analyses politiques. Le site s\u2019adresse \u00e0 un large public francophone et couvre l\u2019information tunisienne en temps r\u00e9el.\",\"email\":\"redac@webdo.tn\",\"legalName\":\"YNJ SARL\",\"foundingDate\":\"2010-09-06\",\"numberOfEmployees\":{\"@type\":\"QuantitativeValue\",\"minValue\":\"11\",\"maxValue\":\"50\"}},{\"@type\":\"Person\",\"@id\":\"https:\\\/\\\/www.webdo.tn\\\/fr\\\/#\\\/schema\\\/person\\\/2c4929cbf5a809e3bd38617c6ce150f6\",\"name\":\"MC\",\"image\":{\"@type\":\"ImageObject\",\"inLanguage\":\"fr-FR\",\"@id\":\"https:\\\/\\\/secure.gravatar.com\\\/avatar\\\/a545bbb6f84efdd5553dbbc2895e3ca8f1d12c5215e00a041c9670b54aa9b18a?s=96&d=mm&r=g\",\"url\":\"https:\\\/\\\/secure.gravatar.com\\\/avatar\\\/a545bbb6f84efdd5553dbbc2895e3ca8f1d12c5215e00a041c9670b54aa9b18a?s=96&d=mm&r=g\",\"contentUrl\":\"https:\\\/\\\/secure.gravatar.com\\\/avatar\\\/a545bbb6f84efdd5553dbbc2895e3ca8f1d12c5215e00a041c9670b54aa9b18a?s=96&d=mm&r=g\",\"caption\":\"MC\"},\"url\":\"https:\\\/\\\/www.webdo.tn\\\/fr\\\/actualite\\\/author\\\/mc\\\/\"}]}<\/script>\n<!-- \/ Yoast SEO Premium plugin. -->","yoast_head_json":{"title":"Tunisie : Election du Conseil national des r\u00e9gions et des districts, le 27 mars","description":"Les membres du Conseil national des r\u00e9gions et des districts auront lieu le 27 mars prochain et les r\u00e9sultats seront proclam\u00e9s juste apr\u00e8s la fin du d\u00e9pouilleme...","canonical":"https:\/\/www.webdo.tn\/fr\/actualite\/national\/tunisie-election-du-conseil-national-des-regions-et-des-districts-le-27-mars\/213005\/","og_locale":"fr_FR","og_type":"article","og_title":"Tunisie : Election du Conseil national des r\u00e9gions et des districts, le 27 mars","og_description":"Les membres du Conseil national des r\u00e9gions et des districts auront lieu le 27 mars prochain et les r\u00e9sultats seront proclam\u00e9s juste apr\u00e8s la fin du d\u00e9pouilleme...","og_url":"https:\/\/www.webdo.tn\/fr\/actualite\/national\/tunisie-election-du-conseil-national-des-regions-et-des-districts-le-27-mars\/213005\/","og_site_name":"webdo","article_publisher":"https:\/\/www.facebook.com\/webdotn","article_published_time":"2024-03-17T13:16:00+00:00","article_modified_time":"2025-05-20T22:12:27+00:00","og_image":[{"width":750,"height":400,"url":"https:\/\/www.webdo.tn\/fr\/wp-content\/uploads\/2024\/03\/273f8c049a846b53c1794ed4aa1cf2b3.jpg","type":"image\/jpeg"}],"author":"MC","twitter_card":"summary_large_image","twitter_creator":"@webdo_tn","twitter_site":"@webdo_tn","twitter_misc":{"\u00c9crit par":"MC","Dur\u00e9e de lecture estim\u00e9e":"2 minutes"},"schema":{"@context":"https:\/\/schema.org","@graph":[{"@type":"NewsArticle","@id":"https:\/\/www.webdo.tn\/fr\/actualite\/national\/tunisie-election-du-conseil-national-des-regions-et-des-districts-le-27-mars\/213005\/#article","isPartOf":{"@id":"https:\/\/www.webdo.tn\/fr\/actualite\/national\/tunisie-election-du-conseil-national-des-regions-et-des-districts-le-27-mars\/213005\/"},"author":{"name":"MC","@id":"https:\/\/www.webdo.tn\/fr\/#\/schema\/person\/2c4929cbf5a809e3bd38617c6ce150f6"},"headline":"Tunisie : Election du Conseil national des r\u00e9gions et des districts, le 27 mars","datePublished":"2024-03-17T13:16:00+00:00","dateModified":"2025-05-20T22:12:27+00:00","mainEntityOfPage":{"@id":"https:\/\/www.webdo.tn\/fr\/actualite\/national\/tunisie-election-du-conseil-national-des-regions-et-des-districts-le-27-mars\/213005\/"},"wordCount":383,"commentCount":0,"publisher":{"@id":"https:\/\/www.webdo.tn\/fr\/#organization"},"image":{"@id":"https:\/\/www.webdo.tn\/fr\/actualite\/national\/tunisie-election-du-conseil-national-des-regions-et-des-districts-le-27-mars\/213005\/#primaryimage"},"thumbnailUrl":"https:\/\/www.webdo.tn\/fr\/wp-content\/uploads\/2024\/03\/273f8c049a846b53c1794ed4aa1cf2b3.jpg","keywords":["'Conseil national'","'deuxi\u00e8me chambre parlementaire']","districts","r\u00e9gions","Tunisie"],"articleSection":["National"],"inLanguage":"fr-FR"},{"@type":"WebPage","@id":"https:\/\/www.webdo.tn\/fr\/actualite\/national\/tunisie-election-du-conseil-national-des-regions-et-des-districts-le-27-mars\/213005\/","url":"https:\/\/www.webdo.tn\/fr\/actualite\/national\/tunisie-election-du-conseil-national-des-regions-et-des-districts-le-27-mars\/213005\/","name":"Tunisie : Election du Conseil national des r\u00e9gions et des districts, le 27 mars","isPartOf":{"@id":"https:\/\/www.webdo.tn\/fr\/#website"},"primaryImageOfPage":{"@id":"https:\/\/www.webdo.tn\/fr\/actualite\/national\/tunisie-election-du-conseil-national-des-regions-et-des-districts-le-27-mars\/213005\/#primaryimage"},"image":{"@id":"https:\/\/www.webdo.tn\/fr\/actualite\/national\/tunisie-election-du-conseil-national-des-regions-et-des-districts-le-27-mars\/213005\/#primaryimage"},"thumbnailUrl":"https:\/\/www.webdo.tn\/fr\/wp-content\/uploads\/2024\/03\/273f8c049a846b53c1794ed4aa1cf2b3.jpg","datePublished":"2024-03-17T13:16:00+00:00","dateModified":"2025-05-20T22:12:27+00:00","description":"Les membres du Conseil national des r\u00e9gions et des districts auront lieu le 27 mars prochain et les r\u00e9sultats seront proclam\u00e9s juste apr\u00e8s la fin du d\u00e9pouilleme...","breadcrumb":{"@id":"https:\/\/www.webdo.tn\/fr\/actualite\/national\/tunisie-election-du-conseil-national-des-regions-et-des-districts-le-27-mars\/213005\/#breadcrumb"},"inLanguage":"fr-FR","potentialAction":[{"@type":"ReadAction","target":["https:\/\/www.webdo.tn\/fr\/actualite\/national\/tunisie-election-du-conseil-national-des-regions-et-des-districts-le-27-mars\/213005\/"]}]},{"@type":"ImageObject","inLanguage":"fr-FR","@id":"https:\/\/www.webdo.tn\/fr\/actualite\/national\/tunisie-election-du-conseil-national-des-regions-et-des-districts-le-27-mars\/213005\/#primaryimage","url":"https:\/\/www.webdo.tn\/fr\/wp-content\/uploads\/2024\/03\/273f8c049a846b53c1794ed4aa1cf2b3.jpg","contentUrl":"https:\/\/www.webdo.tn\/fr\/wp-content\/uploads\/2024\/03\/273f8c049a846b53c1794ed4aa1cf2b3.jpg","width":750,"height":400,"caption":"Tunisie : Election du Conseil national des r\u00e9gions et des districts, le 27 mars"},{"@type":"BreadcrumbList","@id":"https:\/\/www.webdo.tn\/fr\/actualite\/national\/tunisie-election-du-conseil-national-des-regions-et-des-districts-le-27-mars\/213005\/#breadcrumb","itemListElement":[{"@type":"ListItem","position":1,"name":"Accueil","item":"https:\/\/www.webdo.tn\/fr\/"},{"@type":"ListItem","position":2,"name":"Tunisie : Election du Conseil national des r\u00e9gions et des districts, le 27 mars"}]},{"@type":"WebSite","@id":"https:\/\/www.webdo.tn\/fr\/#website","url":"https:\/\/www.webdo.tn\/fr\/","name":"webdo","description":"Tunisie - News en Tunisie et \u00e0 l&#039;international sur Webdo.tn","publisher":{"@id":"https:\/\/www.webdo.tn\/fr\/#organization"},"potentialAction":[{"@type":"SearchAction","target":{"@type":"EntryPoint","urlTemplate":"https:\/\/www.webdo.tn\/fr\/?s={search_term_string}"},"query-input":{"@type":"PropertyValueSpecification","valueRequired":true,"valueName":"search_term_string"}}],"inLanguage":"fr-FR"},{"@type":"Organization","@id":"https:\/\/www.webdo.tn\/fr\/#organization","name":"Webdo","alternateName":"Webdo.tn","url":"https:\/\/www.webdo.tn\/fr\/","logo":{"@type":"ImageObject","inLanguage":"fr-FR","@id":"https:\/\/www.webdo.tn\/fr\/#\/schema\/logo\/image\/","url":"https:\/\/www.webdo.tn\/fr\/wp-content\/uploads\/2025\/06\/Webdo-Tunisie_168377.jpg","contentUrl":"https:\/\/www.webdo.tn\/fr\/wp-content\/uploads\/2025\/06\/Webdo-Tunisie_168377.jpg","width":301,"height":301,"caption":"Webdo"},"image":{"@id":"https:\/\/www.webdo.tn\/fr\/#\/schema\/logo\/image\/"},"sameAs":["https:\/\/www.facebook.com\/webdotn","https:\/\/x.com\/webdo_tn"],"description":"Webdo est un m\u00e9dia num\u00e9rique tunisien fond\u00e9 en 2010, sp\u00e9cialis\u00e9 dans l\u2019actualit\u00e9 nationale et internationale, l\u2019\u00e9conomie, la soci\u00e9t\u00e9 et les analyses politiques. Le site s\u2019adresse \u00e0 un large public francophone et couvre l\u2019information tunisienne en temps r\u00e9el.","email":"redac@webdo.tn","legalName":"YNJ SARL","foundingDate":"2010-09-06","numberOfEmployees":{"@type":"QuantitativeValue","minValue":"11","maxValue":"50"}},{"@type":"Person","@id":"https:\/\/www.webdo.tn\/fr\/#\/schema\/person\/2c4929cbf5a809e3bd38617c6ce150f6","name":"MC","image":{"@type":"ImageObject","inLanguage":"fr-FR","@id":"https:\/\/secure.gravatar.com\/avatar\/a545bbb6f84efdd5553dbbc2895e3ca8f1d12c5215e00a041c9670b54aa9b18a?s=96&d=mm&r=g","url":"https:\/\/secure.gravatar.com\/avatar\/a545bbb6f84efdd5553dbbc2895e3ca8f1d12c5215e00a041c9670b54aa9b18a?s=96&d=mm&r=g","contentUrl":"https:\/\/secure.gravatar.com\/avatar\/a545bbb6f84efdd5553dbbc2895e3ca8f1d12c5215e00a041c9670b54aa9b18a?s=96&d=mm&r=g","caption":"MC"},"url":"https:\/\/www.webdo.tn\/fr\/actualite\/author\/mc\/"}]}},"_links":{"self":[{"href":"https:\/\/www.webdo.tn\/fr\/wp-json\/wp\/v2\/posts\/213005","targetHints":{"allow":["GET"]}}],"collection":[{"href":"https:\/\/www.webdo.tn\/fr\/wp-json\/wp\/v2\/posts"}],"about":[{"href":"https:\/\/www.webdo.tn\/fr\/wp-json\/wp\/v2\/types\/post"}],"author":[{"embeddable":true,"href":"https:\/\/www.webdo.tn\/fr\/wp-json\/wp\/v2\/users\/3162"}],"replies":[{"embeddable":true,"href":"https:\/\/www.webdo.tn\/fr\/wp-json\/wp\/v2\/comments?post=213005"}],"version-history":[{"count":0,"href":"https:\/\/www.webdo.tn\/fr\/wp-json\/wp\/v2\/posts\/213005\/revisions"}],"wp:featuredmedia":[{"embeddable":true,"href":"https:\/\/www.webdo.tn\/fr\/wp-json\/wp\/v2\/media\/290357"}],"wp:attachment":[{"href":"https:\/\/www.webdo.tn\/fr\/wp-json\/wp\/v2\/media?parent=213005"}],"wp:term":[{"taxonomy":"category","embeddable":true,"href":"https:\/\/www.webdo.tn\/fr\/wp-json\/wp\/v2\/categories?post=213005"},{"taxonomy":"post_tag","embeddable":true,"href":"https:\/\/www.webdo.tn\/fr\/wp-json\/wp\/v2\/tags?post=213005"}],"curies":[{"name":"wp","href":"https:\/\/api.w.org\/{rel}","templated":true}]}}