{"id":213003,"date":"2024-03-17T11:08:00","date_gmt":"2024-03-17T11:08:00","guid":{"rendered":"https:\/\/www.webdo.tn\/fr\/blog\/kais-saied-en-visite-surprise-dans-le-gouvernorat-de-kebili\/213003\/"},"modified":"2025-05-20T21:52:08","modified_gmt":"2025-05-20T21:52:08","slug":"kais-saied-en-visite-surprise-dans-le-gouvernorat-de-kebili","status":"publish","type":"post","link":"https:\/\/www.webdo.tn\/fr\/actualite\/national\/kais-saied-en-visite-surprise-dans-le-gouvernorat-de-kebili\/213003\/","title":{"rendered":"Kais Saied en visite surprise dans le gouvernorat de Kebili"},"content":{"rendered":"<p>Le pr\u00e9sident de la R\u00e9publique, Kais Saied, a effectu\u00e9 une visite inopin\u00e9e dans le gouvernorat de Kebili, samedi soir et plus pr\u00e9cis\u00e9ment \u00e0 Nouail de la commune de Douz.<\/p>\n<p>\t\t\t\t\t\t\t\t\tLors de cette visite surprise, le Chef de l\u2019Etat est all\u00e9 \u00e0 la rencontre des habitants de la r\u00e9gion afin d\u2019\u00e9couter leurs dol\u00e9ances.<\/p>\n<p>Ces derniers ont exprim\u00e9 leurs pr\u00e9occupations et leurs difficult\u00e9s \u00e0 lancer leurs projets et l&rsquo;absence de r\u00e9ponse des autorit\u00e9s concern\u00e9es \u00e0 leurs demandes, rapporte un communiqu\u00e9 de la Pr\u00e9sidence de la R\u00e9publique publi\u00e9 ce dimanche 17 mars 2024.<\/p>\n<p>A cette occasion, le pr\u00e9sident de la R\u00e9publique a rappel\u00e9 la n\u00e9cessit\u00e9 pour tout fonctionnaire de se conformer \u00e0 ses devoirs envers les citoyens et de leur fournir, dans le plein respect de la loi, les services dont ils ont besoin.<\/p>\n<p>Kais Saied a rappel\u00e9, dans ce contexte que l&rsquo;Etat ne tol\u00e9rera pas les fonctionnaires qui font preuve de laxisme que ce soit au niveau national, r\u00e9gional ou local.<\/p>\n<p>Le pr\u00e9sident de la R\u00e9publique a \u00e9galement partag\u00e9 l&rsquo;iftar avec un certain nombre de citoyens \u00e0 Bir Bel Kassem \u00e0 Douz.<\/p>\n","protected":false},"excerpt":{"rendered":"<p>Lors de cette visite surprise, le Chef de l\u2019Etat est all\u00e9 \u00e0 la rencontre des habitants de la r\u00e9gion afin d\u2019\u00e9couter leurs dol\u00e9ances.<\/p>\n","protected":false},"author":3162,"featured_media":247776,"comment_status":"open","ping_status":"closed","sticky":false,"template":"","format":"standard","meta":{"footnotes":""},"categories":[44],"tags":[2614,3635,2608,4154],"class_list":["post-213003","post","type-post","status-publish","format-standard","has-post-thumbnail","hentry","category-national","tag-kais-saied","tag-kebili","tag-tunisie","tag-visite"],"yoast_head":"<!-- This site is optimized with the Yoast SEO Premium plugin v27.5 (Yoast SEO v27.5) - https:\/\/yoast.com\/product\/yoast-seo-premium-wordpress\/ -->\n<title>Kais Saied en visite surprise dans le gouvernorat de Kebili<\/title>\n<meta name=\"description\" content=\"Lors de cette visite surprise, le Chef de l\u2019Etat est all\u00e9 \u00e0 la rencontre des habitants de la r\u00e9gion afin d\u2019\u00e9couter leurs dol\u00e9ances.\" \/>\n<link rel=\"canonical\" href=\"https:\/\/www.webdo.tn\/fr\/actualite\/national\/kais-saied-en-visite-surprise-dans-le-gouvernorat-de-kebili\/213003\/\" \/>\n<meta property=\"og:locale\" content=\"fr_FR\" \/>\n<meta property=\"og:type\" content=\"article\" \/>\n<meta property=\"og:title\" content=\"Kais Saied en visite surprise dans le gouvernorat de Kebili\" \/>\n<meta property=\"og:description\" content=\"Lors de cette visite surprise, le Chef de l\u2019Etat est all\u00e9 \u00e0 la rencontre des habitants de la r\u00e9gion afin d\u2019\u00e9couter leurs dol\u00e9ances.\" \/>\n<meta property=\"og:url\" content=\"https:\/\/www.webdo.tn\/fr\/actualite\/national\/kais-saied-en-visite-surprise-dans-le-gouvernorat-de-kebili\/213003\/\" \/>\n<meta property=\"og:site_name\" content=\"webdo\" \/>\n<meta property=\"article:publisher\" content=\"https:\/\/www.facebook.com\/webdotn\" \/>\n<meta property=\"article:published_time\" content=\"2024-03-17T11:08:00+00:00\" \/>\n<meta property=\"article:modified_time\" content=\"2025-05-20T21:52:08+00:00\" \/>\n<meta property=\"og:image\" content=\"https:\/\/www.webdo.tn\/fr\/wp-content\/uploads\/2024\/03\/297fdeed4d4184fadb10986d58725d39.jpg\" \/>\n\t<meta property=\"og:image:width\" content=\"750\" \/>\n\t<meta property=\"og:image:height\" content=\"400\" \/>\n\t<meta property=\"og:image:type\" content=\"image\/jpeg\" \/>\n<meta name=\"author\" content=\"MC\" \/>\n<meta name=\"twitter:card\" content=\"summary_large_image\" \/>\n<meta name=\"twitter:creator\" content=\"@webdo_tn\" \/>\n<meta name=\"twitter:site\" content=\"@webdo_tn\" \/>\n<meta name=\"twitter:label1\" content=\"\u00c9crit par\" \/>\n\t<meta name=\"twitter:data1\" content=\"MC\" \/>\n\t<meta name=\"twitter:label2\" content=\"Dur\u00e9e de lecture estim\u00e9e\" \/>\n\t<meta name=\"twitter:data2\" content=\"1 minute\" \/>\n<script type=\"application\/ld+json\" class=\"yoast-schema-graph\">{\"@context\":\"https:\\\/\\\/schema.org\",\"@graph\":[{\"@type\":\"NewsArticle\",\"@id\":\"https:\\\/\\\/www.webdo.tn\\\/fr\\\/actualite\\\/national\\\/kais-saied-en-visite-surprise-dans-le-gouvernorat-de-kebili\\\/213003\\\/#article\",\"isPartOf\":{\"@id\":\"https:\\\/\\\/www.webdo.tn\\\/fr\\\/actualite\\\/national\\\/kais-saied-en-visite-surprise-dans-le-gouvernorat-de-kebili\\\/213003\\\/\"},\"author\":{\"name\":\"MC\",\"@id\":\"https:\\\/\\\/www.webdo.tn\\\/fr\\\/#\\\/schema\\\/person\\\/2c4929cbf5a809e3bd38617c6ce150f6\"},\"headline\":\"Kais Saied en visite surprise dans le gouvernorat de Kebili\",\"datePublished\":\"2024-03-17T11:08:00+00:00\",\"dateModified\":\"2025-05-20T21:52:08+00:00\",\"mainEntityOfPage\":{\"@id\":\"https:\\\/\\\/www.webdo.tn\\\/fr\\\/actualite\\\/national\\\/kais-saied-en-visite-surprise-dans-le-gouvernorat-de-kebili\\\/213003\\\/\"},\"wordCount\":207,\"commentCount\":0,\"publisher\":{\"@id\":\"https:\\\/\\\/www.webdo.tn\\\/fr\\\/#organization\"},\"image\":{\"@id\":\"https:\\\/\\\/www.webdo.tn\\\/fr\\\/actualite\\\/national\\\/kais-saied-en-visite-surprise-dans-le-gouvernorat-de-kebili\\\/213003\\\/#primaryimage\"},\"thumbnailUrl\":\"https:\\\/\\\/www.webdo.tn\\\/fr\\\/wp-content\\\/uploads\\\/2024\\\/03\\\/297fdeed4d4184fadb10986d58725d39.jpg\",\"keywords\":[\"Kais Saied\",\"K\u00e9bili\",\"Tunisie\",\"visite\"],\"articleSection\":[\"National\"],\"inLanguage\":\"fr-FR\"},{\"@type\":\"WebPage\",\"@id\":\"https:\\\/\\\/www.webdo.tn\\\/fr\\\/actualite\\\/national\\\/kais-saied-en-visite-surprise-dans-le-gouvernorat-de-kebili\\\/213003\\\/\",\"url\":\"https:\\\/\\\/www.webdo.tn\\\/fr\\\/actualite\\\/national\\\/kais-saied-en-visite-surprise-dans-le-gouvernorat-de-kebili\\\/213003\\\/\",\"name\":\"Kais Saied en visite surprise dans le gouvernorat de Kebili\",\"isPartOf\":{\"@id\":\"https:\\\/\\\/www.webdo.tn\\\/fr\\\/#website\"},\"primaryImageOfPage\":{\"@id\":\"https:\\\/\\\/www.webdo.tn\\\/fr\\\/actualite\\\/national\\\/kais-saied-en-visite-surprise-dans-le-gouvernorat-de-kebili\\\/213003\\\/#primaryimage\"},\"image\":{\"@id\":\"https:\\\/\\\/www.webdo.tn\\\/fr\\\/actualite\\\/national\\\/kais-saied-en-visite-surprise-dans-le-gouvernorat-de-kebili\\\/213003\\\/#primaryimage\"},\"thumbnailUrl\":\"https:\\\/\\\/www.webdo.tn\\\/fr\\\/wp-content\\\/uploads\\\/2024\\\/03\\\/297fdeed4d4184fadb10986d58725d39.jpg\",\"datePublished\":\"2024-03-17T11:08:00+00:00\",\"dateModified\":\"2025-05-20T21:52:08+00:00\",\"description\":\"Lors de cette visite surprise, le Chef de l\u2019Etat est all\u00e9 \u00e0 la rencontre des habitants de la r\u00e9gion afin d\u2019\u00e9couter leurs dol\u00e9ances.\",\"breadcrumb\":{\"@id\":\"https:\\\/\\\/www.webdo.tn\\\/fr\\\/actualite\\\/national\\\/kais-saied-en-visite-surprise-dans-le-gouvernorat-de-kebili\\\/213003\\\/#breadcrumb\"},\"inLanguage\":\"fr-FR\",\"potentialAction\":[{\"@type\":\"ReadAction\",\"target\":[\"https:\\\/\\\/www.webdo.tn\\\/fr\\\/actualite\\\/national\\\/kais-saied-en-visite-surprise-dans-le-gouvernorat-de-kebili\\\/213003\\\/\"]}]},{\"@type\":\"ImageObject\",\"inLanguage\":\"fr-FR\",\"@id\":\"https:\\\/\\\/www.webdo.tn\\\/fr\\\/actualite\\\/national\\\/kais-saied-en-visite-surprise-dans-le-gouvernorat-de-kebili\\\/213003\\\/#primaryimage\",\"url\":\"https:\\\/\\\/www.webdo.tn\\\/fr\\\/wp-content\\\/uploads\\\/2024\\\/03\\\/297fdeed4d4184fadb10986d58725d39.jpg\",\"contentUrl\":\"https:\\\/\\\/www.webdo.tn\\\/fr\\\/wp-content\\\/uploads\\\/2024\\\/03\\\/297fdeed4d4184fadb10986d58725d39.jpg\",\"width\":750,\"height\":400,\"caption\":\"Kais Saied en visite surprise dans le gouvernorat de Kebili\"},{\"@type\":\"BreadcrumbList\",\"@id\":\"https:\\\/\\\/www.webdo.tn\\\/fr\\\/actualite\\\/national\\\/kais-saied-en-visite-surprise-dans-le-gouvernorat-de-kebili\\\/213003\\\/#breadcrumb\",\"itemListElement\":[{\"@type\":\"ListItem\",\"position\":1,\"name\":\"Accueil\",\"item\":\"https:\\\/\\\/www.webdo.tn\\\/fr\\\/\"},{\"@type\":\"ListItem\",\"position\":2,\"name\":\"Kais Saied en visite surprise dans le gouvernorat de Kebili\"}]},{\"@type\":\"WebSite\",\"@id\":\"https:\\\/\\\/www.webdo.tn\\\/fr\\\/#website\",\"url\":\"https:\\\/\\\/www.webdo.tn\\\/fr\\\/\",\"name\":\"webdo\",\"description\":\"Tunisie - News en Tunisie et \u00e0 l&#039;international sur Webdo.tn\",\"publisher\":{\"@id\":\"https:\\\/\\\/www.webdo.tn\\\/fr\\\/#organization\"},\"potentialAction\":[{\"@type\":\"SearchAction\",\"target\":{\"@type\":\"EntryPoint\",\"urlTemplate\":\"https:\\\/\\\/www.webdo.tn\\\/fr\\\/?s={search_term_string}\"},\"query-input\":{\"@type\":\"PropertyValueSpecification\",\"valueRequired\":true,\"valueName\":\"search_term_string\"}}],\"inLanguage\":\"fr-FR\"},{\"@type\":\"Organization\",\"@id\":\"https:\\\/\\\/www.webdo.tn\\\/fr\\\/#organization\",\"name\":\"Webdo\",\"alternateName\":\"Webdo.tn\",\"url\":\"https:\\\/\\\/www.webdo.tn\\\/fr\\\/\",\"logo\":{\"@type\":\"ImageObject\",\"inLanguage\":\"fr-FR\",\"@id\":\"https:\\\/\\\/www.webdo.tn\\\/fr\\\/#\\\/schema\\\/logo\\\/image\\\/\",\"url\":\"https:\\\/\\\/www.webdo.tn\\\/fr\\\/wp-content\\\/uploads\\\/2025\\\/06\\\/Webdo-Tunisie_168377.jpg\",\"contentUrl\":\"https:\\\/\\\/www.webdo.tn\\\/fr\\\/wp-content\\\/uploads\\\/2025\\\/06\\\/Webdo-Tunisie_168377.jpg\",\"width\":301,\"height\":301,\"caption\":\"Webdo\"},\"image\":{\"@id\":\"https:\\\/\\\/www.webdo.tn\\\/fr\\\/#\\\/schema\\\/logo\\\/image\\\/\"},\"sameAs\":[\"https:\\\/\\\/www.facebook.com\\\/webdotn\",\"https:\\\/\\\/x.com\\\/webdo_tn\"],\"description\":\"Webdo est un m\u00e9dia num\u00e9rique tunisien fond\u00e9 en 2010, sp\u00e9cialis\u00e9 dans l\u2019actualit\u00e9 nationale et internationale, l\u2019\u00e9conomie, la soci\u00e9t\u00e9 et les analyses politiques. Le site s\u2019adresse \u00e0 un large public francophone et couvre l\u2019information tunisienne en temps r\u00e9el.\",\"email\":\"redac@webdo.tn\",\"legalName\":\"YNJ SARL\",\"foundingDate\":\"2010-09-06\",\"numberOfEmployees\":{\"@type\":\"QuantitativeValue\",\"minValue\":\"11\",\"maxValue\":\"50\"}},{\"@type\":\"Person\",\"@id\":\"https:\\\/\\\/www.webdo.tn\\\/fr\\\/#\\\/schema\\\/person\\\/2c4929cbf5a809e3bd38617c6ce150f6\",\"name\":\"MC\",\"image\":{\"@type\":\"ImageObject\",\"inLanguage\":\"fr-FR\",\"@id\":\"https:\\\/\\\/secure.gravatar.com\\\/avatar\\\/a545bbb6f84efdd5553dbbc2895e3ca8f1d12c5215e00a041c9670b54aa9b18a?s=96&d=mm&r=g\",\"url\":\"https:\\\/\\\/secure.gravatar.com\\\/avatar\\\/a545bbb6f84efdd5553dbbc2895e3ca8f1d12c5215e00a041c9670b54aa9b18a?s=96&d=mm&r=g\",\"contentUrl\":\"https:\\\/\\\/secure.gravatar.com\\\/avatar\\\/a545bbb6f84efdd5553dbbc2895e3ca8f1d12c5215e00a041c9670b54aa9b18a?s=96&d=mm&r=g\",\"caption\":\"MC\"},\"url\":\"https:\\\/\\\/www.webdo.tn\\\/fr\\\/actualite\\\/author\\\/mc\\\/\"}]}<\/script>\n<!-- \/ Yoast SEO Premium plugin. -->","yoast_head_json":{"title":"Kais Saied en visite surprise dans le gouvernorat de Kebili","description":"Lors de cette visite surprise, le Chef de l\u2019Etat est all\u00e9 \u00e0 la rencontre des habitants de la r\u00e9gion afin d\u2019\u00e9couter leurs dol\u00e9ances.","canonical":"https:\/\/www.webdo.tn\/fr\/actualite\/national\/kais-saied-en-visite-surprise-dans-le-gouvernorat-de-kebili\/213003\/","og_locale":"fr_FR","og_type":"article","og_title":"Kais Saied en visite surprise dans le gouvernorat de Kebili","og_description":"Lors de cette visite surprise, le Chef de l\u2019Etat est all\u00e9 \u00e0 la rencontre des habitants de la r\u00e9gion afin d\u2019\u00e9couter leurs dol\u00e9ances.","og_url":"https:\/\/www.webdo.tn\/fr\/actualite\/national\/kais-saied-en-visite-surprise-dans-le-gouvernorat-de-kebili\/213003\/","og_site_name":"webdo","article_publisher":"https:\/\/www.facebook.com\/webdotn","article_published_time":"2024-03-17T11:08:00+00:00","article_modified_time":"2025-05-20T21:52:08+00:00","og_image":[{"width":750,"height":400,"url":"https:\/\/www.webdo.tn\/fr\/wp-content\/uploads\/2024\/03\/297fdeed4d4184fadb10986d58725d39.jpg","type":"image\/jpeg"}],"author":"MC","twitter_card":"summary_large_image","twitter_creator":"@webdo_tn","twitter_site":"@webdo_tn","twitter_misc":{"\u00c9crit par":"MC","Dur\u00e9e de lecture estim\u00e9e":"1 minute"},"schema":{"@context":"https:\/\/schema.org","@graph":[{"@type":"NewsArticle","@id":"https:\/\/www.webdo.tn\/fr\/actualite\/national\/kais-saied-en-visite-surprise-dans-le-gouvernorat-de-kebili\/213003\/#article","isPartOf":{"@id":"https:\/\/www.webdo.tn\/fr\/actualite\/national\/kais-saied-en-visite-surprise-dans-le-gouvernorat-de-kebili\/213003\/"},"author":{"name":"MC","@id":"https:\/\/www.webdo.tn\/fr\/#\/schema\/person\/2c4929cbf5a809e3bd38617c6ce150f6"},"headline":"Kais Saied en visite surprise dans le gouvernorat de Kebili","datePublished":"2024-03-17T11:08:00+00:00","dateModified":"2025-05-20T21:52:08+00:00","mainEntityOfPage":{"@id":"https:\/\/www.webdo.tn\/fr\/actualite\/national\/kais-saied-en-visite-surprise-dans-le-gouvernorat-de-kebili\/213003\/"},"wordCount":207,"commentCount":0,"publisher":{"@id":"https:\/\/www.webdo.tn\/fr\/#organization"},"image":{"@id":"https:\/\/www.webdo.tn\/fr\/actualite\/national\/kais-saied-en-visite-surprise-dans-le-gouvernorat-de-kebili\/213003\/#primaryimage"},"thumbnailUrl":"https:\/\/www.webdo.tn\/fr\/wp-content\/uploads\/2024\/03\/297fdeed4d4184fadb10986d58725d39.jpg","keywords":["Kais Saied","K\u00e9bili","Tunisie","visite"],"articleSection":["National"],"inLanguage":"fr-FR"},{"@type":"WebPage","@id":"https:\/\/www.webdo.tn\/fr\/actualite\/national\/kais-saied-en-visite-surprise-dans-le-gouvernorat-de-kebili\/213003\/","url":"https:\/\/www.webdo.tn\/fr\/actualite\/national\/kais-saied-en-visite-surprise-dans-le-gouvernorat-de-kebili\/213003\/","name":"Kais Saied en visite surprise dans le gouvernorat de Kebili","isPartOf":{"@id":"https:\/\/www.webdo.tn\/fr\/#website"},"primaryImageOfPage":{"@id":"https:\/\/www.webdo.tn\/fr\/actualite\/national\/kais-saied-en-visite-surprise-dans-le-gouvernorat-de-kebili\/213003\/#primaryimage"},"image":{"@id":"https:\/\/www.webdo.tn\/fr\/actualite\/national\/kais-saied-en-visite-surprise-dans-le-gouvernorat-de-kebili\/213003\/#primaryimage"},"thumbnailUrl":"https:\/\/www.webdo.tn\/fr\/wp-content\/uploads\/2024\/03\/297fdeed4d4184fadb10986d58725d39.jpg","datePublished":"2024-03-17T11:08:00+00:00","dateModified":"2025-05-20T21:52:08+00:00","description":"Lors de cette visite surprise, le Chef de l\u2019Etat est all\u00e9 \u00e0 la rencontre des habitants de la r\u00e9gion afin d\u2019\u00e9couter leurs dol\u00e9ances.","breadcrumb":{"@id":"https:\/\/www.webdo.tn\/fr\/actualite\/national\/kais-saied-en-visite-surprise-dans-le-gouvernorat-de-kebili\/213003\/#breadcrumb"},"inLanguage":"fr-FR","potentialAction":[{"@type":"ReadAction","target":["https:\/\/www.webdo.tn\/fr\/actualite\/national\/kais-saied-en-visite-surprise-dans-le-gouvernorat-de-kebili\/213003\/"]}]},{"@type":"ImageObject","inLanguage":"fr-FR","@id":"https:\/\/www.webdo.tn\/fr\/actualite\/national\/kais-saied-en-visite-surprise-dans-le-gouvernorat-de-kebili\/213003\/#primaryimage","url":"https:\/\/www.webdo.tn\/fr\/wp-content\/uploads\/2024\/03\/297fdeed4d4184fadb10986d58725d39.jpg","contentUrl":"https:\/\/www.webdo.tn\/fr\/wp-content\/uploads\/2024\/03\/297fdeed4d4184fadb10986d58725d39.jpg","width":750,"height":400,"caption":"Kais Saied en visite surprise dans le gouvernorat de Kebili"},{"@type":"BreadcrumbList","@id":"https:\/\/www.webdo.tn\/fr\/actualite\/national\/kais-saied-en-visite-surprise-dans-le-gouvernorat-de-kebili\/213003\/#breadcrumb","itemListElement":[{"@type":"ListItem","position":1,"name":"Accueil","item":"https:\/\/www.webdo.tn\/fr\/"},{"@type":"ListItem","position":2,"name":"Kais Saied en visite surprise dans le gouvernorat de Kebili"}]},{"@type":"WebSite","@id":"https:\/\/www.webdo.tn\/fr\/#website","url":"https:\/\/www.webdo.tn\/fr\/","name":"webdo","description":"Tunisie - News en Tunisie et \u00e0 l&#039;international sur Webdo.tn","publisher":{"@id":"https:\/\/www.webdo.tn\/fr\/#organization"},"potentialAction":[{"@type":"SearchAction","target":{"@type":"EntryPoint","urlTemplate":"https:\/\/www.webdo.tn\/fr\/?s={search_term_string}"},"query-input":{"@type":"PropertyValueSpecification","valueRequired":true,"valueName":"search_term_string"}}],"inLanguage":"fr-FR"},{"@type":"Organization","@id":"https:\/\/www.webdo.tn\/fr\/#organization","name":"Webdo","alternateName":"Webdo.tn","url":"https:\/\/www.webdo.tn\/fr\/","logo":{"@type":"ImageObject","inLanguage":"fr-FR","@id":"https:\/\/www.webdo.tn\/fr\/#\/schema\/logo\/image\/","url":"https:\/\/www.webdo.tn\/fr\/wp-content\/uploads\/2025\/06\/Webdo-Tunisie_168377.jpg","contentUrl":"https:\/\/www.webdo.tn\/fr\/wp-content\/uploads\/2025\/06\/Webdo-Tunisie_168377.jpg","width":301,"height":301,"caption":"Webdo"},"image":{"@id":"https:\/\/www.webdo.tn\/fr\/#\/schema\/logo\/image\/"},"sameAs":["https:\/\/www.facebook.com\/webdotn","https:\/\/x.com\/webdo_tn"],"description":"Webdo est un m\u00e9dia num\u00e9rique tunisien fond\u00e9 en 2010, sp\u00e9cialis\u00e9 dans l\u2019actualit\u00e9 nationale et internationale, l\u2019\u00e9conomie, la soci\u00e9t\u00e9 et les analyses politiques. Le site s\u2019adresse \u00e0 un large public francophone et couvre l\u2019information tunisienne en temps r\u00e9el.","email":"redac@webdo.tn","legalName":"YNJ SARL","foundingDate":"2010-09-06","numberOfEmployees":{"@type":"QuantitativeValue","minValue":"11","maxValue":"50"}},{"@type":"Person","@id":"https:\/\/www.webdo.tn\/fr\/#\/schema\/person\/2c4929cbf5a809e3bd38617c6ce150f6","name":"MC","image":{"@type":"ImageObject","inLanguage":"fr-FR","@id":"https:\/\/secure.gravatar.com\/avatar\/a545bbb6f84efdd5553dbbc2895e3ca8f1d12c5215e00a041c9670b54aa9b18a?s=96&d=mm&r=g","url":"https:\/\/secure.gravatar.com\/avatar\/a545bbb6f84efdd5553dbbc2895e3ca8f1d12c5215e00a041c9670b54aa9b18a?s=96&d=mm&r=g","contentUrl":"https:\/\/secure.gravatar.com\/avatar\/a545bbb6f84efdd5553dbbc2895e3ca8f1d12c5215e00a041c9670b54aa9b18a?s=96&d=mm&r=g","caption":"MC"},"url":"https:\/\/www.webdo.tn\/fr\/actualite\/author\/mc\/"}]}},"_links":{"self":[{"href":"https:\/\/www.webdo.tn\/fr\/wp-json\/wp\/v2\/posts\/213003","targetHints":{"allow":["GET"]}}],"collection":[{"href":"https:\/\/www.webdo.tn\/fr\/wp-json\/wp\/v2\/posts"}],"about":[{"href":"https:\/\/www.webdo.tn\/fr\/wp-json\/wp\/v2\/types\/post"}],"author":[{"embeddable":true,"href":"https:\/\/www.webdo.tn\/fr\/wp-json\/wp\/v2\/users\/3162"}],"replies":[{"embeddable":true,"href":"https:\/\/www.webdo.tn\/fr\/wp-json\/wp\/v2\/comments?post=213003"}],"version-history":[{"count":0,"href":"https:\/\/www.webdo.tn\/fr\/wp-json\/wp\/v2\/posts\/213003\/revisions"}],"wp:featuredmedia":[{"embeddable":true,"href":"https:\/\/www.webdo.tn\/fr\/wp-json\/wp\/v2\/media\/247776"}],"wp:attachment":[{"href":"https:\/\/www.webdo.tn\/fr\/wp-json\/wp\/v2\/media?parent=213003"}],"wp:term":[{"taxonomy":"category","embeddable":true,"href":"https:\/\/www.webdo.tn\/fr\/wp-json\/wp\/v2\/categories?post=213003"},{"taxonomy":"post_tag","embeddable":true,"href":"https:\/\/www.webdo.tn\/fr\/wp-json\/wp\/v2\/tags?post=213003"}],"curies":[{"name":"wp","href":"https:\/\/api.w.org\/{rel}","templated":true}]}}