{"id":212997,"date":"2024-03-16T11:18:00","date_gmt":"2024-03-16T11:18:00","guid":{"rendered":"https:\/\/www.webdo.tn\/fr\/blog\/j-ai-les-memes-genes-qu-hannibal-barca-dixit-olfa-hamdi\/212997\/"},"modified":"2025-05-20T21:52:07","modified_gmt":"2025-05-20T21:52:07","slug":"j-ai-les-memes-genes-qu-hannibal-barca-dixit-olfa-hamdi","status":"publish","type":"post","link":"https:\/\/www.webdo.tn\/fr\/actualite\/national\/j-ai-les-memes-genes-qu-hannibal-barca-dixit-olfa-hamdi\/212997\/","title":{"rendered":"J\u2019ai les m\u00eames g\u00e8nes qu\u2019Hannibal Barca, dixit Olfa Hamdi"},"content":{"rendered":"<p>Olfa Hamdi, future candidate \u00e0 la prochaine \u00e9lection pr\u00e9sidentielle et pr\u00e9sidente du parti \u00ab\u00a0La Troisi\u00e8me R\u00e9publique\u00a0\u00bb ne l\u00e9sine pas sur les formules qui entrent dans le cadre de sa strat\u00e9gie de communication.<\/p>\n<p>\t\t\t\t\t\t\t\t\tLa derni\u00e8re en date est la publication, ce vendredi 15 mars 2024, sur sa page Facebook, d\u2019une photo d\u2019elle posant \u00e0 c\u00f4t\u00e9 d\u2019une mosa\u00efque repr\u00e9sentant Hannibal Barca. Cette photo est accompagn\u00e9e d\u2019une citation pour le moins audacieuse au point de se comparer au l\u00e9gendaire g\u00e9n\u00e9ral carthaginois Hannibal Barca.<\/p>\n<p>\u00ab\u00a0Je suis s\u00fbre d\u2019avoir les m\u00eames g\u00e8nes qu&rsquo;Hannibal&#8230; Lorsque des obstacles se dressent devant nous, nous savons trouver une autre issue\u2026 Nous restons attach\u00e9s au succ\u00e8s de la Tunisie &#8211; Carthage, peu importe la dur\u00e9e du voyage. Nous avons la patience d&rsquo;un \u00e9l\u00e9phant&#8230; Le travail continue quels que soient les al\u00e9as\u2026\u00a0\u00bb<\/p>\n<p>Olfa Hamdi, pr\u00e9sidente du \u00ab\u00a0Parti de la Troisi\u00e8me R\u00e9publique\u00a0\u00bb, a annonc\u00e9, le 11 novembre 2023 sa candidature \u00e0 la prochaine \u00e9lection pr\u00e9sidentielle pr\u00e9vue \u00e0 l\u2019automne 2024.<\/p>\n","protected":false},"excerpt":{"rendered":"<p>Olfa Hamdi, future candidate \u00e0 la prochaine \u00e9lection pr\u00e9sidentielle se compare \u00e0 Hannibal Barca<\/p>\n","protected":false},"author":3162,"featured_media":247775,"comment_status":"open","ping_status":"closed","sticky":false,"template":"","format":"standard","meta":{"footnotes":""},"categories":[44],"tags":[6842,6843,5503,2608],"class_list":["post-212997","post","type-post","status-publish","format-standard","has-post-thumbnail","hentry","category-national","tag-hannibal","tag-olfa-hamdi","tag-presidentielle","tag-tunisie"],"yoast_head":"<!-- This site is optimized with the Yoast SEO Premium plugin v27.5 (Yoast SEO v27.5) - https:\/\/yoast.com\/product\/yoast-seo-premium-wordpress\/ -->\n<title>J\u2019ai les m\u00eames g\u00e8nes qu\u2019Hannibal Barca, dixit Olfa Hamdi<\/title>\n<meta name=\"description\" content=\"Olfa Hamdi, future candidate \u00e0 la prochaine \u00e9lection pr\u00e9sidentielle se compare \u00e0 Hannibal Barca\" \/>\n<link rel=\"canonical\" href=\"https:\/\/www.webdo.tn\/fr\/actualite\/national\/j-ai-les-memes-genes-qu-hannibal-barca-dixit-olfa-hamdi\/212997\/\" \/>\n<meta property=\"og:locale\" content=\"fr_FR\" \/>\n<meta property=\"og:type\" content=\"article\" \/>\n<meta property=\"og:title\" content=\"J\u2019ai les m\u00eames g\u00e8nes qu\u2019Hannibal Barca, dixit Olfa Hamdi\" \/>\n<meta property=\"og:description\" content=\"Olfa Hamdi, future candidate \u00e0 la prochaine \u00e9lection pr\u00e9sidentielle se compare \u00e0 Hannibal Barca\" \/>\n<meta property=\"og:url\" content=\"https:\/\/www.webdo.tn\/fr\/actualite\/national\/j-ai-les-memes-genes-qu-hannibal-barca-dixit-olfa-hamdi\/212997\/\" \/>\n<meta property=\"og:site_name\" content=\"webdo\" \/>\n<meta property=\"article:publisher\" content=\"https:\/\/www.facebook.com\/webdotn\" \/>\n<meta property=\"article:published_time\" content=\"2024-03-16T11:18:00+00:00\" \/>\n<meta property=\"article:modified_time\" content=\"2025-05-20T21:52:07+00:00\" \/>\n<meta property=\"og:image\" content=\"https:\/\/www.webdo.tn\/fr\/wp-content\/uploads\/2024\/03\/6d000ceebc982e158de2864d4662f7b4.jpg\" \/>\n\t<meta property=\"og:image:width\" content=\"750\" \/>\n\t<meta property=\"og:image:height\" content=\"400\" \/>\n\t<meta property=\"og:image:type\" content=\"image\/jpeg\" \/>\n<meta name=\"author\" content=\"MC\" \/>\n<meta name=\"twitter:card\" content=\"summary_large_image\" \/>\n<meta name=\"twitter:creator\" content=\"@webdo_tn\" \/>\n<meta name=\"twitter:site\" content=\"@webdo_tn\" \/>\n<meta name=\"twitter:label1\" content=\"\u00c9crit par\" \/>\n\t<meta name=\"twitter:data1\" content=\"MC\" \/>\n\t<meta name=\"twitter:label2\" content=\"Dur\u00e9e de lecture estim\u00e9e\" \/>\n\t<meta name=\"twitter:data2\" content=\"1 minute\" \/>\n<script type=\"application\/ld+json\" class=\"yoast-schema-graph\">{\"@context\":\"https:\\\/\\\/schema.org\",\"@graph\":[{\"@type\":\"NewsArticle\",\"@id\":\"https:\\\/\\\/www.webdo.tn\\\/fr\\\/actualite\\\/national\\\/j-ai-les-memes-genes-qu-hannibal-barca-dixit-olfa-hamdi\\\/212997\\\/#article\",\"isPartOf\":{\"@id\":\"https:\\\/\\\/www.webdo.tn\\\/fr\\\/actualite\\\/national\\\/j-ai-les-memes-genes-qu-hannibal-barca-dixit-olfa-hamdi\\\/212997\\\/\"},\"author\":{\"name\":\"MC\",\"@id\":\"https:\\\/\\\/www.webdo.tn\\\/fr\\\/#\\\/schema\\\/person\\\/2c4929cbf5a809e3bd38617c6ce150f6\"},\"headline\":\"J\u2019ai les m\u00eames g\u00e8nes qu\u2019Hannibal Barca, dixit Olfa Hamdi\",\"datePublished\":\"2024-03-16T11:18:00+00:00\",\"dateModified\":\"2025-05-20T21:52:07+00:00\",\"mainEntityOfPage\":{\"@id\":\"https:\\\/\\\/www.webdo.tn\\\/fr\\\/actualite\\\/national\\\/j-ai-les-memes-genes-qu-hannibal-barca-dixit-olfa-hamdi\\\/212997\\\/\"},\"wordCount\":196,\"commentCount\":0,\"publisher\":{\"@id\":\"https:\\\/\\\/www.webdo.tn\\\/fr\\\/#organization\"},\"image\":{\"@id\":\"https:\\\/\\\/www.webdo.tn\\\/fr\\\/actualite\\\/national\\\/j-ai-les-memes-genes-qu-hannibal-barca-dixit-olfa-hamdi\\\/212997\\\/#primaryimage\"},\"thumbnailUrl\":\"https:\\\/\\\/www.webdo.tn\\\/fr\\\/wp-content\\\/uploads\\\/2024\\\/03\\\/6d000ceebc982e158de2864d4662f7b4.jpg\",\"keywords\":[\"Hannibal\",\"olfa hamdi\",\"pr\u00e9sidentielle\",\"Tunisie\"],\"articleSection\":[\"National\"],\"inLanguage\":\"fr-FR\"},{\"@type\":\"WebPage\",\"@id\":\"https:\\\/\\\/www.webdo.tn\\\/fr\\\/actualite\\\/national\\\/j-ai-les-memes-genes-qu-hannibal-barca-dixit-olfa-hamdi\\\/212997\\\/\",\"url\":\"https:\\\/\\\/www.webdo.tn\\\/fr\\\/actualite\\\/national\\\/j-ai-les-memes-genes-qu-hannibal-barca-dixit-olfa-hamdi\\\/212997\\\/\",\"name\":\"J\u2019ai les m\u00eames g\u00e8nes qu\u2019Hannibal Barca, dixit Olfa Hamdi\",\"isPartOf\":{\"@id\":\"https:\\\/\\\/www.webdo.tn\\\/fr\\\/#website\"},\"primaryImageOfPage\":{\"@id\":\"https:\\\/\\\/www.webdo.tn\\\/fr\\\/actualite\\\/national\\\/j-ai-les-memes-genes-qu-hannibal-barca-dixit-olfa-hamdi\\\/212997\\\/#primaryimage\"},\"image\":{\"@id\":\"https:\\\/\\\/www.webdo.tn\\\/fr\\\/actualite\\\/national\\\/j-ai-les-memes-genes-qu-hannibal-barca-dixit-olfa-hamdi\\\/212997\\\/#primaryimage\"},\"thumbnailUrl\":\"https:\\\/\\\/www.webdo.tn\\\/fr\\\/wp-content\\\/uploads\\\/2024\\\/03\\\/6d000ceebc982e158de2864d4662f7b4.jpg\",\"datePublished\":\"2024-03-16T11:18:00+00:00\",\"dateModified\":\"2025-05-20T21:52:07+00:00\",\"description\":\"Olfa Hamdi, future candidate \u00e0 la prochaine \u00e9lection pr\u00e9sidentielle se compare \u00e0 Hannibal Barca\",\"breadcrumb\":{\"@id\":\"https:\\\/\\\/www.webdo.tn\\\/fr\\\/actualite\\\/national\\\/j-ai-les-memes-genes-qu-hannibal-barca-dixit-olfa-hamdi\\\/212997\\\/#breadcrumb\"},\"inLanguage\":\"fr-FR\",\"potentialAction\":[{\"@type\":\"ReadAction\",\"target\":[\"https:\\\/\\\/www.webdo.tn\\\/fr\\\/actualite\\\/national\\\/j-ai-les-memes-genes-qu-hannibal-barca-dixit-olfa-hamdi\\\/212997\\\/\"]}]},{\"@type\":\"ImageObject\",\"inLanguage\":\"fr-FR\",\"@id\":\"https:\\\/\\\/www.webdo.tn\\\/fr\\\/actualite\\\/national\\\/j-ai-les-memes-genes-qu-hannibal-barca-dixit-olfa-hamdi\\\/212997\\\/#primaryimage\",\"url\":\"https:\\\/\\\/www.webdo.tn\\\/fr\\\/wp-content\\\/uploads\\\/2024\\\/03\\\/6d000ceebc982e158de2864d4662f7b4.jpg\",\"contentUrl\":\"https:\\\/\\\/www.webdo.tn\\\/fr\\\/wp-content\\\/uploads\\\/2024\\\/03\\\/6d000ceebc982e158de2864d4662f7b4.jpg\",\"width\":750,\"height\":400,\"caption\":\"J\u2019ai les m\u00eames g\u00e8nes qu\u2019Hannibal Barca, dixit Olfa Hamdi\"},{\"@type\":\"BreadcrumbList\",\"@id\":\"https:\\\/\\\/www.webdo.tn\\\/fr\\\/actualite\\\/national\\\/j-ai-les-memes-genes-qu-hannibal-barca-dixit-olfa-hamdi\\\/212997\\\/#breadcrumb\",\"itemListElement\":[{\"@type\":\"ListItem\",\"position\":1,\"name\":\"Accueil\",\"item\":\"https:\\\/\\\/www.webdo.tn\\\/fr\\\/\"},{\"@type\":\"ListItem\",\"position\":2,\"name\":\"J\u2019ai les m\u00eames g\u00e8nes qu\u2019Hannibal Barca, dixit Olfa Hamdi\"}]},{\"@type\":\"WebSite\",\"@id\":\"https:\\\/\\\/www.webdo.tn\\\/fr\\\/#website\",\"url\":\"https:\\\/\\\/www.webdo.tn\\\/fr\\\/\",\"name\":\"webdo\",\"description\":\"Tunisie - News en Tunisie et \u00e0 l&#039;international sur Webdo.tn\",\"publisher\":{\"@id\":\"https:\\\/\\\/www.webdo.tn\\\/fr\\\/#organization\"},\"potentialAction\":[{\"@type\":\"SearchAction\",\"target\":{\"@type\":\"EntryPoint\",\"urlTemplate\":\"https:\\\/\\\/www.webdo.tn\\\/fr\\\/?s={search_term_string}\"},\"query-input\":{\"@type\":\"PropertyValueSpecification\",\"valueRequired\":true,\"valueName\":\"search_term_string\"}}],\"inLanguage\":\"fr-FR\"},{\"@type\":\"Organization\",\"@id\":\"https:\\\/\\\/www.webdo.tn\\\/fr\\\/#organization\",\"name\":\"Webdo\",\"alternateName\":\"Webdo.tn\",\"url\":\"https:\\\/\\\/www.webdo.tn\\\/fr\\\/\",\"logo\":{\"@type\":\"ImageObject\",\"inLanguage\":\"fr-FR\",\"@id\":\"https:\\\/\\\/www.webdo.tn\\\/fr\\\/#\\\/schema\\\/logo\\\/image\\\/\",\"url\":\"https:\\\/\\\/www.webdo.tn\\\/fr\\\/wp-content\\\/uploads\\\/2025\\\/06\\\/Webdo-Tunisie_168377.jpg\",\"contentUrl\":\"https:\\\/\\\/www.webdo.tn\\\/fr\\\/wp-content\\\/uploads\\\/2025\\\/06\\\/Webdo-Tunisie_168377.jpg\",\"width\":301,\"height\":301,\"caption\":\"Webdo\"},\"image\":{\"@id\":\"https:\\\/\\\/www.webdo.tn\\\/fr\\\/#\\\/schema\\\/logo\\\/image\\\/\"},\"sameAs\":[\"https:\\\/\\\/www.facebook.com\\\/webdotn\",\"https:\\\/\\\/x.com\\\/webdo_tn\"],\"description\":\"Webdo est un m\u00e9dia num\u00e9rique tunisien fond\u00e9 en 2010, sp\u00e9cialis\u00e9 dans l\u2019actualit\u00e9 nationale et internationale, l\u2019\u00e9conomie, la soci\u00e9t\u00e9 et les analyses politiques. Le site s\u2019adresse \u00e0 un large public francophone et couvre l\u2019information tunisienne en temps r\u00e9el.\",\"email\":\"redac@webdo.tn\",\"legalName\":\"YNJ SARL\",\"foundingDate\":\"2010-09-06\",\"numberOfEmployees\":{\"@type\":\"QuantitativeValue\",\"minValue\":\"11\",\"maxValue\":\"50\"}},{\"@type\":\"Person\",\"@id\":\"https:\\\/\\\/www.webdo.tn\\\/fr\\\/#\\\/schema\\\/person\\\/2c4929cbf5a809e3bd38617c6ce150f6\",\"name\":\"MC\",\"image\":{\"@type\":\"ImageObject\",\"inLanguage\":\"fr-FR\",\"@id\":\"https:\\\/\\\/secure.gravatar.com\\\/avatar\\\/a545bbb6f84efdd5553dbbc2895e3ca8f1d12c5215e00a041c9670b54aa9b18a?s=96&d=mm&r=g\",\"url\":\"https:\\\/\\\/secure.gravatar.com\\\/avatar\\\/a545bbb6f84efdd5553dbbc2895e3ca8f1d12c5215e00a041c9670b54aa9b18a?s=96&d=mm&r=g\",\"contentUrl\":\"https:\\\/\\\/secure.gravatar.com\\\/avatar\\\/a545bbb6f84efdd5553dbbc2895e3ca8f1d12c5215e00a041c9670b54aa9b18a?s=96&d=mm&r=g\",\"caption\":\"MC\"},\"url\":\"https:\\\/\\\/www.webdo.tn\\\/fr\\\/actualite\\\/author\\\/mc\\\/\"}]}<\/script>\n<!-- \/ Yoast SEO Premium plugin. -->","yoast_head_json":{"title":"J\u2019ai les m\u00eames g\u00e8nes qu\u2019Hannibal Barca, dixit Olfa Hamdi","description":"Olfa Hamdi, future candidate \u00e0 la prochaine \u00e9lection pr\u00e9sidentielle se compare \u00e0 Hannibal Barca","canonical":"https:\/\/www.webdo.tn\/fr\/actualite\/national\/j-ai-les-memes-genes-qu-hannibal-barca-dixit-olfa-hamdi\/212997\/","og_locale":"fr_FR","og_type":"article","og_title":"J\u2019ai les m\u00eames g\u00e8nes qu\u2019Hannibal Barca, dixit Olfa Hamdi","og_description":"Olfa Hamdi, future candidate \u00e0 la prochaine \u00e9lection pr\u00e9sidentielle se compare \u00e0 Hannibal Barca","og_url":"https:\/\/www.webdo.tn\/fr\/actualite\/national\/j-ai-les-memes-genes-qu-hannibal-barca-dixit-olfa-hamdi\/212997\/","og_site_name":"webdo","article_publisher":"https:\/\/www.facebook.com\/webdotn","article_published_time":"2024-03-16T11:18:00+00:00","article_modified_time":"2025-05-20T21:52:07+00:00","og_image":[{"width":750,"height":400,"url":"https:\/\/www.webdo.tn\/fr\/wp-content\/uploads\/2024\/03\/6d000ceebc982e158de2864d4662f7b4.jpg","type":"image\/jpeg"}],"author":"MC","twitter_card":"summary_large_image","twitter_creator":"@webdo_tn","twitter_site":"@webdo_tn","twitter_misc":{"\u00c9crit par":"MC","Dur\u00e9e de lecture estim\u00e9e":"1 minute"},"schema":{"@context":"https:\/\/schema.org","@graph":[{"@type":"NewsArticle","@id":"https:\/\/www.webdo.tn\/fr\/actualite\/national\/j-ai-les-memes-genes-qu-hannibal-barca-dixit-olfa-hamdi\/212997\/#article","isPartOf":{"@id":"https:\/\/www.webdo.tn\/fr\/actualite\/national\/j-ai-les-memes-genes-qu-hannibal-barca-dixit-olfa-hamdi\/212997\/"},"author":{"name":"MC","@id":"https:\/\/www.webdo.tn\/fr\/#\/schema\/person\/2c4929cbf5a809e3bd38617c6ce150f6"},"headline":"J\u2019ai les m\u00eames g\u00e8nes qu\u2019Hannibal Barca, dixit Olfa Hamdi","datePublished":"2024-03-16T11:18:00+00:00","dateModified":"2025-05-20T21:52:07+00:00","mainEntityOfPage":{"@id":"https:\/\/www.webdo.tn\/fr\/actualite\/national\/j-ai-les-memes-genes-qu-hannibal-barca-dixit-olfa-hamdi\/212997\/"},"wordCount":196,"commentCount":0,"publisher":{"@id":"https:\/\/www.webdo.tn\/fr\/#organization"},"image":{"@id":"https:\/\/www.webdo.tn\/fr\/actualite\/national\/j-ai-les-memes-genes-qu-hannibal-barca-dixit-olfa-hamdi\/212997\/#primaryimage"},"thumbnailUrl":"https:\/\/www.webdo.tn\/fr\/wp-content\/uploads\/2024\/03\/6d000ceebc982e158de2864d4662f7b4.jpg","keywords":["Hannibal","olfa hamdi","pr\u00e9sidentielle","Tunisie"],"articleSection":["National"],"inLanguage":"fr-FR"},{"@type":"WebPage","@id":"https:\/\/www.webdo.tn\/fr\/actualite\/national\/j-ai-les-memes-genes-qu-hannibal-barca-dixit-olfa-hamdi\/212997\/","url":"https:\/\/www.webdo.tn\/fr\/actualite\/national\/j-ai-les-memes-genes-qu-hannibal-barca-dixit-olfa-hamdi\/212997\/","name":"J\u2019ai les m\u00eames g\u00e8nes qu\u2019Hannibal Barca, dixit Olfa Hamdi","isPartOf":{"@id":"https:\/\/www.webdo.tn\/fr\/#website"},"primaryImageOfPage":{"@id":"https:\/\/www.webdo.tn\/fr\/actualite\/national\/j-ai-les-memes-genes-qu-hannibal-barca-dixit-olfa-hamdi\/212997\/#primaryimage"},"image":{"@id":"https:\/\/www.webdo.tn\/fr\/actualite\/national\/j-ai-les-memes-genes-qu-hannibal-barca-dixit-olfa-hamdi\/212997\/#primaryimage"},"thumbnailUrl":"https:\/\/www.webdo.tn\/fr\/wp-content\/uploads\/2024\/03\/6d000ceebc982e158de2864d4662f7b4.jpg","datePublished":"2024-03-16T11:18:00+00:00","dateModified":"2025-05-20T21:52:07+00:00","description":"Olfa Hamdi, future candidate \u00e0 la prochaine \u00e9lection pr\u00e9sidentielle se compare \u00e0 Hannibal Barca","breadcrumb":{"@id":"https:\/\/www.webdo.tn\/fr\/actualite\/national\/j-ai-les-memes-genes-qu-hannibal-barca-dixit-olfa-hamdi\/212997\/#breadcrumb"},"inLanguage":"fr-FR","potentialAction":[{"@type":"ReadAction","target":["https:\/\/www.webdo.tn\/fr\/actualite\/national\/j-ai-les-memes-genes-qu-hannibal-barca-dixit-olfa-hamdi\/212997\/"]}]},{"@type":"ImageObject","inLanguage":"fr-FR","@id":"https:\/\/www.webdo.tn\/fr\/actualite\/national\/j-ai-les-memes-genes-qu-hannibal-barca-dixit-olfa-hamdi\/212997\/#primaryimage","url":"https:\/\/www.webdo.tn\/fr\/wp-content\/uploads\/2024\/03\/6d000ceebc982e158de2864d4662f7b4.jpg","contentUrl":"https:\/\/www.webdo.tn\/fr\/wp-content\/uploads\/2024\/03\/6d000ceebc982e158de2864d4662f7b4.jpg","width":750,"height":400,"caption":"J\u2019ai les m\u00eames g\u00e8nes qu\u2019Hannibal Barca, dixit Olfa Hamdi"},{"@type":"BreadcrumbList","@id":"https:\/\/www.webdo.tn\/fr\/actualite\/national\/j-ai-les-memes-genes-qu-hannibal-barca-dixit-olfa-hamdi\/212997\/#breadcrumb","itemListElement":[{"@type":"ListItem","position":1,"name":"Accueil","item":"https:\/\/www.webdo.tn\/fr\/"},{"@type":"ListItem","position":2,"name":"J\u2019ai les m\u00eames g\u00e8nes qu\u2019Hannibal Barca, dixit Olfa Hamdi"}]},{"@type":"WebSite","@id":"https:\/\/www.webdo.tn\/fr\/#website","url":"https:\/\/www.webdo.tn\/fr\/","name":"webdo","description":"Tunisie - News en Tunisie et \u00e0 l&#039;international sur Webdo.tn","publisher":{"@id":"https:\/\/www.webdo.tn\/fr\/#organization"},"potentialAction":[{"@type":"SearchAction","target":{"@type":"EntryPoint","urlTemplate":"https:\/\/www.webdo.tn\/fr\/?s={search_term_string}"},"query-input":{"@type":"PropertyValueSpecification","valueRequired":true,"valueName":"search_term_string"}}],"inLanguage":"fr-FR"},{"@type":"Organization","@id":"https:\/\/www.webdo.tn\/fr\/#organization","name":"Webdo","alternateName":"Webdo.tn","url":"https:\/\/www.webdo.tn\/fr\/","logo":{"@type":"ImageObject","inLanguage":"fr-FR","@id":"https:\/\/www.webdo.tn\/fr\/#\/schema\/logo\/image\/","url":"https:\/\/www.webdo.tn\/fr\/wp-content\/uploads\/2025\/06\/Webdo-Tunisie_168377.jpg","contentUrl":"https:\/\/www.webdo.tn\/fr\/wp-content\/uploads\/2025\/06\/Webdo-Tunisie_168377.jpg","width":301,"height":301,"caption":"Webdo"},"image":{"@id":"https:\/\/www.webdo.tn\/fr\/#\/schema\/logo\/image\/"},"sameAs":["https:\/\/www.facebook.com\/webdotn","https:\/\/x.com\/webdo_tn"],"description":"Webdo est un m\u00e9dia num\u00e9rique tunisien fond\u00e9 en 2010, sp\u00e9cialis\u00e9 dans l\u2019actualit\u00e9 nationale et internationale, l\u2019\u00e9conomie, la soci\u00e9t\u00e9 et les analyses politiques. Le site s\u2019adresse \u00e0 un large public francophone et couvre l\u2019information tunisienne en temps r\u00e9el.","email":"redac@webdo.tn","legalName":"YNJ SARL","foundingDate":"2010-09-06","numberOfEmployees":{"@type":"QuantitativeValue","minValue":"11","maxValue":"50"}},{"@type":"Person","@id":"https:\/\/www.webdo.tn\/fr\/#\/schema\/person\/2c4929cbf5a809e3bd38617c6ce150f6","name":"MC","image":{"@type":"ImageObject","inLanguage":"fr-FR","@id":"https:\/\/secure.gravatar.com\/avatar\/a545bbb6f84efdd5553dbbc2895e3ca8f1d12c5215e00a041c9670b54aa9b18a?s=96&d=mm&r=g","url":"https:\/\/secure.gravatar.com\/avatar\/a545bbb6f84efdd5553dbbc2895e3ca8f1d12c5215e00a041c9670b54aa9b18a?s=96&d=mm&r=g","contentUrl":"https:\/\/secure.gravatar.com\/avatar\/a545bbb6f84efdd5553dbbc2895e3ca8f1d12c5215e00a041c9670b54aa9b18a?s=96&d=mm&r=g","caption":"MC"},"url":"https:\/\/www.webdo.tn\/fr\/actualite\/author\/mc\/"}]}},"_links":{"self":[{"href":"https:\/\/www.webdo.tn\/fr\/wp-json\/wp\/v2\/posts\/212997","targetHints":{"allow":["GET"]}}],"collection":[{"href":"https:\/\/www.webdo.tn\/fr\/wp-json\/wp\/v2\/posts"}],"about":[{"href":"https:\/\/www.webdo.tn\/fr\/wp-json\/wp\/v2\/types\/post"}],"author":[{"embeddable":true,"href":"https:\/\/www.webdo.tn\/fr\/wp-json\/wp\/v2\/users\/3162"}],"replies":[{"embeddable":true,"href":"https:\/\/www.webdo.tn\/fr\/wp-json\/wp\/v2\/comments?post=212997"}],"version-history":[{"count":0,"href":"https:\/\/www.webdo.tn\/fr\/wp-json\/wp\/v2\/posts\/212997\/revisions"}],"wp:featuredmedia":[{"embeddable":true,"href":"https:\/\/www.webdo.tn\/fr\/wp-json\/wp\/v2\/media\/247775"}],"wp:attachment":[{"href":"https:\/\/www.webdo.tn\/fr\/wp-json\/wp\/v2\/media?parent=212997"}],"wp:term":[{"taxonomy":"category","embeddable":true,"href":"https:\/\/www.webdo.tn\/fr\/wp-json\/wp\/v2\/categories?post=212997"},{"taxonomy":"post_tag","embeddable":true,"href":"https:\/\/www.webdo.tn\/fr\/wp-json\/wp\/v2\/tags?post=212997"}],"curies":[{"name":"wp","href":"https:\/\/api.w.org\/{rel}","templated":true}]}}