{"id":212994,"date":"2024-03-16T09:27:00","date_gmt":"2024-03-16T09:27:00","guid":{"rendered":"https:\/\/www.webdo.tn\/fr\/blog\/valse-des-directeurs-que-se-passe-t-il-a-la-cinematheque-tunisienne\/212994\/"},"modified":"2024-03-16T09:27:00","modified_gmt":"2024-03-16T09:27:00","slug":"valse-des-directeurs-que-se-passe-t-il-a-la-cinematheque-tunisienne","status":"publish","type":"post","link":"https:\/\/www.webdo.tn\/fr\/actualite\/culture\/valse-des-directeurs-que-se-passe-t-il-a-la-cinematheque-tunisienne\/212994\/","title":{"rendered":"Valse des directeurs : Que se passe-t-il \u00e0 la Cin\u00e9math\u00e8que tunisienne ?"},"content":{"rendered":"<p>Depuis quelques mois, la Cin\u00e9math\u00e8que tunisienne reste sans direction. C&rsquo;est la troisi\u00e8me fois en quelques ann\u00e9es que cette institution voit d\u00e9missionner son directeur.<\/p>\n<p>\t\t\t\t\t\t\t\t\tMalgr\u00e9 son dynamisme, la qualit\u00e9 de son travail et son savoir-faire, Leila Ben Achour a d\u00e9missionn\u00e9 de son poste de direction \u00e0 la t\u00eate de la Cin\u00e9math\u00e8que tunisienne.<\/p>\n<p>C&rsquo;est la troisi\u00e8me fois que cette situation se pr\u00e9sente puisque les deux directeurs pr\u00e9c\u00e9dents ont \u00e9galement d\u00e9missionn\u00e9.<\/p>\n<p>En effet, aussi bien Hichem Ben Ammar que Tarek Ben Chaabane ont jet\u00e9 l&rsquo;\u00e9ponge, le premier apr\u00e8s plus de trois ans et le suivant apr\u00e8s seulement deux ans.<\/p>\n<p>Pourtant, dans leur cas aussi, ce n&rsquo;est pas la teneur de leur travail qui \u00e9tait en question. De fait, depuis sa cr\u00e9ation ,la Cin\u00e9math\u00e8que tunisienne souffre d&rsquo;un conflit de comp\u00e9tences qui engage aussi bien le Centre national du cin\u00e9ma et de l&rsquo;image (CNCI) que la Direction du cin\u00e9ma au minist\u00e8re des Affaires culturelles.<\/p>\n<p>Ces deux instances consid\u00e8rent avoir un droit de regard voire une tutelle sur la Cin\u00e9math\u00e8que tunisienne consid\u00e9r\u00e9e comme leur prolongement. Ce d\u00e9doublement fonctionnel a souvent vir\u00e9 \u00e0 la querelle de clochers laissant la direction de la Cin\u00e9math\u00e8que tunisienne \u00e9cartel\u00e9e et priv\u00e9e de certaines de ses attributions.<\/p>\n<p>Il est fort \u00e0 craindre que cette instabilit\u00e9 persistera tant que le flou administratif durera. En attendant, la Cin\u00e9math\u00e8que tunisienne a perdu trois comp\u00e9tences incontestables et se retrouve dans le giron des fonctionnaires du d\u00e9partement de la Culture.<\/p>\n<p>Qui rem\u00e9diera \u00e0 cette situation pour enfin, donner l&rsquo;\u00e9lan qu&rsquo;elle attend \u00e0 la Cin\u00e9math\u00e8que tunisienne ?<\/p>\n","protected":false},"excerpt":{"rendered":"<p>Leila Ben Achour a d\u00e9missionn\u00e9 de son poste de direction \u00e0 la t\u00eate de la Cin\u00e9math\u00e8que tunisienne.<\/p>\n","protected":false},"author":3229,"featured_media":247770,"comment_status":"open","ping_status":"closed","sticky":false,"template":"","format":"standard","meta":{"footnotes":""},"categories":[2594],"tags":[6841,4063,2640],"class_list":["post-212994","post","type-post","status-publish","format-standard","has-post-thumbnail","hentry","category-culture","tag-cinematheque","tag-cite-de-la-culture","tag-tunis"],"yoast_head":"<!-- This site is optimized with the Yoast SEO Premium plugin v27.5 (Yoast SEO v27.5) - https:\/\/yoast.com\/product\/yoast-seo-premium-wordpress\/ -->\n<title>Valse des directeurs : Que se passe-t-il \u00e0 la Cin\u00e9math\u00e8que tunisienne ?<\/title>\n<meta name=\"description\" content=\"Leila Ben Achour a d\u00e9missionn\u00e9 de son poste de direction \u00e0 la t\u00eate de la Cin\u00e9math\u00e8que tunisienne.\" \/>\n<link rel=\"canonical\" href=\"https:\/\/www.webdo.tn\/fr\/actualite\/culture\/valse-des-directeurs-que-se-passe-t-il-a-la-cinematheque-tunisienne\/212994\/\" \/>\n<meta property=\"og:locale\" content=\"fr_FR\" \/>\n<meta property=\"og:type\" content=\"article\" \/>\n<meta property=\"og:title\" content=\"Valse des directeurs : Que se passe-t-il \u00e0 la Cin\u00e9math\u00e8que tunisienne ?\" \/>\n<meta property=\"og:description\" content=\"Leila Ben Achour a d\u00e9missionn\u00e9 de son poste de direction \u00e0 la t\u00eate de la Cin\u00e9math\u00e8que tunisienne.\" \/>\n<meta property=\"og:url\" content=\"https:\/\/www.webdo.tn\/fr\/actualite\/culture\/valse-des-directeurs-que-se-passe-t-il-a-la-cinematheque-tunisienne\/212994\/\" \/>\n<meta property=\"og:site_name\" content=\"webdo\" \/>\n<meta property=\"article:publisher\" content=\"https:\/\/www.facebook.com\/webdotn\" \/>\n<meta property=\"article:author\" content=\"https:\/\/www.facebook.com\/hatem.bourial.2025\" \/>\n<meta property=\"article:published_time\" content=\"2024-03-16T09:27:00+00:00\" \/>\n<meta property=\"og:image\" content=\"https:\/\/www.webdo.tn\/fr\/wp-content\/uploads\/2024\/03\/bc96684002c051161cab718b01ade01c.jpg\" \/>\n\t<meta property=\"og:image:width\" content=\"750\" \/>\n\t<meta property=\"og:image:height\" content=\"400\" \/>\n\t<meta property=\"og:image:type\" content=\"image\/jpeg\" \/>\n<meta name=\"author\" content=\"Hatem Bourial\" \/>\n<meta name=\"twitter:card\" content=\"summary_large_image\" \/>\n<meta name=\"twitter:creator\" content=\"@webdo_tn\" \/>\n<meta name=\"twitter:site\" content=\"@webdo_tn\" \/>\n<meta name=\"twitter:label1\" content=\"\u00c9crit par\" \/>\n\t<meta name=\"twitter:data1\" content=\"Hatem Bourial\" \/>\n\t<meta name=\"twitter:label2\" content=\"Dur\u00e9e de lecture estim\u00e9e\" \/>\n\t<meta name=\"twitter:data2\" content=\"1 minute\" \/>\n<script type=\"application\/ld+json\" class=\"yoast-schema-graph\">{\"@context\":\"https:\\\/\\\/schema.org\",\"@graph\":[{\"@type\":\"NewsArticle\",\"@id\":\"https:\\\/\\\/www.webdo.tn\\\/fr\\\/actualite\\\/culture\\\/valse-des-directeurs-que-se-passe-t-il-a-la-cinematheque-tunisienne\\\/212994\\\/#article\",\"isPartOf\":{\"@id\":\"https:\\\/\\\/www.webdo.tn\\\/fr\\\/actualite\\\/culture\\\/valse-des-directeurs-que-se-passe-t-il-a-la-cinematheque-tunisienne\\\/212994\\\/\"},\"author\":{\"name\":\"Hatem Bourial\",\"@id\":\"https:\\\/\\\/www.webdo.tn\\\/fr\\\/#\\\/schema\\\/person\\\/6bc0beba2cd23aec27cb5df85ca2554f\"},\"headline\":\"Valse des directeurs : Que se passe-t-il \u00e0 la Cin\u00e9math\u00e8que tunisienne ?\",\"datePublished\":\"2024-03-16T09:27:00+00:00\",\"mainEntityOfPage\":{\"@id\":\"https:\\\/\\\/www.webdo.tn\\\/fr\\\/actualite\\\/culture\\\/valse-des-directeurs-que-se-passe-t-il-a-la-cinematheque-tunisienne\\\/212994\\\/\"},\"wordCount\":302,\"commentCount\":0,\"publisher\":{\"@id\":\"https:\\\/\\\/www.webdo.tn\\\/fr\\\/#organization\"},\"image\":{\"@id\":\"https:\\\/\\\/www.webdo.tn\\\/fr\\\/actualite\\\/culture\\\/valse-des-directeurs-que-se-passe-t-il-a-la-cinematheque-tunisienne\\\/212994\\\/#primaryimage\"},\"thumbnailUrl\":\"https:\\\/\\\/www.webdo.tn\\\/fr\\\/wp-content\\\/uploads\\\/2024\\\/03\\\/bc96684002c051161cab718b01ade01c.jpg\",\"keywords\":[\"cin\u00e9math\u00e8que\",\"cit\u00e9 de la culture\",\"Tunis\"],\"articleSection\":[\"Culture\"],\"inLanguage\":\"fr-FR\"},{\"@type\":\"WebPage\",\"@id\":\"https:\\\/\\\/www.webdo.tn\\\/fr\\\/actualite\\\/culture\\\/valse-des-directeurs-que-se-passe-t-il-a-la-cinematheque-tunisienne\\\/212994\\\/\",\"url\":\"https:\\\/\\\/www.webdo.tn\\\/fr\\\/actualite\\\/culture\\\/valse-des-directeurs-que-se-passe-t-il-a-la-cinematheque-tunisienne\\\/212994\\\/\",\"name\":\"Valse des directeurs : Que se passe-t-il \u00e0 la Cin\u00e9math\u00e8que tunisienne ?\",\"isPartOf\":{\"@id\":\"https:\\\/\\\/www.webdo.tn\\\/fr\\\/#website\"},\"primaryImageOfPage\":{\"@id\":\"https:\\\/\\\/www.webdo.tn\\\/fr\\\/actualite\\\/culture\\\/valse-des-directeurs-que-se-passe-t-il-a-la-cinematheque-tunisienne\\\/212994\\\/#primaryimage\"},\"image\":{\"@id\":\"https:\\\/\\\/www.webdo.tn\\\/fr\\\/actualite\\\/culture\\\/valse-des-directeurs-que-se-passe-t-il-a-la-cinematheque-tunisienne\\\/212994\\\/#primaryimage\"},\"thumbnailUrl\":\"https:\\\/\\\/www.webdo.tn\\\/fr\\\/wp-content\\\/uploads\\\/2024\\\/03\\\/bc96684002c051161cab718b01ade01c.jpg\",\"datePublished\":\"2024-03-16T09:27:00+00:00\",\"description\":\"Leila Ben Achour a d\u00e9missionn\u00e9 de son poste de direction \u00e0 la t\u00eate de la Cin\u00e9math\u00e8que tunisienne.\",\"breadcrumb\":{\"@id\":\"https:\\\/\\\/www.webdo.tn\\\/fr\\\/actualite\\\/culture\\\/valse-des-directeurs-que-se-passe-t-il-a-la-cinematheque-tunisienne\\\/212994\\\/#breadcrumb\"},\"inLanguage\":\"fr-FR\",\"potentialAction\":[{\"@type\":\"ReadAction\",\"target\":[\"https:\\\/\\\/www.webdo.tn\\\/fr\\\/actualite\\\/culture\\\/valse-des-directeurs-que-se-passe-t-il-a-la-cinematheque-tunisienne\\\/212994\\\/\"]}]},{\"@type\":\"ImageObject\",\"inLanguage\":\"fr-FR\",\"@id\":\"https:\\\/\\\/www.webdo.tn\\\/fr\\\/actualite\\\/culture\\\/valse-des-directeurs-que-se-passe-t-il-a-la-cinematheque-tunisienne\\\/212994\\\/#primaryimage\",\"url\":\"https:\\\/\\\/www.webdo.tn\\\/fr\\\/wp-content\\\/uploads\\\/2024\\\/03\\\/bc96684002c051161cab718b01ade01c.jpg\",\"contentUrl\":\"https:\\\/\\\/www.webdo.tn\\\/fr\\\/wp-content\\\/uploads\\\/2024\\\/03\\\/bc96684002c051161cab718b01ade01c.jpg\",\"width\":750,\"height\":400,\"caption\":\"Valse des directeurs : Que se passe-t-il \u00e0 la Cin\u00e9math\u00e8que tunisienne ?\"},{\"@type\":\"BreadcrumbList\",\"@id\":\"https:\\\/\\\/www.webdo.tn\\\/fr\\\/actualite\\\/culture\\\/valse-des-directeurs-que-se-passe-t-il-a-la-cinematheque-tunisienne\\\/212994\\\/#breadcrumb\",\"itemListElement\":[{\"@type\":\"ListItem\",\"position\":1,\"name\":\"Accueil\",\"item\":\"https:\\\/\\\/www.webdo.tn\\\/fr\\\/\"},{\"@type\":\"ListItem\",\"position\":2,\"name\":\"Valse des directeurs : Que se passe-t-il \u00e0 la Cin\u00e9math\u00e8que tunisienne ?\"}]},{\"@type\":\"WebSite\",\"@id\":\"https:\\\/\\\/www.webdo.tn\\\/fr\\\/#website\",\"url\":\"https:\\\/\\\/www.webdo.tn\\\/fr\\\/\",\"name\":\"webdo\",\"description\":\"Tunisie - News en Tunisie et \u00e0 l&#039;international sur Webdo.tn\",\"publisher\":{\"@id\":\"https:\\\/\\\/www.webdo.tn\\\/fr\\\/#organization\"},\"potentialAction\":[{\"@type\":\"SearchAction\",\"target\":{\"@type\":\"EntryPoint\",\"urlTemplate\":\"https:\\\/\\\/www.webdo.tn\\\/fr\\\/?s={search_term_string}\"},\"query-input\":{\"@type\":\"PropertyValueSpecification\",\"valueRequired\":true,\"valueName\":\"search_term_string\"}}],\"inLanguage\":\"fr-FR\"},{\"@type\":\"Organization\",\"@id\":\"https:\\\/\\\/www.webdo.tn\\\/fr\\\/#organization\",\"name\":\"Webdo\",\"alternateName\":\"Webdo.tn\",\"url\":\"https:\\\/\\\/www.webdo.tn\\\/fr\\\/\",\"logo\":{\"@type\":\"ImageObject\",\"inLanguage\":\"fr-FR\",\"@id\":\"https:\\\/\\\/www.webdo.tn\\\/fr\\\/#\\\/schema\\\/logo\\\/image\\\/\",\"url\":\"https:\\\/\\\/www.webdo.tn\\\/fr\\\/wp-content\\\/uploads\\\/2025\\\/06\\\/Webdo-Tunisie_168377.jpg\",\"contentUrl\":\"https:\\\/\\\/www.webdo.tn\\\/fr\\\/wp-content\\\/uploads\\\/2025\\\/06\\\/Webdo-Tunisie_168377.jpg\",\"width\":301,\"height\":301,\"caption\":\"Webdo\"},\"image\":{\"@id\":\"https:\\\/\\\/www.webdo.tn\\\/fr\\\/#\\\/schema\\\/logo\\\/image\\\/\"},\"sameAs\":[\"https:\\\/\\\/www.facebook.com\\\/webdotn\",\"https:\\\/\\\/x.com\\\/webdo_tn\"],\"description\":\"Webdo est un m\u00e9dia num\u00e9rique tunisien fond\u00e9 en 2010, sp\u00e9cialis\u00e9 dans l\u2019actualit\u00e9 nationale et internationale, l\u2019\u00e9conomie, la soci\u00e9t\u00e9 et les analyses politiques. Le site s\u2019adresse \u00e0 un large public francophone et couvre l\u2019information tunisienne en temps r\u00e9el.\",\"email\":\"redac@webdo.tn\",\"legalName\":\"YNJ SARL\",\"foundingDate\":\"2010-09-06\",\"numberOfEmployees\":{\"@type\":\"QuantitativeValue\",\"minValue\":\"11\",\"maxValue\":\"50\"}},{\"@type\":\"Person\",\"@id\":\"https:\\\/\\\/www.webdo.tn\\\/fr\\\/#\\\/schema\\\/person\\\/6bc0beba2cd23aec27cb5df85ca2554f\",\"name\":\"Hatem Bourial\",\"image\":{\"@type\":\"ImageObject\",\"inLanguage\":\"fr-FR\",\"@id\":\"https:\\\/\\\/www.webdo.tn\\\/fr\\\/wp-content\\\/uploads\\\/2026\\\/04\\\/hatem-bourial_avatar-96x96.jpg\",\"url\":\"https:\\\/\\\/www.webdo.tn\\\/fr\\\/wp-content\\\/uploads\\\/2026\\\/04\\\/hatem-bourial_avatar-96x96.jpg\",\"contentUrl\":\"https:\\\/\\\/www.webdo.tn\\\/fr\\\/wp-content\\\/uploads\\\/2026\\\/04\\\/hatem-bourial_avatar-96x96.jpg\",\"caption\":\"Hatem Bourial\"},\"description\":\"Hatem Bourial est journaliste, \u00e9crivain et chroniqueur tunisien. Actif depuis plusieurs d\u00e9cennies, il s\u2019est impos\u00e9 comme un observateur attentif de la soci\u00e9t\u00e9 tunisienne, m\u00ealant dans ses \u00e9crits m\u00e9moire, culture et analyse du quotidien. Auteur de nombreux ouvrages, il d\u00e9veloppe une \u0153uvre \u00e0 la crois\u00e9e du r\u00e9cit, de la po\u00e9sie et de l\u2019observation sociologique. Parall\u00e8lement \u00e0 ses contributions dans la presse, il intervient r\u00e9guli\u00e8rement \u00e0 la radio et dans des espaces culturels, o\u00f9 il explore les enjeux li\u00e9s au patrimoine, \u00e0 l\u2019identit\u00e9 et aux transformations du monde contemporain. \u00c0 travers ses chroniques, Hatem Bourial propose une lecture sensible et approfondie de l\u2019actualit\u00e9, nourrie par une exp\u00e9rience journalistique et litt\u00e9raire reconnue. \ud83d\udd17 Facebook : https:\\\/\\\/www.facebook.com\\\/hatem.bourial.2025\",\"sameAs\":[\"https:\\\/\\\/www.facebook.com\\\/hatem.bourial.2025\",\"https:\\\/\\\/fr.wikipedia.org\\\/wiki\\\/Fichier:Hatem_Bourial.jpg\"],\"knowsAbout\":[\"Culture & patrimoine tunisien\",\"Chronique soci\u00e9tale\",\"Litt\u00e9rature & m\u00e9moire\",\"Cin\u00e9ma & critique culturelle\",\"Identit\u00e9 & mutations sociales\"],\"knowsLanguage\":[\"Arabe\",\"Fran\u00e7ais\",\"Anglais\",\"Italien\",\"Polonais\"],\"jobTitle\":\"Journaliste, \u00e9crivain et chroniqueur culturel\",\"worksFor\":\"Webdo\",\"url\":\"https:\\\/\\\/www.webdo.tn\\\/fr\\\/actualite\\\/author\\\/hatem-bourial-2\\\/\"}]}<\/script>\n<!-- \/ Yoast SEO Premium plugin. -->","yoast_head_json":{"title":"Valse des directeurs : Que se passe-t-il \u00e0 la Cin\u00e9math\u00e8que tunisienne ?","description":"Leila Ben Achour a d\u00e9missionn\u00e9 de son poste de direction \u00e0 la t\u00eate de la Cin\u00e9math\u00e8que tunisienne.","canonical":"https:\/\/www.webdo.tn\/fr\/actualite\/culture\/valse-des-directeurs-que-se-passe-t-il-a-la-cinematheque-tunisienne\/212994\/","og_locale":"fr_FR","og_type":"article","og_title":"Valse des directeurs : Que se passe-t-il \u00e0 la Cin\u00e9math\u00e8que tunisienne ?","og_description":"Leila Ben Achour a d\u00e9missionn\u00e9 de son poste de direction \u00e0 la t\u00eate de la Cin\u00e9math\u00e8que tunisienne.","og_url":"https:\/\/www.webdo.tn\/fr\/actualite\/culture\/valse-des-directeurs-que-se-passe-t-il-a-la-cinematheque-tunisienne\/212994\/","og_site_name":"webdo","article_publisher":"https:\/\/www.facebook.com\/webdotn","article_author":"https:\/\/www.facebook.com\/hatem.bourial.2025","article_published_time":"2024-03-16T09:27:00+00:00","og_image":[{"width":750,"height":400,"url":"https:\/\/www.webdo.tn\/fr\/wp-content\/uploads\/2024\/03\/bc96684002c051161cab718b01ade01c.jpg","type":"image\/jpeg"}],"author":"Hatem Bourial","twitter_card":"summary_large_image","twitter_creator":"@webdo_tn","twitter_site":"@webdo_tn","twitter_misc":{"\u00c9crit par":"Hatem Bourial","Dur\u00e9e de lecture estim\u00e9e":"1 minute"},"schema":{"@context":"https:\/\/schema.org","@graph":[{"@type":"NewsArticle","@id":"https:\/\/www.webdo.tn\/fr\/actualite\/culture\/valse-des-directeurs-que-se-passe-t-il-a-la-cinematheque-tunisienne\/212994\/#article","isPartOf":{"@id":"https:\/\/www.webdo.tn\/fr\/actualite\/culture\/valse-des-directeurs-que-se-passe-t-il-a-la-cinematheque-tunisienne\/212994\/"},"author":{"name":"Hatem Bourial","@id":"https:\/\/www.webdo.tn\/fr\/#\/schema\/person\/6bc0beba2cd23aec27cb5df85ca2554f"},"headline":"Valse des directeurs : Que se passe-t-il \u00e0 la Cin\u00e9math\u00e8que tunisienne ?","datePublished":"2024-03-16T09:27:00+00:00","mainEntityOfPage":{"@id":"https:\/\/www.webdo.tn\/fr\/actualite\/culture\/valse-des-directeurs-que-se-passe-t-il-a-la-cinematheque-tunisienne\/212994\/"},"wordCount":302,"commentCount":0,"publisher":{"@id":"https:\/\/www.webdo.tn\/fr\/#organization"},"image":{"@id":"https:\/\/www.webdo.tn\/fr\/actualite\/culture\/valse-des-directeurs-que-se-passe-t-il-a-la-cinematheque-tunisienne\/212994\/#primaryimage"},"thumbnailUrl":"https:\/\/www.webdo.tn\/fr\/wp-content\/uploads\/2024\/03\/bc96684002c051161cab718b01ade01c.jpg","keywords":["cin\u00e9math\u00e8que","cit\u00e9 de la culture","Tunis"],"articleSection":["Culture"],"inLanguage":"fr-FR"},{"@type":"WebPage","@id":"https:\/\/www.webdo.tn\/fr\/actualite\/culture\/valse-des-directeurs-que-se-passe-t-il-a-la-cinematheque-tunisienne\/212994\/","url":"https:\/\/www.webdo.tn\/fr\/actualite\/culture\/valse-des-directeurs-que-se-passe-t-il-a-la-cinematheque-tunisienne\/212994\/","name":"Valse des directeurs : Que se passe-t-il \u00e0 la Cin\u00e9math\u00e8que tunisienne ?","isPartOf":{"@id":"https:\/\/www.webdo.tn\/fr\/#website"},"primaryImageOfPage":{"@id":"https:\/\/www.webdo.tn\/fr\/actualite\/culture\/valse-des-directeurs-que-se-passe-t-il-a-la-cinematheque-tunisienne\/212994\/#primaryimage"},"image":{"@id":"https:\/\/www.webdo.tn\/fr\/actualite\/culture\/valse-des-directeurs-que-se-passe-t-il-a-la-cinematheque-tunisienne\/212994\/#primaryimage"},"thumbnailUrl":"https:\/\/www.webdo.tn\/fr\/wp-content\/uploads\/2024\/03\/bc96684002c051161cab718b01ade01c.jpg","datePublished":"2024-03-16T09:27:00+00:00","description":"Leila Ben Achour a d\u00e9missionn\u00e9 de son poste de direction \u00e0 la t\u00eate de la Cin\u00e9math\u00e8que tunisienne.","breadcrumb":{"@id":"https:\/\/www.webdo.tn\/fr\/actualite\/culture\/valse-des-directeurs-que-se-passe-t-il-a-la-cinematheque-tunisienne\/212994\/#breadcrumb"},"inLanguage":"fr-FR","potentialAction":[{"@type":"ReadAction","target":["https:\/\/www.webdo.tn\/fr\/actualite\/culture\/valse-des-directeurs-que-se-passe-t-il-a-la-cinematheque-tunisienne\/212994\/"]}]},{"@type":"ImageObject","inLanguage":"fr-FR","@id":"https:\/\/www.webdo.tn\/fr\/actualite\/culture\/valse-des-directeurs-que-se-passe-t-il-a-la-cinematheque-tunisienne\/212994\/#primaryimage","url":"https:\/\/www.webdo.tn\/fr\/wp-content\/uploads\/2024\/03\/bc96684002c051161cab718b01ade01c.jpg","contentUrl":"https:\/\/www.webdo.tn\/fr\/wp-content\/uploads\/2024\/03\/bc96684002c051161cab718b01ade01c.jpg","width":750,"height":400,"caption":"Valse des directeurs : Que se passe-t-il \u00e0 la Cin\u00e9math\u00e8que tunisienne ?"},{"@type":"BreadcrumbList","@id":"https:\/\/www.webdo.tn\/fr\/actualite\/culture\/valse-des-directeurs-que-se-passe-t-il-a-la-cinematheque-tunisienne\/212994\/#breadcrumb","itemListElement":[{"@type":"ListItem","position":1,"name":"Accueil","item":"https:\/\/www.webdo.tn\/fr\/"},{"@type":"ListItem","position":2,"name":"Valse des directeurs : Que se passe-t-il \u00e0 la Cin\u00e9math\u00e8que tunisienne ?"}]},{"@type":"WebSite","@id":"https:\/\/www.webdo.tn\/fr\/#website","url":"https:\/\/www.webdo.tn\/fr\/","name":"webdo","description":"Tunisie - News en Tunisie et \u00e0 l&#039;international sur Webdo.tn","publisher":{"@id":"https:\/\/www.webdo.tn\/fr\/#organization"},"potentialAction":[{"@type":"SearchAction","target":{"@type":"EntryPoint","urlTemplate":"https:\/\/www.webdo.tn\/fr\/?s={search_term_string}"},"query-input":{"@type":"PropertyValueSpecification","valueRequired":true,"valueName":"search_term_string"}}],"inLanguage":"fr-FR"},{"@type":"Organization","@id":"https:\/\/www.webdo.tn\/fr\/#organization","name":"Webdo","alternateName":"Webdo.tn","url":"https:\/\/www.webdo.tn\/fr\/","logo":{"@type":"ImageObject","inLanguage":"fr-FR","@id":"https:\/\/www.webdo.tn\/fr\/#\/schema\/logo\/image\/","url":"https:\/\/www.webdo.tn\/fr\/wp-content\/uploads\/2025\/06\/Webdo-Tunisie_168377.jpg","contentUrl":"https:\/\/www.webdo.tn\/fr\/wp-content\/uploads\/2025\/06\/Webdo-Tunisie_168377.jpg","width":301,"height":301,"caption":"Webdo"},"image":{"@id":"https:\/\/www.webdo.tn\/fr\/#\/schema\/logo\/image\/"},"sameAs":["https:\/\/www.facebook.com\/webdotn","https:\/\/x.com\/webdo_tn"],"description":"Webdo est un m\u00e9dia num\u00e9rique tunisien fond\u00e9 en 2010, sp\u00e9cialis\u00e9 dans l\u2019actualit\u00e9 nationale et internationale, l\u2019\u00e9conomie, la soci\u00e9t\u00e9 et les analyses politiques. Le site s\u2019adresse \u00e0 un large public francophone et couvre l\u2019information tunisienne en temps r\u00e9el.","email":"redac@webdo.tn","legalName":"YNJ SARL","foundingDate":"2010-09-06","numberOfEmployees":{"@type":"QuantitativeValue","minValue":"11","maxValue":"50"}},{"@type":"Person","@id":"https:\/\/www.webdo.tn\/fr\/#\/schema\/person\/6bc0beba2cd23aec27cb5df85ca2554f","name":"Hatem Bourial","image":{"@type":"ImageObject","inLanguage":"fr-FR","@id":"https:\/\/www.webdo.tn\/fr\/wp-content\/uploads\/2026\/04\/hatem-bourial_avatar-96x96.jpg","url":"https:\/\/www.webdo.tn\/fr\/wp-content\/uploads\/2026\/04\/hatem-bourial_avatar-96x96.jpg","contentUrl":"https:\/\/www.webdo.tn\/fr\/wp-content\/uploads\/2026\/04\/hatem-bourial_avatar-96x96.jpg","caption":"Hatem Bourial"},"description":"Hatem Bourial est journaliste, \u00e9crivain et chroniqueur tunisien. Actif depuis plusieurs d\u00e9cennies, il s\u2019est impos\u00e9 comme un observateur attentif de la soci\u00e9t\u00e9 tunisienne, m\u00ealant dans ses \u00e9crits m\u00e9moire, culture et analyse du quotidien. Auteur de nombreux ouvrages, il d\u00e9veloppe une \u0153uvre \u00e0 la crois\u00e9e du r\u00e9cit, de la po\u00e9sie et de l\u2019observation sociologique. Parall\u00e8lement \u00e0 ses contributions dans la presse, il intervient r\u00e9guli\u00e8rement \u00e0 la radio et dans des espaces culturels, o\u00f9 il explore les enjeux li\u00e9s au patrimoine, \u00e0 l\u2019identit\u00e9 et aux transformations du monde contemporain. \u00c0 travers ses chroniques, Hatem Bourial propose une lecture sensible et approfondie de l\u2019actualit\u00e9, nourrie par une exp\u00e9rience journalistique et litt\u00e9raire reconnue. \ud83d\udd17 Facebook : https:\/\/www.facebook.com\/hatem.bourial.2025","sameAs":["https:\/\/www.facebook.com\/hatem.bourial.2025","https:\/\/fr.wikipedia.org\/wiki\/Fichier:Hatem_Bourial.jpg"],"knowsAbout":["Culture & patrimoine tunisien","Chronique soci\u00e9tale","Litt\u00e9rature & m\u00e9moire","Cin\u00e9ma & critique culturelle","Identit\u00e9 & mutations sociales"],"knowsLanguage":["Arabe","Fran\u00e7ais","Anglais","Italien","Polonais"],"jobTitle":"Journaliste, \u00e9crivain et chroniqueur culturel","worksFor":"Webdo","url":"https:\/\/www.webdo.tn\/fr\/actualite\/author\/hatem-bourial-2\/"}]}},"_links":{"self":[{"href":"https:\/\/www.webdo.tn\/fr\/wp-json\/wp\/v2\/posts\/212994","targetHints":{"allow":["GET"]}}],"collection":[{"href":"https:\/\/www.webdo.tn\/fr\/wp-json\/wp\/v2\/posts"}],"about":[{"href":"https:\/\/www.webdo.tn\/fr\/wp-json\/wp\/v2\/types\/post"}],"author":[{"embeddable":true,"href":"https:\/\/www.webdo.tn\/fr\/wp-json\/wp\/v2\/users\/3229"}],"replies":[{"embeddable":true,"href":"https:\/\/www.webdo.tn\/fr\/wp-json\/wp\/v2\/comments?post=212994"}],"version-history":[{"count":0,"href":"https:\/\/www.webdo.tn\/fr\/wp-json\/wp\/v2\/posts\/212994\/revisions"}],"wp:featuredmedia":[{"embeddable":true,"href":"https:\/\/www.webdo.tn\/fr\/wp-json\/wp\/v2\/media\/247770"}],"wp:attachment":[{"href":"https:\/\/www.webdo.tn\/fr\/wp-json\/wp\/v2\/media?parent=212994"}],"wp:term":[{"taxonomy":"category","embeddable":true,"href":"https:\/\/www.webdo.tn\/fr\/wp-json\/wp\/v2\/categories?post=212994"},{"taxonomy":"post_tag","embeddable":true,"href":"https:\/\/www.webdo.tn\/fr\/wp-json\/wp\/v2\/tags?post=212994"}],"curies":[{"name":"wp","href":"https:\/\/api.w.org\/{rel}","templated":true}]}}