{"id":212992,"date":"2024-03-16T09:07:00","date_gmt":"2024-03-16T09:07:00","guid":{"rendered":"https:\/\/www.webdo.tn\/fr\/blog\/ligue-1-3eme-j-play-off-le-derby-de-la-capitale-en-tete-d-affiche\/212992\/"},"modified":"2025-05-20T21:52:04","modified_gmt":"2025-05-20T21:52:04","slug":"ligue-1-3eme-j-play-off-le-derby-de-la-capitale-en-tete-d-affiche","status":"publish","type":"post","link":"https:\/\/www.webdo.tn\/fr\/actualite\/sport\/ligue-1-3eme-j-play-off-le-derby-de-la-capitale-en-tete-d-affiche\/212992\/","title":{"rendered":"Ligue 1 &#8211; 3\u00e8me J. play-off : Le derby de la capitale en t\u00eate d\u2019affiche"},"content":{"rendered":"<p>Un duel de titans est pr\u00e9vu, ce soir au stade Hammadi Agrebi de Rades entre l\u2019EST et le CA. Un derby qui s\u2019annonce chaud entre le leader et son dauphin. Rendez-vous ce soir \u00e0 partir de 21h30.<\/p>\n<p>\t\t\t\t\t\t\t\t\tL\u2019Esp\u00e9rance, leader du play-off compte bien poursuivre sur sa lanc\u00e9e en signant un troisi\u00e8me succ\u00e8s cons\u00e9cutif \u00e0 l\u2019occasion de cette 3\u00e8me journ\u00e9e. Tout plaide en sa faveur mais il aura un adversaire particulier face \u00e0 lui, le Club Africain.<\/p>\n<p>Ce derby comme tous les autres, n\u2019ob\u00e9ira \u00e0 aucune logique et m\u00eame si l\u2019EST part favorite sur le papier, le CA a les moyens de cr\u00e9er la sensation. Elimin\u00e9 de la Coupe de la Conf\u00e9d\u00e9ration, il cherchera \u00e0 tout prix \u00e0 se racheter aupr\u00e8s de ses supporters.<\/p>\n<p>Ce derby particulier mettra aux prises le leader, l\u2019EST (9 points) et son dauphin, le CA (5 points). Autant dire qu\u2019une victoire des \u00ab\u00a0Sang et or\u00a0\u00bb leur permettrait de prendre ses distances avec tous ses concurrents.<\/p>\n<p>A ce titre, le Stade Tunisien (3 points) accueillera l\u2019Etoile du Sahel (4 points), dimanche au Bardo. Un match qui vaudra son pesant d\u2019or pour garder le contact avec les \u00e9quipes de t\u00eate.<\/p>\n<p>Demain soir, cette 3\u00e8me journ\u00e9e sera cl\u00f4tur\u00e9e par le match entre le CS Sfaxien (3 points) et l\u2019US Monastirienne (3 points).<\/p>\n<p>PROGRAMME<\/p>\n<p>Samedi 16 mars<\/p>\n<p>* 21h30 : Esp\u00e9rance ST &#8211; Club Africain (Watania 1, Al Kass 4)<br \/>\nArbitre : Haythem Guirat \/ Arbitre VAR : Dorsaf Guenouati<\/p>\n<p>Dimanche 17 mars<\/p>\n<p>* 14h00 : Stade Tunisien &#8211; Etoile S. Sahel (Watania 2)<br \/>\nArbitre : Sef Ouertani \/ Arbitre VAR : Jalel Sahbani<\/p>\n<p>* 21h30 : CS Sfaxien &#8211; US Monastirienne (Watania 1, Al Kass 4)<br \/>\nArbitre : Ahmed Dhaouadi \/ Arbitre VAR : Fraj Abdellaoui<\/p>\n","protected":false},"excerpt":{"rendered":"<p>L\u2019Esp\u00e9rance, leader du play-off compte bien poursuivre sur sa lanc\u00e9e en signant un troisi\u00e8me succ\u00e8s cons\u00e9cutif \u00e0 l\u2019occasion de cette 3\u00e8me journ\u00e9e. Tout plaide e&#8230;<\/p>\n","protected":false},"author":3162,"featured_media":247768,"comment_status":"open","ping_status":"closed","sticky":false,"template":"","format":"standard","meta":{"footnotes":""},"categories":[2593],"tags":[3103,2778,3101,3077,3102,2622,2777,6308,2640,2608],"class_list":["post-212992","post","type-post","status-publish","format-standard","has-post-thumbnail","hentry","category-sport","tag-capitale","tag-championnat","tag-club-africain","tag-derby","tag-esperance-st","tag-football","tag-ligue-1","tag-play-off","tag-tunis","tag-tunisie"],"yoast_head":"<!-- This site is optimized with the Yoast SEO Premium plugin v27.5 (Yoast SEO v27.5) - https:\/\/yoast.com\/product\/yoast-seo-premium-wordpress\/ -->\n<title>Ligue 1 - 3\u00e8me J. play-off : Le derby de la capitale en t\u00eate d\u2019affiche<\/title>\n<meta name=\"description\" content=\"L\u2019Esp\u00e9rance, leader du play-off compte bien poursuivre sur sa lanc\u00e9e en signant un troisi\u00e8me succ\u00e8s cons\u00e9cutif \u00e0 l\u2019occasion de cette 3\u00e8me journ\u00e9e. Tout plaide e...\" \/>\n<link rel=\"canonical\" href=\"https:\/\/www.webdo.tn\/fr\/actualite\/sport\/ligue-1-3eme-j-play-off-le-derby-de-la-capitale-en-tete-d-affiche\/212992\/\" \/>\n<meta property=\"og:locale\" content=\"fr_FR\" \/>\n<meta property=\"og:type\" content=\"article\" \/>\n<meta property=\"og:title\" content=\"Ligue 1 - 3\u00e8me J. play-off : Le derby de la capitale en t\u00eate d\u2019affiche\" \/>\n<meta property=\"og:description\" content=\"L\u2019Esp\u00e9rance, leader du play-off compte bien poursuivre sur sa lanc\u00e9e en signant un troisi\u00e8me succ\u00e8s cons\u00e9cutif \u00e0 l\u2019occasion de cette 3\u00e8me journ\u00e9e. Tout plaide e...\" \/>\n<meta property=\"og:url\" content=\"https:\/\/www.webdo.tn\/fr\/actualite\/sport\/ligue-1-3eme-j-play-off-le-derby-de-la-capitale-en-tete-d-affiche\/212992\/\" \/>\n<meta property=\"og:site_name\" content=\"webdo\" \/>\n<meta property=\"article:publisher\" content=\"https:\/\/www.facebook.com\/webdotn\" \/>\n<meta property=\"article:published_time\" content=\"2024-03-16T09:07:00+00:00\" \/>\n<meta property=\"article:modified_time\" content=\"2025-05-20T21:52:04+00:00\" \/>\n<meta property=\"og:image\" content=\"https:\/\/www.webdo.tn\/fr\/wp-content\/uploads\/2024\/03\/a6fa53b1886632f51484d8b7b60d4cc3.jpg\" \/>\n\t<meta property=\"og:image:width\" content=\"750\" \/>\n\t<meta property=\"og:image:height\" content=\"400\" \/>\n\t<meta property=\"og:image:type\" content=\"image\/jpeg\" \/>\n<meta name=\"author\" content=\"MC\" \/>\n<meta name=\"twitter:card\" content=\"summary_large_image\" \/>\n<meta name=\"twitter:creator\" content=\"@webdo_tn\" \/>\n<meta name=\"twitter:site\" content=\"@webdo_tn\" \/>\n<meta name=\"twitter:label1\" content=\"\u00c9crit par\" \/>\n\t<meta name=\"twitter:data1\" content=\"MC\" \/>\n\t<meta name=\"twitter:label2\" content=\"Dur\u00e9e de lecture estim\u00e9e\" \/>\n\t<meta name=\"twitter:data2\" content=\"1 minute\" \/>\n<script type=\"application\/ld+json\" class=\"yoast-schema-graph\">{\"@context\":\"https:\\\/\\\/schema.org\",\"@graph\":[{\"@type\":\"NewsArticle\",\"@id\":\"https:\\\/\\\/www.webdo.tn\\\/fr\\\/actualite\\\/sport\\\/ligue-1-3eme-j-play-off-le-derby-de-la-capitale-en-tete-d-affiche\\\/212992\\\/#article\",\"isPartOf\":{\"@id\":\"https:\\\/\\\/www.webdo.tn\\\/fr\\\/actualite\\\/sport\\\/ligue-1-3eme-j-play-off-le-derby-de-la-capitale-en-tete-d-affiche\\\/212992\\\/\"},\"author\":{\"name\":\"MC\",\"@id\":\"https:\\\/\\\/www.webdo.tn\\\/fr\\\/#\\\/schema\\\/person\\\/2c4929cbf5a809e3bd38617c6ce150f6\"},\"headline\":\"Ligue 1 &#8211; 3\u00e8me J. play-off : Le derby de la capitale en t\u00eate d\u2019affiche\",\"datePublished\":\"2024-03-16T09:07:00+00:00\",\"dateModified\":\"2025-05-20T21:52:04+00:00\",\"mainEntityOfPage\":{\"@id\":\"https:\\\/\\\/www.webdo.tn\\\/fr\\\/actualite\\\/sport\\\/ligue-1-3eme-j-play-off-le-derby-de-la-capitale-en-tete-d-affiche\\\/212992\\\/\"},\"wordCount\":297,\"commentCount\":0,\"publisher\":{\"@id\":\"https:\\\/\\\/www.webdo.tn\\\/fr\\\/#organization\"},\"image\":{\"@id\":\"https:\\\/\\\/www.webdo.tn\\\/fr\\\/actualite\\\/sport\\\/ligue-1-3eme-j-play-off-le-derby-de-la-capitale-en-tete-d-affiche\\\/212992\\\/#primaryimage\"},\"thumbnailUrl\":\"https:\\\/\\\/www.webdo.tn\\\/fr\\\/wp-content\\\/uploads\\\/2024\\\/03\\\/a6fa53b1886632f51484d8b7b60d4cc3.jpg\",\"keywords\":[\"capitale\",\"championnat\",\"Club Africain\",\"Derby\",\"esp\u00e9rance st\",\"football\",\"Ligue 1\",\"play-off\",\"Tunis\",\"Tunisie\"],\"articleSection\":[\"Sport\"],\"inLanguage\":\"fr-FR\"},{\"@type\":\"WebPage\",\"@id\":\"https:\\\/\\\/www.webdo.tn\\\/fr\\\/actualite\\\/sport\\\/ligue-1-3eme-j-play-off-le-derby-de-la-capitale-en-tete-d-affiche\\\/212992\\\/\",\"url\":\"https:\\\/\\\/www.webdo.tn\\\/fr\\\/actualite\\\/sport\\\/ligue-1-3eme-j-play-off-le-derby-de-la-capitale-en-tete-d-affiche\\\/212992\\\/\",\"name\":\"Ligue 1 - 3\u00e8me J. play-off : Le derby de la capitale en t\u00eate d\u2019affiche\",\"isPartOf\":{\"@id\":\"https:\\\/\\\/www.webdo.tn\\\/fr\\\/#website\"},\"primaryImageOfPage\":{\"@id\":\"https:\\\/\\\/www.webdo.tn\\\/fr\\\/actualite\\\/sport\\\/ligue-1-3eme-j-play-off-le-derby-de-la-capitale-en-tete-d-affiche\\\/212992\\\/#primaryimage\"},\"image\":{\"@id\":\"https:\\\/\\\/www.webdo.tn\\\/fr\\\/actualite\\\/sport\\\/ligue-1-3eme-j-play-off-le-derby-de-la-capitale-en-tete-d-affiche\\\/212992\\\/#primaryimage\"},\"thumbnailUrl\":\"https:\\\/\\\/www.webdo.tn\\\/fr\\\/wp-content\\\/uploads\\\/2024\\\/03\\\/a6fa53b1886632f51484d8b7b60d4cc3.jpg\",\"datePublished\":\"2024-03-16T09:07:00+00:00\",\"dateModified\":\"2025-05-20T21:52:04+00:00\",\"description\":\"L\u2019Esp\u00e9rance, leader du play-off compte bien poursuivre sur sa lanc\u00e9e en signant un troisi\u00e8me succ\u00e8s cons\u00e9cutif \u00e0 l\u2019occasion de cette 3\u00e8me journ\u00e9e. Tout plaide e...\",\"breadcrumb\":{\"@id\":\"https:\\\/\\\/www.webdo.tn\\\/fr\\\/actualite\\\/sport\\\/ligue-1-3eme-j-play-off-le-derby-de-la-capitale-en-tete-d-affiche\\\/212992\\\/#breadcrumb\"},\"inLanguage\":\"fr-FR\",\"potentialAction\":[{\"@type\":\"ReadAction\",\"target\":[\"https:\\\/\\\/www.webdo.tn\\\/fr\\\/actualite\\\/sport\\\/ligue-1-3eme-j-play-off-le-derby-de-la-capitale-en-tete-d-affiche\\\/212992\\\/\"]}]},{\"@type\":\"ImageObject\",\"inLanguage\":\"fr-FR\",\"@id\":\"https:\\\/\\\/www.webdo.tn\\\/fr\\\/actualite\\\/sport\\\/ligue-1-3eme-j-play-off-le-derby-de-la-capitale-en-tete-d-affiche\\\/212992\\\/#primaryimage\",\"url\":\"https:\\\/\\\/www.webdo.tn\\\/fr\\\/wp-content\\\/uploads\\\/2024\\\/03\\\/a6fa53b1886632f51484d8b7b60d4cc3.jpg\",\"contentUrl\":\"https:\\\/\\\/www.webdo.tn\\\/fr\\\/wp-content\\\/uploads\\\/2024\\\/03\\\/a6fa53b1886632f51484d8b7b60d4cc3.jpg\",\"width\":750,\"height\":400,\"caption\":\"Ligue 1 - 3\u00e8me J. play-off : Le derby de la capitale en t\u00eate d\u2019affiche\"},{\"@type\":\"BreadcrumbList\",\"@id\":\"https:\\\/\\\/www.webdo.tn\\\/fr\\\/actualite\\\/sport\\\/ligue-1-3eme-j-play-off-le-derby-de-la-capitale-en-tete-d-affiche\\\/212992\\\/#breadcrumb\",\"itemListElement\":[{\"@type\":\"ListItem\",\"position\":1,\"name\":\"Accueil\",\"item\":\"https:\\\/\\\/www.webdo.tn\\\/fr\\\/\"},{\"@type\":\"ListItem\",\"position\":2,\"name\":\"Ligue 1 &#8211; 3\u00e8me J. play-off : Le derby de la capitale en t\u00eate d\u2019affiche\"}]},{\"@type\":\"WebSite\",\"@id\":\"https:\\\/\\\/www.webdo.tn\\\/fr\\\/#website\",\"url\":\"https:\\\/\\\/www.webdo.tn\\\/fr\\\/\",\"name\":\"webdo\",\"description\":\"Tunisie - News en Tunisie et \u00e0 l&#039;international sur Webdo.tn\",\"publisher\":{\"@id\":\"https:\\\/\\\/www.webdo.tn\\\/fr\\\/#organization\"},\"potentialAction\":[{\"@type\":\"SearchAction\",\"target\":{\"@type\":\"EntryPoint\",\"urlTemplate\":\"https:\\\/\\\/www.webdo.tn\\\/fr\\\/?s={search_term_string}\"},\"query-input\":{\"@type\":\"PropertyValueSpecification\",\"valueRequired\":true,\"valueName\":\"search_term_string\"}}],\"inLanguage\":\"fr-FR\"},{\"@type\":\"Organization\",\"@id\":\"https:\\\/\\\/www.webdo.tn\\\/fr\\\/#organization\",\"name\":\"Webdo\",\"alternateName\":\"Webdo.tn\",\"url\":\"https:\\\/\\\/www.webdo.tn\\\/fr\\\/\",\"logo\":{\"@type\":\"ImageObject\",\"inLanguage\":\"fr-FR\",\"@id\":\"https:\\\/\\\/www.webdo.tn\\\/fr\\\/#\\\/schema\\\/logo\\\/image\\\/\",\"url\":\"https:\\\/\\\/www.webdo.tn\\\/fr\\\/wp-content\\\/uploads\\\/2025\\\/06\\\/Webdo-Tunisie_168377.jpg\",\"contentUrl\":\"https:\\\/\\\/www.webdo.tn\\\/fr\\\/wp-content\\\/uploads\\\/2025\\\/06\\\/Webdo-Tunisie_168377.jpg\",\"width\":301,\"height\":301,\"caption\":\"Webdo\"},\"image\":{\"@id\":\"https:\\\/\\\/www.webdo.tn\\\/fr\\\/#\\\/schema\\\/logo\\\/image\\\/\"},\"sameAs\":[\"https:\\\/\\\/www.facebook.com\\\/webdotn\",\"https:\\\/\\\/x.com\\\/webdo_tn\"],\"description\":\"Webdo est un m\u00e9dia num\u00e9rique tunisien fond\u00e9 en 2010, sp\u00e9cialis\u00e9 dans l\u2019actualit\u00e9 nationale et internationale, l\u2019\u00e9conomie, la soci\u00e9t\u00e9 et les analyses politiques. Le site s\u2019adresse \u00e0 un large public francophone et couvre l\u2019information tunisienne en temps r\u00e9el.\",\"email\":\"redac@webdo.tn\",\"legalName\":\"YNJ SARL\",\"foundingDate\":\"2010-09-06\",\"numberOfEmployees\":{\"@type\":\"QuantitativeValue\",\"minValue\":\"11\",\"maxValue\":\"50\"}},{\"@type\":\"Person\",\"@id\":\"https:\\\/\\\/www.webdo.tn\\\/fr\\\/#\\\/schema\\\/person\\\/2c4929cbf5a809e3bd38617c6ce150f6\",\"name\":\"MC\",\"image\":{\"@type\":\"ImageObject\",\"inLanguage\":\"fr-FR\",\"@id\":\"https:\\\/\\\/secure.gravatar.com\\\/avatar\\\/a545bbb6f84efdd5553dbbc2895e3ca8f1d12c5215e00a041c9670b54aa9b18a?s=96&d=mm&r=g\",\"url\":\"https:\\\/\\\/secure.gravatar.com\\\/avatar\\\/a545bbb6f84efdd5553dbbc2895e3ca8f1d12c5215e00a041c9670b54aa9b18a?s=96&d=mm&r=g\",\"contentUrl\":\"https:\\\/\\\/secure.gravatar.com\\\/avatar\\\/a545bbb6f84efdd5553dbbc2895e3ca8f1d12c5215e00a041c9670b54aa9b18a?s=96&d=mm&r=g\",\"caption\":\"MC\"},\"url\":\"https:\\\/\\\/www.webdo.tn\\\/fr\\\/actualite\\\/author\\\/mc\\\/\"}]}<\/script>\n<!-- \/ Yoast SEO Premium plugin. -->","yoast_head_json":{"title":"Ligue 1 - 3\u00e8me J. play-off : Le derby de la capitale en t\u00eate d\u2019affiche","description":"L\u2019Esp\u00e9rance, leader du play-off compte bien poursuivre sur sa lanc\u00e9e en signant un troisi\u00e8me succ\u00e8s cons\u00e9cutif \u00e0 l\u2019occasion de cette 3\u00e8me journ\u00e9e. Tout plaide e...","canonical":"https:\/\/www.webdo.tn\/fr\/actualite\/sport\/ligue-1-3eme-j-play-off-le-derby-de-la-capitale-en-tete-d-affiche\/212992\/","og_locale":"fr_FR","og_type":"article","og_title":"Ligue 1 - 3\u00e8me J. play-off : Le derby de la capitale en t\u00eate d\u2019affiche","og_description":"L\u2019Esp\u00e9rance, leader du play-off compte bien poursuivre sur sa lanc\u00e9e en signant un troisi\u00e8me succ\u00e8s cons\u00e9cutif \u00e0 l\u2019occasion de cette 3\u00e8me journ\u00e9e. Tout plaide e...","og_url":"https:\/\/www.webdo.tn\/fr\/actualite\/sport\/ligue-1-3eme-j-play-off-le-derby-de-la-capitale-en-tete-d-affiche\/212992\/","og_site_name":"webdo","article_publisher":"https:\/\/www.facebook.com\/webdotn","article_published_time":"2024-03-16T09:07:00+00:00","article_modified_time":"2025-05-20T21:52:04+00:00","og_image":[{"width":750,"height":400,"url":"https:\/\/www.webdo.tn\/fr\/wp-content\/uploads\/2024\/03\/a6fa53b1886632f51484d8b7b60d4cc3.jpg","type":"image\/jpeg"}],"author":"MC","twitter_card":"summary_large_image","twitter_creator":"@webdo_tn","twitter_site":"@webdo_tn","twitter_misc":{"\u00c9crit par":"MC","Dur\u00e9e de lecture estim\u00e9e":"1 minute"},"schema":{"@context":"https:\/\/schema.org","@graph":[{"@type":"NewsArticle","@id":"https:\/\/www.webdo.tn\/fr\/actualite\/sport\/ligue-1-3eme-j-play-off-le-derby-de-la-capitale-en-tete-d-affiche\/212992\/#article","isPartOf":{"@id":"https:\/\/www.webdo.tn\/fr\/actualite\/sport\/ligue-1-3eme-j-play-off-le-derby-de-la-capitale-en-tete-d-affiche\/212992\/"},"author":{"name":"MC","@id":"https:\/\/www.webdo.tn\/fr\/#\/schema\/person\/2c4929cbf5a809e3bd38617c6ce150f6"},"headline":"Ligue 1 &#8211; 3\u00e8me J. play-off : Le derby de la capitale en t\u00eate d\u2019affiche","datePublished":"2024-03-16T09:07:00+00:00","dateModified":"2025-05-20T21:52:04+00:00","mainEntityOfPage":{"@id":"https:\/\/www.webdo.tn\/fr\/actualite\/sport\/ligue-1-3eme-j-play-off-le-derby-de-la-capitale-en-tete-d-affiche\/212992\/"},"wordCount":297,"commentCount":0,"publisher":{"@id":"https:\/\/www.webdo.tn\/fr\/#organization"},"image":{"@id":"https:\/\/www.webdo.tn\/fr\/actualite\/sport\/ligue-1-3eme-j-play-off-le-derby-de-la-capitale-en-tete-d-affiche\/212992\/#primaryimage"},"thumbnailUrl":"https:\/\/www.webdo.tn\/fr\/wp-content\/uploads\/2024\/03\/a6fa53b1886632f51484d8b7b60d4cc3.jpg","keywords":["capitale","championnat","Club Africain","Derby","esp\u00e9rance st","football","Ligue 1","play-off","Tunis","Tunisie"],"articleSection":["Sport"],"inLanguage":"fr-FR"},{"@type":"WebPage","@id":"https:\/\/www.webdo.tn\/fr\/actualite\/sport\/ligue-1-3eme-j-play-off-le-derby-de-la-capitale-en-tete-d-affiche\/212992\/","url":"https:\/\/www.webdo.tn\/fr\/actualite\/sport\/ligue-1-3eme-j-play-off-le-derby-de-la-capitale-en-tete-d-affiche\/212992\/","name":"Ligue 1 - 3\u00e8me J. play-off : Le derby de la capitale en t\u00eate d\u2019affiche","isPartOf":{"@id":"https:\/\/www.webdo.tn\/fr\/#website"},"primaryImageOfPage":{"@id":"https:\/\/www.webdo.tn\/fr\/actualite\/sport\/ligue-1-3eme-j-play-off-le-derby-de-la-capitale-en-tete-d-affiche\/212992\/#primaryimage"},"image":{"@id":"https:\/\/www.webdo.tn\/fr\/actualite\/sport\/ligue-1-3eme-j-play-off-le-derby-de-la-capitale-en-tete-d-affiche\/212992\/#primaryimage"},"thumbnailUrl":"https:\/\/www.webdo.tn\/fr\/wp-content\/uploads\/2024\/03\/a6fa53b1886632f51484d8b7b60d4cc3.jpg","datePublished":"2024-03-16T09:07:00+00:00","dateModified":"2025-05-20T21:52:04+00:00","description":"L\u2019Esp\u00e9rance, leader du play-off compte bien poursuivre sur sa lanc\u00e9e en signant un troisi\u00e8me succ\u00e8s cons\u00e9cutif \u00e0 l\u2019occasion de cette 3\u00e8me journ\u00e9e. Tout plaide e...","breadcrumb":{"@id":"https:\/\/www.webdo.tn\/fr\/actualite\/sport\/ligue-1-3eme-j-play-off-le-derby-de-la-capitale-en-tete-d-affiche\/212992\/#breadcrumb"},"inLanguage":"fr-FR","potentialAction":[{"@type":"ReadAction","target":["https:\/\/www.webdo.tn\/fr\/actualite\/sport\/ligue-1-3eme-j-play-off-le-derby-de-la-capitale-en-tete-d-affiche\/212992\/"]}]},{"@type":"ImageObject","inLanguage":"fr-FR","@id":"https:\/\/www.webdo.tn\/fr\/actualite\/sport\/ligue-1-3eme-j-play-off-le-derby-de-la-capitale-en-tete-d-affiche\/212992\/#primaryimage","url":"https:\/\/www.webdo.tn\/fr\/wp-content\/uploads\/2024\/03\/a6fa53b1886632f51484d8b7b60d4cc3.jpg","contentUrl":"https:\/\/www.webdo.tn\/fr\/wp-content\/uploads\/2024\/03\/a6fa53b1886632f51484d8b7b60d4cc3.jpg","width":750,"height":400,"caption":"Ligue 1 - 3\u00e8me J. play-off : Le derby de la capitale en t\u00eate d\u2019affiche"},{"@type":"BreadcrumbList","@id":"https:\/\/www.webdo.tn\/fr\/actualite\/sport\/ligue-1-3eme-j-play-off-le-derby-de-la-capitale-en-tete-d-affiche\/212992\/#breadcrumb","itemListElement":[{"@type":"ListItem","position":1,"name":"Accueil","item":"https:\/\/www.webdo.tn\/fr\/"},{"@type":"ListItem","position":2,"name":"Ligue 1 &#8211; 3\u00e8me J. play-off : Le derby de la capitale en t\u00eate d\u2019affiche"}]},{"@type":"WebSite","@id":"https:\/\/www.webdo.tn\/fr\/#website","url":"https:\/\/www.webdo.tn\/fr\/","name":"webdo","description":"Tunisie - News en Tunisie et \u00e0 l&#039;international sur Webdo.tn","publisher":{"@id":"https:\/\/www.webdo.tn\/fr\/#organization"},"potentialAction":[{"@type":"SearchAction","target":{"@type":"EntryPoint","urlTemplate":"https:\/\/www.webdo.tn\/fr\/?s={search_term_string}"},"query-input":{"@type":"PropertyValueSpecification","valueRequired":true,"valueName":"search_term_string"}}],"inLanguage":"fr-FR"},{"@type":"Organization","@id":"https:\/\/www.webdo.tn\/fr\/#organization","name":"Webdo","alternateName":"Webdo.tn","url":"https:\/\/www.webdo.tn\/fr\/","logo":{"@type":"ImageObject","inLanguage":"fr-FR","@id":"https:\/\/www.webdo.tn\/fr\/#\/schema\/logo\/image\/","url":"https:\/\/www.webdo.tn\/fr\/wp-content\/uploads\/2025\/06\/Webdo-Tunisie_168377.jpg","contentUrl":"https:\/\/www.webdo.tn\/fr\/wp-content\/uploads\/2025\/06\/Webdo-Tunisie_168377.jpg","width":301,"height":301,"caption":"Webdo"},"image":{"@id":"https:\/\/www.webdo.tn\/fr\/#\/schema\/logo\/image\/"},"sameAs":["https:\/\/www.facebook.com\/webdotn","https:\/\/x.com\/webdo_tn"],"description":"Webdo est un m\u00e9dia num\u00e9rique tunisien fond\u00e9 en 2010, sp\u00e9cialis\u00e9 dans l\u2019actualit\u00e9 nationale et internationale, l\u2019\u00e9conomie, la soci\u00e9t\u00e9 et les analyses politiques. Le site s\u2019adresse \u00e0 un large public francophone et couvre l\u2019information tunisienne en temps r\u00e9el.","email":"redac@webdo.tn","legalName":"YNJ SARL","foundingDate":"2010-09-06","numberOfEmployees":{"@type":"QuantitativeValue","minValue":"11","maxValue":"50"}},{"@type":"Person","@id":"https:\/\/www.webdo.tn\/fr\/#\/schema\/person\/2c4929cbf5a809e3bd38617c6ce150f6","name":"MC","image":{"@type":"ImageObject","inLanguage":"fr-FR","@id":"https:\/\/secure.gravatar.com\/avatar\/a545bbb6f84efdd5553dbbc2895e3ca8f1d12c5215e00a041c9670b54aa9b18a?s=96&d=mm&r=g","url":"https:\/\/secure.gravatar.com\/avatar\/a545bbb6f84efdd5553dbbc2895e3ca8f1d12c5215e00a041c9670b54aa9b18a?s=96&d=mm&r=g","contentUrl":"https:\/\/secure.gravatar.com\/avatar\/a545bbb6f84efdd5553dbbc2895e3ca8f1d12c5215e00a041c9670b54aa9b18a?s=96&d=mm&r=g","caption":"MC"},"url":"https:\/\/www.webdo.tn\/fr\/actualite\/author\/mc\/"}]}},"_links":{"self":[{"href":"https:\/\/www.webdo.tn\/fr\/wp-json\/wp\/v2\/posts\/212992","targetHints":{"allow":["GET"]}}],"collection":[{"href":"https:\/\/www.webdo.tn\/fr\/wp-json\/wp\/v2\/posts"}],"about":[{"href":"https:\/\/www.webdo.tn\/fr\/wp-json\/wp\/v2\/types\/post"}],"author":[{"embeddable":true,"href":"https:\/\/www.webdo.tn\/fr\/wp-json\/wp\/v2\/users\/3162"}],"replies":[{"embeddable":true,"href":"https:\/\/www.webdo.tn\/fr\/wp-json\/wp\/v2\/comments?post=212992"}],"version-history":[{"count":0,"href":"https:\/\/www.webdo.tn\/fr\/wp-json\/wp\/v2\/posts\/212992\/revisions"}],"wp:featuredmedia":[{"embeddable":true,"href":"https:\/\/www.webdo.tn\/fr\/wp-json\/wp\/v2\/media\/247768"}],"wp:attachment":[{"href":"https:\/\/www.webdo.tn\/fr\/wp-json\/wp\/v2\/media?parent=212992"}],"wp:term":[{"taxonomy":"category","embeddable":true,"href":"https:\/\/www.webdo.tn\/fr\/wp-json\/wp\/v2\/categories?post=212992"},{"taxonomy":"post_tag","embeddable":true,"href":"https:\/\/www.webdo.tn\/fr\/wp-json\/wp\/v2\/tags?post=212992"}],"curies":[{"name":"wp","href":"https:\/\/api.w.org\/{rel}","templated":true}]}}