{"id":212987,"date":"2024-03-15T20:17:00","date_gmt":"2024-03-15T20:17:00","guid":{"rendered":"https:\/\/www.webdo.tn\/fr\/blog\/tunisie-15-migrants-secourus-hergla-34-a-zarzis\/212987\/"},"modified":"2025-05-20T22:12:26","modified_gmt":"2025-05-20T22:12:26","slug":"tunisie-15-migrants-secourus-hergla-34-a-zarzis","status":"publish","type":"post","link":"https:\/\/www.webdo.tn\/fr\/actualite\/national\/tunisie-15-migrants-secourus-hergla-34-a-zarzis\/212987\/","title":{"rendered":"Tunisie : 15 migrants secourus Hergla, 34 \u00e0 Zarzis"},"content":{"rendered":"<p>Les unit\u00e9s de la Garde maritime ont sauv\u00e9 une cinquantaine de migrants dans deux tentatives distinctes de migration irr\u00e9guli\u00e8re. A Zarzis, deux corps ont \u00e9t\u00e9 rep\u00each\u00e9s.<\/p>\n<p>\t\t\t\t\t\t\t\t\tLes unit\u00e9s de la Garde maritime de Zarzis ont fait avorter une tentative de migration irr\u00e9guli\u00e8re. Une embarcation qui a pris la mer depuis les c\u00f4tes libyennes a chavir\u00e9 vers les c\u00f4tes de Zarzis.<\/p>\n<p>La Garde maritime a secouru 34 migrants de diff\u00e9rentes nationalit\u00e9s, et rep\u00each\u00e9 deux corps, a annonc\u00e9 la Direction g\u00e9n\u00e9rale de la Garde nationale, dans un communiqu\u00e9, ce vendredi 15 mars 2024.<\/p>\n<p>Selon plusieurs t\u00e9moignages de migrants sauv\u00e9s, l\u2019embarcation avait, \u00e0 son bord environ 70 personnes.<\/p>\n<p>Un peu plus t\u00f4t, dans la matin\u00e9e d\u2019aujourd\u2019hui, 15 migrants tunisiens dont cinq enfants et deux femmes ont \u00e9t\u00e9 secourus au large des c\u00f4tes de Hergla alors que leur embarcation \u00e9tait sur le point de chavirer, a indiqu\u00e9 le colonel Chokri El Jabri, porte-parole de la Douane tunisienne, dans une d\u00e9claration \u00e0 Mosaique fm.<\/p>\n","protected":false},"excerpt":{"rendered":"<p>Les unit\u00e9s de la Garde maritime ont sauv\u00e9 une cinquantaine de migrants dans deux tentatives distinctes de migration irr\u00e9guli\u00e8re.<\/p>\n","protected":false},"author":3162,"featured_media":290354,"comment_status":"open","ping_status":"closed","sticky":false,"template":"","format":"standard","meta":{"footnotes":""},"categories":[44],"tags":[6400,7257,2894,2615,2608,6490],"class_list":["post-212987","post","type-post","status-publish","format-standard","has-post-thumbnail","hentry","category-national","tag-garde-maritime","tag-hergla","tag-migrants","tag-migration","tag-tunisie","tag-zarzis"],"yoast_head":"<!-- This site is optimized with the Yoast SEO Premium plugin v27.4 (Yoast SEO v27.4) - https:\/\/yoast.com\/product\/yoast-seo-premium-wordpress\/ -->\n<title>Tunisie : 15 migrants secourus Hergla, 34 \u00e0 Zarzis<\/title>\n<meta name=\"description\" content=\"Les unit\u00e9s de la Garde maritime ont sauv\u00e9 une cinquantaine de migrants dans deux tentatives distinctes de migration irr\u00e9guli\u00e8re.\" \/>\n<link rel=\"canonical\" href=\"https:\/\/www.webdo.tn\/fr\/actualite\/national\/tunisie-15-migrants-secourus-hergla-34-a-zarzis\/212987\/\" \/>\n<meta property=\"og:locale\" content=\"fr_FR\" \/>\n<meta property=\"og:type\" content=\"article\" \/>\n<meta property=\"og:title\" content=\"Tunisie : 15 migrants secourus Hergla, 34 \u00e0 Zarzis\" \/>\n<meta property=\"og:description\" content=\"Les unit\u00e9s de la Garde maritime ont sauv\u00e9 une cinquantaine de migrants dans deux tentatives distinctes de migration irr\u00e9guli\u00e8re.\" \/>\n<meta property=\"og:url\" content=\"https:\/\/www.webdo.tn\/fr\/actualite\/national\/tunisie-15-migrants-secourus-hergla-34-a-zarzis\/212987\/\" \/>\n<meta property=\"og:site_name\" content=\"webdo\" \/>\n<meta property=\"article:publisher\" content=\"https:\/\/www.facebook.com\/webdotn\" \/>\n<meta property=\"article:published_time\" content=\"2024-03-15T20:17:00+00:00\" \/>\n<meta property=\"article:modified_time\" content=\"2025-05-20T22:12:26+00:00\" \/>\n<meta property=\"og:image\" content=\"https:\/\/www.webdo.tn\/fr\/wp-content\/uploads\/2024\/03\/47663bcad718743bb7318be7ab63e3f6.jpg\" \/>\n\t<meta property=\"og:image:width\" content=\"750\" \/>\n\t<meta property=\"og:image:height\" content=\"400\" \/>\n\t<meta property=\"og:image:type\" content=\"image\/jpeg\" \/>\n<meta name=\"author\" content=\"MC\" \/>\n<meta name=\"twitter:card\" content=\"summary_large_image\" \/>\n<meta name=\"twitter:creator\" content=\"@webdo_tn\" \/>\n<meta name=\"twitter:site\" content=\"@webdo_tn\" \/>\n<meta name=\"twitter:label1\" content=\"\u00c9crit par\" \/>\n\t<meta name=\"twitter:data1\" content=\"MC\" \/>\n\t<meta name=\"twitter:label2\" content=\"Dur\u00e9e de lecture estim\u00e9e\" \/>\n\t<meta name=\"twitter:data2\" content=\"1 minute\" \/>\n<script type=\"application\/ld+json\" class=\"yoast-schema-graph\">{\"@context\":\"https:\\\/\\\/schema.org\",\"@graph\":[{\"@type\":\"NewsArticle\",\"@id\":\"https:\\\/\\\/www.webdo.tn\\\/fr\\\/actualite\\\/national\\\/tunisie-15-migrants-secourus-hergla-34-a-zarzis\\\/212987\\\/#article\",\"isPartOf\":{\"@id\":\"https:\\\/\\\/www.webdo.tn\\\/fr\\\/actualite\\\/national\\\/tunisie-15-migrants-secourus-hergla-34-a-zarzis\\\/212987\\\/\"},\"author\":{\"name\":\"MC\",\"@id\":\"https:\\\/\\\/www.webdo.tn\\\/fr\\\/#\\\/schema\\\/person\\\/2c4929cbf5a809e3bd38617c6ce150f6\"},\"headline\":\"Tunisie : 15 migrants secourus Hergla, 34 \u00e0 Zarzis\",\"datePublished\":\"2024-03-15T20:17:00+00:00\",\"dateModified\":\"2025-05-20T22:12:26+00:00\",\"mainEntityOfPage\":{\"@id\":\"https:\\\/\\\/www.webdo.tn\\\/fr\\\/actualite\\\/national\\\/tunisie-15-migrants-secourus-hergla-34-a-zarzis\\\/212987\\\/\"},\"wordCount\":181,\"commentCount\":0,\"publisher\":{\"@id\":\"https:\\\/\\\/www.webdo.tn\\\/fr\\\/#organization\"},\"image\":{\"@id\":\"https:\\\/\\\/www.webdo.tn\\\/fr\\\/actualite\\\/national\\\/tunisie-15-migrants-secourus-hergla-34-a-zarzis\\\/212987\\\/#primaryimage\"},\"thumbnailUrl\":\"https:\\\/\\\/www.webdo.tn\\\/fr\\\/wp-content\\\/uploads\\\/2024\\\/03\\\/47663bcad718743bb7318be7ab63e3f6.jpg\",\"keywords\":[\"garde maritime\",\"hergla\",\"migrants\",\"Migration\",\"Tunisie\",\"Zarzis\"],\"articleSection\":[\"National\"],\"inLanguage\":\"fr-FR\"},{\"@type\":\"WebPage\",\"@id\":\"https:\\\/\\\/www.webdo.tn\\\/fr\\\/actualite\\\/national\\\/tunisie-15-migrants-secourus-hergla-34-a-zarzis\\\/212987\\\/\",\"url\":\"https:\\\/\\\/www.webdo.tn\\\/fr\\\/actualite\\\/national\\\/tunisie-15-migrants-secourus-hergla-34-a-zarzis\\\/212987\\\/\",\"name\":\"Tunisie : 15 migrants secourus Hergla, 34 \u00e0 Zarzis\",\"isPartOf\":{\"@id\":\"https:\\\/\\\/www.webdo.tn\\\/fr\\\/#website\"},\"primaryImageOfPage\":{\"@id\":\"https:\\\/\\\/www.webdo.tn\\\/fr\\\/actualite\\\/national\\\/tunisie-15-migrants-secourus-hergla-34-a-zarzis\\\/212987\\\/#primaryimage\"},\"image\":{\"@id\":\"https:\\\/\\\/www.webdo.tn\\\/fr\\\/actualite\\\/national\\\/tunisie-15-migrants-secourus-hergla-34-a-zarzis\\\/212987\\\/#primaryimage\"},\"thumbnailUrl\":\"https:\\\/\\\/www.webdo.tn\\\/fr\\\/wp-content\\\/uploads\\\/2024\\\/03\\\/47663bcad718743bb7318be7ab63e3f6.jpg\",\"datePublished\":\"2024-03-15T20:17:00+00:00\",\"dateModified\":\"2025-05-20T22:12:26+00:00\",\"description\":\"Les unit\u00e9s de la Garde maritime ont sauv\u00e9 une cinquantaine de migrants dans deux tentatives distinctes de migration irr\u00e9guli\u00e8re.\",\"breadcrumb\":{\"@id\":\"https:\\\/\\\/www.webdo.tn\\\/fr\\\/actualite\\\/national\\\/tunisie-15-migrants-secourus-hergla-34-a-zarzis\\\/212987\\\/#breadcrumb\"},\"inLanguage\":\"fr-FR\",\"potentialAction\":[{\"@type\":\"ReadAction\",\"target\":[\"https:\\\/\\\/www.webdo.tn\\\/fr\\\/actualite\\\/national\\\/tunisie-15-migrants-secourus-hergla-34-a-zarzis\\\/212987\\\/\"]}]},{\"@type\":\"ImageObject\",\"inLanguage\":\"fr-FR\",\"@id\":\"https:\\\/\\\/www.webdo.tn\\\/fr\\\/actualite\\\/national\\\/tunisie-15-migrants-secourus-hergla-34-a-zarzis\\\/212987\\\/#primaryimage\",\"url\":\"https:\\\/\\\/www.webdo.tn\\\/fr\\\/wp-content\\\/uploads\\\/2024\\\/03\\\/47663bcad718743bb7318be7ab63e3f6.jpg\",\"contentUrl\":\"https:\\\/\\\/www.webdo.tn\\\/fr\\\/wp-content\\\/uploads\\\/2024\\\/03\\\/47663bcad718743bb7318be7ab63e3f6.jpg\",\"width\":750,\"height\":400,\"caption\":\"Tunisie : 15 migrants secourus Hergla, 34 \u00e0 Zarzis\"},{\"@type\":\"BreadcrumbList\",\"@id\":\"https:\\\/\\\/www.webdo.tn\\\/fr\\\/actualite\\\/national\\\/tunisie-15-migrants-secourus-hergla-34-a-zarzis\\\/212987\\\/#breadcrumb\",\"itemListElement\":[{\"@type\":\"ListItem\",\"position\":1,\"name\":\"Accueil\",\"item\":\"https:\\\/\\\/www.webdo.tn\\\/fr\\\/\"},{\"@type\":\"ListItem\",\"position\":2,\"name\":\"Tunisie : 15 migrants secourus Hergla, 34 \u00e0 Zarzis\"}]},{\"@type\":\"WebSite\",\"@id\":\"https:\\\/\\\/www.webdo.tn\\\/fr\\\/#website\",\"url\":\"https:\\\/\\\/www.webdo.tn\\\/fr\\\/\",\"name\":\"webdo\",\"description\":\"Tunisie - News en Tunisie et \u00e0 l&#039;international sur Webdo.tn\",\"publisher\":{\"@id\":\"https:\\\/\\\/www.webdo.tn\\\/fr\\\/#organization\"},\"potentialAction\":[{\"@type\":\"SearchAction\",\"target\":{\"@type\":\"EntryPoint\",\"urlTemplate\":\"https:\\\/\\\/www.webdo.tn\\\/fr\\\/?s={search_term_string}\"},\"query-input\":{\"@type\":\"PropertyValueSpecification\",\"valueRequired\":true,\"valueName\":\"search_term_string\"}}],\"inLanguage\":\"fr-FR\"},{\"@type\":\"Organization\",\"@id\":\"https:\\\/\\\/www.webdo.tn\\\/fr\\\/#organization\",\"name\":\"Webdo\",\"alternateName\":\"Webdo.tn\",\"url\":\"https:\\\/\\\/www.webdo.tn\\\/fr\\\/\",\"logo\":{\"@type\":\"ImageObject\",\"inLanguage\":\"fr-FR\",\"@id\":\"https:\\\/\\\/www.webdo.tn\\\/fr\\\/#\\\/schema\\\/logo\\\/image\\\/\",\"url\":\"https:\\\/\\\/www.webdo.tn\\\/fr\\\/wp-content\\\/uploads\\\/2025\\\/06\\\/Webdo-Tunisie_168377.jpg\",\"contentUrl\":\"https:\\\/\\\/www.webdo.tn\\\/fr\\\/wp-content\\\/uploads\\\/2025\\\/06\\\/Webdo-Tunisie_168377.jpg\",\"width\":301,\"height\":301,\"caption\":\"Webdo\"},\"image\":{\"@id\":\"https:\\\/\\\/www.webdo.tn\\\/fr\\\/#\\\/schema\\\/logo\\\/image\\\/\"},\"sameAs\":[\"https:\\\/\\\/www.facebook.com\\\/webdotn\",\"https:\\\/\\\/x.com\\\/webdo_tn\"],\"description\":\"Webdo est un m\u00e9dia num\u00e9rique tunisien fond\u00e9 en 2010, sp\u00e9cialis\u00e9 dans l\u2019actualit\u00e9 nationale et internationale, l\u2019\u00e9conomie, la soci\u00e9t\u00e9 et les analyses politiques. Le site s\u2019adresse \u00e0 un large public francophone et couvre l\u2019information tunisienne en temps r\u00e9el.\",\"email\":\"redac@webdo.tn\",\"legalName\":\"YNJ SARL\",\"foundingDate\":\"2010-09-06\",\"numberOfEmployees\":{\"@type\":\"QuantitativeValue\",\"minValue\":\"11\",\"maxValue\":\"50\"}},{\"@type\":\"Person\",\"@id\":\"https:\\\/\\\/www.webdo.tn\\\/fr\\\/#\\\/schema\\\/person\\\/2c4929cbf5a809e3bd38617c6ce150f6\",\"name\":\"MC\",\"image\":{\"@type\":\"ImageObject\",\"inLanguage\":\"fr-FR\",\"@id\":\"https:\\\/\\\/secure.gravatar.com\\\/avatar\\\/a545bbb6f84efdd5553dbbc2895e3ca8f1d12c5215e00a041c9670b54aa9b18a?s=96&d=mm&r=g\",\"url\":\"https:\\\/\\\/secure.gravatar.com\\\/avatar\\\/a545bbb6f84efdd5553dbbc2895e3ca8f1d12c5215e00a041c9670b54aa9b18a?s=96&d=mm&r=g\",\"contentUrl\":\"https:\\\/\\\/secure.gravatar.com\\\/avatar\\\/a545bbb6f84efdd5553dbbc2895e3ca8f1d12c5215e00a041c9670b54aa9b18a?s=96&d=mm&r=g\",\"caption\":\"MC\"},\"url\":\"https:\\\/\\\/www.webdo.tn\\\/fr\\\/actualite\\\/author\\\/mc\\\/\"}]}<\/script>\n<!-- \/ Yoast SEO Premium plugin. -->","yoast_head_json":{"title":"Tunisie : 15 migrants secourus Hergla, 34 \u00e0 Zarzis","description":"Les unit\u00e9s de la Garde maritime ont sauv\u00e9 une cinquantaine de migrants dans deux tentatives distinctes de migration irr\u00e9guli\u00e8re.","canonical":"https:\/\/www.webdo.tn\/fr\/actualite\/national\/tunisie-15-migrants-secourus-hergla-34-a-zarzis\/212987\/","og_locale":"fr_FR","og_type":"article","og_title":"Tunisie : 15 migrants secourus Hergla, 34 \u00e0 Zarzis","og_description":"Les unit\u00e9s de la Garde maritime ont sauv\u00e9 une cinquantaine de migrants dans deux tentatives distinctes de migration irr\u00e9guli\u00e8re.","og_url":"https:\/\/www.webdo.tn\/fr\/actualite\/national\/tunisie-15-migrants-secourus-hergla-34-a-zarzis\/212987\/","og_site_name":"webdo","article_publisher":"https:\/\/www.facebook.com\/webdotn","article_published_time":"2024-03-15T20:17:00+00:00","article_modified_time":"2025-05-20T22:12:26+00:00","og_image":[{"width":750,"height":400,"url":"https:\/\/www.webdo.tn\/fr\/wp-content\/uploads\/2024\/03\/47663bcad718743bb7318be7ab63e3f6.jpg","type":"image\/jpeg"}],"author":"MC","twitter_card":"summary_large_image","twitter_creator":"@webdo_tn","twitter_site":"@webdo_tn","twitter_misc":{"\u00c9crit par":"MC","Dur\u00e9e de lecture estim\u00e9e":"1 minute"},"schema":{"@context":"https:\/\/schema.org","@graph":[{"@type":"NewsArticle","@id":"https:\/\/www.webdo.tn\/fr\/actualite\/national\/tunisie-15-migrants-secourus-hergla-34-a-zarzis\/212987\/#article","isPartOf":{"@id":"https:\/\/www.webdo.tn\/fr\/actualite\/national\/tunisie-15-migrants-secourus-hergla-34-a-zarzis\/212987\/"},"author":{"name":"MC","@id":"https:\/\/www.webdo.tn\/fr\/#\/schema\/person\/2c4929cbf5a809e3bd38617c6ce150f6"},"headline":"Tunisie : 15 migrants secourus Hergla, 34 \u00e0 Zarzis","datePublished":"2024-03-15T20:17:00+00:00","dateModified":"2025-05-20T22:12:26+00:00","mainEntityOfPage":{"@id":"https:\/\/www.webdo.tn\/fr\/actualite\/national\/tunisie-15-migrants-secourus-hergla-34-a-zarzis\/212987\/"},"wordCount":181,"commentCount":0,"publisher":{"@id":"https:\/\/www.webdo.tn\/fr\/#organization"},"image":{"@id":"https:\/\/www.webdo.tn\/fr\/actualite\/national\/tunisie-15-migrants-secourus-hergla-34-a-zarzis\/212987\/#primaryimage"},"thumbnailUrl":"https:\/\/www.webdo.tn\/fr\/wp-content\/uploads\/2024\/03\/47663bcad718743bb7318be7ab63e3f6.jpg","keywords":["garde maritime","hergla","migrants","Migration","Tunisie","Zarzis"],"articleSection":["National"],"inLanguage":"fr-FR"},{"@type":"WebPage","@id":"https:\/\/www.webdo.tn\/fr\/actualite\/national\/tunisie-15-migrants-secourus-hergla-34-a-zarzis\/212987\/","url":"https:\/\/www.webdo.tn\/fr\/actualite\/national\/tunisie-15-migrants-secourus-hergla-34-a-zarzis\/212987\/","name":"Tunisie : 15 migrants secourus Hergla, 34 \u00e0 Zarzis","isPartOf":{"@id":"https:\/\/www.webdo.tn\/fr\/#website"},"primaryImageOfPage":{"@id":"https:\/\/www.webdo.tn\/fr\/actualite\/national\/tunisie-15-migrants-secourus-hergla-34-a-zarzis\/212987\/#primaryimage"},"image":{"@id":"https:\/\/www.webdo.tn\/fr\/actualite\/national\/tunisie-15-migrants-secourus-hergla-34-a-zarzis\/212987\/#primaryimage"},"thumbnailUrl":"https:\/\/www.webdo.tn\/fr\/wp-content\/uploads\/2024\/03\/47663bcad718743bb7318be7ab63e3f6.jpg","datePublished":"2024-03-15T20:17:00+00:00","dateModified":"2025-05-20T22:12:26+00:00","description":"Les unit\u00e9s de la Garde maritime ont sauv\u00e9 une cinquantaine de migrants dans deux tentatives distinctes de migration irr\u00e9guli\u00e8re.","breadcrumb":{"@id":"https:\/\/www.webdo.tn\/fr\/actualite\/national\/tunisie-15-migrants-secourus-hergla-34-a-zarzis\/212987\/#breadcrumb"},"inLanguage":"fr-FR","potentialAction":[{"@type":"ReadAction","target":["https:\/\/www.webdo.tn\/fr\/actualite\/national\/tunisie-15-migrants-secourus-hergla-34-a-zarzis\/212987\/"]}]},{"@type":"ImageObject","inLanguage":"fr-FR","@id":"https:\/\/www.webdo.tn\/fr\/actualite\/national\/tunisie-15-migrants-secourus-hergla-34-a-zarzis\/212987\/#primaryimage","url":"https:\/\/www.webdo.tn\/fr\/wp-content\/uploads\/2024\/03\/47663bcad718743bb7318be7ab63e3f6.jpg","contentUrl":"https:\/\/www.webdo.tn\/fr\/wp-content\/uploads\/2024\/03\/47663bcad718743bb7318be7ab63e3f6.jpg","width":750,"height":400,"caption":"Tunisie : 15 migrants secourus Hergla, 34 \u00e0 Zarzis"},{"@type":"BreadcrumbList","@id":"https:\/\/www.webdo.tn\/fr\/actualite\/national\/tunisie-15-migrants-secourus-hergla-34-a-zarzis\/212987\/#breadcrumb","itemListElement":[{"@type":"ListItem","position":1,"name":"Accueil","item":"https:\/\/www.webdo.tn\/fr\/"},{"@type":"ListItem","position":2,"name":"Tunisie : 15 migrants secourus Hergla, 34 \u00e0 Zarzis"}]},{"@type":"WebSite","@id":"https:\/\/www.webdo.tn\/fr\/#website","url":"https:\/\/www.webdo.tn\/fr\/","name":"webdo","description":"Tunisie - News en Tunisie et \u00e0 l&#039;international sur Webdo.tn","publisher":{"@id":"https:\/\/www.webdo.tn\/fr\/#organization"},"potentialAction":[{"@type":"SearchAction","target":{"@type":"EntryPoint","urlTemplate":"https:\/\/www.webdo.tn\/fr\/?s={search_term_string}"},"query-input":{"@type":"PropertyValueSpecification","valueRequired":true,"valueName":"search_term_string"}}],"inLanguage":"fr-FR"},{"@type":"Organization","@id":"https:\/\/www.webdo.tn\/fr\/#organization","name":"Webdo","alternateName":"Webdo.tn","url":"https:\/\/www.webdo.tn\/fr\/","logo":{"@type":"ImageObject","inLanguage":"fr-FR","@id":"https:\/\/www.webdo.tn\/fr\/#\/schema\/logo\/image\/","url":"https:\/\/www.webdo.tn\/fr\/wp-content\/uploads\/2025\/06\/Webdo-Tunisie_168377.jpg","contentUrl":"https:\/\/www.webdo.tn\/fr\/wp-content\/uploads\/2025\/06\/Webdo-Tunisie_168377.jpg","width":301,"height":301,"caption":"Webdo"},"image":{"@id":"https:\/\/www.webdo.tn\/fr\/#\/schema\/logo\/image\/"},"sameAs":["https:\/\/www.facebook.com\/webdotn","https:\/\/x.com\/webdo_tn"],"description":"Webdo est un m\u00e9dia num\u00e9rique tunisien fond\u00e9 en 2010, sp\u00e9cialis\u00e9 dans l\u2019actualit\u00e9 nationale et internationale, l\u2019\u00e9conomie, la soci\u00e9t\u00e9 et les analyses politiques. Le site s\u2019adresse \u00e0 un large public francophone et couvre l\u2019information tunisienne en temps r\u00e9el.","email":"redac@webdo.tn","legalName":"YNJ SARL","foundingDate":"2010-09-06","numberOfEmployees":{"@type":"QuantitativeValue","minValue":"11","maxValue":"50"}},{"@type":"Person","@id":"https:\/\/www.webdo.tn\/fr\/#\/schema\/person\/2c4929cbf5a809e3bd38617c6ce150f6","name":"MC","image":{"@type":"ImageObject","inLanguage":"fr-FR","@id":"https:\/\/secure.gravatar.com\/avatar\/a545bbb6f84efdd5553dbbc2895e3ca8f1d12c5215e00a041c9670b54aa9b18a?s=96&d=mm&r=g","url":"https:\/\/secure.gravatar.com\/avatar\/a545bbb6f84efdd5553dbbc2895e3ca8f1d12c5215e00a041c9670b54aa9b18a?s=96&d=mm&r=g","contentUrl":"https:\/\/secure.gravatar.com\/avatar\/a545bbb6f84efdd5553dbbc2895e3ca8f1d12c5215e00a041c9670b54aa9b18a?s=96&d=mm&r=g","caption":"MC"},"url":"https:\/\/www.webdo.tn\/fr\/actualite\/author\/mc\/"}]}},"_links":{"self":[{"href":"https:\/\/www.webdo.tn\/fr\/wp-json\/wp\/v2\/posts\/212987","targetHints":{"allow":["GET"]}}],"collection":[{"href":"https:\/\/www.webdo.tn\/fr\/wp-json\/wp\/v2\/posts"}],"about":[{"href":"https:\/\/www.webdo.tn\/fr\/wp-json\/wp\/v2\/types\/post"}],"author":[{"embeddable":true,"href":"https:\/\/www.webdo.tn\/fr\/wp-json\/wp\/v2\/users\/3162"}],"replies":[{"embeddable":true,"href":"https:\/\/www.webdo.tn\/fr\/wp-json\/wp\/v2\/comments?post=212987"}],"version-history":[{"count":0,"href":"https:\/\/www.webdo.tn\/fr\/wp-json\/wp\/v2\/posts\/212987\/revisions"}],"wp:featuredmedia":[{"embeddable":true,"href":"https:\/\/www.webdo.tn\/fr\/wp-json\/wp\/v2\/media\/290354"}],"wp:attachment":[{"href":"https:\/\/www.webdo.tn\/fr\/wp-json\/wp\/v2\/media?parent=212987"}],"wp:term":[{"taxonomy":"category","embeddable":true,"href":"https:\/\/www.webdo.tn\/fr\/wp-json\/wp\/v2\/categories?post=212987"},{"taxonomy":"post_tag","embeddable":true,"href":"https:\/\/www.webdo.tn\/fr\/wp-json\/wp\/v2\/tags?post=212987"}],"curies":[{"name":"wp","href":"https:\/\/api.w.org\/{rel}","templated":true}]}}