{"id":212966,"date":"2024-03-14T20:00:00","date_gmt":"2024-03-14T20:00:00","guid":{"rendered":"https:\/\/www.webdo.tn\/fr\/blog\/tunisie-le-projet-du-code-des-changes-approuve-en-conseil-des-ministres\/212966\/"},"modified":"2025-05-20T21:52:11","modified_gmt":"2025-05-20T21:52:11","slug":"tunisie-le-projet-du-code-des-changes-approuve-en-conseil-des-ministres","status":"publish","type":"post","link":"https:\/\/www.webdo.tn\/fr\/actualite\/national\/tunisie-le-projet-du-code-des-changes-approuve-en-conseil-des-ministres\/212966\/","title":{"rendered":"Tunisie : Le projet du code des changes approuv\u00e9 en Conseil des ministres"},"content":{"rendered":"<p>Le chef du gouvernement, Ahmed Hachani, a pr\u00e9sid\u00e9 ce jeudi 14 mars 2024 un conseil des ministres ax\u00e9 sur la r\u00e9forme du code des changes.<\/p>\n<p>\t\t\t\t\t\t\t\t\tLa version amend\u00e9e du Code des changes avait \u00e9t\u00e9 examin\u00e9e, le 7 mars 2024, lors d&rsquo;une r\u00e9union minist\u00e9rielle restreinte, pr\u00e9sid\u00e9e par le Chef du gouvernement, Ahmed Hachani et avait \u00e9t\u00e9 approuv\u00e9e avant\u00a0 d\u2019\u00eatre soumise au Conseil des ministres pour d\u00e9lib\u00e9ration.<\/p>\n<p>Ahmed Hachani, qui a pr\u00e9sid\u00e9 le conseil d\u2019aujourd\u2019hui, a soulign\u00e9 que \u00ab\u00a0cette initiative repr\u00e9sente une avanc\u00e9e l\u00e9gislative majeure et un moment historique pour le secteur financier en Tunisie\u00a0\u00bb.<\/p>\n<p>\u00ab\u00a0Cette r\u00e9forme s&rsquo;inscrit dans une d\u00e9marche visant \u00e0 ouvrir de nouvelles perspectives \u00e9conomiques pour le pays, \u00e0 travers une lib\u00e9ralisation progressive des \u00e9changes, notamment financiers, dans le dessein de stimuler la reprise \u00e9conomique\u00a0\u00bb, a-t-il dit, selon un communiqu\u00e9 de la Pr\u00e9sidence du gouvernement, publi\u00e9 aujourd\u2019hui.<\/p>\n<p>Le projet d\u2019amendement du Code des changes a \u00e9t\u00e9 examin\u00e9 et approuv\u00e9 lors de ce conseil minist\u00e9riel. Dans une prochaine \u00e9tape, ce projet sera transmis \u00e0 la Chambre des repr\u00e9sentants du peuple, pour \u00eatre examin\u00e9.<\/p>\n<p>Le nouveau projet du Code des changes a comme principaux axes, notamment la r\u00e9vision du concept de r\u00e9sidence, la reconnaissance des principes de lib\u00e9ralisation pour certaines transactions financi\u00e8res entre la Tunisie et l&rsquo;\u00e9tranger, l&rsquo;autorisation des transactions d&rsquo;actifs crypt\u00e9s, le d\u00e9veloppement du syst\u00e8me de change manuel, la r\u00e9vision du syst\u00e8me de sanctions et des infractions financi\u00e8res.<\/p>\n","protected":false},"excerpt":{"rendered":"<p>Le projet d\u2019amendement du Code des changes a \u00e9t\u00e9 examin\u00e9 et approuv\u00e9 lors de ce conseil minist\u00e9riel.<\/p>\n","protected":false},"author":3162,"featured_media":247784,"comment_status":"open","ping_status":"closed","sticky":false,"template":"","format":"standard","meta":{"footnotes":""},"categories":[44],"tags":[5951,6851,4665,2608],"class_list":["post-212966","post","type-post","status-publish","format-standard","has-post-thumbnail","hentry","category-national","tag-ahmed-hachani","tag-code-des-changes","tag-conseil-ministeriel","tag-tunisie"],"yoast_head":"<!-- This site is optimized with the Yoast SEO Premium plugin v27.5 (Yoast SEO v27.5) - https:\/\/yoast.com\/product\/yoast-seo-premium-wordpress\/ -->\n<title>Tunisie : Le projet du code des changes approuv\u00e9 en Conseil des ministres<\/title>\n<meta name=\"description\" content=\"Le projet d\u2019amendement du Code des changes a \u00e9t\u00e9 examin\u00e9 et approuv\u00e9 lors de ce conseil minist\u00e9riel.\" \/>\n<link rel=\"canonical\" href=\"https:\/\/www.webdo.tn\/fr\/actualite\/national\/tunisie-le-projet-du-code-des-changes-approuve-en-conseil-des-ministres\/212966\/\" \/>\n<meta property=\"og:locale\" content=\"fr_FR\" \/>\n<meta property=\"og:type\" content=\"article\" \/>\n<meta property=\"og:title\" content=\"Tunisie : Le projet du code des changes approuv\u00e9 en Conseil des ministres\" \/>\n<meta property=\"og:description\" content=\"Le projet d\u2019amendement du Code des changes a \u00e9t\u00e9 examin\u00e9 et approuv\u00e9 lors de ce conseil minist\u00e9riel.\" \/>\n<meta property=\"og:url\" content=\"https:\/\/www.webdo.tn\/fr\/actualite\/national\/tunisie-le-projet-du-code-des-changes-approuve-en-conseil-des-ministres\/212966\/\" \/>\n<meta property=\"og:site_name\" content=\"webdo\" \/>\n<meta property=\"article:publisher\" content=\"https:\/\/www.facebook.com\/webdotn\" \/>\n<meta property=\"article:published_time\" content=\"2024-03-14T20:00:00+00:00\" \/>\n<meta property=\"article:modified_time\" content=\"2025-05-20T21:52:11+00:00\" \/>\n<meta property=\"og:image\" content=\"https:\/\/www.webdo.tn\/fr\/wp-content\/uploads\/2024\/03\/4dc91194d532260479bb2912327966bd.jpg\" \/>\n\t<meta property=\"og:image:width\" content=\"750\" \/>\n\t<meta property=\"og:image:height\" content=\"400\" \/>\n\t<meta property=\"og:image:type\" content=\"image\/jpeg\" \/>\n<meta name=\"author\" content=\"MC\" \/>\n<meta name=\"twitter:card\" content=\"summary_large_image\" \/>\n<meta name=\"twitter:creator\" content=\"@webdo_tn\" \/>\n<meta name=\"twitter:site\" content=\"@webdo_tn\" \/>\n<meta name=\"twitter:label1\" content=\"\u00c9crit par\" \/>\n\t<meta name=\"twitter:data1\" content=\"MC\" \/>\n\t<meta name=\"twitter:label2\" content=\"Dur\u00e9e de lecture estim\u00e9e\" \/>\n\t<meta name=\"twitter:data2\" content=\"1 minute\" \/>\n<script type=\"application\/ld+json\" class=\"yoast-schema-graph\">{\"@context\":\"https:\\\/\\\/schema.org\",\"@graph\":[{\"@type\":\"NewsArticle\",\"@id\":\"https:\\\/\\\/www.webdo.tn\\\/fr\\\/actualite\\\/national\\\/tunisie-le-projet-du-code-des-changes-approuve-en-conseil-des-ministres\\\/212966\\\/#article\",\"isPartOf\":{\"@id\":\"https:\\\/\\\/www.webdo.tn\\\/fr\\\/actualite\\\/national\\\/tunisie-le-projet-du-code-des-changes-approuve-en-conseil-des-ministres\\\/212966\\\/\"},\"author\":{\"name\":\"MC\",\"@id\":\"https:\\\/\\\/www.webdo.tn\\\/fr\\\/#\\\/schema\\\/person\\\/2c4929cbf5a809e3bd38617c6ce150f6\"},\"headline\":\"Tunisie : Le projet du code des changes approuv\u00e9 en Conseil des ministres\",\"datePublished\":\"2024-03-14T20:00:00+00:00\",\"dateModified\":\"2025-05-20T21:52:11+00:00\",\"mainEntityOfPage\":{\"@id\":\"https:\\\/\\\/www.webdo.tn\\\/fr\\\/actualite\\\/national\\\/tunisie-le-projet-du-code-des-changes-approuve-en-conseil-des-ministres\\\/212966\\\/\"},\"wordCount\":274,\"commentCount\":0,\"publisher\":{\"@id\":\"https:\\\/\\\/www.webdo.tn\\\/fr\\\/#organization\"},\"image\":{\"@id\":\"https:\\\/\\\/www.webdo.tn\\\/fr\\\/actualite\\\/national\\\/tunisie-le-projet-du-code-des-changes-approuve-en-conseil-des-ministres\\\/212966\\\/#primaryimage\"},\"thumbnailUrl\":\"https:\\\/\\\/www.webdo.tn\\\/fr\\\/wp-content\\\/uploads\\\/2024\\\/03\\\/4dc91194d532260479bb2912327966bd.jpg\",\"keywords\":[\"ahmed hachani\",\"Code des changes\",\"conseil minist\u00e9riel\",\"Tunisie\"],\"articleSection\":[\"National\"],\"inLanguage\":\"fr-FR\"},{\"@type\":\"WebPage\",\"@id\":\"https:\\\/\\\/www.webdo.tn\\\/fr\\\/actualite\\\/national\\\/tunisie-le-projet-du-code-des-changes-approuve-en-conseil-des-ministres\\\/212966\\\/\",\"url\":\"https:\\\/\\\/www.webdo.tn\\\/fr\\\/actualite\\\/national\\\/tunisie-le-projet-du-code-des-changes-approuve-en-conseil-des-ministres\\\/212966\\\/\",\"name\":\"Tunisie : Le projet du code des changes approuv\u00e9 en Conseil des ministres\",\"isPartOf\":{\"@id\":\"https:\\\/\\\/www.webdo.tn\\\/fr\\\/#website\"},\"primaryImageOfPage\":{\"@id\":\"https:\\\/\\\/www.webdo.tn\\\/fr\\\/actualite\\\/national\\\/tunisie-le-projet-du-code-des-changes-approuve-en-conseil-des-ministres\\\/212966\\\/#primaryimage\"},\"image\":{\"@id\":\"https:\\\/\\\/www.webdo.tn\\\/fr\\\/actualite\\\/national\\\/tunisie-le-projet-du-code-des-changes-approuve-en-conseil-des-ministres\\\/212966\\\/#primaryimage\"},\"thumbnailUrl\":\"https:\\\/\\\/www.webdo.tn\\\/fr\\\/wp-content\\\/uploads\\\/2024\\\/03\\\/4dc91194d532260479bb2912327966bd.jpg\",\"datePublished\":\"2024-03-14T20:00:00+00:00\",\"dateModified\":\"2025-05-20T21:52:11+00:00\",\"description\":\"Le projet d\u2019amendement du Code des changes a \u00e9t\u00e9 examin\u00e9 et approuv\u00e9 lors de ce conseil minist\u00e9riel.\",\"breadcrumb\":{\"@id\":\"https:\\\/\\\/www.webdo.tn\\\/fr\\\/actualite\\\/national\\\/tunisie-le-projet-du-code-des-changes-approuve-en-conseil-des-ministres\\\/212966\\\/#breadcrumb\"},\"inLanguage\":\"fr-FR\",\"potentialAction\":[{\"@type\":\"ReadAction\",\"target\":[\"https:\\\/\\\/www.webdo.tn\\\/fr\\\/actualite\\\/national\\\/tunisie-le-projet-du-code-des-changes-approuve-en-conseil-des-ministres\\\/212966\\\/\"]}]},{\"@type\":\"ImageObject\",\"inLanguage\":\"fr-FR\",\"@id\":\"https:\\\/\\\/www.webdo.tn\\\/fr\\\/actualite\\\/national\\\/tunisie-le-projet-du-code-des-changes-approuve-en-conseil-des-ministres\\\/212966\\\/#primaryimage\",\"url\":\"https:\\\/\\\/www.webdo.tn\\\/fr\\\/wp-content\\\/uploads\\\/2024\\\/03\\\/4dc91194d532260479bb2912327966bd.jpg\",\"contentUrl\":\"https:\\\/\\\/www.webdo.tn\\\/fr\\\/wp-content\\\/uploads\\\/2024\\\/03\\\/4dc91194d532260479bb2912327966bd.jpg\",\"width\":750,\"height\":400,\"caption\":\"Tunisie : Le projet du code des changes approuv\u00e9 en Conseil des ministres\"},{\"@type\":\"BreadcrumbList\",\"@id\":\"https:\\\/\\\/www.webdo.tn\\\/fr\\\/actualite\\\/national\\\/tunisie-le-projet-du-code-des-changes-approuve-en-conseil-des-ministres\\\/212966\\\/#breadcrumb\",\"itemListElement\":[{\"@type\":\"ListItem\",\"position\":1,\"name\":\"Accueil\",\"item\":\"https:\\\/\\\/www.webdo.tn\\\/fr\\\/\"},{\"@type\":\"ListItem\",\"position\":2,\"name\":\"Tunisie : Le projet du code des changes approuv\u00e9 en Conseil des ministres\"}]},{\"@type\":\"WebSite\",\"@id\":\"https:\\\/\\\/www.webdo.tn\\\/fr\\\/#website\",\"url\":\"https:\\\/\\\/www.webdo.tn\\\/fr\\\/\",\"name\":\"webdo\",\"description\":\"Tunisie - News en Tunisie et \u00e0 l&#039;international sur Webdo.tn\",\"publisher\":{\"@id\":\"https:\\\/\\\/www.webdo.tn\\\/fr\\\/#organization\"},\"potentialAction\":[{\"@type\":\"SearchAction\",\"target\":{\"@type\":\"EntryPoint\",\"urlTemplate\":\"https:\\\/\\\/www.webdo.tn\\\/fr\\\/?s={search_term_string}\"},\"query-input\":{\"@type\":\"PropertyValueSpecification\",\"valueRequired\":true,\"valueName\":\"search_term_string\"}}],\"inLanguage\":\"fr-FR\"},{\"@type\":\"Organization\",\"@id\":\"https:\\\/\\\/www.webdo.tn\\\/fr\\\/#organization\",\"name\":\"Webdo\",\"alternateName\":\"Webdo.tn\",\"url\":\"https:\\\/\\\/www.webdo.tn\\\/fr\\\/\",\"logo\":{\"@type\":\"ImageObject\",\"inLanguage\":\"fr-FR\",\"@id\":\"https:\\\/\\\/www.webdo.tn\\\/fr\\\/#\\\/schema\\\/logo\\\/image\\\/\",\"url\":\"https:\\\/\\\/www.webdo.tn\\\/fr\\\/wp-content\\\/uploads\\\/2025\\\/06\\\/Webdo-Tunisie_168377.jpg\",\"contentUrl\":\"https:\\\/\\\/www.webdo.tn\\\/fr\\\/wp-content\\\/uploads\\\/2025\\\/06\\\/Webdo-Tunisie_168377.jpg\",\"width\":301,\"height\":301,\"caption\":\"Webdo\"},\"image\":{\"@id\":\"https:\\\/\\\/www.webdo.tn\\\/fr\\\/#\\\/schema\\\/logo\\\/image\\\/\"},\"sameAs\":[\"https:\\\/\\\/www.facebook.com\\\/webdotn\",\"https:\\\/\\\/x.com\\\/webdo_tn\"],\"description\":\"Webdo est un m\u00e9dia num\u00e9rique tunisien fond\u00e9 en 2010, sp\u00e9cialis\u00e9 dans l\u2019actualit\u00e9 nationale et internationale, l\u2019\u00e9conomie, la soci\u00e9t\u00e9 et les analyses politiques. Le site s\u2019adresse \u00e0 un large public francophone et couvre l\u2019information tunisienne en temps r\u00e9el.\",\"email\":\"redac@webdo.tn\",\"legalName\":\"YNJ SARL\",\"foundingDate\":\"2010-09-06\",\"numberOfEmployees\":{\"@type\":\"QuantitativeValue\",\"minValue\":\"11\",\"maxValue\":\"50\"}},{\"@type\":\"Person\",\"@id\":\"https:\\\/\\\/www.webdo.tn\\\/fr\\\/#\\\/schema\\\/person\\\/2c4929cbf5a809e3bd38617c6ce150f6\",\"name\":\"MC\",\"image\":{\"@type\":\"ImageObject\",\"inLanguage\":\"fr-FR\",\"@id\":\"https:\\\/\\\/secure.gravatar.com\\\/avatar\\\/a545bbb6f84efdd5553dbbc2895e3ca8f1d12c5215e00a041c9670b54aa9b18a?s=96&d=mm&r=g\",\"url\":\"https:\\\/\\\/secure.gravatar.com\\\/avatar\\\/a545bbb6f84efdd5553dbbc2895e3ca8f1d12c5215e00a041c9670b54aa9b18a?s=96&d=mm&r=g\",\"contentUrl\":\"https:\\\/\\\/secure.gravatar.com\\\/avatar\\\/a545bbb6f84efdd5553dbbc2895e3ca8f1d12c5215e00a041c9670b54aa9b18a?s=96&d=mm&r=g\",\"caption\":\"MC\"},\"url\":\"https:\\\/\\\/www.webdo.tn\\\/fr\\\/actualite\\\/author\\\/mc\\\/\"}]}<\/script>\n<!-- \/ Yoast SEO Premium plugin. -->","yoast_head_json":{"title":"Tunisie : Le projet du code des changes approuv\u00e9 en Conseil des ministres","description":"Le projet d\u2019amendement du Code des changes a \u00e9t\u00e9 examin\u00e9 et approuv\u00e9 lors de ce conseil minist\u00e9riel.","canonical":"https:\/\/www.webdo.tn\/fr\/actualite\/national\/tunisie-le-projet-du-code-des-changes-approuve-en-conseil-des-ministres\/212966\/","og_locale":"fr_FR","og_type":"article","og_title":"Tunisie : Le projet du code des changes approuv\u00e9 en Conseil des ministres","og_description":"Le projet d\u2019amendement du Code des changes a \u00e9t\u00e9 examin\u00e9 et approuv\u00e9 lors de ce conseil minist\u00e9riel.","og_url":"https:\/\/www.webdo.tn\/fr\/actualite\/national\/tunisie-le-projet-du-code-des-changes-approuve-en-conseil-des-ministres\/212966\/","og_site_name":"webdo","article_publisher":"https:\/\/www.facebook.com\/webdotn","article_published_time":"2024-03-14T20:00:00+00:00","article_modified_time":"2025-05-20T21:52:11+00:00","og_image":[{"width":750,"height":400,"url":"https:\/\/www.webdo.tn\/fr\/wp-content\/uploads\/2024\/03\/4dc91194d532260479bb2912327966bd.jpg","type":"image\/jpeg"}],"author":"MC","twitter_card":"summary_large_image","twitter_creator":"@webdo_tn","twitter_site":"@webdo_tn","twitter_misc":{"\u00c9crit par":"MC","Dur\u00e9e de lecture estim\u00e9e":"1 minute"},"schema":{"@context":"https:\/\/schema.org","@graph":[{"@type":"NewsArticle","@id":"https:\/\/www.webdo.tn\/fr\/actualite\/national\/tunisie-le-projet-du-code-des-changes-approuve-en-conseil-des-ministres\/212966\/#article","isPartOf":{"@id":"https:\/\/www.webdo.tn\/fr\/actualite\/national\/tunisie-le-projet-du-code-des-changes-approuve-en-conseil-des-ministres\/212966\/"},"author":{"name":"MC","@id":"https:\/\/www.webdo.tn\/fr\/#\/schema\/person\/2c4929cbf5a809e3bd38617c6ce150f6"},"headline":"Tunisie : Le projet du code des changes approuv\u00e9 en Conseil des ministres","datePublished":"2024-03-14T20:00:00+00:00","dateModified":"2025-05-20T21:52:11+00:00","mainEntityOfPage":{"@id":"https:\/\/www.webdo.tn\/fr\/actualite\/national\/tunisie-le-projet-du-code-des-changes-approuve-en-conseil-des-ministres\/212966\/"},"wordCount":274,"commentCount":0,"publisher":{"@id":"https:\/\/www.webdo.tn\/fr\/#organization"},"image":{"@id":"https:\/\/www.webdo.tn\/fr\/actualite\/national\/tunisie-le-projet-du-code-des-changes-approuve-en-conseil-des-ministres\/212966\/#primaryimage"},"thumbnailUrl":"https:\/\/www.webdo.tn\/fr\/wp-content\/uploads\/2024\/03\/4dc91194d532260479bb2912327966bd.jpg","keywords":["ahmed hachani","Code des changes","conseil minist\u00e9riel","Tunisie"],"articleSection":["National"],"inLanguage":"fr-FR"},{"@type":"WebPage","@id":"https:\/\/www.webdo.tn\/fr\/actualite\/national\/tunisie-le-projet-du-code-des-changes-approuve-en-conseil-des-ministres\/212966\/","url":"https:\/\/www.webdo.tn\/fr\/actualite\/national\/tunisie-le-projet-du-code-des-changes-approuve-en-conseil-des-ministres\/212966\/","name":"Tunisie : Le projet du code des changes approuv\u00e9 en Conseil des ministres","isPartOf":{"@id":"https:\/\/www.webdo.tn\/fr\/#website"},"primaryImageOfPage":{"@id":"https:\/\/www.webdo.tn\/fr\/actualite\/national\/tunisie-le-projet-du-code-des-changes-approuve-en-conseil-des-ministres\/212966\/#primaryimage"},"image":{"@id":"https:\/\/www.webdo.tn\/fr\/actualite\/national\/tunisie-le-projet-du-code-des-changes-approuve-en-conseil-des-ministres\/212966\/#primaryimage"},"thumbnailUrl":"https:\/\/www.webdo.tn\/fr\/wp-content\/uploads\/2024\/03\/4dc91194d532260479bb2912327966bd.jpg","datePublished":"2024-03-14T20:00:00+00:00","dateModified":"2025-05-20T21:52:11+00:00","description":"Le projet d\u2019amendement du Code des changes a \u00e9t\u00e9 examin\u00e9 et approuv\u00e9 lors de ce conseil minist\u00e9riel.","breadcrumb":{"@id":"https:\/\/www.webdo.tn\/fr\/actualite\/national\/tunisie-le-projet-du-code-des-changes-approuve-en-conseil-des-ministres\/212966\/#breadcrumb"},"inLanguage":"fr-FR","potentialAction":[{"@type":"ReadAction","target":["https:\/\/www.webdo.tn\/fr\/actualite\/national\/tunisie-le-projet-du-code-des-changes-approuve-en-conseil-des-ministres\/212966\/"]}]},{"@type":"ImageObject","inLanguage":"fr-FR","@id":"https:\/\/www.webdo.tn\/fr\/actualite\/national\/tunisie-le-projet-du-code-des-changes-approuve-en-conseil-des-ministres\/212966\/#primaryimage","url":"https:\/\/www.webdo.tn\/fr\/wp-content\/uploads\/2024\/03\/4dc91194d532260479bb2912327966bd.jpg","contentUrl":"https:\/\/www.webdo.tn\/fr\/wp-content\/uploads\/2024\/03\/4dc91194d532260479bb2912327966bd.jpg","width":750,"height":400,"caption":"Tunisie : Le projet du code des changes approuv\u00e9 en Conseil des ministres"},{"@type":"BreadcrumbList","@id":"https:\/\/www.webdo.tn\/fr\/actualite\/national\/tunisie-le-projet-du-code-des-changes-approuve-en-conseil-des-ministres\/212966\/#breadcrumb","itemListElement":[{"@type":"ListItem","position":1,"name":"Accueil","item":"https:\/\/www.webdo.tn\/fr\/"},{"@type":"ListItem","position":2,"name":"Tunisie : Le projet du code des changes approuv\u00e9 en Conseil des ministres"}]},{"@type":"WebSite","@id":"https:\/\/www.webdo.tn\/fr\/#website","url":"https:\/\/www.webdo.tn\/fr\/","name":"webdo","description":"Tunisie - News en Tunisie et \u00e0 l&#039;international sur Webdo.tn","publisher":{"@id":"https:\/\/www.webdo.tn\/fr\/#organization"},"potentialAction":[{"@type":"SearchAction","target":{"@type":"EntryPoint","urlTemplate":"https:\/\/www.webdo.tn\/fr\/?s={search_term_string}"},"query-input":{"@type":"PropertyValueSpecification","valueRequired":true,"valueName":"search_term_string"}}],"inLanguage":"fr-FR"},{"@type":"Organization","@id":"https:\/\/www.webdo.tn\/fr\/#organization","name":"Webdo","alternateName":"Webdo.tn","url":"https:\/\/www.webdo.tn\/fr\/","logo":{"@type":"ImageObject","inLanguage":"fr-FR","@id":"https:\/\/www.webdo.tn\/fr\/#\/schema\/logo\/image\/","url":"https:\/\/www.webdo.tn\/fr\/wp-content\/uploads\/2025\/06\/Webdo-Tunisie_168377.jpg","contentUrl":"https:\/\/www.webdo.tn\/fr\/wp-content\/uploads\/2025\/06\/Webdo-Tunisie_168377.jpg","width":301,"height":301,"caption":"Webdo"},"image":{"@id":"https:\/\/www.webdo.tn\/fr\/#\/schema\/logo\/image\/"},"sameAs":["https:\/\/www.facebook.com\/webdotn","https:\/\/x.com\/webdo_tn"],"description":"Webdo est un m\u00e9dia num\u00e9rique tunisien fond\u00e9 en 2010, sp\u00e9cialis\u00e9 dans l\u2019actualit\u00e9 nationale et internationale, l\u2019\u00e9conomie, la soci\u00e9t\u00e9 et les analyses politiques. Le site s\u2019adresse \u00e0 un large public francophone et couvre l\u2019information tunisienne en temps r\u00e9el.","email":"redac@webdo.tn","legalName":"YNJ SARL","foundingDate":"2010-09-06","numberOfEmployees":{"@type":"QuantitativeValue","minValue":"11","maxValue":"50"}},{"@type":"Person","@id":"https:\/\/www.webdo.tn\/fr\/#\/schema\/person\/2c4929cbf5a809e3bd38617c6ce150f6","name":"MC","image":{"@type":"ImageObject","inLanguage":"fr-FR","@id":"https:\/\/secure.gravatar.com\/avatar\/a545bbb6f84efdd5553dbbc2895e3ca8f1d12c5215e00a041c9670b54aa9b18a?s=96&d=mm&r=g","url":"https:\/\/secure.gravatar.com\/avatar\/a545bbb6f84efdd5553dbbc2895e3ca8f1d12c5215e00a041c9670b54aa9b18a?s=96&d=mm&r=g","contentUrl":"https:\/\/secure.gravatar.com\/avatar\/a545bbb6f84efdd5553dbbc2895e3ca8f1d12c5215e00a041c9670b54aa9b18a?s=96&d=mm&r=g","caption":"MC"},"url":"https:\/\/www.webdo.tn\/fr\/actualite\/author\/mc\/"}]}},"_links":{"self":[{"href":"https:\/\/www.webdo.tn\/fr\/wp-json\/wp\/v2\/posts\/212966","targetHints":{"allow":["GET"]}}],"collection":[{"href":"https:\/\/www.webdo.tn\/fr\/wp-json\/wp\/v2\/posts"}],"about":[{"href":"https:\/\/www.webdo.tn\/fr\/wp-json\/wp\/v2\/types\/post"}],"author":[{"embeddable":true,"href":"https:\/\/www.webdo.tn\/fr\/wp-json\/wp\/v2\/users\/3162"}],"replies":[{"embeddable":true,"href":"https:\/\/www.webdo.tn\/fr\/wp-json\/wp\/v2\/comments?post=212966"}],"version-history":[{"count":0,"href":"https:\/\/www.webdo.tn\/fr\/wp-json\/wp\/v2\/posts\/212966\/revisions"}],"wp:featuredmedia":[{"embeddable":true,"href":"https:\/\/www.webdo.tn\/fr\/wp-json\/wp\/v2\/media\/247784"}],"wp:attachment":[{"href":"https:\/\/www.webdo.tn\/fr\/wp-json\/wp\/v2\/media?parent=212966"}],"wp:term":[{"taxonomy":"category","embeddable":true,"href":"https:\/\/www.webdo.tn\/fr\/wp-json\/wp\/v2\/categories?post=212966"},{"taxonomy":"post_tag","embeddable":true,"href":"https:\/\/www.webdo.tn\/fr\/wp-json\/wp\/v2\/tags?post=212966"}],"curies":[{"name":"wp","href":"https:\/\/api.w.org\/{rel}","templated":true}]}}