{"id":212947,"date":"2024-03-14T09:17:00","date_gmt":"2024-03-14T09:17:00","guid":{"rendered":"https:\/\/www.webdo.tn\/fr\/blog\/tunisie-explosion-et-incendie-dans-la-zone-petroliere-de-rades-38-blesses\/212947\/"},"modified":"2025-05-20T21:52:08","modified_gmt":"2025-05-20T21:52:08","slug":"tunisie-explosion-et-incendie-dans-la-zone-petroliere-de-rades-38-blesses","status":"publish","type":"post","link":"https:\/\/www.webdo.tn\/fr\/actualite\/national\/tunisie-explosion-et-incendie-dans-la-zone-petroliere-de-rades-38-blesses\/212947\/","title":{"rendered":"Tunisie : Explosion et incendie dans la zone p\u00e9troli\u00e8re de Rades, 38 bless\u00e9s"},"content":{"rendered":"<p>Circulation bloqu\u00e9e \u00e0 l\u2019entr\u00e9e du port de Rades et de la zone p\u00e9troli\u00e8re, ambulances et v\u00e9hicules de la Protection civile pr\u00e9sentes en masse. Un incendie s\u2019est d\u00e9clar\u00e9 dans l\u2019entrep\u00f4t d\u2019une compagnie p\u00e9troli\u00e8re \u00e0 Rades faisant 38 bless\u00e9s dans un premier bilan.<\/p>\n<p>\t\t\t\t\t\t\t\t\tUne fuite de gaz est \u00e0 l\u2019origine d\u2019une explosion qui a fait 38 bless\u00e9s, a confirm\u00e9, ce jeudi 14 mars 2024 sur les ondes de la radio Mosaique fm, le g\u00e9n\u00e9ral de brigade Moez Triaa, porte-parole de la Protection civile.<\/p>\n<p>Une fuite de gaz lors d&rsquo;un processus de remplissage dans un centre de distribution et de remplissage d\u2019une compagnie p\u00e9troli\u00e8re op\u00e9rant dans la zone p\u00e9troli\u00e8re de Rades a provoqu\u00e9 l&rsquo;explosion de plusieurs bouteilles de gaz.<\/p>\n<p>Il a \u00e9galement fait \u00e9tat de 38 bless\u00e9s dont 17 qui souffriraient de br\u00fblures aux premier et deuxi\u00e8me degr\u00e9s. Ils ont \u00e9t\u00e9 transf\u00e9r\u00e9s vers plusieurs h\u00f4pitaux pour y \u00eatre soign\u00e9s, notant que dix camions de pompiers, deux camions-\u00e9chelles et huit ambulances de la Protection civile et cinq ambulances ont \u00e9t\u00e9 d\u00e9ploy\u00e9s.<\/p>\n","protected":false},"excerpt":{"rendered":"<p>Une fuite de gaz est \u00e0 l\u2019origine d\u2019une explosion qui a fait 38 bless\u00e9s.<\/p>\n","protected":false},"author":3162,"featured_media":247777,"comment_status":"open","ping_status":"closed","sticky":false,"template":"","format":"standard","meta":{"footnotes":""},"categories":[44],"tags":[2928,2869,3764,2754,2608],"class_list":["post-212947","post","type-post","status-publish","format-standard","has-post-thumbnail","hentry","category-national","tag-blesses","tag-explosion","tag-gaz","tag-rades","tag-tunisie"],"yoast_head":"<!-- This site is optimized with the Yoast SEO Premium plugin v27.5 (Yoast SEO v27.5) - https:\/\/yoast.com\/product\/yoast-seo-premium-wordpress\/ -->\n<title>Tunisie : Explosion et incendie dans la zone p\u00e9troli\u00e8re de Rades, 38 bless\u00e9s<\/title>\n<meta name=\"description\" content=\"Une fuite de gaz est \u00e0 l\u2019origine d\u2019une explosion qui a fait 38 bless\u00e9s.\" \/>\n<link rel=\"canonical\" href=\"https:\/\/www.webdo.tn\/fr\/actualite\/national\/tunisie-explosion-et-incendie-dans-la-zone-petroliere-de-rades-38-blesses\/212947\/\" \/>\n<meta property=\"og:locale\" content=\"fr_FR\" \/>\n<meta property=\"og:type\" content=\"article\" \/>\n<meta property=\"og:title\" content=\"Tunisie : Explosion et incendie dans la zone p\u00e9troli\u00e8re de Rades, 38 bless\u00e9s\" \/>\n<meta property=\"og:description\" content=\"Une fuite de gaz est \u00e0 l\u2019origine d\u2019une explosion qui a fait 38 bless\u00e9s.\" \/>\n<meta property=\"og:url\" content=\"https:\/\/www.webdo.tn\/fr\/actualite\/national\/tunisie-explosion-et-incendie-dans-la-zone-petroliere-de-rades-38-blesses\/212947\/\" \/>\n<meta property=\"og:site_name\" content=\"webdo\" \/>\n<meta property=\"article:publisher\" content=\"https:\/\/www.facebook.com\/webdotn\" \/>\n<meta property=\"article:published_time\" content=\"2024-03-14T09:17:00+00:00\" \/>\n<meta property=\"article:modified_time\" content=\"2025-05-20T21:52:08+00:00\" \/>\n<meta property=\"og:image\" content=\"https:\/\/www.webdo.tn\/fr\/wp-content\/uploads\/2024\/03\/6fc9ce75fa5011150fadf874bcb455ce.jpg\" \/>\n\t<meta property=\"og:image:width\" content=\"750\" \/>\n\t<meta property=\"og:image:height\" content=\"400\" \/>\n\t<meta property=\"og:image:type\" content=\"image\/jpeg\" \/>\n<meta name=\"author\" content=\"MC\" \/>\n<meta name=\"twitter:card\" content=\"summary_large_image\" \/>\n<meta name=\"twitter:creator\" content=\"@webdo_tn\" \/>\n<meta name=\"twitter:site\" content=\"@webdo_tn\" \/>\n<meta name=\"twitter:label1\" content=\"\u00c9crit par\" \/>\n\t<meta name=\"twitter:data1\" content=\"MC\" \/>\n\t<meta name=\"twitter:label2\" content=\"Dur\u00e9e de lecture estim\u00e9e\" \/>\n\t<meta name=\"twitter:data2\" content=\"1 minute\" \/>\n<script type=\"application\/ld+json\" class=\"yoast-schema-graph\">{\"@context\":\"https:\\\/\\\/schema.org\",\"@graph\":[{\"@type\":\"NewsArticle\",\"@id\":\"https:\\\/\\\/www.webdo.tn\\\/fr\\\/actualite\\\/national\\\/tunisie-explosion-et-incendie-dans-la-zone-petroliere-de-rades-38-blesses\\\/212947\\\/#article\",\"isPartOf\":{\"@id\":\"https:\\\/\\\/www.webdo.tn\\\/fr\\\/actualite\\\/national\\\/tunisie-explosion-et-incendie-dans-la-zone-petroliere-de-rades-38-blesses\\\/212947\\\/\"},\"author\":{\"name\":\"MC\",\"@id\":\"https:\\\/\\\/www.webdo.tn\\\/fr\\\/#\\\/schema\\\/person\\\/2c4929cbf5a809e3bd38617c6ce150f6\"},\"headline\":\"Tunisie : Explosion et incendie dans la zone p\u00e9troli\u00e8re de Rades, 38 bless\u00e9s\",\"datePublished\":\"2024-03-14T09:17:00+00:00\",\"dateModified\":\"2025-05-20T21:52:08+00:00\",\"mainEntityOfPage\":{\"@id\":\"https:\\\/\\\/www.webdo.tn\\\/fr\\\/actualite\\\/national\\\/tunisie-explosion-et-incendie-dans-la-zone-petroliere-de-rades-38-blesses\\\/212947\\\/\"},\"wordCount\":211,\"commentCount\":0,\"publisher\":{\"@id\":\"https:\\\/\\\/www.webdo.tn\\\/fr\\\/#organization\"},\"image\":{\"@id\":\"https:\\\/\\\/www.webdo.tn\\\/fr\\\/actualite\\\/national\\\/tunisie-explosion-et-incendie-dans-la-zone-petroliere-de-rades-38-blesses\\\/212947\\\/#primaryimage\"},\"thumbnailUrl\":\"https:\\\/\\\/www.webdo.tn\\\/fr\\\/wp-content\\\/uploads\\\/2024\\\/03\\\/6fc9ce75fa5011150fadf874bcb455ce.jpg\",\"keywords\":[\"bless\u00e9s\",\"Explosion\",\"Gaz\",\"Rad\u00e8s\",\"Tunisie\"],\"articleSection\":[\"National\"],\"inLanguage\":\"fr-FR\"},{\"@type\":\"WebPage\",\"@id\":\"https:\\\/\\\/www.webdo.tn\\\/fr\\\/actualite\\\/national\\\/tunisie-explosion-et-incendie-dans-la-zone-petroliere-de-rades-38-blesses\\\/212947\\\/\",\"url\":\"https:\\\/\\\/www.webdo.tn\\\/fr\\\/actualite\\\/national\\\/tunisie-explosion-et-incendie-dans-la-zone-petroliere-de-rades-38-blesses\\\/212947\\\/\",\"name\":\"Tunisie : Explosion et incendie dans la zone p\u00e9troli\u00e8re de Rades, 38 bless\u00e9s\",\"isPartOf\":{\"@id\":\"https:\\\/\\\/www.webdo.tn\\\/fr\\\/#website\"},\"primaryImageOfPage\":{\"@id\":\"https:\\\/\\\/www.webdo.tn\\\/fr\\\/actualite\\\/national\\\/tunisie-explosion-et-incendie-dans-la-zone-petroliere-de-rades-38-blesses\\\/212947\\\/#primaryimage\"},\"image\":{\"@id\":\"https:\\\/\\\/www.webdo.tn\\\/fr\\\/actualite\\\/national\\\/tunisie-explosion-et-incendie-dans-la-zone-petroliere-de-rades-38-blesses\\\/212947\\\/#primaryimage\"},\"thumbnailUrl\":\"https:\\\/\\\/www.webdo.tn\\\/fr\\\/wp-content\\\/uploads\\\/2024\\\/03\\\/6fc9ce75fa5011150fadf874bcb455ce.jpg\",\"datePublished\":\"2024-03-14T09:17:00+00:00\",\"dateModified\":\"2025-05-20T21:52:08+00:00\",\"description\":\"Une fuite de gaz est \u00e0 l\u2019origine d\u2019une explosion qui a fait 38 bless\u00e9s.\",\"breadcrumb\":{\"@id\":\"https:\\\/\\\/www.webdo.tn\\\/fr\\\/actualite\\\/national\\\/tunisie-explosion-et-incendie-dans-la-zone-petroliere-de-rades-38-blesses\\\/212947\\\/#breadcrumb\"},\"inLanguage\":\"fr-FR\",\"potentialAction\":[{\"@type\":\"ReadAction\",\"target\":[\"https:\\\/\\\/www.webdo.tn\\\/fr\\\/actualite\\\/national\\\/tunisie-explosion-et-incendie-dans-la-zone-petroliere-de-rades-38-blesses\\\/212947\\\/\"]}]},{\"@type\":\"ImageObject\",\"inLanguage\":\"fr-FR\",\"@id\":\"https:\\\/\\\/www.webdo.tn\\\/fr\\\/actualite\\\/national\\\/tunisie-explosion-et-incendie-dans-la-zone-petroliere-de-rades-38-blesses\\\/212947\\\/#primaryimage\",\"url\":\"https:\\\/\\\/www.webdo.tn\\\/fr\\\/wp-content\\\/uploads\\\/2024\\\/03\\\/6fc9ce75fa5011150fadf874bcb455ce.jpg\",\"contentUrl\":\"https:\\\/\\\/www.webdo.tn\\\/fr\\\/wp-content\\\/uploads\\\/2024\\\/03\\\/6fc9ce75fa5011150fadf874bcb455ce.jpg\",\"width\":750,\"height\":400,\"caption\":\"Tunisie : Explosion et incendie dans la zone p\u00e9troli\u00e8re de Rades, 38 bless\u00e9s\"},{\"@type\":\"BreadcrumbList\",\"@id\":\"https:\\\/\\\/www.webdo.tn\\\/fr\\\/actualite\\\/national\\\/tunisie-explosion-et-incendie-dans-la-zone-petroliere-de-rades-38-blesses\\\/212947\\\/#breadcrumb\",\"itemListElement\":[{\"@type\":\"ListItem\",\"position\":1,\"name\":\"Accueil\",\"item\":\"https:\\\/\\\/www.webdo.tn\\\/fr\\\/\"},{\"@type\":\"ListItem\",\"position\":2,\"name\":\"Tunisie : Explosion et incendie dans la zone p\u00e9troli\u00e8re de Rades, 38 bless\u00e9s\"}]},{\"@type\":\"WebSite\",\"@id\":\"https:\\\/\\\/www.webdo.tn\\\/fr\\\/#website\",\"url\":\"https:\\\/\\\/www.webdo.tn\\\/fr\\\/\",\"name\":\"webdo\",\"description\":\"Tunisie - News en Tunisie et \u00e0 l&#039;international sur Webdo.tn\",\"publisher\":{\"@id\":\"https:\\\/\\\/www.webdo.tn\\\/fr\\\/#organization\"},\"potentialAction\":[{\"@type\":\"SearchAction\",\"target\":{\"@type\":\"EntryPoint\",\"urlTemplate\":\"https:\\\/\\\/www.webdo.tn\\\/fr\\\/?s={search_term_string}\"},\"query-input\":{\"@type\":\"PropertyValueSpecification\",\"valueRequired\":true,\"valueName\":\"search_term_string\"}}],\"inLanguage\":\"fr-FR\"},{\"@type\":\"Organization\",\"@id\":\"https:\\\/\\\/www.webdo.tn\\\/fr\\\/#organization\",\"name\":\"Webdo\",\"alternateName\":\"Webdo.tn\",\"url\":\"https:\\\/\\\/www.webdo.tn\\\/fr\\\/\",\"logo\":{\"@type\":\"ImageObject\",\"inLanguage\":\"fr-FR\",\"@id\":\"https:\\\/\\\/www.webdo.tn\\\/fr\\\/#\\\/schema\\\/logo\\\/image\\\/\",\"url\":\"https:\\\/\\\/www.webdo.tn\\\/fr\\\/wp-content\\\/uploads\\\/2025\\\/06\\\/Webdo-Tunisie_168377.jpg\",\"contentUrl\":\"https:\\\/\\\/www.webdo.tn\\\/fr\\\/wp-content\\\/uploads\\\/2025\\\/06\\\/Webdo-Tunisie_168377.jpg\",\"width\":301,\"height\":301,\"caption\":\"Webdo\"},\"image\":{\"@id\":\"https:\\\/\\\/www.webdo.tn\\\/fr\\\/#\\\/schema\\\/logo\\\/image\\\/\"},\"sameAs\":[\"https:\\\/\\\/www.facebook.com\\\/webdotn\",\"https:\\\/\\\/x.com\\\/webdo_tn\"],\"description\":\"Webdo est un m\u00e9dia num\u00e9rique tunisien fond\u00e9 en 2010, sp\u00e9cialis\u00e9 dans l\u2019actualit\u00e9 nationale et internationale, l\u2019\u00e9conomie, la soci\u00e9t\u00e9 et les analyses politiques. Le site s\u2019adresse \u00e0 un large public francophone et couvre l\u2019information tunisienne en temps r\u00e9el.\",\"email\":\"redac@webdo.tn\",\"legalName\":\"YNJ SARL\",\"foundingDate\":\"2010-09-06\",\"numberOfEmployees\":{\"@type\":\"QuantitativeValue\",\"minValue\":\"11\",\"maxValue\":\"50\"}},{\"@type\":\"Person\",\"@id\":\"https:\\\/\\\/www.webdo.tn\\\/fr\\\/#\\\/schema\\\/person\\\/2c4929cbf5a809e3bd38617c6ce150f6\",\"name\":\"MC\",\"image\":{\"@type\":\"ImageObject\",\"inLanguage\":\"fr-FR\",\"@id\":\"https:\\\/\\\/secure.gravatar.com\\\/avatar\\\/a545bbb6f84efdd5553dbbc2895e3ca8f1d12c5215e00a041c9670b54aa9b18a?s=96&d=mm&r=g\",\"url\":\"https:\\\/\\\/secure.gravatar.com\\\/avatar\\\/a545bbb6f84efdd5553dbbc2895e3ca8f1d12c5215e00a041c9670b54aa9b18a?s=96&d=mm&r=g\",\"contentUrl\":\"https:\\\/\\\/secure.gravatar.com\\\/avatar\\\/a545bbb6f84efdd5553dbbc2895e3ca8f1d12c5215e00a041c9670b54aa9b18a?s=96&d=mm&r=g\",\"caption\":\"MC\"},\"url\":\"https:\\\/\\\/www.webdo.tn\\\/fr\\\/actualite\\\/author\\\/mc\\\/\"}]}<\/script>\n<!-- \/ Yoast SEO Premium plugin. -->","yoast_head_json":{"title":"Tunisie : Explosion et incendie dans la zone p\u00e9troli\u00e8re de Rades, 38 bless\u00e9s","description":"Une fuite de gaz est \u00e0 l\u2019origine d\u2019une explosion qui a fait 38 bless\u00e9s.","canonical":"https:\/\/www.webdo.tn\/fr\/actualite\/national\/tunisie-explosion-et-incendie-dans-la-zone-petroliere-de-rades-38-blesses\/212947\/","og_locale":"fr_FR","og_type":"article","og_title":"Tunisie : Explosion et incendie dans la zone p\u00e9troli\u00e8re de Rades, 38 bless\u00e9s","og_description":"Une fuite de gaz est \u00e0 l\u2019origine d\u2019une explosion qui a fait 38 bless\u00e9s.","og_url":"https:\/\/www.webdo.tn\/fr\/actualite\/national\/tunisie-explosion-et-incendie-dans-la-zone-petroliere-de-rades-38-blesses\/212947\/","og_site_name":"webdo","article_publisher":"https:\/\/www.facebook.com\/webdotn","article_published_time":"2024-03-14T09:17:00+00:00","article_modified_time":"2025-05-20T21:52:08+00:00","og_image":[{"width":750,"height":400,"url":"https:\/\/www.webdo.tn\/fr\/wp-content\/uploads\/2024\/03\/6fc9ce75fa5011150fadf874bcb455ce.jpg","type":"image\/jpeg"}],"author":"MC","twitter_card":"summary_large_image","twitter_creator":"@webdo_tn","twitter_site":"@webdo_tn","twitter_misc":{"\u00c9crit par":"MC","Dur\u00e9e de lecture estim\u00e9e":"1 minute"},"schema":{"@context":"https:\/\/schema.org","@graph":[{"@type":"NewsArticle","@id":"https:\/\/www.webdo.tn\/fr\/actualite\/national\/tunisie-explosion-et-incendie-dans-la-zone-petroliere-de-rades-38-blesses\/212947\/#article","isPartOf":{"@id":"https:\/\/www.webdo.tn\/fr\/actualite\/national\/tunisie-explosion-et-incendie-dans-la-zone-petroliere-de-rades-38-blesses\/212947\/"},"author":{"name":"MC","@id":"https:\/\/www.webdo.tn\/fr\/#\/schema\/person\/2c4929cbf5a809e3bd38617c6ce150f6"},"headline":"Tunisie : Explosion et incendie dans la zone p\u00e9troli\u00e8re de Rades, 38 bless\u00e9s","datePublished":"2024-03-14T09:17:00+00:00","dateModified":"2025-05-20T21:52:08+00:00","mainEntityOfPage":{"@id":"https:\/\/www.webdo.tn\/fr\/actualite\/national\/tunisie-explosion-et-incendie-dans-la-zone-petroliere-de-rades-38-blesses\/212947\/"},"wordCount":211,"commentCount":0,"publisher":{"@id":"https:\/\/www.webdo.tn\/fr\/#organization"},"image":{"@id":"https:\/\/www.webdo.tn\/fr\/actualite\/national\/tunisie-explosion-et-incendie-dans-la-zone-petroliere-de-rades-38-blesses\/212947\/#primaryimage"},"thumbnailUrl":"https:\/\/www.webdo.tn\/fr\/wp-content\/uploads\/2024\/03\/6fc9ce75fa5011150fadf874bcb455ce.jpg","keywords":["bless\u00e9s","Explosion","Gaz","Rad\u00e8s","Tunisie"],"articleSection":["National"],"inLanguage":"fr-FR"},{"@type":"WebPage","@id":"https:\/\/www.webdo.tn\/fr\/actualite\/national\/tunisie-explosion-et-incendie-dans-la-zone-petroliere-de-rades-38-blesses\/212947\/","url":"https:\/\/www.webdo.tn\/fr\/actualite\/national\/tunisie-explosion-et-incendie-dans-la-zone-petroliere-de-rades-38-blesses\/212947\/","name":"Tunisie : Explosion et incendie dans la zone p\u00e9troli\u00e8re de Rades, 38 bless\u00e9s","isPartOf":{"@id":"https:\/\/www.webdo.tn\/fr\/#website"},"primaryImageOfPage":{"@id":"https:\/\/www.webdo.tn\/fr\/actualite\/national\/tunisie-explosion-et-incendie-dans-la-zone-petroliere-de-rades-38-blesses\/212947\/#primaryimage"},"image":{"@id":"https:\/\/www.webdo.tn\/fr\/actualite\/national\/tunisie-explosion-et-incendie-dans-la-zone-petroliere-de-rades-38-blesses\/212947\/#primaryimage"},"thumbnailUrl":"https:\/\/www.webdo.tn\/fr\/wp-content\/uploads\/2024\/03\/6fc9ce75fa5011150fadf874bcb455ce.jpg","datePublished":"2024-03-14T09:17:00+00:00","dateModified":"2025-05-20T21:52:08+00:00","description":"Une fuite de gaz est \u00e0 l\u2019origine d\u2019une explosion qui a fait 38 bless\u00e9s.","breadcrumb":{"@id":"https:\/\/www.webdo.tn\/fr\/actualite\/national\/tunisie-explosion-et-incendie-dans-la-zone-petroliere-de-rades-38-blesses\/212947\/#breadcrumb"},"inLanguage":"fr-FR","potentialAction":[{"@type":"ReadAction","target":["https:\/\/www.webdo.tn\/fr\/actualite\/national\/tunisie-explosion-et-incendie-dans-la-zone-petroliere-de-rades-38-blesses\/212947\/"]}]},{"@type":"ImageObject","inLanguage":"fr-FR","@id":"https:\/\/www.webdo.tn\/fr\/actualite\/national\/tunisie-explosion-et-incendie-dans-la-zone-petroliere-de-rades-38-blesses\/212947\/#primaryimage","url":"https:\/\/www.webdo.tn\/fr\/wp-content\/uploads\/2024\/03\/6fc9ce75fa5011150fadf874bcb455ce.jpg","contentUrl":"https:\/\/www.webdo.tn\/fr\/wp-content\/uploads\/2024\/03\/6fc9ce75fa5011150fadf874bcb455ce.jpg","width":750,"height":400,"caption":"Tunisie : Explosion et incendie dans la zone p\u00e9troli\u00e8re de Rades, 38 bless\u00e9s"},{"@type":"BreadcrumbList","@id":"https:\/\/www.webdo.tn\/fr\/actualite\/national\/tunisie-explosion-et-incendie-dans-la-zone-petroliere-de-rades-38-blesses\/212947\/#breadcrumb","itemListElement":[{"@type":"ListItem","position":1,"name":"Accueil","item":"https:\/\/www.webdo.tn\/fr\/"},{"@type":"ListItem","position":2,"name":"Tunisie : Explosion et incendie dans la zone p\u00e9troli\u00e8re de Rades, 38 bless\u00e9s"}]},{"@type":"WebSite","@id":"https:\/\/www.webdo.tn\/fr\/#website","url":"https:\/\/www.webdo.tn\/fr\/","name":"webdo","description":"Tunisie - News en Tunisie et \u00e0 l&#039;international sur Webdo.tn","publisher":{"@id":"https:\/\/www.webdo.tn\/fr\/#organization"},"potentialAction":[{"@type":"SearchAction","target":{"@type":"EntryPoint","urlTemplate":"https:\/\/www.webdo.tn\/fr\/?s={search_term_string}"},"query-input":{"@type":"PropertyValueSpecification","valueRequired":true,"valueName":"search_term_string"}}],"inLanguage":"fr-FR"},{"@type":"Organization","@id":"https:\/\/www.webdo.tn\/fr\/#organization","name":"Webdo","alternateName":"Webdo.tn","url":"https:\/\/www.webdo.tn\/fr\/","logo":{"@type":"ImageObject","inLanguage":"fr-FR","@id":"https:\/\/www.webdo.tn\/fr\/#\/schema\/logo\/image\/","url":"https:\/\/www.webdo.tn\/fr\/wp-content\/uploads\/2025\/06\/Webdo-Tunisie_168377.jpg","contentUrl":"https:\/\/www.webdo.tn\/fr\/wp-content\/uploads\/2025\/06\/Webdo-Tunisie_168377.jpg","width":301,"height":301,"caption":"Webdo"},"image":{"@id":"https:\/\/www.webdo.tn\/fr\/#\/schema\/logo\/image\/"},"sameAs":["https:\/\/www.facebook.com\/webdotn","https:\/\/x.com\/webdo_tn"],"description":"Webdo est un m\u00e9dia num\u00e9rique tunisien fond\u00e9 en 2010, sp\u00e9cialis\u00e9 dans l\u2019actualit\u00e9 nationale et internationale, l\u2019\u00e9conomie, la soci\u00e9t\u00e9 et les analyses politiques. Le site s\u2019adresse \u00e0 un large public francophone et couvre l\u2019information tunisienne en temps r\u00e9el.","email":"redac@webdo.tn","legalName":"YNJ SARL","foundingDate":"2010-09-06","numberOfEmployees":{"@type":"QuantitativeValue","minValue":"11","maxValue":"50"}},{"@type":"Person","@id":"https:\/\/www.webdo.tn\/fr\/#\/schema\/person\/2c4929cbf5a809e3bd38617c6ce150f6","name":"MC","image":{"@type":"ImageObject","inLanguage":"fr-FR","@id":"https:\/\/secure.gravatar.com\/avatar\/a545bbb6f84efdd5553dbbc2895e3ca8f1d12c5215e00a041c9670b54aa9b18a?s=96&d=mm&r=g","url":"https:\/\/secure.gravatar.com\/avatar\/a545bbb6f84efdd5553dbbc2895e3ca8f1d12c5215e00a041c9670b54aa9b18a?s=96&d=mm&r=g","contentUrl":"https:\/\/secure.gravatar.com\/avatar\/a545bbb6f84efdd5553dbbc2895e3ca8f1d12c5215e00a041c9670b54aa9b18a?s=96&d=mm&r=g","caption":"MC"},"url":"https:\/\/www.webdo.tn\/fr\/actualite\/author\/mc\/"}]}},"_links":{"self":[{"href":"https:\/\/www.webdo.tn\/fr\/wp-json\/wp\/v2\/posts\/212947","targetHints":{"allow":["GET"]}}],"collection":[{"href":"https:\/\/www.webdo.tn\/fr\/wp-json\/wp\/v2\/posts"}],"about":[{"href":"https:\/\/www.webdo.tn\/fr\/wp-json\/wp\/v2\/types\/post"}],"author":[{"embeddable":true,"href":"https:\/\/www.webdo.tn\/fr\/wp-json\/wp\/v2\/users\/3162"}],"replies":[{"embeddable":true,"href":"https:\/\/www.webdo.tn\/fr\/wp-json\/wp\/v2\/comments?post=212947"}],"version-history":[{"count":0,"href":"https:\/\/www.webdo.tn\/fr\/wp-json\/wp\/v2\/posts\/212947\/revisions"}],"wp:featuredmedia":[{"embeddable":true,"href":"https:\/\/www.webdo.tn\/fr\/wp-json\/wp\/v2\/media\/247777"}],"wp:attachment":[{"href":"https:\/\/www.webdo.tn\/fr\/wp-json\/wp\/v2\/media?parent=212947"}],"wp:term":[{"taxonomy":"category","embeddable":true,"href":"https:\/\/www.webdo.tn\/fr\/wp-json\/wp\/v2\/categories?post=212947"},{"taxonomy":"post_tag","embeddable":true,"href":"https:\/\/www.webdo.tn\/fr\/wp-json\/wp\/v2\/tags?post=212947"}],"curies":[{"name":"wp","href":"https:\/\/api.w.org\/{rel}","templated":true}]}}