{"id":212926,"date":"2024-03-13T11:24:00","date_gmt":"2024-03-13T11:24:00","guid":{"rendered":"https:\/\/www.webdo.tn\/fr\/blog\/tunisie-17-ministres-limoges-par-kais-saied-depuis-le-25-juillet-2021\/212926\/"},"modified":"2025-05-20T21:52:14","modified_gmt":"2025-05-20T21:52:14","slug":"tunisie-17-ministres-limoges-par-kais-saied-depuis-le-25-juillet-2021","status":"publish","type":"post","link":"https:\/\/www.webdo.tn\/fr\/actualite\/national\/tunisie-17-ministres-limoges-par-kais-saied-depuis-le-25-juillet-2021\/212926\/","title":{"rendered":"Tunisie : 17 ministres limog\u00e9s par Kais Saied depuis le 25 juillet 2021"},"content":{"rendered":"<p>Hier, deux nouveaux ministres ont \u00e9t\u00e9 limog\u00e9s par le Pr\u00e9sident de la R\u00e9publique. Et la liste des ministres r\u00e9voqu\u00e9s par Kais Saied s\u2019allonge encore un peu plus.<\/p>\n<p>\t\t\t\t\t\t\t\t\tHier, mardi 12 mars 2024, le Chef de l\u2019Etat Kais Saied a proc\u00e9d\u00e9 \u00e0 un remaniement minist\u00e9riel partiel en limogeant deux ministres, celui des Transports et la ministre des Affaires culturelles.<\/p>\n<p>Le limogeage de Rabie Majidi, ministre des Transports et de Hayet Ketat Guermazi, ministre des Affaires culturelles, a \u00e9t\u00e9 annonc\u00e9 via un communiqu\u00e9 de la Pr\u00e9sidence de la R\u00e9publique sans en donner les raisons, comme c\u2019est le cas habituellement.<\/p>\n<p>Dans le m\u00eame temps, Sarra Zaafrani Zenzri, a \u00e9t\u00e9 nomm\u00e9e, hier, ministre de l\u2019\u00c9quipement et du Logement, pour g\u00e9rer temporairement le minist\u00e8re des Transports alors que Moncef Boukthir, ministre de l\u2019Enseignement sup\u00e9rieur et de la Recherche scientifique, est charg\u00e9 de g\u00e9rer temporairement le minist\u00e8re des Affaires culturelles.<\/p>\n<p>L\u2019ancien Chef du gouvernement, Hichem Mechichi, est le premier ministre \u00e0 avoir \u00e9t\u00e9 limog\u00e9, le 25 juillet 2021 tout comme Ibrahim Bartagi, ministre de la D\u00e9fense, et Hasna Ben Slimane, ministre de la Justice, \u00e9galement limog\u00e9s le 25 juillet 2021.<\/p>\n<p>Deux autres ministres leur ont embo\u00eet\u00e9 le pas, \u00e0 savoir Ali Kooli, ministre des Finances et Mohamed Fadhel Kraiem, ministre des Technologies de la communication, limog\u00e9s le 2 ao\u00fbt 2021. Puis ce sera au tour de Sihem Ayadi, ministre de la Jeunesse et du Sport, limog\u00e9e le 13 septembre 2021.<\/p>\n<p>L\u2019ann\u00e9e derni\u00e8re, le rythme des limogeages s\u2019est accentu\u00e9 mais a surtout touch\u00e9 des ministres nomm\u00e9s par Kais Saied lui-m\u00eame. Ils faisaient partie du gouvernement Najla Bouden, annonc\u00e9 le 11 octobre 2021.<\/p>\n<p>C\u2019est le cas de Fadhila Rabhi, ministre du Commerce, limog\u00e9e le 6 janvier 2023 ; de Mahmoud Elyes Hamza, ministre de l\u2019Agriculture, des Ressources hydrauliques et de la P\u00eache, limog\u00e9 le 30 janvier 2023 ; de Fethi Sellaouti, ministre de l\u2019\u00c9ducation, limog\u00e9 le 30 janvier 2023 ; d\u2019Othman Jerandi, ministre des Affaires \u00e9trang\u00e8res, limog\u00e9 le 7 f\u00e9vrier 2023 ; de Nasreddine Nsibi, ministre de la Formation professionnelle et de l&rsquo;Emploi, limog\u00e9 le 22 f\u00e9vrier 2023.<\/p>\n<p>Puis il y a aussi eu Taoufik Charfeddine, ministre de l\u2019Int\u00e9rieur, limog\u00e9 le 17 mars 2023 ; Neila Nouira Gonji, ministre de l\u2019Industrie, des Mines et de l&rsquo;\u00c9nergie. Limog\u00e9e le 4 mais 2023 ; et Najla Bouden, Cheffe du gouvernement, limog\u00e9e le 1er ao\u00fbt 2023.<\/p>\n<p>Samir Saied, ministre de\u00a0 l&rsquo;\u00c9conomie et de la Planification, \u00e9tait le dernier \u00e0 avoir \u00e9t\u00e9 limog\u00e9 le 17 octobre 2023 avant les limogeages, hier, de Rabie El Majidi, ministre du Transport et Hayet Guettat Guermazi, ministre des Affaires culturelles.<\/p>\n","protected":false},"excerpt":{"rendered":"<p>Hier, mardi 12 mars 2024, le Chef de l\u2019Etat Kais Saied a proc\u00e9d\u00e9 \u00e0 un remaniement minist\u00e9riel partiel en limogeant deux ministres, celui des Transports et la mi&#8230;<\/p>\n","protected":false},"author":3162,"featured_media":247798,"comment_status":"open","ping_status":"closed","sticky":false,"template":"","format":"standard","meta":{"footnotes":""},"categories":[44],"tags":[5596,2651,2614,5024,4689,5763,2818,2608],"class_list":["post-212926","post","type-post","status-publish","format-standard","has-post-thumbnail","hentry","category-national","tag-culture","tag-gouvernement","tag-kais-saied","tag-limogeage","tag-ministres","tag-remaniement","tag-transport","tag-tunisie"],"yoast_head":"<!-- This site is optimized with the Yoast SEO Premium plugin v27.4 (Yoast SEO v27.5) - https:\/\/yoast.com\/product\/yoast-seo-premium-wordpress\/ -->\n<title>Tunisie : 17 ministres limog\u00e9s par Kais Saied depuis le 25 juillet 2021<\/title>\n<meta name=\"description\" content=\"Hier, mardi 12 mars 2024, le Chef de l\u2019Etat Kais Saied a proc\u00e9d\u00e9 \u00e0 un remaniement minist\u00e9riel partiel en limogeant deux ministres, celui des Transports et la mi...\" \/>\n<link rel=\"canonical\" href=\"https:\/\/www.webdo.tn\/fr\/actualite\/national\/tunisie-17-ministres-limoges-par-kais-saied-depuis-le-25-juillet-2021\/212926\/\" \/>\n<meta property=\"og:locale\" content=\"fr_FR\" \/>\n<meta property=\"og:type\" content=\"article\" \/>\n<meta property=\"og:title\" content=\"Tunisie : 17 ministres limog\u00e9s par Kais Saied depuis le 25 juillet 2021\" \/>\n<meta property=\"og:description\" content=\"Hier, mardi 12 mars 2024, le Chef de l\u2019Etat Kais Saied a proc\u00e9d\u00e9 \u00e0 un remaniement minist\u00e9riel partiel en limogeant deux ministres, celui des Transports et la mi...\" \/>\n<meta property=\"og:url\" content=\"https:\/\/www.webdo.tn\/fr\/actualite\/national\/tunisie-17-ministres-limoges-par-kais-saied-depuis-le-25-juillet-2021\/212926\/\" \/>\n<meta property=\"og:site_name\" content=\"webdo\" \/>\n<meta property=\"article:publisher\" content=\"https:\/\/www.facebook.com\/webdotn\" \/>\n<meta property=\"article:published_time\" content=\"2024-03-13T11:24:00+00:00\" \/>\n<meta property=\"article:modified_time\" content=\"2025-05-20T21:52:14+00:00\" \/>\n<meta property=\"og:image\" content=\"https:\/\/www.webdo.tn\/fr\/wp-content\/uploads\/2024\/03\/057d95bb15a3345a865e66df3964b4ae.jpg\" \/>\n\t<meta property=\"og:image:width\" content=\"750\" \/>\n\t<meta property=\"og:image:height\" content=\"400\" \/>\n\t<meta property=\"og:image:type\" content=\"image\/jpeg\" \/>\n<meta name=\"author\" content=\"MC\" \/>\n<meta name=\"twitter:card\" content=\"summary_large_image\" \/>\n<meta name=\"twitter:creator\" content=\"@webdo_tn\" \/>\n<meta name=\"twitter:site\" content=\"@webdo_tn\" \/>\n<meta name=\"twitter:label1\" content=\"\u00c9crit par\" \/>\n\t<meta name=\"twitter:data1\" content=\"MC\" \/>\n\t<meta name=\"twitter:label2\" content=\"Dur\u00e9e de lecture estim\u00e9e\" \/>\n\t<meta name=\"twitter:data2\" content=\"2 minutes\" \/>\n<script type=\"application\/ld+json\" class=\"yoast-schema-graph\">{\"@context\":\"https:\\\/\\\/schema.org\",\"@graph\":[{\"@type\":\"NewsArticle\",\"@id\":\"https:\\\/\\\/www.webdo.tn\\\/fr\\\/actualite\\\/national\\\/tunisie-17-ministres-limoges-par-kais-saied-depuis-le-25-juillet-2021\\\/212926\\\/#article\",\"isPartOf\":{\"@id\":\"https:\\\/\\\/www.webdo.tn\\\/fr\\\/actualite\\\/national\\\/tunisie-17-ministres-limoges-par-kais-saied-depuis-le-25-juillet-2021\\\/212926\\\/\"},\"author\":{\"name\":\"MC\",\"@id\":\"https:\\\/\\\/www.webdo.tn\\\/fr\\\/#\\\/schema\\\/person\\\/2c4929cbf5a809e3bd38617c6ce150f6\"},\"headline\":\"Tunisie : 17 ministres limog\u00e9s par Kais Saied depuis le 25 juillet 2021\",\"datePublished\":\"2024-03-13T11:24:00+00:00\",\"dateModified\":\"2025-05-20T21:52:14+00:00\",\"mainEntityOfPage\":{\"@id\":\"https:\\\/\\\/www.webdo.tn\\\/fr\\\/actualite\\\/national\\\/tunisie-17-ministres-limoges-par-kais-saied-depuis-le-25-juillet-2021\\\/212926\\\/\"},\"wordCount\":447,\"commentCount\":0,\"publisher\":{\"@id\":\"https:\\\/\\\/www.webdo.tn\\\/fr\\\/#organization\"},\"image\":{\"@id\":\"https:\\\/\\\/www.webdo.tn\\\/fr\\\/actualite\\\/national\\\/tunisie-17-ministres-limoges-par-kais-saied-depuis-le-25-juillet-2021\\\/212926\\\/#primaryimage\"},\"thumbnailUrl\":\"https:\\\/\\\/www.webdo.tn\\\/fr\\\/wp-content\\\/uploads\\\/2024\\\/03\\\/057d95bb15a3345a865e66df3964b4ae.jpg\",\"keywords\":[\"culture\",\"gouvernement\",\"Kais Saied\",\"Limogeage\",\"ministres\",\"remaniement\",\"Transport\",\"Tunisie\"],\"articleSection\":[\"National\"],\"inLanguage\":\"fr-FR\"},{\"@type\":\"WebPage\",\"@id\":\"https:\\\/\\\/www.webdo.tn\\\/fr\\\/actualite\\\/national\\\/tunisie-17-ministres-limoges-par-kais-saied-depuis-le-25-juillet-2021\\\/212926\\\/\",\"url\":\"https:\\\/\\\/www.webdo.tn\\\/fr\\\/actualite\\\/national\\\/tunisie-17-ministres-limoges-par-kais-saied-depuis-le-25-juillet-2021\\\/212926\\\/\",\"name\":\"Tunisie : 17 ministres limog\u00e9s par Kais Saied depuis le 25 juillet 2021\",\"isPartOf\":{\"@id\":\"https:\\\/\\\/www.webdo.tn\\\/fr\\\/#website\"},\"primaryImageOfPage\":{\"@id\":\"https:\\\/\\\/www.webdo.tn\\\/fr\\\/actualite\\\/national\\\/tunisie-17-ministres-limoges-par-kais-saied-depuis-le-25-juillet-2021\\\/212926\\\/#primaryimage\"},\"image\":{\"@id\":\"https:\\\/\\\/www.webdo.tn\\\/fr\\\/actualite\\\/national\\\/tunisie-17-ministres-limoges-par-kais-saied-depuis-le-25-juillet-2021\\\/212926\\\/#primaryimage\"},\"thumbnailUrl\":\"https:\\\/\\\/www.webdo.tn\\\/fr\\\/wp-content\\\/uploads\\\/2024\\\/03\\\/057d95bb15a3345a865e66df3964b4ae.jpg\",\"datePublished\":\"2024-03-13T11:24:00+00:00\",\"dateModified\":\"2025-05-20T21:52:14+00:00\",\"description\":\"Hier, mardi 12 mars 2024, le Chef de l\u2019Etat Kais Saied a proc\u00e9d\u00e9 \u00e0 un remaniement minist\u00e9riel partiel en limogeant deux ministres, celui des Transports et la mi...\",\"breadcrumb\":{\"@id\":\"https:\\\/\\\/www.webdo.tn\\\/fr\\\/actualite\\\/national\\\/tunisie-17-ministres-limoges-par-kais-saied-depuis-le-25-juillet-2021\\\/212926\\\/#breadcrumb\"},\"inLanguage\":\"fr-FR\",\"potentialAction\":[{\"@type\":\"ReadAction\",\"target\":[\"https:\\\/\\\/www.webdo.tn\\\/fr\\\/actualite\\\/national\\\/tunisie-17-ministres-limoges-par-kais-saied-depuis-le-25-juillet-2021\\\/212926\\\/\"]}]},{\"@type\":\"ImageObject\",\"inLanguage\":\"fr-FR\",\"@id\":\"https:\\\/\\\/www.webdo.tn\\\/fr\\\/actualite\\\/national\\\/tunisie-17-ministres-limoges-par-kais-saied-depuis-le-25-juillet-2021\\\/212926\\\/#primaryimage\",\"url\":\"https:\\\/\\\/www.webdo.tn\\\/fr\\\/wp-content\\\/uploads\\\/2024\\\/03\\\/057d95bb15a3345a865e66df3964b4ae.jpg\",\"contentUrl\":\"https:\\\/\\\/www.webdo.tn\\\/fr\\\/wp-content\\\/uploads\\\/2024\\\/03\\\/057d95bb15a3345a865e66df3964b4ae.jpg\",\"width\":750,\"height\":400,\"caption\":\"Tunisie : 17 ministres limog\u00e9s par Kais Saied depuis le 25 juillet 2021\"},{\"@type\":\"BreadcrumbList\",\"@id\":\"https:\\\/\\\/www.webdo.tn\\\/fr\\\/actualite\\\/national\\\/tunisie-17-ministres-limoges-par-kais-saied-depuis-le-25-juillet-2021\\\/212926\\\/#breadcrumb\",\"itemListElement\":[{\"@type\":\"ListItem\",\"position\":1,\"name\":\"Accueil\",\"item\":\"https:\\\/\\\/www.webdo.tn\\\/fr\\\/\"},{\"@type\":\"ListItem\",\"position\":2,\"name\":\"Tunisie : 17 ministres limog\u00e9s par Kais Saied depuis le 25 juillet 2021\"}]},{\"@type\":\"WebSite\",\"@id\":\"https:\\\/\\\/www.webdo.tn\\\/fr\\\/#website\",\"url\":\"https:\\\/\\\/www.webdo.tn\\\/fr\\\/\",\"name\":\"webdo\",\"description\":\"Tunisie - News en Tunisie et \u00e0 l&#039;international sur Webdo.tn\",\"publisher\":{\"@id\":\"https:\\\/\\\/www.webdo.tn\\\/fr\\\/#organization\"},\"potentialAction\":[{\"@type\":\"SearchAction\",\"target\":{\"@type\":\"EntryPoint\",\"urlTemplate\":\"https:\\\/\\\/www.webdo.tn\\\/fr\\\/?s={search_term_string}\"},\"query-input\":{\"@type\":\"PropertyValueSpecification\",\"valueRequired\":true,\"valueName\":\"search_term_string\"}}],\"inLanguage\":\"fr-FR\"},{\"@type\":\"Organization\",\"@id\":\"https:\\\/\\\/www.webdo.tn\\\/fr\\\/#organization\",\"name\":\"Webdo\",\"alternateName\":\"Webdo.tn\",\"url\":\"https:\\\/\\\/www.webdo.tn\\\/fr\\\/\",\"logo\":{\"@type\":\"ImageObject\",\"inLanguage\":\"fr-FR\",\"@id\":\"https:\\\/\\\/www.webdo.tn\\\/fr\\\/#\\\/schema\\\/logo\\\/image\\\/\",\"url\":\"https:\\\/\\\/www.webdo.tn\\\/fr\\\/wp-content\\\/uploads\\\/2025\\\/06\\\/Webdo-Tunisie_168377.jpg\",\"contentUrl\":\"https:\\\/\\\/www.webdo.tn\\\/fr\\\/wp-content\\\/uploads\\\/2025\\\/06\\\/Webdo-Tunisie_168377.jpg\",\"width\":301,\"height\":301,\"caption\":\"Webdo\"},\"image\":{\"@id\":\"https:\\\/\\\/www.webdo.tn\\\/fr\\\/#\\\/schema\\\/logo\\\/image\\\/\"},\"sameAs\":[\"https:\\\/\\\/www.facebook.com\\\/webdotn\",\"https:\\\/\\\/x.com\\\/webdo_tn\"],\"description\":\"Webdo est un m\u00e9dia num\u00e9rique tunisien fond\u00e9 en 2010, sp\u00e9cialis\u00e9 dans l\u2019actualit\u00e9 nationale et internationale, l\u2019\u00e9conomie, la soci\u00e9t\u00e9 et les analyses politiques. Le site s\u2019adresse \u00e0 un large public francophone et couvre l\u2019information tunisienne en temps r\u00e9el.\",\"email\":\"redac@webdo.tn\",\"legalName\":\"YNJ SARL\",\"foundingDate\":\"2010-09-06\",\"numberOfEmployees\":{\"@type\":\"QuantitativeValue\",\"minValue\":\"11\",\"maxValue\":\"50\"}},{\"@type\":\"Person\",\"@id\":\"https:\\\/\\\/www.webdo.tn\\\/fr\\\/#\\\/schema\\\/person\\\/2c4929cbf5a809e3bd38617c6ce150f6\",\"name\":\"MC\",\"image\":{\"@type\":\"ImageObject\",\"inLanguage\":\"fr-FR\",\"@id\":\"https:\\\/\\\/secure.gravatar.com\\\/avatar\\\/a545bbb6f84efdd5553dbbc2895e3ca8f1d12c5215e00a041c9670b54aa9b18a?s=96&d=mm&r=g\",\"url\":\"https:\\\/\\\/secure.gravatar.com\\\/avatar\\\/a545bbb6f84efdd5553dbbc2895e3ca8f1d12c5215e00a041c9670b54aa9b18a?s=96&d=mm&r=g\",\"contentUrl\":\"https:\\\/\\\/secure.gravatar.com\\\/avatar\\\/a545bbb6f84efdd5553dbbc2895e3ca8f1d12c5215e00a041c9670b54aa9b18a?s=96&d=mm&r=g\",\"caption\":\"MC\"},\"url\":\"https:\\\/\\\/www.webdo.tn\\\/fr\\\/actualite\\\/author\\\/mc\\\/\"}]}<\/script>\n<!-- \/ Yoast SEO Premium plugin. -->","yoast_head_json":{"title":"Tunisie : 17 ministres limog\u00e9s par Kais Saied depuis le 25 juillet 2021","description":"Hier, mardi 12 mars 2024, le Chef de l\u2019Etat Kais Saied a proc\u00e9d\u00e9 \u00e0 un remaniement minist\u00e9riel partiel en limogeant deux ministres, celui des Transports et la mi...","canonical":"https:\/\/www.webdo.tn\/fr\/actualite\/national\/tunisie-17-ministres-limoges-par-kais-saied-depuis-le-25-juillet-2021\/212926\/","og_locale":"fr_FR","og_type":"article","og_title":"Tunisie : 17 ministres limog\u00e9s par Kais Saied depuis le 25 juillet 2021","og_description":"Hier, mardi 12 mars 2024, le Chef de l\u2019Etat Kais Saied a proc\u00e9d\u00e9 \u00e0 un remaniement minist\u00e9riel partiel en limogeant deux ministres, celui des Transports et la mi...","og_url":"https:\/\/www.webdo.tn\/fr\/actualite\/national\/tunisie-17-ministres-limoges-par-kais-saied-depuis-le-25-juillet-2021\/212926\/","og_site_name":"webdo","article_publisher":"https:\/\/www.facebook.com\/webdotn","article_published_time":"2024-03-13T11:24:00+00:00","article_modified_time":"2025-05-20T21:52:14+00:00","og_image":[{"width":750,"height":400,"url":"https:\/\/www.webdo.tn\/fr\/wp-content\/uploads\/2024\/03\/057d95bb15a3345a865e66df3964b4ae.jpg","type":"image\/jpeg"}],"author":"MC","twitter_card":"summary_large_image","twitter_creator":"@webdo_tn","twitter_site":"@webdo_tn","twitter_misc":{"\u00c9crit par":"MC","Dur\u00e9e de lecture estim\u00e9e":"2 minutes"},"schema":{"@context":"https:\/\/schema.org","@graph":[{"@type":"NewsArticle","@id":"https:\/\/www.webdo.tn\/fr\/actualite\/national\/tunisie-17-ministres-limoges-par-kais-saied-depuis-le-25-juillet-2021\/212926\/#article","isPartOf":{"@id":"https:\/\/www.webdo.tn\/fr\/actualite\/national\/tunisie-17-ministres-limoges-par-kais-saied-depuis-le-25-juillet-2021\/212926\/"},"author":{"name":"MC","@id":"https:\/\/www.webdo.tn\/fr\/#\/schema\/person\/2c4929cbf5a809e3bd38617c6ce150f6"},"headline":"Tunisie : 17 ministres limog\u00e9s par Kais Saied depuis le 25 juillet 2021","datePublished":"2024-03-13T11:24:00+00:00","dateModified":"2025-05-20T21:52:14+00:00","mainEntityOfPage":{"@id":"https:\/\/www.webdo.tn\/fr\/actualite\/national\/tunisie-17-ministres-limoges-par-kais-saied-depuis-le-25-juillet-2021\/212926\/"},"wordCount":447,"commentCount":0,"publisher":{"@id":"https:\/\/www.webdo.tn\/fr\/#organization"},"image":{"@id":"https:\/\/www.webdo.tn\/fr\/actualite\/national\/tunisie-17-ministres-limoges-par-kais-saied-depuis-le-25-juillet-2021\/212926\/#primaryimage"},"thumbnailUrl":"https:\/\/www.webdo.tn\/fr\/wp-content\/uploads\/2024\/03\/057d95bb15a3345a865e66df3964b4ae.jpg","keywords":["culture","gouvernement","Kais Saied","Limogeage","ministres","remaniement","Transport","Tunisie"],"articleSection":["National"],"inLanguage":"fr-FR"},{"@type":"WebPage","@id":"https:\/\/www.webdo.tn\/fr\/actualite\/national\/tunisie-17-ministres-limoges-par-kais-saied-depuis-le-25-juillet-2021\/212926\/","url":"https:\/\/www.webdo.tn\/fr\/actualite\/national\/tunisie-17-ministres-limoges-par-kais-saied-depuis-le-25-juillet-2021\/212926\/","name":"Tunisie : 17 ministres limog\u00e9s par Kais Saied depuis le 25 juillet 2021","isPartOf":{"@id":"https:\/\/www.webdo.tn\/fr\/#website"},"primaryImageOfPage":{"@id":"https:\/\/www.webdo.tn\/fr\/actualite\/national\/tunisie-17-ministres-limoges-par-kais-saied-depuis-le-25-juillet-2021\/212926\/#primaryimage"},"image":{"@id":"https:\/\/www.webdo.tn\/fr\/actualite\/national\/tunisie-17-ministres-limoges-par-kais-saied-depuis-le-25-juillet-2021\/212926\/#primaryimage"},"thumbnailUrl":"https:\/\/www.webdo.tn\/fr\/wp-content\/uploads\/2024\/03\/057d95bb15a3345a865e66df3964b4ae.jpg","datePublished":"2024-03-13T11:24:00+00:00","dateModified":"2025-05-20T21:52:14+00:00","description":"Hier, mardi 12 mars 2024, le Chef de l\u2019Etat Kais Saied a proc\u00e9d\u00e9 \u00e0 un remaniement minist\u00e9riel partiel en limogeant deux ministres, celui des Transports et la mi...","breadcrumb":{"@id":"https:\/\/www.webdo.tn\/fr\/actualite\/national\/tunisie-17-ministres-limoges-par-kais-saied-depuis-le-25-juillet-2021\/212926\/#breadcrumb"},"inLanguage":"fr-FR","potentialAction":[{"@type":"ReadAction","target":["https:\/\/www.webdo.tn\/fr\/actualite\/national\/tunisie-17-ministres-limoges-par-kais-saied-depuis-le-25-juillet-2021\/212926\/"]}]},{"@type":"ImageObject","inLanguage":"fr-FR","@id":"https:\/\/www.webdo.tn\/fr\/actualite\/national\/tunisie-17-ministres-limoges-par-kais-saied-depuis-le-25-juillet-2021\/212926\/#primaryimage","url":"https:\/\/www.webdo.tn\/fr\/wp-content\/uploads\/2024\/03\/057d95bb15a3345a865e66df3964b4ae.jpg","contentUrl":"https:\/\/www.webdo.tn\/fr\/wp-content\/uploads\/2024\/03\/057d95bb15a3345a865e66df3964b4ae.jpg","width":750,"height":400,"caption":"Tunisie : 17 ministres limog\u00e9s par Kais Saied depuis le 25 juillet 2021"},{"@type":"BreadcrumbList","@id":"https:\/\/www.webdo.tn\/fr\/actualite\/national\/tunisie-17-ministres-limoges-par-kais-saied-depuis-le-25-juillet-2021\/212926\/#breadcrumb","itemListElement":[{"@type":"ListItem","position":1,"name":"Accueil","item":"https:\/\/www.webdo.tn\/fr\/"},{"@type":"ListItem","position":2,"name":"Tunisie : 17 ministres limog\u00e9s par Kais Saied depuis le 25 juillet 2021"}]},{"@type":"WebSite","@id":"https:\/\/www.webdo.tn\/fr\/#website","url":"https:\/\/www.webdo.tn\/fr\/","name":"webdo","description":"Tunisie - News en Tunisie et \u00e0 l&#039;international sur Webdo.tn","publisher":{"@id":"https:\/\/www.webdo.tn\/fr\/#organization"},"potentialAction":[{"@type":"SearchAction","target":{"@type":"EntryPoint","urlTemplate":"https:\/\/www.webdo.tn\/fr\/?s={search_term_string}"},"query-input":{"@type":"PropertyValueSpecification","valueRequired":true,"valueName":"search_term_string"}}],"inLanguage":"fr-FR"},{"@type":"Organization","@id":"https:\/\/www.webdo.tn\/fr\/#organization","name":"Webdo","alternateName":"Webdo.tn","url":"https:\/\/www.webdo.tn\/fr\/","logo":{"@type":"ImageObject","inLanguage":"fr-FR","@id":"https:\/\/www.webdo.tn\/fr\/#\/schema\/logo\/image\/","url":"https:\/\/www.webdo.tn\/fr\/wp-content\/uploads\/2025\/06\/Webdo-Tunisie_168377.jpg","contentUrl":"https:\/\/www.webdo.tn\/fr\/wp-content\/uploads\/2025\/06\/Webdo-Tunisie_168377.jpg","width":301,"height":301,"caption":"Webdo"},"image":{"@id":"https:\/\/www.webdo.tn\/fr\/#\/schema\/logo\/image\/"},"sameAs":["https:\/\/www.facebook.com\/webdotn","https:\/\/x.com\/webdo_tn"],"description":"Webdo est un m\u00e9dia num\u00e9rique tunisien fond\u00e9 en 2010, sp\u00e9cialis\u00e9 dans l\u2019actualit\u00e9 nationale et internationale, l\u2019\u00e9conomie, la soci\u00e9t\u00e9 et les analyses politiques. Le site s\u2019adresse \u00e0 un large public francophone et couvre l\u2019information tunisienne en temps r\u00e9el.","email":"redac@webdo.tn","legalName":"YNJ SARL","foundingDate":"2010-09-06","numberOfEmployees":{"@type":"QuantitativeValue","minValue":"11","maxValue":"50"}},{"@type":"Person","@id":"https:\/\/www.webdo.tn\/fr\/#\/schema\/person\/2c4929cbf5a809e3bd38617c6ce150f6","name":"MC","image":{"@type":"ImageObject","inLanguage":"fr-FR","@id":"https:\/\/secure.gravatar.com\/avatar\/a545bbb6f84efdd5553dbbc2895e3ca8f1d12c5215e00a041c9670b54aa9b18a?s=96&d=mm&r=g","url":"https:\/\/secure.gravatar.com\/avatar\/a545bbb6f84efdd5553dbbc2895e3ca8f1d12c5215e00a041c9670b54aa9b18a?s=96&d=mm&r=g","contentUrl":"https:\/\/secure.gravatar.com\/avatar\/a545bbb6f84efdd5553dbbc2895e3ca8f1d12c5215e00a041c9670b54aa9b18a?s=96&d=mm&r=g","caption":"MC"},"url":"https:\/\/www.webdo.tn\/fr\/actualite\/author\/mc\/"}]}},"_links":{"self":[{"href":"https:\/\/www.webdo.tn\/fr\/wp-json\/wp\/v2\/posts\/212926","targetHints":{"allow":["GET"]}}],"collection":[{"href":"https:\/\/www.webdo.tn\/fr\/wp-json\/wp\/v2\/posts"}],"about":[{"href":"https:\/\/www.webdo.tn\/fr\/wp-json\/wp\/v2\/types\/post"}],"author":[{"embeddable":true,"href":"https:\/\/www.webdo.tn\/fr\/wp-json\/wp\/v2\/users\/3162"}],"replies":[{"embeddable":true,"href":"https:\/\/www.webdo.tn\/fr\/wp-json\/wp\/v2\/comments?post=212926"}],"version-history":[{"count":0,"href":"https:\/\/www.webdo.tn\/fr\/wp-json\/wp\/v2\/posts\/212926\/revisions"}],"wp:featuredmedia":[{"embeddable":true,"href":"https:\/\/www.webdo.tn\/fr\/wp-json\/wp\/v2\/media\/247798"}],"wp:attachment":[{"href":"https:\/\/www.webdo.tn\/fr\/wp-json\/wp\/v2\/media?parent=212926"}],"wp:term":[{"taxonomy":"category","embeddable":true,"href":"https:\/\/www.webdo.tn\/fr\/wp-json\/wp\/v2\/categories?post=212926"},{"taxonomy":"post_tag","embeddable":true,"href":"https:\/\/www.webdo.tn\/fr\/wp-json\/wp\/v2\/tags?post=212926"}],"curies":[{"name":"wp","href":"https:\/\/api.w.org\/{rel}","templated":true}]}}