{"id":212903,"date":"2024-03-12T12:52:00","date_gmt":"2024-03-12T12:52:00","guid":{"rendered":"https:\/\/www.webdo.tn\/fr\/blog\/printemps-2024-l-ambassade-d-autriche-anime-la-scene-culturelle-tunisienne\/212903\/"},"modified":"2025-05-20T22:12:22","modified_gmt":"2025-05-20T22:12:22","slug":"printemps-2024-l-ambassade-d-autriche-anime-la-scene-culturelle-tunisienne","status":"publish","type":"post","link":"https:\/\/www.webdo.tn\/fr\/actualite\/culture\/printemps-2024-l-ambassade-d-autriche-anime-la-scene-culturelle-tunisienne\/212903\/","title":{"rendered":"Printemps 2024 : L&rsquo;Ambassade d&rsquo;Autriche anime la sc\u00e8ne culturelle tunisienne"},"content":{"rendered":"<p>L&rsquo;Ambassade d&rsquo;Autriche en Tunisie pr\u00e9pare une s\u00e9rie d&rsquo;\u00e9v\u00e9nements culturels captivants pour le printemps 2024, visant \u00e0 dynamiser la sc\u00e8ne culturelle locale tout en renfor\u00e7ant les liens entre les communaut\u00e9s autrichiennes et tunisiennes.<\/p>\n<p>\t\t\t\t\t\t\t\t\tApr\u00e8s les festivit\u00e9s de l&rsquo;A\u00efd, l&rsquo;Ambassade annonce avec enthousiasme la reprise de sa programmation culturelle, promettant une s\u00e9rie d&rsquo;\u00e9v\u00e9nements stimulants pour tous les amateurs de culture.<\/p>\n<p>Le mois de mars s&rsquo;annonce particuli\u00e8rement anim\u00e9 avec le d\u00e9but du Mois de la Francophonie le 20 mars. Au programme, une semaine d\u00e9di\u00e9e au cin\u00e9ma francophone, mettant en lumi\u00e8re des chefs-d&rsquo;\u0153uvre cin\u00e9matographiques.<\/p>\n<p>A ne pas manquer, la projection du film \u00ab\u00a0Elfriede Jelinek &#8211; Language Unleashed\u00a0\u00bb, offrant une occasion de c\u00e9l\u00e9brer la richesse de la langue et de la culture francophone.<\/p>\n<p>En mai, les m\u00e9lomanes auront l&rsquo;occasion de plonger dans l&rsquo;univers envo\u00fbtant du Siccajazz, festival annuel pr\u00e9vu \u00e0 El Kef du 1er au 4 mai.<\/p>\n<p>Cet \u00e9v\u00e9nement promet une fusion enivrante de jazz et de musiques du monde, avec la participation de talents autrichiens de renom tels que le trio KRY et le saxophoniste Max the Sax.<\/p>\n","protected":false},"excerpt":{"rendered":"<p>Apr\u00e8s les festivit\u00e9s de l&rsquo;A\u00efd, l&rsquo;Ambassade annonce avec enthousiasme la reprise de sa programmation culturelle, promettant une s\u00e9rie d&rsquo;\u00e9v\u00e9nements stimulants pou&#8230;<\/p>\n","protected":false},"author":3162,"featured_media":290338,"comment_status":"open","ping_status":"closed","sticky":false,"template":"","format":"standard","meta":{"footnotes":""},"categories":[2594],"tags":[10047,5568,4286,2608],"class_list":["post-212903","post","type-post","status-publish","format-standard","has-post-thumbnail","hentry","category-culture","tag-programmation-culturelle","tag-ambassade","tag-autriche","tag-tunisie"],"yoast_head":"<!-- This site is optimized with the Yoast SEO Premium plugin v27.5 (Yoast SEO v27.5) - https:\/\/yoast.com\/product\/yoast-seo-premium-wordpress\/ -->\n<title>Printemps 2024 : L&#039;Ambassade d&#039;Autriche anime la sc\u00e8ne culturelle tunisienne<\/title>\n<meta name=\"description\" content=\"Apr\u00e8s les festivit\u00e9s de l&#039;A\u00efd, l&#039;Ambassade annonce avec enthousiasme la reprise de sa programmation culturelle, promettant une s\u00e9rie d&#039;\u00e9v\u00e9nements stimulants pou...\" \/>\n<link rel=\"canonical\" href=\"https:\/\/www.webdo.tn\/fr\/actualite\/culture\/printemps-2024-l-ambassade-d-autriche-anime-la-scene-culturelle-tunisienne\/212903\/\" \/>\n<meta property=\"og:locale\" content=\"fr_FR\" \/>\n<meta property=\"og:type\" content=\"article\" \/>\n<meta property=\"og:title\" content=\"Printemps 2024 : L&#039;Ambassade d&#039;Autriche anime la sc\u00e8ne culturelle tunisienne\" \/>\n<meta property=\"og:description\" content=\"Apr\u00e8s les festivit\u00e9s de l&#039;A\u00efd, l&#039;Ambassade annonce avec enthousiasme la reprise de sa programmation culturelle, promettant une s\u00e9rie d&#039;\u00e9v\u00e9nements stimulants pou...\" \/>\n<meta property=\"og:url\" content=\"https:\/\/www.webdo.tn\/fr\/actualite\/culture\/printemps-2024-l-ambassade-d-autriche-anime-la-scene-culturelle-tunisienne\/212903\/\" \/>\n<meta property=\"og:site_name\" content=\"webdo\" \/>\n<meta property=\"article:publisher\" content=\"https:\/\/www.facebook.com\/webdotn\" \/>\n<meta property=\"article:published_time\" content=\"2024-03-12T12:52:00+00:00\" \/>\n<meta property=\"article:modified_time\" content=\"2025-05-20T22:12:22+00:00\" \/>\n<meta property=\"og:image\" content=\"https:\/\/www.webdo.tn\/fr\/wp-content\/uploads\/2024\/03\/715d4c3580f4373f33616814161ed2d6.jpg\" \/>\n\t<meta property=\"og:image:width\" content=\"716\" \/>\n\t<meta property=\"og:image:height\" content=\"382\" \/>\n\t<meta property=\"og:image:type\" content=\"image\/jpeg\" \/>\n<meta name=\"author\" content=\"MC\" \/>\n<meta name=\"twitter:card\" content=\"summary_large_image\" \/>\n<meta name=\"twitter:creator\" content=\"@webdo_tn\" \/>\n<meta name=\"twitter:site\" content=\"@webdo_tn\" \/>\n<meta name=\"twitter:label1\" content=\"\u00c9crit par\" \/>\n\t<meta name=\"twitter:data1\" content=\"MC\" \/>\n\t<meta name=\"twitter:label2\" content=\"Dur\u00e9e de lecture estim\u00e9e\" \/>\n\t<meta name=\"twitter:data2\" content=\"1 minute\" \/>\n<script type=\"application\/ld+json\" class=\"yoast-schema-graph\">{\"@context\":\"https:\\\/\\\/schema.org\",\"@graph\":[{\"@type\":\"NewsArticle\",\"@id\":\"https:\\\/\\\/www.webdo.tn\\\/fr\\\/actualite\\\/culture\\\/printemps-2024-l-ambassade-d-autriche-anime-la-scene-culturelle-tunisienne\\\/212903\\\/#article\",\"isPartOf\":{\"@id\":\"https:\\\/\\\/www.webdo.tn\\\/fr\\\/actualite\\\/culture\\\/printemps-2024-l-ambassade-d-autriche-anime-la-scene-culturelle-tunisienne\\\/212903\\\/\"},\"author\":{\"name\":\"MC\",\"@id\":\"https:\\\/\\\/www.webdo.tn\\\/fr\\\/#\\\/schema\\\/person\\\/2c4929cbf5a809e3bd38617c6ce150f6\"},\"headline\":\"Printemps 2024 : L&rsquo;Ambassade d&rsquo;Autriche anime la sc\u00e8ne culturelle tunisienne\",\"datePublished\":\"2024-03-12T12:52:00+00:00\",\"dateModified\":\"2025-05-20T22:12:22+00:00\",\"mainEntityOfPage\":{\"@id\":\"https:\\\/\\\/www.webdo.tn\\\/fr\\\/actualite\\\/culture\\\/printemps-2024-l-ambassade-d-autriche-anime-la-scene-culturelle-tunisienne\\\/212903\\\/\"},\"wordCount\":214,\"commentCount\":0,\"publisher\":{\"@id\":\"https:\\\/\\\/www.webdo.tn\\\/fr\\\/#organization\"},\"image\":{\"@id\":\"https:\\\/\\\/www.webdo.tn\\\/fr\\\/actualite\\\/culture\\\/printemps-2024-l-ambassade-d-autriche-anime-la-scene-culturelle-tunisienne\\\/212903\\\/#primaryimage\"},\"thumbnailUrl\":\"https:\\\/\\\/www.webdo.tn\\\/fr\\\/wp-content\\\/uploads\\\/2024\\\/03\\\/715d4c3580f4373f33616814161ed2d6.jpg\",\"keywords\":[\"'programmation culturelle']\",\"ambassade\",\"Autriche\",\"Tunisie\"],\"articleSection\":[\"Culture\"],\"inLanguage\":\"fr-FR\"},{\"@type\":\"WebPage\",\"@id\":\"https:\\\/\\\/www.webdo.tn\\\/fr\\\/actualite\\\/culture\\\/printemps-2024-l-ambassade-d-autriche-anime-la-scene-culturelle-tunisienne\\\/212903\\\/\",\"url\":\"https:\\\/\\\/www.webdo.tn\\\/fr\\\/actualite\\\/culture\\\/printemps-2024-l-ambassade-d-autriche-anime-la-scene-culturelle-tunisienne\\\/212903\\\/\",\"name\":\"Printemps 2024 : L'Ambassade d'Autriche anime la sc\u00e8ne culturelle tunisienne\",\"isPartOf\":{\"@id\":\"https:\\\/\\\/www.webdo.tn\\\/fr\\\/#website\"},\"primaryImageOfPage\":{\"@id\":\"https:\\\/\\\/www.webdo.tn\\\/fr\\\/actualite\\\/culture\\\/printemps-2024-l-ambassade-d-autriche-anime-la-scene-culturelle-tunisienne\\\/212903\\\/#primaryimage\"},\"image\":{\"@id\":\"https:\\\/\\\/www.webdo.tn\\\/fr\\\/actualite\\\/culture\\\/printemps-2024-l-ambassade-d-autriche-anime-la-scene-culturelle-tunisienne\\\/212903\\\/#primaryimage\"},\"thumbnailUrl\":\"https:\\\/\\\/www.webdo.tn\\\/fr\\\/wp-content\\\/uploads\\\/2024\\\/03\\\/715d4c3580f4373f33616814161ed2d6.jpg\",\"datePublished\":\"2024-03-12T12:52:00+00:00\",\"dateModified\":\"2025-05-20T22:12:22+00:00\",\"description\":\"Apr\u00e8s les festivit\u00e9s de l'A\u00efd, l'Ambassade annonce avec enthousiasme la reprise de sa programmation culturelle, promettant une s\u00e9rie d'\u00e9v\u00e9nements stimulants pou...\",\"breadcrumb\":{\"@id\":\"https:\\\/\\\/www.webdo.tn\\\/fr\\\/actualite\\\/culture\\\/printemps-2024-l-ambassade-d-autriche-anime-la-scene-culturelle-tunisienne\\\/212903\\\/#breadcrumb\"},\"inLanguage\":\"fr-FR\",\"potentialAction\":[{\"@type\":\"ReadAction\",\"target\":[\"https:\\\/\\\/www.webdo.tn\\\/fr\\\/actualite\\\/culture\\\/printemps-2024-l-ambassade-d-autriche-anime-la-scene-culturelle-tunisienne\\\/212903\\\/\"]}]},{\"@type\":\"ImageObject\",\"inLanguage\":\"fr-FR\",\"@id\":\"https:\\\/\\\/www.webdo.tn\\\/fr\\\/actualite\\\/culture\\\/printemps-2024-l-ambassade-d-autriche-anime-la-scene-culturelle-tunisienne\\\/212903\\\/#primaryimage\",\"url\":\"https:\\\/\\\/www.webdo.tn\\\/fr\\\/wp-content\\\/uploads\\\/2024\\\/03\\\/715d4c3580f4373f33616814161ed2d6.jpg\",\"contentUrl\":\"https:\\\/\\\/www.webdo.tn\\\/fr\\\/wp-content\\\/uploads\\\/2024\\\/03\\\/715d4c3580f4373f33616814161ed2d6.jpg\",\"width\":716,\"height\":382,\"caption\":\"Printemps 2024 : L'Ambassade d'Autriche anime la sc\u00e8ne culturelle tunisienne\"},{\"@type\":\"BreadcrumbList\",\"@id\":\"https:\\\/\\\/www.webdo.tn\\\/fr\\\/actualite\\\/culture\\\/printemps-2024-l-ambassade-d-autriche-anime-la-scene-culturelle-tunisienne\\\/212903\\\/#breadcrumb\",\"itemListElement\":[{\"@type\":\"ListItem\",\"position\":1,\"name\":\"Accueil\",\"item\":\"https:\\\/\\\/www.webdo.tn\\\/fr\\\/\"},{\"@type\":\"ListItem\",\"position\":2,\"name\":\"Printemps 2024 : L&rsquo;Ambassade d&rsquo;Autriche anime la sc\u00e8ne culturelle tunisienne\"}]},{\"@type\":\"WebSite\",\"@id\":\"https:\\\/\\\/www.webdo.tn\\\/fr\\\/#website\",\"url\":\"https:\\\/\\\/www.webdo.tn\\\/fr\\\/\",\"name\":\"webdo\",\"description\":\"Tunisie - News en Tunisie et \u00e0 l&#039;international sur Webdo.tn\",\"publisher\":{\"@id\":\"https:\\\/\\\/www.webdo.tn\\\/fr\\\/#organization\"},\"potentialAction\":[{\"@type\":\"SearchAction\",\"target\":{\"@type\":\"EntryPoint\",\"urlTemplate\":\"https:\\\/\\\/www.webdo.tn\\\/fr\\\/?s={search_term_string}\"},\"query-input\":{\"@type\":\"PropertyValueSpecification\",\"valueRequired\":true,\"valueName\":\"search_term_string\"}}],\"inLanguage\":\"fr-FR\"},{\"@type\":\"Organization\",\"@id\":\"https:\\\/\\\/www.webdo.tn\\\/fr\\\/#organization\",\"name\":\"Webdo\",\"alternateName\":\"Webdo.tn\",\"url\":\"https:\\\/\\\/www.webdo.tn\\\/fr\\\/\",\"logo\":{\"@type\":\"ImageObject\",\"inLanguage\":\"fr-FR\",\"@id\":\"https:\\\/\\\/www.webdo.tn\\\/fr\\\/#\\\/schema\\\/logo\\\/image\\\/\",\"url\":\"https:\\\/\\\/www.webdo.tn\\\/fr\\\/wp-content\\\/uploads\\\/2025\\\/06\\\/Webdo-Tunisie_168377.jpg\",\"contentUrl\":\"https:\\\/\\\/www.webdo.tn\\\/fr\\\/wp-content\\\/uploads\\\/2025\\\/06\\\/Webdo-Tunisie_168377.jpg\",\"width\":301,\"height\":301,\"caption\":\"Webdo\"},\"image\":{\"@id\":\"https:\\\/\\\/www.webdo.tn\\\/fr\\\/#\\\/schema\\\/logo\\\/image\\\/\"},\"sameAs\":[\"https:\\\/\\\/www.facebook.com\\\/webdotn\",\"https:\\\/\\\/x.com\\\/webdo_tn\"],\"description\":\"Webdo est un m\u00e9dia num\u00e9rique tunisien fond\u00e9 en 2010, sp\u00e9cialis\u00e9 dans l\u2019actualit\u00e9 nationale et internationale, l\u2019\u00e9conomie, la soci\u00e9t\u00e9 et les analyses politiques. Le site s\u2019adresse \u00e0 un large public francophone et couvre l\u2019information tunisienne en temps r\u00e9el.\",\"email\":\"redac@webdo.tn\",\"legalName\":\"YNJ SARL\",\"foundingDate\":\"2010-09-06\",\"numberOfEmployees\":{\"@type\":\"QuantitativeValue\",\"minValue\":\"11\",\"maxValue\":\"50\"}},{\"@type\":\"Person\",\"@id\":\"https:\\\/\\\/www.webdo.tn\\\/fr\\\/#\\\/schema\\\/person\\\/2c4929cbf5a809e3bd38617c6ce150f6\",\"name\":\"MC\",\"image\":{\"@type\":\"ImageObject\",\"inLanguage\":\"fr-FR\",\"@id\":\"https:\\\/\\\/secure.gravatar.com\\\/avatar\\\/a545bbb6f84efdd5553dbbc2895e3ca8f1d12c5215e00a041c9670b54aa9b18a?s=96&d=mm&r=g\",\"url\":\"https:\\\/\\\/secure.gravatar.com\\\/avatar\\\/a545bbb6f84efdd5553dbbc2895e3ca8f1d12c5215e00a041c9670b54aa9b18a?s=96&d=mm&r=g\",\"contentUrl\":\"https:\\\/\\\/secure.gravatar.com\\\/avatar\\\/a545bbb6f84efdd5553dbbc2895e3ca8f1d12c5215e00a041c9670b54aa9b18a?s=96&d=mm&r=g\",\"caption\":\"MC\"},\"url\":\"https:\\\/\\\/www.webdo.tn\\\/fr\\\/actualite\\\/author\\\/mc\\\/\"}]}<\/script>\n<!-- \/ Yoast SEO Premium plugin. -->","yoast_head_json":{"title":"Printemps 2024 : L'Ambassade d'Autriche anime la sc\u00e8ne culturelle tunisienne","description":"Apr\u00e8s les festivit\u00e9s de l'A\u00efd, l'Ambassade annonce avec enthousiasme la reprise de sa programmation culturelle, promettant une s\u00e9rie d'\u00e9v\u00e9nements stimulants pou...","canonical":"https:\/\/www.webdo.tn\/fr\/actualite\/culture\/printemps-2024-l-ambassade-d-autriche-anime-la-scene-culturelle-tunisienne\/212903\/","og_locale":"fr_FR","og_type":"article","og_title":"Printemps 2024 : L'Ambassade d'Autriche anime la sc\u00e8ne culturelle tunisienne","og_description":"Apr\u00e8s les festivit\u00e9s de l'A\u00efd, l'Ambassade annonce avec enthousiasme la reprise de sa programmation culturelle, promettant une s\u00e9rie d'\u00e9v\u00e9nements stimulants pou...","og_url":"https:\/\/www.webdo.tn\/fr\/actualite\/culture\/printemps-2024-l-ambassade-d-autriche-anime-la-scene-culturelle-tunisienne\/212903\/","og_site_name":"webdo","article_publisher":"https:\/\/www.facebook.com\/webdotn","article_published_time":"2024-03-12T12:52:00+00:00","article_modified_time":"2025-05-20T22:12:22+00:00","og_image":[{"width":716,"height":382,"url":"https:\/\/www.webdo.tn\/fr\/wp-content\/uploads\/2024\/03\/715d4c3580f4373f33616814161ed2d6.jpg","type":"image\/jpeg"}],"author":"MC","twitter_card":"summary_large_image","twitter_creator":"@webdo_tn","twitter_site":"@webdo_tn","twitter_misc":{"\u00c9crit par":"MC","Dur\u00e9e de lecture estim\u00e9e":"1 minute"},"schema":{"@context":"https:\/\/schema.org","@graph":[{"@type":"NewsArticle","@id":"https:\/\/www.webdo.tn\/fr\/actualite\/culture\/printemps-2024-l-ambassade-d-autriche-anime-la-scene-culturelle-tunisienne\/212903\/#article","isPartOf":{"@id":"https:\/\/www.webdo.tn\/fr\/actualite\/culture\/printemps-2024-l-ambassade-d-autriche-anime-la-scene-culturelle-tunisienne\/212903\/"},"author":{"name":"MC","@id":"https:\/\/www.webdo.tn\/fr\/#\/schema\/person\/2c4929cbf5a809e3bd38617c6ce150f6"},"headline":"Printemps 2024 : L&rsquo;Ambassade d&rsquo;Autriche anime la sc\u00e8ne culturelle tunisienne","datePublished":"2024-03-12T12:52:00+00:00","dateModified":"2025-05-20T22:12:22+00:00","mainEntityOfPage":{"@id":"https:\/\/www.webdo.tn\/fr\/actualite\/culture\/printemps-2024-l-ambassade-d-autriche-anime-la-scene-culturelle-tunisienne\/212903\/"},"wordCount":214,"commentCount":0,"publisher":{"@id":"https:\/\/www.webdo.tn\/fr\/#organization"},"image":{"@id":"https:\/\/www.webdo.tn\/fr\/actualite\/culture\/printemps-2024-l-ambassade-d-autriche-anime-la-scene-culturelle-tunisienne\/212903\/#primaryimage"},"thumbnailUrl":"https:\/\/www.webdo.tn\/fr\/wp-content\/uploads\/2024\/03\/715d4c3580f4373f33616814161ed2d6.jpg","keywords":["'programmation culturelle']","ambassade","Autriche","Tunisie"],"articleSection":["Culture"],"inLanguage":"fr-FR"},{"@type":"WebPage","@id":"https:\/\/www.webdo.tn\/fr\/actualite\/culture\/printemps-2024-l-ambassade-d-autriche-anime-la-scene-culturelle-tunisienne\/212903\/","url":"https:\/\/www.webdo.tn\/fr\/actualite\/culture\/printemps-2024-l-ambassade-d-autriche-anime-la-scene-culturelle-tunisienne\/212903\/","name":"Printemps 2024 : L'Ambassade d'Autriche anime la sc\u00e8ne culturelle tunisienne","isPartOf":{"@id":"https:\/\/www.webdo.tn\/fr\/#website"},"primaryImageOfPage":{"@id":"https:\/\/www.webdo.tn\/fr\/actualite\/culture\/printemps-2024-l-ambassade-d-autriche-anime-la-scene-culturelle-tunisienne\/212903\/#primaryimage"},"image":{"@id":"https:\/\/www.webdo.tn\/fr\/actualite\/culture\/printemps-2024-l-ambassade-d-autriche-anime-la-scene-culturelle-tunisienne\/212903\/#primaryimage"},"thumbnailUrl":"https:\/\/www.webdo.tn\/fr\/wp-content\/uploads\/2024\/03\/715d4c3580f4373f33616814161ed2d6.jpg","datePublished":"2024-03-12T12:52:00+00:00","dateModified":"2025-05-20T22:12:22+00:00","description":"Apr\u00e8s les festivit\u00e9s de l'A\u00efd, l'Ambassade annonce avec enthousiasme la reprise de sa programmation culturelle, promettant une s\u00e9rie d'\u00e9v\u00e9nements stimulants pou...","breadcrumb":{"@id":"https:\/\/www.webdo.tn\/fr\/actualite\/culture\/printemps-2024-l-ambassade-d-autriche-anime-la-scene-culturelle-tunisienne\/212903\/#breadcrumb"},"inLanguage":"fr-FR","potentialAction":[{"@type":"ReadAction","target":["https:\/\/www.webdo.tn\/fr\/actualite\/culture\/printemps-2024-l-ambassade-d-autriche-anime-la-scene-culturelle-tunisienne\/212903\/"]}]},{"@type":"ImageObject","inLanguage":"fr-FR","@id":"https:\/\/www.webdo.tn\/fr\/actualite\/culture\/printemps-2024-l-ambassade-d-autriche-anime-la-scene-culturelle-tunisienne\/212903\/#primaryimage","url":"https:\/\/www.webdo.tn\/fr\/wp-content\/uploads\/2024\/03\/715d4c3580f4373f33616814161ed2d6.jpg","contentUrl":"https:\/\/www.webdo.tn\/fr\/wp-content\/uploads\/2024\/03\/715d4c3580f4373f33616814161ed2d6.jpg","width":716,"height":382,"caption":"Printemps 2024 : L'Ambassade d'Autriche anime la sc\u00e8ne culturelle tunisienne"},{"@type":"BreadcrumbList","@id":"https:\/\/www.webdo.tn\/fr\/actualite\/culture\/printemps-2024-l-ambassade-d-autriche-anime-la-scene-culturelle-tunisienne\/212903\/#breadcrumb","itemListElement":[{"@type":"ListItem","position":1,"name":"Accueil","item":"https:\/\/www.webdo.tn\/fr\/"},{"@type":"ListItem","position":2,"name":"Printemps 2024 : L&rsquo;Ambassade d&rsquo;Autriche anime la sc\u00e8ne culturelle tunisienne"}]},{"@type":"WebSite","@id":"https:\/\/www.webdo.tn\/fr\/#website","url":"https:\/\/www.webdo.tn\/fr\/","name":"webdo","description":"Tunisie - News en Tunisie et \u00e0 l&#039;international sur Webdo.tn","publisher":{"@id":"https:\/\/www.webdo.tn\/fr\/#organization"},"potentialAction":[{"@type":"SearchAction","target":{"@type":"EntryPoint","urlTemplate":"https:\/\/www.webdo.tn\/fr\/?s={search_term_string}"},"query-input":{"@type":"PropertyValueSpecification","valueRequired":true,"valueName":"search_term_string"}}],"inLanguage":"fr-FR"},{"@type":"Organization","@id":"https:\/\/www.webdo.tn\/fr\/#organization","name":"Webdo","alternateName":"Webdo.tn","url":"https:\/\/www.webdo.tn\/fr\/","logo":{"@type":"ImageObject","inLanguage":"fr-FR","@id":"https:\/\/www.webdo.tn\/fr\/#\/schema\/logo\/image\/","url":"https:\/\/www.webdo.tn\/fr\/wp-content\/uploads\/2025\/06\/Webdo-Tunisie_168377.jpg","contentUrl":"https:\/\/www.webdo.tn\/fr\/wp-content\/uploads\/2025\/06\/Webdo-Tunisie_168377.jpg","width":301,"height":301,"caption":"Webdo"},"image":{"@id":"https:\/\/www.webdo.tn\/fr\/#\/schema\/logo\/image\/"},"sameAs":["https:\/\/www.facebook.com\/webdotn","https:\/\/x.com\/webdo_tn"],"description":"Webdo est un m\u00e9dia num\u00e9rique tunisien fond\u00e9 en 2010, sp\u00e9cialis\u00e9 dans l\u2019actualit\u00e9 nationale et internationale, l\u2019\u00e9conomie, la soci\u00e9t\u00e9 et les analyses politiques. Le site s\u2019adresse \u00e0 un large public francophone et couvre l\u2019information tunisienne en temps r\u00e9el.","email":"redac@webdo.tn","legalName":"YNJ SARL","foundingDate":"2010-09-06","numberOfEmployees":{"@type":"QuantitativeValue","minValue":"11","maxValue":"50"}},{"@type":"Person","@id":"https:\/\/www.webdo.tn\/fr\/#\/schema\/person\/2c4929cbf5a809e3bd38617c6ce150f6","name":"MC","image":{"@type":"ImageObject","inLanguage":"fr-FR","@id":"https:\/\/secure.gravatar.com\/avatar\/a545bbb6f84efdd5553dbbc2895e3ca8f1d12c5215e00a041c9670b54aa9b18a?s=96&d=mm&r=g","url":"https:\/\/secure.gravatar.com\/avatar\/a545bbb6f84efdd5553dbbc2895e3ca8f1d12c5215e00a041c9670b54aa9b18a?s=96&d=mm&r=g","contentUrl":"https:\/\/secure.gravatar.com\/avatar\/a545bbb6f84efdd5553dbbc2895e3ca8f1d12c5215e00a041c9670b54aa9b18a?s=96&d=mm&r=g","caption":"MC"},"url":"https:\/\/www.webdo.tn\/fr\/actualite\/author\/mc\/"}]}},"_links":{"self":[{"href":"https:\/\/www.webdo.tn\/fr\/wp-json\/wp\/v2\/posts\/212903","targetHints":{"allow":["GET"]}}],"collection":[{"href":"https:\/\/www.webdo.tn\/fr\/wp-json\/wp\/v2\/posts"}],"about":[{"href":"https:\/\/www.webdo.tn\/fr\/wp-json\/wp\/v2\/types\/post"}],"author":[{"embeddable":true,"href":"https:\/\/www.webdo.tn\/fr\/wp-json\/wp\/v2\/users\/3162"}],"replies":[{"embeddable":true,"href":"https:\/\/www.webdo.tn\/fr\/wp-json\/wp\/v2\/comments?post=212903"}],"version-history":[{"count":0,"href":"https:\/\/www.webdo.tn\/fr\/wp-json\/wp\/v2\/posts\/212903\/revisions"}],"wp:featuredmedia":[{"embeddable":true,"href":"https:\/\/www.webdo.tn\/fr\/wp-json\/wp\/v2\/media\/290338"}],"wp:attachment":[{"href":"https:\/\/www.webdo.tn\/fr\/wp-json\/wp\/v2\/media?parent=212903"}],"wp:term":[{"taxonomy":"category","embeddable":true,"href":"https:\/\/www.webdo.tn\/fr\/wp-json\/wp\/v2\/categories?post=212903"},{"taxonomy":"post_tag","embeddable":true,"href":"https:\/\/www.webdo.tn\/fr\/wp-json\/wp\/v2\/tags?post=212903"}],"curies":[{"name":"wp","href":"https:\/\/api.w.org\/{rel}","templated":true}]}}