{"id":212895,"date":"2024-03-12T00:31:00","date_gmt":"2024-03-12T00:31:00","guid":{"rendered":"https:\/\/www.webdo.tn\/fr\/blog\/ceremonie-des-oscars-2024-entre-recompenses-deceptions-et-polemiques\/212895\/"},"modified":"2024-03-12T00:31:00","modified_gmt":"2024-03-12T00:31:00","slug":"ceremonie-des-oscars-2024-entre-recompenses-deceptions-et-polemiques","status":"publish","type":"post","link":"https:\/\/www.webdo.tn\/fr\/actualite\/culture\/ceremonie-des-oscars-2024-entre-recompenses-deceptions-et-polemiques\/212895\/","title":{"rendered":"C\u00e9r\u00e9monie des Oscars 2024 : Entre r\u00e9compenses, d\u00e9ceptions et pol\u00e9miques"},"content":{"rendered":"<div class=\"single-body entry-content typography-copy\" itemprop=\"articleBody\">\n<p style=\"font-weight: bold; text-align: justify\">\n\t\t\t\t\t\t\t\t\tHier soir, le monde du cin\u00e9ma s&rsquo;est \u00e0 nouveau illumin\u00e9 lors de la 96\u00e8me \u00e9dition des prestigieux Oscars. Cependant, la soir\u00e9e n&rsquo;a pas d\u00e9but\u00e9 sans heurts, car quelques minutes de retard ont \u00e9t\u00e9 enregistr\u00e9es au d\u00e9marrage de la c\u00e9r\u00e9monie. La raison ? Certains artistes ont eu du mal \u00e0 acc\u00e9der au th\u00e9\u00e2tre, bloqu\u00e9s par des manifestants propalestiniens, qui ont profit\u00e9 de l&rsquo;occasion pour demander un cessez-le-feu \u00e0 Gaza.\n\t\t\t\t\t\t\t\t<\/p>\n<div class=\"coprs\" style=\"text-align: center\"><\/div>\n<div class=\"coprs\" style=\"text-align: justify\">\n<p><span><span>De plus, plusieurs artistes ont exprim\u00e9 leur solidarit\u00e9 envers les Palestiniens. L&rsquo;acteur Mark Ruffalo, fervent militant pour la paix et la protection des civils dans les zones de conflit, avait m\u00eame encourag\u00e9 ces manifestations. Lui et d&rsquo;autres personnalit\u00e9s arboraient un pin&rsquo;s rouge en signe de solidarit\u00e9 et pour exiger un cessez-le-feu. Parmi ces artistes, on comptait Ramy Youssef, Billie Eilish, Milo Machado-Graner, Swann Arlaud, ainsi que notre fiert\u00e9 tunisienne, Kaouther Ben Hania.<\/span><\/span><\/p>\n<p><span><span>La pr\u00e9sence de Kaouther Ben Hania, Hend Sabry et Nadim Cheikhrouha a suscit\u00e9 une grande fiert\u00e9 parmi les Tunisiens, soulignant ainsi l&rsquo;essor croissant du cin\u00e9ma tunisien sur la sc\u00e8ne internationale. Cependant, la d\u00e9ception fut palpable lorsque le film tunisien <a href=\"https:\/\/www.webdo.tn\/fr\/actualite\/culture\/cannes-2023\/206097\">Les filles d&rsquo;Olfa<\/a>, r\u00e9alis\u00e9 par Kaouther Ben Hania et <a href=\"https:\/\/www.webdo.tn\/fr\/actualite\/culture\/oscars-2024-les-filles-d-olfa-nomme-a-l-oscar-du-meilleur-film-documentaire\/211773\">nomm\u00e9 pour l&rsquo;Oscar du Meilleur Documentaire<\/a>, repartit sans r\u00e9compense. Cette absence de reconnaissance laissa un sentiment d&rsquo;inach\u00e8vement, alors m\u00eame que le film avait brill\u00e9 \u00e0 Cannes, <a href=\"https:\/\/www.webdo.tn\/fr\/actualite\/culture\/cannes-2023-quatre-prix-pour-les-filles-d-olfa-de-kaouther-ben-hania\/206114\">remportant 4 prix lors de sa s\u00e9lection en comp\u00e9tition officielle<\/a>, ainsi qu&rsquo;aux C\u00e9sars, o\u00f9 il avait d\u00e9croch\u00e9 le C\u00e9sar du meilleur documentaire.<\/span><\/span><\/p>\n<p>\u00a0<\/p>\n<div>\n<figure class=\"image\"><img decoding=\"async\" alt=\"\" height=\"1200\" src=\"\/assets\/uploads\/images\/\/Neila\/Oscars%202024%20Kaouther%20et%20Hend%20.jpeg\" width=\"800\"><figcaption>Kaouther Ben Hania et Hend Sabry \u00e0 la c\u00e9r\u00e9monie des Oscars 2024<\/figcaption><\/figure>\n<\/div>\n<p>\u00a0<\/p>\n<p><span><span>L&rsquo;Oscar du Meilleur Documentaire a \u00e9t\u00e9 d\u00e9cern\u00e9 au film ukrainien <em>20 Jours \u00e0 Marioupol<\/em>, r\u00e9alis\u00e9 par Mstyslav Tchernov, soulevant des questions sur d&rsquo;\u00e9ventuelles motivations politiques derri\u00e8re ce choix, traitant de la guerre en Ukraine. Par ailleurs, certains se sont pos\u00e9 la question la pol\u00e9mique sur d&rsquo;\u00e9ventuelles r\u00e9percussions pour Kaouther Ben Hania suite \u00e0 son discours pro-palestinien aux C\u00e9sars. <a href=\"https:\/\/www.webdo.tn\/fr\/actualite\/culture\/kaouther-ben-hania-le-courage-d-une-fierte-tunisienne\/212542\">A-t-elle \u00e9t\u00e9 sanctionn\u00e9e pour sa prise de position en faveur des Palestiniens ?<\/a><\/span><\/span><\/p>\n<p><span><span><a href=\"https:\/\/www.webdo.tn\/fr\/actualite\/culture\/les-oscars-2024-mes-predictions-et-preferences\/212830\">Peu de surprises sont venues ponctuer cette c\u00e9r\u00e9monie.<\/a> L&rsquo;Oscar du Meilleur Film International a \u00e9t\u00e9 d\u00e9cern\u00e9 \u00e0 <em><a href=\"https:\/\/www.webdo.tn\/fr\/actualite\/culture\/cannes-2023-the-zone-of-interest-une-immersion-troublante-dans-l-univers-domestique-nazi-d-auschwitz\/206264\">The Zone of Interest<\/a><\/em> de Jonathan Glazer, une r\u00e9compense amplement m\u00e9rit\u00e9e pour son traitement universel et contemporain de sujets graves. <\/span><\/span><\/p>\n<p><span><span>Le discours percutant du r\u00e9alisateur Jonathan Glazer a engendr\u00e9 des d\u00e9bats anim\u00e9s et des controverses, mettant en lumi\u00e8re l&rsquo;urgence de ne pas demeurer indiff\u00e9rents face aux horreurs du pass\u00e9 et du pr\u00e9sent. Sa prise de parole a rapidement suscit\u00e9 la pol\u00e9mique sur les r\u00e9seaux sociaux, divisant les opinions. Tandis que certains ont salu\u00e9 le courage du r\u00e9alisateur pour avoir \u00e9t\u00e9 le premier \u00e0 aborder ouvertement le conflit \u00e0 Gaza lors de cette c\u00e9r\u00e9monie, d&rsquo;autres lui ont reproch\u00e9 son discours, allant m\u00eame jusqu&rsquo;\u00e0 le qualifier de faux juif. D\u2019ailleurs ce qui est \u00e9tonnant est qu\u2019une grande partie des m\u00e9dias a pr\u00e9f\u00e9r\u00e9 ne pas parler de ce discours pour ne pas lui faire de la publicit\u00e9. <\/span><\/span><\/p>\n<p><span><span><em>\u00ab Les choix que nous faisons, nous les faisons pour r\u00e9fl\u00e9chir et nous confronter au pr\u00e9sent. Il ne s\u2019agit pas de regarder ce qu\u2019ils faisaient \u00e0 l\u2019\u00e9poque, mais plut\u00f4t de regarder ce que nous faisons maintenant. Notre film montre comment la d\u00e9shumanisation m\u00e8ne au pire. Cela a fa\u00e7onn\u00e9 tout notre pass\u00e9 et notre pr\u00e9sent. A l\u2019heure actuelle, nous sommes ici en tant qu\u2019hommes qui r\u00e9futent le fait que la jud\u00e9it\u00e9 et l\u2019Holocauste soient d\u00e9tourn\u00e9s par une occupation qui a conduit \u00e0 des conflits pour tant d\u2019innocents, qu\u2019il s\u2019agisse des victimes d\u2019octobre, des morts, des victimes du 7 octobre en Isra\u00ebl ou de l\u2019attaque en cours sur Gaza, toutes les victimes, cette d\u00e9shumanisation. Comment pouvons-nous r\u00e9sister ? \u00bb<\/em><\/span><\/span><\/p>\n<p><span><span><em>The Zone of Interest<\/em> a \u00e9galement \u00e9t\u00e9 r\u00e9compens\u00e9 de l&rsquo;Oscar du Meilleur Son, ajoutant ainsi une autre distinction \u00e0 son palmar\u00e8s.<\/span><\/span><\/p>\n<p>\u00a0<\/p>\n<div>\n<figure class=\"image\"><img decoding=\"async\" alt=\"\" height=\"573\" src=\"\/assets\/uploads\/images\/\/Neila\/Oscars%202024%20jonathan-glazer.jpeg\" width=\"1019\"><figcaption>Jonathan Glazer et son Oscar du Meilleur Film International pour \u00ab\u00a0The Zone of Interest\u00a0\u00bb<\/figcaption><\/figure>\n<\/div>\n<p>\u00a0<\/p>\n<p><span><span>Comme pr\u00e9vu, le film<em> Oppenheimer<\/em> de Christopher Nolan est le grand gagnant, remportant sept Oscars: Meilleur Film, Meilleure R\u00e9alisation, Meilleur Acteur dans un r\u00f4le principal pour Cillian Murphy, Meilleur Acteur dans un r\u00f4le secondaire pour Robert Downey Jr., Meilleure Photographie, Meilleur Montage et Meilleure Musique de Film.<\/span><\/span><\/p>\n<p><span><span><em>Poor Thing<\/em> de Y\u00f3rgos L\u00e1nthimos, a quant \u00e0 lui remport\u00e9 l&rsquo;Oscar de la Meilleure Actrice pour Emma Stone, pour sa magnifique prestation, ainsi que ceux des Meilleurs D\u00e9cors et Direction Artistique, Meilleurs Costumes et Meilleurs Maquillages et Coiffures.<\/span><\/span><\/p>\n<p><span><span>Quant \u00e0 <em><a href=\"https:\/\/www.webdo.tn\/fr\/actualite\/culture\/le-film-american-fiction-jouer-le-jeu-des-stereotypes-ou-reveler-la-realite\/212587\">American Fiction<\/a><\/em> de Cord Jefferson, il repart avec un unique Oscar, celui du Meilleur Sc\u00e9nario Adapt\u00e9.<\/span><\/span><\/p>\n<p><span><span>Enfin, le film fran\u00e7ais <em><a href=\"https:\/\/www.webdo.tn\/fr\/actualite\/culture\/cannes-2023-anatomie-d-une-chute-une-exploration-complexe-des-relations-humaines-sous-le-prisme-judiciaire\/206187\">Anatomie d&rsquo;une Chute<\/a> <\/em>de Justine Triet, <a href=\"https:\/\/www.webdo.tn\/fr\/actualite\/culture\/cannes-2023-palmares-palme-d-or-anatomie-d-une-chute\/206119\">Palme d&rsquo;Or \u00e0 Cannes en mai 2023<\/a>, a remport\u00e9 l&rsquo;Oscar du Meilleur Sc\u00e9nario Original. Le fait que la France ne l&rsquo;ait pas choisi pour la repr\u00e9senter \u00e0 l&rsquo;Oscar du Meilleur Film International avait fait pol\u00e9mique, mais je pense que de toute fa\u00e7on, il n&rsquo;aurait aucune chance de l&#8217;emporter, <em>The Zone of Interest<\/em> se serait impos\u00e9 de mani\u00e8re indiscutable.<\/span><\/span><\/p>\n<p><span><span>Finalement, cette c\u00e9r\u00e9monie a \u00e9t\u00e9 conforme aux pronostics, avec des r\u00e9compenses m\u00e9rit\u00e9es pour certains et des d\u00e9ceptions pour d&rsquo;autres. Mais au-del\u00e0 des r\u00e9sultats, le cin\u00e9ma continue de susciter des d\u00e9bats et de refl\u00e9ter les pr\u00e9occupations de notre \u00e9poque, comme en t\u00e9moigne la controverse entourant le discours de Jonathan Glazer et les choix politiques des r\u00e9compenses.<\/span><\/span><\/p>\n<p>\u00a0<\/p>\n<p><span><span><strong><span>Le Palmar\u00e8s\u00a0:<\/span><\/strong><\/span><\/span><\/p>\n<p><span><span><strong>Meilleur film :<\/strong>\u00a0<em>Oppenheimer<\/em>\u00a0de Christopher Nolan<\/span><\/span><\/p>\n<p><span><span><strong>Meilleur r\u00e9alisateur :<\/strong>\u00a0Christopher Nolan pour\u00a0<em>Oppenheimer<\/em><\/span><\/span><\/p>\n<p><span><span><strong>Meilleur acteur :\u00a0<\/strong>Cillian Murphy\u00a0pour\u00a0<em>Oppenheimer<\/em><\/span><\/span><\/p>\n<p><span><span><strong>Meilleure actrice : <\/strong>Emma Stone pour\u00a0<em>Pauvres Cr\u00e9atures<\/em><\/span><\/span><\/p>\n<p><span><span><strong>Meilleur acteur dans un second r\u00f4le :\u00a0<\/strong>Robert Downey Jr. pour\u00a0<em>Oppenheimer<\/em><\/span><\/span><\/p>\n<p><span><span><strong>Meilleure actrice dans un second r\u00f4le :\u00a0<\/strong>Da\u2019Vine Joy Randolph pour\u00a0<em>Winter Break<\/em><\/span><\/span><\/p>\n<p><span><span><strong>Meilleur sc\u00e9nario original :\u00a0<\/strong><em>Anatomie d\u2019une chute<\/em>\u00a0de Justine Triet et Arthur Harari<\/span><\/span><\/p>\n<p><span><span><strong>Meilleur sc\u00e9nario adapt\u00e9 :\u00a0<\/strong><em>American Fiction\u00a0de Cord Jefferson<\/em>, adapt\u00e9 du roman\u00a0<em>Effacement<\/em>\u00a0(Erasure) de Percival Everett<\/span><\/span><\/p>\n<p><span><span><strong>Meilleurs d\u00e9cors et direction artistique :\u00a0<\/strong>James Price, Shona Heath et Zsuzsa Mihalek pour\u00a0<em>Pauvres Cr\u00e9atures<\/em><\/span><\/span><\/p>\n<p><span><span><strong>Meilleurs costumes :\u00a0<\/strong>Holly Waddington pour\u00a0<em>Pauvres Cr\u00e9atures<\/em><\/span><\/span><\/p>\n<p><span><span><strong>Meilleurs maquillages et coiffures :\u00a0<\/strong>Nadia Stacey, Mark Coulier et Josh Weston pour\u00a0<em>Pauvres Cr\u00e9atures<\/em><\/span><\/span><\/p>\n<p><span><span><strong>Meilleure photographie :\u00a0<\/strong>Hoyte van Hoytema pour\u00a0<em>Oppenheimer<\/em><\/span><\/span><\/p>\n<p><span><span><strong>Meilleur montage :\u00a0<\/strong>Jennifer Lame pour\u00a0<em>Oppenheimer<\/em><\/span><\/span><\/p>\n<p><span><span><strong>Meilleur son :\u00a0<\/strong>Johnnie Burn et Tarn Willers pour\u00a0<em>la Zone d\u2019int\u00e9r\u00eat (The Zone of Interest)\u00a0<\/em>de Jonathan Glazer<\/span><\/span><\/p>\n<p><span><span><strong>Meilleurs effets visuels :\u00a0<\/strong>Takashi Yamazaki, Kiyoko Shibuya, Masaki Takahashi et Tatsuji Nojima pour\u00a0Godzilla Minus One<\/span><\/span><\/p>\n<p><span><span><strong>Meilleure chanson originale :\u00a0<\/strong><em>What Was I Made For ?\u00a0<\/em>de Billie Eilish et Finneas O\u2019Connell pour le film<em> Barbie<\/em>. <\/span><\/span><\/p>\n<p><span><span><strong>Meilleure musique de film :\u00a0<\/strong>Ludwig G\u00f6ransson pour\u00a0<em>Oppenheimer<\/em><\/span><\/span><\/p>\n<p><span><span><strong>Meilleur film international : <\/strong><em>The Zone of Interest\u00a0<\/em>de Jonathan Glazer (Royaume-Uni)<\/span><\/span><\/p>\n<p><span><span><strong>Meilleur film d\u2019animation : <\/strong><em>Le gar\u00e7on et le H\u00e9ron<\/em><strong>\u00a0<\/strong><\/span><\/span><\/p>\n<p><span><span><strong>Meilleur film documentaire : <\/strong><em>20 Jours \u00e0 Marioupol<\/em> de Mstyslav Tchernov<\/span><\/span><\/p>\n<p><span><span><strong>Meilleur court m\u00e9trage (prises de vues r\u00e9elles) :\u00a0<\/strong><em>The Wonderful Story of Henry Sugar<\/em>\u00a0de Wes Anderson<\/span><\/span><\/p>\n<p><span><span><strong>Meilleur court m\u00e9trage (documentaire) :\u00a0<\/strong><em>The Last Repair Shop<\/em>\u00a0de Ben Proudfoot et Kris Bowers<\/span><\/span><\/p>\n<p><span><span><strong>Meilleur court m\u00e9trage (animation) :\u00a0<\/strong><em>War Is Over ! Inspired by the Music of John and Yoko<\/em>\u00a0de Dave Mullins et Brad Booker<\/span><\/span><\/p>\n<p><span><span><strong><span><span>Ne\u00efla Driss<\/span><\/span><\/strong><\/span><\/span><\/p>\n<\/p><\/div>\n<div class=\"coprs\" style=\"text-align: center\"><\/div><\/div>\n","protected":false},"excerpt":{"rendered":"<p>Hier soir, le monde du cin\u00e9ma s&rsquo;est \u00e0 nouveau illumin\u00e9 lors de la 96\u00e8me \u00e9dition des prestigieux Oscars. Cependant, la soir\u00e9e n&rsquo;a pas d\u00e9but\u00e9 sans heurts, car que&#8230;<\/p>\n","protected":false},"author":3164,"featured_media":290331,"comment_status":"open","ping_status":"closed","sticky":false,"template":"","format":"standard","meta":{"footnotes":""},"categories":[2594],"tags":[10045,2626,5170,6882,3823,6878,8353],"class_list":["post-212895","post","type-post","status-publish","format-standard","has-post-thumbnail","hentry","category-culture","tag-jonathen-glazer","tag-cinema","tag-films","tag-kaouther-ben-hania","tag-oscars","tag-oscars-2024","tag-the-zone-of-interest"],"yoast_head":"<!-- This site is optimized with the Yoast SEO Premium plugin v27.5 (Yoast SEO v27.5) - https:\/\/yoast.com\/product\/yoast-seo-premium-wordpress\/ -->\n<title>C\u00e9r\u00e9monie des Oscars 2024 : Entre r\u00e9compenses, d\u00e9ceptions et pol\u00e9miques<\/title>\n<meta name=\"description\" content=\"Hier soir, le monde du cin\u00e9ma s&#039;est \u00e0 nouveau illumin\u00e9 lors de la 96\u00e8me \u00e9dition des prestigieux Oscars. Cependant, la soir\u00e9e n&#039;a pas d\u00e9but\u00e9 sans heurts, car que...\" \/>\n<link rel=\"canonical\" href=\"https:\/\/www.webdo.tn\/fr\/actualite\/culture\/ceremonie-des-oscars-2024-entre-recompenses-deceptions-et-polemiques\/212895\/\" \/>\n<meta property=\"og:locale\" content=\"fr_FR\" \/>\n<meta property=\"og:type\" content=\"article\" \/>\n<meta property=\"og:title\" content=\"C\u00e9r\u00e9monie des Oscars 2024 : Entre r\u00e9compenses, d\u00e9ceptions et pol\u00e9miques\" \/>\n<meta property=\"og:description\" content=\"Hier soir, le monde du cin\u00e9ma s&#039;est \u00e0 nouveau illumin\u00e9 lors de la 96\u00e8me \u00e9dition des prestigieux Oscars. Cependant, la soir\u00e9e n&#039;a pas d\u00e9but\u00e9 sans heurts, car que...\" \/>\n<meta property=\"og:url\" content=\"https:\/\/www.webdo.tn\/fr\/actualite\/culture\/ceremonie-des-oscars-2024-entre-recompenses-deceptions-et-polemiques\/212895\/\" \/>\n<meta property=\"og:site_name\" content=\"webdo\" \/>\n<meta property=\"article:publisher\" content=\"https:\/\/www.facebook.com\/webdotn\" \/>\n<meta property=\"article:author\" content=\"https:\/\/www.facebook.com\/massir.destiniii\/\" \/>\n<meta property=\"article:published_time\" content=\"2024-03-12T00:31:00+00:00\" \/>\n<meta property=\"og:image\" content=\"https:\/\/www.webdo.tn\/fr\/wp-content\/uploads\/2024\/03\/f2b3349332679e735b1c3eb57151f5bb.jpeg\" \/>\n\t<meta property=\"og:image:width\" content=\"665\" \/>\n\t<meta property=\"og:image:height\" content=\"355\" \/>\n\t<meta property=\"og:image:type\" content=\"image\/jpeg\" \/>\n<meta name=\"author\" content=\"Ne\u00efla DRISS\" \/>\n<meta name=\"twitter:card\" content=\"summary_large_image\" \/>\n<meta name=\"twitter:creator\" content=\"@https:\/\/x.com\/MassirDestin\" \/>\n<meta name=\"twitter:site\" content=\"@webdo_tn\" \/>\n<meta name=\"twitter:label1\" content=\"\u00c9crit par\" \/>\n\t<meta name=\"twitter:data1\" content=\"Ne\u00efla DRISS\" \/>\n\t<meta name=\"twitter:label2\" content=\"Dur\u00e9e de lecture estim\u00e9e\" \/>\n\t<meta name=\"twitter:data2\" content=\"6 minutes\" \/>\n<script type=\"application\/ld+json\" class=\"yoast-schema-graph\">{\"@context\":\"https:\\\/\\\/schema.org\",\"@graph\":[{\"@type\":\"NewsArticle\",\"@id\":\"https:\\\/\\\/www.webdo.tn\\\/fr\\\/actualite\\\/culture\\\/ceremonie-des-oscars-2024-entre-recompenses-deceptions-et-polemiques\\\/212895\\\/#article\",\"isPartOf\":{\"@id\":\"https:\\\/\\\/www.webdo.tn\\\/fr\\\/actualite\\\/culture\\\/ceremonie-des-oscars-2024-entre-recompenses-deceptions-et-polemiques\\\/212895\\\/\"},\"author\":{\"name\":\"Ne\u00efla DRISS\",\"@id\":\"https:\\\/\\\/www.webdo.tn\\\/fr\\\/#\\\/schema\\\/person\\\/60d5ba619ed3f58783b0dc82b7dada80\"},\"headline\":\"C\u00e9r\u00e9monie des Oscars 2024 : Entre r\u00e9compenses, d\u00e9ceptions et pol\u00e9miques\",\"datePublished\":\"2024-03-12T00:31:00+00:00\",\"mainEntityOfPage\":{\"@id\":\"https:\\\/\\\/www.webdo.tn\\\/fr\\\/actualite\\\/culture\\\/ceremonie-des-oscars-2024-entre-recompenses-deceptions-et-polemiques\\\/212895\\\/\"},\"wordCount\":1266,\"commentCount\":0,\"publisher\":{\"@id\":\"https:\\\/\\\/www.webdo.tn\\\/fr\\\/#organization\"},\"image\":{\"@id\":\"https:\\\/\\\/www.webdo.tn\\\/fr\\\/actualite\\\/culture\\\/ceremonie-des-oscars-2024-entre-recompenses-deceptions-et-polemiques\\\/212895\\\/#primaryimage\"},\"thumbnailUrl\":\"https:\\\/\\\/www.webdo.tn\\\/fr\\\/wp-content\\\/uploads\\\/2024\\\/03\\\/f2b3349332679e735b1c3eb57151f5bb.jpeg\",\"keywords\":[\"'Jonathen Glazer']\",\"Cin\u00e9ma\",\"films\",\"Kaouther Ben Hania\",\"Oscars\",\"Oscars 2024\",\"The Zone of Interest\"],\"articleSection\":[\"Culture\"],\"inLanguage\":\"fr-FR\"},{\"@type\":\"WebPage\",\"@id\":\"https:\\\/\\\/www.webdo.tn\\\/fr\\\/actualite\\\/culture\\\/ceremonie-des-oscars-2024-entre-recompenses-deceptions-et-polemiques\\\/212895\\\/\",\"url\":\"https:\\\/\\\/www.webdo.tn\\\/fr\\\/actualite\\\/culture\\\/ceremonie-des-oscars-2024-entre-recompenses-deceptions-et-polemiques\\\/212895\\\/\",\"name\":\"C\u00e9r\u00e9monie des Oscars 2024 : Entre r\u00e9compenses, d\u00e9ceptions et pol\u00e9miques\",\"isPartOf\":{\"@id\":\"https:\\\/\\\/www.webdo.tn\\\/fr\\\/#website\"},\"primaryImageOfPage\":{\"@id\":\"https:\\\/\\\/www.webdo.tn\\\/fr\\\/actualite\\\/culture\\\/ceremonie-des-oscars-2024-entre-recompenses-deceptions-et-polemiques\\\/212895\\\/#primaryimage\"},\"image\":{\"@id\":\"https:\\\/\\\/www.webdo.tn\\\/fr\\\/actualite\\\/culture\\\/ceremonie-des-oscars-2024-entre-recompenses-deceptions-et-polemiques\\\/212895\\\/#primaryimage\"},\"thumbnailUrl\":\"https:\\\/\\\/www.webdo.tn\\\/fr\\\/wp-content\\\/uploads\\\/2024\\\/03\\\/f2b3349332679e735b1c3eb57151f5bb.jpeg\",\"datePublished\":\"2024-03-12T00:31:00+00:00\",\"description\":\"Hier soir, le monde du cin\u00e9ma s'est \u00e0 nouveau illumin\u00e9 lors de la 96\u00e8me \u00e9dition des prestigieux Oscars. Cependant, la soir\u00e9e n'a pas d\u00e9but\u00e9 sans heurts, car que...\",\"breadcrumb\":{\"@id\":\"https:\\\/\\\/www.webdo.tn\\\/fr\\\/actualite\\\/culture\\\/ceremonie-des-oscars-2024-entre-recompenses-deceptions-et-polemiques\\\/212895\\\/#breadcrumb\"},\"inLanguage\":\"fr-FR\",\"potentialAction\":[{\"@type\":\"ReadAction\",\"target\":[\"https:\\\/\\\/www.webdo.tn\\\/fr\\\/actualite\\\/culture\\\/ceremonie-des-oscars-2024-entre-recompenses-deceptions-et-polemiques\\\/212895\\\/\"]}]},{\"@type\":\"ImageObject\",\"inLanguage\":\"fr-FR\",\"@id\":\"https:\\\/\\\/www.webdo.tn\\\/fr\\\/actualite\\\/culture\\\/ceremonie-des-oscars-2024-entre-recompenses-deceptions-et-polemiques\\\/212895\\\/#primaryimage\",\"url\":\"https:\\\/\\\/www.webdo.tn\\\/fr\\\/wp-content\\\/uploads\\\/2024\\\/03\\\/f2b3349332679e735b1c3eb57151f5bb.jpeg\",\"contentUrl\":\"https:\\\/\\\/www.webdo.tn\\\/fr\\\/wp-content\\\/uploads\\\/2024\\\/03\\\/f2b3349332679e735b1c3eb57151f5bb.jpeg\",\"width\":665,\"height\":355,\"caption\":\"C\u00e9r\u00e9monie des Oscars 2024 : Entre r\u00e9compenses, d\u00e9ceptions et pol\u00e9miques\"},{\"@type\":\"BreadcrumbList\",\"@id\":\"https:\\\/\\\/www.webdo.tn\\\/fr\\\/actualite\\\/culture\\\/ceremonie-des-oscars-2024-entre-recompenses-deceptions-et-polemiques\\\/212895\\\/#breadcrumb\",\"itemListElement\":[{\"@type\":\"ListItem\",\"position\":1,\"name\":\"Accueil\",\"item\":\"https:\\\/\\\/www.webdo.tn\\\/fr\\\/\"},{\"@type\":\"ListItem\",\"position\":2,\"name\":\"C\u00e9r\u00e9monie des Oscars 2024 : Entre r\u00e9compenses, d\u00e9ceptions et pol\u00e9miques\"}]},{\"@type\":\"WebSite\",\"@id\":\"https:\\\/\\\/www.webdo.tn\\\/fr\\\/#website\",\"url\":\"https:\\\/\\\/www.webdo.tn\\\/fr\\\/\",\"name\":\"webdo\",\"description\":\"Tunisie - News en Tunisie et \u00e0 l&#039;international sur Webdo.tn\",\"publisher\":{\"@id\":\"https:\\\/\\\/www.webdo.tn\\\/fr\\\/#organization\"},\"potentialAction\":[{\"@type\":\"SearchAction\",\"target\":{\"@type\":\"EntryPoint\",\"urlTemplate\":\"https:\\\/\\\/www.webdo.tn\\\/fr\\\/?s={search_term_string}\"},\"query-input\":{\"@type\":\"PropertyValueSpecification\",\"valueRequired\":true,\"valueName\":\"search_term_string\"}}],\"inLanguage\":\"fr-FR\"},{\"@type\":\"Organization\",\"@id\":\"https:\\\/\\\/www.webdo.tn\\\/fr\\\/#organization\",\"name\":\"Webdo\",\"alternateName\":\"Webdo.tn\",\"url\":\"https:\\\/\\\/www.webdo.tn\\\/fr\\\/\",\"logo\":{\"@type\":\"ImageObject\",\"inLanguage\":\"fr-FR\",\"@id\":\"https:\\\/\\\/www.webdo.tn\\\/fr\\\/#\\\/schema\\\/logo\\\/image\\\/\",\"url\":\"https:\\\/\\\/www.webdo.tn\\\/fr\\\/wp-content\\\/uploads\\\/2025\\\/06\\\/Webdo-Tunisie_168377.jpg\",\"contentUrl\":\"https:\\\/\\\/www.webdo.tn\\\/fr\\\/wp-content\\\/uploads\\\/2025\\\/06\\\/Webdo-Tunisie_168377.jpg\",\"width\":301,\"height\":301,\"caption\":\"Webdo\"},\"image\":{\"@id\":\"https:\\\/\\\/www.webdo.tn\\\/fr\\\/#\\\/schema\\\/logo\\\/image\\\/\"},\"sameAs\":[\"https:\\\/\\\/www.facebook.com\\\/webdotn\",\"https:\\\/\\\/x.com\\\/webdo_tn\"],\"description\":\"Webdo est un m\u00e9dia num\u00e9rique tunisien fond\u00e9 en 2010, sp\u00e9cialis\u00e9 dans l\u2019actualit\u00e9 nationale et internationale, l\u2019\u00e9conomie, la soci\u00e9t\u00e9 et les analyses politiques. Le site s\u2019adresse \u00e0 un large public francophone et couvre l\u2019information tunisienne en temps r\u00e9el.\",\"email\":\"redac@webdo.tn\",\"legalName\":\"YNJ SARL\",\"foundingDate\":\"2010-09-06\",\"numberOfEmployees\":{\"@type\":\"QuantitativeValue\",\"minValue\":\"11\",\"maxValue\":\"50\"}},{\"@type\":\"Person\",\"@id\":\"https:\\\/\\\/www.webdo.tn\\\/fr\\\/#\\\/schema\\\/person\\\/60d5ba619ed3f58783b0dc82b7dada80\",\"name\":\"Ne\u00efla DRISS\",\"image\":{\"@type\":\"ImageObject\",\"inLanguage\":\"fr-FR\",\"@id\":\"https:\\\/\\\/www.webdo.tn\\\/fr\\\/wp-content\\\/uploads\\\/2026\\\/04\\\/neila-driss_avatar-96x96.jpg\",\"url\":\"https:\\\/\\\/www.webdo.tn\\\/fr\\\/wp-content\\\/uploads\\\/2026\\\/04\\\/neila-driss_avatar-96x96.jpg\",\"contentUrl\":\"https:\\\/\\\/www.webdo.tn\\\/fr\\\/wp-content\\\/uploads\\\/2026\\\/04\\\/neila-driss_avatar-96x96.jpg\",\"caption\":\"Ne\u00efla DRISS\"},\"description\":\"Ne\u00efla Driss est juriste, journaliste culturelle et critique de cin\u00e9ma tunisienne. Titulaire d\u2019un DEA en droit priv\u00e9 de l\u2019Universit\u00e9 Paris II et d\u2019un DESS de l\u2019IHEC Carthage, elle d\u00e9bute sa carri\u00e8re comme juriste sp\u00e9cialis\u00e9e en gestion de patrimoine immobilier. Elle s\u2019oriente ensuite vers l\u2019\u00e9criture en ligne, o\u00f9 elle se distingue d\u00e8s 2006 aux Tunisia Blog Awards, avant de se consacrer au journalisme culturel, avec une sp\u00e9cialisation dans la critique cin\u00e9matographique. Elle couvre r\u00e9guli\u00e8rement les grands festivals internationaux, notamment le Festival de Cannes, les Journ\u00e9es Cin\u00e9matographiques de Carthage et le Festival du film du Caire. Membre de l\u2019ATPCC et de la FIPRESCI, elle participe \u00e0 des jurys et initiatives internationales de critique. Depuis 2024, elle est \u00e9lectrice internationale aux Golden Globes. Facebook : https:\\\/\\\/www.facebook.com\\\/massir.destiniii\\\/ X : https:\\\/\\\/x.com\\\/MassirDestin\",\"sameAs\":[\"https:\\\/\\\/www.facebook.com\\\/massir.destiniii\\\/\",\"https:\\\/\\\/www.instagram.com\\\/neila.driss\\\/?hl=fr\",\"https:\\\/\\\/www.linkedin.com\\\/in\\\/neila-driss-22606a80\\\/\",\"https:\\\/\\\/x.com\\\/https:\\\/\\\/x.com\\\/MassirDestin\"],\"knowsAbout\":[\"Cin\u00e9ma international\",\"critique cin\u00e9matographique\",\"festivals de cin\u00e9ma\",\"journalisme culturel\"],\"knowsLanguage\":[\"Fran\u00e7ais\",\"Arabe\",\"Anglais\"],\"jobTitle\":\"Journaliste culturelle et critique de cin\u00e9ma\",\"worksFor\":\"Webdo\",\"url\":\"https:\\\/\\\/www.webdo.tn\\\/fr\\\/actualite\\\/author\\\/neila-driss\\\/\"}]}<\/script>\n<!-- \/ Yoast SEO Premium plugin. -->","yoast_head_json":{"title":"C\u00e9r\u00e9monie des Oscars 2024 : Entre r\u00e9compenses, d\u00e9ceptions et pol\u00e9miques","description":"Hier soir, le monde du cin\u00e9ma s'est \u00e0 nouveau illumin\u00e9 lors de la 96\u00e8me \u00e9dition des prestigieux Oscars. Cependant, la soir\u00e9e n'a pas d\u00e9but\u00e9 sans heurts, car que...","canonical":"https:\/\/www.webdo.tn\/fr\/actualite\/culture\/ceremonie-des-oscars-2024-entre-recompenses-deceptions-et-polemiques\/212895\/","og_locale":"fr_FR","og_type":"article","og_title":"C\u00e9r\u00e9monie des Oscars 2024 : Entre r\u00e9compenses, d\u00e9ceptions et pol\u00e9miques","og_description":"Hier soir, le monde du cin\u00e9ma s'est \u00e0 nouveau illumin\u00e9 lors de la 96\u00e8me \u00e9dition des prestigieux Oscars. Cependant, la soir\u00e9e n'a pas d\u00e9but\u00e9 sans heurts, car que...","og_url":"https:\/\/www.webdo.tn\/fr\/actualite\/culture\/ceremonie-des-oscars-2024-entre-recompenses-deceptions-et-polemiques\/212895\/","og_site_name":"webdo","article_publisher":"https:\/\/www.facebook.com\/webdotn","article_author":"https:\/\/www.facebook.com\/massir.destiniii\/","article_published_time":"2024-03-12T00:31:00+00:00","og_image":[{"width":665,"height":355,"url":"https:\/\/www.webdo.tn\/fr\/wp-content\/uploads\/2024\/03\/f2b3349332679e735b1c3eb57151f5bb.jpeg","type":"image\/jpeg"}],"author":"Ne\u00efla DRISS","twitter_card":"summary_large_image","twitter_creator":"@https:\/\/x.com\/MassirDestin","twitter_site":"@webdo_tn","twitter_misc":{"\u00c9crit par":"Ne\u00efla DRISS","Dur\u00e9e de lecture estim\u00e9e":"6 minutes"},"schema":{"@context":"https:\/\/schema.org","@graph":[{"@type":"NewsArticle","@id":"https:\/\/www.webdo.tn\/fr\/actualite\/culture\/ceremonie-des-oscars-2024-entre-recompenses-deceptions-et-polemiques\/212895\/#article","isPartOf":{"@id":"https:\/\/www.webdo.tn\/fr\/actualite\/culture\/ceremonie-des-oscars-2024-entre-recompenses-deceptions-et-polemiques\/212895\/"},"author":{"name":"Ne\u00efla DRISS","@id":"https:\/\/www.webdo.tn\/fr\/#\/schema\/person\/60d5ba619ed3f58783b0dc82b7dada80"},"headline":"C\u00e9r\u00e9monie des Oscars 2024 : Entre r\u00e9compenses, d\u00e9ceptions et pol\u00e9miques","datePublished":"2024-03-12T00:31:00+00:00","mainEntityOfPage":{"@id":"https:\/\/www.webdo.tn\/fr\/actualite\/culture\/ceremonie-des-oscars-2024-entre-recompenses-deceptions-et-polemiques\/212895\/"},"wordCount":1266,"commentCount":0,"publisher":{"@id":"https:\/\/www.webdo.tn\/fr\/#organization"},"image":{"@id":"https:\/\/www.webdo.tn\/fr\/actualite\/culture\/ceremonie-des-oscars-2024-entre-recompenses-deceptions-et-polemiques\/212895\/#primaryimage"},"thumbnailUrl":"https:\/\/www.webdo.tn\/fr\/wp-content\/uploads\/2024\/03\/f2b3349332679e735b1c3eb57151f5bb.jpeg","keywords":["'Jonathen Glazer']","Cin\u00e9ma","films","Kaouther Ben Hania","Oscars","Oscars 2024","The Zone of Interest"],"articleSection":["Culture"],"inLanguage":"fr-FR"},{"@type":"WebPage","@id":"https:\/\/www.webdo.tn\/fr\/actualite\/culture\/ceremonie-des-oscars-2024-entre-recompenses-deceptions-et-polemiques\/212895\/","url":"https:\/\/www.webdo.tn\/fr\/actualite\/culture\/ceremonie-des-oscars-2024-entre-recompenses-deceptions-et-polemiques\/212895\/","name":"C\u00e9r\u00e9monie des Oscars 2024 : Entre r\u00e9compenses, d\u00e9ceptions et pol\u00e9miques","isPartOf":{"@id":"https:\/\/www.webdo.tn\/fr\/#website"},"primaryImageOfPage":{"@id":"https:\/\/www.webdo.tn\/fr\/actualite\/culture\/ceremonie-des-oscars-2024-entre-recompenses-deceptions-et-polemiques\/212895\/#primaryimage"},"image":{"@id":"https:\/\/www.webdo.tn\/fr\/actualite\/culture\/ceremonie-des-oscars-2024-entre-recompenses-deceptions-et-polemiques\/212895\/#primaryimage"},"thumbnailUrl":"https:\/\/www.webdo.tn\/fr\/wp-content\/uploads\/2024\/03\/f2b3349332679e735b1c3eb57151f5bb.jpeg","datePublished":"2024-03-12T00:31:00+00:00","description":"Hier soir, le monde du cin\u00e9ma s'est \u00e0 nouveau illumin\u00e9 lors de la 96\u00e8me \u00e9dition des prestigieux Oscars. Cependant, la soir\u00e9e n'a pas d\u00e9but\u00e9 sans heurts, car que...","breadcrumb":{"@id":"https:\/\/www.webdo.tn\/fr\/actualite\/culture\/ceremonie-des-oscars-2024-entre-recompenses-deceptions-et-polemiques\/212895\/#breadcrumb"},"inLanguage":"fr-FR","potentialAction":[{"@type":"ReadAction","target":["https:\/\/www.webdo.tn\/fr\/actualite\/culture\/ceremonie-des-oscars-2024-entre-recompenses-deceptions-et-polemiques\/212895\/"]}]},{"@type":"ImageObject","inLanguage":"fr-FR","@id":"https:\/\/www.webdo.tn\/fr\/actualite\/culture\/ceremonie-des-oscars-2024-entre-recompenses-deceptions-et-polemiques\/212895\/#primaryimage","url":"https:\/\/www.webdo.tn\/fr\/wp-content\/uploads\/2024\/03\/f2b3349332679e735b1c3eb57151f5bb.jpeg","contentUrl":"https:\/\/www.webdo.tn\/fr\/wp-content\/uploads\/2024\/03\/f2b3349332679e735b1c3eb57151f5bb.jpeg","width":665,"height":355,"caption":"C\u00e9r\u00e9monie des Oscars 2024 : Entre r\u00e9compenses, d\u00e9ceptions et pol\u00e9miques"},{"@type":"BreadcrumbList","@id":"https:\/\/www.webdo.tn\/fr\/actualite\/culture\/ceremonie-des-oscars-2024-entre-recompenses-deceptions-et-polemiques\/212895\/#breadcrumb","itemListElement":[{"@type":"ListItem","position":1,"name":"Accueil","item":"https:\/\/www.webdo.tn\/fr\/"},{"@type":"ListItem","position":2,"name":"C\u00e9r\u00e9monie des Oscars 2024 : Entre r\u00e9compenses, d\u00e9ceptions et pol\u00e9miques"}]},{"@type":"WebSite","@id":"https:\/\/www.webdo.tn\/fr\/#website","url":"https:\/\/www.webdo.tn\/fr\/","name":"webdo","description":"Tunisie - News en Tunisie et \u00e0 l&#039;international sur Webdo.tn","publisher":{"@id":"https:\/\/www.webdo.tn\/fr\/#organization"},"potentialAction":[{"@type":"SearchAction","target":{"@type":"EntryPoint","urlTemplate":"https:\/\/www.webdo.tn\/fr\/?s={search_term_string}"},"query-input":{"@type":"PropertyValueSpecification","valueRequired":true,"valueName":"search_term_string"}}],"inLanguage":"fr-FR"},{"@type":"Organization","@id":"https:\/\/www.webdo.tn\/fr\/#organization","name":"Webdo","alternateName":"Webdo.tn","url":"https:\/\/www.webdo.tn\/fr\/","logo":{"@type":"ImageObject","inLanguage":"fr-FR","@id":"https:\/\/www.webdo.tn\/fr\/#\/schema\/logo\/image\/","url":"https:\/\/www.webdo.tn\/fr\/wp-content\/uploads\/2025\/06\/Webdo-Tunisie_168377.jpg","contentUrl":"https:\/\/www.webdo.tn\/fr\/wp-content\/uploads\/2025\/06\/Webdo-Tunisie_168377.jpg","width":301,"height":301,"caption":"Webdo"},"image":{"@id":"https:\/\/www.webdo.tn\/fr\/#\/schema\/logo\/image\/"},"sameAs":["https:\/\/www.facebook.com\/webdotn","https:\/\/x.com\/webdo_tn"],"description":"Webdo est un m\u00e9dia num\u00e9rique tunisien fond\u00e9 en 2010, sp\u00e9cialis\u00e9 dans l\u2019actualit\u00e9 nationale et internationale, l\u2019\u00e9conomie, la soci\u00e9t\u00e9 et les analyses politiques. Le site s\u2019adresse \u00e0 un large public francophone et couvre l\u2019information tunisienne en temps r\u00e9el.","email":"redac@webdo.tn","legalName":"YNJ SARL","foundingDate":"2010-09-06","numberOfEmployees":{"@type":"QuantitativeValue","minValue":"11","maxValue":"50"}},{"@type":"Person","@id":"https:\/\/www.webdo.tn\/fr\/#\/schema\/person\/60d5ba619ed3f58783b0dc82b7dada80","name":"Ne\u00efla DRISS","image":{"@type":"ImageObject","inLanguage":"fr-FR","@id":"https:\/\/www.webdo.tn\/fr\/wp-content\/uploads\/2026\/04\/neila-driss_avatar-96x96.jpg","url":"https:\/\/www.webdo.tn\/fr\/wp-content\/uploads\/2026\/04\/neila-driss_avatar-96x96.jpg","contentUrl":"https:\/\/www.webdo.tn\/fr\/wp-content\/uploads\/2026\/04\/neila-driss_avatar-96x96.jpg","caption":"Ne\u00efla DRISS"},"description":"Ne\u00efla Driss est juriste, journaliste culturelle et critique de cin\u00e9ma tunisienne. Titulaire d\u2019un DEA en droit priv\u00e9 de l\u2019Universit\u00e9 Paris II et d\u2019un DESS de l\u2019IHEC Carthage, elle d\u00e9bute sa carri\u00e8re comme juriste sp\u00e9cialis\u00e9e en gestion de patrimoine immobilier. Elle s\u2019oriente ensuite vers l\u2019\u00e9criture en ligne, o\u00f9 elle se distingue d\u00e8s 2006 aux Tunisia Blog Awards, avant de se consacrer au journalisme culturel, avec une sp\u00e9cialisation dans la critique cin\u00e9matographique. Elle couvre r\u00e9guli\u00e8rement les grands festivals internationaux, notamment le Festival de Cannes, les Journ\u00e9es Cin\u00e9matographiques de Carthage et le Festival du film du Caire. Membre de l\u2019ATPCC et de la FIPRESCI, elle participe \u00e0 des jurys et initiatives internationales de critique. Depuis 2024, elle est \u00e9lectrice internationale aux Golden Globes. Facebook : https:\/\/www.facebook.com\/massir.destiniii\/ X : https:\/\/x.com\/MassirDestin","sameAs":["https:\/\/www.facebook.com\/massir.destiniii\/","https:\/\/www.instagram.com\/neila.driss\/?hl=fr","https:\/\/www.linkedin.com\/in\/neila-driss-22606a80\/","https:\/\/x.com\/https:\/\/x.com\/MassirDestin"],"knowsAbout":["Cin\u00e9ma international","critique cin\u00e9matographique","festivals de cin\u00e9ma","journalisme culturel"],"knowsLanguage":["Fran\u00e7ais","Arabe","Anglais"],"jobTitle":"Journaliste culturelle et critique de cin\u00e9ma","worksFor":"Webdo","url":"https:\/\/www.webdo.tn\/fr\/actualite\/author\/neila-driss\/"}]}},"_links":{"self":[{"href":"https:\/\/www.webdo.tn\/fr\/wp-json\/wp\/v2\/posts\/212895","targetHints":{"allow":["GET"]}}],"collection":[{"href":"https:\/\/www.webdo.tn\/fr\/wp-json\/wp\/v2\/posts"}],"about":[{"href":"https:\/\/www.webdo.tn\/fr\/wp-json\/wp\/v2\/types\/post"}],"author":[{"embeddable":true,"href":"https:\/\/www.webdo.tn\/fr\/wp-json\/wp\/v2\/users\/3164"}],"replies":[{"embeddable":true,"href":"https:\/\/www.webdo.tn\/fr\/wp-json\/wp\/v2\/comments?post=212895"}],"version-history":[{"count":0,"href":"https:\/\/www.webdo.tn\/fr\/wp-json\/wp\/v2\/posts\/212895\/revisions"}],"wp:featuredmedia":[{"embeddable":true,"href":"https:\/\/www.webdo.tn\/fr\/wp-json\/wp\/v2\/media\/290331"}],"wp:attachment":[{"href":"https:\/\/www.webdo.tn\/fr\/wp-json\/wp\/v2\/media?parent=212895"}],"wp:term":[{"taxonomy":"category","embeddable":true,"href":"https:\/\/www.webdo.tn\/fr\/wp-json\/wp\/v2\/categories?post=212895"},{"taxonomy":"post_tag","embeddable":true,"href":"https:\/\/www.webdo.tn\/fr\/wp-json\/wp\/v2\/tags?post=212895"}],"curies":[{"name":"wp","href":"https:\/\/api.w.org\/{rel}","templated":true}]}}