{"id":212880,"date":"2024-03-11T11:49:00","date_gmt":"2024-03-11T11:49:00","guid":{"rendered":"https:\/\/www.webdo.tn\/fr\/blog\/tunisie-zied-el-heni-objet-de-trois-chefs-d-accusation\/212880\/"},"modified":"2025-05-20T21:52:18","modified_gmt":"2025-05-20T21:52:18","slug":"tunisie-zied-el-heni-objet-de-trois-chefs-d-accusation","status":"publish","type":"post","link":"https:\/\/www.webdo.tn\/fr\/actualite\/national\/tunisie-zied-el-heni-objet-de-trois-chefs-d-accusation\/212880\/","title":{"rendered":"Tunisie : Zied El Heni, objet de trois chefs d\u2019accusation"},"content":{"rendered":"<p>Le journaliste Zied El Heni a \u00e9t\u00e9 convoqu\u00e9, ce lundi 11 mars 2024 par le juge d\u2019instruction pr\u00e8s le p\u00f4le judiciaire de lutte contre le terrorisme dans une affaire en rapport avec le dirigeant d\u2019Ennahdha Mondher Lounissi.<\/p>\n<p>\t\t\t\t\t\t\t\t\tZied El Heni a comparu, aujourd\u2019hui, lundi 11 mars, devant le juge d\u2019instruction pr\u00e8s le p\u00f4le judiciaire de lutte contre le terrorisme.<\/p>\n<p>A sa sortie du p\u00f4le judiciaire, il a annonc\u00e9, dans un post publi\u00e9 sur sa page Facebook qu\u2019il comparaissait d\u00e9sormais en tant qu\u2019accus\u00e9 et non plus en tant que t\u00e9moin dans l\u2019affaire du dirigeant d\u2019Ennahdha Mondher Lounissi. Il a \u00e9galement annonc\u00e9 que trois chefs d\u2019accusation pesaient d\u00e9sormais \u00e0 son encontre les qualifiant (sans les citer) de \u00ab\u00a0ridicules, pitoyables et m\u00e9prisables\u00a0\u00bb.<\/p>\n<p>Zied El Heni a \u00e9t\u00e9 convoqu\u00e9 en tant qu\u2019accus\u00e9 en rapport avec l\u2019affaire du dirigeant d\u2019Ennahdha Mondher Lounissi. Il avait \u00e9t\u00e9 convoqu\u00e9, le 15 septembre 2023, en tant que t\u00e9moin dans l\u2019affaire des enregistrements fuit\u00e9s attribu\u00e9s au pr\u00e9sident par int\u00e9rim du mouvement Ennahdha, avant de se retrouver impliqu\u00e9 dans cette affaire en tant que suspect impliqu\u00e9 dans un crime terroriste.<\/p>\n<p>Le juge d&rsquo;instruction du p\u00f4le antiterroriste a d\u00e9cid\u00e9 le 30 janvier dernier de maintenir le journaliste Zied El Heni en libert\u00e9 apr\u00e8s son audition en tant qu&rsquo;accus\u00e9 dans cette affaire concernant le traitement m\u00e9diatique du cas de l\u2019ancien chef par int\u00e9rim d\u2019Ennahdha Mondher Lounissi, arr\u00eat\u00e9 le 5 septembre 2023.<\/p>\n<p>Zied El-Heni s\u2019\u00e9tait procur\u00e9 son dossier judiciaire \u00e0 des fins professionnelles et s\u2019est prononc\u00e9 sur ce sujet lors d\u2019une \u00e9mission radiophonique.<\/p>\n<p>Rappelons qu&rsquo;n mandat de d\u00e9p\u00f4t a \u00e9t\u00e9 \u00e9mis par le juge d&rsquo;instruction pr\u00e8s le P\u00f4le judiciaire de lutte contre le terrorisme, le 20 septembre 2023, \u00e0 l&rsquo;encontre de Mondher Lounissi pour son implication dans une affaire d&rsquo;enregistrements fuit\u00e9s.<\/p>\n","protected":false},"excerpt":{"rendered":"<p>Zied El Heni a comparu, aujourd\u2019hui, lundi 11 mars, devant le juge d\u2019instruction pr\u00e8s le p\u00f4le judiciaire de lutte contre le terrorisme.<\/p>\n","protected":false},"author":3162,"featured_media":247808,"comment_status":"open","ping_status":"closed","sticky":false,"template":"","format":"standard","meta":{"footnotes":""},"categories":[44],"tags":[6876,2619,6481,3913],"class_list":["post-212880","post","type-post","status-publish","format-standard","has-post-thumbnail","hentry","category-national","tag-accuse","tag-justice","tag-mondher-lounissi","tag-zied-el-heni"],"yoast_head":"<!-- This site is optimized with the Yoast SEO Premium plugin v27.5 (Yoast SEO v27.5) - https:\/\/yoast.com\/product\/yoast-seo-premium-wordpress\/ -->\n<title>Tunisie : Zied El Heni, objet de trois chefs d\u2019accusation<\/title>\n<meta name=\"description\" content=\"Zied El Heni a comparu, aujourd\u2019hui, lundi 11 mars, devant le juge d\u2019instruction pr\u00e8s le p\u00f4le judiciaire de lutte contre le terrorisme.\" \/>\n<link rel=\"canonical\" href=\"https:\/\/www.webdo.tn\/fr\/actualite\/national\/tunisie-zied-el-heni-objet-de-trois-chefs-d-accusation\/212880\/\" \/>\n<meta property=\"og:locale\" content=\"fr_FR\" \/>\n<meta property=\"og:type\" content=\"article\" \/>\n<meta property=\"og:title\" content=\"Tunisie : Zied El Heni, objet de trois chefs d\u2019accusation\" \/>\n<meta property=\"og:description\" content=\"Zied El Heni a comparu, aujourd\u2019hui, lundi 11 mars, devant le juge d\u2019instruction pr\u00e8s le p\u00f4le judiciaire de lutte contre le terrorisme.\" \/>\n<meta property=\"og:url\" content=\"https:\/\/www.webdo.tn\/fr\/actualite\/national\/tunisie-zied-el-heni-objet-de-trois-chefs-d-accusation\/212880\/\" \/>\n<meta property=\"og:site_name\" content=\"webdo\" \/>\n<meta property=\"article:publisher\" content=\"https:\/\/www.facebook.com\/webdotn\" \/>\n<meta property=\"article:published_time\" content=\"2024-03-11T11:49:00+00:00\" \/>\n<meta property=\"article:modified_time\" content=\"2025-05-20T21:52:18+00:00\" \/>\n<meta property=\"og:image\" content=\"https:\/\/www.webdo.tn\/fr\/wp-content\/uploads\/2024\/03\/029972c672b9209a760ad1153805bdf9.png\" \/>\n\t<meta property=\"og:image:width\" content=\"750\" \/>\n\t<meta property=\"og:image:height\" content=\"400\" \/>\n\t<meta property=\"og:image:type\" content=\"image\/png\" \/>\n<meta name=\"author\" content=\"MC\" \/>\n<meta name=\"twitter:card\" content=\"summary_large_image\" \/>\n<meta name=\"twitter:creator\" content=\"@webdo_tn\" \/>\n<meta name=\"twitter:site\" content=\"@webdo_tn\" \/>\n<meta name=\"twitter:label1\" content=\"\u00c9crit par\" \/>\n\t<meta name=\"twitter:data1\" content=\"MC\" \/>\n\t<meta name=\"twitter:label2\" content=\"Dur\u00e9e de lecture estim\u00e9e\" \/>\n\t<meta name=\"twitter:data2\" content=\"2 minutes\" \/>\n<script type=\"application\/ld+json\" class=\"yoast-schema-graph\">{\"@context\":\"https:\\\/\\\/schema.org\",\"@graph\":[{\"@type\":\"NewsArticle\",\"@id\":\"https:\\\/\\\/www.webdo.tn\\\/fr\\\/actualite\\\/national\\\/tunisie-zied-el-heni-objet-de-trois-chefs-d-accusation\\\/212880\\\/#article\",\"isPartOf\":{\"@id\":\"https:\\\/\\\/www.webdo.tn\\\/fr\\\/actualite\\\/national\\\/tunisie-zied-el-heni-objet-de-trois-chefs-d-accusation\\\/212880\\\/\"},\"author\":{\"name\":\"MC\",\"@id\":\"https:\\\/\\\/www.webdo.tn\\\/fr\\\/#\\\/schema\\\/person\\\/2c4929cbf5a809e3bd38617c6ce150f6\"},\"headline\":\"Tunisie : Zied El Heni, objet de trois chefs d\u2019accusation\",\"datePublished\":\"2024-03-11T11:49:00+00:00\",\"dateModified\":\"2025-05-20T21:52:18+00:00\",\"mainEntityOfPage\":{\"@id\":\"https:\\\/\\\/www.webdo.tn\\\/fr\\\/actualite\\\/national\\\/tunisie-zied-el-heni-objet-de-trois-chefs-d-accusation\\\/212880\\\/\"},\"wordCount\":333,\"commentCount\":0,\"publisher\":{\"@id\":\"https:\\\/\\\/www.webdo.tn\\\/fr\\\/#organization\"},\"image\":{\"@id\":\"https:\\\/\\\/www.webdo.tn\\\/fr\\\/actualite\\\/national\\\/tunisie-zied-el-heni-objet-de-trois-chefs-d-accusation\\\/212880\\\/#primaryimage\"},\"thumbnailUrl\":\"https:\\\/\\\/www.webdo.tn\\\/fr\\\/wp-content\\\/uploads\\\/2024\\\/03\\\/029972c672b9209a760ad1153805bdf9.png\",\"keywords\":[\"accus\u00e9\",\"justice\",\"mondher lounissi\",\"Zied El-Heni\"],\"articleSection\":[\"National\"],\"inLanguage\":\"fr-FR\"},{\"@type\":\"WebPage\",\"@id\":\"https:\\\/\\\/www.webdo.tn\\\/fr\\\/actualite\\\/national\\\/tunisie-zied-el-heni-objet-de-trois-chefs-d-accusation\\\/212880\\\/\",\"url\":\"https:\\\/\\\/www.webdo.tn\\\/fr\\\/actualite\\\/national\\\/tunisie-zied-el-heni-objet-de-trois-chefs-d-accusation\\\/212880\\\/\",\"name\":\"Tunisie : Zied El Heni, objet de trois chefs d\u2019accusation\",\"isPartOf\":{\"@id\":\"https:\\\/\\\/www.webdo.tn\\\/fr\\\/#website\"},\"primaryImageOfPage\":{\"@id\":\"https:\\\/\\\/www.webdo.tn\\\/fr\\\/actualite\\\/national\\\/tunisie-zied-el-heni-objet-de-trois-chefs-d-accusation\\\/212880\\\/#primaryimage\"},\"image\":{\"@id\":\"https:\\\/\\\/www.webdo.tn\\\/fr\\\/actualite\\\/national\\\/tunisie-zied-el-heni-objet-de-trois-chefs-d-accusation\\\/212880\\\/#primaryimage\"},\"thumbnailUrl\":\"https:\\\/\\\/www.webdo.tn\\\/fr\\\/wp-content\\\/uploads\\\/2024\\\/03\\\/029972c672b9209a760ad1153805bdf9.png\",\"datePublished\":\"2024-03-11T11:49:00+00:00\",\"dateModified\":\"2025-05-20T21:52:18+00:00\",\"description\":\"Zied El Heni a comparu, aujourd\u2019hui, lundi 11 mars, devant le juge d\u2019instruction pr\u00e8s le p\u00f4le judiciaire de lutte contre le terrorisme.\",\"breadcrumb\":{\"@id\":\"https:\\\/\\\/www.webdo.tn\\\/fr\\\/actualite\\\/national\\\/tunisie-zied-el-heni-objet-de-trois-chefs-d-accusation\\\/212880\\\/#breadcrumb\"},\"inLanguage\":\"fr-FR\",\"potentialAction\":[{\"@type\":\"ReadAction\",\"target\":[\"https:\\\/\\\/www.webdo.tn\\\/fr\\\/actualite\\\/national\\\/tunisie-zied-el-heni-objet-de-trois-chefs-d-accusation\\\/212880\\\/\"]}]},{\"@type\":\"ImageObject\",\"inLanguage\":\"fr-FR\",\"@id\":\"https:\\\/\\\/www.webdo.tn\\\/fr\\\/actualite\\\/national\\\/tunisie-zied-el-heni-objet-de-trois-chefs-d-accusation\\\/212880\\\/#primaryimage\",\"url\":\"https:\\\/\\\/www.webdo.tn\\\/fr\\\/wp-content\\\/uploads\\\/2024\\\/03\\\/029972c672b9209a760ad1153805bdf9.png\",\"contentUrl\":\"https:\\\/\\\/www.webdo.tn\\\/fr\\\/wp-content\\\/uploads\\\/2024\\\/03\\\/029972c672b9209a760ad1153805bdf9.png\",\"width\":750,\"height\":400,\"caption\":\"Tunisie : Zied El Heni, objet de trois chefs d\u2019accusation\"},{\"@type\":\"BreadcrumbList\",\"@id\":\"https:\\\/\\\/www.webdo.tn\\\/fr\\\/actualite\\\/national\\\/tunisie-zied-el-heni-objet-de-trois-chefs-d-accusation\\\/212880\\\/#breadcrumb\",\"itemListElement\":[{\"@type\":\"ListItem\",\"position\":1,\"name\":\"Accueil\",\"item\":\"https:\\\/\\\/www.webdo.tn\\\/fr\\\/\"},{\"@type\":\"ListItem\",\"position\":2,\"name\":\"Tunisie : Zied El Heni, objet de trois chefs d\u2019accusation\"}]},{\"@type\":\"WebSite\",\"@id\":\"https:\\\/\\\/www.webdo.tn\\\/fr\\\/#website\",\"url\":\"https:\\\/\\\/www.webdo.tn\\\/fr\\\/\",\"name\":\"webdo\",\"description\":\"Tunisie - News en Tunisie et \u00e0 l&#039;international sur Webdo.tn\",\"publisher\":{\"@id\":\"https:\\\/\\\/www.webdo.tn\\\/fr\\\/#organization\"},\"potentialAction\":[{\"@type\":\"SearchAction\",\"target\":{\"@type\":\"EntryPoint\",\"urlTemplate\":\"https:\\\/\\\/www.webdo.tn\\\/fr\\\/?s={search_term_string}\"},\"query-input\":{\"@type\":\"PropertyValueSpecification\",\"valueRequired\":true,\"valueName\":\"search_term_string\"}}],\"inLanguage\":\"fr-FR\"},{\"@type\":\"Organization\",\"@id\":\"https:\\\/\\\/www.webdo.tn\\\/fr\\\/#organization\",\"name\":\"Webdo\",\"alternateName\":\"Webdo.tn\",\"url\":\"https:\\\/\\\/www.webdo.tn\\\/fr\\\/\",\"logo\":{\"@type\":\"ImageObject\",\"inLanguage\":\"fr-FR\",\"@id\":\"https:\\\/\\\/www.webdo.tn\\\/fr\\\/#\\\/schema\\\/logo\\\/image\\\/\",\"url\":\"https:\\\/\\\/www.webdo.tn\\\/fr\\\/wp-content\\\/uploads\\\/2025\\\/06\\\/Webdo-Tunisie_168377.jpg\",\"contentUrl\":\"https:\\\/\\\/www.webdo.tn\\\/fr\\\/wp-content\\\/uploads\\\/2025\\\/06\\\/Webdo-Tunisie_168377.jpg\",\"width\":301,\"height\":301,\"caption\":\"Webdo\"},\"image\":{\"@id\":\"https:\\\/\\\/www.webdo.tn\\\/fr\\\/#\\\/schema\\\/logo\\\/image\\\/\"},\"sameAs\":[\"https:\\\/\\\/www.facebook.com\\\/webdotn\",\"https:\\\/\\\/x.com\\\/webdo_tn\"],\"description\":\"Webdo est un m\u00e9dia num\u00e9rique tunisien fond\u00e9 en 2010, sp\u00e9cialis\u00e9 dans l\u2019actualit\u00e9 nationale et internationale, l\u2019\u00e9conomie, la soci\u00e9t\u00e9 et les analyses politiques. Le site s\u2019adresse \u00e0 un large public francophone et couvre l\u2019information tunisienne en temps r\u00e9el.\",\"email\":\"redac@webdo.tn\",\"legalName\":\"YNJ SARL\",\"foundingDate\":\"2010-09-06\",\"numberOfEmployees\":{\"@type\":\"QuantitativeValue\",\"minValue\":\"11\",\"maxValue\":\"50\"}},{\"@type\":\"Person\",\"@id\":\"https:\\\/\\\/www.webdo.tn\\\/fr\\\/#\\\/schema\\\/person\\\/2c4929cbf5a809e3bd38617c6ce150f6\",\"name\":\"MC\",\"image\":{\"@type\":\"ImageObject\",\"inLanguage\":\"fr-FR\",\"@id\":\"https:\\\/\\\/secure.gravatar.com\\\/avatar\\\/a545bbb6f84efdd5553dbbc2895e3ca8f1d12c5215e00a041c9670b54aa9b18a?s=96&d=mm&r=g\",\"url\":\"https:\\\/\\\/secure.gravatar.com\\\/avatar\\\/a545bbb6f84efdd5553dbbc2895e3ca8f1d12c5215e00a041c9670b54aa9b18a?s=96&d=mm&r=g\",\"contentUrl\":\"https:\\\/\\\/secure.gravatar.com\\\/avatar\\\/a545bbb6f84efdd5553dbbc2895e3ca8f1d12c5215e00a041c9670b54aa9b18a?s=96&d=mm&r=g\",\"caption\":\"MC\"},\"url\":\"https:\\\/\\\/www.webdo.tn\\\/fr\\\/actualite\\\/author\\\/mc\\\/\"}]}<\/script>\n<!-- \/ Yoast SEO Premium plugin. -->","yoast_head_json":{"title":"Tunisie : Zied El Heni, objet de trois chefs d\u2019accusation","description":"Zied El Heni a comparu, aujourd\u2019hui, lundi 11 mars, devant le juge d\u2019instruction pr\u00e8s le p\u00f4le judiciaire de lutte contre le terrorisme.","canonical":"https:\/\/www.webdo.tn\/fr\/actualite\/national\/tunisie-zied-el-heni-objet-de-trois-chefs-d-accusation\/212880\/","og_locale":"fr_FR","og_type":"article","og_title":"Tunisie : Zied El Heni, objet de trois chefs d\u2019accusation","og_description":"Zied El Heni a comparu, aujourd\u2019hui, lundi 11 mars, devant le juge d\u2019instruction pr\u00e8s le p\u00f4le judiciaire de lutte contre le terrorisme.","og_url":"https:\/\/www.webdo.tn\/fr\/actualite\/national\/tunisie-zied-el-heni-objet-de-trois-chefs-d-accusation\/212880\/","og_site_name":"webdo","article_publisher":"https:\/\/www.facebook.com\/webdotn","article_published_time":"2024-03-11T11:49:00+00:00","article_modified_time":"2025-05-20T21:52:18+00:00","og_image":[{"width":750,"height":400,"url":"https:\/\/www.webdo.tn\/fr\/wp-content\/uploads\/2024\/03\/029972c672b9209a760ad1153805bdf9.png","type":"image\/png"}],"author":"MC","twitter_card":"summary_large_image","twitter_creator":"@webdo_tn","twitter_site":"@webdo_tn","twitter_misc":{"\u00c9crit par":"MC","Dur\u00e9e de lecture estim\u00e9e":"2 minutes"},"schema":{"@context":"https:\/\/schema.org","@graph":[{"@type":"NewsArticle","@id":"https:\/\/www.webdo.tn\/fr\/actualite\/national\/tunisie-zied-el-heni-objet-de-trois-chefs-d-accusation\/212880\/#article","isPartOf":{"@id":"https:\/\/www.webdo.tn\/fr\/actualite\/national\/tunisie-zied-el-heni-objet-de-trois-chefs-d-accusation\/212880\/"},"author":{"name":"MC","@id":"https:\/\/www.webdo.tn\/fr\/#\/schema\/person\/2c4929cbf5a809e3bd38617c6ce150f6"},"headline":"Tunisie : Zied El Heni, objet de trois chefs d\u2019accusation","datePublished":"2024-03-11T11:49:00+00:00","dateModified":"2025-05-20T21:52:18+00:00","mainEntityOfPage":{"@id":"https:\/\/www.webdo.tn\/fr\/actualite\/national\/tunisie-zied-el-heni-objet-de-trois-chefs-d-accusation\/212880\/"},"wordCount":333,"commentCount":0,"publisher":{"@id":"https:\/\/www.webdo.tn\/fr\/#organization"},"image":{"@id":"https:\/\/www.webdo.tn\/fr\/actualite\/national\/tunisie-zied-el-heni-objet-de-trois-chefs-d-accusation\/212880\/#primaryimage"},"thumbnailUrl":"https:\/\/www.webdo.tn\/fr\/wp-content\/uploads\/2024\/03\/029972c672b9209a760ad1153805bdf9.png","keywords":["accus\u00e9","justice","mondher lounissi","Zied El-Heni"],"articleSection":["National"],"inLanguage":"fr-FR"},{"@type":"WebPage","@id":"https:\/\/www.webdo.tn\/fr\/actualite\/national\/tunisie-zied-el-heni-objet-de-trois-chefs-d-accusation\/212880\/","url":"https:\/\/www.webdo.tn\/fr\/actualite\/national\/tunisie-zied-el-heni-objet-de-trois-chefs-d-accusation\/212880\/","name":"Tunisie : Zied El Heni, objet de trois chefs d\u2019accusation","isPartOf":{"@id":"https:\/\/www.webdo.tn\/fr\/#website"},"primaryImageOfPage":{"@id":"https:\/\/www.webdo.tn\/fr\/actualite\/national\/tunisie-zied-el-heni-objet-de-trois-chefs-d-accusation\/212880\/#primaryimage"},"image":{"@id":"https:\/\/www.webdo.tn\/fr\/actualite\/national\/tunisie-zied-el-heni-objet-de-trois-chefs-d-accusation\/212880\/#primaryimage"},"thumbnailUrl":"https:\/\/www.webdo.tn\/fr\/wp-content\/uploads\/2024\/03\/029972c672b9209a760ad1153805bdf9.png","datePublished":"2024-03-11T11:49:00+00:00","dateModified":"2025-05-20T21:52:18+00:00","description":"Zied El Heni a comparu, aujourd\u2019hui, lundi 11 mars, devant le juge d\u2019instruction pr\u00e8s le p\u00f4le judiciaire de lutte contre le terrorisme.","breadcrumb":{"@id":"https:\/\/www.webdo.tn\/fr\/actualite\/national\/tunisie-zied-el-heni-objet-de-trois-chefs-d-accusation\/212880\/#breadcrumb"},"inLanguage":"fr-FR","potentialAction":[{"@type":"ReadAction","target":["https:\/\/www.webdo.tn\/fr\/actualite\/national\/tunisie-zied-el-heni-objet-de-trois-chefs-d-accusation\/212880\/"]}]},{"@type":"ImageObject","inLanguage":"fr-FR","@id":"https:\/\/www.webdo.tn\/fr\/actualite\/national\/tunisie-zied-el-heni-objet-de-trois-chefs-d-accusation\/212880\/#primaryimage","url":"https:\/\/www.webdo.tn\/fr\/wp-content\/uploads\/2024\/03\/029972c672b9209a760ad1153805bdf9.png","contentUrl":"https:\/\/www.webdo.tn\/fr\/wp-content\/uploads\/2024\/03\/029972c672b9209a760ad1153805bdf9.png","width":750,"height":400,"caption":"Tunisie : Zied El Heni, objet de trois chefs d\u2019accusation"},{"@type":"BreadcrumbList","@id":"https:\/\/www.webdo.tn\/fr\/actualite\/national\/tunisie-zied-el-heni-objet-de-trois-chefs-d-accusation\/212880\/#breadcrumb","itemListElement":[{"@type":"ListItem","position":1,"name":"Accueil","item":"https:\/\/www.webdo.tn\/fr\/"},{"@type":"ListItem","position":2,"name":"Tunisie : Zied El Heni, objet de trois chefs d\u2019accusation"}]},{"@type":"WebSite","@id":"https:\/\/www.webdo.tn\/fr\/#website","url":"https:\/\/www.webdo.tn\/fr\/","name":"webdo","description":"Tunisie - News en Tunisie et \u00e0 l&#039;international sur Webdo.tn","publisher":{"@id":"https:\/\/www.webdo.tn\/fr\/#organization"},"potentialAction":[{"@type":"SearchAction","target":{"@type":"EntryPoint","urlTemplate":"https:\/\/www.webdo.tn\/fr\/?s={search_term_string}"},"query-input":{"@type":"PropertyValueSpecification","valueRequired":true,"valueName":"search_term_string"}}],"inLanguage":"fr-FR"},{"@type":"Organization","@id":"https:\/\/www.webdo.tn\/fr\/#organization","name":"Webdo","alternateName":"Webdo.tn","url":"https:\/\/www.webdo.tn\/fr\/","logo":{"@type":"ImageObject","inLanguage":"fr-FR","@id":"https:\/\/www.webdo.tn\/fr\/#\/schema\/logo\/image\/","url":"https:\/\/www.webdo.tn\/fr\/wp-content\/uploads\/2025\/06\/Webdo-Tunisie_168377.jpg","contentUrl":"https:\/\/www.webdo.tn\/fr\/wp-content\/uploads\/2025\/06\/Webdo-Tunisie_168377.jpg","width":301,"height":301,"caption":"Webdo"},"image":{"@id":"https:\/\/www.webdo.tn\/fr\/#\/schema\/logo\/image\/"},"sameAs":["https:\/\/www.facebook.com\/webdotn","https:\/\/x.com\/webdo_tn"],"description":"Webdo est un m\u00e9dia num\u00e9rique tunisien fond\u00e9 en 2010, sp\u00e9cialis\u00e9 dans l\u2019actualit\u00e9 nationale et internationale, l\u2019\u00e9conomie, la soci\u00e9t\u00e9 et les analyses politiques. Le site s\u2019adresse \u00e0 un large public francophone et couvre l\u2019information tunisienne en temps r\u00e9el.","email":"redac@webdo.tn","legalName":"YNJ SARL","foundingDate":"2010-09-06","numberOfEmployees":{"@type":"QuantitativeValue","minValue":"11","maxValue":"50"}},{"@type":"Person","@id":"https:\/\/www.webdo.tn\/fr\/#\/schema\/person\/2c4929cbf5a809e3bd38617c6ce150f6","name":"MC","image":{"@type":"ImageObject","inLanguage":"fr-FR","@id":"https:\/\/secure.gravatar.com\/avatar\/a545bbb6f84efdd5553dbbc2895e3ca8f1d12c5215e00a041c9670b54aa9b18a?s=96&d=mm&r=g","url":"https:\/\/secure.gravatar.com\/avatar\/a545bbb6f84efdd5553dbbc2895e3ca8f1d12c5215e00a041c9670b54aa9b18a?s=96&d=mm&r=g","contentUrl":"https:\/\/secure.gravatar.com\/avatar\/a545bbb6f84efdd5553dbbc2895e3ca8f1d12c5215e00a041c9670b54aa9b18a?s=96&d=mm&r=g","caption":"MC"},"url":"https:\/\/www.webdo.tn\/fr\/actualite\/author\/mc\/"}]}},"_links":{"self":[{"href":"https:\/\/www.webdo.tn\/fr\/wp-json\/wp\/v2\/posts\/212880","targetHints":{"allow":["GET"]}}],"collection":[{"href":"https:\/\/www.webdo.tn\/fr\/wp-json\/wp\/v2\/posts"}],"about":[{"href":"https:\/\/www.webdo.tn\/fr\/wp-json\/wp\/v2\/types\/post"}],"author":[{"embeddable":true,"href":"https:\/\/www.webdo.tn\/fr\/wp-json\/wp\/v2\/users\/3162"}],"replies":[{"embeddable":true,"href":"https:\/\/www.webdo.tn\/fr\/wp-json\/wp\/v2\/comments?post=212880"}],"version-history":[{"count":0,"href":"https:\/\/www.webdo.tn\/fr\/wp-json\/wp\/v2\/posts\/212880\/revisions"}],"wp:featuredmedia":[{"embeddable":true,"href":"https:\/\/www.webdo.tn\/fr\/wp-json\/wp\/v2\/media\/247808"}],"wp:attachment":[{"href":"https:\/\/www.webdo.tn\/fr\/wp-json\/wp\/v2\/media?parent=212880"}],"wp:term":[{"taxonomy":"category","embeddable":true,"href":"https:\/\/www.webdo.tn\/fr\/wp-json\/wp\/v2\/categories?post=212880"},{"taxonomy":"post_tag","embeddable":true,"href":"https:\/\/www.webdo.tn\/fr\/wp-json\/wp\/v2\/tags?post=212880"}],"curies":[{"name":"wp","href":"https:\/\/api.w.org\/{rel}","templated":true}]}}