{"id":212858,"date":"2024-03-09T21:12:00","date_gmt":"2024-03-09T21:12:00","guid":{"rendered":"https:\/\/www.webdo.tn\/fr\/blog\/a-la-decouverte-des-feuilletons-de-ramadan-2024\/212858\/"},"modified":"2024-03-09T21:12:00","modified_gmt":"2024-03-09T21:12:00","slug":"a-la-decouverte-des-feuilletons-de-ramadan-2024","status":"publish","type":"post","link":"https:\/\/www.webdo.tn\/fr\/actualite\/culture\/a-la-decouverte-des-feuilletons-de-ramadan-2024\/212858\/","title":{"rendered":"A la d\u00e9couverte des feuilletons de Ramadan 2024"},"content":{"rendered":"<div class=\"single-body entry-content typography-copy\" itemprop=\"articleBody\">\n<p style=\"font-weight: bold; text-align: justify\">\n\t\t\t\t\t\t\t\t\tLe mois de Ramadan approche \u00e0 tr\u00e8s grands pas, et avec lui, la traditionnelle s\u00e9lection de feuilletons t\u00e9l\u00e9vis\u00e9s qui captivent les spectateurs tout au long des nuits sacr\u00e9es. C&rsquo;est un moment attendu avec impatience, une p\u00e9riode o\u00f9 les foyers se rassemblent pour partager des moments de divertissement, de r\u00e9flexion et de partage. Ce ramadan, comme chaque ramadan, je me plonge avec enthousiasme dans la s\u00e9lection des feuilletons \u00e0 ne pas manquer.\n\t\t\t\t\t\t\t\t<\/p>\n<div class=\"coprs\" style=\"text-align: center\"><\/div>\n<div class=\"coprs\" style=\"text-align: justify\">\n<p><span><span>Depuis quelques ann\u00e9es d\u00e9j\u00e0, je me suis prise d&rsquo;affection pour cette tradition, surtout gr\u00e2ce au <a href=\"https:\/\/www.webdo.tn\/fr\/actualite\/culture\/femmes-et-cinema-pink-popcorn-fete-ses-deux-ans-d-echanges-passionnes\/204714\">groupe facebook Pink Popcorn<\/a>, une communaut\u00e9 exclusivement f\u00e9minine o\u00f9 nous partageons nos impressions et nos \u00e9motions autour des feuilletons. C&rsquo;est comme si nous \u00e9tions un grand groupe d&rsquo;amies r\u00e9unies pour savourer ensemble chaque instant de ces productions t\u00e9l\u00e9visuelles.<\/span><\/span><\/p>\n<p><span><span>Pour cette ann\u00e9e, ma premi\u00e8re s\u00e9lection se concentre principalement sur les feuilletons \u00e9gyptiens, et comme crit\u00e8re, j\u2019ai privil\u00e9gi\u00e9 la r\u00e9putation des r\u00e9alisateurs et de certains acteurs principaux dont le professionnalisme a souvent \u00e9t\u00e9 gage de qualit\u00e9.<\/span><\/span><\/p>\n<p><span><span><strong><em><u>Bedon Sabeq Enthar<\/u><\/em><\/strong><\/span><\/span><\/p>\n<p><span><span>R\u00e9alis\u00e9 par le grand Hani Khalifa, ce feuilleton met en vedette la talentueuse <a href=\"https:\/\/www.webdo.tn\/fr\/actualite\/culture\/aicha-ben-ahmed-jeune-actrice-tunisienne-a-conquete-de-legypte\/199654\">Aicha Ben Ahmed, notre fiert\u00e9 nationale tunisienne<\/a>, qui promet une interpr\u00e9tation remarquable. Les \u0153uvres pr\u00e9c\u00e9dentes de Hani Khalifa nous ont habitu\u00e9s \u00e0 une narration subtile et \u00e0 des personnages profond\u00e9ment humains, ce qui laisse pr\u00e9sager une exp\u00e9rience riche en \u00e9motions et en r\u00e9flexions.<\/span><\/span><\/p>\n<p><span><span><u>Synopsis<\/u> : L&rsquo;histoire tourne autour de Majed et Leila, un couple en attente de leur premier enfant, confront\u00e9 \u00e0 de multiples d\u00e9fis.<\/span><\/span><\/p>\n<p>\u00a0<\/p>\n<p><img decoding=\"async\" alt=\"\" height=\"1200\" src=\"\/assets\/uploads\/images\/\/Neila\/Bedon%20Sabeq%20Enthar.jpeg\" width=\"1200\"><\/p>\n<p>\u00a0<\/p>\n<p><span><span><strong><em><u>Al Hashashin<\/u><\/em><\/strong><\/span><\/span><\/p>\n<p><span><span>R\u00e9alis\u00e9 par Peter Mimi, qui nous a d\u00e9j\u00e0 tenu en haleine pendant trois ramadan avec son feuilleton <em>Al ikhtyar\u00a01, 2 et 3<\/em>, <em>Al Hashashin<\/em> promet une immersion totale dans une \u00e9poque tumultueuse o\u00f9 les intrigues politiques et les luttes de pouvoir \u00e9taient monnaie courante. Avec une distribution de talent et des d\u00e9cors somptueux, cette s\u00e9rie s&rsquo;annonce comme une \u00e9pop\u00e9e \u00e9pique \u00e0 ne pas manquer.<\/span><\/span><\/p>\n<p><span><span><u>Synopsis :<\/u> Cette s\u00e9rie se d\u00e9roule dans un contexte historique, au XIe si\u00e8cle, mettant en lumi\u00e8re le leader des Assassins, Hasan Al Sabah, et son groupe notoire.<\/span><\/span><\/p>\n<p>\u00a0<\/p>\n<p><img decoding=\"async\" alt=\"\" height=\"766\" src=\"\/assets\/uploads\/images\/\/Neila\/Feuilleton%20Al%20Hashashin.jpeg\" width=\"640\"><\/p>\n<p>\u00a0<\/p>\n<p>\u00a0<\/p>\n<p><span><span><strong><em><u>Masar Egbary<\/u><\/em><\/strong><\/span><\/span><\/p>\n<p><span><span>Sous la direction de la talentueuse r\u00e9alisatrice Nadine Khan, ce feuilleton promet une intrigue palpitante, m\u00ealant suspense et action. Son approche artistique unique et son engagement envers des histoires authentiques en font une \u0153uvre \u00e0 surveiller de pr\u00e8s.<\/span><\/span><\/p>\n<p><span><span><u>Synopsis <\/u>: Deux jeunes hommes, Hassan et Hussein, d\u00e9couvrent un secret dangereux qui bouleverse leur vie, les entra\u00eenant dans un voyage palpitant.<\/span><\/span><\/p>\n<p>\u00a0<\/p>\n<p><img decoding=\"async\" alt=\"\" height=\"804\" src=\"\/assets\/uploads\/images\/\/Neila\/Masar%20Egbary%20.jpeg\" width=\"640\"><\/p>\n<p>\u00a0<\/p>\n<p><span><span><strong><em><u>Embratoreyet Meem<\/u><\/em><\/strong><\/span><\/span><\/p>\n<p><span><span>Adapt\u00e9 de l&rsquo;\u0153uvre du grand \u00e9crivain <a href=\"https:\/\/www.webdo.tn\/fr\/actualite\/culture\/lexposition-ihsan-abdel-quddous-une-maniere-de-perpetuer-la-memoire-du-cinema-egyptien\/199845\">Ihsan Abdel Quddous (1919 \u2013 1990) <\/a>, ce feuilleton offre une exploration poignante des d\u00e9fis de la parentalit\u00e9 et du deuil. Ce feuilleton pourra-t-il rivaliser avec le film embl\u00e9matique, adapt\u00e9 du m\u00eame roman, et mettant en vedette Faten Hamama? Seul le visionnage nous le dira, mais les promesses sont grandes.<\/span><\/span><\/p>\n<p><span><span><u>Synopsis :<\/u> Apr\u00e8s le d\u00e9c\u00e8s de sa femme, Mokhtar se retrouve responsable de leurs six enfants, jonglant entre ses propres sentiments et les besoins de sa famille.<\/span><\/span><\/p>\n<p>\u00a0<\/p>\n<p><img decoding=\"async\" alt=\"\" height=\"786\" src=\"\/assets\/uploads\/images\/\/Neila\/Embratoreyet%20Meem.jpeg\" width=\"640\"><\/p>\n<p>\u00a0<\/p>\n<p><span><span><strong><em><u>Kamel El Adad +1<\/u><\/em><\/strong><\/span><\/span><\/p>\n<p><span><span>J\u2019esp\u00e8re que cette saison deux sera aussi hilarante que l&rsquo;ann\u00e9e pr\u00e9c\u00e9dente, <em>Kamel El Adad +1<\/em> nous invitera \u00e0 rire et \u00e0 r\u00e9fl\u00e9chir sur les dynamiques familiales modernes. Avec son humour intelligent et ses personnages attachants, cette s\u00e9rie promet des moments de divertissement inoubliables.<\/span><\/span><\/p>\n<p><span><span><u>Synopsis :<\/u> Cette s\u00e9rie comique suit les tribulations d&rsquo;une famille recompos\u00e9e, qui accueille cette ann\u00e9e, l&rsquo;arriv\u00e9e d&rsquo;un nouveau-n\u00e9.<\/span><\/span><\/p>\n<p>\u00a0<\/p>\n<p><img decoding=\"async\" alt=\"\" height=\"640\" src=\"\/assets\/uploads\/images\/\/Neila\/Kamel%20El%20Adad%20+1.jpeg\" width=\"640\"><\/p>\n<p>\u00a0<\/p>\n<p><span><span><strong><em><u>Farawla<\/u><\/em><\/strong><\/span><\/span><\/p>\n<p><span><span>R\u00e9alis\u00e9 par Muhammad Ali, <em>Farawla<\/em> est l\u2019occasion de retrouver la grande actrice Nelly Karim dans un r\u00f4le comique, comme dans <em>100 wich <\/em>il y a 4 ans.<\/span><\/span><\/p>\n<p><span><span><u>Synopsis :<\/u> Le r\u00e9cit tourne autour de Farawla, une lectrice de caf\u00e9 et fille d&rsquo;un gardien de propri\u00e9t\u00e9, qui s&rsquo;\u00e9l\u00e8ve de la pauvret\u00e9 pour devenir une c\u00e9l\u00e9brit\u00e9 des m\u00e9dias sociaux. Son ascension est remplie de situations comiques alors qu&rsquo;elle devient une figure influente dans la soci\u00e9t\u00e9 et une experte en \u00e9nergie.<\/span><\/span><\/p>\n<p>\u00a0<\/p>\n<p><img decoding=\"async\" alt=\"\" height=\"786\" src=\"\/assets\/uploads\/images\/\/Neila\/Farawla.jpeg\" width=\"640\"><\/p>\n<p>\u00a0<\/p>\n<p><span><span><strong><em><u>Sellet Rahm<\/u><\/em><\/strong> <\/span><\/span><\/p>\n<p><span><span>R\u00e9alis\u00e9 par Tamer Nady, avec l\u2019acteur Eyad Nassar dans le r\u00f4le principal.<\/span><\/span><\/p>\n<p><span><span><u>Synopsis :<\/u> Dans un cadre dramatique et captivant, la s\u00e9rie aborde le sujet du recours \u00e0 la gestation pour autrui, \u00e0 travers l&rsquo;histoire d&rsquo;un anesth\u00e9siste nomm\u00e9 Hossam et de sa femme Leila.<\/span><\/span><\/p>\n<p>\u00a0<\/p>\n<p><img decoding=\"async\" alt=\"\" height=\"800\" src=\"\/assets\/uploads\/images\/\/Neila\/Sellet%20Rahm.jpeg\" width=\"640\"><\/p>\n<p>\u00a0<\/p>\n<p><span><span><strong><em><u>Ward<\/u><\/em><\/strong><u> <\/u><\/span><\/span><\/p>\n<p><span><span>R\u00e9alis\u00e9 par Shady Abu Shady, avec l\u2019actrice Hanen Metawea dans le r\u00f4le principal.<\/span><\/span><\/p>\n<p><span><span><u>Synopsis :<\/u> Les \u00e9v\u00e9nements de la s\u00e9rie se d\u00e9roulent dans un contexte social o\u00f9 Ward est confront\u00e9e \u00e0 de multiples pressions et difficult\u00e9s. Elle tombe amoureuse de deux hommes, l&rsquo;un \u00e9tant un homme d&rsquo;affaires et l&rsquo;autre un avocat.<\/span><\/span><\/p>\n<p>\u00a0<\/p>\n<p><img decoding=\"async\" alt=\"\" height=\"360\" src=\"\/assets\/uploads\/images\/\/Neila\/Ward%20.jpeg\" width=\"640\"><\/p>\n<p>\u00a0<\/p>\n<p><span><span>Ces trois derniers feuilletons promettent d&rsquo;offrir des performances remarquables de la part de leurs acteurs principaux, ainsi que des intrigues captivantes qui sauront certainement enchanter les spectateurs.<\/span><\/span><\/p>\n<p><span><span>En ce qui concerne les feuilletons ramadanesques tunisiens, les informations disponibles sont malheureusement tr\u00e8s limit\u00e9es. Nous devrons les d\u00e9couvrir au fur et \u00e0 mesure d\u00e8s le d\u00e9but du mois de Ramadan. Cependant, nous savons d\u00e9j\u00e0 qu&rsquo;une deuxi\u00e8me saison du magnifique feuilleton <em><a href=\"https:\/\/www.webdo.tn\/fr\/actualite\/culture\/falluja-le-feuilleton-tunisien-qui-suscite-la-polemique-et-l-interet-des-spectateurs\/204791\">Fallujah, r\u00e9alis\u00e9e par Sawsen Jemni<\/a><\/em>, est pr\u00e9vue, suscitant l&rsquo;attente fervente des spectateurs qui sont impatients de retrouver les personnages qu&rsquo;ils ont tant appr\u00e9ci\u00e9s l&rsquo;ann\u00e9e derni\u00e8re. De plus, sur Facebook, le r\u00e9alisateur Abdelhamid Bouchnak a annonc\u00e9 son feuilleton <em>Ragouj<\/em>. Cependant, aucun synopsis n&rsquo;a malheureusement \u00e9t\u00e9 publi\u00e9 pour ces deux feuilletons.<\/span><\/span><\/p>\n<p>\u00a0<\/p>\n<p><img decoding=\"async\" alt=\"\" height=\"858\" src=\"\/assets\/uploads\/images\/\/Neila\/Fallujah%202.jpeg\" width=\"720\"><\/p>\n<p>\u00a0<\/p>\n<p><span><span>Bien s\u00fbr, cette s\u00e9lection n&rsquo;est qu&rsquo;un d\u00e9but, et elle \u00e9voluera au fil des jours, au gr\u00e9 des d\u00e9couvertes et des recommandations. Mais une chose est s\u00fbre, Ramadan 2024 s&rsquo;annonce riche en \u00e9motions et en d\u00e9couvertes t\u00e9l\u00e9visuelles, et je suis impatiente de partager cette aventure avec vous tous et avec mes amies du Pink Popcorn.<\/span><\/span><\/p>\n<p><span><span>Romdhankom Mabrouk \u00e0 tous.\u00a0<\/span><\/span><\/p>\n<p><strong><span><span>Ne\u00efla Driss<\/span><\/span><\/strong><\/p>\n<p>\u00a0<\/p>\n<\/p><\/div>\n<div class=\"coprs\" style=\"text-align: center\"><\/div><\/div>\n","protected":false},"excerpt":{"rendered":"<p>Le mois de Ramadan approche \u00e0 tr\u00e8s grands pas, et avec lui, la traditionnelle s\u00e9lection de feuilletons t\u00e9l\u00e9vis\u00e9s qui captivent les spectateurs tout au long des&#8230;<\/p>\n","protected":false},"author":3164,"featured_media":290326,"comment_status":"open","ping_status":"closed","sticky":false,"template":"","format":"standard","meta":{"footnotes":""},"categories":[2594],"tags":[3833,6711,3512,6713,2944],"class_list":["post-212858","post","type-post","status-publish","format-standard","has-post-thumbnail","hentry","category-culture","tag-feuilleton","tag-feuilleton-egyptien","tag-ramadan","tag-ramadan-2024","tag-television"],"yoast_head":"<!-- This site is optimized with the Yoast SEO Premium plugin v27.5 (Yoast SEO v27.5) - https:\/\/yoast.com\/product\/yoast-seo-premium-wordpress\/ -->\n<title>A la d\u00e9couverte des feuilletons de Ramadan 2024<\/title>\n<meta name=\"description\" content=\"Le mois de Ramadan approche \u00e0 tr\u00e8s grands pas, et avec lui, la traditionnelle s\u00e9lection de feuilletons t\u00e9l\u00e9vis\u00e9s qui captivent les spectateurs tout au long des...\" \/>\n<link rel=\"canonical\" href=\"https:\/\/www.webdo.tn\/fr\/actualite\/culture\/a-la-decouverte-des-feuilletons-de-ramadan-2024\/212858\/\" \/>\n<meta property=\"og:locale\" content=\"fr_FR\" \/>\n<meta property=\"og:type\" content=\"article\" \/>\n<meta property=\"og:title\" content=\"A la d\u00e9couverte des feuilletons de Ramadan 2024\" \/>\n<meta property=\"og:description\" content=\"Le mois de Ramadan approche \u00e0 tr\u00e8s grands pas, et avec lui, la traditionnelle s\u00e9lection de feuilletons t\u00e9l\u00e9vis\u00e9s qui captivent les spectateurs tout au long des...\" \/>\n<meta property=\"og:url\" content=\"https:\/\/www.webdo.tn\/fr\/actualite\/culture\/a-la-decouverte-des-feuilletons-de-ramadan-2024\/212858\/\" \/>\n<meta property=\"og:site_name\" content=\"webdo\" \/>\n<meta property=\"article:publisher\" content=\"https:\/\/www.facebook.com\/webdotn\" \/>\n<meta property=\"article:author\" content=\"https:\/\/www.facebook.com\/massir.destiniii\/\" \/>\n<meta property=\"article:published_time\" content=\"2024-03-09T21:12:00+00:00\" \/>\n<meta property=\"og:image\" content=\"https:\/\/www.webdo.tn\/fr\/wp-content\/uploads\/2024\/03\/9a3c5e302c2c64b74bb5d822ef5cfa8e.jpeg\" \/>\n\t<meta property=\"og:image:width\" content=\"750\" \/>\n\t<meta property=\"og:image:height\" content=\"400\" \/>\n\t<meta property=\"og:image:type\" content=\"image\/jpeg\" \/>\n<meta name=\"author\" content=\"Ne\u00efla DRISS\" \/>\n<meta name=\"twitter:card\" content=\"summary_large_image\" \/>\n<meta name=\"twitter:creator\" content=\"@https:\/\/x.com\/MassirDestin\" \/>\n<meta name=\"twitter:site\" content=\"@webdo_tn\" \/>\n<meta name=\"twitter:label1\" content=\"\u00c9crit par\" \/>\n\t<meta name=\"twitter:data1\" content=\"Ne\u00efla DRISS\" \/>\n\t<meta name=\"twitter:label2\" content=\"Dur\u00e9e de lecture estim\u00e9e\" \/>\n\t<meta name=\"twitter:data2\" content=\"5 minutes\" \/>\n<script type=\"application\/ld+json\" class=\"yoast-schema-graph\">{\"@context\":\"https:\\\/\\\/schema.org\",\"@graph\":[{\"@type\":\"NewsArticle\",\"@id\":\"https:\\\/\\\/www.webdo.tn\\\/fr\\\/actualite\\\/culture\\\/a-la-decouverte-des-feuilletons-de-ramadan-2024\\\/212858\\\/#article\",\"isPartOf\":{\"@id\":\"https:\\\/\\\/www.webdo.tn\\\/fr\\\/actualite\\\/culture\\\/a-la-decouverte-des-feuilletons-de-ramadan-2024\\\/212858\\\/\"},\"author\":{\"name\":\"Ne\u00efla DRISS\",\"@id\":\"https:\\\/\\\/www.webdo.tn\\\/fr\\\/#\\\/schema\\\/person\\\/60d5ba619ed3f58783b0dc82b7dada80\"},\"headline\":\"A la d\u00e9couverte des feuilletons de Ramadan 2024\",\"datePublished\":\"2024-03-09T21:12:00+00:00\",\"mainEntityOfPage\":{\"@id\":\"https:\\\/\\\/www.webdo.tn\\\/fr\\\/actualite\\\/culture\\\/a-la-decouverte-des-feuilletons-de-ramadan-2024\\\/212858\\\/\"},\"wordCount\":1016,\"commentCount\":0,\"publisher\":{\"@id\":\"https:\\\/\\\/www.webdo.tn\\\/fr\\\/#organization\"},\"image\":{\"@id\":\"https:\\\/\\\/www.webdo.tn\\\/fr\\\/actualite\\\/culture\\\/a-la-decouverte-des-feuilletons-de-ramadan-2024\\\/212858\\\/#primaryimage\"},\"thumbnailUrl\":\"https:\\\/\\\/www.webdo.tn\\\/fr\\\/wp-content\\\/uploads\\\/2024\\\/03\\\/9a3c5e302c2c64b74bb5d822ef5cfa8e.jpeg\",\"keywords\":[\"feuilleton\",\"Feuilleton \u00e9gyptien\",\"ramadan\",\"Ramadan 2024\",\"T\u00e9l\u00e9vision\"],\"articleSection\":[\"Culture\"],\"inLanguage\":\"fr-FR\"},{\"@type\":\"WebPage\",\"@id\":\"https:\\\/\\\/www.webdo.tn\\\/fr\\\/actualite\\\/culture\\\/a-la-decouverte-des-feuilletons-de-ramadan-2024\\\/212858\\\/\",\"url\":\"https:\\\/\\\/www.webdo.tn\\\/fr\\\/actualite\\\/culture\\\/a-la-decouverte-des-feuilletons-de-ramadan-2024\\\/212858\\\/\",\"name\":\"A la d\u00e9couverte des feuilletons de Ramadan 2024\",\"isPartOf\":{\"@id\":\"https:\\\/\\\/www.webdo.tn\\\/fr\\\/#website\"},\"primaryImageOfPage\":{\"@id\":\"https:\\\/\\\/www.webdo.tn\\\/fr\\\/actualite\\\/culture\\\/a-la-decouverte-des-feuilletons-de-ramadan-2024\\\/212858\\\/#primaryimage\"},\"image\":{\"@id\":\"https:\\\/\\\/www.webdo.tn\\\/fr\\\/actualite\\\/culture\\\/a-la-decouverte-des-feuilletons-de-ramadan-2024\\\/212858\\\/#primaryimage\"},\"thumbnailUrl\":\"https:\\\/\\\/www.webdo.tn\\\/fr\\\/wp-content\\\/uploads\\\/2024\\\/03\\\/9a3c5e302c2c64b74bb5d822ef5cfa8e.jpeg\",\"datePublished\":\"2024-03-09T21:12:00+00:00\",\"description\":\"Le mois de Ramadan approche \u00e0 tr\u00e8s grands pas, et avec lui, la traditionnelle s\u00e9lection de feuilletons t\u00e9l\u00e9vis\u00e9s qui captivent les spectateurs tout au long des...\",\"breadcrumb\":{\"@id\":\"https:\\\/\\\/www.webdo.tn\\\/fr\\\/actualite\\\/culture\\\/a-la-decouverte-des-feuilletons-de-ramadan-2024\\\/212858\\\/#breadcrumb\"},\"inLanguage\":\"fr-FR\",\"potentialAction\":[{\"@type\":\"ReadAction\",\"target\":[\"https:\\\/\\\/www.webdo.tn\\\/fr\\\/actualite\\\/culture\\\/a-la-decouverte-des-feuilletons-de-ramadan-2024\\\/212858\\\/\"]}]},{\"@type\":\"ImageObject\",\"inLanguage\":\"fr-FR\",\"@id\":\"https:\\\/\\\/www.webdo.tn\\\/fr\\\/actualite\\\/culture\\\/a-la-decouverte-des-feuilletons-de-ramadan-2024\\\/212858\\\/#primaryimage\",\"url\":\"https:\\\/\\\/www.webdo.tn\\\/fr\\\/wp-content\\\/uploads\\\/2024\\\/03\\\/9a3c5e302c2c64b74bb5d822ef5cfa8e.jpeg\",\"contentUrl\":\"https:\\\/\\\/www.webdo.tn\\\/fr\\\/wp-content\\\/uploads\\\/2024\\\/03\\\/9a3c5e302c2c64b74bb5d822ef5cfa8e.jpeg\",\"width\":750,\"height\":400,\"caption\":\"A la d\u00e9couverte des feuilletons de Ramadan 2024\"},{\"@type\":\"BreadcrumbList\",\"@id\":\"https:\\\/\\\/www.webdo.tn\\\/fr\\\/actualite\\\/culture\\\/a-la-decouverte-des-feuilletons-de-ramadan-2024\\\/212858\\\/#breadcrumb\",\"itemListElement\":[{\"@type\":\"ListItem\",\"position\":1,\"name\":\"Accueil\",\"item\":\"https:\\\/\\\/www.webdo.tn\\\/fr\\\/\"},{\"@type\":\"ListItem\",\"position\":2,\"name\":\"A la d\u00e9couverte des feuilletons de Ramadan 2024\"}]},{\"@type\":\"WebSite\",\"@id\":\"https:\\\/\\\/www.webdo.tn\\\/fr\\\/#website\",\"url\":\"https:\\\/\\\/www.webdo.tn\\\/fr\\\/\",\"name\":\"webdo\",\"description\":\"Tunisie - News en Tunisie et \u00e0 l&#039;international sur Webdo.tn\",\"publisher\":{\"@id\":\"https:\\\/\\\/www.webdo.tn\\\/fr\\\/#organization\"},\"potentialAction\":[{\"@type\":\"SearchAction\",\"target\":{\"@type\":\"EntryPoint\",\"urlTemplate\":\"https:\\\/\\\/www.webdo.tn\\\/fr\\\/?s={search_term_string}\"},\"query-input\":{\"@type\":\"PropertyValueSpecification\",\"valueRequired\":true,\"valueName\":\"search_term_string\"}}],\"inLanguage\":\"fr-FR\"},{\"@type\":\"Organization\",\"@id\":\"https:\\\/\\\/www.webdo.tn\\\/fr\\\/#organization\",\"name\":\"Webdo\",\"alternateName\":\"Webdo.tn\",\"url\":\"https:\\\/\\\/www.webdo.tn\\\/fr\\\/\",\"logo\":{\"@type\":\"ImageObject\",\"inLanguage\":\"fr-FR\",\"@id\":\"https:\\\/\\\/www.webdo.tn\\\/fr\\\/#\\\/schema\\\/logo\\\/image\\\/\",\"url\":\"https:\\\/\\\/www.webdo.tn\\\/fr\\\/wp-content\\\/uploads\\\/2025\\\/06\\\/Webdo-Tunisie_168377.jpg\",\"contentUrl\":\"https:\\\/\\\/www.webdo.tn\\\/fr\\\/wp-content\\\/uploads\\\/2025\\\/06\\\/Webdo-Tunisie_168377.jpg\",\"width\":301,\"height\":301,\"caption\":\"Webdo\"},\"image\":{\"@id\":\"https:\\\/\\\/www.webdo.tn\\\/fr\\\/#\\\/schema\\\/logo\\\/image\\\/\"},\"sameAs\":[\"https:\\\/\\\/www.facebook.com\\\/webdotn\",\"https:\\\/\\\/x.com\\\/webdo_tn\"],\"description\":\"Webdo est un m\u00e9dia num\u00e9rique tunisien fond\u00e9 en 2010, sp\u00e9cialis\u00e9 dans l\u2019actualit\u00e9 nationale et internationale, l\u2019\u00e9conomie, la soci\u00e9t\u00e9 et les analyses politiques. Le site s\u2019adresse \u00e0 un large public francophone et couvre l\u2019information tunisienne en temps r\u00e9el.\",\"email\":\"redac@webdo.tn\",\"legalName\":\"YNJ SARL\",\"foundingDate\":\"2010-09-06\",\"numberOfEmployees\":{\"@type\":\"QuantitativeValue\",\"minValue\":\"11\",\"maxValue\":\"50\"}},{\"@type\":\"Person\",\"@id\":\"https:\\\/\\\/www.webdo.tn\\\/fr\\\/#\\\/schema\\\/person\\\/60d5ba619ed3f58783b0dc82b7dada80\",\"name\":\"Ne\u00efla DRISS\",\"image\":{\"@type\":\"ImageObject\",\"inLanguage\":\"fr-FR\",\"@id\":\"https:\\\/\\\/www.webdo.tn\\\/fr\\\/wp-content\\\/uploads\\\/2026\\\/04\\\/neila-driss_avatar-96x96.jpg\",\"url\":\"https:\\\/\\\/www.webdo.tn\\\/fr\\\/wp-content\\\/uploads\\\/2026\\\/04\\\/neila-driss_avatar-96x96.jpg\",\"contentUrl\":\"https:\\\/\\\/www.webdo.tn\\\/fr\\\/wp-content\\\/uploads\\\/2026\\\/04\\\/neila-driss_avatar-96x96.jpg\",\"caption\":\"Ne\u00efla DRISS\"},\"description\":\"Ne\u00efla Driss est juriste, journaliste culturelle et critique de cin\u00e9ma tunisienne. Titulaire d\u2019un DEA en droit priv\u00e9 de l\u2019Universit\u00e9 Paris II et d\u2019un DESS de l\u2019IHEC Carthage, elle d\u00e9bute sa carri\u00e8re comme juriste sp\u00e9cialis\u00e9e en gestion de patrimoine immobilier. Elle s\u2019oriente ensuite vers l\u2019\u00e9criture en ligne, o\u00f9 elle se distingue d\u00e8s 2006 aux Tunisia Blog Awards, avant de se consacrer au journalisme culturel, avec une sp\u00e9cialisation dans la critique cin\u00e9matographique. Elle couvre r\u00e9guli\u00e8rement les grands festivals internationaux, notamment le Festival de Cannes, les Journ\u00e9es Cin\u00e9matographiques de Carthage et le Festival du film du Caire. Membre de l\u2019ATPCC et de la FIPRESCI, elle participe \u00e0 des jurys et initiatives internationales de critique. Depuis 2024, elle est \u00e9lectrice internationale aux Golden Globes. Facebook : https:\\\/\\\/www.facebook.com\\\/massir.destiniii\\\/ X : https:\\\/\\\/x.com\\\/MassirDestin\",\"sameAs\":[\"https:\\\/\\\/www.facebook.com\\\/massir.destiniii\\\/\",\"https:\\\/\\\/www.instagram.com\\\/neila.driss\\\/?hl=fr\",\"https:\\\/\\\/www.linkedin.com\\\/in\\\/neila-driss-22606a80\\\/\",\"https:\\\/\\\/x.com\\\/https:\\\/\\\/x.com\\\/MassirDestin\"],\"knowsAbout\":[\"Cin\u00e9ma international\",\"critique cin\u00e9matographique\",\"festivals de cin\u00e9ma\",\"journalisme culturel\"],\"knowsLanguage\":[\"Fran\u00e7ais\",\"Arabe\",\"Anglais\"],\"jobTitle\":\"Journaliste culturelle et critique de cin\u00e9ma\",\"worksFor\":\"Webdo\",\"url\":\"https:\\\/\\\/www.webdo.tn\\\/fr\\\/actualite\\\/author\\\/neila-driss\\\/\"}]}<\/script>\n<!-- \/ Yoast SEO Premium plugin. -->","yoast_head_json":{"title":"A la d\u00e9couverte des feuilletons de Ramadan 2024","description":"Le mois de Ramadan approche \u00e0 tr\u00e8s grands pas, et avec lui, la traditionnelle s\u00e9lection de feuilletons t\u00e9l\u00e9vis\u00e9s qui captivent les spectateurs tout au long des...","canonical":"https:\/\/www.webdo.tn\/fr\/actualite\/culture\/a-la-decouverte-des-feuilletons-de-ramadan-2024\/212858\/","og_locale":"fr_FR","og_type":"article","og_title":"A la d\u00e9couverte des feuilletons de Ramadan 2024","og_description":"Le mois de Ramadan approche \u00e0 tr\u00e8s grands pas, et avec lui, la traditionnelle s\u00e9lection de feuilletons t\u00e9l\u00e9vis\u00e9s qui captivent les spectateurs tout au long des...","og_url":"https:\/\/www.webdo.tn\/fr\/actualite\/culture\/a-la-decouverte-des-feuilletons-de-ramadan-2024\/212858\/","og_site_name":"webdo","article_publisher":"https:\/\/www.facebook.com\/webdotn","article_author":"https:\/\/www.facebook.com\/massir.destiniii\/","article_published_time":"2024-03-09T21:12:00+00:00","og_image":[{"width":750,"height":400,"url":"https:\/\/www.webdo.tn\/fr\/wp-content\/uploads\/2024\/03\/9a3c5e302c2c64b74bb5d822ef5cfa8e.jpeg","type":"image\/jpeg"}],"author":"Ne\u00efla DRISS","twitter_card":"summary_large_image","twitter_creator":"@https:\/\/x.com\/MassirDestin","twitter_site":"@webdo_tn","twitter_misc":{"\u00c9crit par":"Ne\u00efla DRISS","Dur\u00e9e de lecture estim\u00e9e":"5 minutes"},"schema":{"@context":"https:\/\/schema.org","@graph":[{"@type":"NewsArticle","@id":"https:\/\/www.webdo.tn\/fr\/actualite\/culture\/a-la-decouverte-des-feuilletons-de-ramadan-2024\/212858\/#article","isPartOf":{"@id":"https:\/\/www.webdo.tn\/fr\/actualite\/culture\/a-la-decouverte-des-feuilletons-de-ramadan-2024\/212858\/"},"author":{"name":"Ne\u00efla DRISS","@id":"https:\/\/www.webdo.tn\/fr\/#\/schema\/person\/60d5ba619ed3f58783b0dc82b7dada80"},"headline":"A la d\u00e9couverte des feuilletons de Ramadan 2024","datePublished":"2024-03-09T21:12:00+00:00","mainEntityOfPage":{"@id":"https:\/\/www.webdo.tn\/fr\/actualite\/culture\/a-la-decouverte-des-feuilletons-de-ramadan-2024\/212858\/"},"wordCount":1016,"commentCount":0,"publisher":{"@id":"https:\/\/www.webdo.tn\/fr\/#organization"},"image":{"@id":"https:\/\/www.webdo.tn\/fr\/actualite\/culture\/a-la-decouverte-des-feuilletons-de-ramadan-2024\/212858\/#primaryimage"},"thumbnailUrl":"https:\/\/www.webdo.tn\/fr\/wp-content\/uploads\/2024\/03\/9a3c5e302c2c64b74bb5d822ef5cfa8e.jpeg","keywords":["feuilleton","Feuilleton \u00e9gyptien","ramadan","Ramadan 2024","T\u00e9l\u00e9vision"],"articleSection":["Culture"],"inLanguage":"fr-FR"},{"@type":"WebPage","@id":"https:\/\/www.webdo.tn\/fr\/actualite\/culture\/a-la-decouverte-des-feuilletons-de-ramadan-2024\/212858\/","url":"https:\/\/www.webdo.tn\/fr\/actualite\/culture\/a-la-decouverte-des-feuilletons-de-ramadan-2024\/212858\/","name":"A la d\u00e9couverte des feuilletons de Ramadan 2024","isPartOf":{"@id":"https:\/\/www.webdo.tn\/fr\/#website"},"primaryImageOfPage":{"@id":"https:\/\/www.webdo.tn\/fr\/actualite\/culture\/a-la-decouverte-des-feuilletons-de-ramadan-2024\/212858\/#primaryimage"},"image":{"@id":"https:\/\/www.webdo.tn\/fr\/actualite\/culture\/a-la-decouverte-des-feuilletons-de-ramadan-2024\/212858\/#primaryimage"},"thumbnailUrl":"https:\/\/www.webdo.tn\/fr\/wp-content\/uploads\/2024\/03\/9a3c5e302c2c64b74bb5d822ef5cfa8e.jpeg","datePublished":"2024-03-09T21:12:00+00:00","description":"Le mois de Ramadan approche \u00e0 tr\u00e8s grands pas, et avec lui, la traditionnelle s\u00e9lection de feuilletons t\u00e9l\u00e9vis\u00e9s qui captivent les spectateurs tout au long des...","breadcrumb":{"@id":"https:\/\/www.webdo.tn\/fr\/actualite\/culture\/a-la-decouverte-des-feuilletons-de-ramadan-2024\/212858\/#breadcrumb"},"inLanguage":"fr-FR","potentialAction":[{"@type":"ReadAction","target":["https:\/\/www.webdo.tn\/fr\/actualite\/culture\/a-la-decouverte-des-feuilletons-de-ramadan-2024\/212858\/"]}]},{"@type":"ImageObject","inLanguage":"fr-FR","@id":"https:\/\/www.webdo.tn\/fr\/actualite\/culture\/a-la-decouverte-des-feuilletons-de-ramadan-2024\/212858\/#primaryimage","url":"https:\/\/www.webdo.tn\/fr\/wp-content\/uploads\/2024\/03\/9a3c5e302c2c64b74bb5d822ef5cfa8e.jpeg","contentUrl":"https:\/\/www.webdo.tn\/fr\/wp-content\/uploads\/2024\/03\/9a3c5e302c2c64b74bb5d822ef5cfa8e.jpeg","width":750,"height":400,"caption":"A la d\u00e9couverte des feuilletons de Ramadan 2024"},{"@type":"BreadcrumbList","@id":"https:\/\/www.webdo.tn\/fr\/actualite\/culture\/a-la-decouverte-des-feuilletons-de-ramadan-2024\/212858\/#breadcrumb","itemListElement":[{"@type":"ListItem","position":1,"name":"Accueil","item":"https:\/\/www.webdo.tn\/fr\/"},{"@type":"ListItem","position":2,"name":"A la d\u00e9couverte des feuilletons de Ramadan 2024"}]},{"@type":"WebSite","@id":"https:\/\/www.webdo.tn\/fr\/#website","url":"https:\/\/www.webdo.tn\/fr\/","name":"webdo","description":"Tunisie - News en Tunisie et \u00e0 l&#039;international sur Webdo.tn","publisher":{"@id":"https:\/\/www.webdo.tn\/fr\/#organization"},"potentialAction":[{"@type":"SearchAction","target":{"@type":"EntryPoint","urlTemplate":"https:\/\/www.webdo.tn\/fr\/?s={search_term_string}"},"query-input":{"@type":"PropertyValueSpecification","valueRequired":true,"valueName":"search_term_string"}}],"inLanguage":"fr-FR"},{"@type":"Organization","@id":"https:\/\/www.webdo.tn\/fr\/#organization","name":"Webdo","alternateName":"Webdo.tn","url":"https:\/\/www.webdo.tn\/fr\/","logo":{"@type":"ImageObject","inLanguage":"fr-FR","@id":"https:\/\/www.webdo.tn\/fr\/#\/schema\/logo\/image\/","url":"https:\/\/www.webdo.tn\/fr\/wp-content\/uploads\/2025\/06\/Webdo-Tunisie_168377.jpg","contentUrl":"https:\/\/www.webdo.tn\/fr\/wp-content\/uploads\/2025\/06\/Webdo-Tunisie_168377.jpg","width":301,"height":301,"caption":"Webdo"},"image":{"@id":"https:\/\/www.webdo.tn\/fr\/#\/schema\/logo\/image\/"},"sameAs":["https:\/\/www.facebook.com\/webdotn","https:\/\/x.com\/webdo_tn"],"description":"Webdo est un m\u00e9dia num\u00e9rique tunisien fond\u00e9 en 2010, sp\u00e9cialis\u00e9 dans l\u2019actualit\u00e9 nationale et internationale, l\u2019\u00e9conomie, la soci\u00e9t\u00e9 et les analyses politiques. Le site s\u2019adresse \u00e0 un large public francophone et couvre l\u2019information tunisienne en temps r\u00e9el.","email":"redac@webdo.tn","legalName":"YNJ SARL","foundingDate":"2010-09-06","numberOfEmployees":{"@type":"QuantitativeValue","minValue":"11","maxValue":"50"}},{"@type":"Person","@id":"https:\/\/www.webdo.tn\/fr\/#\/schema\/person\/60d5ba619ed3f58783b0dc82b7dada80","name":"Ne\u00efla DRISS","image":{"@type":"ImageObject","inLanguage":"fr-FR","@id":"https:\/\/www.webdo.tn\/fr\/wp-content\/uploads\/2026\/04\/neila-driss_avatar-96x96.jpg","url":"https:\/\/www.webdo.tn\/fr\/wp-content\/uploads\/2026\/04\/neila-driss_avatar-96x96.jpg","contentUrl":"https:\/\/www.webdo.tn\/fr\/wp-content\/uploads\/2026\/04\/neila-driss_avatar-96x96.jpg","caption":"Ne\u00efla DRISS"},"description":"Ne\u00efla Driss est juriste, journaliste culturelle et critique de cin\u00e9ma tunisienne. Titulaire d\u2019un DEA en droit priv\u00e9 de l\u2019Universit\u00e9 Paris II et d\u2019un DESS de l\u2019IHEC Carthage, elle d\u00e9bute sa carri\u00e8re comme juriste sp\u00e9cialis\u00e9e en gestion de patrimoine immobilier. Elle s\u2019oriente ensuite vers l\u2019\u00e9criture en ligne, o\u00f9 elle se distingue d\u00e8s 2006 aux Tunisia Blog Awards, avant de se consacrer au journalisme culturel, avec une sp\u00e9cialisation dans la critique cin\u00e9matographique. Elle couvre r\u00e9guli\u00e8rement les grands festivals internationaux, notamment le Festival de Cannes, les Journ\u00e9es Cin\u00e9matographiques de Carthage et le Festival du film du Caire. Membre de l\u2019ATPCC et de la FIPRESCI, elle participe \u00e0 des jurys et initiatives internationales de critique. Depuis 2024, elle est \u00e9lectrice internationale aux Golden Globes. Facebook : https:\/\/www.facebook.com\/massir.destiniii\/ X : https:\/\/x.com\/MassirDestin","sameAs":["https:\/\/www.facebook.com\/massir.destiniii\/","https:\/\/www.instagram.com\/neila.driss\/?hl=fr","https:\/\/www.linkedin.com\/in\/neila-driss-22606a80\/","https:\/\/x.com\/https:\/\/x.com\/MassirDestin"],"knowsAbout":["Cin\u00e9ma international","critique cin\u00e9matographique","festivals de cin\u00e9ma","journalisme culturel"],"knowsLanguage":["Fran\u00e7ais","Arabe","Anglais"],"jobTitle":"Journaliste culturelle et critique de cin\u00e9ma","worksFor":"Webdo","url":"https:\/\/www.webdo.tn\/fr\/actualite\/author\/neila-driss\/"}]}},"_links":{"self":[{"href":"https:\/\/www.webdo.tn\/fr\/wp-json\/wp\/v2\/posts\/212858","targetHints":{"allow":["GET"]}}],"collection":[{"href":"https:\/\/www.webdo.tn\/fr\/wp-json\/wp\/v2\/posts"}],"about":[{"href":"https:\/\/www.webdo.tn\/fr\/wp-json\/wp\/v2\/types\/post"}],"author":[{"embeddable":true,"href":"https:\/\/www.webdo.tn\/fr\/wp-json\/wp\/v2\/users\/3164"}],"replies":[{"embeddable":true,"href":"https:\/\/www.webdo.tn\/fr\/wp-json\/wp\/v2\/comments?post=212858"}],"version-history":[{"count":0,"href":"https:\/\/www.webdo.tn\/fr\/wp-json\/wp\/v2\/posts\/212858\/revisions"}],"wp:featuredmedia":[{"embeddable":true,"href":"https:\/\/www.webdo.tn\/fr\/wp-json\/wp\/v2\/media\/290326"}],"wp:attachment":[{"href":"https:\/\/www.webdo.tn\/fr\/wp-json\/wp\/v2\/media?parent=212858"}],"wp:term":[{"taxonomy":"category","embeddable":true,"href":"https:\/\/www.webdo.tn\/fr\/wp-json\/wp\/v2\/categories?post=212858"},{"taxonomy":"post_tag","embeddable":true,"href":"https:\/\/www.webdo.tn\/fr\/wp-json\/wp\/v2\/tags?post=212858"}],"curies":[{"name":"wp","href":"https:\/\/api.w.org\/{rel}","templated":true}]}}