{"id":212855,"date":"2024-03-09T11:58:00","date_gmt":"2024-03-09T11:58:00","guid":{"rendered":"https:\/\/www.webdo.tn\/fr\/blog\/tunisie-non-lieu-en-faveur-de-fethi-laayouni\/212855\/"},"modified":"2025-05-20T22:12:18","modified_gmt":"2025-05-20T22:12:18","slug":"tunisie-non-lieu-en-faveur-de-fethi-laayouni","status":"publish","type":"post","link":"https:\/\/www.webdo.tn\/fr\/actualite\/national\/tunisie-non-lieu-en-faveur-de-fethi-laayouni\/212855\/","title":{"rendered":"Tunisie : Non-lieu en faveur de Fethi La\u00e2youni"},"content":{"rendered":"<p>L\u2019affaire remonte au 10 juin 2021 lorsque des dizaines d\u2019employ\u00e9s de la municipalit\u00e9 du Kram, pr\u00e9sid\u00e9e alors par Fethi La\u00e2youni, ont encercl\u00e9 le si\u00e8ge de la radio Shems FM, en prof\u00e9rant des insultes et des menaces contre les salari\u00e9s et journalistes de la radio.<\/p>\n<p>\t\t\t\t\t\t\t\t\tLe Syndicat national des journalistes tunisiens (SNJT) et la F\u00e9d\u00e9ration g\u00e9n\u00e9rale de l&rsquo;information avaient d\u00e9cid\u00e9 de poursuivre en justice le maire du Kram, Fethi La\u00e2youni.<\/p>\n<p>La huiti\u00e8me chambre correctionnelle du tribunal de premi\u00e8re instance de Tunis vient de prononcer un non-lieu dans le cadre de ce proc\u00e8s contre l&rsquo;avocat et ancien maire du Kram, Fathi La\u00e2youni, alors qu\u2019il \u00e9tait accus\u00e9 d&rsquo;entrave \u00e0 la libert\u00e9 du travail.<\/p>\n<p>L&rsquo;affaire d\u00e9coule d&rsquo;une plainte d\u00e9pos\u00e9e en 2019 contre le conseil municipal de Kram et son pr\u00e9sident \u00e0 l&rsquo;\u00e9poque, Fathi L&rsquo;Ayouni, par une station de radio priv\u00e9e, suite \u00e0 un rassemblement de protestation des employ\u00e9s municipaux de Kram devant le si\u00e8ge de ladite station.<\/p>\n","protected":false},"excerpt":{"rendered":"<p>La huiti\u00e8me chambre correctionnelle du tribunal de premi\u00e8re instance de Tunis vient de prononcer un non-lieu dans le cadre de ce proc\u00e8s contre l&rsquo;avocat et ancie&#8230;<\/p>\n","protected":false},"author":3162,"featured_media":290325,"comment_status":"open","ping_status":"closed","sticky":false,"template":"","format":"standard","meta":{"footnotes":""},"categories":[44],"tags":[10044,6259,4755,2608],"class_list":["post-212855","post","type-post","status-publish","format-standard","has-post-thumbnail","hentry","category-national","tag-fethi-laayouni","tag-non-lieu","tag-plainte","tag-tunisie"],"yoast_head":"<!-- This site is optimized with the Yoast SEO Premium plugin v27.5 (Yoast SEO v27.5) - https:\/\/yoast.com\/product\/yoast-seo-premium-wordpress\/ -->\n<title>Tunisie : Non-lieu en faveur de Fethi La\u00e2youni<\/title>\n<meta name=\"description\" content=\"La huiti\u00e8me chambre correctionnelle du tribunal de premi\u00e8re instance de Tunis vient de prononcer un non-lieu dans le cadre de ce proc\u00e8s contre l&#039;avocat et ancie...\" \/>\n<link rel=\"canonical\" href=\"https:\/\/www.webdo.tn\/fr\/actualite\/national\/tunisie-non-lieu-en-faveur-de-fethi-laayouni\/212855\/\" \/>\n<meta property=\"og:locale\" content=\"fr_FR\" \/>\n<meta property=\"og:type\" content=\"article\" \/>\n<meta property=\"og:title\" content=\"Tunisie : Non-lieu en faveur de Fethi La\u00e2youni\" \/>\n<meta property=\"og:description\" content=\"La huiti\u00e8me chambre correctionnelle du tribunal de premi\u00e8re instance de Tunis vient de prononcer un non-lieu dans le cadre de ce proc\u00e8s contre l&#039;avocat et ancie...\" \/>\n<meta property=\"og:url\" content=\"https:\/\/www.webdo.tn\/fr\/actualite\/national\/tunisie-non-lieu-en-faveur-de-fethi-laayouni\/212855\/\" \/>\n<meta property=\"og:site_name\" content=\"webdo\" \/>\n<meta property=\"article:publisher\" content=\"https:\/\/www.facebook.com\/webdotn\" \/>\n<meta property=\"article:published_time\" content=\"2024-03-09T11:58:00+00:00\" \/>\n<meta property=\"article:modified_time\" content=\"2025-05-20T22:12:18+00:00\" \/>\n<meta property=\"og:image\" content=\"https:\/\/www.webdo.tn\/fr\/wp-content\/uploads\/2024\/03\/ce654c3a045287703e7edc79aa79ef4f.jpg\" \/>\n\t<meta property=\"og:image:width\" content=\"750\" \/>\n\t<meta property=\"og:image:height\" content=\"400\" \/>\n\t<meta property=\"og:image:type\" content=\"image\/jpeg\" \/>\n<meta name=\"author\" content=\"MC\" \/>\n<meta name=\"twitter:card\" content=\"summary_large_image\" \/>\n<meta name=\"twitter:creator\" content=\"@webdo_tn\" \/>\n<meta name=\"twitter:site\" content=\"@webdo_tn\" \/>\n<meta name=\"twitter:label1\" content=\"\u00c9crit par\" \/>\n\t<meta name=\"twitter:data1\" content=\"MC\" \/>\n\t<meta name=\"twitter:label2\" content=\"Dur\u00e9e de lecture estim\u00e9e\" \/>\n\t<meta name=\"twitter:data2\" content=\"1 minute\" \/>\n<script type=\"application\/ld+json\" class=\"yoast-schema-graph\">{\"@context\":\"https:\\\/\\\/schema.org\",\"@graph\":[{\"@type\":\"NewsArticle\",\"@id\":\"https:\\\/\\\/www.webdo.tn\\\/fr\\\/actualite\\\/national\\\/tunisie-non-lieu-en-faveur-de-fethi-laayouni\\\/212855\\\/#article\",\"isPartOf\":{\"@id\":\"https:\\\/\\\/www.webdo.tn\\\/fr\\\/actualite\\\/national\\\/tunisie-non-lieu-en-faveur-de-fethi-laayouni\\\/212855\\\/\"},\"author\":{\"name\":\"MC\",\"@id\":\"https:\\\/\\\/www.webdo.tn\\\/fr\\\/#\\\/schema\\\/person\\\/2c4929cbf5a809e3bd38617c6ce150f6\"},\"headline\":\"Tunisie : Non-lieu en faveur de Fethi La\u00e2youni\",\"datePublished\":\"2024-03-09T11:58:00+00:00\",\"dateModified\":\"2025-05-20T22:12:18+00:00\",\"mainEntityOfPage\":{\"@id\":\"https:\\\/\\\/www.webdo.tn\\\/fr\\\/actualite\\\/national\\\/tunisie-non-lieu-en-faveur-de-fethi-laayouni\\\/212855\\\/\"},\"wordCount\":189,\"commentCount\":0,\"publisher\":{\"@id\":\"https:\\\/\\\/www.webdo.tn\\\/fr\\\/#organization\"},\"image\":{\"@id\":\"https:\\\/\\\/www.webdo.tn\\\/fr\\\/actualite\\\/national\\\/tunisie-non-lieu-en-faveur-de-fethi-laayouni\\\/212855\\\/#primaryimage\"},\"thumbnailUrl\":\"https:\\\/\\\/www.webdo.tn\\\/fr\\\/wp-content\\\/uploads\\\/2024\\\/03\\\/ce654c3a045287703e7edc79aa79ef4f.jpg\",\"keywords\":[\"'fethi la\u00e2youni']\",\"Non-lieu\",\"plainte\",\"Tunisie\"],\"articleSection\":[\"National\"],\"inLanguage\":\"fr-FR\"},{\"@type\":\"WebPage\",\"@id\":\"https:\\\/\\\/www.webdo.tn\\\/fr\\\/actualite\\\/national\\\/tunisie-non-lieu-en-faveur-de-fethi-laayouni\\\/212855\\\/\",\"url\":\"https:\\\/\\\/www.webdo.tn\\\/fr\\\/actualite\\\/national\\\/tunisie-non-lieu-en-faveur-de-fethi-laayouni\\\/212855\\\/\",\"name\":\"Tunisie : Non-lieu en faveur de Fethi La\u00e2youni\",\"isPartOf\":{\"@id\":\"https:\\\/\\\/www.webdo.tn\\\/fr\\\/#website\"},\"primaryImageOfPage\":{\"@id\":\"https:\\\/\\\/www.webdo.tn\\\/fr\\\/actualite\\\/national\\\/tunisie-non-lieu-en-faveur-de-fethi-laayouni\\\/212855\\\/#primaryimage\"},\"image\":{\"@id\":\"https:\\\/\\\/www.webdo.tn\\\/fr\\\/actualite\\\/national\\\/tunisie-non-lieu-en-faveur-de-fethi-laayouni\\\/212855\\\/#primaryimage\"},\"thumbnailUrl\":\"https:\\\/\\\/www.webdo.tn\\\/fr\\\/wp-content\\\/uploads\\\/2024\\\/03\\\/ce654c3a045287703e7edc79aa79ef4f.jpg\",\"datePublished\":\"2024-03-09T11:58:00+00:00\",\"dateModified\":\"2025-05-20T22:12:18+00:00\",\"description\":\"La huiti\u00e8me chambre correctionnelle du tribunal de premi\u00e8re instance de Tunis vient de prononcer un non-lieu dans le cadre de ce proc\u00e8s contre l'avocat et ancie...\",\"breadcrumb\":{\"@id\":\"https:\\\/\\\/www.webdo.tn\\\/fr\\\/actualite\\\/national\\\/tunisie-non-lieu-en-faveur-de-fethi-laayouni\\\/212855\\\/#breadcrumb\"},\"inLanguage\":\"fr-FR\",\"potentialAction\":[{\"@type\":\"ReadAction\",\"target\":[\"https:\\\/\\\/www.webdo.tn\\\/fr\\\/actualite\\\/national\\\/tunisie-non-lieu-en-faveur-de-fethi-laayouni\\\/212855\\\/\"]}]},{\"@type\":\"ImageObject\",\"inLanguage\":\"fr-FR\",\"@id\":\"https:\\\/\\\/www.webdo.tn\\\/fr\\\/actualite\\\/national\\\/tunisie-non-lieu-en-faveur-de-fethi-laayouni\\\/212855\\\/#primaryimage\",\"url\":\"https:\\\/\\\/www.webdo.tn\\\/fr\\\/wp-content\\\/uploads\\\/2024\\\/03\\\/ce654c3a045287703e7edc79aa79ef4f.jpg\",\"contentUrl\":\"https:\\\/\\\/www.webdo.tn\\\/fr\\\/wp-content\\\/uploads\\\/2024\\\/03\\\/ce654c3a045287703e7edc79aa79ef4f.jpg\",\"width\":750,\"height\":400,\"caption\":\"Tunisie : Non-lieu en faveur de Fethi La\u00e2youni\"},{\"@type\":\"BreadcrumbList\",\"@id\":\"https:\\\/\\\/www.webdo.tn\\\/fr\\\/actualite\\\/national\\\/tunisie-non-lieu-en-faveur-de-fethi-laayouni\\\/212855\\\/#breadcrumb\",\"itemListElement\":[{\"@type\":\"ListItem\",\"position\":1,\"name\":\"Accueil\",\"item\":\"https:\\\/\\\/www.webdo.tn\\\/fr\\\/\"},{\"@type\":\"ListItem\",\"position\":2,\"name\":\"Tunisie : Non-lieu en faveur de Fethi La\u00e2youni\"}]},{\"@type\":\"WebSite\",\"@id\":\"https:\\\/\\\/www.webdo.tn\\\/fr\\\/#website\",\"url\":\"https:\\\/\\\/www.webdo.tn\\\/fr\\\/\",\"name\":\"webdo\",\"description\":\"Tunisie - News en Tunisie et \u00e0 l&#039;international sur Webdo.tn\",\"publisher\":{\"@id\":\"https:\\\/\\\/www.webdo.tn\\\/fr\\\/#organization\"},\"potentialAction\":[{\"@type\":\"SearchAction\",\"target\":{\"@type\":\"EntryPoint\",\"urlTemplate\":\"https:\\\/\\\/www.webdo.tn\\\/fr\\\/?s={search_term_string}\"},\"query-input\":{\"@type\":\"PropertyValueSpecification\",\"valueRequired\":true,\"valueName\":\"search_term_string\"}}],\"inLanguage\":\"fr-FR\"},{\"@type\":\"Organization\",\"@id\":\"https:\\\/\\\/www.webdo.tn\\\/fr\\\/#organization\",\"name\":\"Webdo\",\"alternateName\":\"Webdo.tn\",\"url\":\"https:\\\/\\\/www.webdo.tn\\\/fr\\\/\",\"logo\":{\"@type\":\"ImageObject\",\"inLanguage\":\"fr-FR\",\"@id\":\"https:\\\/\\\/www.webdo.tn\\\/fr\\\/#\\\/schema\\\/logo\\\/image\\\/\",\"url\":\"https:\\\/\\\/www.webdo.tn\\\/fr\\\/wp-content\\\/uploads\\\/2025\\\/06\\\/Webdo-Tunisie_168377.jpg\",\"contentUrl\":\"https:\\\/\\\/www.webdo.tn\\\/fr\\\/wp-content\\\/uploads\\\/2025\\\/06\\\/Webdo-Tunisie_168377.jpg\",\"width\":301,\"height\":301,\"caption\":\"Webdo\"},\"image\":{\"@id\":\"https:\\\/\\\/www.webdo.tn\\\/fr\\\/#\\\/schema\\\/logo\\\/image\\\/\"},\"sameAs\":[\"https:\\\/\\\/www.facebook.com\\\/webdotn\",\"https:\\\/\\\/x.com\\\/webdo_tn\"],\"description\":\"Webdo est un m\u00e9dia num\u00e9rique tunisien fond\u00e9 en 2010, sp\u00e9cialis\u00e9 dans l\u2019actualit\u00e9 nationale et internationale, l\u2019\u00e9conomie, la soci\u00e9t\u00e9 et les analyses politiques. Le site s\u2019adresse \u00e0 un large public francophone et couvre l\u2019information tunisienne en temps r\u00e9el.\",\"email\":\"redac@webdo.tn\",\"legalName\":\"YNJ SARL\",\"foundingDate\":\"2010-09-06\",\"numberOfEmployees\":{\"@type\":\"QuantitativeValue\",\"minValue\":\"11\",\"maxValue\":\"50\"}},{\"@type\":\"Person\",\"@id\":\"https:\\\/\\\/www.webdo.tn\\\/fr\\\/#\\\/schema\\\/person\\\/2c4929cbf5a809e3bd38617c6ce150f6\",\"name\":\"MC\",\"image\":{\"@type\":\"ImageObject\",\"inLanguage\":\"fr-FR\",\"@id\":\"https:\\\/\\\/secure.gravatar.com\\\/avatar\\\/a545bbb6f84efdd5553dbbc2895e3ca8f1d12c5215e00a041c9670b54aa9b18a?s=96&d=mm&r=g\",\"url\":\"https:\\\/\\\/secure.gravatar.com\\\/avatar\\\/a545bbb6f84efdd5553dbbc2895e3ca8f1d12c5215e00a041c9670b54aa9b18a?s=96&d=mm&r=g\",\"contentUrl\":\"https:\\\/\\\/secure.gravatar.com\\\/avatar\\\/a545bbb6f84efdd5553dbbc2895e3ca8f1d12c5215e00a041c9670b54aa9b18a?s=96&d=mm&r=g\",\"caption\":\"MC\"},\"url\":\"https:\\\/\\\/www.webdo.tn\\\/fr\\\/actualite\\\/author\\\/mc\\\/\"}]}<\/script>\n<!-- \/ Yoast SEO Premium plugin. -->","yoast_head_json":{"title":"Tunisie : Non-lieu en faveur de Fethi La\u00e2youni","description":"La huiti\u00e8me chambre correctionnelle du tribunal de premi\u00e8re instance de Tunis vient de prononcer un non-lieu dans le cadre de ce proc\u00e8s contre l'avocat et ancie...","canonical":"https:\/\/www.webdo.tn\/fr\/actualite\/national\/tunisie-non-lieu-en-faveur-de-fethi-laayouni\/212855\/","og_locale":"fr_FR","og_type":"article","og_title":"Tunisie : Non-lieu en faveur de Fethi La\u00e2youni","og_description":"La huiti\u00e8me chambre correctionnelle du tribunal de premi\u00e8re instance de Tunis vient de prononcer un non-lieu dans le cadre de ce proc\u00e8s contre l'avocat et ancie...","og_url":"https:\/\/www.webdo.tn\/fr\/actualite\/national\/tunisie-non-lieu-en-faveur-de-fethi-laayouni\/212855\/","og_site_name":"webdo","article_publisher":"https:\/\/www.facebook.com\/webdotn","article_published_time":"2024-03-09T11:58:00+00:00","article_modified_time":"2025-05-20T22:12:18+00:00","og_image":[{"width":750,"height":400,"url":"https:\/\/www.webdo.tn\/fr\/wp-content\/uploads\/2024\/03\/ce654c3a045287703e7edc79aa79ef4f.jpg","type":"image\/jpeg"}],"author":"MC","twitter_card":"summary_large_image","twitter_creator":"@webdo_tn","twitter_site":"@webdo_tn","twitter_misc":{"\u00c9crit par":"MC","Dur\u00e9e de lecture estim\u00e9e":"1 minute"},"schema":{"@context":"https:\/\/schema.org","@graph":[{"@type":"NewsArticle","@id":"https:\/\/www.webdo.tn\/fr\/actualite\/national\/tunisie-non-lieu-en-faveur-de-fethi-laayouni\/212855\/#article","isPartOf":{"@id":"https:\/\/www.webdo.tn\/fr\/actualite\/national\/tunisie-non-lieu-en-faveur-de-fethi-laayouni\/212855\/"},"author":{"name":"MC","@id":"https:\/\/www.webdo.tn\/fr\/#\/schema\/person\/2c4929cbf5a809e3bd38617c6ce150f6"},"headline":"Tunisie : Non-lieu en faveur de Fethi La\u00e2youni","datePublished":"2024-03-09T11:58:00+00:00","dateModified":"2025-05-20T22:12:18+00:00","mainEntityOfPage":{"@id":"https:\/\/www.webdo.tn\/fr\/actualite\/national\/tunisie-non-lieu-en-faveur-de-fethi-laayouni\/212855\/"},"wordCount":189,"commentCount":0,"publisher":{"@id":"https:\/\/www.webdo.tn\/fr\/#organization"},"image":{"@id":"https:\/\/www.webdo.tn\/fr\/actualite\/national\/tunisie-non-lieu-en-faveur-de-fethi-laayouni\/212855\/#primaryimage"},"thumbnailUrl":"https:\/\/www.webdo.tn\/fr\/wp-content\/uploads\/2024\/03\/ce654c3a045287703e7edc79aa79ef4f.jpg","keywords":["'fethi la\u00e2youni']","Non-lieu","plainte","Tunisie"],"articleSection":["National"],"inLanguage":"fr-FR"},{"@type":"WebPage","@id":"https:\/\/www.webdo.tn\/fr\/actualite\/national\/tunisie-non-lieu-en-faveur-de-fethi-laayouni\/212855\/","url":"https:\/\/www.webdo.tn\/fr\/actualite\/national\/tunisie-non-lieu-en-faveur-de-fethi-laayouni\/212855\/","name":"Tunisie : Non-lieu en faveur de Fethi La\u00e2youni","isPartOf":{"@id":"https:\/\/www.webdo.tn\/fr\/#website"},"primaryImageOfPage":{"@id":"https:\/\/www.webdo.tn\/fr\/actualite\/national\/tunisie-non-lieu-en-faveur-de-fethi-laayouni\/212855\/#primaryimage"},"image":{"@id":"https:\/\/www.webdo.tn\/fr\/actualite\/national\/tunisie-non-lieu-en-faveur-de-fethi-laayouni\/212855\/#primaryimage"},"thumbnailUrl":"https:\/\/www.webdo.tn\/fr\/wp-content\/uploads\/2024\/03\/ce654c3a045287703e7edc79aa79ef4f.jpg","datePublished":"2024-03-09T11:58:00+00:00","dateModified":"2025-05-20T22:12:18+00:00","description":"La huiti\u00e8me chambre correctionnelle du tribunal de premi\u00e8re instance de Tunis vient de prononcer un non-lieu dans le cadre de ce proc\u00e8s contre l'avocat et ancie...","breadcrumb":{"@id":"https:\/\/www.webdo.tn\/fr\/actualite\/national\/tunisie-non-lieu-en-faveur-de-fethi-laayouni\/212855\/#breadcrumb"},"inLanguage":"fr-FR","potentialAction":[{"@type":"ReadAction","target":["https:\/\/www.webdo.tn\/fr\/actualite\/national\/tunisie-non-lieu-en-faveur-de-fethi-laayouni\/212855\/"]}]},{"@type":"ImageObject","inLanguage":"fr-FR","@id":"https:\/\/www.webdo.tn\/fr\/actualite\/national\/tunisie-non-lieu-en-faveur-de-fethi-laayouni\/212855\/#primaryimage","url":"https:\/\/www.webdo.tn\/fr\/wp-content\/uploads\/2024\/03\/ce654c3a045287703e7edc79aa79ef4f.jpg","contentUrl":"https:\/\/www.webdo.tn\/fr\/wp-content\/uploads\/2024\/03\/ce654c3a045287703e7edc79aa79ef4f.jpg","width":750,"height":400,"caption":"Tunisie : Non-lieu en faveur de Fethi La\u00e2youni"},{"@type":"BreadcrumbList","@id":"https:\/\/www.webdo.tn\/fr\/actualite\/national\/tunisie-non-lieu-en-faveur-de-fethi-laayouni\/212855\/#breadcrumb","itemListElement":[{"@type":"ListItem","position":1,"name":"Accueil","item":"https:\/\/www.webdo.tn\/fr\/"},{"@type":"ListItem","position":2,"name":"Tunisie : Non-lieu en faveur de Fethi La\u00e2youni"}]},{"@type":"WebSite","@id":"https:\/\/www.webdo.tn\/fr\/#website","url":"https:\/\/www.webdo.tn\/fr\/","name":"webdo","description":"Tunisie - News en Tunisie et \u00e0 l&#039;international sur Webdo.tn","publisher":{"@id":"https:\/\/www.webdo.tn\/fr\/#organization"},"potentialAction":[{"@type":"SearchAction","target":{"@type":"EntryPoint","urlTemplate":"https:\/\/www.webdo.tn\/fr\/?s={search_term_string}"},"query-input":{"@type":"PropertyValueSpecification","valueRequired":true,"valueName":"search_term_string"}}],"inLanguage":"fr-FR"},{"@type":"Organization","@id":"https:\/\/www.webdo.tn\/fr\/#organization","name":"Webdo","alternateName":"Webdo.tn","url":"https:\/\/www.webdo.tn\/fr\/","logo":{"@type":"ImageObject","inLanguage":"fr-FR","@id":"https:\/\/www.webdo.tn\/fr\/#\/schema\/logo\/image\/","url":"https:\/\/www.webdo.tn\/fr\/wp-content\/uploads\/2025\/06\/Webdo-Tunisie_168377.jpg","contentUrl":"https:\/\/www.webdo.tn\/fr\/wp-content\/uploads\/2025\/06\/Webdo-Tunisie_168377.jpg","width":301,"height":301,"caption":"Webdo"},"image":{"@id":"https:\/\/www.webdo.tn\/fr\/#\/schema\/logo\/image\/"},"sameAs":["https:\/\/www.facebook.com\/webdotn","https:\/\/x.com\/webdo_tn"],"description":"Webdo est un m\u00e9dia num\u00e9rique tunisien fond\u00e9 en 2010, sp\u00e9cialis\u00e9 dans l\u2019actualit\u00e9 nationale et internationale, l\u2019\u00e9conomie, la soci\u00e9t\u00e9 et les analyses politiques. Le site s\u2019adresse \u00e0 un large public francophone et couvre l\u2019information tunisienne en temps r\u00e9el.","email":"redac@webdo.tn","legalName":"YNJ SARL","foundingDate":"2010-09-06","numberOfEmployees":{"@type":"QuantitativeValue","minValue":"11","maxValue":"50"}},{"@type":"Person","@id":"https:\/\/www.webdo.tn\/fr\/#\/schema\/person\/2c4929cbf5a809e3bd38617c6ce150f6","name":"MC","image":{"@type":"ImageObject","inLanguage":"fr-FR","@id":"https:\/\/secure.gravatar.com\/avatar\/a545bbb6f84efdd5553dbbc2895e3ca8f1d12c5215e00a041c9670b54aa9b18a?s=96&d=mm&r=g","url":"https:\/\/secure.gravatar.com\/avatar\/a545bbb6f84efdd5553dbbc2895e3ca8f1d12c5215e00a041c9670b54aa9b18a?s=96&d=mm&r=g","contentUrl":"https:\/\/secure.gravatar.com\/avatar\/a545bbb6f84efdd5553dbbc2895e3ca8f1d12c5215e00a041c9670b54aa9b18a?s=96&d=mm&r=g","caption":"MC"},"url":"https:\/\/www.webdo.tn\/fr\/actualite\/author\/mc\/"}]}},"_links":{"self":[{"href":"https:\/\/www.webdo.tn\/fr\/wp-json\/wp\/v2\/posts\/212855","targetHints":{"allow":["GET"]}}],"collection":[{"href":"https:\/\/www.webdo.tn\/fr\/wp-json\/wp\/v2\/posts"}],"about":[{"href":"https:\/\/www.webdo.tn\/fr\/wp-json\/wp\/v2\/types\/post"}],"author":[{"embeddable":true,"href":"https:\/\/www.webdo.tn\/fr\/wp-json\/wp\/v2\/users\/3162"}],"replies":[{"embeddable":true,"href":"https:\/\/www.webdo.tn\/fr\/wp-json\/wp\/v2\/comments?post=212855"}],"version-history":[{"count":0,"href":"https:\/\/www.webdo.tn\/fr\/wp-json\/wp\/v2\/posts\/212855\/revisions"}],"wp:featuredmedia":[{"embeddable":true,"href":"https:\/\/www.webdo.tn\/fr\/wp-json\/wp\/v2\/media\/290325"}],"wp:attachment":[{"href":"https:\/\/www.webdo.tn\/fr\/wp-json\/wp\/v2\/media?parent=212855"}],"wp:term":[{"taxonomy":"category","embeddable":true,"href":"https:\/\/www.webdo.tn\/fr\/wp-json\/wp\/v2\/categories?post=212855"},{"taxonomy":"post_tag","embeddable":true,"href":"https:\/\/www.webdo.tn\/fr\/wp-json\/wp\/v2\/tags?post=212855"}],"curies":[{"name":"wp","href":"https:\/\/api.w.org\/{rel}","templated":true}]}}