{"id":212852,"date":"2024-03-09T10:47:00","date_gmt":"2024-03-09T10:47:00","guid":{"rendered":"https:\/\/www.webdo.tn\/fr\/blog\/ligue-1-2eme-j-play-off-ess-est-a-l-affiche\/212852\/"},"modified":"2025-05-20T21:52:22","modified_gmt":"2025-05-20T21:52:22","slug":"ligue-1-2eme-j-play-off-ess-est-a-l-affiche","status":"publish","type":"post","link":"https:\/\/www.webdo.tn\/fr\/actualite\/sport\/ligue-1-2eme-j-play-off-ess-est-a-l-affiche\/212852\/","title":{"rendered":"Ligue 1 &#8211; 2\u00e8me J. play-off : ESS-EST \u00e0 l\u2019affiche"},"content":{"rendered":"<p>La 2\u00e8me journ\u00e9e du play-off du championnat de Ligue 1 s\u2019annonce intense et ind\u00e9cis avec trois belles affiches dont l\u2019explosif ESS-EST.<\/p>\n<p>\t\t\t\t\t\t\t\t\tCette journ\u00e9e sera lanc\u00e9e aujourd\u2019hui avec un premier match qui opposera le Club Africain \u00e0 l\u2019US Monastirienne \u00e0 Rades. Les deux \u00e9quipes chercheront \u00e0 d\u00e9crocher leur premier succ\u00e8s dans ce play-off.<\/p>\n<p>Demain, au Bardo, le Stade Tunisien, seule \u00e9quipe \u00e0 avoir go\u00fbt\u00e9 \u00e0 la d\u00e9faite lors de la journ\u00e9e inaugurale, accueille le CS Sfaxien dont la prestation a \u00e9t\u00e9 m\u00e9diocre lors de la 1\u00e8re journ\u00e9e face au Club Africain.<\/p>\n<p>Enfin, l\u2019ES Sahel accueille demain \u00e0 Sousse le leader actuel, l\u2019ES Tunis dans un match qui s\u2019annonce intense et ind\u00e9cis entre le champion en titre et un des favoris en puissance.<\/p>\n<p>PROGRAMME<\/p>\n<p>Samedi 9 mars \u00e0 17h00<\/p>\n<p>* Club Africain &#8211; US Monastirienne (Watania 2, Al Kass 2)<br \/>\nArbitre : Seif Ouertani \/ Arbitre VAR : Jalel Sahbani<\/p>\n<p>Dimanche 10 mars \u00e0 14h30<\/p>\n<p>* ES Sahel &#8211; ES Tunis<br \/>\nArbitre : Khaled Gouider \/ Arbitre VAR : Amir Ayadi<\/p>\n<p>* Stade Tunisien &#8211; CS Sfaxien<br \/>\nArbitre : Fraj Abdellaoui \/ Arbitre VAR : Hosni Naili<\/p>\n","protected":false},"excerpt":{"rendered":"<p>Cette journ\u00e9e sera lanc\u00e9e aujourd\u2019hui avec un premier match qui opposera le Club Africain \u00e0 l\u2019US Monastirienne \u00e0 Rades. Les deux \u00e9quipes chercheront \u00e0 d\u00e9crocher&#8230;<\/p>\n","protected":false},"author":3162,"featured_media":247824,"comment_status":"open","ping_status":"closed","sticky":false,"template":"","format":"standard","meta":{"footnotes":""},"categories":[2593],"tags":[2778,2622,2777,6308,2608],"class_list":["post-212852","post","type-post","status-publish","format-standard","has-post-thumbnail","hentry","category-sport","tag-championnat","tag-football","tag-ligue-1","tag-play-off","tag-tunisie"],"yoast_head":"<!-- This site is optimized with the Yoast SEO Premium plugin v27.4 (Yoast SEO v27.5) - https:\/\/yoast.com\/product\/yoast-seo-premium-wordpress\/ -->\n<title>Ligue 1 - 2\u00e8me J. play-off : ESS-EST \u00e0 l\u2019affiche<\/title>\n<meta name=\"description\" content=\"Cette journ\u00e9e sera lanc\u00e9e aujourd\u2019hui avec un premier match qui opposera le Club Africain \u00e0 l\u2019US Monastirienne \u00e0 Rades. Les deux \u00e9quipes chercheront \u00e0 d\u00e9crocher...\" \/>\n<link rel=\"canonical\" href=\"https:\/\/www.webdo.tn\/fr\/actualite\/sport\/ligue-1-2eme-j-play-off-ess-est-a-l-affiche\/212852\/\" \/>\n<meta property=\"og:locale\" content=\"fr_FR\" \/>\n<meta property=\"og:type\" content=\"article\" \/>\n<meta property=\"og:title\" content=\"Ligue 1 - 2\u00e8me J. play-off : ESS-EST \u00e0 l\u2019affiche\" \/>\n<meta property=\"og:description\" content=\"Cette journ\u00e9e sera lanc\u00e9e aujourd\u2019hui avec un premier match qui opposera le Club Africain \u00e0 l\u2019US Monastirienne \u00e0 Rades. Les deux \u00e9quipes chercheront \u00e0 d\u00e9crocher...\" \/>\n<meta property=\"og:url\" content=\"https:\/\/www.webdo.tn\/fr\/actualite\/sport\/ligue-1-2eme-j-play-off-ess-est-a-l-affiche\/212852\/\" \/>\n<meta property=\"og:site_name\" content=\"webdo\" \/>\n<meta property=\"article:publisher\" content=\"https:\/\/www.facebook.com\/webdotn\" \/>\n<meta property=\"article:published_time\" content=\"2024-03-09T10:47:00+00:00\" \/>\n<meta property=\"article:modified_time\" content=\"2025-05-20T21:52:22+00:00\" \/>\n<meta property=\"og:image\" content=\"https:\/\/www.webdo.tn\/fr\/wp-content\/uploads\/2024\/03\/a921b53117763ae37297a3bc6e721da4.jpg\" \/>\n\t<meta property=\"og:image:width\" content=\"750\" \/>\n\t<meta property=\"og:image:height\" content=\"400\" \/>\n\t<meta property=\"og:image:type\" content=\"image\/jpeg\" \/>\n<meta name=\"author\" content=\"MC\" \/>\n<meta name=\"twitter:card\" content=\"summary_large_image\" \/>\n<meta name=\"twitter:creator\" content=\"@webdo_tn\" \/>\n<meta name=\"twitter:site\" content=\"@webdo_tn\" \/>\n<meta name=\"twitter:label1\" content=\"\u00c9crit par\" \/>\n\t<meta name=\"twitter:data1\" content=\"MC\" \/>\n\t<meta name=\"twitter:label2\" content=\"Dur\u00e9e de lecture estim\u00e9e\" \/>\n\t<meta name=\"twitter:data2\" content=\"1 minute\" \/>\n<script type=\"application\/ld+json\" class=\"yoast-schema-graph\">{\"@context\":\"https:\\\/\\\/schema.org\",\"@graph\":[{\"@type\":\"NewsArticle\",\"@id\":\"https:\\\/\\\/www.webdo.tn\\\/fr\\\/actualite\\\/sport\\\/ligue-1-2eme-j-play-off-ess-est-a-l-affiche\\\/212852\\\/#article\",\"isPartOf\":{\"@id\":\"https:\\\/\\\/www.webdo.tn\\\/fr\\\/actualite\\\/sport\\\/ligue-1-2eme-j-play-off-ess-est-a-l-affiche\\\/212852\\\/\"},\"author\":{\"name\":\"MC\",\"@id\":\"https:\\\/\\\/www.webdo.tn\\\/fr\\\/#\\\/schema\\\/person\\\/2c4929cbf5a809e3bd38617c6ce150f6\"},\"headline\":\"Ligue 1 &#8211; 2\u00e8me J. play-off : ESS-EST \u00e0 l\u2019affiche\",\"datePublished\":\"2024-03-09T10:47:00+00:00\",\"dateModified\":\"2025-05-20T21:52:22+00:00\",\"mainEntityOfPage\":{\"@id\":\"https:\\\/\\\/www.webdo.tn\\\/fr\\\/actualite\\\/sport\\\/ligue-1-2eme-j-play-off-ess-est-a-l-affiche\\\/212852\\\/\"},\"wordCount\":187,\"commentCount\":0,\"publisher\":{\"@id\":\"https:\\\/\\\/www.webdo.tn\\\/fr\\\/#organization\"},\"image\":{\"@id\":\"https:\\\/\\\/www.webdo.tn\\\/fr\\\/actualite\\\/sport\\\/ligue-1-2eme-j-play-off-ess-est-a-l-affiche\\\/212852\\\/#primaryimage\"},\"thumbnailUrl\":\"https:\\\/\\\/www.webdo.tn\\\/fr\\\/wp-content\\\/uploads\\\/2024\\\/03\\\/a921b53117763ae37297a3bc6e721da4.jpg\",\"keywords\":[\"championnat\",\"football\",\"Ligue 1\",\"play-off\",\"Tunisie\"],\"articleSection\":[\"Sport\"],\"inLanguage\":\"fr-FR\"},{\"@type\":\"WebPage\",\"@id\":\"https:\\\/\\\/www.webdo.tn\\\/fr\\\/actualite\\\/sport\\\/ligue-1-2eme-j-play-off-ess-est-a-l-affiche\\\/212852\\\/\",\"url\":\"https:\\\/\\\/www.webdo.tn\\\/fr\\\/actualite\\\/sport\\\/ligue-1-2eme-j-play-off-ess-est-a-l-affiche\\\/212852\\\/\",\"name\":\"Ligue 1 - 2\u00e8me J. play-off : ESS-EST \u00e0 l\u2019affiche\",\"isPartOf\":{\"@id\":\"https:\\\/\\\/www.webdo.tn\\\/fr\\\/#website\"},\"primaryImageOfPage\":{\"@id\":\"https:\\\/\\\/www.webdo.tn\\\/fr\\\/actualite\\\/sport\\\/ligue-1-2eme-j-play-off-ess-est-a-l-affiche\\\/212852\\\/#primaryimage\"},\"image\":{\"@id\":\"https:\\\/\\\/www.webdo.tn\\\/fr\\\/actualite\\\/sport\\\/ligue-1-2eme-j-play-off-ess-est-a-l-affiche\\\/212852\\\/#primaryimage\"},\"thumbnailUrl\":\"https:\\\/\\\/www.webdo.tn\\\/fr\\\/wp-content\\\/uploads\\\/2024\\\/03\\\/a921b53117763ae37297a3bc6e721da4.jpg\",\"datePublished\":\"2024-03-09T10:47:00+00:00\",\"dateModified\":\"2025-05-20T21:52:22+00:00\",\"description\":\"Cette journ\u00e9e sera lanc\u00e9e aujourd\u2019hui avec un premier match qui opposera le Club Africain \u00e0 l\u2019US Monastirienne \u00e0 Rades. Les deux \u00e9quipes chercheront \u00e0 d\u00e9crocher...\",\"breadcrumb\":{\"@id\":\"https:\\\/\\\/www.webdo.tn\\\/fr\\\/actualite\\\/sport\\\/ligue-1-2eme-j-play-off-ess-est-a-l-affiche\\\/212852\\\/#breadcrumb\"},\"inLanguage\":\"fr-FR\",\"potentialAction\":[{\"@type\":\"ReadAction\",\"target\":[\"https:\\\/\\\/www.webdo.tn\\\/fr\\\/actualite\\\/sport\\\/ligue-1-2eme-j-play-off-ess-est-a-l-affiche\\\/212852\\\/\"]}]},{\"@type\":\"ImageObject\",\"inLanguage\":\"fr-FR\",\"@id\":\"https:\\\/\\\/www.webdo.tn\\\/fr\\\/actualite\\\/sport\\\/ligue-1-2eme-j-play-off-ess-est-a-l-affiche\\\/212852\\\/#primaryimage\",\"url\":\"https:\\\/\\\/www.webdo.tn\\\/fr\\\/wp-content\\\/uploads\\\/2024\\\/03\\\/a921b53117763ae37297a3bc6e721da4.jpg\",\"contentUrl\":\"https:\\\/\\\/www.webdo.tn\\\/fr\\\/wp-content\\\/uploads\\\/2024\\\/03\\\/a921b53117763ae37297a3bc6e721da4.jpg\",\"width\":750,\"height\":400,\"caption\":\"Ligue 1 - 2\u00e8me J. play-off : ESS-EST \u00e0 l\u2019affiche\"},{\"@type\":\"BreadcrumbList\",\"@id\":\"https:\\\/\\\/www.webdo.tn\\\/fr\\\/actualite\\\/sport\\\/ligue-1-2eme-j-play-off-ess-est-a-l-affiche\\\/212852\\\/#breadcrumb\",\"itemListElement\":[{\"@type\":\"ListItem\",\"position\":1,\"name\":\"Accueil\",\"item\":\"https:\\\/\\\/www.webdo.tn\\\/fr\\\/\"},{\"@type\":\"ListItem\",\"position\":2,\"name\":\"Ligue 1 &#8211; 2\u00e8me J. play-off : ESS-EST \u00e0 l\u2019affiche\"}]},{\"@type\":\"WebSite\",\"@id\":\"https:\\\/\\\/www.webdo.tn\\\/fr\\\/#website\",\"url\":\"https:\\\/\\\/www.webdo.tn\\\/fr\\\/\",\"name\":\"webdo\",\"description\":\"Tunisie - News en Tunisie et \u00e0 l&#039;international sur Webdo.tn\",\"publisher\":{\"@id\":\"https:\\\/\\\/www.webdo.tn\\\/fr\\\/#organization\"},\"potentialAction\":[{\"@type\":\"SearchAction\",\"target\":{\"@type\":\"EntryPoint\",\"urlTemplate\":\"https:\\\/\\\/www.webdo.tn\\\/fr\\\/?s={search_term_string}\"},\"query-input\":{\"@type\":\"PropertyValueSpecification\",\"valueRequired\":true,\"valueName\":\"search_term_string\"}}],\"inLanguage\":\"fr-FR\"},{\"@type\":\"Organization\",\"@id\":\"https:\\\/\\\/www.webdo.tn\\\/fr\\\/#organization\",\"name\":\"Webdo\",\"alternateName\":\"Webdo.tn\",\"url\":\"https:\\\/\\\/www.webdo.tn\\\/fr\\\/\",\"logo\":{\"@type\":\"ImageObject\",\"inLanguage\":\"fr-FR\",\"@id\":\"https:\\\/\\\/www.webdo.tn\\\/fr\\\/#\\\/schema\\\/logo\\\/image\\\/\",\"url\":\"https:\\\/\\\/www.webdo.tn\\\/fr\\\/wp-content\\\/uploads\\\/2025\\\/06\\\/Webdo-Tunisie_168377.jpg\",\"contentUrl\":\"https:\\\/\\\/www.webdo.tn\\\/fr\\\/wp-content\\\/uploads\\\/2025\\\/06\\\/Webdo-Tunisie_168377.jpg\",\"width\":301,\"height\":301,\"caption\":\"Webdo\"},\"image\":{\"@id\":\"https:\\\/\\\/www.webdo.tn\\\/fr\\\/#\\\/schema\\\/logo\\\/image\\\/\"},\"sameAs\":[\"https:\\\/\\\/www.facebook.com\\\/webdotn\",\"https:\\\/\\\/x.com\\\/webdo_tn\"],\"description\":\"Webdo est un m\u00e9dia num\u00e9rique tunisien fond\u00e9 en 2010, sp\u00e9cialis\u00e9 dans l\u2019actualit\u00e9 nationale et internationale, l\u2019\u00e9conomie, la soci\u00e9t\u00e9 et les analyses politiques. Le site s\u2019adresse \u00e0 un large public francophone et couvre l\u2019information tunisienne en temps r\u00e9el.\",\"email\":\"redac@webdo.tn\",\"legalName\":\"YNJ SARL\",\"foundingDate\":\"2010-09-06\",\"numberOfEmployees\":{\"@type\":\"QuantitativeValue\",\"minValue\":\"11\",\"maxValue\":\"50\"}},{\"@type\":\"Person\",\"@id\":\"https:\\\/\\\/www.webdo.tn\\\/fr\\\/#\\\/schema\\\/person\\\/2c4929cbf5a809e3bd38617c6ce150f6\",\"name\":\"MC\",\"image\":{\"@type\":\"ImageObject\",\"inLanguage\":\"fr-FR\",\"@id\":\"https:\\\/\\\/secure.gravatar.com\\\/avatar\\\/a545bbb6f84efdd5553dbbc2895e3ca8f1d12c5215e00a041c9670b54aa9b18a?s=96&d=mm&r=g\",\"url\":\"https:\\\/\\\/secure.gravatar.com\\\/avatar\\\/a545bbb6f84efdd5553dbbc2895e3ca8f1d12c5215e00a041c9670b54aa9b18a?s=96&d=mm&r=g\",\"contentUrl\":\"https:\\\/\\\/secure.gravatar.com\\\/avatar\\\/a545bbb6f84efdd5553dbbc2895e3ca8f1d12c5215e00a041c9670b54aa9b18a?s=96&d=mm&r=g\",\"caption\":\"MC\"},\"url\":\"https:\\\/\\\/www.webdo.tn\\\/fr\\\/actualite\\\/author\\\/mc\\\/\"}]}<\/script>\n<!-- \/ Yoast SEO Premium plugin. -->","yoast_head_json":{"title":"Ligue 1 - 2\u00e8me J. play-off : ESS-EST \u00e0 l\u2019affiche","description":"Cette journ\u00e9e sera lanc\u00e9e aujourd\u2019hui avec un premier match qui opposera le Club Africain \u00e0 l\u2019US Monastirienne \u00e0 Rades. Les deux \u00e9quipes chercheront \u00e0 d\u00e9crocher...","canonical":"https:\/\/www.webdo.tn\/fr\/actualite\/sport\/ligue-1-2eme-j-play-off-ess-est-a-l-affiche\/212852\/","og_locale":"fr_FR","og_type":"article","og_title":"Ligue 1 - 2\u00e8me J. play-off : ESS-EST \u00e0 l\u2019affiche","og_description":"Cette journ\u00e9e sera lanc\u00e9e aujourd\u2019hui avec un premier match qui opposera le Club Africain \u00e0 l\u2019US Monastirienne \u00e0 Rades. Les deux \u00e9quipes chercheront \u00e0 d\u00e9crocher...","og_url":"https:\/\/www.webdo.tn\/fr\/actualite\/sport\/ligue-1-2eme-j-play-off-ess-est-a-l-affiche\/212852\/","og_site_name":"webdo","article_publisher":"https:\/\/www.facebook.com\/webdotn","article_published_time":"2024-03-09T10:47:00+00:00","article_modified_time":"2025-05-20T21:52:22+00:00","og_image":[{"width":750,"height":400,"url":"https:\/\/www.webdo.tn\/fr\/wp-content\/uploads\/2024\/03\/a921b53117763ae37297a3bc6e721da4.jpg","type":"image\/jpeg"}],"author":"MC","twitter_card":"summary_large_image","twitter_creator":"@webdo_tn","twitter_site":"@webdo_tn","twitter_misc":{"\u00c9crit par":"MC","Dur\u00e9e de lecture estim\u00e9e":"1 minute"},"schema":{"@context":"https:\/\/schema.org","@graph":[{"@type":"NewsArticle","@id":"https:\/\/www.webdo.tn\/fr\/actualite\/sport\/ligue-1-2eme-j-play-off-ess-est-a-l-affiche\/212852\/#article","isPartOf":{"@id":"https:\/\/www.webdo.tn\/fr\/actualite\/sport\/ligue-1-2eme-j-play-off-ess-est-a-l-affiche\/212852\/"},"author":{"name":"MC","@id":"https:\/\/www.webdo.tn\/fr\/#\/schema\/person\/2c4929cbf5a809e3bd38617c6ce150f6"},"headline":"Ligue 1 &#8211; 2\u00e8me J. play-off : ESS-EST \u00e0 l\u2019affiche","datePublished":"2024-03-09T10:47:00+00:00","dateModified":"2025-05-20T21:52:22+00:00","mainEntityOfPage":{"@id":"https:\/\/www.webdo.tn\/fr\/actualite\/sport\/ligue-1-2eme-j-play-off-ess-est-a-l-affiche\/212852\/"},"wordCount":187,"commentCount":0,"publisher":{"@id":"https:\/\/www.webdo.tn\/fr\/#organization"},"image":{"@id":"https:\/\/www.webdo.tn\/fr\/actualite\/sport\/ligue-1-2eme-j-play-off-ess-est-a-l-affiche\/212852\/#primaryimage"},"thumbnailUrl":"https:\/\/www.webdo.tn\/fr\/wp-content\/uploads\/2024\/03\/a921b53117763ae37297a3bc6e721da4.jpg","keywords":["championnat","football","Ligue 1","play-off","Tunisie"],"articleSection":["Sport"],"inLanguage":"fr-FR"},{"@type":"WebPage","@id":"https:\/\/www.webdo.tn\/fr\/actualite\/sport\/ligue-1-2eme-j-play-off-ess-est-a-l-affiche\/212852\/","url":"https:\/\/www.webdo.tn\/fr\/actualite\/sport\/ligue-1-2eme-j-play-off-ess-est-a-l-affiche\/212852\/","name":"Ligue 1 - 2\u00e8me J. play-off : ESS-EST \u00e0 l\u2019affiche","isPartOf":{"@id":"https:\/\/www.webdo.tn\/fr\/#website"},"primaryImageOfPage":{"@id":"https:\/\/www.webdo.tn\/fr\/actualite\/sport\/ligue-1-2eme-j-play-off-ess-est-a-l-affiche\/212852\/#primaryimage"},"image":{"@id":"https:\/\/www.webdo.tn\/fr\/actualite\/sport\/ligue-1-2eme-j-play-off-ess-est-a-l-affiche\/212852\/#primaryimage"},"thumbnailUrl":"https:\/\/www.webdo.tn\/fr\/wp-content\/uploads\/2024\/03\/a921b53117763ae37297a3bc6e721da4.jpg","datePublished":"2024-03-09T10:47:00+00:00","dateModified":"2025-05-20T21:52:22+00:00","description":"Cette journ\u00e9e sera lanc\u00e9e aujourd\u2019hui avec un premier match qui opposera le Club Africain \u00e0 l\u2019US Monastirienne \u00e0 Rades. Les deux \u00e9quipes chercheront \u00e0 d\u00e9crocher...","breadcrumb":{"@id":"https:\/\/www.webdo.tn\/fr\/actualite\/sport\/ligue-1-2eme-j-play-off-ess-est-a-l-affiche\/212852\/#breadcrumb"},"inLanguage":"fr-FR","potentialAction":[{"@type":"ReadAction","target":["https:\/\/www.webdo.tn\/fr\/actualite\/sport\/ligue-1-2eme-j-play-off-ess-est-a-l-affiche\/212852\/"]}]},{"@type":"ImageObject","inLanguage":"fr-FR","@id":"https:\/\/www.webdo.tn\/fr\/actualite\/sport\/ligue-1-2eme-j-play-off-ess-est-a-l-affiche\/212852\/#primaryimage","url":"https:\/\/www.webdo.tn\/fr\/wp-content\/uploads\/2024\/03\/a921b53117763ae37297a3bc6e721da4.jpg","contentUrl":"https:\/\/www.webdo.tn\/fr\/wp-content\/uploads\/2024\/03\/a921b53117763ae37297a3bc6e721da4.jpg","width":750,"height":400,"caption":"Ligue 1 - 2\u00e8me J. play-off : ESS-EST \u00e0 l\u2019affiche"},{"@type":"BreadcrumbList","@id":"https:\/\/www.webdo.tn\/fr\/actualite\/sport\/ligue-1-2eme-j-play-off-ess-est-a-l-affiche\/212852\/#breadcrumb","itemListElement":[{"@type":"ListItem","position":1,"name":"Accueil","item":"https:\/\/www.webdo.tn\/fr\/"},{"@type":"ListItem","position":2,"name":"Ligue 1 &#8211; 2\u00e8me J. play-off : ESS-EST \u00e0 l\u2019affiche"}]},{"@type":"WebSite","@id":"https:\/\/www.webdo.tn\/fr\/#website","url":"https:\/\/www.webdo.tn\/fr\/","name":"webdo","description":"Tunisie - News en Tunisie et \u00e0 l&#039;international sur Webdo.tn","publisher":{"@id":"https:\/\/www.webdo.tn\/fr\/#organization"},"potentialAction":[{"@type":"SearchAction","target":{"@type":"EntryPoint","urlTemplate":"https:\/\/www.webdo.tn\/fr\/?s={search_term_string}"},"query-input":{"@type":"PropertyValueSpecification","valueRequired":true,"valueName":"search_term_string"}}],"inLanguage":"fr-FR"},{"@type":"Organization","@id":"https:\/\/www.webdo.tn\/fr\/#organization","name":"Webdo","alternateName":"Webdo.tn","url":"https:\/\/www.webdo.tn\/fr\/","logo":{"@type":"ImageObject","inLanguage":"fr-FR","@id":"https:\/\/www.webdo.tn\/fr\/#\/schema\/logo\/image\/","url":"https:\/\/www.webdo.tn\/fr\/wp-content\/uploads\/2025\/06\/Webdo-Tunisie_168377.jpg","contentUrl":"https:\/\/www.webdo.tn\/fr\/wp-content\/uploads\/2025\/06\/Webdo-Tunisie_168377.jpg","width":301,"height":301,"caption":"Webdo"},"image":{"@id":"https:\/\/www.webdo.tn\/fr\/#\/schema\/logo\/image\/"},"sameAs":["https:\/\/www.facebook.com\/webdotn","https:\/\/x.com\/webdo_tn"],"description":"Webdo est un m\u00e9dia num\u00e9rique tunisien fond\u00e9 en 2010, sp\u00e9cialis\u00e9 dans l\u2019actualit\u00e9 nationale et internationale, l\u2019\u00e9conomie, la soci\u00e9t\u00e9 et les analyses politiques. Le site s\u2019adresse \u00e0 un large public francophone et couvre l\u2019information tunisienne en temps r\u00e9el.","email":"redac@webdo.tn","legalName":"YNJ SARL","foundingDate":"2010-09-06","numberOfEmployees":{"@type":"QuantitativeValue","minValue":"11","maxValue":"50"}},{"@type":"Person","@id":"https:\/\/www.webdo.tn\/fr\/#\/schema\/person\/2c4929cbf5a809e3bd38617c6ce150f6","name":"MC","image":{"@type":"ImageObject","inLanguage":"fr-FR","@id":"https:\/\/secure.gravatar.com\/avatar\/a545bbb6f84efdd5553dbbc2895e3ca8f1d12c5215e00a041c9670b54aa9b18a?s=96&d=mm&r=g","url":"https:\/\/secure.gravatar.com\/avatar\/a545bbb6f84efdd5553dbbc2895e3ca8f1d12c5215e00a041c9670b54aa9b18a?s=96&d=mm&r=g","contentUrl":"https:\/\/secure.gravatar.com\/avatar\/a545bbb6f84efdd5553dbbc2895e3ca8f1d12c5215e00a041c9670b54aa9b18a?s=96&d=mm&r=g","caption":"MC"},"url":"https:\/\/www.webdo.tn\/fr\/actualite\/author\/mc\/"}]}},"_links":{"self":[{"href":"https:\/\/www.webdo.tn\/fr\/wp-json\/wp\/v2\/posts\/212852","targetHints":{"allow":["GET"]}}],"collection":[{"href":"https:\/\/www.webdo.tn\/fr\/wp-json\/wp\/v2\/posts"}],"about":[{"href":"https:\/\/www.webdo.tn\/fr\/wp-json\/wp\/v2\/types\/post"}],"author":[{"embeddable":true,"href":"https:\/\/www.webdo.tn\/fr\/wp-json\/wp\/v2\/users\/3162"}],"replies":[{"embeddable":true,"href":"https:\/\/www.webdo.tn\/fr\/wp-json\/wp\/v2\/comments?post=212852"}],"version-history":[{"count":0,"href":"https:\/\/www.webdo.tn\/fr\/wp-json\/wp\/v2\/posts\/212852\/revisions"}],"wp:featuredmedia":[{"embeddable":true,"href":"https:\/\/www.webdo.tn\/fr\/wp-json\/wp\/v2\/media\/247824"}],"wp:attachment":[{"href":"https:\/\/www.webdo.tn\/fr\/wp-json\/wp\/v2\/media?parent=212852"}],"wp:term":[{"taxonomy":"category","embeddable":true,"href":"https:\/\/www.webdo.tn\/fr\/wp-json\/wp\/v2\/categories?post=212852"},{"taxonomy":"post_tag","embeddable":true,"href":"https:\/\/www.webdo.tn\/fr\/wp-json\/wp\/v2\/tags?post=212852"}],"curies":[{"name":"wp","href":"https:\/\/api.w.org\/{rel}","templated":true}]}}