{"id":212834,"date":"2024-03-08T15:30:00","date_gmt":"2024-03-08T15:30:00","guid":{"rendered":"https:\/\/www.webdo.tn\/fr\/blog\/la-tunisie-adhere-officiellement-a-la-convention-europeenne-sur-la-cybercriminalite\/212834\/"},"modified":"2025-05-20T21:52:21","modified_gmt":"2025-05-20T21:52:21","slug":"la-tunisie-adhere-officiellement-a-la-convention-europeenne-sur-la-cybercriminalite","status":"publish","type":"post","link":"https:\/\/www.webdo.tn\/fr\/actualite\/national\/la-tunisie-adhere-officiellement-a-la-convention-europeenne-sur-la-cybercriminalite\/212834\/","title":{"rendered":"La Tunisie adh\u00e8re officiellement \u00e0 la Convention europ\u00e9enne sur la cybercriminalit\u00e9"},"content":{"rendered":"<p>La Tunisie a officiellement adh\u00e9r\u00e9 \u00e0 la Convention du Conseil de l&rsquo;Europe sur la cybercriminalit\u00e9, adopt\u00e9e \u00e0 Budapest. La Tunisie devient ainsi le 70e pays \u00e0 rejoindre cette convention.<\/p>\n<p>\t\t\t\t\t\t\t\t\tSelon un communiqu\u00e9 du minist\u00e8re des Technologies de la Communication, cette adh\u00e9sion s&rsquo;inscrit dans le cadre de la poursuite des efforts nationaux et de la coordination \u00e9troite entre diff\u00e9rents minist\u00e8res, notamment ceux des Technologies de la Communication, des Affaires \u00e9trang\u00e8res, de l&rsquo;Int\u00e9rieur, de la Justice, ainsi que les structures de l&rsquo;\u00c9tat sp\u00e9cialis\u00e9es dans la lutte contre les crimes li\u00e9s aux syst\u00e8mes d&rsquo;information et de communication.<\/p>\n<p>Cette adh\u00e9sion vise \u00e9galement \u00e0 prot\u00e9ger l&rsquo;espace cybern\u00e9tique national, les utilisateurs des technologies de l&rsquo;information et de la communication contre les attaques et les cyberattaques visant les syst\u00e8mes d&rsquo;information, compromettant les droits des individus, les utilisant ill\u00e9galement, perturbant l&rsquo;ordre social ou le syst\u00e8me public.<\/p>\n<p>Cette convention permettra aux structures nationales impliqu\u00e9es dans la lutte contre les crimes li\u00e9s aux syst\u00e8mes d&rsquo;information et de communication de b\u00e9n\u00e9ficier des exp\u00e9riences, de la formation, et des proc\u00e9dures juridiques \u00e9tablies par le trait\u00e9, en particulier en ce qui concerne l&rsquo;\u00e9change d&rsquo;informations entre les \u00c9tats membres afin de pr\u00e9venir, d\u00e9tecter et dissuader ces crimes.<\/p>\n","protected":false},"excerpt":{"rendered":"<p>Cette adh\u00e9sion vise \u00e9galement \u00e0 prot\u00e9ger l&rsquo;espace cybern\u00e9tique national, les utilisateurs des technologies de l&rsquo;information et de la communication contre les at&#8230;<\/p>\n","protected":false},"author":3162,"featured_media":247816,"comment_status":"open","ping_status":"closed","sticky":false,"template":"","format":"standard","meta":{"footnotes":""},"categories":[44],"tags":[6881,4590,6880,2608],"class_list":["post-212834","post","type-post","status-publish","format-standard","has-post-thumbnail","hentry","category-national","tag-budapest","tag-convention","tag-cybercriminalite","tag-tunisie"],"yoast_head":"<!-- This site is optimized with the Yoast SEO Premium plugin v27.4 (Yoast SEO v27.5) - https:\/\/yoast.com\/product\/yoast-seo-premium-wordpress\/ -->\n<title>La Tunisie adh\u00e8re officiellement \u00e0 la Convention europ\u00e9enne sur la cybercriminalit\u00e9<\/title>\n<meta name=\"description\" content=\"Cette adh\u00e9sion vise \u00e9galement \u00e0 prot\u00e9ger l&#039;espace cybern\u00e9tique national, les utilisateurs des technologies de l&#039;information et de la communication contre les at...\" \/>\n<link rel=\"canonical\" href=\"https:\/\/www.webdo.tn\/fr\/actualite\/national\/la-tunisie-adhere-officiellement-a-la-convention-europeenne-sur-la-cybercriminalite\/212834\/\" \/>\n<meta property=\"og:locale\" content=\"fr_FR\" \/>\n<meta property=\"og:type\" content=\"article\" \/>\n<meta property=\"og:title\" content=\"La Tunisie adh\u00e8re officiellement \u00e0 la Convention europ\u00e9enne sur la cybercriminalit\u00e9\" \/>\n<meta property=\"og:description\" content=\"Cette adh\u00e9sion vise \u00e9galement \u00e0 prot\u00e9ger l&#039;espace cybern\u00e9tique national, les utilisateurs des technologies de l&#039;information et de la communication contre les at...\" \/>\n<meta property=\"og:url\" content=\"https:\/\/www.webdo.tn\/fr\/actualite\/national\/la-tunisie-adhere-officiellement-a-la-convention-europeenne-sur-la-cybercriminalite\/212834\/\" \/>\n<meta property=\"og:site_name\" content=\"webdo\" \/>\n<meta property=\"article:publisher\" content=\"https:\/\/www.facebook.com\/webdotn\" \/>\n<meta property=\"article:published_time\" content=\"2024-03-08T15:30:00+00:00\" \/>\n<meta property=\"article:modified_time\" content=\"2025-05-20T21:52:21+00:00\" \/>\n<meta property=\"og:image\" content=\"https:\/\/www.webdo.tn\/fr\/wp-content\/uploads\/2024\/03\/6b873f7ab5f0337deb995c186b49c684.jpg\" \/>\n\t<meta property=\"og:image:width\" content=\"750\" \/>\n\t<meta property=\"og:image:height\" content=\"400\" \/>\n\t<meta property=\"og:image:type\" content=\"image\/jpeg\" \/>\n<meta name=\"author\" content=\"MC\" \/>\n<meta name=\"twitter:card\" content=\"summary_large_image\" \/>\n<meta name=\"twitter:creator\" content=\"@webdo_tn\" \/>\n<meta name=\"twitter:site\" content=\"@webdo_tn\" \/>\n<meta name=\"twitter:label1\" content=\"\u00c9crit par\" \/>\n\t<meta name=\"twitter:data1\" content=\"MC\" \/>\n\t<meta name=\"twitter:label2\" content=\"Dur\u00e9e de lecture estim\u00e9e\" \/>\n\t<meta name=\"twitter:data2\" content=\"1 minute\" \/>\n<script type=\"application\/ld+json\" class=\"yoast-schema-graph\">{\"@context\":\"https:\\\/\\\/schema.org\",\"@graph\":[{\"@type\":\"NewsArticle\",\"@id\":\"https:\\\/\\\/www.webdo.tn\\\/fr\\\/actualite\\\/national\\\/la-tunisie-adhere-officiellement-a-la-convention-europeenne-sur-la-cybercriminalite\\\/212834\\\/#article\",\"isPartOf\":{\"@id\":\"https:\\\/\\\/www.webdo.tn\\\/fr\\\/actualite\\\/national\\\/la-tunisie-adhere-officiellement-a-la-convention-europeenne-sur-la-cybercriminalite\\\/212834\\\/\"},\"author\":{\"name\":\"MC\",\"@id\":\"https:\\\/\\\/www.webdo.tn\\\/fr\\\/#\\\/schema\\\/person\\\/2c4929cbf5a809e3bd38617c6ce150f6\"},\"headline\":\"La Tunisie adh\u00e8re officiellement \u00e0 la Convention europ\u00e9enne sur la cybercriminalit\u00e9\",\"datePublished\":\"2024-03-08T15:30:00+00:00\",\"dateModified\":\"2025-05-20T21:52:21+00:00\",\"mainEntityOfPage\":{\"@id\":\"https:\\\/\\\/www.webdo.tn\\\/fr\\\/actualite\\\/national\\\/la-tunisie-adhere-officiellement-a-la-convention-europeenne-sur-la-cybercriminalite\\\/212834\\\/\"},\"wordCount\":240,\"commentCount\":0,\"publisher\":{\"@id\":\"https:\\\/\\\/www.webdo.tn\\\/fr\\\/#organization\"},\"image\":{\"@id\":\"https:\\\/\\\/www.webdo.tn\\\/fr\\\/actualite\\\/national\\\/la-tunisie-adhere-officiellement-a-la-convention-europeenne-sur-la-cybercriminalite\\\/212834\\\/#primaryimage\"},\"thumbnailUrl\":\"https:\\\/\\\/www.webdo.tn\\\/fr\\\/wp-content\\\/uploads\\\/2024\\\/03\\\/6b873f7ab5f0337deb995c186b49c684.jpg\",\"keywords\":[\"budapest\",\"convention\",\"cybercriminalit\u00e9\",\"Tunisie\"],\"articleSection\":[\"National\"],\"inLanguage\":\"fr-FR\"},{\"@type\":\"WebPage\",\"@id\":\"https:\\\/\\\/www.webdo.tn\\\/fr\\\/actualite\\\/national\\\/la-tunisie-adhere-officiellement-a-la-convention-europeenne-sur-la-cybercriminalite\\\/212834\\\/\",\"url\":\"https:\\\/\\\/www.webdo.tn\\\/fr\\\/actualite\\\/national\\\/la-tunisie-adhere-officiellement-a-la-convention-europeenne-sur-la-cybercriminalite\\\/212834\\\/\",\"name\":\"La Tunisie adh\u00e8re officiellement \u00e0 la Convention europ\u00e9enne sur la cybercriminalit\u00e9\",\"isPartOf\":{\"@id\":\"https:\\\/\\\/www.webdo.tn\\\/fr\\\/#website\"},\"primaryImageOfPage\":{\"@id\":\"https:\\\/\\\/www.webdo.tn\\\/fr\\\/actualite\\\/national\\\/la-tunisie-adhere-officiellement-a-la-convention-europeenne-sur-la-cybercriminalite\\\/212834\\\/#primaryimage\"},\"image\":{\"@id\":\"https:\\\/\\\/www.webdo.tn\\\/fr\\\/actualite\\\/national\\\/la-tunisie-adhere-officiellement-a-la-convention-europeenne-sur-la-cybercriminalite\\\/212834\\\/#primaryimage\"},\"thumbnailUrl\":\"https:\\\/\\\/www.webdo.tn\\\/fr\\\/wp-content\\\/uploads\\\/2024\\\/03\\\/6b873f7ab5f0337deb995c186b49c684.jpg\",\"datePublished\":\"2024-03-08T15:30:00+00:00\",\"dateModified\":\"2025-05-20T21:52:21+00:00\",\"description\":\"Cette adh\u00e9sion vise \u00e9galement \u00e0 prot\u00e9ger l'espace cybern\u00e9tique national, les utilisateurs des technologies de l'information et de la communication contre les at...\",\"breadcrumb\":{\"@id\":\"https:\\\/\\\/www.webdo.tn\\\/fr\\\/actualite\\\/national\\\/la-tunisie-adhere-officiellement-a-la-convention-europeenne-sur-la-cybercriminalite\\\/212834\\\/#breadcrumb\"},\"inLanguage\":\"fr-FR\",\"potentialAction\":[{\"@type\":\"ReadAction\",\"target\":[\"https:\\\/\\\/www.webdo.tn\\\/fr\\\/actualite\\\/national\\\/la-tunisie-adhere-officiellement-a-la-convention-europeenne-sur-la-cybercriminalite\\\/212834\\\/\"]}]},{\"@type\":\"ImageObject\",\"inLanguage\":\"fr-FR\",\"@id\":\"https:\\\/\\\/www.webdo.tn\\\/fr\\\/actualite\\\/national\\\/la-tunisie-adhere-officiellement-a-la-convention-europeenne-sur-la-cybercriminalite\\\/212834\\\/#primaryimage\",\"url\":\"https:\\\/\\\/www.webdo.tn\\\/fr\\\/wp-content\\\/uploads\\\/2024\\\/03\\\/6b873f7ab5f0337deb995c186b49c684.jpg\",\"contentUrl\":\"https:\\\/\\\/www.webdo.tn\\\/fr\\\/wp-content\\\/uploads\\\/2024\\\/03\\\/6b873f7ab5f0337deb995c186b49c684.jpg\",\"width\":750,\"height\":400,\"caption\":\"La Tunisie adh\u00e8re officiellement \u00e0 la Convention europ\u00e9enne sur la cybercriminalit\u00e9\"},{\"@type\":\"BreadcrumbList\",\"@id\":\"https:\\\/\\\/www.webdo.tn\\\/fr\\\/actualite\\\/national\\\/la-tunisie-adhere-officiellement-a-la-convention-europeenne-sur-la-cybercriminalite\\\/212834\\\/#breadcrumb\",\"itemListElement\":[{\"@type\":\"ListItem\",\"position\":1,\"name\":\"Accueil\",\"item\":\"https:\\\/\\\/www.webdo.tn\\\/fr\\\/\"},{\"@type\":\"ListItem\",\"position\":2,\"name\":\"La Tunisie adh\u00e8re officiellement \u00e0 la Convention europ\u00e9enne sur la cybercriminalit\u00e9\"}]},{\"@type\":\"WebSite\",\"@id\":\"https:\\\/\\\/www.webdo.tn\\\/fr\\\/#website\",\"url\":\"https:\\\/\\\/www.webdo.tn\\\/fr\\\/\",\"name\":\"webdo\",\"description\":\"Tunisie - News en Tunisie et \u00e0 l&#039;international sur Webdo.tn\",\"publisher\":{\"@id\":\"https:\\\/\\\/www.webdo.tn\\\/fr\\\/#organization\"},\"potentialAction\":[{\"@type\":\"SearchAction\",\"target\":{\"@type\":\"EntryPoint\",\"urlTemplate\":\"https:\\\/\\\/www.webdo.tn\\\/fr\\\/?s={search_term_string}\"},\"query-input\":{\"@type\":\"PropertyValueSpecification\",\"valueRequired\":true,\"valueName\":\"search_term_string\"}}],\"inLanguage\":\"fr-FR\"},{\"@type\":\"Organization\",\"@id\":\"https:\\\/\\\/www.webdo.tn\\\/fr\\\/#organization\",\"name\":\"Webdo\",\"alternateName\":\"Webdo.tn\",\"url\":\"https:\\\/\\\/www.webdo.tn\\\/fr\\\/\",\"logo\":{\"@type\":\"ImageObject\",\"inLanguage\":\"fr-FR\",\"@id\":\"https:\\\/\\\/www.webdo.tn\\\/fr\\\/#\\\/schema\\\/logo\\\/image\\\/\",\"url\":\"https:\\\/\\\/www.webdo.tn\\\/fr\\\/wp-content\\\/uploads\\\/2025\\\/06\\\/Webdo-Tunisie_168377.jpg\",\"contentUrl\":\"https:\\\/\\\/www.webdo.tn\\\/fr\\\/wp-content\\\/uploads\\\/2025\\\/06\\\/Webdo-Tunisie_168377.jpg\",\"width\":301,\"height\":301,\"caption\":\"Webdo\"},\"image\":{\"@id\":\"https:\\\/\\\/www.webdo.tn\\\/fr\\\/#\\\/schema\\\/logo\\\/image\\\/\"},\"sameAs\":[\"https:\\\/\\\/www.facebook.com\\\/webdotn\",\"https:\\\/\\\/x.com\\\/webdo_tn\"],\"description\":\"Webdo est un m\u00e9dia num\u00e9rique tunisien fond\u00e9 en 2010, sp\u00e9cialis\u00e9 dans l\u2019actualit\u00e9 nationale et internationale, l\u2019\u00e9conomie, la soci\u00e9t\u00e9 et les analyses politiques. Le site s\u2019adresse \u00e0 un large public francophone et couvre l\u2019information tunisienne en temps r\u00e9el.\",\"email\":\"redac@webdo.tn\",\"legalName\":\"YNJ SARL\",\"foundingDate\":\"2010-09-06\",\"numberOfEmployees\":{\"@type\":\"QuantitativeValue\",\"minValue\":\"11\",\"maxValue\":\"50\"}},{\"@type\":\"Person\",\"@id\":\"https:\\\/\\\/www.webdo.tn\\\/fr\\\/#\\\/schema\\\/person\\\/2c4929cbf5a809e3bd38617c6ce150f6\",\"name\":\"MC\",\"image\":{\"@type\":\"ImageObject\",\"inLanguage\":\"fr-FR\",\"@id\":\"https:\\\/\\\/secure.gravatar.com\\\/avatar\\\/a545bbb6f84efdd5553dbbc2895e3ca8f1d12c5215e00a041c9670b54aa9b18a?s=96&d=mm&r=g\",\"url\":\"https:\\\/\\\/secure.gravatar.com\\\/avatar\\\/a545bbb6f84efdd5553dbbc2895e3ca8f1d12c5215e00a041c9670b54aa9b18a?s=96&d=mm&r=g\",\"contentUrl\":\"https:\\\/\\\/secure.gravatar.com\\\/avatar\\\/a545bbb6f84efdd5553dbbc2895e3ca8f1d12c5215e00a041c9670b54aa9b18a?s=96&d=mm&r=g\",\"caption\":\"MC\"},\"url\":\"https:\\\/\\\/www.webdo.tn\\\/fr\\\/actualite\\\/author\\\/mc\\\/\"}]}<\/script>\n<!-- \/ Yoast SEO Premium plugin. -->","yoast_head_json":{"title":"La Tunisie adh\u00e8re officiellement \u00e0 la Convention europ\u00e9enne sur la cybercriminalit\u00e9","description":"Cette adh\u00e9sion vise \u00e9galement \u00e0 prot\u00e9ger l'espace cybern\u00e9tique national, les utilisateurs des technologies de l'information et de la communication contre les at...","canonical":"https:\/\/www.webdo.tn\/fr\/actualite\/national\/la-tunisie-adhere-officiellement-a-la-convention-europeenne-sur-la-cybercriminalite\/212834\/","og_locale":"fr_FR","og_type":"article","og_title":"La Tunisie adh\u00e8re officiellement \u00e0 la Convention europ\u00e9enne sur la cybercriminalit\u00e9","og_description":"Cette adh\u00e9sion vise \u00e9galement \u00e0 prot\u00e9ger l'espace cybern\u00e9tique national, les utilisateurs des technologies de l'information et de la communication contre les at...","og_url":"https:\/\/www.webdo.tn\/fr\/actualite\/national\/la-tunisie-adhere-officiellement-a-la-convention-europeenne-sur-la-cybercriminalite\/212834\/","og_site_name":"webdo","article_publisher":"https:\/\/www.facebook.com\/webdotn","article_published_time":"2024-03-08T15:30:00+00:00","article_modified_time":"2025-05-20T21:52:21+00:00","og_image":[{"width":750,"height":400,"url":"https:\/\/www.webdo.tn\/fr\/wp-content\/uploads\/2024\/03\/6b873f7ab5f0337deb995c186b49c684.jpg","type":"image\/jpeg"}],"author":"MC","twitter_card":"summary_large_image","twitter_creator":"@webdo_tn","twitter_site":"@webdo_tn","twitter_misc":{"\u00c9crit par":"MC","Dur\u00e9e de lecture estim\u00e9e":"1 minute"},"schema":{"@context":"https:\/\/schema.org","@graph":[{"@type":"NewsArticle","@id":"https:\/\/www.webdo.tn\/fr\/actualite\/national\/la-tunisie-adhere-officiellement-a-la-convention-europeenne-sur-la-cybercriminalite\/212834\/#article","isPartOf":{"@id":"https:\/\/www.webdo.tn\/fr\/actualite\/national\/la-tunisie-adhere-officiellement-a-la-convention-europeenne-sur-la-cybercriminalite\/212834\/"},"author":{"name":"MC","@id":"https:\/\/www.webdo.tn\/fr\/#\/schema\/person\/2c4929cbf5a809e3bd38617c6ce150f6"},"headline":"La Tunisie adh\u00e8re officiellement \u00e0 la Convention europ\u00e9enne sur la cybercriminalit\u00e9","datePublished":"2024-03-08T15:30:00+00:00","dateModified":"2025-05-20T21:52:21+00:00","mainEntityOfPage":{"@id":"https:\/\/www.webdo.tn\/fr\/actualite\/national\/la-tunisie-adhere-officiellement-a-la-convention-europeenne-sur-la-cybercriminalite\/212834\/"},"wordCount":240,"commentCount":0,"publisher":{"@id":"https:\/\/www.webdo.tn\/fr\/#organization"},"image":{"@id":"https:\/\/www.webdo.tn\/fr\/actualite\/national\/la-tunisie-adhere-officiellement-a-la-convention-europeenne-sur-la-cybercriminalite\/212834\/#primaryimage"},"thumbnailUrl":"https:\/\/www.webdo.tn\/fr\/wp-content\/uploads\/2024\/03\/6b873f7ab5f0337deb995c186b49c684.jpg","keywords":["budapest","convention","cybercriminalit\u00e9","Tunisie"],"articleSection":["National"],"inLanguage":"fr-FR"},{"@type":"WebPage","@id":"https:\/\/www.webdo.tn\/fr\/actualite\/national\/la-tunisie-adhere-officiellement-a-la-convention-europeenne-sur-la-cybercriminalite\/212834\/","url":"https:\/\/www.webdo.tn\/fr\/actualite\/national\/la-tunisie-adhere-officiellement-a-la-convention-europeenne-sur-la-cybercriminalite\/212834\/","name":"La Tunisie adh\u00e8re officiellement \u00e0 la Convention europ\u00e9enne sur la cybercriminalit\u00e9","isPartOf":{"@id":"https:\/\/www.webdo.tn\/fr\/#website"},"primaryImageOfPage":{"@id":"https:\/\/www.webdo.tn\/fr\/actualite\/national\/la-tunisie-adhere-officiellement-a-la-convention-europeenne-sur-la-cybercriminalite\/212834\/#primaryimage"},"image":{"@id":"https:\/\/www.webdo.tn\/fr\/actualite\/national\/la-tunisie-adhere-officiellement-a-la-convention-europeenne-sur-la-cybercriminalite\/212834\/#primaryimage"},"thumbnailUrl":"https:\/\/www.webdo.tn\/fr\/wp-content\/uploads\/2024\/03\/6b873f7ab5f0337deb995c186b49c684.jpg","datePublished":"2024-03-08T15:30:00+00:00","dateModified":"2025-05-20T21:52:21+00:00","description":"Cette adh\u00e9sion vise \u00e9galement \u00e0 prot\u00e9ger l'espace cybern\u00e9tique national, les utilisateurs des technologies de l'information et de la communication contre les at...","breadcrumb":{"@id":"https:\/\/www.webdo.tn\/fr\/actualite\/national\/la-tunisie-adhere-officiellement-a-la-convention-europeenne-sur-la-cybercriminalite\/212834\/#breadcrumb"},"inLanguage":"fr-FR","potentialAction":[{"@type":"ReadAction","target":["https:\/\/www.webdo.tn\/fr\/actualite\/national\/la-tunisie-adhere-officiellement-a-la-convention-europeenne-sur-la-cybercriminalite\/212834\/"]}]},{"@type":"ImageObject","inLanguage":"fr-FR","@id":"https:\/\/www.webdo.tn\/fr\/actualite\/national\/la-tunisie-adhere-officiellement-a-la-convention-europeenne-sur-la-cybercriminalite\/212834\/#primaryimage","url":"https:\/\/www.webdo.tn\/fr\/wp-content\/uploads\/2024\/03\/6b873f7ab5f0337deb995c186b49c684.jpg","contentUrl":"https:\/\/www.webdo.tn\/fr\/wp-content\/uploads\/2024\/03\/6b873f7ab5f0337deb995c186b49c684.jpg","width":750,"height":400,"caption":"La Tunisie adh\u00e8re officiellement \u00e0 la Convention europ\u00e9enne sur la cybercriminalit\u00e9"},{"@type":"BreadcrumbList","@id":"https:\/\/www.webdo.tn\/fr\/actualite\/national\/la-tunisie-adhere-officiellement-a-la-convention-europeenne-sur-la-cybercriminalite\/212834\/#breadcrumb","itemListElement":[{"@type":"ListItem","position":1,"name":"Accueil","item":"https:\/\/www.webdo.tn\/fr\/"},{"@type":"ListItem","position":2,"name":"La Tunisie adh\u00e8re officiellement \u00e0 la Convention europ\u00e9enne sur la cybercriminalit\u00e9"}]},{"@type":"WebSite","@id":"https:\/\/www.webdo.tn\/fr\/#website","url":"https:\/\/www.webdo.tn\/fr\/","name":"webdo","description":"Tunisie - News en Tunisie et \u00e0 l&#039;international sur Webdo.tn","publisher":{"@id":"https:\/\/www.webdo.tn\/fr\/#organization"},"potentialAction":[{"@type":"SearchAction","target":{"@type":"EntryPoint","urlTemplate":"https:\/\/www.webdo.tn\/fr\/?s={search_term_string}"},"query-input":{"@type":"PropertyValueSpecification","valueRequired":true,"valueName":"search_term_string"}}],"inLanguage":"fr-FR"},{"@type":"Organization","@id":"https:\/\/www.webdo.tn\/fr\/#organization","name":"Webdo","alternateName":"Webdo.tn","url":"https:\/\/www.webdo.tn\/fr\/","logo":{"@type":"ImageObject","inLanguage":"fr-FR","@id":"https:\/\/www.webdo.tn\/fr\/#\/schema\/logo\/image\/","url":"https:\/\/www.webdo.tn\/fr\/wp-content\/uploads\/2025\/06\/Webdo-Tunisie_168377.jpg","contentUrl":"https:\/\/www.webdo.tn\/fr\/wp-content\/uploads\/2025\/06\/Webdo-Tunisie_168377.jpg","width":301,"height":301,"caption":"Webdo"},"image":{"@id":"https:\/\/www.webdo.tn\/fr\/#\/schema\/logo\/image\/"},"sameAs":["https:\/\/www.facebook.com\/webdotn","https:\/\/x.com\/webdo_tn"],"description":"Webdo est un m\u00e9dia num\u00e9rique tunisien fond\u00e9 en 2010, sp\u00e9cialis\u00e9 dans l\u2019actualit\u00e9 nationale et internationale, l\u2019\u00e9conomie, la soci\u00e9t\u00e9 et les analyses politiques. Le site s\u2019adresse \u00e0 un large public francophone et couvre l\u2019information tunisienne en temps r\u00e9el.","email":"redac@webdo.tn","legalName":"YNJ SARL","foundingDate":"2010-09-06","numberOfEmployees":{"@type":"QuantitativeValue","minValue":"11","maxValue":"50"}},{"@type":"Person","@id":"https:\/\/www.webdo.tn\/fr\/#\/schema\/person\/2c4929cbf5a809e3bd38617c6ce150f6","name":"MC","image":{"@type":"ImageObject","inLanguage":"fr-FR","@id":"https:\/\/secure.gravatar.com\/avatar\/a545bbb6f84efdd5553dbbc2895e3ca8f1d12c5215e00a041c9670b54aa9b18a?s=96&d=mm&r=g","url":"https:\/\/secure.gravatar.com\/avatar\/a545bbb6f84efdd5553dbbc2895e3ca8f1d12c5215e00a041c9670b54aa9b18a?s=96&d=mm&r=g","contentUrl":"https:\/\/secure.gravatar.com\/avatar\/a545bbb6f84efdd5553dbbc2895e3ca8f1d12c5215e00a041c9670b54aa9b18a?s=96&d=mm&r=g","caption":"MC"},"url":"https:\/\/www.webdo.tn\/fr\/actualite\/author\/mc\/"}]}},"_links":{"self":[{"href":"https:\/\/www.webdo.tn\/fr\/wp-json\/wp\/v2\/posts\/212834","targetHints":{"allow":["GET"]}}],"collection":[{"href":"https:\/\/www.webdo.tn\/fr\/wp-json\/wp\/v2\/posts"}],"about":[{"href":"https:\/\/www.webdo.tn\/fr\/wp-json\/wp\/v2\/types\/post"}],"author":[{"embeddable":true,"href":"https:\/\/www.webdo.tn\/fr\/wp-json\/wp\/v2\/users\/3162"}],"replies":[{"embeddable":true,"href":"https:\/\/www.webdo.tn\/fr\/wp-json\/wp\/v2\/comments?post=212834"}],"version-history":[{"count":0,"href":"https:\/\/www.webdo.tn\/fr\/wp-json\/wp\/v2\/posts\/212834\/revisions"}],"wp:featuredmedia":[{"embeddable":true,"href":"https:\/\/www.webdo.tn\/fr\/wp-json\/wp\/v2\/media\/247816"}],"wp:attachment":[{"href":"https:\/\/www.webdo.tn\/fr\/wp-json\/wp\/v2\/media?parent=212834"}],"wp:term":[{"taxonomy":"category","embeddable":true,"href":"https:\/\/www.webdo.tn\/fr\/wp-json\/wp\/v2\/categories?post=212834"},{"taxonomy":"post_tag","embeddable":true,"href":"https:\/\/www.webdo.tn\/fr\/wp-json\/wp\/v2\/tags?post=212834"}],"curies":[{"name":"wp","href":"https:\/\/api.w.org\/{rel}","templated":true}]}}