{"id":212832,"date":"2024-03-08T14:38:00","date_gmt":"2024-03-08T14:38:00","guid":{"rendered":"https:\/\/www.webdo.tn\/fr\/blog\/ramadan-horaires-de-travail-dans-l-administration-et-la-fonction-publique\/212832\/"},"modified":"2025-06-04T18:05:04","modified_gmt":"2025-06-04T18:05:04","slug":"ramadan-horaires-de-travail-dans-l-administration-et-la-fonction-publique","status":"publish","type":"post","link":"https:\/\/www.webdo.tn\/fr\/actualite\/national\/ramadan-horaires-de-travail-dans-l-administration-et-la-fonction-publique\/212832\/","title":{"rendered":"Tunisie &#8211; Ramadan : Horaires de travail dans l\u2019administration et la fonction publique"},"content":{"rendered":"<p>Les horaires de travail dans l\u2019administration et la fonction publique durant le Ramadan. 2024.<\/p>\n<p> La pr\u00e9sidence du gouvernement a d\u00e9voil\u00e9, ce vendredi 8 mars 2024, les horaires de travail en vigueur dans les administrations publiques, les collectivit\u00e9s locales, et les entreprises publiques \u00e0 caract\u00e8re administratif, au cours du mois de Ramadan 2024, correspondant \u00e0 l\u2019an 1445 de l\u2019h\u00e9gire.<\/p>\n<p>Durant le Ramadan, les horaires de travail s&rsquo;\u00e9taleront de 08h00 \u00e0 14h30 du lundi au jeudi ; et de 08h00 \u00e0 13h30 le vendredi.<\/p>\n","protected":false},"excerpt":{"rendered":"<p>Durant le Ramadan, les horaires de travail s&rsquo;\u00e9taleront de 08h00 \u00e0 14h30 du lundi au jeudi ; et de 08h00 \u00e0 13h30 le vendredi.<\/p>\n","protected":false},"author":3162,"featured_media":247815,"comment_status":"open","ping_status":"closed","sticky":false,"template":"","format":"standard","meta":{"footnotes":""},"categories":[44],"tags":[4816,3467,3844,3512],"class_list":["post-212832","post","type-post","status-publish","format-standard","has-post-thumbnail","hentry","category-national","tag-administration","tag-fonction-publique","tag-horaires","tag-ramadan"],"yoast_head":"<!-- This site is optimized with the Yoast SEO Premium plugin v27.5 (Yoast SEO v27.5) - https:\/\/yoast.com\/product\/yoast-seo-premium-wordpress\/ -->\n<title>Tunisie - Ramadan : Horaires de travail dans l\u2019administration et la fonction publique<\/title>\n<meta name=\"description\" content=\"Durant le Ramadan, les horaires de travail s&#039;\u00e9taleront de 08h00 \u00e0 14h30 du lundi au jeudi ; et de 08h00 \u00e0 13h30 le vendredi.\" \/>\n<link rel=\"canonical\" href=\"https:\/\/www.webdo.tn\/fr\/actualite\/national\/ramadan-horaires-de-travail-dans-l-administration-et-la-fonction-publique\/212832\/\" \/>\n<meta property=\"og:locale\" content=\"fr_FR\" \/>\n<meta property=\"og:type\" content=\"article\" \/>\n<meta property=\"og:title\" content=\"Tunisie - Ramadan : Horaires de travail dans l\u2019administration et la fonction publique\" \/>\n<meta property=\"og:description\" content=\"Durant le Ramadan, les horaires de travail s&#039;\u00e9taleront de 08h00 \u00e0 14h30 du lundi au jeudi ; et de 08h00 \u00e0 13h30 le vendredi.\" \/>\n<meta property=\"og:url\" content=\"https:\/\/www.webdo.tn\/fr\/actualite\/national\/ramadan-horaires-de-travail-dans-l-administration-et-la-fonction-publique\/212832\/\" \/>\n<meta property=\"og:site_name\" content=\"webdo\" \/>\n<meta property=\"article:publisher\" content=\"https:\/\/www.facebook.com\/webdotn\" \/>\n<meta property=\"article:published_time\" content=\"2024-03-08T14:38:00+00:00\" \/>\n<meta property=\"article:modified_time\" content=\"2025-06-04T18:05:04+00:00\" \/>\n<meta property=\"og:image\" content=\"https:\/\/www.webdo.tn\/fr\/wp-content\/uploads\/2024\/03\/e46599a6dce54e69dfa76e2e4f00dd59.jpg\" \/>\n\t<meta property=\"og:image:width\" content=\"750\" \/>\n\t<meta property=\"og:image:height\" content=\"400\" \/>\n\t<meta property=\"og:image:type\" content=\"image\/jpeg\" \/>\n<meta name=\"author\" content=\"MC\" \/>\n<meta name=\"twitter:card\" content=\"summary_large_image\" \/>\n<meta name=\"twitter:creator\" content=\"@webdo_tn\" \/>\n<meta name=\"twitter:site\" content=\"@webdo_tn\" \/>\n<meta name=\"twitter:label1\" content=\"\u00c9crit par\" \/>\n\t<meta name=\"twitter:data1\" content=\"MC\" \/>\n<script type=\"application\/ld+json\" class=\"yoast-schema-graph\">{\"@context\":\"https:\\\/\\\/schema.org\",\"@graph\":[{\"@type\":\"NewsArticle\",\"@id\":\"https:\\\/\\\/www.webdo.tn\\\/fr\\\/actualite\\\/national\\\/ramadan-horaires-de-travail-dans-l-administration-et-la-fonction-publique\\\/212832\\\/#article\",\"isPartOf\":{\"@id\":\"https:\\\/\\\/www.webdo.tn\\\/fr\\\/actualite\\\/national\\\/ramadan-horaires-de-travail-dans-l-administration-et-la-fonction-publique\\\/212832\\\/\"},\"author\":{\"name\":\"MC\",\"@id\":\"https:\\\/\\\/www.webdo.tn\\\/fr\\\/#\\\/schema\\\/person\\\/2c4929cbf5a809e3bd38617c6ce150f6\"},\"headline\":\"Tunisie &#8211; Ramadan : Horaires de travail dans l\u2019administration et la fonction publique\",\"datePublished\":\"2024-03-08T14:38:00+00:00\",\"dateModified\":\"2025-06-04T18:05:04+00:00\",\"mainEntityOfPage\":{\"@id\":\"https:\\\/\\\/www.webdo.tn\\\/fr\\\/actualite\\\/national\\\/ramadan-horaires-de-travail-dans-l-administration-et-la-fonction-publique\\\/212832\\\/\"},\"wordCount\":94,\"commentCount\":0,\"publisher\":{\"@id\":\"https:\\\/\\\/www.webdo.tn\\\/fr\\\/#organization\"},\"image\":{\"@id\":\"https:\\\/\\\/www.webdo.tn\\\/fr\\\/actualite\\\/national\\\/ramadan-horaires-de-travail-dans-l-administration-et-la-fonction-publique\\\/212832\\\/#primaryimage\"},\"thumbnailUrl\":\"https:\\\/\\\/www.webdo.tn\\\/fr\\\/wp-content\\\/uploads\\\/2024\\\/03\\\/e46599a6dce54e69dfa76e2e4f00dd59.jpg\",\"keywords\":[\"administration\",\"fonction publique\",\"horaires\",\"ramadan\"],\"articleSection\":[\"National\"],\"inLanguage\":\"fr-FR\"},{\"@type\":\"WebPage\",\"@id\":\"https:\\\/\\\/www.webdo.tn\\\/fr\\\/actualite\\\/national\\\/ramadan-horaires-de-travail-dans-l-administration-et-la-fonction-publique\\\/212832\\\/\",\"url\":\"https:\\\/\\\/www.webdo.tn\\\/fr\\\/actualite\\\/national\\\/ramadan-horaires-de-travail-dans-l-administration-et-la-fonction-publique\\\/212832\\\/\",\"name\":\"Tunisie - Ramadan : Horaires de travail dans l\u2019administration et la fonction publique\",\"isPartOf\":{\"@id\":\"https:\\\/\\\/www.webdo.tn\\\/fr\\\/#website\"},\"primaryImageOfPage\":{\"@id\":\"https:\\\/\\\/www.webdo.tn\\\/fr\\\/actualite\\\/national\\\/ramadan-horaires-de-travail-dans-l-administration-et-la-fonction-publique\\\/212832\\\/#primaryimage\"},\"image\":{\"@id\":\"https:\\\/\\\/www.webdo.tn\\\/fr\\\/actualite\\\/national\\\/ramadan-horaires-de-travail-dans-l-administration-et-la-fonction-publique\\\/212832\\\/#primaryimage\"},\"thumbnailUrl\":\"https:\\\/\\\/www.webdo.tn\\\/fr\\\/wp-content\\\/uploads\\\/2024\\\/03\\\/e46599a6dce54e69dfa76e2e4f00dd59.jpg\",\"datePublished\":\"2024-03-08T14:38:00+00:00\",\"dateModified\":\"2025-06-04T18:05:04+00:00\",\"description\":\"Durant le Ramadan, les horaires de travail s'\u00e9taleront de 08h00 \u00e0 14h30 du lundi au jeudi ; et de 08h00 \u00e0 13h30 le vendredi.\",\"breadcrumb\":{\"@id\":\"https:\\\/\\\/www.webdo.tn\\\/fr\\\/actualite\\\/national\\\/ramadan-horaires-de-travail-dans-l-administration-et-la-fonction-publique\\\/212832\\\/#breadcrumb\"},\"inLanguage\":\"fr-FR\",\"potentialAction\":[{\"@type\":\"ReadAction\",\"target\":[\"https:\\\/\\\/www.webdo.tn\\\/fr\\\/actualite\\\/national\\\/ramadan-horaires-de-travail-dans-l-administration-et-la-fonction-publique\\\/212832\\\/\"]}]},{\"@type\":\"ImageObject\",\"inLanguage\":\"fr-FR\",\"@id\":\"https:\\\/\\\/www.webdo.tn\\\/fr\\\/actualite\\\/national\\\/ramadan-horaires-de-travail-dans-l-administration-et-la-fonction-publique\\\/212832\\\/#primaryimage\",\"url\":\"https:\\\/\\\/www.webdo.tn\\\/fr\\\/wp-content\\\/uploads\\\/2024\\\/03\\\/e46599a6dce54e69dfa76e2e4f00dd59.jpg\",\"contentUrl\":\"https:\\\/\\\/www.webdo.tn\\\/fr\\\/wp-content\\\/uploads\\\/2024\\\/03\\\/e46599a6dce54e69dfa76e2e4f00dd59.jpg\",\"width\":750,\"height\":400,\"caption\":\"Tunisie - Ramadan : Horaires de travail dans l\u2019administration et la fonction publique\"},{\"@type\":\"BreadcrumbList\",\"@id\":\"https:\\\/\\\/www.webdo.tn\\\/fr\\\/actualite\\\/national\\\/ramadan-horaires-de-travail-dans-l-administration-et-la-fonction-publique\\\/212832\\\/#breadcrumb\",\"itemListElement\":[{\"@type\":\"ListItem\",\"position\":1,\"name\":\"Accueil\",\"item\":\"https:\\\/\\\/www.webdo.tn\\\/fr\\\/\"},{\"@type\":\"ListItem\",\"position\":2,\"name\":\"Tunisie &#8211; Ramadan : Horaires de travail dans l\u2019administration et la fonction publique\"}]},{\"@type\":\"WebSite\",\"@id\":\"https:\\\/\\\/www.webdo.tn\\\/fr\\\/#website\",\"url\":\"https:\\\/\\\/www.webdo.tn\\\/fr\\\/\",\"name\":\"webdo\",\"description\":\"Tunisie - News en Tunisie et \u00e0 l&#039;international sur Webdo.tn\",\"publisher\":{\"@id\":\"https:\\\/\\\/www.webdo.tn\\\/fr\\\/#organization\"},\"potentialAction\":[{\"@type\":\"SearchAction\",\"target\":{\"@type\":\"EntryPoint\",\"urlTemplate\":\"https:\\\/\\\/www.webdo.tn\\\/fr\\\/?s={search_term_string}\"},\"query-input\":{\"@type\":\"PropertyValueSpecification\",\"valueRequired\":true,\"valueName\":\"search_term_string\"}}],\"inLanguage\":\"fr-FR\"},{\"@type\":\"Organization\",\"@id\":\"https:\\\/\\\/www.webdo.tn\\\/fr\\\/#organization\",\"name\":\"Webdo\",\"alternateName\":\"Webdo.tn\",\"url\":\"https:\\\/\\\/www.webdo.tn\\\/fr\\\/\",\"logo\":{\"@type\":\"ImageObject\",\"inLanguage\":\"fr-FR\",\"@id\":\"https:\\\/\\\/www.webdo.tn\\\/fr\\\/#\\\/schema\\\/logo\\\/image\\\/\",\"url\":\"https:\\\/\\\/www.webdo.tn\\\/fr\\\/wp-content\\\/uploads\\\/2025\\\/06\\\/Webdo-Tunisie_168377.jpg\",\"contentUrl\":\"https:\\\/\\\/www.webdo.tn\\\/fr\\\/wp-content\\\/uploads\\\/2025\\\/06\\\/Webdo-Tunisie_168377.jpg\",\"width\":301,\"height\":301,\"caption\":\"Webdo\"},\"image\":{\"@id\":\"https:\\\/\\\/www.webdo.tn\\\/fr\\\/#\\\/schema\\\/logo\\\/image\\\/\"},\"sameAs\":[\"https:\\\/\\\/www.facebook.com\\\/webdotn\",\"https:\\\/\\\/x.com\\\/webdo_tn\"],\"description\":\"Webdo est un m\u00e9dia num\u00e9rique tunisien fond\u00e9 en 2010, sp\u00e9cialis\u00e9 dans l\u2019actualit\u00e9 nationale et internationale, l\u2019\u00e9conomie, la soci\u00e9t\u00e9 et les analyses politiques. Le site s\u2019adresse \u00e0 un large public francophone et couvre l\u2019information tunisienne en temps r\u00e9el.\",\"email\":\"redac@webdo.tn\",\"legalName\":\"YNJ SARL\",\"foundingDate\":\"2010-09-06\",\"numberOfEmployees\":{\"@type\":\"QuantitativeValue\",\"minValue\":\"11\",\"maxValue\":\"50\"}},{\"@type\":\"Person\",\"@id\":\"https:\\\/\\\/www.webdo.tn\\\/fr\\\/#\\\/schema\\\/person\\\/2c4929cbf5a809e3bd38617c6ce150f6\",\"name\":\"MC\",\"image\":{\"@type\":\"ImageObject\",\"inLanguage\":\"fr-FR\",\"@id\":\"https:\\\/\\\/secure.gravatar.com\\\/avatar\\\/a545bbb6f84efdd5553dbbc2895e3ca8f1d12c5215e00a041c9670b54aa9b18a?s=96&d=mm&r=g\",\"url\":\"https:\\\/\\\/secure.gravatar.com\\\/avatar\\\/a545bbb6f84efdd5553dbbc2895e3ca8f1d12c5215e00a041c9670b54aa9b18a?s=96&d=mm&r=g\",\"contentUrl\":\"https:\\\/\\\/secure.gravatar.com\\\/avatar\\\/a545bbb6f84efdd5553dbbc2895e3ca8f1d12c5215e00a041c9670b54aa9b18a?s=96&d=mm&r=g\",\"caption\":\"MC\"},\"url\":\"https:\\\/\\\/www.webdo.tn\\\/fr\\\/actualite\\\/author\\\/mc\\\/\"}]}<\/script>\n<!-- \/ Yoast SEO Premium plugin. -->","yoast_head_json":{"title":"Tunisie - Ramadan : Horaires de travail dans l\u2019administration et la fonction publique","description":"Durant le Ramadan, les horaires de travail s'\u00e9taleront de 08h00 \u00e0 14h30 du lundi au jeudi ; et de 08h00 \u00e0 13h30 le vendredi.","canonical":"https:\/\/www.webdo.tn\/fr\/actualite\/national\/ramadan-horaires-de-travail-dans-l-administration-et-la-fonction-publique\/212832\/","og_locale":"fr_FR","og_type":"article","og_title":"Tunisie - Ramadan : Horaires de travail dans l\u2019administration et la fonction publique","og_description":"Durant le Ramadan, les horaires de travail s'\u00e9taleront de 08h00 \u00e0 14h30 du lundi au jeudi ; et de 08h00 \u00e0 13h30 le vendredi.","og_url":"https:\/\/www.webdo.tn\/fr\/actualite\/national\/ramadan-horaires-de-travail-dans-l-administration-et-la-fonction-publique\/212832\/","og_site_name":"webdo","article_publisher":"https:\/\/www.facebook.com\/webdotn","article_published_time":"2024-03-08T14:38:00+00:00","article_modified_time":"2025-06-04T18:05:04+00:00","og_image":[{"width":750,"height":400,"url":"https:\/\/www.webdo.tn\/fr\/wp-content\/uploads\/2024\/03\/e46599a6dce54e69dfa76e2e4f00dd59.jpg","type":"image\/jpeg"}],"author":"MC","twitter_card":"summary_large_image","twitter_creator":"@webdo_tn","twitter_site":"@webdo_tn","twitter_misc":{"\u00c9crit par":"MC"},"schema":{"@context":"https:\/\/schema.org","@graph":[{"@type":"NewsArticle","@id":"https:\/\/www.webdo.tn\/fr\/actualite\/national\/ramadan-horaires-de-travail-dans-l-administration-et-la-fonction-publique\/212832\/#article","isPartOf":{"@id":"https:\/\/www.webdo.tn\/fr\/actualite\/national\/ramadan-horaires-de-travail-dans-l-administration-et-la-fonction-publique\/212832\/"},"author":{"name":"MC","@id":"https:\/\/www.webdo.tn\/fr\/#\/schema\/person\/2c4929cbf5a809e3bd38617c6ce150f6"},"headline":"Tunisie &#8211; Ramadan : Horaires de travail dans l\u2019administration et la fonction publique","datePublished":"2024-03-08T14:38:00+00:00","dateModified":"2025-06-04T18:05:04+00:00","mainEntityOfPage":{"@id":"https:\/\/www.webdo.tn\/fr\/actualite\/national\/ramadan-horaires-de-travail-dans-l-administration-et-la-fonction-publique\/212832\/"},"wordCount":94,"commentCount":0,"publisher":{"@id":"https:\/\/www.webdo.tn\/fr\/#organization"},"image":{"@id":"https:\/\/www.webdo.tn\/fr\/actualite\/national\/ramadan-horaires-de-travail-dans-l-administration-et-la-fonction-publique\/212832\/#primaryimage"},"thumbnailUrl":"https:\/\/www.webdo.tn\/fr\/wp-content\/uploads\/2024\/03\/e46599a6dce54e69dfa76e2e4f00dd59.jpg","keywords":["administration","fonction publique","horaires","ramadan"],"articleSection":["National"],"inLanguage":"fr-FR"},{"@type":"WebPage","@id":"https:\/\/www.webdo.tn\/fr\/actualite\/national\/ramadan-horaires-de-travail-dans-l-administration-et-la-fonction-publique\/212832\/","url":"https:\/\/www.webdo.tn\/fr\/actualite\/national\/ramadan-horaires-de-travail-dans-l-administration-et-la-fonction-publique\/212832\/","name":"Tunisie - Ramadan : Horaires de travail dans l\u2019administration et la fonction publique","isPartOf":{"@id":"https:\/\/www.webdo.tn\/fr\/#website"},"primaryImageOfPage":{"@id":"https:\/\/www.webdo.tn\/fr\/actualite\/national\/ramadan-horaires-de-travail-dans-l-administration-et-la-fonction-publique\/212832\/#primaryimage"},"image":{"@id":"https:\/\/www.webdo.tn\/fr\/actualite\/national\/ramadan-horaires-de-travail-dans-l-administration-et-la-fonction-publique\/212832\/#primaryimage"},"thumbnailUrl":"https:\/\/www.webdo.tn\/fr\/wp-content\/uploads\/2024\/03\/e46599a6dce54e69dfa76e2e4f00dd59.jpg","datePublished":"2024-03-08T14:38:00+00:00","dateModified":"2025-06-04T18:05:04+00:00","description":"Durant le Ramadan, les horaires de travail s'\u00e9taleront de 08h00 \u00e0 14h30 du lundi au jeudi ; et de 08h00 \u00e0 13h30 le vendredi.","breadcrumb":{"@id":"https:\/\/www.webdo.tn\/fr\/actualite\/national\/ramadan-horaires-de-travail-dans-l-administration-et-la-fonction-publique\/212832\/#breadcrumb"},"inLanguage":"fr-FR","potentialAction":[{"@type":"ReadAction","target":["https:\/\/www.webdo.tn\/fr\/actualite\/national\/ramadan-horaires-de-travail-dans-l-administration-et-la-fonction-publique\/212832\/"]}]},{"@type":"ImageObject","inLanguage":"fr-FR","@id":"https:\/\/www.webdo.tn\/fr\/actualite\/national\/ramadan-horaires-de-travail-dans-l-administration-et-la-fonction-publique\/212832\/#primaryimage","url":"https:\/\/www.webdo.tn\/fr\/wp-content\/uploads\/2024\/03\/e46599a6dce54e69dfa76e2e4f00dd59.jpg","contentUrl":"https:\/\/www.webdo.tn\/fr\/wp-content\/uploads\/2024\/03\/e46599a6dce54e69dfa76e2e4f00dd59.jpg","width":750,"height":400,"caption":"Tunisie - Ramadan : Horaires de travail dans l\u2019administration et la fonction publique"},{"@type":"BreadcrumbList","@id":"https:\/\/www.webdo.tn\/fr\/actualite\/national\/ramadan-horaires-de-travail-dans-l-administration-et-la-fonction-publique\/212832\/#breadcrumb","itemListElement":[{"@type":"ListItem","position":1,"name":"Accueil","item":"https:\/\/www.webdo.tn\/fr\/"},{"@type":"ListItem","position":2,"name":"Tunisie &#8211; Ramadan : Horaires de travail dans l\u2019administration et la fonction publique"}]},{"@type":"WebSite","@id":"https:\/\/www.webdo.tn\/fr\/#website","url":"https:\/\/www.webdo.tn\/fr\/","name":"webdo","description":"Tunisie - News en Tunisie et \u00e0 l&#039;international sur Webdo.tn","publisher":{"@id":"https:\/\/www.webdo.tn\/fr\/#organization"},"potentialAction":[{"@type":"SearchAction","target":{"@type":"EntryPoint","urlTemplate":"https:\/\/www.webdo.tn\/fr\/?s={search_term_string}"},"query-input":{"@type":"PropertyValueSpecification","valueRequired":true,"valueName":"search_term_string"}}],"inLanguage":"fr-FR"},{"@type":"Organization","@id":"https:\/\/www.webdo.tn\/fr\/#organization","name":"Webdo","alternateName":"Webdo.tn","url":"https:\/\/www.webdo.tn\/fr\/","logo":{"@type":"ImageObject","inLanguage":"fr-FR","@id":"https:\/\/www.webdo.tn\/fr\/#\/schema\/logo\/image\/","url":"https:\/\/www.webdo.tn\/fr\/wp-content\/uploads\/2025\/06\/Webdo-Tunisie_168377.jpg","contentUrl":"https:\/\/www.webdo.tn\/fr\/wp-content\/uploads\/2025\/06\/Webdo-Tunisie_168377.jpg","width":301,"height":301,"caption":"Webdo"},"image":{"@id":"https:\/\/www.webdo.tn\/fr\/#\/schema\/logo\/image\/"},"sameAs":["https:\/\/www.facebook.com\/webdotn","https:\/\/x.com\/webdo_tn"],"description":"Webdo est un m\u00e9dia num\u00e9rique tunisien fond\u00e9 en 2010, sp\u00e9cialis\u00e9 dans l\u2019actualit\u00e9 nationale et internationale, l\u2019\u00e9conomie, la soci\u00e9t\u00e9 et les analyses politiques. Le site s\u2019adresse \u00e0 un large public francophone et couvre l\u2019information tunisienne en temps r\u00e9el.","email":"redac@webdo.tn","legalName":"YNJ SARL","foundingDate":"2010-09-06","numberOfEmployees":{"@type":"QuantitativeValue","minValue":"11","maxValue":"50"}},{"@type":"Person","@id":"https:\/\/www.webdo.tn\/fr\/#\/schema\/person\/2c4929cbf5a809e3bd38617c6ce150f6","name":"MC","image":{"@type":"ImageObject","inLanguage":"fr-FR","@id":"https:\/\/secure.gravatar.com\/avatar\/a545bbb6f84efdd5553dbbc2895e3ca8f1d12c5215e00a041c9670b54aa9b18a?s=96&d=mm&r=g","url":"https:\/\/secure.gravatar.com\/avatar\/a545bbb6f84efdd5553dbbc2895e3ca8f1d12c5215e00a041c9670b54aa9b18a?s=96&d=mm&r=g","contentUrl":"https:\/\/secure.gravatar.com\/avatar\/a545bbb6f84efdd5553dbbc2895e3ca8f1d12c5215e00a041c9670b54aa9b18a?s=96&d=mm&r=g","caption":"MC"},"url":"https:\/\/www.webdo.tn\/fr\/actualite\/author\/mc\/"}]}},"_links":{"self":[{"href":"https:\/\/www.webdo.tn\/fr\/wp-json\/wp\/v2\/posts\/212832","targetHints":{"allow":["GET"]}}],"collection":[{"href":"https:\/\/www.webdo.tn\/fr\/wp-json\/wp\/v2\/posts"}],"about":[{"href":"https:\/\/www.webdo.tn\/fr\/wp-json\/wp\/v2\/types\/post"}],"author":[{"embeddable":true,"href":"https:\/\/www.webdo.tn\/fr\/wp-json\/wp\/v2\/users\/3162"}],"replies":[{"embeddable":true,"href":"https:\/\/www.webdo.tn\/fr\/wp-json\/wp\/v2\/comments?post=212832"}],"version-history":[{"count":0,"href":"https:\/\/www.webdo.tn\/fr\/wp-json\/wp\/v2\/posts\/212832\/revisions"}],"wp:featuredmedia":[{"embeddable":true,"href":"https:\/\/www.webdo.tn\/fr\/wp-json\/wp\/v2\/media\/247815"}],"wp:attachment":[{"href":"https:\/\/www.webdo.tn\/fr\/wp-json\/wp\/v2\/media?parent=212832"}],"wp:term":[{"taxonomy":"category","embeddable":true,"href":"https:\/\/www.webdo.tn\/fr\/wp-json\/wp\/v2\/categories?post=212832"},{"taxonomy":"post_tag","embeddable":true,"href":"https:\/\/www.webdo.tn\/fr\/wp-json\/wp\/v2\/tags?post=212832"}],"curies":[{"name":"wp","href":"https:\/\/api.w.org\/{rel}","templated":true}]}}