{"id":212831,"date":"2024-03-08T14:27:00","date_gmt":"2024-03-08T14:27:00","guid":{"rendered":"https:\/\/www.webdo.tn\/fr\/blog\/tunisie-combien-reste-t-il-de-terroristes-retranches-dans-les-montagnes\/212831\/"},"modified":"2025-05-20T21:52:20","modified_gmt":"2025-05-20T21:52:20","slug":"tunisie-combien-reste-t-il-de-terroristes-retranches-dans-les-montagnes","status":"publish","type":"post","link":"https:\/\/www.webdo.tn\/fr\/actualite\/national\/tunisie-combien-reste-t-il-de-terroristes-retranches-dans-les-montagnes\/212831\/","title":{"rendered":"Tunisie : Combien reste-t-il de terroristes retranch\u00e9s dans les montagnes ?"},"content":{"rendered":"<p>Combien de terroristes sont encore en cavale ?<\/p>\n<p>\t\t\t\t\t\t\t\t\tDe 117 terroristes retranch\u00e9s dans les montagnes tunisiennes, leur nombre est pass\u00e9 \u00e0 11, a indiqu\u00e9 le porte-parole du minist\u00e8re de l&rsquo;Int\u00e9rieur, Faker Bouzghaia, dans une d\u00e9claration \u00e0 l&rsquo;Agence Tunis Afrique Presse, ce vendredi 8 mars 2024.<\/p>\n<p>Les forces arm\u00e9es, s\u00e9curitaires et militaires ont en effet \u00e9limin\u00e9 106 terroristes. Il n\u2019en resterait donc que 11 jusqu&rsquo;\u00e0 l&rsquo;ann\u00e9e derni\u00e8re, selon ces donn\u00e9es.<\/p>\n<p>Il a ajout\u00e9 que les unit\u00e9s de s\u00e9curit\u00e9 et militaires poursuivent leur traque des groupes terroristes arm\u00e9s, notamment retranch\u00e9s dans les montagnes de l\u2019ouest du pays.<\/p>\n<p>Ils appartiennent\u00a0 notamment \u00e0 Katibet Okba Ibn Nafaa\u00a0\u00bb affili\u00e9e \u00e0 \u00ab\u00a0Al-Qaida au Maghreb islamique\u00a0\u00bb ou aux groupes affili\u00e9s \u00e0 \u00ab\u00a0Jound al Khilafa\u00a0\u00bb.<\/p>\n","protected":false},"excerpt":{"rendered":"<p>De 117 terroristes retranch\u00e9s dans les montagnes tunisiennes, leur nombre est pass\u00e9 \u00e0 11.<\/p>\n","protected":false},"author":3162,"featured_media":247814,"comment_status":"open","ping_status":"closed","sticky":false,"template":"","format":"standard","meta":{"footnotes":""},"categories":[44],"tags":[6879,3671,2608],"class_list":["post-212831","post","type-post","status-publish","format-standard","has-post-thumbnail","hentry","category-national","tag-montagnes","tag-terroristes","tag-tunisie"],"yoast_head":"<!-- This site is optimized with the Yoast SEO Premium plugin v27.5 (Yoast SEO v27.5) - https:\/\/yoast.com\/product\/yoast-seo-premium-wordpress\/ -->\n<title>Tunisie : Combien reste-t-il de terroristes retranch\u00e9s dans les montagnes ?<\/title>\n<meta name=\"description\" content=\"De 117 terroristes retranch\u00e9s dans les montagnes tunisiennes, leur nombre est pass\u00e9 \u00e0 11.\" \/>\n<link rel=\"canonical\" href=\"https:\/\/www.webdo.tn\/fr\/actualite\/national\/tunisie-combien-reste-t-il-de-terroristes-retranches-dans-les-montagnes\/212831\/\" \/>\n<meta property=\"og:locale\" content=\"fr_FR\" \/>\n<meta property=\"og:type\" content=\"article\" \/>\n<meta property=\"og:title\" content=\"Tunisie : Combien reste-t-il de terroristes retranch\u00e9s dans les montagnes ?\" \/>\n<meta property=\"og:description\" content=\"De 117 terroristes retranch\u00e9s dans les montagnes tunisiennes, leur nombre est pass\u00e9 \u00e0 11.\" \/>\n<meta property=\"og:url\" content=\"https:\/\/www.webdo.tn\/fr\/actualite\/national\/tunisie-combien-reste-t-il-de-terroristes-retranches-dans-les-montagnes\/212831\/\" \/>\n<meta property=\"og:site_name\" content=\"webdo\" \/>\n<meta property=\"article:publisher\" content=\"https:\/\/www.facebook.com\/webdotn\" \/>\n<meta property=\"article:published_time\" content=\"2024-03-08T14:27:00+00:00\" \/>\n<meta property=\"article:modified_time\" content=\"2025-05-20T21:52:20+00:00\" \/>\n<meta property=\"og:image\" content=\"https:\/\/www.webdo.tn\/fr\/wp-content\/uploads\/2024\/03\/2f8dd21aa32ee2dde1c033c2aae9c2e7.jpg\" \/>\n\t<meta property=\"og:image:width\" content=\"680\" \/>\n\t<meta property=\"og:image:height\" content=\"363\" \/>\n\t<meta property=\"og:image:type\" content=\"image\/jpeg\" \/>\n<meta name=\"author\" content=\"MC\" \/>\n<meta name=\"twitter:card\" content=\"summary_large_image\" \/>\n<meta name=\"twitter:creator\" content=\"@webdo_tn\" \/>\n<meta name=\"twitter:site\" content=\"@webdo_tn\" \/>\n<meta name=\"twitter:label1\" content=\"\u00c9crit par\" \/>\n\t<meta name=\"twitter:data1\" content=\"MC\" \/>\n\t<meta name=\"twitter:label2\" content=\"Dur\u00e9e de lecture estim\u00e9e\" \/>\n\t<meta name=\"twitter:data2\" content=\"1 minute\" \/>\n<script type=\"application\/ld+json\" class=\"yoast-schema-graph\">{\"@context\":\"https:\\\/\\\/schema.org\",\"@graph\":[{\"@type\":\"NewsArticle\",\"@id\":\"https:\\\/\\\/www.webdo.tn\\\/fr\\\/actualite\\\/national\\\/tunisie-combien-reste-t-il-de-terroristes-retranches-dans-les-montagnes\\\/212831\\\/#article\",\"isPartOf\":{\"@id\":\"https:\\\/\\\/www.webdo.tn\\\/fr\\\/actualite\\\/national\\\/tunisie-combien-reste-t-il-de-terroristes-retranches-dans-les-montagnes\\\/212831\\\/\"},\"author\":{\"name\":\"MC\",\"@id\":\"https:\\\/\\\/www.webdo.tn\\\/fr\\\/#\\\/schema\\\/person\\\/2c4929cbf5a809e3bd38617c6ce150f6\"},\"headline\":\"Tunisie : Combien reste-t-il de terroristes retranch\u00e9s dans les montagnes ?\",\"datePublished\":\"2024-03-08T14:27:00+00:00\",\"dateModified\":\"2025-05-20T21:52:20+00:00\",\"mainEntityOfPage\":{\"@id\":\"https:\\\/\\\/www.webdo.tn\\\/fr\\\/actualite\\\/national\\\/tunisie-combien-reste-t-il-de-terroristes-retranches-dans-les-montagnes\\\/212831\\\/\"},\"wordCount\":135,\"commentCount\":0,\"publisher\":{\"@id\":\"https:\\\/\\\/www.webdo.tn\\\/fr\\\/#organization\"},\"image\":{\"@id\":\"https:\\\/\\\/www.webdo.tn\\\/fr\\\/actualite\\\/national\\\/tunisie-combien-reste-t-il-de-terroristes-retranches-dans-les-montagnes\\\/212831\\\/#primaryimage\"},\"thumbnailUrl\":\"https:\\\/\\\/www.webdo.tn\\\/fr\\\/wp-content\\\/uploads\\\/2024\\\/03\\\/2f8dd21aa32ee2dde1c033c2aae9c2e7.jpg\",\"keywords\":[\"montagnes\",\"Terroristes\",\"Tunisie\"],\"articleSection\":[\"National\"],\"inLanguage\":\"fr-FR\"},{\"@type\":\"WebPage\",\"@id\":\"https:\\\/\\\/www.webdo.tn\\\/fr\\\/actualite\\\/national\\\/tunisie-combien-reste-t-il-de-terroristes-retranches-dans-les-montagnes\\\/212831\\\/\",\"url\":\"https:\\\/\\\/www.webdo.tn\\\/fr\\\/actualite\\\/national\\\/tunisie-combien-reste-t-il-de-terroristes-retranches-dans-les-montagnes\\\/212831\\\/\",\"name\":\"Tunisie : Combien reste-t-il de terroristes retranch\u00e9s dans les montagnes ?\",\"isPartOf\":{\"@id\":\"https:\\\/\\\/www.webdo.tn\\\/fr\\\/#website\"},\"primaryImageOfPage\":{\"@id\":\"https:\\\/\\\/www.webdo.tn\\\/fr\\\/actualite\\\/national\\\/tunisie-combien-reste-t-il-de-terroristes-retranches-dans-les-montagnes\\\/212831\\\/#primaryimage\"},\"image\":{\"@id\":\"https:\\\/\\\/www.webdo.tn\\\/fr\\\/actualite\\\/national\\\/tunisie-combien-reste-t-il-de-terroristes-retranches-dans-les-montagnes\\\/212831\\\/#primaryimage\"},\"thumbnailUrl\":\"https:\\\/\\\/www.webdo.tn\\\/fr\\\/wp-content\\\/uploads\\\/2024\\\/03\\\/2f8dd21aa32ee2dde1c033c2aae9c2e7.jpg\",\"datePublished\":\"2024-03-08T14:27:00+00:00\",\"dateModified\":\"2025-05-20T21:52:20+00:00\",\"description\":\"De 117 terroristes retranch\u00e9s dans les montagnes tunisiennes, leur nombre est pass\u00e9 \u00e0 11.\",\"breadcrumb\":{\"@id\":\"https:\\\/\\\/www.webdo.tn\\\/fr\\\/actualite\\\/national\\\/tunisie-combien-reste-t-il-de-terroristes-retranches-dans-les-montagnes\\\/212831\\\/#breadcrumb\"},\"inLanguage\":\"fr-FR\",\"potentialAction\":[{\"@type\":\"ReadAction\",\"target\":[\"https:\\\/\\\/www.webdo.tn\\\/fr\\\/actualite\\\/national\\\/tunisie-combien-reste-t-il-de-terroristes-retranches-dans-les-montagnes\\\/212831\\\/\"]}]},{\"@type\":\"ImageObject\",\"inLanguage\":\"fr-FR\",\"@id\":\"https:\\\/\\\/www.webdo.tn\\\/fr\\\/actualite\\\/national\\\/tunisie-combien-reste-t-il-de-terroristes-retranches-dans-les-montagnes\\\/212831\\\/#primaryimage\",\"url\":\"https:\\\/\\\/www.webdo.tn\\\/fr\\\/wp-content\\\/uploads\\\/2024\\\/03\\\/2f8dd21aa32ee2dde1c033c2aae9c2e7.jpg\",\"contentUrl\":\"https:\\\/\\\/www.webdo.tn\\\/fr\\\/wp-content\\\/uploads\\\/2024\\\/03\\\/2f8dd21aa32ee2dde1c033c2aae9c2e7.jpg\",\"width\":680,\"height\":363,\"caption\":\"Tunisie : Combien reste-t-il de terroristes retranch\u00e9s dans les montagnes ?\"},{\"@type\":\"BreadcrumbList\",\"@id\":\"https:\\\/\\\/www.webdo.tn\\\/fr\\\/actualite\\\/national\\\/tunisie-combien-reste-t-il-de-terroristes-retranches-dans-les-montagnes\\\/212831\\\/#breadcrumb\",\"itemListElement\":[{\"@type\":\"ListItem\",\"position\":1,\"name\":\"Accueil\",\"item\":\"https:\\\/\\\/www.webdo.tn\\\/fr\\\/\"},{\"@type\":\"ListItem\",\"position\":2,\"name\":\"Tunisie : Combien reste-t-il de terroristes retranch\u00e9s dans les montagnes ?\"}]},{\"@type\":\"WebSite\",\"@id\":\"https:\\\/\\\/www.webdo.tn\\\/fr\\\/#website\",\"url\":\"https:\\\/\\\/www.webdo.tn\\\/fr\\\/\",\"name\":\"webdo\",\"description\":\"Tunisie - News en Tunisie et \u00e0 l&#039;international sur Webdo.tn\",\"publisher\":{\"@id\":\"https:\\\/\\\/www.webdo.tn\\\/fr\\\/#organization\"},\"potentialAction\":[{\"@type\":\"SearchAction\",\"target\":{\"@type\":\"EntryPoint\",\"urlTemplate\":\"https:\\\/\\\/www.webdo.tn\\\/fr\\\/?s={search_term_string}\"},\"query-input\":{\"@type\":\"PropertyValueSpecification\",\"valueRequired\":true,\"valueName\":\"search_term_string\"}}],\"inLanguage\":\"fr-FR\"},{\"@type\":\"Organization\",\"@id\":\"https:\\\/\\\/www.webdo.tn\\\/fr\\\/#organization\",\"name\":\"Webdo\",\"alternateName\":\"Webdo.tn\",\"url\":\"https:\\\/\\\/www.webdo.tn\\\/fr\\\/\",\"logo\":{\"@type\":\"ImageObject\",\"inLanguage\":\"fr-FR\",\"@id\":\"https:\\\/\\\/www.webdo.tn\\\/fr\\\/#\\\/schema\\\/logo\\\/image\\\/\",\"url\":\"https:\\\/\\\/www.webdo.tn\\\/fr\\\/wp-content\\\/uploads\\\/2025\\\/06\\\/Webdo-Tunisie_168377.jpg\",\"contentUrl\":\"https:\\\/\\\/www.webdo.tn\\\/fr\\\/wp-content\\\/uploads\\\/2025\\\/06\\\/Webdo-Tunisie_168377.jpg\",\"width\":301,\"height\":301,\"caption\":\"Webdo\"},\"image\":{\"@id\":\"https:\\\/\\\/www.webdo.tn\\\/fr\\\/#\\\/schema\\\/logo\\\/image\\\/\"},\"sameAs\":[\"https:\\\/\\\/www.facebook.com\\\/webdotn\",\"https:\\\/\\\/x.com\\\/webdo_tn\"],\"description\":\"Webdo est un m\u00e9dia num\u00e9rique tunisien fond\u00e9 en 2010, sp\u00e9cialis\u00e9 dans l\u2019actualit\u00e9 nationale et internationale, l\u2019\u00e9conomie, la soci\u00e9t\u00e9 et les analyses politiques. Le site s\u2019adresse \u00e0 un large public francophone et couvre l\u2019information tunisienne en temps r\u00e9el.\",\"email\":\"redac@webdo.tn\",\"legalName\":\"YNJ SARL\",\"foundingDate\":\"2010-09-06\",\"numberOfEmployees\":{\"@type\":\"QuantitativeValue\",\"minValue\":\"11\",\"maxValue\":\"50\"}},{\"@type\":\"Person\",\"@id\":\"https:\\\/\\\/www.webdo.tn\\\/fr\\\/#\\\/schema\\\/person\\\/2c4929cbf5a809e3bd38617c6ce150f6\",\"name\":\"MC\",\"image\":{\"@type\":\"ImageObject\",\"inLanguage\":\"fr-FR\",\"@id\":\"https:\\\/\\\/secure.gravatar.com\\\/avatar\\\/a545bbb6f84efdd5553dbbc2895e3ca8f1d12c5215e00a041c9670b54aa9b18a?s=96&d=mm&r=g\",\"url\":\"https:\\\/\\\/secure.gravatar.com\\\/avatar\\\/a545bbb6f84efdd5553dbbc2895e3ca8f1d12c5215e00a041c9670b54aa9b18a?s=96&d=mm&r=g\",\"contentUrl\":\"https:\\\/\\\/secure.gravatar.com\\\/avatar\\\/a545bbb6f84efdd5553dbbc2895e3ca8f1d12c5215e00a041c9670b54aa9b18a?s=96&d=mm&r=g\",\"caption\":\"MC\"},\"url\":\"https:\\\/\\\/www.webdo.tn\\\/fr\\\/actualite\\\/author\\\/mc\\\/\"}]}<\/script>\n<!-- \/ Yoast SEO Premium plugin. -->","yoast_head_json":{"title":"Tunisie : Combien reste-t-il de terroristes retranch\u00e9s dans les montagnes ?","description":"De 117 terroristes retranch\u00e9s dans les montagnes tunisiennes, leur nombre est pass\u00e9 \u00e0 11.","canonical":"https:\/\/www.webdo.tn\/fr\/actualite\/national\/tunisie-combien-reste-t-il-de-terroristes-retranches-dans-les-montagnes\/212831\/","og_locale":"fr_FR","og_type":"article","og_title":"Tunisie : Combien reste-t-il de terroristes retranch\u00e9s dans les montagnes ?","og_description":"De 117 terroristes retranch\u00e9s dans les montagnes tunisiennes, leur nombre est pass\u00e9 \u00e0 11.","og_url":"https:\/\/www.webdo.tn\/fr\/actualite\/national\/tunisie-combien-reste-t-il-de-terroristes-retranches-dans-les-montagnes\/212831\/","og_site_name":"webdo","article_publisher":"https:\/\/www.facebook.com\/webdotn","article_published_time":"2024-03-08T14:27:00+00:00","article_modified_time":"2025-05-20T21:52:20+00:00","og_image":[{"width":680,"height":363,"url":"https:\/\/www.webdo.tn\/fr\/wp-content\/uploads\/2024\/03\/2f8dd21aa32ee2dde1c033c2aae9c2e7.jpg","type":"image\/jpeg"}],"author":"MC","twitter_card":"summary_large_image","twitter_creator":"@webdo_tn","twitter_site":"@webdo_tn","twitter_misc":{"\u00c9crit par":"MC","Dur\u00e9e de lecture estim\u00e9e":"1 minute"},"schema":{"@context":"https:\/\/schema.org","@graph":[{"@type":"NewsArticle","@id":"https:\/\/www.webdo.tn\/fr\/actualite\/national\/tunisie-combien-reste-t-il-de-terroristes-retranches-dans-les-montagnes\/212831\/#article","isPartOf":{"@id":"https:\/\/www.webdo.tn\/fr\/actualite\/national\/tunisie-combien-reste-t-il-de-terroristes-retranches-dans-les-montagnes\/212831\/"},"author":{"name":"MC","@id":"https:\/\/www.webdo.tn\/fr\/#\/schema\/person\/2c4929cbf5a809e3bd38617c6ce150f6"},"headline":"Tunisie : Combien reste-t-il de terroristes retranch\u00e9s dans les montagnes ?","datePublished":"2024-03-08T14:27:00+00:00","dateModified":"2025-05-20T21:52:20+00:00","mainEntityOfPage":{"@id":"https:\/\/www.webdo.tn\/fr\/actualite\/national\/tunisie-combien-reste-t-il-de-terroristes-retranches-dans-les-montagnes\/212831\/"},"wordCount":135,"commentCount":0,"publisher":{"@id":"https:\/\/www.webdo.tn\/fr\/#organization"},"image":{"@id":"https:\/\/www.webdo.tn\/fr\/actualite\/national\/tunisie-combien-reste-t-il-de-terroristes-retranches-dans-les-montagnes\/212831\/#primaryimage"},"thumbnailUrl":"https:\/\/www.webdo.tn\/fr\/wp-content\/uploads\/2024\/03\/2f8dd21aa32ee2dde1c033c2aae9c2e7.jpg","keywords":["montagnes","Terroristes","Tunisie"],"articleSection":["National"],"inLanguage":"fr-FR"},{"@type":"WebPage","@id":"https:\/\/www.webdo.tn\/fr\/actualite\/national\/tunisie-combien-reste-t-il-de-terroristes-retranches-dans-les-montagnes\/212831\/","url":"https:\/\/www.webdo.tn\/fr\/actualite\/national\/tunisie-combien-reste-t-il-de-terroristes-retranches-dans-les-montagnes\/212831\/","name":"Tunisie : Combien reste-t-il de terroristes retranch\u00e9s dans les montagnes ?","isPartOf":{"@id":"https:\/\/www.webdo.tn\/fr\/#website"},"primaryImageOfPage":{"@id":"https:\/\/www.webdo.tn\/fr\/actualite\/national\/tunisie-combien-reste-t-il-de-terroristes-retranches-dans-les-montagnes\/212831\/#primaryimage"},"image":{"@id":"https:\/\/www.webdo.tn\/fr\/actualite\/national\/tunisie-combien-reste-t-il-de-terroristes-retranches-dans-les-montagnes\/212831\/#primaryimage"},"thumbnailUrl":"https:\/\/www.webdo.tn\/fr\/wp-content\/uploads\/2024\/03\/2f8dd21aa32ee2dde1c033c2aae9c2e7.jpg","datePublished":"2024-03-08T14:27:00+00:00","dateModified":"2025-05-20T21:52:20+00:00","description":"De 117 terroristes retranch\u00e9s dans les montagnes tunisiennes, leur nombre est pass\u00e9 \u00e0 11.","breadcrumb":{"@id":"https:\/\/www.webdo.tn\/fr\/actualite\/national\/tunisie-combien-reste-t-il-de-terroristes-retranches-dans-les-montagnes\/212831\/#breadcrumb"},"inLanguage":"fr-FR","potentialAction":[{"@type":"ReadAction","target":["https:\/\/www.webdo.tn\/fr\/actualite\/national\/tunisie-combien-reste-t-il-de-terroristes-retranches-dans-les-montagnes\/212831\/"]}]},{"@type":"ImageObject","inLanguage":"fr-FR","@id":"https:\/\/www.webdo.tn\/fr\/actualite\/national\/tunisie-combien-reste-t-il-de-terroristes-retranches-dans-les-montagnes\/212831\/#primaryimage","url":"https:\/\/www.webdo.tn\/fr\/wp-content\/uploads\/2024\/03\/2f8dd21aa32ee2dde1c033c2aae9c2e7.jpg","contentUrl":"https:\/\/www.webdo.tn\/fr\/wp-content\/uploads\/2024\/03\/2f8dd21aa32ee2dde1c033c2aae9c2e7.jpg","width":680,"height":363,"caption":"Tunisie : Combien reste-t-il de terroristes retranch\u00e9s dans les montagnes ?"},{"@type":"BreadcrumbList","@id":"https:\/\/www.webdo.tn\/fr\/actualite\/national\/tunisie-combien-reste-t-il-de-terroristes-retranches-dans-les-montagnes\/212831\/#breadcrumb","itemListElement":[{"@type":"ListItem","position":1,"name":"Accueil","item":"https:\/\/www.webdo.tn\/fr\/"},{"@type":"ListItem","position":2,"name":"Tunisie : Combien reste-t-il de terroristes retranch\u00e9s dans les montagnes ?"}]},{"@type":"WebSite","@id":"https:\/\/www.webdo.tn\/fr\/#website","url":"https:\/\/www.webdo.tn\/fr\/","name":"webdo","description":"Tunisie - News en Tunisie et \u00e0 l&#039;international sur Webdo.tn","publisher":{"@id":"https:\/\/www.webdo.tn\/fr\/#organization"},"potentialAction":[{"@type":"SearchAction","target":{"@type":"EntryPoint","urlTemplate":"https:\/\/www.webdo.tn\/fr\/?s={search_term_string}"},"query-input":{"@type":"PropertyValueSpecification","valueRequired":true,"valueName":"search_term_string"}}],"inLanguage":"fr-FR"},{"@type":"Organization","@id":"https:\/\/www.webdo.tn\/fr\/#organization","name":"Webdo","alternateName":"Webdo.tn","url":"https:\/\/www.webdo.tn\/fr\/","logo":{"@type":"ImageObject","inLanguage":"fr-FR","@id":"https:\/\/www.webdo.tn\/fr\/#\/schema\/logo\/image\/","url":"https:\/\/www.webdo.tn\/fr\/wp-content\/uploads\/2025\/06\/Webdo-Tunisie_168377.jpg","contentUrl":"https:\/\/www.webdo.tn\/fr\/wp-content\/uploads\/2025\/06\/Webdo-Tunisie_168377.jpg","width":301,"height":301,"caption":"Webdo"},"image":{"@id":"https:\/\/www.webdo.tn\/fr\/#\/schema\/logo\/image\/"},"sameAs":["https:\/\/www.facebook.com\/webdotn","https:\/\/x.com\/webdo_tn"],"description":"Webdo est un m\u00e9dia num\u00e9rique tunisien fond\u00e9 en 2010, sp\u00e9cialis\u00e9 dans l\u2019actualit\u00e9 nationale et internationale, l\u2019\u00e9conomie, la soci\u00e9t\u00e9 et les analyses politiques. Le site s\u2019adresse \u00e0 un large public francophone et couvre l\u2019information tunisienne en temps r\u00e9el.","email":"redac@webdo.tn","legalName":"YNJ SARL","foundingDate":"2010-09-06","numberOfEmployees":{"@type":"QuantitativeValue","minValue":"11","maxValue":"50"}},{"@type":"Person","@id":"https:\/\/www.webdo.tn\/fr\/#\/schema\/person\/2c4929cbf5a809e3bd38617c6ce150f6","name":"MC","image":{"@type":"ImageObject","inLanguage":"fr-FR","@id":"https:\/\/secure.gravatar.com\/avatar\/a545bbb6f84efdd5553dbbc2895e3ca8f1d12c5215e00a041c9670b54aa9b18a?s=96&d=mm&r=g","url":"https:\/\/secure.gravatar.com\/avatar\/a545bbb6f84efdd5553dbbc2895e3ca8f1d12c5215e00a041c9670b54aa9b18a?s=96&d=mm&r=g","contentUrl":"https:\/\/secure.gravatar.com\/avatar\/a545bbb6f84efdd5553dbbc2895e3ca8f1d12c5215e00a041c9670b54aa9b18a?s=96&d=mm&r=g","caption":"MC"},"url":"https:\/\/www.webdo.tn\/fr\/actualite\/author\/mc\/"}]}},"_links":{"self":[{"href":"https:\/\/www.webdo.tn\/fr\/wp-json\/wp\/v2\/posts\/212831","targetHints":{"allow":["GET"]}}],"collection":[{"href":"https:\/\/www.webdo.tn\/fr\/wp-json\/wp\/v2\/posts"}],"about":[{"href":"https:\/\/www.webdo.tn\/fr\/wp-json\/wp\/v2\/types\/post"}],"author":[{"embeddable":true,"href":"https:\/\/www.webdo.tn\/fr\/wp-json\/wp\/v2\/users\/3162"}],"replies":[{"embeddable":true,"href":"https:\/\/www.webdo.tn\/fr\/wp-json\/wp\/v2\/comments?post=212831"}],"version-history":[{"count":0,"href":"https:\/\/www.webdo.tn\/fr\/wp-json\/wp\/v2\/posts\/212831\/revisions"}],"wp:featuredmedia":[{"embeddable":true,"href":"https:\/\/www.webdo.tn\/fr\/wp-json\/wp\/v2\/media\/247814"}],"wp:attachment":[{"href":"https:\/\/www.webdo.tn\/fr\/wp-json\/wp\/v2\/media?parent=212831"}],"wp:term":[{"taxonomy":"category","embeddable":true,"href":"https:\/\/www.webdo.tn\/fr\/wp-json\/wp\/v2\/categories?post=212831"},{"taxonomy":"post_tag","embeddable":true,"href":"https:\/\/www.webdo.tn\/fr\/wp-json\/wp\/v2\/tags?post=212831"}],"curies":[{"name":"wp","href":"https:\/\/api.w.org\/{rel}","templated":true}]}}