{"id":212827,"date":"2024-03-08T12:27:00","date_gmt":"2024-03-08T12:27:00","guid":{"rendered":"https:\/\/www.webdo.tn\/fr\/blog\/tunisie-la-nouvelle-version-du-code-des-changes-soumise-au-conseil-des-ministres\/212827\/"},"modified":"2025-05-20T21:52:19","modified_gmt":"2025-05-20T21:52:19","slug":"tunisie-la-nouvelle-version-du-code-des-changes-soumise-au-conseil-des-ministres","status":"publish","type":"post","link":"https:\/\/www.webdo.tn\/fr\/actualite\/national\/tunisie-la-nouvelle-version-du-code-des-changes-soumise-au-conseil-des-ministres\/212827\/","title":{"rendered":"Tunisie : La nouvelle version du Code des Changes soumise au Conseil des ministres"},"content":{"rendered":"<p>La version amend\u00e9e du Code des changes a \u00e9t\u00e9 examin\u00e9e, jeudi 7 mars 2024, lors d&rsquo;une r\u00e9union minist\u00e9rielle restreinte, pr\u00e9sid\u00e9e par le Chef du gouvernement, Ahmed Hachani.<\/p>\n<p>\t\t\t\t\t\t\t\t\tLors de cette r\u00e9union consacr\u00e9e \u00e0 l&rsquo;examen du projet de r\u00e9vision du Code des changes, la version amend\u00e9e du projet a \u00e9t\u00e9 approuv\u00e9e.<\/p>\n<p>Elle sera soumise au Conseil des ministres pour d\u00e9lib\u00e9ration dans une prochaine \u00e9tape, avant d\u2019\u00eatre transmise \u00e0 la Chambre des repr\u00e9sentants du peuple, a annonc\u00e9 la pr\u00e9sidence du gouvernement, ce vendredi 8 mars, dans un communiqu\u00e9 publi\u00e9 sur sa page officielle.<\/p>\n<p>Le nouveau projet du Code des changes a comme principaux axes, notamment la r\u00e9vision du concept de r\u00e9sidence, la reconnaissance des principes de lib\u00e9ralisation pour certaines transactions financi\u00e8res entre la Tunisie et l&rsquo;\u00e9tranger, l&rsquo;autorisation des transactions d&rsquo;actifs crypt\u00e9s, le d\u00e9veloppement du syst\u00e8me de change manuel, la r\u00e9vision du syst\u00e8me de sanctions et des infractions financi\u00e8res.<\/p>\n","protected":false},"excerpt":{"rendered":"<p>Lors de cette r\u00e9union consacr\u00e9e \u00e0 l&rsquo;examen du projet de r\u00e9vision du Code des changes, la version amend\u00e9e du projet a \u00e9t\u00e9 approuv\u00e9e.<\/p>\n","protected":false},"author":3162,"featured_media":247810,"comment_status":"open","ping_status":"closed","sticky":false,"template":"","format":"standard","meta":{"footnotes":""},"categories":[44],"tags":[6851,5449,2608],"class_list":["post-212827","post","type-post","status-publish","format-standard","has-post-thumbnail","hentry","category-national","tag-code-des-changes","tag-conseil-des-ministres","tag-tunisie"],"yoast_head":"<!-- This site is optimized with the Yoast SEO Premium plugin v27.5 (Yoast SEO v27.5) - https:\/\/yoast.com\/product\/yoast-seo-premium-wordpress\/ -->\n<title>Tunisie : La nouvelle version du Code des Changes soumise au Conseil des ministres<\/title>\n<meta name=\"description\" content=\"Lors de cette r\u00e9union consacr\u00e9e \u00e0 l&#039;examen du projet de r\u00e9vision du Code des changes, la version amend\u00e9e du projet a \u00e9t\u00e9 approuv\u00e9e.\" \/>\n<link rel=\"canonical\" href=\"https:\/\/www.webdo.tn\/fr\/actualite\/national\/tunisie-la-nouvelle-version-du-code-des-changes-soumise-au-conseil-des-ministres\/212827\/\" \/>\n<meta property=\"og:locale\" content=\"fr_FR\" \/>\n<meta property=\"og:type\" content=\"article\" \/>\n<meta property=\"og:title\" content=\"Tunisie : La nouvelle version du Code des Changes soumise au Conseil des ministres\" \/>\n<meta property=\"og:description\" content=\"Lors de cette r\u00e9union consacr\u00e9e \u00e0 l&#039;examen du projet de r\u00e9vision du Code des changes, la version amend\u00e9e du projet a \u00e9t\u00e9 approuv\u00e9e.\" \/>\n<meta property=\"og:url\" content=\"https:\/\/www.webdo.tn\/fr\/actualite\/national\/tunisie-la-nouvelle-version-du-code-des-changes-soumise-au-conseil-des-ministres\/212827\/\" \/>\n<meta property=\"og:site_name\" content=\"webdo\" \/>\n<meta property=\"article:publisher\" content=\"https:\/\/www.facebook.com\/webdotn\" \/>\n<meta property=\"article:published_time\" content=\"2024-03-08T12:27:00+00:00\" \/>\n<meta property=\"article:modified_time\" content=\"2025-05-20T21:52:19+00:00\" \/>\n<meta property=\"og:image\" content=\"https:\/\/www.webdo.tn\/fr\/wp-content\/uploads\/2024\/03\/28870408802915433b8e53049749fb72.jpg\" \/>\n\t<meta property=\"og:image:width\" content=\"750\" \/>\n\t<meta property=\"og:image:height\" content=\"400\" \/>\n\t<meta property=\"og:image:type\" content=\"image\/jpeg\" \/>\n<meta name=\"author\" content=\"MC\" \/>\n<meta name=\"twitter:card\" content=\"summary_large_image\" \/>\n<meta name=\"twitter:creator\" content=\"@webdo_tn\" \/>\n<meta name=\"twitter:site\" content=\"@webdo_tn\" \/>\n<meta name=\"twitter:label1\" content=\"\u00c9crit par\" \/>\n\t<meta name=\"twitter:data1\" content=\"MC\" \/>\n\t<meta name=\"twitter:label2\" content=\"Dur\u00e9e de lecture estim\u00e9e\" \/>\n\t<meta name=\"twitter:data2\" content=\"1 minute\" \/>\n<script type=\"application\/ld+json\" class=\"yoast-schema-graph\">{\"@context\":\"https:\\\/\\\/schema.org\",\"@graph\":[{\"@type\":\"NewsArticle\",\"@id\":\"https:\\\/\\\/www.webdo.tn\\\/fr\\\/actualite\\\/national\\\/tunisie-la-nouvelle-version-du-code-des-changes-soumise-au-conseil-des-ministres\\\/212827\\\/#article\",\"isPartOf\":{\"@id\":\"https:\\\/\\\/www.webdo.tn\\\/fr\\\/actualite\\\/national\\\/tunisie-la-nouvelle-version-du-code-des-changes-soumise-au-conseil-des-ministres\\\/212827\\\/\"},\"author\":{\"name\":\"MC\",\"@id\":\"https:\\\/\\\/www.webdo.tn\\\/fr\\\/#\\\/schema\\\/person\\\/2c4929cbf5a809e3bd38617c6ce150f6\"},\"headline\":\"Tunisie : La nouvelle version du Code des Changes soumise au Conseil des ministres\",\"datePublished\":\"2024-03-08T12:27:00+00:00\",\"dateModified\":\"2025-05-20T21:52:19+00:00\",\"mainEntityOfPage\":{\"@id\":\"https:\\\/\\\/www.webdo.tn\\\/fr\\\/actualite\\\/national\\\/tunisie-la-nouvelle-version-du-code-des-changes-soumise-au-conseil-des-ministres\\\/212827\\\/\"},\"wordCount\":185,\"commentCount\":0,\"publisher\":{\"@id\":\"https:\\\/\\\/www.webdo.tn\\\/fr\\\/#organization\"},\"image\":{\"@id\":\"https:\\\/\\\/www.webdo.tn\\\/fr\\\/actualite\\\/national\\\/tunisie-la-nouvelle-version-du-code-des-changes-soumise-au-conseil-des-ministres\\\/212827\\\/#primaryimage\"},\"thumbnailUrl\":\"https:\\\/\\\/www.webdo.tn\\\/fr\\\/wp-content\\\/uploads\\\/2024\\\/03\\\/28870408802915433b8e53049749fb72.jpg\",\"keywords\":[\"Code des changes\",\"Conseil des ministres\",\"Tunisie\"],\"articleSection\":[\"National\"],\"inLanguage\":\"fr-FR\"},{\"@type\":\"WebPage\",\"@id\":\"https:\\\/\\\/www.webdo.tn\\\/fr\\\/actualite\\\/national\\\/tunisie-la-nouvelle-version-du-code-des-changes-soumise-au-conseil-des-ministres\\\/212827\\\/\",\"url\":\"https:\\\/\\\/www.webdo.tn\\\/fr\\\/actualite\\\/national\\\/tunisie-la-nouvelle-version-du-code-des-changes-soumise-au-conseil-des-ministres\\\/212827\\\/\",\"name\":\"Tunisie : La nouvelle version du Code des Changes soumise au Conseil des ministres\",\"isPartOf\":{\"@id\":\"https:\\\/\\\/www.webdo.tn\\\/fr\\\/#website\"},\"primaryImageOfPage\":{\"@id\":\"https:\\\/\\\/www.webdo.tn\\\/fr\\\/actualite\\\/national\\\/tunisie-la-nouvelle-version-du-code-des-changes-soumise-au-conseil-des-ministres\\\/212827\\\/#primaryimage\"},\"image\":{\"@id\":\"https:\\\/\\\/www.webdo.tn\\\/fr\\\/actualite\\\/national\\\/tunisie-la-nouvelle-version-du-code-des-changes-soumise-au-conseil-des-ministres\\\/212827\\\/#primaryimage\"},\"thumbnailUrl\":\"https:\\\/\\\/www.webdo.tn\\\/fr\\\/wp-content\\\/uploads\\\/2024\\\/03\\\/28870408802915433b8e53049749fb72.jpg\",\"datePublished\":\"2024-03-08T12:27:00+00:00\",\"dateModified\":\"2025-05-20T21:52:19+00:00\",\"description\":\"Lors de cette r\u00e9union consacr\u00e9e \u00e0 l'examen du projet de r\u00e9vision du Code des changes, la version amend\u00e9e du projet a \u00e9t\u00e9 approuv\u00e9e.\",\"breadcrumb\":{\"@id\":\"https:\\\/\\\/www.webdo.tn\\\/fr\\\/actualite\\\/national\\\/tunisie-la-nouvelle-version-du-code-des-changes-soumise-au-conseil-des-ministres\\\/212827\\\/#breadcrumb\"},\"inLanguage\":\"fr-FR\",\"potentialAction\":[{\"@type\":\"ReadAction\",\"target\":[\"https:\\\/\\\/www.webdo.tn\\\/fr\\\/actualite\\\/national\\\/tunisie-la-nouvelle-version-du-code-des-changes-soumise-au-conseil-des-ministres\\\/212827\\\/\"]}]},{\"@type\":\"ImageObject\",\"inLanguage\":\"fr-FR\",\"@id\":\"https:\\\/\\\/www.webdo.tn\\\/fr\\\/actualite\\\/national\\\/tunisie-la-nouvelle-version-du-code-des-changes-soumise-au-conseil-des-ministres\\\/212827\\\/#primaryimage\",\"url\":\"https:\\\/\\\/www.webdo.tn\\\/fr\\\/wp-content\\\/uploads\\\/2024\\\/03\\\/28870408802915433b8e53049749fb72.jpg\",\"contentUrl\":\"https:\\\/\\\/www.webdo.tn\\\/fr\\\/wp-content\\\/uploads\\\/2024\\\/03\\\/28870408802915433b8e53049749fb72.jpg\",\"width\":750,\"height\":400,\"caption\":\"Tunisie : La nouvelle version du Code des Changes soumise au Conseil des ministres\"},{\"@type\":\"BreadcrumbList\",\"@id\":\"https:\\\/\\\/www.webdo.tn\\\/fr\\\/actualite\\\/national\\\/tunisie-la-nouvelle-version-du-code-des-changes-soumise-au-conseil-des-ministres\\\/212827\\\/#breadcrumb\",\"itemListElement\":[{\"@type\":\"ListItem\",\"position\":1,\"name\":\"Accueil\",\"item\":\"https:\\\/\\\/www.webdo.tn\\\/fr\\\/\"},{\"@type\":\"ListItem\",\"position\":2,\"name\":\"Tunisie : La nouvelle version du Code des Changes soumise au Conseil des ministres\"}]},{\"@type\":\"WebSite\",\"@id\":\"https:\\\/\\\/www.webdo.tn\\\/fr\\\/#website\",\"url\":\"https:\\\/\\\/www.webdo.tn\\\/fr\\\/\",\"name\":\"webdo\",\"description\":\"Tunisie - News en Tunisie et \u00e0 l&#039;international sur Webdo.tn\",\"publisher\":{\"@id\":\"https:\\\/\\\/www.webdo.tn\\\/fr\\\/#organization\"},\"potentialAction\":[{\"@type\":\"SearchAction\",\"target\":{\"@type\":\"EntryPoint\",\"urlTemplate\":\"https:\\\/\\\/www.webdo.tn\\\/fr\\\/?s={search_term_string}\"},\"query-input\":{\"@type\":\"PropertyValueSpecification\",\"valueRequired\":true,\"valueName\":\"search_term_string\"}}],\"inLanguage\":\"fr-FR\"},{\"@type\":\"Organization\",\"@id\":\"https:\\\/\\\/www.webdo.tn\\\/fr\\\/#organization\",\"name\":\"Webdo\",\"alternateName\":\"Webdo.tn\",\"url\":\"https:\\\/\\\/www.webdo.tn\\\/fr\\\/\",\"logo\":{\"@type\":\"ImageObject\",\"inLanguage\":\"fr-FR\",\"@id\":\"https:\\\/\\\/www.webdo.tn\\\/fr\\\/#\\\/schema\\\/logo\\\/image\\\/\",\"url\":\"https:\\\/\\\/www.webdo.tn\\\/fr\\\/wp-content\\\/uploads\\\/2025\\\/06\\\/Webdo-Tunisie_168377.jpg\",\"contentUrl\":\"https:\\\/\\\/www.webdo.tn\\\/fr\\\/wp-content\\\/uploads\\\/2025\\\/06\\\/Webdo-Tunisie_168377.jpg\",\"width\":301,\"height\":301,\"caption\":\"Webdo\"},\"image\":{\"@id\":\"https:\\\/\\\/www.webdo.tn\\\/fr\\\/#\\\/schema\\\/logo\\\/image\\\/\"},\"sameAs\":[\"https:\\\/\\\/www.facebook.com\\\/webdotn\",\"https:\\\/\\\/x.com\\\/webdo_tn\"],\"description\":\"Webdo est un m\u00e9dia num\u00e9rique tunisien fond\u00e9 en 2010, sp\u00e9cialis\u00e9 dans l\u2019actualit\u00e9 nationale et internationale, l\u2019\u00e9conomie, la soci\u00e9t\u00e9 et les analyses politiques. Le site s\u2019adresse \u00e0 un large public francophone et couvre l\u2019information tunisienne en temps r\u00e9el.\",\"email\":\"redac@webdo.tn\",\"legalName\":\"YNJ SARL\",\"foundingDate\":\"2010-09-06\",\"numberOfEmployees\":{\"@type\":\"QuantitativeValue\",\"minValue\":\"11\",\"maxValue\":\"50\"}},{\"@type\":\"Person\",\"@id\":\"https:\\\/\\\/www.webdo.tn\\\/fr\\\/#\\\/schema\\\/person\\\/2c4929cbf5a809e3bd38617c6ce150f6\",\"name\":\"MC\",\"image\":{\"@type\":\"ImageObject\",\"inLanguage\":\"fr-FR\",\"@id\":\"https:\\\/\\\/secure.gravatar.com\\\/avatar\\\/a545bbb6f84efdd5553dbbc2895e3ca8f1d12c5215e00a041c9670b54aa9b18a?s=96&d=mm&r=g\",\"url\":\"https:\\\/\\\/secure.gravatar.com\\\/avatar\\\/a545bbb6f84efdd5553dbbc2895e3ca8f1d12c5215e00a041c9670b54aa9b18a?s=96&d=mm&r=g\",\"contentUrl\":\"https:\\\/\\\/secure.gravatar.com\\\/avatar\\\/a545bbb6f84efdd5553dbbc2895e3ca8f1d12c5215e00a041c9670b54aa9b18a?s=96&d=mm&r=g\",\"caption\":\"MC\"},\"url\":\"https:\\\/\\\/www.webdo.tn\\\/fr\\\/actualite\\\/author\\\/mc\\\/\"}]}<\/script>\n<!-- \/ Yoast SEO Premium plugin. -->","yoast_head_json":{"title":"Tunisie : La nouvelle version du Code des Changes soumise au Conseil des ministres","description":"Lors de cette r\u00e9union consacr\u00e9e \u00e0 l'examen du projet de r\u00e9vision du Code des changes, la version amend\u00e9e du projet a \u00e9t\u00e9 approuv\u00e9e.","canonical":"https:\/\/www.webdo.tn\/fr\/actualite\/national\/tunisie-la-nouvelle-version-du-code-des-changes-soumise-au-conseil-des-ministres\/212827\/","og_locale":"fr_FR","og_type":"article","og_title":"Tunisie : La nouvelle version du Code des Changes soumise au Conseil des ministres","og_description":"Lors de cette r\u00e9union consacr\u00e9e \u00e0 l'examen du projet de r\u00e9vision du Code des changes, la version amend\u00e9e du projet a \u00e9t\u00e9 approuv\u00e9e.","og_url":"https:\/\/www.webdo.tn\/fr\/actualite\/national\/tunisie-la-nouvelle-version-du-code-des-changes-soumise-au-conseil-des-ministres\/212827\/","og_site_name":"webdo","article_publisher":"https:\/\/www.facebook.com\/webdotn","article_published_time":"2024-03-08T12:27:00+00:00","article_modified_time":"2025-05-20T21:52:19+00:00","og_image":[{"width":750,"height":400,"url":"https:\/\/www.webdo.tn\/fr\/wp-content\/uploads\/2024\/03\/28870408802915433b8e53049749fb72.jpg","type":"image\/jpeg"}],"author":"MC","twitter_card":"summary_large_image","twitter_creator":"@webdo_tn","twitter_site":"@webdo_tn","twitter_misc":{"\u00c9crit par":"MC","Dur\u00e9e de lecture estim\u00e9e":"1 minute"},"schema":{"@context":"https:\/\/schema.org","@graph":[{"@type":"NewsArticle","@id":"https:\/\/www.webdo.tn\/fr\/actualite\/national\/tunisie-la-nouvelle-version-du-code-des-changes-soumise-au-conseil-des-ministres\/212827\/#article","isPartOf":{"@id":"https:\/\/www.webdo.tn\/fr\/actualite\/national\/tunisie-la-nouvelle-version-du-code-des-changes-soumise-au-conseil-des-ministres\/212827\/"},"author":{"name":"MC","@id":"https:\/\/www.webdo.tn\/fr\/#\/schema\/person\/2c4929cbf5a809e3bd38617c6ce150f6"},"headline":"Tunisie : La nouvelle version du Code des Changes soumise au Conseil des ministres","datePublished":"2024-03-08T12:27:00+00:00","dateModified":"2025-05-20T21:52:19+00:00","mainEntityOfPage":{"@id":"https:\/\/www.webdo.tn\/fr\/actualite\/national\/tunisie-la-nouvelle-version-du-code-des-changes-soumise-au-conseil-des-ministres\/212827\/"},"wordCount":185,"commentCount":0,"publisher":{"@id":"https:\/\/www.webdo.tn\/fr\/#organization"},"image":{"@id":"https:\/\/www.webdo.tn\/fr\/actualite\/national\/tunisie-la-nouvelle-version-du-code-des-changes-soumise-au-conseil-des-ministres\/212827\/#primaryimage"},"thumbnailUrl":"https:\/\/www.webdo.tn\/fr\/wp-content\/uploads\/2024\/03\/28870408802915433b8e53049749fb72.jpg","keywords":["Code des changes","Conseil des ministres","Tunisie"],"articleSection":["National"],"inLanguage":"fr-FR"},{"@type":"WebPage","@id":"https:\/\/www.webdo.tn\/fr\/actualite\/national\/tunisie-la-nouvelle-version-du-code-des-changes-soumise-au-conseil-des-ministres\/212827\/","url":"https:\/\/www.webdo.tn\/fr\/actualite\/national\/tunisie-la-nouvelle-version-du-code-des-changes-soumise-au-conseil-des-ministres\/212827\/","name":"Tunisie : La nouvelle version du Code des Changes soumise au Conseil des ministres","isPartOf":{"@id":"https:\/\/www.webdo.tn\/fr\/#website"},"primaryImageOfPage":{"@id":"https:\/\/www.webdo.tn\/fr\/actualite\/national\/tunisie-la-nouvelle-version-du-code-des-changes-soumise-au-conseil-des-ministres\/212827\/#primaryimage"},"image":{"@id":"https:\/\/www.webdo.tn\/fr\/actualite\/national\/tunisie-la-nouvelle-version-du-code-des-changes-soumise-au-conseil-des-ministres\/212827\/#primaryimage"},"thumbnailUrl":"https:\/\/www.webdo.tn\/fr\/wp-content\/uploads\/2024\/03\/28870408802915433b8e53049749fb72.jpg","datePublished":"2024-03-08T12:27:00+00:00","dateModified":"2025-05-20T21:52:19+00:00","description":"Lors de cette r\u00e9union consacr\u00e9e \u00e0 l'examen du projet de r\u00e9vision du Code des changes, la version amend\u00e9e du projet a \u00e9t\u00e9 approuv\u00e9e.","breadcrumb":{"@id":"https:\/\/www.webdo.tn\/fr\/actualite\/national\/tunisie-la-nouvelle-version-du-code-des-changes-soumise-au-conseil-des-ministres\/212827\/#breadcrumb"},"inLanguage":"fr-FR","potentialAction":[{"@type":"ReadAction","target":["https:\/\/www.webdo.tn\/fr\/actualite\/national\/tunisie-la-nouvelle-version-du-code-des-changes-soumise-au-conseil-des-ministres\/212827\/"]}]},{"@type":"ImageObject","inLanguage":"fr-FR","@id":"https:\/\/www.webdo.tn\/fr\/actualite\/national\/tunisie-la-nouvelle-version-du-code-des-changes-soumise-au-conseil-des-ministres\/212827\/#primaryimage","url":"https:\/\/www.webdo.tn\/fr\/wp-content\/uploads\/2024\/03\/28870408802915433b8e53049749fb72.jpg","contentUrl":"https:\/\/www.webdo.tn\/fr\/wp-content\/uploads\/2024\/03\/28870408802915433b8e53049749fb72.jpg","width":750,"height":400,"caption":"Tunisie : La nouvelle version du Code des Changes soumise au Conseil des ministres"},{"@type":"BreadcrumbList","@id":"https:\/\/www.webdo.tn\/fr\/actualite\/national\/tunisie-la-nouvelle-version-du-code-des-changes-soumise-au-conseil-des-ministres\/212827\/#breadcrumb","itemListElement":[{"@type":"ListItem","position":1,"name":"Accueil","item":"https:\/\/www.webdo.tn\/fr\/"},{"@type":"ListItem","position":2,"name":"Tunisie : La nouvelle version du Code des Changes soumise au Conseil des ministres"}]},{"@type":"WebSite","@id":"https:\/\/www.webdo.tn\/fr\/#website","url":"https:\/\/www.webdo.tn\/fr\/","name":"webdo","description":"Tunisie - News en Tunisie et \u00e0 l&#039;international sur Webdo.tn","publisher":{"@id":"https:\/\/www.webdo.tn\/fr\/#organization"},"potentialAction":[{"@type":"SearchAction","target":{"@type":"EntryPoint","urlTemplate":"https:\/\/www.webdo.tn\/fr\/?s={search_term_string}"},"query-input":{"@type":"PropertyValueSpecification","valueRequired":true,"valueName":"search_term_string"}}],"inLanguage":"fr-FR"},{"@type":"Organization","@id":"https:\/\/www.webdo.tn\/fr\/#organization","name":"Webdo","alternateName":"Webdo.tn","url":"https:\/\/www.webdo.tn\/fr\/","logo":{"@type":"ImageObject","inLanguage":"fr-FR","@id":"https:\/\/www.webdo.tn\/fr\/#\/schema\/logo\/image\/","url":"https:\/\/www.webdo.tn\/fr\/wp-content\/uploads\/2025\/06\/Webdo-Tunisie_168377.jpg","contentUrl":"https:\/\/www.webdo.tn\/fr\/wp-content\/uploads\/2025\/06\/Webdo-Tunisie_168377.jpg","width":301,"height":301,"caption":"Webdo"},"image":{"@id":"https:\/\/www.webdo.tn\/fr\/#\/schema\/logo\/image\/"},"sameAs":["https:\/\/www.facebook.com\/webdotn","https:\/\/x.com\/webdo_tn"],"description":"Webdo est un m\u00e9dia num\u00e9rique tunisien fond\u00e9 en 2010, sp\u00e9cialis\u00e9 dans l\u2019actualit\u00e9 nationale et internationale, l\u2019\u00e9conomie, la soci\u00e9t\u00e9 et les analyses politiques. Le site s\u2019adresse \u00e0 un large public francophone et couvre l\u2019information tunisienne en temps r\u00e9el.","email":"redac@webdo.tn","legalName":"YNJ SARL","foundingDate":"2010-09-06","numberOfEmployees":{"@type":"QuantitativeValue","minValue":"11","maxValue":"50"}},{"@type":"Person","@id":"https:\/\/www.webdo.tn\/fr\/#\/schema\/person\/2c4929cbf5a809e3bd38617c6ce150f6","name":"MC","image":{"@type":"ImageObject","inLanguage":"fr-FR","@id":"https:\/\/secure.gravatar.com\/avatar\/a545bbb6f84efdd5553dbbc2895e3ca8f1d12c5215e00a041c9670b54aa9b18a?s=96&d=mm&r=g","url":"https:\/\/secure.gravatar.com\/avatar\/a545bbb6f84efdd5553dbbc2895e3ca8f1d12c5215e00a041c9670b54aa9b18a?s=96&d=mm&r=g","contentUrl":"https:\/\/secure.gravatar.com\/avatar\/a545bbb6f84efdd5553dbbc2895e3ca8f1d12c5215e00a041c9670b54aa9b18a?s=96&d=mm&r=g","caption":"MC"},"url":"https:\/\/www.webdo.tn\/fr\/actualite\/author\/mc\/"}]}},"_links":{"self":[{"href":"https:\/\/www.webdo.tn\/fr\/wp-json\/wp\/v2\/posts\/212827","targetHints":{"allow":["GET"]}}],"collection":[{"href":"https:\/\/www.webdo.tn\/fr\/wp-json\/wp\/v2\/posts"}],"about":[{"href":"https:\/\/www.webdo.tn\/fr\/wp-json\/wp\/v2\/types\/post"}],"author":[{"embeddable":true,"href":"https:\/\/www.webdo.tn\/fr\/wp-json\/wp\/v2\/users\/3162"}],"replies":[{"embeddable":true,"href":"https:\/\/www.webdo.tn\/fr\/wp-json\/wp\/v2\/comments?post=212827"}],"version-history":[{"count":0,"href":"https:\/\/www.webdo.tn\/fr\/wp-json\/wp\/v2\/posts\/212827\/revisions"}],"wp:featuredmedia":[{"embeddable":true,"href":"https:\/\/www.webdo.tn\/fr\/wp-json\/wp\/v2\/media\/247810"}],"wp:attachment":[{"href":"https:\/\/www.webdo.tn\/fr\/wp-json\/wp\/v2\/media?parent=212827"}],"wp:term":[{"taxonomy":"category","embeddable":true,"href":"https:\/\/www.webdo.tn\/fr\/wp-json\/wp\/v2\/categories?post=212827"},{"taxonomy":"post_tag","embeddable":true,"href":"https:\/\/www.webdo.tn\/fr\/wp-json\/wp\/v2\/tags?post=212827"}],"curies":[{"name":"wp","href":"https:\/\/api.w.org\/{rel}","templated":true}]}}