{"id":212823,"date":"2024-03-08T10:36:00","date_gmt":"2024-03-08T10:36:00","guid":{"rendered":"https:\/\/www.webdo.tn\/fr\/blog\/la-tunisie-est-un-pays-qui-resonne-du-nom-de-femmes-remarquables\/212823\/"},"modified":"2025-05-20T22:33:32","modified_gmt":"2025-05-20T22:33:32","slug":"la-tunisie-est-un-pays-qui-resonne-du-nom-de-femmes-remarquables","status":"publish","type":"post","link":"https:\/\/www.webdo.tn\/fr\/actualite\/le-courrier-des-lecteurs\/la-tunisie-est-un-pays-qui-resonne-du-nom-de-femmes-remarquables\/212823\/","title":{"rendered":"La Tunisie est un pays qui r\u00e9sonne du nom de femmes remarquables"},"content":{"rendered":"<p>\u00ab\u00a0Le 8 mars marque, en Tunisie, en France, et partout dans le monde, la Journ\u00e9e internationale des droits des femmes. C\u2019est une date qu\u2019il me tient \u00e0 c\u0153ur d\u2019honorer en tant que premi\u00e8re femme ambassadrice de France en Tunisie\u00a0\u00bb.<\/p>\n<p>\t\t\t\t\t\t\t\t\t\u00ab\u00a0En effet, la Tunisie et la France ont en commun d\u2019avoir beaucoup fait pour la promotion des droits des femmes et de s\u2019\u00eatre mises, \u00e0 plusieurs reprises dans l\u2019histoire, \u00e0 la pointe des avanc\u00e9es. Les deux pays ont aussi en commun la grande Gis\u00e8le Halimi, qui porta si haut la cause des femmes et de l\u2019\u00e9mancipation.<\/p>\n<p>La Tunisie est un pays qui r\u00e9sonne du nom de femmes remarquables &#8211; Carthage ne fut-elle pas fond\u00e9e par l\u2019illustre Elyssa ? Sophonisbe, Lalla Manoubia, Tawhida Ben Cheikh, Bechira Ben M\u2019rad, Habiba Menchari, Radhia Haddad, l\u2019\u00e9num\u00e9ration pourrait se prolonger. Plus pr\u00e8s de nous les sportives, telles Habiba Ghribi, Ons Jabeur ou encore Raoua Tlili, incarnent la force d\u2019un pays pionnier pour l\u2019\u00e9mancipation des femmes dans le monde arabe.<\/p>\n<p>Je pense naturellement au Code du statut personnel du 13 ao\u00fbt 1956 ainsi qu\u2019\u00e0 la loi 58 de 2017 sur l\u2019\u00e9limination des violences \u00e0 l\u2019\u00e9gard des femmes, texte novateur et exemplaire, bien au-del\u00e0 des fronti\u00e8res de la Tunisie.<\/p>\n<p>Je pense surtout aux nombreuses femmes valeureuses de diff\u00e9rentes g\u00e9n\u00e9rations que j\u2019ai rencontr\u00e9es depuis mon arriv\u00e9e \u00e0 Tunis l\u2019\u00e9t\u00e9 dernier et qui m\u2019inspirent toutes une grande admiration : dans le monde de l\u2019entreprenariat, de la culture, des sciences, de l\u2019administration, du journalisme, des universit\u00e9s, des associations mais aussi de l\u2019agriculture et de la technologie. Elles sont une force positive et une immense source d\u2019espoir pour nous tous, et nous toutes. \u00a0<\/p>\n<p>La France a pour sa part fait de l\u2019\u00e9galit\u00e9 entre les femmes et les hommes une grande cause nationale. Celle-ci se d\u00e9cline dans de multiples dimensions, compl\u00e9mentaires et qui se renforcent les unes les autres : lutte contre toutes les violences faites aux femmes, d\u00e9fense de la libert\u00e9 de la femme \u00e0 disposer librement de son corps et des droits sexuels et reproductifs, promotion de l\u2019\u00e9galit\u00e9 professionnelle et de la parit\u00e9, lutte contre les st\u00e9r\u00e9otypes.<\/p>\n<p>De nouvelles avanc\u00e9es juridiques ont \u00e9t\u00e9 r\u00e9alis\u00e9es tout r\u00e9cemment. Une nouvelle loi visant \u00e0 renforcer l&rsquo;acc\u00e8s des femmes aux responsabilit\u00e9s dans la fonction publique a \u00e9t\u00e9 adopt\u00e9e en juillet dernier. La France vient d\u2019int\u00e9grer dans sa Constitution la libert\u00e9 garantie \u00e0 la femme d\u2019avoir recours \u00e0 une interruption volontaire de grossesse.<\/p>\n<p>Au niveau international, la France s\u2019est dot\u00e9e depuis 2019 d\u2019une diplomatie f\u00e9ministe volontariste. Cette strat\u00e9gie pour l\u2019\u00e9galit\u00e9 s\u2019est notamment traduite par l\u2019organisation du Forum G\u00e9n\u00e9ration \u00e9galit\u00e9 en 2021, par une forte augmentation de ses contributions financi\u00e8res en faveur des droits des femmes et des filles et par un doublement des financements accord\u00e9s \u00e0 ONU Femmes. L\u2019effort de la France en faveur du Fonds de soutien aux organisations f\u00e9ministes a atteint 134 millions d\u2019euros sur trois ans.<\/p>\n<p>En Tunisie, l\u2019Ambassade de France soutient les initiatives locales mises en place par les autorit\u00e9s tunisiennes ainsi que la soci\u00e9t\u00e9 civile du pays. La France met en \u0153uvre le projet EFOR au b\u00e9n\u00e9fice des femmes rurales, entre autres initiatives que nous portons aux c\u00f4t\u00e9s de nos partenaires tunisiens. Elle participe \u00e9galement au projet AJYAL \u00c9galit\u00e9 visant \u00e0 renforcer la culture de l\u2019\u00e9galit\u00e9 entre les femmes et les hommes en Alg\u00e9rie, en Libye, en Maroc et Tunisie.<\/p>\n<p>Nous soutenons aussi les organisations f\u00e9ministes, dans la continuit\u00e9 de notre engagement visant \u00e0 ce que 75% des projets financ\u00e9s par l\u2019aide publique fran\u00e7aise au d\u00e9veloppement favorisent l\u2019\u00e9galit\u00e9 de genre.<\/p>\n<p>Hier se tenait \u00e0 l\u2019Institut fran\u00e7ais de Tunisie une journ\u00e9e d\u2019\u00e9change et de travail, d\u00e9di\u00e9e aux acquis et aux d\u00e9fis des droits des femmes en Tunisie, et aux luttes f\u00e9ministes port\u00e9es en particulier par les femmes militantes de Tunisie. Celles-ci \u00e9taient nombreuses \u00e0 y participer.<\/p>\n<p>Parvenir \u00e0 l\u2019\u00e9galit\u00e9 des sexes et autonomiser toutes les filles et les femmes d\u2019ici 2030 est le cinqui\u00e8me des 17 objectifs du d\u00e9veloppement durable adopt\u00e9s par tous les membres des Nations unies en 2015. L\u2019\u00e9galit\u00e9 des femmes avec les hommes est un \u00e9l\u00e9ment essentiel et central du d\u00e9veloppement inclusif et durable. En r\u00e9alit\u00e9 tous les ODD d\u00e9pendent de la r\u00e9alisation de l\u2019ODD5.<\/p>\n<p>C\u2019est pourquoi, dans un parcours professionnel o\u00f9 j\u2019ai toujours souhait\u00e9 porter haut le sujet de la libert\u00e9 des femmes, de leur autonomisation et de leur \u00e9galit\u00e9 avec les hommes, en d\u2019autres termes de leur \u00ab\u00a0empouvoirement\u00a0\u00bb, je souhaite, avec toute mon \u00e9quipe, porter une ambition forte en la mati\u00e8re, avec tous nos partenaires tunisiens\u00a0\u00bb.<\/p>\n","protected":false},"excerpt":{"rendered":"<p>La Tunisie et la France ont en commun d\u2019avoir beaucoup fait pour la promotion des droits des femmes et de s\u2019\u00eatre mises, \u00e0 plusieurs reprises dans l\u2019histoire, \u00e0&#8230;<\/p>\n","protected":false},"author":3169,"featured_media":290323,"comment_status":"open","ping_status":"closed","sticky":false,"template":"","format":"standard","meta":{"footnotes":""},"categories":[7043],"tags":[3310,3700,2998,2608],"class_list":["post-212823","post","type-post","status-publish","format-standard","has-post-thumbnail","hentry","category-le-courrier-des-lecteurs","tag-droits","tag-femmes","tag-france","tag-tunisie"],"yoast_head":"<!-- This site is optimized with the Yoast SEO Premium plugin v27.5 (Yoast SEO v27.5) - https:\/\/yoast.com\/product\/yoast-seo-premium-wordpress\/ -->\n<title>La Tunisie est un pays qui r\u00e9sonne du nom de femmes remarquables<\/title>\n<meta name=\"description\" content=\"La Tunisie et la France ont en commun d\u2019avoir beaucoup fait pour la promotion des droits des femmes et de s\u2019\u00eatre mises, \u00e0 plusieurs reprises dans l\u2019histoire, \u00e0...\" \/>\n<link rel=\"canonical\" href=\"https:\/\/www.webdo.tn\/fr\/actualite\/le-courrier-des-lecteurs\/la-tunisie-est-un-pays-qui-resonne-du-nom-de-femmes-remarquables\/212823\/\" \/>\n<meta property=\"og:locale\" content=\"fr_FR\" \/>\n<meta property=\"og:type\" content=\"article\" \/>\n<meta property=\"og:title\" content=\"La Tunisie est un pays qui r\u00e9sonne du nom de femmes remarquables\" \/>\n<meta property=\"og:description\" content=\"La Tunisie et la France ont en commun d\u2019avoir beaucoup fait pour la promotion des droits des femmes et de s\u2019\u00eatre mises, \u00e0 plusieurs reprises dans l\u2019histoire, \u00e0...\" \/>\n<meta property=\"og:url\" content=\"https:\/\/www.webdo.tn\/fr\/actualite\/le-courrier-des-lecteurs\/la-tunisie-est-un-pays-qui-resonne-du-nom-de-femmes-remarquables\/212823\/\" \/>\n<meta property=\"og:site_name\" content=\"webdo\" \/>\n<meta property=\"article:publisher\" content=\"https:\/\/www.facebook.com\/webdotn\" \/>\n<meta property=\"article:published_time\" content=\"2024-03-08T10:36:00+00:00\" \/>\n<meta property=\"article:modified_time\" content=\"2025-05-20T22:33:32+00:00\" \/>\n<meta property=\"og:image\" content=\"https:\/\/www.webdo.tn\/fr\/wp-content\/uploads\/2024\/03\/474d13f7ac6ad89555f9b2b8dfc08581.png\" \/>\n\t<meta property=\"og:image:width\" content=\"750\" \/>\n\t<meta property=\"og:image:height\" content=\"400\" \/>\n\t<meta property=\"og:image:type\" content=\"image\/png\" \/>\n<meta name=\"author\" content=\"Webdo\" \/>\n<meta name=\"twitter:card\" content=\"summary_large_image\" \/>\n<meta name=\"twitter:creator\" content=\"@webdo_tn\" \/>\n<meta name=\"twitter:site\" content=\"@webdo_tn\" \/>\n<meta name=\"twitter:label1\" content=\"\u00c9crit par\" \/>\n\t<meta name=\"twitter:data1\" content=\"Webdo\" \/>\n\t<meta name=\"twitter:label2\" content=\"Dur\u00e9e de lecture estim\u00e9e\" \/>\n\t<meta name=\"twitter:data2\" content=\"4 minutes\" \/>\n<script type=\"application\/ld+json\" class=\"yoast-schema-graph\">{\"@context\":\"https:\\\/\\\/schema.org\",\"@graph\":[{\"@type\":\"NewsArticle\",\"@id\":\"https:\\\/\\\/www.webdo.tn\\\/fr\\\/actualite\\\/le-courrier-des-lecteurs\\\/la-tunisie-est-un-pays-qui-resonne-du-nom-de-femmes-remarquables\\\/212823\\\/#article\",\"isPartOf\":{\"@id\":\"https:\\\/\\\/www.webdo.tn\\\/fr\\\/actualite\\\/le-courrier-des-lecteurs\\\/la-tunisie-est-un-pays-qui-resonne-du-nom-de-femmes-remarquables\\\/212823\\\/\"},\"author\":{\"name\":\"Webdo\",\"@id\":\"https:\\\/\\\/www.webdo.tn\\\/fr\\\/#\\\/schema\\\/person\\\/1f4e491e0907b413d61089e8eb573acc\"},\"headline\":\"La Tunisie est un pays qui r\u00e9sonne du nom de femmes remarquables\",\"datePublished\":\"2024-03-08T10:36:00+00:00\",\"dateModified\":\"2025-05-20T22:33:32+00:00\",\"mainEntityOfPage\":{\"@id\":\"https:\\\/\\\/www.webdo.tn\\\/fr\\\/actualite\\\/le-courrier-des-lecteurs\\\/la-tunisie-est-un-pays-qui-resonne-du-nom-de-femmes-remarquables\\\/212823\\\/\"},\"wordCount\":833,\"commentCount\":0,\"publisher\":{\"@id\":\"https:\\\/\\\/www.webdo.tn\\\/fr\\\/#organization\"},\"image\":{\"@id\":\"https:\\\/\\\/www.webdo.tn\\\/fr\\\/actualite\\\/le-courrier-des-lecteurs\\\/la-tunisie-est-un-pays-qui-resonne-du-nom-de-femmes-remarquables\\\/212823\\\/#primaryimage\"},\"thumbnailUrl\":\"https:\\\/\\\/www.webdo.tn\\\/fr\\\/wp-content\\\/uploads\\\/2024\\\/03\\\/474d13f7ac6ad89555f9b2b8dfc08581.png\",\"keywords\":[\"droits\",\"femmes\",\"france\",\"Tunisie\"],\"articleSection\":[\"Le courrier des lecteurs\"],\"inLanguage\":\"fr-FR\"},{\"@type\":\"WebPage\",\"@id\":\"https:\\\/\\\/www.webdo.tn\\\/fr\\\/actualite\\\/le-courrier-des-lecteurs\\\/la-tunisie-est-un-pays-qui-resonne-du-nom-de-femmes-remarquables\\\/212823\\\/\",\"url\":\"https:\\\/\\\/www.webdo.tn\\\/fr\\\/actualite\\\/le-courrier-des-lecteurs\\\/la-tunisie-est-un-pays-qui-resonne-du-nom-de-femmes-remarquables\\\/212823\\\/\",\"name\":\"La Tunisie est un pays qui r\u00e9sonne du nom de femmes remarquables\",\"isPartOf\":{\"@id\":\"https:\\\/\\\/www.webdo.tn\\\/fr\\\/#website\"},\"primaryImageOfPage\":{\"@id\":\"https:\\\/\\\/www.webdo.tn\\\/fr\\\/actualite\\\/le-courrier-des-lecteurs\\\/la-tunisie-est-un-pays-qui-resonne-du-nom-de-femmes-remarquables\\\/212823\\\/#primaryimage\"},\"image\":{\"@id\":\"https:\\\/\\\/www.webdo.tn\\\/fr\\\/actualite\\\/le-courrier-des-lecteurs\\\/la-tunisie-est-un-pays-qui-resonne-du-nom-de-femmes-remarquables\\\/212823\\\/#primaryimage\"},\"thumbnailUrl\":\"https:\\\/\\\/www.webdo.tn\\\/fr\\\/wp-content\\\/uploads\\\/2024\\\/03\\\/474d13f7ac6ad89555f9b2b8dfc08581.png\",\"datePublished\":\"2024-03-08T10:36:00+00:00\",\"dateModified\":\"2025-05-20T22:33:32+00:00\",\"description\":\"La Tunisie et la France ont en commun d\u2019avoir beaucoup fait pour la promotion des droits des femmes et de s\u2019\u00eatre mises, \u00e0 plusieurs reprises dans l\u2019histoire, \u00e0...\",\"breadcrumb\":{\"@id\":\"https:\\\/\\\/www.webdo.tn\\\/fr\\\/actualite\\\/le-courrier-des-lecteurs\\\/la-tunisie-est-un-pays-qui-resonne-du-nom-de-femmes-remarquables\\\/212823\\\/#breadcrumb\"},\"inLanguage\":\"fr-FR\",\"potentialAction\":[{\"@type\":\"ReadAction\",\"target\":[\"https:\\\/\\\/www.webdo.tn\\\/fr\\\/actualite\\\/le-courrier-des-lecteurs\\\/la-tunisie-est-un-pays-qui-resonne-du-nom-de-femmes-remarquables\\\/212823\\\/\"]}]},{\"@type\":\"ImageObject\",\"inLanguage\":\"fr-FR\",\"@id\":\"https:\\\/\\\/www.webdo.tn\\\/fr\\\/actualite\\\/le-courrier-des-lecteurs\\\/la-tunisie-est-un-pays-qui-resonne-du-nom-de-femmes-remarquables\\\/212823\\\/#primaryimage\",\"url\":\"https:\\\/\\\/www.webdo.tn\\\/fr\\\/wp-content\\\/uploads\\\/2024\\\/03\\\/474d13f7ac6ad89555f9b2b8dfc08581.png\",\"contentUrl\":\"https:\\\/\\\/www.webdo.tn\\\/fr\\\/wp-content\\\/uploads\\\/2024\\\/03\\\/474d13f7ac6ad89555f9b2b8dfc08581.png\",\"width\":750,\"height\":400,\"caption\":\"La Tunisie est un pays qui r\u00e9sonne du nom de femmes remarquables\"},{\"@type\":\"BreadcrumbList\",\"@id\":\"https:\\\/\\\/www.webdo.tn\\\/fr\\\/actualite\\\/le-courrier-des-lecteurs\\\/la-tunisie-est-un-pays-qui-resonne-du-nom-de-femmes-remarquables\\\/212823\\\/#breadcrumb\",\"itemListElement\":[{\"@type\":\"ListItem\",\"position\":1,\"name\":\"Accueil\",\"item\":\"https:\\\/\\\/www.webdo.tn\\\/fr\\\/\"},{\"@type\":\"ListItem\",\"position\":2,\"name\":\"La Tunisie est un pays qui r\u00e9sonne du nom de femmes remarquables\"}]},{\"@type\":\"WebSite\",\"@id\":\"https:\\\/\\\/www.webdo.tn\\\/fr\\\/#website\",\"url\":\"https:\\\/\\\/www.webdo.tn\\\/fr\\\/\",\"name\":\"webdo\",\"description\":\"Tunisie - News en Tunisie et \u00e0 l&#039;international sur Webdo.tn\",\"publisher\":{\"@id\":\"https:\\\/\\\/www.webdo.tn\\\/fr\\\/#organization\"},\"potentialAction\":[{\"@type\":\"SearchAction\",\"target\":{\"@type\":\"EntryPoint\",\"urlTemplate\":\"https:\\\/\\\/www.webdo.tn\\\/fr\\\/?s={search_term_string}\"},\"query-input\":{\"@type\":\"PropertyValueSpecification\",\"valueRequired\":true,\"valueName\":\"search_term_string\"}}],\"inLanguage\":\"fr-FR\"},{\"@type\":\"Organization\",\"@id\":\"https:\\\/\\\/www.webdo.tn\\\/fr\\\/#organization\",\"name\":\"Webdo\",\"alternateName\":\"Webdo.tn\",\"url\":\"https:\\\/\\\/www.webdo.tn\\\/fr\\\/\",\"logo\":{\"@type\":\"ImageObject\",\"inLanguage\":\"fr-FR\",\"@id\":\"https:\\\/\\\/www.webdo.tn\\\/fr\\\/#\\\/schema\\\/logo\\\/image\\\/\",\"url\":\"https:\\\/\\\/www.webdo.tn\\\/fr\\\/wp-content\\\/uploads\\\/2025\\\/06\\\/Webdo-Tunisie_168377.jpg\",\"contentUrl\":\"https:\\\/\\\/www.webdo.tn\\\/fr\\\/wp-content\\\/uploads\\\/2025\\\/06\\\/Webdo-Tunisie_168377.jpg\",\"width\":301,\"height\":301,\"caption\":\"Webdo\"},\"image\":{\"@id\":\"https:\\\/\\\/www.webdo.tn\\\/fr\\\/#\\\/schema\\\/logo\\\/image\\\/\"},\"sameAs\":[\"https:\\\/\\\/www.facebook.com\\\/webdotn\",\"https:\\\/\\\/x.com\\\/webdo_tn\"],\"description\":\"Webdo est un m\u00e9dia num\u00e9rique tunisien fond\u00e9 en 2010, sp\u00e9cialis\u00e9 dans l\u2019actualit\u00e9 nationale et internationale, l\u2019\u00e9conomie, la soci\u00e9t\u00e9 et les analyses politiques. Le site s\u2019adresse \u00e0 un large public francophone et couvre l\u2019information tunisienne en temps r\u00e9el.\",\"email\":\"redac@webdo.tn\",\"legalName\":\"YNJ SARL\",\"foundingDate\":\"2010-09-06\",\"numberOfEmployees\":{\"@type\":\"QuantitativeValue\",\"minValue\":\"11\",\"maxValue\":\"50\"}},{\"@type\":\"Person\",\"@id\":\"https:\\\/\\\/www.webdo.tn\\\/fr\\\/#\\\/schema\\\/person\\\/1f4e491e0907b413d61089e8eb573acc\",\"name\":\"Webdo\",\"image\":{\"@type\":\"ImageObject\",\"inLanguage\":\"fr-FR\",\"@id\":\"https:\\\/\\\/secure.gravatar.com\\\/avatar\\\/de97aeec1bb80978a9dbb127e47dfc88aaacb2f3c29aac907d8d3222e3495d49?s=96&d=mm&r=g\",\"url\":\"https:\\\/\\\/secure.gravatar.com\\\/avatar\\\/de97aeec1bb80978a9dbb127e47dfc88aaacb2f3c29aac907d8d3222e3495d49?s=96&d=mm&r=g\",\"contentUrl\":\"https:\\\/\\\/secure.gravatar.com\\\/avatar\\\/de97aeec1bb80978a9dbb127e47dfc88aaacb2f3c29aac907d8d3222e3495d49?s=96&d=mm&r=g\",\"caption\":\"Webdo\"},\"url\":\"https:\\\/\\\/www.webdo.tn\\\/fr\\\/actualite\\\/author\\\/webdo\\\/\"}]}<\/script>\n<!-- \/ Yoast SEO Premium plugin. -->","yoast_head_json":{"title":"La Tunisie est un pays qui r\u00e9sonne du nom de femmes remarquables","description":"La Tunisie et la France ont en commun d\u2019avoir beaucoup fait pour la promotion des droits des femmes et de s\u2019\u00eatre mises, \u00e0 plusieurs reprises dans l\u2019histoire, \u00e0...","canonical":"https:\/\/www.webdo.tn\/fr\/actualite\/le-courrier-des-lecteurs\/la-tunisie-est-un-pays-qui-resonne-du-nom-de-femmes-remarquables\/212823\/","og_locale":"fr_FR","og_type":"article","og_title":"La Tunisie est un pays qui r\u00e9sonne du nom de femmes remarquables","og_description":"La Tunisie et la France ont en commun d\u2019avoir beaucoup fait pour la promotion des droits des femmes et de s\u2019\u00eatre mises, \u00e0 plusieurs reprises dans l\u2019histoire, \u00e0...","og_url":"https:\/\/www.webdo.tn\/fr\/actualite\/le-courrier-des-lecteurs\/la-tunisie-est-un-pays-qui-resonne-du-nom-de-femmes-remarquables\/212823\/","og_site_name":"webdo","article_publisher":"https:\/\/www.facebook.com\/webdotn","article_published_time":"2024-03-08T10:36:00+00:00","article_modified_time":"2025-05-20T22:33:32+00:00","og_image":[{"width":750,"height":400,"url":"https:\/\/www.webdo.tn\/fr\/wp-content\/uploads\/2024\/03\/474d13f7ac6ad89555f9b2b8dfc08581.png","type":"image\/png"}],"author":"Webdo","twitter_card":"summary_large_image","twitter_creator":"@webdo_tn","twitter_site":"@webdo_tn","twitter_misc":{"\u00c9crit par":"Webdo","Dur\u00e9e de lecture estim\u00e9e":"4 minutes"},"schema":{"@context":"https:\/\/schema.org","@graph":[{"@type":"NewsArticle","@id":"https:\/\/www.webdo.tn\/fr\/actualite\/le-courrier-des-lecteurs\/la-tunisie-est-un-pays-qui-resonne-du-nom-de-femmes-remarquables\/212823\/#article","isPartOf":{"@id":"https:\/\/www.webdo.tn\/fr\/actualite\/le-courrier-des-lecteurs\/la-tunisie-est-un-pays-qui-resonne-du-nom-de-femmes-remarquables\/212823\/"},"author":{"name":"Webdo","@id":"https:\/\/www.webdo.tn\/fr\/#\/schema\/person\/1f4e491e0907b413d61089e8eb573acc"},"headline":"La Tunisie est un pays qui r\u00e9sonne du nom de femmes remarquables","datePublished":"2024-03-08T10:36:00+00:00","dateModified":"2025-05-20T22:33:32+00:00","mainEntityOfPage":{"@id":"https:\/\/www.webdo.tn\/fr\/actualite\/le-courrier-des-lecteurs\/la-tunisie-est-un-pays-qui-resonne-du-nom-de-femmes-remarquables\/212823\/"},"wordCount":833,"commentCount":0,"publisher":{"@id":"https:\/\/www.webdo.tn\/fr\/#organization"},"image":{"@id":"https:\/\/www.webdo.tn\/fr\/actualite\/le-courrier-des-lecteurs\/la-tunisie-est-un-pays-qui-resonne-du-nom-de-femmes-remarquables\/212823\/#primaryimage"},"thumbnailUrl":"https:\/\/www.webdo.tn\/fr\/wp-content\/uploads\/2024\/03\/474d13f7ac6ad89555f9b2b8dfc08581.png","keywords":["droits","femmes","france","Tunisie"],"articleSection":["Le courrier des lecteurs"],"inLanguage":"fr-FR"},{"@type":"WebPage","@id":"https:\/\/www.webdo.tn\/fr\/actualite\/le-courrier-des-lecteurs\/la-tunisie-est-un-pays-qui-resonne-du-nom-de-femmes-remarquables\/212823\/","url":"https:\/\/www.webdo.tn\/fr\/actualite\/le-courrier-des-lecteurs\/la-tunisie-est-un-pays-qui-resonne-du-nom-de-femmes-remarquables\/212823\/","name":"La Tunisie est un pays qui r\u00e9sonne du nom de femmes remarquables","isPartOf":{"@id":"https:\/\/www.webdo.tn\/fr\/#website"},"primaryImageOfPage":{"@id":"https:\/\/www.webdo.tn\/fr\/actualite\/le-courrier-des-lecteurs\/la-tunisie-est-un-pays-qui-resonne-du-nom-de-femmes-remarquables\/212823\/#primaryimage"},"image":{"@id":"https:\/\/www.webdo.tn\/fr\/actualite\/le-courrier-des-lecteurs\/la-tunisie-est-un-pays-qui-resonne-du-nom-de-femmes-remarquables\/212823\/#primaryimage"},"thumbnailUrl":"https:\/\/www.webdo.tn\/fr\/wp-content\/uploads\/2024\/03\/474d13f7ac6ad89555f9b2b8dfc08581.png","datePublished":"2024-03-08T10:36:00+00:00","dateModified":"2025-05-20T22:33:32+00:00","description":"La Tunisie et la France ont en commun d\u2019avoir beaucoup fait pour la promotion des droits des femmes et de s\u2019\u00eatre mises, \u00e0 plusieurs reprises dans l\u2019histoire, \u00e0...","breadcrumb":{"@id":"https:\/\/www.webdo.tn\/fr\/actualite\/le-courrier-des-lecteurs\/la-tunisie-est-un-pays-qui-resonne-du-nom-de-femmes-remarquables\/212823\/#breadcrumb"},"inLanguage":"fr-FR","potentialAction":[{"@type":"ReadAction","target":["https:\/\/www.webdo.tn\/fr\/actualite\/le-courrier-des-lecteurs\/la-tunisie-est-un-pays-qui-resonne-du-nom-de-femmes-remarquables\/212823\/"]}]},{"@type":"ImageObject","inLanguage":"fr-FR","@id":"https:\/\/www.webdo.tn\/fr\/actualite\/le-courrier-des-lecteurs\/la-tunisie-est-un-pays-qui-resonne-du-nom-de-femmes-remarquables\/212823\/#primaryimage","url":"https:\/\/www.webdo.tn\/fr\/wp-content\/uploads\/2024\/03\/474d13f7ac6ad89555f9b2b8dfc08581.png","contentUrl":"https:\/\/www.webdo.tn\/fr\/wp-content\/uploads\/2024\/03\/474d13f7ac6ad89555f9b2b8dfc08581.png","width":750,"height":400,"caption":"La Tunisie est un pays qui r\u00e9sonne du nom de femmes remarquables"},{"@type":"BreadcrumbList","@id":"https:\/\/www.webdo.tn\/fr\/actualite\/le-courrier-des-lecteurs\/la-tunisie-est-un-pays-qui-resonne-du-nom-de-femmes-remarquables\/212823\/#breadcrumb","itemListElement":[{"@type":"ListItem","position":1,"name":"Accueil","item":"https:\/\/www.webdo.tn\/fr\/"},{"@type":"ListItem","position":2,"name":"La Tunisie est un pays qui r\u00e9sonne du nom de femmes remarquables"}]},{"@type":"WebSite","@id":"https:\/\/www.webdo.tn\/fr\/#website","url":"https:\/\/www.webdo.tn\/fr\/","name":"webdo","description":"Tunisie - News en Tunisie et \u00e0 l&#039;international sur Webdo.tn","publisher":{"@id":"https:\/\/www.webdo.tn\/fr\/#organization"},"potentialAction":[{"@type":"SearchAction","target":{"@type":"EntryPoint","urlTemplate":"https:\/\/www.webdo.tn\/fr\/?s={search_term_string}"},"query-input":{"@type":"PropertyValueSpecification","valueRequired":true,"valueName":"search_term_string"}}],"inLanguage":"fr-FR"},{"@type":"Organization","@id":"https:\/\/www.webdo.tn\/fr\/#organization","name":"Webdo","alternateName":"Webdo.tn","url":"https:\/\/www.webdo.tn\/fr\/","logo":{"@type":"ImageObject","inLanguage":"fr-FR","@id":"https:\/\/www.webdo.tn\/fr\/#\/schema\/logo\/image\/","url":"https:\/\/www.webdo.tn\/fr\/wp-content\/uploads\/2025\/06\/Webdo-Tunisie_168377.jpg","contentUrl":"https:\/\/www.webdo.tn\/fr\/wp-content\/uploads\/2025\/06\/Webdo-Tunisie_168377.jpg","width":301,"height":301,"caption":"Webdo"},"image":{"@id":"https:\/\/www.webdo.tn\/fr\/#\/schema\/logo\/image\/"},"sameAs":["https:\/\/www.facebook.com\/webdotn","https:\/\/x.com\/webdo_tn"],"description":"Webdo est un m\u00e9dia num\u00e9rique tunisien fond\u00e9 en 2010, sp\u00e9cialis\u00e9 dans l\u2019actualit\u00e9 nationale et internationale, l\u2019\u00e9conomie, la soci\u00e9t\u00e9 et les analyses politiques. Le site s\u2019adresse \u00e0 un large public francophone et couvre l\u2019information tunisienne en temps r\u00e9el.","email":"redac@webdo.tn","legalName":"YNJ SARL","foundingDate":"2010-09-06","numberOfEmployees":{"@type":"QuantitativeValue","minValue":"11","maxValue":"50"}},{"@type":"Person","@id":"https:\/\/www.webdo.tn\/fr\/#\/schema\/person\/1f4e491e0907b413d61089e8eb573acc","name":"Webdo","image":{"@type":"ImageObject","inLanguage":"fr-FR","@id":"https:\/\/secure.gravatar.com\/avatar\/de97aeec1bb80978a9dbb127e47dfc88aaacb2f3c29aac907d8d3222e3495d49?s=96&d=mm&r=g","url":"https:\/\/secure.gravatar.com\/avatar\/de97aeec1bb80978a9dbb127e47dfc88aaacb2f3c29aac907d8d3222e3495d49?s=96&d=mm&r=g","contentUrl":"https:\/\/secure.gravatar.com\/avatar\/de97aeec1bb80978a9dbb127e47dfc88aaacb2f3c29aac907d8d3222e3495d49?s=96&d=mm&r=g","caption":"Webdo"},"url":"https:\/\/www.webdo.tn\/fr\/actualite\/author\/webdo\/"}]}},"_links":{"self":[{"href":"https:\/\/www.webdo.tn\/fr\/wp-json\/wp\/v2\/posts\/212823","targetHints":{"allow":["GET"]}}],"collection":[{"href":"https:\/\/www.webdo.tn\/fr\/wp-json\/wp\/v2\/posts"}],"about":[{"href":"https:\/\/www.webdo.tn\/fr\/wp-json\/wp\/v2\/types\/post"}],"author":[{"embeddable":true,"href":"https:\/\/www.webdo.tn\/fr\/wp-json\/wp\/v2\/users\/3169"}],"replies":[{"embeddable":true,"href":"https:\/\/www.webdo.tn\/fr\/wp-json\/wp\/v2\/comments?post=212823"}],"version-history":[{"count":0,"href":"https:\/\/www.webdo.tn\/fr\/wp-json\/wp\/v2\/posts\/212823\/revisions"}],"wp:featuredmedia":[{"embeddable":true,"href":"https:\/\/www.webdo.tn\/fr\/wp-json\/wp\/v2\/media\/290323"}],"wp:attachment":[{"href":"https:\/\/www.webdo.tn\/fr\/wp-json\/wp\/v2\/media?parent=212823"}],"wp:term":[{"taxonomy":"category","embeddable":true,"href":"https:\/\/www.webdo.tn\/fr\/wp-json\/wp\/v2\/categories?post=212823"},{"taxonomy":"post_tag","embeddable":true,"href":"https:\/\/www.webdo.tn\/fr\/wp-json\/wp\/v2\/tags?post=212823"}],"curies":[{"name":"wp","href":"https:\/\/api.w.org\/{rel}","templated":true}]}}