{"id":212816,"date":"2024-03-07T22:45:00","date_gmt":"2024-03-07T21:45:00","guid":{"rendered":"https:\/\/www.webdo.tn\/fr\/actualite\/national\/tunisie-les-horaires-scolaires-pendant-le-ramadan\/212816"},"modified":"2024-03-07T22:45:00","modified_gmt":"2024-03-07T21:45:00","slug":"tunisie-les-horaires-scolaires-pendant-le-ramadan","status":"publish","type":"post","link":"https:\/\/www.webdo.tn\/fr\/actualite\/national\/tunisie-les-horaires-scolaires-pendant-le-ramadan\/212816\/","title":{"rendered":"Tunisie : Les horaires scolaires pendant le Ramadan"},"content":{"rendered":"<p>Le minist\u00e8re de l\u2019\u00e9ducation a d\u00e9voil\u00e9 les horaires scolaires \u00e0 adopter dans les \u00e9coles et lyc\u00e9es publics et priv\u00e9s pendant le mois saint du Ramadan 2024.<\/p>\n<p>\t\t\t\t\t\t\t\t\tLes cours d\u00e9buteront \u00e0 8h00 du matin et prendront fin 15h50. Ils se d\u00e9rouleront sur cinq s\u00e9ances comme suit :<\/p>\n<p>\tPremi\u00e8re s\u00e9ance : de 8h \u00e0 9h40<br \/>\n\tUne pause de dix minutes entre 9h40 et 9h50\u00a0<br \/>\n\tDeuxi\u00e8me s\u00e9ance : de 9h50 \u00e0 11h30\u00a0<br \/>\n\tTroisi\u00e8me s\u00e9ance : de 11h30 \u00e0 12h20<br \/>\n\tQuatri\u00e8me s\u00e9ance de 12h20 \u00e0 14h<br \/>\n\tUne pause de dix minutes entre 14h et 14h10<br \/>\n\tCinqui\u00e8me s\u00e9ance : de 14h10 \u00e0 15h50<\/p>\n","protected":false},"excerpt":{"rendered":"<p>Le minist\u00e8re de l\u2019\u00e9ducation a d\u00e9voil\u00e9 les horaires scolaires \u00e0 adopter dans les \u00e9coles et lyc\u00e9es publics et priv\u00e9s pendant le mois saint du Ramad<\/p>\n","protected":false},"author":3182,"featured_media":370359,"comment_status":"open","ping_status":"open","sticky":false,"template":"","format":"standard","meta":{"footnotes":""},"categories":[44],"tags":[2828,3512,2608],"class_list":["post-212816","post","type-post","status-publish","format-standard","has-post-thumbnail","hentry","category-national","tag-enseignement","tag-ramadan","tag-tunisie"],"yoast_head":"<!-- This site is optimized with the Yoast SEO Premium plugin v27.5 (Yoast SEO v27.5) - https:\/\/yoast.com\/product\/yoast-seo-premium-wordpress\/ -->\n<title>Tunisie : Les horaires scolaires pendant le Ramadan<\/title>\n<meta name=\"description\" content=\"Les cours d\u00e9buteront \u00e0 8h00 du matin et prendront fin 15h50.\" \/>\n<link rel=\"canonical\" href=\"https:\/\/www.webdo.tn\/fr\/actualite\/national\/tunisie-les-horaires-scolaires-pendant-le-ramadan\/212816\/\" \/>\n<meta property=\"og:locale\" content=\"fr_FR\" \/>\n<meta property=\"og:type\" content=\"article\" \/>\n<meta property=\"og:title\" content=\"Tunisie : Les horaires scolaires pendant le Ramadan\" \/>\n<meta property=\"og:description\" content=\"Les cours d\u00e9buteront \u00e0 8h00 du matin et prendront fin 15h50.\" \/>\n<meta property=\"og:url\" content=\"https:\/\/www.webdo.tn\/fr\/actualite\/national\/tunisie-les-horaires-scolaires-pendant-le-ramadan\/212816\/\" \/>\n<meta property=\"og:site_name\" content=\"webdo\" \/>\n<meta property=\"article:publisher\" content=\"https:\/\/www.facebook.com\/webdotn\" \/>\n<meta property=\"article:published_time\" content=\"2024-03-07T21:45:00+00:00\" \/>\n<meta property=\"og:image\" content=\"https:\/\/www.webdo.tn\/fr\/wp-content\/uploads\/2025\/06\/5ad26b0f266e8ba1bde35ab4bea41574_212816.jpg\" \/>\n\t<meta property=\"og:image:width\" content=\"664\" \/>\n\t<meta property=\"og:image:height\" content=\"354\" \/>\n\t<meta property=\"og:image:type\" content=\"image\/jpeg\" \/>\n<meta name=\"author\" content=\"WB\" \/>\n<meta name=\"twitter:card\" content=\"summary_large_image\" \/>\n<meta name=\"twitter:creator\" content=\"@webdo_tn\" \/>\n<meta name=\"twitter:site\" content=\"@webdo_tn\" \/>\n<meta name=\"twitter:label1\" content=\"\u00c9crit par\" \/>\n\t<meta name=\"twitter:data1\" content=\"WB\" \/>\n\t<meta name=\"twitter:label2\" content=\"Dur\u00e9e de lecture estim\u00e9e\" \/>\n\t<meta name=\"twitter:data2\" content=\"1 minute\" \/>\n<script type=\"application\/ld+json\" class=\"yoast-schema-graph\">{\"@context\":\"https:\\\/\\\/schema.org\",\"@graph\":[{\"@type\":\"NewsArticle\",\"@id\":\"https:\\\/\\\/www.webdo.tn\\\/fr\\\/actualite\\\/national\\\/tunisie-les-horaires-scolaires-pendant-le-ramadan\\\/212816\\\/#article\",\"isPartOf\":{\"@id\":\"https:\\\/\\\/www.webdo.tn\\\/fr\\\/actualite\\\/national\\\/tunisie-les-horaires-scolaires-pendant-le-ramadan\\\/212816\\\/\"},\"author\":{\"name\":\"WB\",\"@id\":\"https:\\\/\\\/www.webdo.tn\\\/fr\\\/#\\\/schema\\\/person\\\/f16bf91e3b3c6347371884777659f9d8\"},\"headline\":\"Tunisie : Les horaires scolaires pendant le Ramadan\",\"datePublished\":\"2024-03-07T21:45:00+00:00\",\"mainEntityOfPage\":{\"@id\":\"https:\\\/\\\/www.webdo.tn\\\/fr\\\/actualite\\\/national\\\/tunisie-les-horaires-scolaires-pendant-le-ramadan\\\/212816\\\/\"},\"wordCount\":110,\"commentCount\":0,\"publisher\":{\"@id\":\"https:\\\/\\\/www.webdo.tn\\\/fr\\\/#organization\"},\"image\":{\"@id\":\"https:\\\/\\\/www.webdo.tn\\\/fr\\\/actualite\\\/national\\\/tunisie-les-horaires-scolaires-pendant-le-ramadan\\\/212816\\\/#primaryimage\"},\"thumbnailUrl\":\"https:\\\/\\\/www.webdo.tn\\\/fr\\\/wp-content\\\/uploads\\\/2025\\\/06\\\/5ad26b0f266e8ba1bde35ab4bea41574_212816.jpg\",\"keywords\":[\"enseignement\",\"ramadan\",\"Tunisie\"],\"articleSection\":[\"National\"],\"inLanguage\":\"fr-FR\"},{\"@type\":\"WebPage\",\"@id\":\"https:\\\/\\\/www.webdo.tn\\\/fr\\\/actualite\\\/national\\\/tunisie-les-horaires-scolaires-pendant-le-ramadan\\\/212816\\\/\",\"url\":\"https:\\\/\\\/www.webdo.tn\\\/fr\\\/actualite\\\/national\\\/tunisie-les-horaires-scolaires-pendant-le-ramadan\\\/212816\\\/\",\"name\":\"Tunisie : Les horaires scolaires pendant le Ramadan\",\"isPartOf\":{\"@id\":\"https:\\\/\\\/www.webdo.tn\\\/fr\\\/#website\"},\"primaryImageOfPage\":{\"@id\":\"https:\\\/\\\/www.webdo.tn\\\/fr\\\/actualite\\\/national\\\/tunisie-les-horaires-scolaires-pendant-le-ramadan\\\/212816\\\/#primaryimage\"},\"image\":{\"@id\":\"https:\\\/\\\/www.webdo.tn\\\/fr\\\/actualite\\\/national\\\/tunisie-les-horaires-scolaires-pendant-le-ramadan\\\/212816\\\/#primaryimage\"},\"thumbnailUrl\":\"https:\\\/\\\/www.webdo.tn\\\/fr\\\/wp-content\\\/uploads\\\/2025\\\/06\\\/5ad26b0f266e8ba1bde35ab4bea41574_212816.jpg\",\"datePublished\":\"2024-03-07T21:45:00+00:00\",\"description\":\"Les cours d\u00e9buteront \u00e0 8h00 du matin et prendront fin 15h50.\",\"breadcrumb\":{\"@id\":\"https:\\\/\\\/www.webdo.tn\\\/fr\\\/actualite\\\/national\\\/tunisie-les-horaires-scolaires-pendant-le-ramadan\\\/212816\\\/#breadcrumb\"},\"inLanguage\":\"fr-FR\",\"potentialAction\":[{\"@type\":\"ReadAction\",\"target\":[\"https:\\\/\\\/www.webdo.tn\\\/fr\\\/actualite\\\/national\\\/tunisie-les-horaires-scolaires-pendant-le-ramadan\\\/212816\\\/\"]}]},{\"@type\":\"ImageObject\",\"inLanguage\":\"fr-FR\",\"@id\":\"https:\\\/\\\/www.webdo.tn\\\/fr\\\/actualite\\\/national\\\/tunisie-les-horaires-scolaires-pendant-le-ramadan\\\/212816\\\/#primaryimage\",\"url\":\"https:\\\/\\\/www.webdo.tn\\\/fr\\\/wp-content\\\/uploads\\\/2025\\\/06\\\/5ad26b0f266e8ba1bde35ab4bea41574_212816.jpg\",\"contentUrl\":\"https:\\\/\\\/www.webdo.tn\\\/fr\\\/wp-content\\\/uploads\\\/2025\\\/06\\\/5ad26b0f266e8ba1bde35ab4bea41574_212816.jpg\",\"width\":664,\"height\":354,\"caption\":\"enseignement\"},{\"@type\":\"BreadcrumbList\",\"@id\":\"https:\\\/\\\/www.webdo.tn\\\/fr\\\/actualite\\\/national\\\/tunisie-les-horaires-scolaires-pendant-le-ramadan\\\/212816\\\/#breadcrumb\",\"itemListElement\":[{\"@type\":\"ListItem\",\"position\":1,\"name\":\"Accueil\",\"item\":\"https:\\\/\\\/www.webdo.tn\\\/fr\\\/\"},{\"@type\":\"ListItem\",\"position\":2,\"name\":\"Tunisie : Les horaires scolaires pendant le Ramadan\"}]},{\"@type\":\"WebSite\",\"@id\":\"https:\\\/\\\/www.webdo.tn\\\/fr\\\/#website\",\"url\":\"https:\\\/\\\/www.webdo.tn\\\/fr\\\/\",\"name\":\"webdo\",\"description\":\"Tunisie - News en Tunisie et \u00e0 l&#039;international sur Webdo.tn\",\"publisher\":{\"@id\":\"https:\\\/\\\/www.webdo.tn\\\/fr\\\/#organization\"},\"potentialAction\":[{\"@type\":\"SearchAction\",\"target\":{\"@type\":\"EntryPoint\",\"urlTemplate\":\"https:\\\/\\\/www.webdo.tn\\\/fr\\\/?s={search_term_string}\"},\"query-input\":{\"@type\":\"PropertyValueSpecification\",\"valueRequired\":true,\"valueName\":\"search_term_string\"}}],\"inLanguage\":\"fr-FR\"},{\"@type\":\"Organization\",\"@id\":\"https:\\\/\\\/www.webdo.tn\\\/fr\\\/#organization\",\"name\":\"Webdo\",\"alternateName\":\"Webdo.tn\",\"url\":\"https:\\\/\\\/www.webdo.tn\\\/fr\\\/\",\"logo\":{\"@type\":\"ImageObject\",\"inLanguage\":\"fr-FR\",\"@id\":\"https:\\\/\\\/www.webdo.tn\\\/fr\\\/#\\\/schema\\\/logo\\\/image\\\/\",\"url\":\"https:\\\/\\\/www.webdo.tn\\\/fr\\\/wp-content\\\/uploads\\\/2025\\\/06\\\/Webdo-Tunisie_168377.jpg\",\"contentUrl\":\"https:\\\/\\\/www.webdo.tn\\\/fr\\\/wp-content\\\/uploads\\\/2025\\\/06\\\/Webdo-Tunisie_168377.jpg\",\"width\":301,\"height\":301,\"caption\":\"Webdo\"},\"image\":{\"@id\":\"https:\\\/\\\/www.webdo.tn\\\/fr\\\/#\\\/schema\\\/logo\\\/image\\\/\"},\"sameAs\":[\"https:\\\/\\\/www.facebook.com\\\/webdotn\",\"https:\\\/\\\/x.com\\\/webdo_tn\"],\"description\":\"Webdo est un m\u00e9dia num\u00e9rique tunisien fond\u00e9 en 2010, sp\u00e9cialis\u00e9 dans l\u2019actualit\u00e9 nationale et internationale, l\u2019\u00e9conomie, la soci\u00e9t\u00e9 et les analyses politiques. Le site s\u2019adresse \u00e0 un large public francophone et couvre l\u2019information tunisienne en temps r\u00e9el.\",\"email\":\"redac@webdo.tn\",\"legalName\":\"YNJ SARL\",\"foundingDate\":\"2010-09-06\",\"numberOfEmployees\":{\"@type\":\"QuantitativeValue\",\"minValue\":\"11\",\"maxValue\":\"50\"}},{\"@type\":\"Person\",\"@id\":\"https:\\\/\\\/www.webdo.tn\\\/fr\\\/#\\\/schema\\\/person\\\/f16bf91e3b3c6347371884777659f9d8\",\"name\":\"WB\",\"image\":{\"@type\":\"ImageObject\",\"inLanguage\":\"fr-FR\",\"@id\":\"https:\\\/\\\/secure.gravatar.com\\\/avatar\\\/fd3caf00dbfd4b6d6ce43e8ea4748ed2e4d0fae2c3a87c1e2f6ba0a54c3ab5cb?s=96&d=mm&r=g\",\"url\":\"https:\\\/\\\/secure.gravatar.com\\\/avatar\\\/fd3caf00dbfd4b6d6ce43e8ea4748ed2e4d0fae2c3a87c1e2f6ba0a54c3ab5cb?s=96&d=mm&r=g\",\"contentUrl\":\"https:\\\/\\\/secure.gravatar.com\\\/avatar\\\/fd3caf00dbfd4b6d6ce43e8ea4748ed2e4d0fae2c3a87c1e2f6ba0a54c3ab5cb?s=96&d=mm&r=g\",\"caption\":\"WB\"},\"url\":\"https:\\\/\\\/www.webdo.tn\\\/fr\\\/actualite\\\/author\\\/wb\\\/\"}]}<\/script>\n<!-- \/ Yoast SEO Premium plugin. -->","yoast_head_json":{"title":"Tunisie : Les horaires scolaires pendant le Ramadan","description":"Les cours d\u00e9buteront \u00e0 8h00 du matin et prendront fin 15h50.","canonical":"https:\/\/www.webdo.tn\/fr\/actualite\/national\/tunisie-les-horaires-scolaires-pendant-le-ramadan\/212816\/","og_locale":"fr_FR","og_type":"article","og_title":"Tunisie : Les horaires scolaires pendant le Ramadan","og_description":"Les cours d\u00e9buteront \u00e0 8h00 du matin et prendront fin 15h50.","og_url":"https:\/\/www.webdo.tn\/fr\/actualite\/national\/tunisie-les-horaires-scolaires-pendant-le-ramadan\/212816\/","og_site_name":"webdo","article_publisher":"https:\/\/www.facebook.com\/webdotn","article_published_time":"2024-03-07T21:45:00+00:00","og_image":[{"width":664,"height":354,"url":"https:\/\/www.webdo.tn\/fr\/wp-content\/uploads\/2025\/06\/5ad26b0f266e8ba1bde35ab4bea41574_212816.jpg","type":"image\/jpeg"}],"author":"WB","twitter_card":"summary_large_image","twitter_creator":"@webdo_tn","twitter_site":"@webdo_tn","twitter_misc":{"\u00c9crit par":"WB","Dur\u00e9e de lecture estim\u00e9e":"1 minute"},"schema":{"@context":"https:\/\/schema.org","@graph":[{"@type":"NewsArticle","@id":"https:\/\/www.webdo.tn\/fr\/actualite\/national\/tunisie-les-horaires-scolaires-pendant-le-ramadan\/212816\/#article","isPartOf":{"@id":"https:\/\/www.webdo.tn\/fr\/actualite\/national\/tunisie-les-horaires-scolaires-pendant-le-ramadan\/212816\/"},"author":{"name":"WB","@id":"https:\/\/www.webdo.tn\/fr\/#\/schema\/person\/f16bf91e3b3c6347371884777659f9d8"},"headline":"Tunisie : Les horaires scolaires pendant le Ramadan","datePublished":"2024-03-07T21:45:00+00:00","mainEntityOfPage":{"@id":"https:\/\/www.webdo.tn\/fr\/actualite\/national\/tunisie-les-horaires-scolaires-pendant-le-ramadan\/212816\/"},"wordCount":110,"commentCount":0,"publisher":{"@id":"https:\/\/www.webdo.tn\/fr\/#organization"},"image":{"@id":"https:\/\/www.webdo.tn\/fr\/actualite\/national\/tunisie-les-horaires-scolaires-pendant-le-ramadan\/212816\/#primaryimage"},"thumbnailUrl":"https:\/\/www.webdo.tn\/fr\/wp-content\/uploads\/2025\/06\/5ad26b0f266e8ba1bde35ab4bea41574_212816.jpg","keywords":["enseignement","ramadan","Tunisie"],"articleSection":["National"],"inLanguage":"fr-FR"},{"@type":"WebPage","@id":"https:\/\/www.webdo.tn\/fr\/actualite\/national\/tunisie-les-horaires-scolaires-pendant-le-ramadan\/212816\/","url":"https:\/\/www.webdo.tn\/fr\/actualite\/national\/tunisie-les-horaires-scolaires-pendant-le-ramadan\/212816\/","name":"Tunisie : Les horaires scolaires pendant le Ramadan","isPartOf":{"@id":"https:\/\/www.webdo.tn\/fr\/#website"},"primaryImageOfPage":{"@id":"https:\/\/www.webdo.tn\/fr\/actualite\/national\/tunisie-les-horaires-scolaires-pendant-le-ramadan\/212816\/#primaryimage"},"image":{"@id":"https:\/\/www.webdo.tn\/fr\/actualite\/national\/tunisie-les-horaires-scolaires-pendant-le-ramadan\/212816\/#primaryimage"},"thumbnailUrl":"https:\/\/www.webdo.tn\/fr\/wp-content\/uploads\/2025\/06\/5ad26b0f266e8ba1bde35ab4bea41574_212816.jpg","datePublished":"2024-03-07T21:45:00+00:00","description":"Les cours d\u00e9buteront \u00e0 8h00 du matin et prendront fin 15h50.","breadcrumb":{"@id":"https:\/\/www.webdo.tn\/fr\/actualite\/national\/tunisie-les-horaires-scolaires-pendant-le-ramadan\/212816\/#breadcrumb"},"inLanguage":"fr-FR","potentialAction":[{"@type":"ReadAction","target":["https:\/\/www.webdo.tn\/fr\/actualite\/national\/tunisie-les-horaires-scolaires-pendant-le-ramadan\/212816\/"]}]},{"@type":"ImageObject","inLanguage":"fr-FR","@id":"https:\/\/www.webdo.tn\/fr\/actualite\/national\/tunisie-les-horaires-scolaires-pendant-le-ramadan\/212816\/#primaryimage","url":"https:\/\/www.webdo.tn\/fr\/wp-content\/uploads\/2025\/06\/5ad26b0f266e8ba1bde35ab4bea41574_212816.jpg","contentUrl":"https:\/\/www.webdo.tn\/fr\/wp-content\/uploads\/2025\/06\/5ad26b0f266e8ba1bde35ab4bea41574_212816.jpg","width":664,"height":354,"caption":"enseignement"},{"@type":"BreadcrumbList","@id":"https:\/\/www.webdo.tn\/fr\/actualite\/national\/tunisie-les-horaires-scolaires-pendant-le-ramadan\/212816\/#breadcrumb","itemListElement":[{"@type":"ListItem","position":1,"name":"Accueil","item":"https:\/\/www.webdo.tn\/fr\/"},{"@type":"ListItem","position":2,"name":"Tunisie : Les horaires scolaires pendant le Ramadan"}]},{"@type":"WebSite","@id":"https:\/\/www.webdo.tn\/fr\/#website","url":"https:\/\/www.webdo.tn\/fr\/","name":"webdo","description":"Tunisie - News en Tunisie et \u00e0 l&#039;international sur Webdo.tn","publisher":{"@id":"https:\/\/www.webdo.tn\/fr\/#organization"},"potentialAction":[{"@type":"SearchAction","target":{"@type":"EntryPoint","urlTemplate":"https:\/\/www.webdo.tn\/fr\/?s={search_term_string}"},"query-input":{"@type":"PropertyValueSpecification","valueRequired":true,"valueName":"search_term_string"}}],"inLanguage":"fr-FR"},{"@type":"Organization","@id":"https:\/\/www.webdo.tn\/fr\/#organization","name":"Webdo","alternateName":"Webdo.tn","url":"https:\/\/www.webdo.tn\/fr\/","logo":{"@type":"ImageObject","inLanguage":"fr-FR","@id":"https:\/\/www.webdo.tn\/fr\/#\/schema\/logo\/image\/","url":"https:\/\/www.webdo.tn\/fr\/wp-content\/uploads\/2025\/06\/Webdo-Tunisie_168377.jpg","contentUrl":"https:\/\/www.webdo.tn\/fr\/wp-content\/uploads\/2025\/06\/Webdo-Tunisie_168377.jpg","width":301,"height":301,"caption":"Webdo"},"image":{"@id":"https:\/\/www.webdo.tn\/fr\/#\/schema\/logo\/image\/"},"sameAs":["https:\/\/www.facebook.com\/webdotn","https:\/\/x.com\/webdo_tn"],"description":"Webdo est un m\u00e9dia num\u00e9rique tunisien fond\u00e9 en 2010, sp\u00e9cialis\u00e9 dans l\u2019actualit\u00e9 nationale et internationale, l\u2019\u00e9conomie, la soci\u00e9t\u00e9 et les analyses politiques. Le site s\u2019adresse \u00e0 un large public francophone et couvre l\u2019information tunisienne en temps r\u00e9el.","email":"redac@webdo.tn","legalName":"YNJ SARL","foundingDate":"2010-09-06","numberOfEmployees":{"@type":"QuantitativeValue","minValue":"11","maxValue":"50"}},{"@type":"Person","@id":"https:\/\/www.webdo.tn\/fr\/#\/schema\/person\/f16bf91e3b3c6347371884777659f9d8","name":"WB","image":{"@type":"ImageObject","inLanguage":"fr-FR","@id":"https:\/\/secure.gravatar.com\/avatar\/fd3caf00dbfd4b6d6ce43e8ea4748ed2e4d0fae2c3a87c1e2f6ba0a54c3ab5cb?s=96&d=mm&r=g","url":"https:\/\/secure.gravatar.com\/avatar\/fd3caf00dbfd4b6d6ce43e8ea4748ed2e4d0fae2c3a87c1e2f6ba0a54c3ab5cb?s=96&d=mm&r=g","contentUrl":"https:\/\/secure.gravatar.com\/avatar\/fd3caf00dbfd4b6d6ce43e8ea4748ed2e4d0fae2c3a87c1e2f6ba0a54c3ab5cb?s=96&d=mm&r=g","caption":"WB"},"url":"https:\/\/www.webdo.tn\/fr\/actualite\/author\/wb\/"}]}},"_links":{"self":[{"href":"https:\/\/www.webdo.tn\/fr\/wp-json\/wp\/v2\/posts\/212816","targetHints":{"allow":["GET"]}}],"collection":[{"href":"https:\/\/www.webdo.tn\/fr\/wp-json\/wp\/v2\/posts"}],"about":[{"href":"https:\/\/www.webdo.tn\/fr\/wp-json\/wp\/v2\/types\/post"}],"author":[{"embeddable":true,"href":"https:\/\/www.webdo.tn\/fr\/wp-json\/wp\/v2\/users\/3182"}],"replies":[{"embeddable":true,"href":"https:\/\/www.webdo.tn\/fr\/wp-json\/wp\/v2\/comments?post=212816"}],"version-history":[{"count":0,"href":"https:\/\/www.webdo.tn\/fr\/wp-json\/wp\/v2\/posts\/212816\/revisions"}],"wp:featuredmedia":[{"embeddable":true,"href":"https:\/\/www.webdo.tn\/fr\/wp-json\/wp\/v2\/media\/370359"}],"wp:attachment":[{"href":"https:\/\/www.webdo.tn\/fr\/wp-json\/wp\/v2\/media?parent=212816"}],"wp:term":[{"taxonomy":"category","embeddable":true,"href":"https:\/\/www.webdo.tn\/fr\/wp-json\/wp\/v2\/categories?post=212816"},{"taxonomy":"post_tag","embeddable":true,"href":"https:\/\/www.webdo.tn\/fr\/wp-json\/wp\/v2\/tags?post=212816"}],"curies":[{"name":"wp","href":"https:\/\/api.w.org\/{rel}","templated":true}]}}