{"id":212798,"date":"2024-03-07T09:23:00","date_gmt":"2024-03-07T09:23:00","guid":{"rendered":"https:\/\/www.webdo.tn\/fr\/blog\/le-roi-d-espagne-et-ces-tables-de-memoire-espagnole\/212798\/"},"modified":"2024-03-07T09:23:00","modified_gmt":"2024-03-07T09:23:00","slug":"le-roi-d-espagne-et-ces-tables-de-memoire-espagnole","status":"publish","type":"post","link":"https:\/\/www.webdo.tn\/fr\/actualite\/chroniques\/le-roi-d-espagne-et-ces-tables-de-memoire-espagnole\/212798\/","title":{"rendered":"Le Roi d&rsquo;Espagne et ces tables de m\u00e9moire espagnole"},"content":{"rendered":"<p>Si la plupart des restaurants fond\u00e9s par des Espagnols \u00e0 Tunis ont disparu, ils demeurent pr\u00e9sents dans nos m\u00e9moires et la tradition orale.<\/p>\n<p>\t\t\t\t\t\t\t\t\tA Tunis, les enseignes de restaurants et aussi de brasseries, ont parfois une consonance ou une r\u00e9f\u00e9rence espagnole. Ces lieux ont g\u00e9n\u00e9ralement \u00e9t\u00e9 fond\u00e9s par des familles espagnoles install\u00e9es de longue date ou bien par des exil\u00e9s politiques arriv\u00e9s en Tunisie au vingti\u00e8me si\u00e8cle.<\/p>\n<p>De ces nombreux espaces de vie, il ne reste que la m\u00e9moire des anciens, de rares photos et la tradition orale. Seul le restaurant Le Roi d&rsquo;Espagne, au centre-ville de Tunis, est encore actif et t\u00e9moigne de cette r\u00e9alit\u00e9.<\/p>\n<p>Ce restaurant se trouve \u00e0 la rue L\u00e9nine et occupe le rez-de-chauss\u00e9e d&rsquo;un immeuble. On y entre par deux portes diff\u00e9rentes qui sont s\u00e9par\u00e9es par l&rsquo;entr\u00e9e du b\u00e2timent. Et si la carte garde des r\u00e9miniscences espagnoles, il fut un temps o\u00f9 ce restaurant fut c\u00e9l\u00e9bre pour ses paellas et ses omelettes.<\/p>\n<p>Plusieurs autres tables espagnoles m\u00e9ritent d&rsquo;\u00eatre mentionn\u00e9es. A commencer par le Bol\u00e9ro qui \u00e9tait tenu par la famille Garcia et existe encore de nos jours avec des patrons tunisiens.<\/p>\n<p>Le Bosphore a lui aussi compt\u00e9 sur la tradition espagnole. Sous cette enseigne, m\u00eame le personnel de salle et de cuisine \u00e9tait originaire d&rsquo;Espagne. Citons aussi La Bonne Table qui se trouve encore \u00e0 l&rsquo;entr\u00e9e de la rue de la Commission, mais sous un autre nom.<\/p>\n<p>Ce dernier restaurant \u00e9tait tenu par une famille basque et jouissait d&rsquo;une grande popularit\u00e9 gr\u00e2ce au prix de ses menus du jour qui plus est, \u00e9taient g\u00e9n\u00e9reux.<\/p>\n<p>Citons aussi quelques bars \u00e0 l&rsquo;image du Don Camillo, avenue de Paris, et du Prado qui s&rsquo;est longtemps situ\u00e9 \u00e0 la rue d&rsquo;Espagne.<\/p>\n<p>La liste est encore longue avec par exemple La Posada, une auberge qui se trouvait \u00e0 l&rsquo;entr\u00e9e de la rue de la Kasbah. On peut d&rsquo;ailleurs ajouter \u00e0 cette premi\u00e8re \u00e9num\u00e9ration, la p\u00e2tisserie La Parisienne fond\u00e9e par la famille catalane des Girv\u00e8s et d&rsquo;autres enseignes encore.<\/p>\n<p>Nous y reviendrons !<\/p>\n","protected":false},"excerpt":{"rendered":"<p>A Tunis, les enseignes de restaurants et aussi de brasseries, ont parfois une consonance ou une r\u00e9f\u00e9rence espagnole. Ces lieux ont g\u00e9n\u00e9ralement \u00e9t\u00e9 fond\u00e9s par d&#8230;<\/p>\n","protected":false},"author":3229,"featured_media":247831,"comment_status":"open","ping_status":"closed","sticky":false,"template":"","format":"standard","meta":{"footnotes":""},"categories":[2596],"tags":[6892,4405,6891,2823,2640,2608],"class_list":["post-212798","post","type-post","status-publish","format-standard","has-post-thumbnail","hentry","category-chroniques","tag-bar","tag-centre-ville","tag-enseigne","tag-restaurant","tag-tunis","tag-tunisie"],"yoast_head":"<!-- This site is optimized with the Yoast SEO Premium plugin v27.5 (Yoast SEO v27.5) - https:\/\/yoast.com\/product\/yoast-seo-premium-wordpress\/ -->\n<title>Le Roi d&#039;Espagne et ces tables de m\u00e9moire espagnole<\/title>\n<meta name=\"description\" content=\"A Tunis, les enseignes de restaurants et aussi de brasseries, ont parfois une consonance ou une r\u00e9f\u00e9rence espagnole. Ces lieux ont g\u00e9n\u00e9ralement \u00e9t\u00e9 fond\u00e9s par d...\" \/>\n<link rel=\"canonical\" href=\"https:\/\/www.webdo.tn\/fr\/actualite\/chroniques\/le-roi-d-espagne-et-ces-tables-de-memoire-espagnole\/212798\/\" \/>\n<meta property=\"og:locale\" content=\"fr_FR\" \/>\n<meta property=\"og:type\" content=\"article\" \/>\n<meta property=\"og:title\" content=\"Le Roi d&#039;Espagne et ces tables de m\u00e9moire espagnole\" \/>\n<meta property=\"og:description\" content=\"A Tunis, les enseignes de restaurants et aussi de brasseries, ont parfois une consonance ou une r\u00e9f\u00e9rence espagnole. Ces lieux ont g\u00e9n\u00e9ralement \u00e9t\u00e9 fond\u00e9s par d...\" \/>\n<meta property=\"og:url\" content=\"https:\/\/www.webdo.tn\/fr\/actualite\/chroniques\/le-roi-d-espagne-et-ces-tables-de-memoire-espagnole\/212798\/\" \/>\n<meta property=\"og:site_name\" content=\"webdo\" \/>\n<meta property=\"article:publisher\" content=\"https:\/\/www.facebook.com\/webdotn\" \/>\n<meta property=\"article:author\" content=\"https:\/\/www.facebook.com\/hatem.bourial.2025\" \/>\n<meta property=\"article:published_time\" content=\"2024-03-07T09:23:00+00:00\" \/>\n<meta property=\"og:image\" content=\"https:\/\/www.webdo.tn\/fr\/wp-content\/uploads\/2024\/03\/7e63a8176e577aa26695f1637efcd062.jpg\" \/>\n\t<meta property=\"og:image:width\" content=\"750\" \/>\n\t<meta property=\"og:image:height\" content=\"400\" \/>\n\t<meta property=\"og:image:type\" content=\"image\/jpeg\" \/>\n<meta name=\"author\" content=\"Hatem Bourial\" \/>\n<meta name=\"twitter:card\" content=\"summary_large_image\" \/>\n<meta name=\"twitter:creator\" content=\"@webdo_tn\" \/>\n<meta name=\"twitter:site\" content=\"@webdo_tn\" \/>\n<meta name=\"twitter:label1\" content=\"\u00c9crit par\" \/>\n\t<meta name=\"twitter:data1\" content=\"Hatem Bourial\" \/>\n\t<meta name=\"twitter:label2\" content=\"Dur\u00e9e de lecture estim\u00e9e\" \/>\n\t<meta name=\"twitter:data2\" content=\"2 minutes\" \/>\n<script type=\"application\/ld+json\" class=\"yoast-schema-graph\">{\"@context\":\"https:\\\/\\\/schema.org\",\"@graph\":[{\"@type\":\"NewsArticle\",\"@id\":\"https:\\\/\\\/www.webdo.tn\\\/fr\\\/actualite\\\/chroniques\\\/le-roi-d-espagne-et-ces-tables-de-memoire-espagnole\\\/212798\\\/#article\",\"isPartOf\":{\"@id\":\"https:\\\/\\\/www.webdo.tn\\\/fr\\\/actualite\\\/chroniques\\\/le-roi-d-espagne-et-ces-tables-de-memoire-espagnole\\\/212798\\\/\"},\"author\":{\"name\":\"Hatem Bourial\",\"@id\":\"https:\\\/\\\/www.webdo.tn\\\/fr\\\/#\\\/schema\\\/person\\\/6bc0beba2cd23aec27cb5df85ca2554f\"},\"headline\":\"Le Roi d&rsquo;Espagne et ces tables de m\u00e9moire espagnole\",\"datePublished\":\"2024-03-07T09:23:00+00:00\",\"mainEntityOfPage\":{\"@id\":\"https:\\\/\\\/www.webdo.tn\\\/fr\\\/actualite\\\/chroniques\\\/le-roi-d-espagne-et-ces-tables-de-memoire-espagnole\\\/212798\\\/\"},\"wordCount\":388,\"commentCount\":0,\"publisher\":{\"@id\":\"https:\\\/\\\/www.webdo.tn\\\/fr\\\/#organization\"},\"image\":{\"@id\":\"https:\\\/\\\/www.webdo.tn\\\/fr\\\/actualite\\\/chroniques\\\/le-roi-d-espagne-et-ces-tables-de-memoire-espagnole\\\/212798\\\/#primaryimage\"},\"thumbnailUrl\":\"https:\\\/\\\/www.webdo.tn\\\/fr\\\/wp-content\\\/uploads\\\/2024\\\/03\\\/7e63a8176e577aa26695f1637efcd062.jpg\",\"keywords\":[\"bar\",\"centre-ville\",\"Enseigne\",\"Restaurant\",\"Tunis\",\"Tunisie\"],\"articleSection\":[\"Chroniques\"],\"inLanguage\":\"fr-FR\"},{\"@type\":\"WebPage\",\"@id\":\"https:\\\/\\\/www.webdo.tn\\\/fr\\\/actualite\\\/chroniques\\\/le-roi-d-espagne-et-ces-tables-de-memoire-espagnole\\\/212798\\\/\",\"url\":\"https:\\\/\\\/www.webdo.tn\\\/fr\\\/actualite\\\/chroniques\\\/le-roi-d-espagne-et-ces-tables-de-memoire-espagnole\\\/212798\\\/\",\"name\":\"Le Roi d'Espagne et ces tables de m\u00e9moire espagnole\",\"isPartOf\":{\"@id\":\"https:\\\/\\\/www.webdo.tn\\\/fr\\\/#website\"},\"primaryImageOfPage\":{\"@id\":\"https:\\\/\\\/www.webdo.tn\\\/fr\\\/actualite\\\/chroniques\\\/le-roi-d-espagne-et-ces-tables-de-memoire-espagnole\\\/212798\\\/#primaryimage\"},\"image\":{\"@id\":\"https:\\\/\\\/www.webdo.tn\\\/fr\\\/actualite\\\/chroniques\\\/le-roi-d-espagne-et-ces-tables-de-memoire-espagnole\\\/212798\\\/#primaryimage\"},\"thumbnailUrl\":\"https:\\\/\\\/www.webdo.tn\\\/fr\\\/wp-content\\\/uploads\\\/2024\\\/03\\\/7e63a8176e577aa26695f1637efcd062.jpg\",\"datePublished\":\"2024-03-07T09:23:00+00:00\",\"description\":\"A Tunis, les enseignes de restaurants et aussi de brasseries, ont parfois une consonance ou une r\u00e9f\u00e9rence espagnole. Ces lieux ont g\u00e9n\u00e9ralement \u00e9t\u00e9 fond\u00e9s par d...\",\"breadcrumb\":{\"@id\":\"https:\\\/\\\/www.webdo.tn\\\/fr\\\/actualite\\\/chroniques\\\/le-roi-d-espagne-et-ces-tables-de-memoire-espagnole\\\/212798\\\/#breadcrumb\"},\"inLanguage\":\"fr-FR\",\"potentialAction\":[{\"@type\":\"ReadAction\",\"target\":[\"https:\\\/\\\/www.webdo.tn\\\/fr\\\/actualite\\\/chroniques\\\/le-roi-d-espagne-et-ces-tables-de-memoire-espagnole\\\/212798\\\/\"]}]},{\"@type\":\"ImageObject\",\"inLanguage\":\"fr-FR\",\"@id\":\"https:\\\/\\\/www.webdo.tn\\\/fr\\\/actualite\\\/chroniques\\\/le-roi-d-espagne-et-ces-tables-de-memoire-espagnole\\\/212798\\\/#primaryimage\",\"url\":\"https:\\\/\\\/www.webdo.tn\\\/fr\\\/wp-content\\\/uploads\\\/2024\\\/03\\\/7e63a8176e577aa26695f1637efcd062.jpg\",\"contentUrl\":\"https:\\\/\\\/www.webdo.tn\\\/fr\\\/wp-content\\\/uploads\\\/2024\\\/03\\\/7e63a8176e577aa26695f1637efcd062.jpg\",\"width\":750,\"height\":400,\"caption\":\"Le Roi d'Espagne et ces tables de m\u00e9moire espagnole\"},{\"@type\":\"BreadcrumbList\",\"@id\":\"https:\\\/\\\/www.webdo.tn\\\/fr\\\/actualite\\\/chroniques\\\/le-roi-d-espagne-et-ces-tables-de-memoire-espagnole\\\/212798\\\/#breadcrumb\",\"itemListElement\":[{\"@type\":\"ListItem\",\"position\":1,\"name\":\"Accueil\",\"item\":\"https:\\\/\\\/www.webdo.tn\\\/fr\\\/\"},{\"@type\":\"ListItem\",\"position\":2,\"name\":\"Le Roi d&#8217;Espagne et ces tables de m\u00e9moire espagnole\"}]},{\"@type\":\"WebSite\",\"@id\":\"https:\\\/\\\/www.webdo.tn\\\/fr\\\/#website\",\"url\":\"https:\\\/\\\/www.webdo.tn\\\/fr\\\/\",\"name\":\"webdo\",\"description\":\"Tunisie - News en Tunisie et \u00e0 l&#039;international sur Webdo.tn\",\"publisher\":{\"@id\":\"https:\\\/\\\/www.webdo.tn\\\/fr\\\/#organization\"},\"potentialAction\":[{\"@type\":\"SearchAction\",\"target\":{\"@type\":\"EntryPoint\",\"urlTemplate\":\"https:\\\/\\\/www.webdo.tn\\\/fr\\\/?s={search_term_string}\"},\"query-input\":{\"@type\":\"PropertyValueSpecification\",\"valueRequired\":true,\"valueName\":\"search_term_string\"}}],\"inLanguage\":\"fr-FR\"},{\"@type\":\"Organization\",\"@id\":\"https:\\\/\\\/www.webdo.tn\\\/fr\\\/#organization\",\"name\":\"Webdo\",\"alternateName\":\"Webdo.tn\",\"url\":\"https:\\\/\\\/www.webdo.tn\\\/fr\\\/\",\"logo\":{\"@type\":\"ImageObject\",\"inLanguage\":\"fr-FR\",\"@id\":\"https:\\\/\\\/www.webdo.tn\\\/fr\\\/#\\\/schema\\\/logo\\\/image\\\/\",\"url\":\"https:\\\/\\\/www.webdo.tn\\\/fr\\\/wp-content\\\/uploads\\\/2025\\\/06\\\/Webdo-Tunisie_168377.jpg\",\"contentUrl\":\"https:\\\/\\\/www.webdo.tn\\\/fr\\\/wp-content\\\/uploads\\\/2025\\\/06\\\/Webdo-Tunisie_168377.jpg\",\"width\":301,\"height\":301,\"caption\":\"Webdo\"},\"image\":{\"@id\":\"https:\\\/\\\/www.webdo.tn\\\/fr\\\/#\\\/schema\\\/logo\\\/image\\\/\"},\"sameAs\":[\"https:\\\/\\\/www.facebook.com\\\/webdotn\",\"https:\\\/\\\/x.com\\\/webdo_tn\"],\"description\":\"Webdo est un m\u00e9dia num\u00e9rique tunisien fond\u00e9 en 2010, sp\u00e9cialis\u00e9 dans l\u2019actualit\u00e9 nationale et internationale, l\u2019\u00e9conomie, la soci\u00e9t\u00e9 et les analyses politiques. Le site s\u2019adresse \u00e0 un large public francophone et couvre l\u2019information tunisienne en temps r\u00e9el.\",\"email\":\"redac@webdo.tn\",\"legalName\":\"YNJ SARL\",\"foundingDate\":\"2010-09-06\",\"numberOfEmployees\":{\"@type\":\"QuantitativeValue\",\"minValue\":\"11\",\"maxValue\":\"50\"}},{\"@type\":\"Person\",\"@id\":\"https:\\\/\\\/www.webdo.tn\\\/fr\\\/#\\\/schema\\\/person\\\/6bc0beba2cd23aec27cb5df85ca2554f\",\"name\":\"Hatem Bourial\",\"image\":{\"@type\":\"ImageObject\",\"inLanguage\":\"fr-FR\",\"@id\":\"https:\\\/\\\/www.webdo.tn\\\/fr\\\/wp-content\\\/uploads\\\/2026\\\/04\\\/hatem-bourial_avatar-96x96.jpg\",\"url\":\"https:\\\/\\\/www.webdo.tn\\\/fr\\\/wp-content\\\/uploads\\\/2026\\\/04\\\/hatem-bourial_avatar-96x96.jpg\",\"contentUrl\":\"https:\\\/\\\/www.webdo.tn\\\/fr\\\/wp-content\\\/uploads\\\/2026\\\/04\\\/hatem-bourial_avatar-96x96.jpg\",\"caption\":\"Hatem Bourial\"},\"description\":\"Hatem Bourial est journaliste, \u00e9crivain et chroniqueur tunisien. Actif depuis plusieurs d\u00e9cennies, il s\u2019est impos\u00e9 comme un observateur attentif de la soci\u00e9t\u00e9 tunisienne, m\u00ealant dans ses \u00e9crits m\u00e9moire, culture et analyse du quotidien. Auteur de nombreux ouvrages, il d\u00e9veloppe une \u0153uvre \u00e0 la crois\u00e9e du r\u00e9cit, de la po\u00e9sie et de l\u2019observation sociologique. Parall\u00e8lement \u00e0 ses contributions dans la presse, il intervient r\u00e9guli\u00e8rement \u00e0 la radio et dans des espaces culturels, o\u00f9 il explore les enjeux li\u00e9s au patrimoine, \u00e0 l\u2019identit\u00e9 et aux transformations du monde contemporain. \u00c0 travers ses chroniques, Hatem Bourial propose une lecture sensible et approfondie de l\u2019actualit\u00e9, nourrie par une exp\u00e9rience journalistique et litt\u00e9raire reconnue. \ud83d\udd17 Facebook : https:\\\/\\\/www.facebook.com\\\/hatem.bourial.2025\",\"sameAs\":[\"https:\\\/\\\/www.facebook.com\\\/hatem.bourial.2025\",\"https:\\\/\\\/fr.wikipedia.org\\\/wiki\\\/Fichier:Hatem_Bourial.jpg\"],\"knowsAbout\":[\"Culture & patrimoine tunisien\",\"Chronique soci\u00e9tale\",\"Litt\u00e9rature & m\u00e9moire\",\"Cin\u00e9ma & critique culturelle\",\"Identit\u00e9 & mutations sociales\"],\"knowsLanguage\":[\"Arabe\",\"Fran\u00e7ais\",\"Anglais\",\"Italien\",\"Polonais\"],\"jobTitle\":\"Journaliste, \u00e9crivain et chroniqueur culturel\",\"worksFor\":\"Webdo\",\"url\":\"https:\\\/\\\/www.webdo.tn\\\/fr\\\/actualite\\\/author\\\/hatem-bourial-2\\\/\"}]}<\/script>\n<!-- \/ Yoast SEO Premium plugin. -->","yoast_head_json":{"title":"Le Roi d'Espagne et ces tables de m\u00e9moire espagnole","description":"A Tunis, les enseignes de restaurants et aussi de brasseries, ont parfois une consonance ou une r\u00e9f\u00e9rence espagnole. Ces lieux ont g\u00e9n\u00e9ralement \u00e9t\u00e9 fond\u00e9s par d...","canonical":"https:\/\/www.webdo.tn\/fr\/actualite\/chroniques\/le-roi-d-espagne-et-ces-tables-de-memoire-espagnole\/212798\/","og_locale":"fr_FR","og_type":"article","og_title":"Le Roi d'Espagne et ces tables de m\u00e9moire espagnole","og_description":"A Tunis, les enseignes de restaurants et aussi de brasseries, ont parfois une consonance ou une r\u00e9f\u00e9rence espagnole. Ces lieux ont g\u00e9n\u00e9ralement \u00e9t\u00e9 fond\u00e9s par d...","og_url":"https:\/\/www.webdo.tn\/fr\/actualite\/chroniques\/le-roi-d-espagne-et-ces-tables-de-memoire-espagnole\/212798\/","og_site_name":"webdo","article_publisher":"https:\/\/www.facebook.com\/webdotn","article_author":"https:\/\/www.facebook.com\/hatem.bourial.2025","article_published_time":"2024-03-07T09:23:00+00:00","og_image":[{"width":750,"height":400,"url":"https:\/\/www.webdo.tn\/fr\/wp-content\/uploads\/2024\/03\/7e63a8176e577aa26695f1637efcd062.jpg","type":"image\/jpeg"}],"author":"Hatem Bourial","twitter_card":"summary_large_image","twitter_creator":"@webdo_tn","twitter_site":"@webdo_tn","twitter_misc":{"\u00c9crit par":"Hatem Bourial","Dur\u00e9e de lecture estim\u00e9e":"2 minutes"},"schema":{"@context":"https:\/\/schema.org","@graph":[{"@type":"NewsArticle","@id":"https:\/\/www.webdo.tn\/fr\/actualite\/chroniques\/le-roi-d-espagne-et-ces-tables-de-memoire-espagnole\/212798\/#article","isPartOf":{"@id":"https:\/\/www.webdo.tn\/fr\/actualite\/chroniques\/le-roi-d-espagne-et-ces-tables-de-memoire-espagnole\/212798\/"},"author":{"name":"Hatem Bourial","@id":"https:\/\/www.webdo.tn\/fr\/#\/schema\/person\/6bc0beba2cd23aec27cb5df85ca2554f"},"headline":"Le Roi d&rsquo;Espagne et ces tables de m\u00e9moire espagnole","datePublished":"2024-03-07T09:23:00+00:00","mainEntityOfPage":{"@id":"https:\/\/www.webdo.tn\/fr\/actualite\/chroniques\/le-roi-d-espagne-et-ces-tables-de-memoire-espagnole\/212798\/"},"wordCount":388,"commentCount":0,"publisher":{"@id":"https:\/\/www.webdo.tn\/fr\/#organization"},"image":{"@id":"https:\/\/www.webdo.tn\/fr\/actualite\/chroniques\/le-roi-d-espagne-et-ces-tables-de-memoire-espagnole\/212798\/#primaryimage"},"thumbnailUrl":"https:\/\/www.webdo.tn\/fr\/wp-content\/uploads\/2024\/03\/7e63a8176e577aa26695f1637efcd062.jpg","keywords":["bar","centre-ville","Enseigne","Restaurant","Tunis","Tunisie"],"articleSection":["Chroniques"],"inLanguage":"fr-FR"},{"@type":"WebPage","@id":"https:\/\/www.webdo.tn\/fr\/actualite\/chroniques\/le-roi-d-espagne-et-ces-tables-de-memoire-espagnole\/212798\/","url":"https:\/\/www.webdo.tn\/fr\/actualite\/chroniques\/le-roi-d-espagne-et-ces-tables-de-memoire-espagnole\/212798\/","name":"Le Roi d'Espagne et ces tables de m\u00e9moire espagnole","isPartOf":{"@id":"https:\/\/www.webdo.tn\/fr\/#website"},"primaryImageOfPage":{"@id":"https:\/\/www.webdo.tn\/fr\/actualite\/chroniques\/le-roi-d-espagne-et-ces-tables-de-memoire-espagnole\/212798\/#primaryimage"},"image":{"@id":"https:\/\/www.webdo.tn\/fr\/actualite\/chroniques\/le-roi-d-espagne-et-ces-tables-de-memoire-espagnole\/212798\/#primaryimage"},"thumbnailUrl":"https:\/\/www.webdo.tn\/fr\/wp-content\/uploads\/2024\/03\/7e63a8176e577aa26695f1637efcd062.jpg","datePublished":"2024-03-07T09:23:00+00:00","description":"A Tunis, les enseignes de restaurants et aussi de brasseries, ont parfois une consonance ou une r\u00e9f\u00e9rence espagnole. Ces lieux ont g\u00e9n\u00e9ralement \u00e9t\u00e9 fond\u00e9s par d...","breadcrumb":{"@id":"https:\/\/www.webdo.tn\/fr\/actualite\/chroniques\/le-roi-d-espagne-et-ces-tables-de-memoire-espagnole\/212798\/#breadcrumb"},"inLanguage":"fr-FR","potentialAction":[{"@type":"ReadAction","target":["https:\/\/www.webdo.tn\/fr\/actualite\/chroniques\/le-roi-d-espagne-et-ces-tables-de-memoire-espagnole\/212798\/"]}]},{"@type":"ImageObject","inLanguage":"fr-FR","@id":"https:\/\/www.webdo.tn\/fr\/actualite\/chroniques\/le-roi-d-espagne-et-ces-tables-de-memoire-espagnole\/212798\/#primaryimage","url":"https:\/\/www.webdo.tn\/fr\/wp-content\/uploads\/2024\/03\/7e63a8176e577aa26695f1637efcd062.jpg","contentUrl":"https:\/\/www.webdo.tn\/fr\/wp-content\/uploads\/2024\/03\/7e63a8176e577aa26695f1637efcd062.jpg","width":750,"height":400,"caption":"Le Roi d'Espagne et ces tables de m\u00e9moire espagnole"},{"@type":"BreadcrumbList","@id":"https:\/\/www.webdo.tn\/fr\/actualite\/chroniques\/le-roi-d-espagne-et-ces-tables-de-memoire-espagnole\/212798\/#breadcrumb","itemListElement":[{"@type":"ListItem","position":1,"name":"Accueil","item":"https:\/\/www.webdo.tn\/fr\/"},{"@type":"ListItem","position":2,"name":"Le Roi d&#8217;Espagne et ces tables de m\u00e9moire espagnole"}]},{"@type":"WebSite","@id":"https:\/\/www.webdo.tn\/fr\/#website","url":"https:\/\/www.webdo.tn\/fr\/","name":"webdo","description":"Tunisie - News en Tunisie et \u00e0 l&#039;international sur Webdo.tn","publisher":{"@id":"https:\/\/www.webdo.tn\/fr\/#organization"},"potentialAction":[{"@type":"SearchAction","target":{"@type":"EntryPoint","urlTemplate":"https:\/\/www.webdo.tn\/fr\/?s={search_term_string}"},"query-input":{"@type":"PropertyValueSpecification","valueRequired":true,"valueName":"search_term_string"}}],"inLanguage":"fr-FR"},{"@type":"Organization","@id":"https:\/\/www.webdo.tn\/fr\/#organization","name":"Webdo","alternateName":"Webdo.tn","url":"https:\/\/www.webdo.tn\/fr\/","logo":{"@type":"ImageObject","inLanguage":"fr-FR","@id":"https:\/\/www.webdo.tn\/fr\/#\/schema\/logo\/image\/","url":"https:\/\/www.webdo.tn\/fr\/wp-content\/uploads\/2025\/06\/Webdo-Tunisie_168377.jpg","contentUrl":"https:\/\/www.webdo.tn\/fr\/wp-content\/uploads\/2025\/06\/Webdo-Tunisie_168377.jpg","width":301,"height":301,"caption":"Webdo"},"image":{"@id":"https:\/\/www.webdo.tn\/fr\/#\/schema\/logo\/image\/"},"sameAs":["https:\/\/www.facebook.com\/webdotn","https:\/\/x.com\/webdo_tn"],"description":"Webdo est un m\u00e9dia num\u00e9rique tunisien fond\u00e9 en 2010, sp\u00e9cialis\u00e9 dans l\u2019actualit\u00e9 nationale et internationale, l\u2019\u00e9conomie, la soci\u00e9t\u00e9 et les analyses politiques. Le site s\u2019adresse \u00e0 un large public francophone et couvre l\u2019information tunisienne en temps r\u00e9el.","email":"redac@webdo.tn","legalName":"YNJ SARL","foundingDate":"2010-09-06","numberOfEmployees":{"@type":"QuantitativeValue","minValue":"11","maxValue":"50"}},{"@type":"Person","@id":"https:\/\/www.webdo.tn\/fr\/#\/schema\/person\/6bc0beba2cd23aec27cb5df85ca2554f","name":"Hatem Bourial","image":{"@type":"ImageObject","inLanguage":"fr-FR","@id":"https:\/\/www.webdo.tn\/fr\/wp-content\/uploads\/2026\/04\/hatem-bourial_avatar-96x96.jpg","url":"https:\/\/www.webdo.tn\/fr\/wp-content\/uploads\/2026\/04\/hatem-bourial_avatar-96x96.jpg","contentUrl":"https:\/\/www.webdo.tn\/fr\/wp-content\/uploads\/2026\/04\/hatem-bourial_avatar-96x96.jpg","caption":"Hatem Bourial"},"description":"Hatem Bourial est journaliste, \u00e9crivain et chroniqueur tunisien. Actif depuis plusieurs d\u00e9cennies, il s\u2019est impos\u00e9 comme un observateur attentif de la soci\u00e9t\u00e9 tunisienne, m\u00ealant dans ses \u00e9crits m\u00e9moire, culture et analyse du quotidien. Auteur de nombreux ouvrages, il d\u00e9veloppe une \u0153uvre \u00e0 la crois\u00e9e du r\u00e9cit, de la po\u00e9sie et de l\u2019observation sociologique. Parall\u00e8lement \u00e0 ses contributions dans la presse, il intervient r\u00e9guli\u00e8rement \u00e0 la radio et dans des espaces culturels, o\u00f9 il explore les enjeux li\u00e9s au patrimoine, \u00e0 l\u2019identit\u00e9 et aux transformations du monde contemporain. \u00c0 travers ses chroniques, Hatem Bourial propose une lecture sensible et approfondie de l\u2019actualit\u00e9, nourrie par une exp\u00e9rience journalistique et litt\u00e9raire reconnue. \ud83d\udd17 Facebook : https:\/\/www.facebook.com\/hatem.bourial.2025","sameAs":["https:\/\/www.facebook.com\/hatem.bourial.2025","https:\/\/fr.wikipedia.org\/wiki\/Fichier:Hatem_Bourial.jpg"],"knowsAbout":["Culture & patrimoine tunisien","Chronique soci\u00e9tale","Litt\u00e9rature & m\u00e9moire","Cin\u00e9ma & critique culturelle","Identit\u00e9 & mutations sociales"],"knowsLanguage":["Arabe","Fran\u00e7ais","Anglais","Italien","Polonais"],"jobTitle":"Journaliste, \u00e9crivain et chroniqueur culturel","worksFor":"Webdo","url":"https:\/\/www.webdo.tn\/fr\/actualite\/author\/hatem-bourial-2\/"}]}},"_links":{"self":[{"href":"https:\/\/www.webdo.tn\/fr\/wp-json\/wp\/v2\/posts\/212798","targetHints":{"allow":["GET"]}}],"collection":[{"href":"https:\/\/www.webdo.tn\/fr\/wp-json\/wp\/v2\/posts"}],"about":[{"href":"https:\/\/www.webdo.tn\/fr\/wp-json\/wp\/v2\/types\/post"}],"author":[{"embeddable":true,"href":"https:\/\/www.webdo.tn\/fr\/wp-json\/wp\/v2\/users\/3229"}],"replies":[{"embeddable":true,"href":"https:\/\/www.webdo.tn\/fr\/wp-json\/wp\/v2\/comments?post=212798"}],"version-history":[{"count":0,"href":"https:\/\/www.webdo.tn\/fr\/wp-json\/wp\/v2\/posts\/212798\/revisions"}],"wp:featuredmedia":[{"embeddable":true,"href":"https:\/\/www.webdo.tn\/fr\/wp-json\/wp\/v2\/media\/247831"}],"wp:attachment":[{"href":"https:\/\/www.webdo.tn\/fr\/wp-json\/wp\/v2\/media?parent=212798"}],"wp:term":[{"taxonomy":"category","embeddable":true,"href":"https:\/\/www.webdo.tn\/fr\/wp-json\/wp\/v2\/categories?post=212798"},{"taxonomy":"post_tag","embeddable":true,"href":"https:\/\/www.webdo.tn\/fr\/wp-json\/wp\/v2\/tags?post=212798"}],"curies":[{"name":"wp","href":"https:\/\/api.w.org\/{rel}","templated":true}]}}