{"id":212795,"date":"2024-03-06T22:34:00","date_gmt":"2024-03-06T22:34:00","guid":{"rendered":"https:\/\/www.webdo.tn\/fr\/blog\/tunisie-khelifa-guesmi-remis-en-liberte\/212795\/"},"modified":"2025-05-20T21:52:25","modified_gmt":"2025-05-20T21:52:25","slug":"tunisie-khelifa-guesmi-remis-en-liberte","status":"publish","type":"post","link":"https:\/\/www.webdo.tn\/fr\/actualite\/national\/tunisie-khelifa-guesmi-remis-en-liberte\/212795\/","title":{"rendered":"Tunisie : Khelifa Guesmi remis en libert\u00e9"},"content":{"rendered":"<p>La Cour de cassation de Tunis ayant annul\u00e9 et renvoy\u00e9, aujourd\u2019hui, l\u2019affaire Khelifa Guesmi, ce dernier, condamn\u00e9 par la Cour d\u2019appel \u00e0 cinq ans de prison, a \u00e9t\u00e9 remis en libert\u00e9.<\/p>\n<p>\t\t\t\t\t\t\t\t\tLa Cour de cassation de Tunis a examin\u00e9, ce mercredi 6 mars 2024, le pourvoi form\u00e9 par le collectif de d\u00e9fense du journaliste Khelifa Guesmi, correspondant de Mosaique fm \u00e0 Kairouan, contre le jugement rendu \u00e0 son encontre par la cour d&rsquo;appel de Tunis, le 15 mai 2023, \u00e0 cinq ans de prison.<\/p>\n<p>La Cour de cassation de Tunis a d\u00e9cid\u00e9 d\u2019annuler et de renvoyer, l\u2019affaire Khelifa Guesmi en premi\u00e8re instance. La d\u00e9cision de la cour d\u2019appel est annul\u00e9e de facto. Khelifa Guesmi a \u00e9t\u00e9 remis en libert\u00e9 et a quitt\u00e9 ce soir la prison de Mornaguia.<\/p>\n<p>Condamn\u00e9 \u00e0 cinq ans de prison par la Cour d\u2019appel de Tunis dans un jugement ayant alourdi la peine d\u2019un an prononc\u00e9e en premi\u00e8re instance, Khelifa Guesmi aurait d\u00fb rester en libert\u00e9 jusqu\u2019\u00e0 son proc\u00e8s en cassation, alors qu\u2019il \u00e9t\u00e9 arr\u00eat\u00e9 et plac\u00e9 en d\u00e9tention en septembre. \u00a0<\/p>\n<p>Arr\u00eat\u00e9 le 3 septembre 2023, le journaliste Khelifa Guesmi, a \u00e9t\u00e9 condamn\u00e9 dans l\u2019affaire du d\u00e9mant\u00e8lement d\u2019une cellule terroriste \u00e0 Kairouan. Condamn\u00e9, dans un premier temps \u00e0 un an de prison pour avoir refus\u00e9 de r\u00e9v\u00e9ler ses sources, sur fond de la publication d\u2019une information sur le d\u00e9mant\u00e8lement d\u2019une cellule terroriste \u00e0 Kairouan, Khelifa Guesmi a \u00e9cop\u00e9 d\u2019une peine de cinq ans de prison, le 16 mai dernier.<\/p>\n<p>En novembre 2022, la Chambre p\u00e9nale sp\u00e9cialis\u00e9e dans les affaires de lutte contre le terrorisme au Tribunal de premi\u00e8re instance de Tunis, avait condamn\u00e9, Khelifa Guesmi \u00e0 un an de prison.<\/p>\n<p>Il est accus\u00e9 d\u2019avoir \u00ab\u00a0divulgu\u00e9 intentionnellement l&rsquo;une des informations relatives aux op\u00e9rations d&rsquo;interception, d&rsquo;infiltration, de surveillance audiovisuelle ou des donn\u00e9es qui y sont collect\u00e9es\u00a0\u00bb.<\/p>\n<p>Khelifa Guesmi avait \u00e9t\u00e9 plac\u00e9 en garde \u00e0 vue le 18 mars 2022, le journaliste ayant refus\u00e9 de divulguer ses sources d\u2019information.\u00a0Il avait \u00e9t\u00e9 lib\u00e9r\u00e9 le 25 mars 2022 apr\u00e8s une semaine de garde \u00e0 vue.<\/p>\n","protected":false},"excerpt":{"rendered":"<p>La Cour de cassation de Tunis a examin\u00e9, ce mercredi 6 mars 2024, le pourvoi form\u00e9 par le collectif de d\u00e9fense du journaliste Khelifa Guesmi, correspondant de M&#8230;<\/p>\n","protected":false},"author":3162,"featured_media":247830,"comment_status":"open","ping_status":"closed","sticky":false,"template":"","format":"standard","meta":{"footnotes":""},"categories":[44],"tags":[2835,2619,6889,2608],"class_list":["post-212795","post","type-post","status-publish","format-standard","has-post-thumbnail","hentry","category-national","tag-condamnation","tag-justice","tag-khelifa-guesmi","tag-tunisie"],"yoast_head":"<!-- This site is optimized with the Yoast SEO Premium plugin v27.4 (Yoast SEO v27.5) - https:\/\/yoast.com\/product\/yoast-seo-premium-wordpress\/ -->\n<title>Tunisie : Khelifa Guesmi remis en libert\u00e9<\/title>\n<meta name=\"description\" content=\"La Cour de cassation de Tunis a examin\u00e9, ce mercredi 6 mars 2024, le pourvoi form\u00e9 par le collectif de d\u00e9fense du journaliste Khelifa Guesmi, correspondant de M...\" \/>\n<link rel=\"canonical\" href=\"https:\/\/www.webdo.tn\/fr\/actualite\/national\/tunisie-khelifa-guesmi-remis-en-liberte\/212795\/\" \/>\n<meta property=\"og:locale\" content=\"fr_FR\" \/>\n<meta property=\"og:type\" content=\"article\" \/>\n<meta property=\"og:title\" content=\"Tunisie : Khelifa Guesmi remis en libert\u00e9\" \/>\n<meta property=\"og:description\" content=\"La Cour de cassation de Tunis a examin\u00e9, ce mercredi 6 mars 2024, le pourvoi form\u00e9 par le collectif de d\u00e9fense du journaliste Khelifa Guesmi, correspondant de M...\" \/>\n<meta property=\"og:url\" content=\"https:\/\/www.webdo.tn\/fr\/actualite\/national\/tunisie-khelifa-guesmi-remis-en-liberte\/212795\/\" \/>\n<meta property=\"og:site_name\" content=\"webdo\" \/>\n<meta property=\"article:publisher\" content=\"https:\/\/www.facebook.com\/webdotn\" \/>\n<meta property=\"article:published_time\" content=\"2024-03-06T22:34:00+00:00\" \/>\n<meta property=\"article:modified_time\" content=\"2025-05-20T21:52:25+00:00\" \/>\n<meta property=\"og:image\" content=\"https:\/\/www.webdo.tn\/fr\/wp-content\/uploads\/2024\/03\/c1592b704d8384861c2317f254e3465f.jpg\" \/>\n\t<meta property=\"og:image:width\" content=\"750\" \/>\n\t<meta property=\"og:image:height\" content=\"400\" \/>\n\t<meta property=\"og:image:type\" content=\"image\/jpeg\" \/>\n<meta name=\"author\" content=\"MC\" \/>\n<meta name=\"twitter:card\" content=\"summary_large_image\" \/>\n<meta name=\"twitter:creator\" content=\"@webdo_tn\" \/>\n<meta name=\"twitter:site\" content=\"@webdo_tn\" \/>\n<meta name=\"twitter:label1\" content=\"\u00c9crit par\" \/>\n\t<meta name=\"twitter:data1\" content=\"MC\" \/>\n\t<meta name=\"twitter:label2\" content=\"Dur\u00e9e de lecture estim\u00e9e\" \/>\n\t<meta name=\"twitter:data2\" content=\"2 minutes\" \/>\n<script type=\"application\/ld+json\" class=\"yoast-schema-graph\">{\"@context\":\"https:\\\/\\\/schema.org\",\"@graph\":[{\"@type\":\"NewsArticle\",\"@id\":\"https:\\\/\\\/www.webdo.tn\\\/fr\\\/actualite\\\/national\\\/tunisie-khelifa-guesmi-remis-en-liberte\\\/212795\\\/#article\",\"isPartOf\":{\"@id\":\"https:\\\/\\\/www.webdo.tn\\\/fr\\\/actualite\\\/national\\\/tunisie-khelifa-guesmi-remis-en-liberte\\\/212795\\\/\"},\"author\":{\"name\":\"MC\",\"@id\":\"https:\\\/\\\/www.webdo.tn\\\/fr\\\/#\\\/schema\\\/person\\\/2c4929cbf5a809e3bd38617c6ce150f6\"},\"headline\":\"Tunisie : Khelifa Guesmi remis en libert\u00e9\",\"datePublished\":\"2024-03-06T22:34:00+00:00\",\"dateModified\":\"2025-05-20T21:52:25+00:00\",\"mainEntityOfPage\":{\"@id\":\"https:\\\/\\\/www.webdo.tn\\\/fr\\\/actualite\\\/national\\\/tunisie-khelifa-guesmi-remis-en-liberte\\\/212795\\\/\"},\"wordCount\":364,\"commentCount\":0,\"publisher\":{\"@id\":\"https:\\\/\\\/www.webdo.tn\\\/fr\\\/#organization\"},\"image\":{\"@id\":\"https:\\\/\\\/www.webdo.tn\\\/fr\\\/actualite\\\/national\\\/tunisie-khelifa-guesmi-remis-en-liberte\\\/212795\\\/#primaryimage\"},\"thumbnailUrl\":\"https:\\\/\\\/www.webdo.tn\\\/fr\\\/wp-content\\\/uploads\\\/2024\\\/03\\\/c1592b704d8384861c2317f254e3465f.jpg\",\"keywords\":[\"condamnation\",\"justice\",\"khelifa guesmi\",\"Tunisie\"],\"articleSection\":[\"National\"],\"inLanguage\":\"fr-FR\"},{\"@type\":\"WebPage\",\"@id\":\"https:\\\/\\\/www.webdo.tn\\\/fr\\\/actualite\\\/national\\\/tunisie-khelifa-guesmi-remis-en-liberte\\\/212795\\\/\",\"url\":\"https:\\\/\\\/www.webdo.tn\\\/fr\\\/actualite\\\/national\\\/tunisie-khelifa-guesmi-remis-en-liberte\\\/212795\\\/\",\"name\":\"Tunisie : Khelifa Guesmi remis en libert\u00e9\",\"isPartOf\":{\"@id\":\"https:\\\/\\\/www.webdo.tn\\\/fr\\\/#website\"},\"primaryImageOfPage\":{\"@id\":\"https:\\\/\\\/www.webdo.tn\\\/fr\\\/actualite\\\/national\\\/tunisie-khelifa-guesmi-remis-en-liberte\\\/212795\\\/#primaryimage\"},\"image\":{\"@id\":\"https:\\\/\\\/www.webdo.tn\\\/fr\\\/actualite\\\/national\\\/tunisie-khelifa-guesmi-remis-en-liberte\\\/212795\\\/#primaryimage\"},\"thumbnailUrl\":\"https:\\\/\\\/www.webdo.tn\\\/fr\\\/wp-content\\\/uploads\\\/2024\\\/03\\\/c1592b704d8384861c2317f254e3465f.jpg\",\"datePublished\":\"2024-03-06T22:34:00+00:00\",\"dateModified\":\"2025-05-20T21:52:25+00:00\",\"description\":\"La Cour de cassation de Tunis a examin\u00e9, ce mercredi 6 mars 2024, le pourvoi form\u00e9 par le collectif de d\u00e9fense du journaliste Khelifa Guesmi, correspondant de M...\",\"breadcrumb\":{\"@id\":\"https:\\\/\\\/www.webdo.tn\\\/fr\\\/actualite\\\/national\\\/tunisie-khelifa-guesmi-remis-en-liberte\\\/212795\\\/#breadcrumb\"},\"inLanguage\":\"fr-FR\",\"potentialAction\":[{\"@type\":\"ReadAction\",\"target\":[\"https:\\\/\\\/www.webdo.tn\\\/fr\\\/actualite\\\/national\\\/tunisie-khelifa-guesmi-remis-en-liberte\\\/212795\\\/\"]}]},{\"@type\":\"ImageObject\",\"inLanguage\":\"fr-FR\",\"@id\":\"https:\\\/\\\/www.webdo.tn\\\/fr\\\/actualite\\\/national\\\/tunisie-khelifa-guesmi-remis-en-liberte\\\/212795\\\/#primaryimage\",\"url\":\"https:\\\/\\\/www.webdo.tn\\\/fr\\\/wp-content\\\/uploads\\\/2024\\\/03\\\/c1592b704d8384861c2317f254e3465f.jpg\",\"contentUrl\":\"https:\\\/\\\/www.webdo.tn\\\/fr\\\/wp-content\\\/uploads\\\/2024\\\/03\\\/c1592b704d8384861c2317f254e3465f.jpg\",\"width\":750,\"height\":400,\"caption\":\"Khelifa Guesmi a \u00e9t\u00e9 lib\u00e9r\u00e9 de prison dans la soir\u00e9e de ce mercredi 6 mars 2024 (CP : Mosaique fm)\"},{\"@type\":\"BreadcrumbList\",\"@id\":\"https:\\\/\\\/www.webdo.tn\\\/fr\\\/actualite\\\/national\\\/tunisie-khelifa-guesmi-remis-en-liberte\\\/212795\\\/#breadcrumb\",\"itemListElement\":[{\"@type\":\"ListItem\",\"position\":1,\"name\":\"Accueil\",\"item\":\"https:\\\/\\\/www.webdo.tn\\\/fr\\\/\"},{\"@type\":\"ListItem\",\"position\":2,\"name\":\"Tunisie : Khelifa Guesmi remis en libert\u00e9\"}]},{\"@type\":\"WebSite\",\"@id\":\"https:\\\/\\\/www.webdo.tn\\\/fr\\\/#website\",\"url\":\"https:\\\/\\\/www.webdo.tn\\\/fr\\\/\",\"name\":\"webdo\",\"description\":\"Tunisie - News en Tunisie et \u00e0 l&#039;international sur Webdo.tn\",\"publisher\":{\"@id\":\"https:\\\/\\\/www.webdo.tn\\\/fr\\\/#organization\"},\"potentialAction\":[{\"@type\":\"SearchAction\",\"target\":{\"@type\":\"EntryPoint\",\"urlTemplate\":\"https:\\\/\\\/www.webdo.tn\\\/fr\\\/?s={search_term_string}\"},\"query-input\":{\"@type\":\"PropertyValueSpecification\",\"valueRequired\":true,\"valueName\":\"search_term_string\"}}],\"inLanguage\":\"fr-FR\"},{\"@type\":\"Organization\",\"@id\":\"https:\\\/\\\/www.webdo.tn\\\/fr\\\/#organization\",\"name\":\"Webdo\",\"alternateName\":\"Webdo.tn\",\"url\":\"https:\\\/\\\/www.webdo.tn\\\/fr\\\/\",\"logo\":{\"@type\":\"ImageObject\",\"inLanguage\":\"fr-FR\",\"@id\":\"https:\\\/\\\/www.webdo.tn\\\/fr\\\/#\\\/schema\\\/logo\\\/image\\\/\",\"url\":\"https:\\\/\\\/www.webdo.tn\\\/fr\\\/wp-content\\\/uploads\\\/2025\\\/06\\\/Webdo-Tunisie_168377.jpg\",\"contentUrl\":\"https:\\\/\\\/www.webdo.tn\\\/fr\\\/wp-content\\\/uploads\\\/2025\\\/06\\\/Webdo-Tunisie_168377.jpg\",\"width\":301,\"height\":301,\"caption\":\"Webdo\"},\"image\":{\"@id\":\"https:\\\/\\\/www.webdo.tn\\\/fr\\\/#\\\/schema\\\/logo\\\/image\\\/\"},\"sameAs\":[\"https:\\\/\\\/www.facebook.com\\\/webdotn\",\"https:\\\/\\\/x.com\\\/webdo_tn\"],\"description\":\"Webdo est un m\u00e9dia num\u00e9rique tunisien fond\u00e9 en 2010, sp\u00e9cialis\u00e9 dans l\u2019actualit\u00e9 nationale et internationale, l\u2019\u00e9conomie, la soci\u00e9t\u00e9 et les analyses politiques. Le site s\u2019adresse \u00e0 un large public francophone et couvre l\u2019information tunisienne en temps r\u00e9el.\",\"email\":\"redac@webdo.tn\",\"legalName\":\"YNJ SARL\",\"foundingDate\":\"2010-09-06\",\"numberOfEmployees\":{\"@type\":\"QuantitativeValue\",\"minValue\":\"11\",\"maxValue\":\"50\"}},{\"@type\":\"Person\",\"@id\":\"https:\\\/\\\/www.webdo.tn\\\/fr\\\/#\\\/schema\\\/person\\\/2c4929cbf5a809e3bd38617c6ce150f6\",\"name\":\"MC\",\"image\":{\"@type\":\"ImageObject\",\"inLanguage\":\"fr-FR\",\"@id\":\"https:\\\/\\\/secure.gravatar.com\\\/avatar\\\/a545bbb6f84efdd5553dbbc2895e3ca8f1d12c5215e00a041c9670b54aa9b18a?s=96&d=mm&r=g\",\"url\":\"https:\\\/\\\/secure.gravatar.com\\\/avatar\\\/a545bbb6f84efdd5553dbbc2895e3ca8f1d12c5215e00a041c9670b54aa9b18a?s=96&d=mm&r=g\",\"contentUrl\":\"https:\\\/\\\/secure.gravatar.com\\\/avatar\\\/a545bbb6f84efdd5553dbbc2895e3ca8f1d12c5215e00a041c9670b54aa9b18a?s=96&d=mm&r=g\",\"caption\":\"MC\"},\"url\":\"https:\\\/\\\/www.webdo.tn\\\/fr\\\/actualite\\\/author\\\/mc\\\/\"}]}<\/script>\n<!-- \/ Yoast SEO Premium plugin. -->","yoast_head_json":{"title":"Tunisie : Khelifa Guesmi remis en libert\u00e9","description":"La Cour de cassation de Tunis a examin\u00e9, ce mercredi 6 mars 2024, le pourvoi form\u00e9 par le collectif de d\u00e9fense du journaliste Khelifa Guesmi, correspondant de M...","canonical":"https:\/\/www.webdo.tn\/fr\/actualite\/national\/tunisie-khelifa-guesmi-remis-en-liberte\/212795\/","og_locale":"fr_FR","og_type":"article","og_title":"Tunisie : Khelifa Guesmi remis en libert\u00e9","og_description":"La Cour de cassation de Tunis a examin\u00e9, ce mercredi 6 mars 2024, le pourvoi form\u00e9 par le collectif de d\u00e9fense du journaliste Khelifa Guesmi, correspondant de M...","og_url":"https:\/\/www.webdo.tn\/fr\/actualite\/national\/tunisie-khelifa-guesmi-remis-en-liberte\/212795\/","og_site_name":"webdo","article_publisher":"https:\/\/www.facebook.com\/webdotn","article_published_time":"2024-03-06T22:34:00+00:00","article_modified_time":"2025-05-20T21:52:25+00:00","og_image":[{"width":750,"height":400,"url":"https:\/\/www.webdo.tn\/fr\/wp-content\/uploads\/2024\/03\/c1592b704d8384861c2317f254e3465f.jpg","type":"image\/jpeg"}],"author":"MC","twitter_card":"summary_large_image","twitter_creator":"@webdo_tn","twitter_site":"@webdo_tn","twitter_misc":{"\u00c9crit par":"MC","Dur\u00e9e de lecture estim\u00e9e":"2 minutes"},"schema":{"@context":"https:\/\/schema.org","@graph":[{"@type":"NewsArticle","@id":"https:\/\/www.webdo.tn\/fr\/actualite\/national\/tunisie-khelifa-guesmi-remis-en-liberte\/212795\/#article","isPartOf":{"@id":"https:\/\/www.webdo.tn\/fr\/actualite\/national\/tunisie-khelifa-guesmi-remis-en-liberte\/212795\/"},"author":{"name":"MC","@id":"https:\/\/www.webdo.tn\/fr\/#\/schema\/person\/2c4929cbf5a809e3bd38617c6ce150f6"},"headline":"Tunisie : Khelifa Guesmi remis en libert\u00e9","datePublished":"2024-03-06T22:34:00+00:00","dateModified":"2025-05-20T21:52:25+00:00","mainEntityOfPage":{"@id":"https:\/\/www.webdo.tn\/fr\/actualite\/national\/tunisie-khelifa-guesmi-remis-en-liberte\/212795\/"},"wordCount":364,"commentCount":0,"publisher":{"@id":"https:\/\/www.webdo.tn\/fr\/#organization"},"image":{"@id":"https:\/\/www.webdo.tn\/fr\/actualite\/national\/tunisie-khelifa-guesmi-remis-en-liberte\/212795\/#primaryimage"},"thumbnailUrl":"https:\/\/www.webdo.tn\/fr\/wp-content\/uploads\/2024\/03\/c1592b704d8384861c2317f254e3465f.jpg","keywords":["condamnation","justice","khelifa guesmi","Tunisie"],"articleSection":["National"],"inLanguage":"fr-FR"},{"@type":"WebPage","@id":"https:\/\/www.webdo.tn\/fr\/actualite\/national\/tunisie-khelifa-guesmi-remis-en-liberte\/212795\/","url":"https:\/\/www.webdo.tn\/fr\/actualite\/national\/tunisie-khelifa-guesmi-remis-en-liberte\/212795\/","name":"Tunisie : Khelifa Guesmi remis en libert\u00e9","isPartOf":{"@id":"https:\/\/www.webdo.tn\/fr\/#website"},"primaryImageOfPage":{"@id":"https:\/\/www.webdo.tn\/fr\/actualite\/national\/tunisie-khelifa-guesmi-remis-en-liberte\/212795\/#primaryimage"},"image":{"@id":"https:\/\/www.webdo.tn\/fr\/actualite\/national\/tunisie-khelifa-guesmi-remis-en-liberte\/212795\/#primaryimage"},"thumbnailUrl":"https:\/\/www.webdo.tn\/fr\/wp-content\/uploads\/2024\/03\/c1592b704d8384861c2317f254e3465f.jpg","datePublished":"2024-03-06T22:34:00+00:00","dateModified":"2025-05-20T21:52:25+00:00","description":"La Cour de cassation de Tunis a examin\u00e9, ce mercredi 6 mars 2024, le pourvoi form\u00e9 par le collectif de d\u00e9fense du journaliste Khelifa Guesmi, correspondant de M...","breadcrumb":{"@id":"https:\/\/www.webdo.tn\/fr\/actualite\/national\/tunisie-khelifa-guesmi-remis-en-liberte\/212795\/#breadcrumb"},"inLanguage":"fr-FR","potentialAction":[{"@type":"ReadAction","target":["https:\/\/www.webdo.tn\/fr\/actualite\/national\/tunisie-khelifa-guesmi-remis-en-liberte\/212795\/"]}]},{"@type":"ImageObject","inLanguage":"fr-FR","@id":"https:\/\/www.webdo.tn\/fr\/actualite\/national\/tunisie-khelifa-guesmi-remis-en-liberte\/212795\/#primaryimage","url":"https:\/\/www.webdo.tn\/fr\/wp-content\/uploads\/2024\/03\/c1592b704d8384861c2317f254e3465f.jpg","contentUrl":"https:\/\/www.webdo.tn\/fr\/wp-content\/uploads\/2024\/03\/c1592b704d8384861c2317f254e3465f.jpg","width":750,"height":400,"caption":"Khelifa Guesmi a \u00e9t\u00e9 lib\u00e9r\u00e9 de prison dans la soir\u00e9e de ce mercredi 6 mars 2024 (CP : Mosaique fm)"},{"@type":"BreadcrumbList","@id":"https:\/\/www.webdo.tn\/fr\/actualite\/national\/tunisie-khelifa-guesmi-remis-en-liberte\/212795\/#breadcrumb","itemListElement":[{"@type":"ListItem","position":1,"name":"Accueil","item":"https:\/\/www.webdo.tn\/fr\/"},{"@type":"ListItem","position":2,"name":"Tunisie : Khelifa Guesmi remis en libert\u00e9"}]},{"@type":"WebSite","@id":"https:\/\/www.webdo.tn\/fr\/#website","url":"https:\/\/www.webdo.tn\/fr\/","name":"webdo","description":"Tunisie - News en Tunisie et \u00e0 l&#039;international sur Webdo.tn","publisher":{"@id":"https:\/\/www.webdo.tn\/fr\/#organization"},"potentialAction":[{"@type":"SearchAction","target":{"@type":"EntryPoint","urlTemplate":"https:\/\/www.webdo.tn\/fr\/?s={search_term_string}"},"query-input":{"@type":"PropertyValueSpecification","valueRequired":true,"valueName":"search_term_string"}}],"inLanguage":"fr-FR"},{"@type":"Organization","@id":"https:\/\/www.webdo.tn\/fr\/#organization","name":"Webdo","alternateName":"Webdo.tn","url":"https:\/\/www.webdo.tn\/fr\/","logo":{"@type":"ImageObject","inLanguage":"fr-FR","@id":"https:\/\/www.webdo.tn\/fr\/#\/schema\/logo\/image\/","url":"https:\/\/www.webdo.tn\/fr\/wp-content\/uploads\/2025\/06\/Webdo-Tunisie_168377.jpg","contentUrl":"https:\/\/www.webdo.tn\/fr\/wp-content\/uploads\/2025\/06\/Webdo-Tunisie_168377.jpg","width":301,"height":301,"caption":"Webdo"},"image":{"@id":"https:\/\/www.webdo.tn\/fr\/#\/schema\/logo\/image\/"},"sameAs":["https:\/\/www.facebook.com\/webdotn","https:\/\/x.com\/webdo_tn"],"description":"Webdo est un m\u00e9dia num\u00e9rique tunisien fond\u00e9 en 2010, sp\u00e9cialis\u00e9 dans l\u2019actualit\u00e9 nationale et internationale, l\u2019\u00e9conomie, la soci\u00e9t\u00e9 et les analyses politiques. Le site s\u2019adresse \u00e0 un large public francophone et couvre l\u2019information tunisienne en temps r\u00e9el.","email":"redac@webdo.tn","legalName":"YNJ SARL","foundingDate":"2010-09-06","numberOfEmployees":{"@type":"QuantitativeValue","minValue":"11","maxValue":"50"}},{"@type":"Person","@id":"https:\/\/www.webdo.tn\/fr\/#\/schema\/person\/2c4929cbf5a809e3bd38617c6ce150f6","name":"MC","image":{"@type":"ImageObject","inLanguage":"fr-FR","@id":"https:\/\/secure.gravatar.com\/avatar\/a545bbb6f84efdd5553dbbc2895e3ca8f1d12c5215e00a041c9670b54aa9b18a?s=96&d=mm&r=g","url":"https:\/\/secure.gravatar.com\/avatar\/a545bbb6f84efdd5553dbbc2895e3ca8f1d12c5215e00a041c9670b54aa9b18a?s=96&d=mm&r=g","contentUrl":"https:\/\/secure.gravatar.com\/avatar\/a545bbb6f84efdd5553dbbc2895e3ca8f1d12c5215e00a041c9670b54aa9b18a?s=96&d=mm&r=g","caption":"MC"},"url":"https:\/\/www.webdo.tn\/fr\/actualite\/author\/mc\/"}]}},"_links":{"self":[{"href":"https:\/\/www.webdo.tn\/fr\/wp-json\/wp\/v2\/posts\/212795","targetHints":{"allow":["GET"]}}],"collection":[{"href":"https:\/\/www.webdo.tn\/fr\/wp-json\/wp\/v2\/posts"}],"about":[{"href":"https:\/\/www.webdo.tn\/fr\/wp-json\/wp\/v2\/types\/post"}],"author":[{"embeddable":true,"href":"https:\/\/www.webdo.tn\/fr\/wp-json\/wp\/v2\/users\/3162"}],"replies":[{"embeddable":true,"href":"https:\/\/www.webdo.tn\/fr\/wp-json\/wp\/v2\/comments?post=212795"}],"version-history":[{"count":0,"href":"https:\/\/www.webdo.tn\/fr\/wp-json\/wp\/v2\/posts\/212795\/revisions"}],"wp:featuredmedia":[{"embeddable":true,"href":"https:\/\/www.webdo.tn\/fr\/wp-json\/wp\/v2\/media\/247830"}],"wp:attachment":[{"href":"https:\/\/www.webdo.tn\/fr\/wp-json\/wp\/v2\/media?parent=212795"}],"wp:term":[{"taxonomy":"category","embeddable":true,"href":"https:\/\/www.webdo.tn\/fr\/wp-json\/wp\/v2\/categories?post=212795"},{"taxonomy":"post_tag","embeddable":true,"href":"https:\/\/www.webdo.tn\/fr\/wp-json\/wp\/v2\/tags?post=212795"}],"curies":[{"name":"wp","href":"https:\/\/api.w.org\/{rel}","templated":true}]}}