{"id":212776,"date":"2024-03-06T10:15:00","date_gmt":"2024-03-06T10:15:00","guid":{"rendered":"https:\/\/www.webdo.tn\/fr\/blog\/perpetue-et-felicite-ou-la-chapelle-ardente-de-l-amphitheatre-de-carthage\/212776\/"},"modified":"2024-03-06T10:15:00","modified_gmt":"2024-03-06T10:15:00","slug":"perpetue-et-felicite-ou-la-chapelle-ardente-de-l-amphitheatre-de-carthage","status":"publish","type":"post","link":"https:\/\/www.webdo.tn\/fr\/actualite\/chroniques\/perpetue-et-felicite-ou-la-chapelle-ardente-de-l-amphitheatre-de-carthage\/212776\/","title":{"rendered":"Perp\u00e9tue et F\u00e9licit\u00e9 ou la chapelle ardente de l&rsquo;amphith\u00e9\u00e2tre de Carthage"},"content":{"rendered":"<p>Au-del\u00e0 de l&rsquo;\u00e9glise de Tebourba, la m\u00e9moire vive des saintes Perp\u00e9tue et F\u00e9licit\u00e9, martyris\u00e9es le 7 mars 203, est \u00e9galement c\u00e9l\u00e9br\u00e9e par une chapelle qui se trouve dans l&rsquo;amphith\u00e9\u00e2tre de Carthage.<\/p>\n<p>\t\t\t\t\t\t\t\t\tL&rsquo;amphith\u00e9\u00e2tre de Carthage garde des vestiges \u00e9mouvants. Cach\u00e9 derri\u00e8re un bouquet d&rsquo;arbres, cet amphith\u00e9\u00e2tre est pourtant presque aussi grand que celui d&rsquo;El Jem mais n&rsquo;a pas \u00e9t\u00e9 bien conserv\u00e9.<\/p>\n<p>Nomm\u00e9 amphith\u00e9\u00e2tre des Martyrs, ce monument historique est le lieu suppos\u00e9 du martyre des saintes Perp\u00e9tue et F\u00e9licit\u00e9.<br \/>\nToutefois, d&rsquo;autres sources situent le martyre de ces deux saintes chr\u00e9tiennes ailleurs dans ce qui fut la Carthage antique.<\/p>\n<p>Lors de sa visite en Tunisie, il y a une vingtaine d&rsquo;ann\u00e9es, le pape Jean-Paul II s&rsquo;\u00e9tait d&rsquo;ailleurs longuement recueilli en cet amphith\u00e9\u00e2tre, priant \u00e0 la m\u00e9moire des deux saintes.<\/p>\n<p>En effet, il existe au sein de cet amphith\u00e9\u00e2tre une chapelle qui avait \u00e9t\u00e9 \u00e9difi\u00e9e en 1903 dans les souterrains qui se trouvent sous l&rsquo;ar\u00e8ne.<\/p>\n<p>Cette chapelle avait \u00e9t\u00e9 install\u00e9e dans la partie d\u00e9blay\u00e9e de ces souterrains et plusieurs processions prenaient dans le temps leur d\u00e9part de cette chapelle pour rejoindre l&rsquo;\u00e9glise Saint-Louis qui se trouvait en haut de la colline et abritait jusqu&rsquo;\u00e0 2021, l&rsquo;Acropolium de Carthage.<\/p>\n<p>C&rsquo;est sous Septime S\u00e9v\u00e8re que Perp\u00e9tue, F\u00e9licit\u00e9 et leurs compagnons avaient \u00e9t\u00e9 martyris\u00e9s en 203. C&rsquo;est pour cette raison que le cardinal Lavigerie avait fait dresser une colonne comm\u00e9morative en ces lieux qui accueilleront ensuite la chapelle que nous venons de bri\u00e8vement \u00e9voquer.<\/p>\n","protected":false},"excerpt":{"rendered":"<p>L&rsquo;amphith\u00e9\u00e2tre de Carthage garde des vestiges \u00e9mouvants. Cach\u00e9 derri\u00e8re un bouquet d&rsquo;arbres, cet amphith\u00e9\u00e2tre est pourtant presque aussi grand que celui d&rsquo;El Je&#8230;<\/p>\n","protected":false},"author":3229,"featured_media":290309,"comment_status":"open","ping_status":"closed","sticky":false,"template":"","format":"standard","meta":{"footnotes":""},"categories":[2596],"tags":[10039,3223,4625,9369,9368],"class_list":["post-212776","post","type-post","status-publish","format-standard","has-post-thumbnail","hentry","category-chroniques","tag-tebourba","tag-carthage","tag-chretiens","tag-felicite","tag-perpetue"],"yoast_head":"<!-- This site is optimized with the Yoast SEO Premium plugin v27.5 (Yoast SEO v27.5) - https:\/\/yoast.com\/product\/yoast-seo-premium-wordpress\/ -->\n<title>Perp\u00e9tue et F\u00e9licit\u00e9 ou la chapelle ardente de l&#039;amphith\u00e9\u00e2tre de Carthage<\/title>\n<meta name=\"description\" content=\"L&#039;amphith\u00e9\u00e2tre de Carthage garde des vestiges \u00e9mouvants. Cach\u00e9 derri\u00e8re un bouquet d&#039;arbres, cet amphith\u00e9\u00e2tre est pourtant presque aussi grand que celui d&#039;El Je...\" \/>\n<link rel=\"canonical\" href=\"https:\/\/www.webdo.tn\/fr\/actualite\/chroniques\/perpetue-et-felicite-ou-la-chapelle-ardente-de-l-amphitheatre-de-carthage\/212776\/\" \/>\n<meta property=\"og:locale\" content=\"fr_FR\" \/>\n<meta property=\"og:type\" content=\"article\" \/>\n<meta property=\"og:title\" content=\"Perp\u00e9tue et F\u00e9licit\u00e9 ou la chapelle ardente de l&#039;amphith\u00e9\u00e2tre de Carthage\" \/>\n<meta property=\"og:description\" content=\"L&#039;amphith\u00e9\u00e2tre de Carthage garde des vestiges \u00e9mouvants. Cach\u00e9 derri\u00e8re un bouquet d&#039;arbres, cet amphith\u00e9\u00e2tre est pourtant presque aussi grand que celui d&#039;El Je...\" \/>\n<meta property=\"og:url\" content=\"https:\/\/www.webdo.tn\/fr\/actualite\/chroniques\/perpetue-et-felicite-ou-la-chapelle-ardente-de-l-amphitheatre-de-carthage\/212776\/\" \/>\n<meta property=\"og:site_name\" content=\"webdo\" \/>\n<meta property=\"article:publisher\" content=\"https:\/\/www.facebook.com\/webdotn\" \/>\n<meta property=\"article:author\" content=\"https:\/\/www.facebook.com\/hatem.bourial.2025\" \/>\n<meta property=\"article:published_time\" content=\"2024-03-06T10:15:00+00:00\" \/>\n<meta property=\"og:image\" content=\"https:\/\/www.webdo.tn\/fr\/wp-content\/uploads\/2024\/03\/cee0aeaaa83ae185e1fdb3ab4689e2a2.jpg\" \/>\n\t<meta property=\"og:image:width\" content=\"618\" \/>\n\t<meta property=\"og:image:height\" content=\"330\" \/>\n\t<meta property=\"og:image:type\" content=\"image\/jpeg\" \/>\n<meta name=\"author\" content=\"Hatem Bourial\" \/>\n<meta name=\"twitter:card\" content=\"summary_large_image\" \/>\n<meta name=\"twitter:creator\" content=\"@webdo_tn\" \/>\n<meta name=\"twitter:site\" content=\"@webdo_tn\" \/>\n<meta name=\"twitter:label1\" content=\"\u00c9crit par\" \/>\n\t<meta name=\"twitter:data1\" content=\"Hatem Bourial\" \/>\n\t<meta name=\"twitter:label2\" content=\"Dur\u00e9e de lecture estim\u00e9e\" \/>\n\t<meta name=\"twitter:data2\" content=\"1 minute\" \/>\n<script type=\"application\/ld+json\" class=\"yoast-schema-graph\">{\"@context\":\"https:\\\/\\\/schema.org\",\"@graph\":[{\"@type\":\"NewsArticle\",\"@id\":\"https:\\\/\\\/www.webdo.tn\\\/fr\\\/actualite\\\/chroniques\\\/perpetue-et-felicite-ou-la-chapelle-ardente-de-l-amphitheatre-de-carthage\\\/212776\\\/#article\",\"isPartOf\":{\"@id\":\"https:\\\/\\\/www.webdo.tn\\\/fr\\\/actualite\\\/chroniques\\\/perpetue-et-felicite-ou-la-chapelle-ardente-de-l-amphitheatre-de-carthage\\\/212776\\\/\"},\"author\":{\"name\":\"Hatem Bourial\",\"@id\":\"https:\\\/\\\/www.webdo.tn\\\/fr\\\/#\\\/schema\\\/person\\\/6bc0beba2cd23aec27cb5df85ca2554f\"},\"headline\":\"Perp\u00e9tue et F\u00e9licit\u00e9 ou la chapelle ardente de l&rsquo;amphith\u00e9\u00e2tre de Carthage\",\"datePublished\":\"2024-03-06T10:15:00+00:00\",\"mainEntityOfPage\":{\"@id\":\"https:\\\/\\\/www.webdo.tn\\\/fr\\\/actualite\\\/chroniques\\\/perpetue-et-felicite-ou-la-chapelle-ardente-de-l-amphitheatre-de-carthage\\\/212776\\\/\"},\"wordCount\":294,\"commentCount\":0,\"publisher\":{\"@id\":\"https:\\\/\\\/www.webdo.tn\\\/fr\\\/#organization\"},\"image\":{\"@id\":\"https:\\\/\\\/www.webdo.tn\\\/fr\\\/actualite\\\/chroniques\\\/perpetue-et-felicite-ou-la-chapelle-ardente-de-l-amphitheatre-de-carthage\\\/212776\\\/#primaryimage\"},\"thumbnailUrl\":\"https:\\\/\\\/www.webdo.tn\\\/fr\\\/wp-content\\\/uploads\\\/2024\\\/03\\\/cee0aeaaa83ae185e1fdb3ab4689e2a2.jpg\",\"keywords\":[\"'T\u00e9bourba']\",\"Carthage\",\"chr\u00e9tiens\",\"F\u00e9licit\u00e9\",\"Perp\u00e9tue\"],\"articleSection\":[\"Chroniques\"],\"inLanguage\":\"fr-FR\"},{\"@type\":\"WebPage\",\"@id\":\"https:\\\/\\\/www.webdo.tn\\\/fr\\\/actualite\\\/chroniques\\\/perpetue-et-felicite-ou-la-chapelle-ardente-de-l-amphitheatre-de-carthage\\\/212776\\\/\",\"url\":\"https:\\\/\\\/www.webdo.tn\\\/fr\\\/actualite\\\/chroniques\\\/perpetue-et-felicite-ou-la-chapelle-ardente-de-l-amphitheatre-de-carthage\\\/212776\\\/\",\"name\":\"Perp\u00e9tue et F\u00e9licit\u00e9 ou la chapelle ardente de l'amphith\u00e9\u00e2tre de Carthage\",\"isPartOf\":{\"@id\":\"https:\\\/\\\/www.webdo.tn\\\/fr\\\/#website\"},\"primaryImageOfPage\":{\"@id\":\"https:\\\/\\\/www.webdo.tn\\\/fr\\\/actualite\\\/chroniques\\\/perpetue-et-felicite-ou-la-chapelle-ardente-de-l-amphitheatre-de-carthage\\\/212776\\\/#primaryimage\"},\"image\":{\"@id\":\"https:\\\/\\\/www.webdo.tn\\\/fr\\\/actualite\\\/chroniques\\\/perpetue-et-felicite-ou-la-chapelle-ardente-de-l-amphitheatre-de-carthage\\\/212776\\\/#primaryimage\"},\"thumbnailUrl\":\"https:\\\/\\\/www.webdo.tn\\\/fr\\\/wp-content\\\/uploads\\\/2024\\\/03\\\/cee0aeaaa83ae185e1fdb3ab4689e2a2.jpg\",\"datePublished\":\"2024-03-06T10:15:00+00:00\",\"description\":\"L'amphith\u00e9\u00e2tre de Carthage garde des vestiges \u00e9mouvants. Cach\u00e9 derri\u00e8re un bouquet d'arbres, cet amphith\u00e9\u00e2tre est pourtant presque aussi grand que celui d'El Je...\",\"breadcrumb\":{\"@id\":\"https:\\\/\\\/www.webdo.tn\\\/fr\\\/actualite\\\/chroniques\\\/perpetue-et-felicite-ou-la-chapelle-ardente-de-l-amphitheatre-de-carthage\\\/212776\\\/#breadcrumb\"},\"inLanguage\":\"fr-FR\",\"potentialAction\":[{\"@type\":\"ReadAction\",\"target\":[\"https:\\\/\\\/www.webdo.tn\\\/fr\\\/actualite\\\/chroniques\\\/perpetue-et-felicite-ou-la-chapelle-ardente-de-l-amphitheatre-de-carthage\\\/212776\\\/\"]}]},{\"@type\":\"ImageObject\",\"inLanguage\":\"fr-FR\",\"@id\":\"https:\\\/\\\/www.webdo.tn\\\/fr\\\/actualite\\\/chroniques\\\/perpetue-et-felicite-ou-la-chapelle-ardente-de-l-amphitheatre-de-carthage\\\/212776\\\/#primaryimage\",\"url\":\"https:\\\/\\\/www.webdo.tn\\\/fr\\\/wp-content\\\/uploads\\\/2024\\\/03\\\/cee0aeaaa83ae185e1fdb3ab4689e2a2.jpg\",\"contentUrl\":\"https:\\\/\\\/www.webdo.tn\\\/fr\\\/wp-content\\\/uploads\\\/2024\\\/03\\\/cee0aeaaa83ae185e1fdb3ab4689e2a2.jpg\",\"width\":618,\"height\":330,\"caption\":\"Perp\u00e9tue et F\u00e9licit\u00e9 ou la chapelle ardente de l'amphith\u00e9\u00e2tre de Carthage\"},{\"@type\":\"BreadcrumbList\",\"@id\":\"https:\\\/\\\/www.webdo.tn\\\/fr\\\/actualite\\\/chroniques\\\/perpetue-et-felicite-ou-la-chapelle-ardente-de-l-amphitheatre-de-carthage\\\/212776\\\/#breadcrumb\",\"itemListElement\":[{\"@type\":\"ListItem\",\"position\":1,\"name\":\"Accueil\",\"item\":\"https:\\\/\\\/www.webdo.tn\\\/fr\\\/\"},{\"@type\":\"ListItem\",\"position\":2,\"name\":\"Perp\u00e9tue et F\u00e9licit\u00e9 ou la chapelle ardente de l&#8217;amphith\u00e9\u00e2tre de Carthage\"}]},{\"@type\":\"WebSite\",\"@id\":\"https:\\\/\\\/www.webdo.tn\\\/fr\\\/#website\",\"url\":\"https:\\\/\\\/www.webdo.tn\\\/fr\\\/\",\"name\":\"webdo\",\"description\":\"Tunisie - News en Tunisie et \u00e0 l&#039;international sur Webdo.tn\",\"publisher\":{\"@id\":\"https:\\\/\\\/www.webdo.tn\\\/fr\\\/#organization\"},\"potentialAction\":[{\"@type\":\"SearchAction\",\"target\":{\"@type\":\"EntryPoint\",\"urlTemplate\":\"https:\\\/\\\/www.webdo.tn\\\/fr\\\/?s={search_term_string}\"},\"query-input\":{\"@type\":\"PropertyValueSpecification\",\"valueRequired\":true,\"valueName\":\"search_term_string\"}}],\"inLanguage\":\"fr-FR\"},{\"@type\":\"Organization\",\"@id\":\"https:\\\/\\\/www.webdo.tn\\\/fr\\\/#organization\",\"name\":\"Webdo\",\"alternateName\":\"Webdo.tn\",\"url\":\"https:\\\/\\\/www.webdo.tn\\\/fr\\\/\",\"logo\":{\"@type\":\"ImageObject\",\"inLanguage\":\"fr-FR\",\"@id\":\"https:\\\/\\\/www.webdo.tn\\\/fr\\\/#\\\/schema\\\/logo\\\/image\\\/\",\"url\":\"https:\\\/\\\/www.webdo.tn\\\/fr\\\/wp-content\\\/uploads\\\/2025\\\/06\\\/Webdo-Tunisie_168377.jpg\",\"contentUrl\":\"https:\\\/\\\/www.webdo.tn\\\/fr\\\/wp-content\\\/uploads\\\/2025\\\/06\\\/Webdo-Tunisie_168377.jpg\",\"width\":301,\"height\":301,\"caption\":\"Webdo\"},\"image\":{\"@id\":\"https:\\\/\\\/www.webdo.tn\\\/fr\\\/#\\\/schema\\\/logo\\\/image\\\/\"},\"sameAs\":[\"https:\\\/\\\/www.facebook.com\\\/webdotn\",\"https:\\\/\\\/x.com\\\/webdo_tn\"],\"description\":\"Webdo est un m\u00e9dia num\u00e9rique tunisien fond\u00e9 en 2010, sp\u00e9cialis\u00e9 dans l\u2019actualit\u00e9 nationale et internationale, l\u2019\u00e9conomie, la soci\u00e9t\u00e9 et les analyses politiques. Le site s\u2019adresse \u00e0 un large public francophone et couvre l\u2019information tunisienne en temps r\u00e9el.\",\"email\":\"redac@webdo.tn\",\"legalName\":\"YNJ SARL\",\"foundingDate\":\"2010-09-06\",\"numberOfEmployees\":{\"@type\":\"QuantitativeValue\",\"minValue\":\"11\",\"maxValue\":\"50\"}},{\"@type\":\"Person\",\"@id\":\"https:\\\/\\\/www.webdo.tn\\\/fr\\\/#\\\/schema\\\/person\\\/6bc0beba2cd23aec27cb5df85ca2554f\",\"name\":\"Hatem Bourial\",\"image\":{\"@type\":\"ImageObject\",\"inLanguage\":\"fr-FR\",\"@id\":\"https:\\\/\\\/www.webdo.tn\\\/fr\\\/wp-content\\\/uploads\\\/2026\\\/04\\\/hatem-bourial_avatar-96x96.jpg\",\"url\":\"https:\\\/\\\/www.webdo.tn\\\/fr\\\/wp-content\\\/uploads\\\/2026\\\/04\\\/hatem-bourial_avatar-96x96.jpg\",\"contentUrl\":\"https:\\\/\\\/www.webdo.tn\\\/fr\\\/wp-content\\\/uploads\\\/2026\\\/04\\\/hatem-bourial_avatar-96x96.jpg\",\"caption\":\"Hatem Bourial\"},\"description\":\"Hatem Bourial est journaliste, \u00e9crivain et chroniqueur tunisien. Actif depuis plusieurs d\u00e9cennies, il s\u2019est impos\u00e9 comme un observateur attentif de la soci\u00e9t\u00e9 tunisienne, m\u00ealant dans ses \u00e9crits m\u00e9moire, culture et analyse du quotidien. Auteur de nombreux ouvrages, il d\u00e9veloppe une \u0153uvre \u00e0 la crois\u00e9e du r\u00e9cit, de la po\u00e9sie et de l\u2019observation sociologique. Parall\u00e8lement \u00e0 ses contributions dans la presse, il intervient r\u00e9guli\u00e8rement \u00e0 la radio et dans des espaces culturels, o\u00f9 il explore les enjeux li\u00e9s au patrimoine, \u00e0 l\u2019identit\u00e9 et aux transformations du monde contemporain. \u00c0 travers ses chroniques, Hatem Bourial propose une lecture sensible et approfondie de l\u2019actualit\u00e9, nourrie par une exp\u00e9rience journalistique et litt\u00e9raire reconnue. \ud83d\udd17 Facebook : https:\\\/\\\/www.facebook.com\\\/hatem.bourial.2025\",\"sameAs\":[\"https:\\\/\\\/www.facebook.com\\\/hatem.bourial.2025\",\"https:\\\/\\\/fr.wikipedia.org\\\/wiki\\\/Fichier:Hatem_Bourial.jpg\"],\"knowsAbout\":[\"Culture & patrimoine tunisien\",\"Chronique soci\u00e9tale\",\"Litt\u00e9rature & m\u00e9moire\",\"Cin\u00e9ma & critique culturelle\",\"Identit\u00e9 & mutations sociales\"],\"knowsLanguage\":[\"Arabe\",\"Fran\u00e7ais\",\"Anglais\",\"Italien\",\"Polonais\"],\"jobTitle\":\"Journaliste, \u00e9crivain et chroniqueur culturel\",\"worksFor\":\"Webdo\",\"url\":\"https:\\\/\\\/www.webdo.tn\\\/fr\\\/actualite\\\/author\\\/hatem-bourial-2\\\/\"}]}<\/script>\n<!-- \/ Yoast SEO Premium plugin. -->","yoast_head_json":{"title":"Perp\u00e9tue et F\u00e9licit\u00e9 ou la chapelle ardente de l'amphith\u00e9\u00e2tre de Carthage","description":"L'amphith\u00e9\u00e2tre de Carthage garde des vestiges \u00e9mouvants. Cach\u00e9 derri\u00e8re un bouquet d'arbres, cet amphith\u00e9\u00e2tre est pourtant presque aussi grand que celui d'El Je...","canonical":"https:\/\/www.webdo.tn\/fr\/actualite\/chroniques\/perpetue-et-felicite-ou-la-chapelle-ardente-de-l-amphitheatre-de-carthage\/212776\/","og_locale":"fr_FR","og_type":"article","og_title":"Perp\u00e9tue et F\u00e9licit\u00e9 ou la chapelle ardente de l'amphith\u00e9\u00e2tre de Carthage","og_description":"L'amphith\u00e9\u00e2tre de Carthage garde des vestiges \u00e9mouvants. Cach\u00e9 derri\u00e8re un bouquet d'arbres, cet amphith\u00e9\u00e2tre est pourtant presque aussi grand que celui d'El Je...","og_url":"https:\/\/www.webdo.tn\/fr\/actualite\/chroniques\/perpetue-et-felicite-ou-la-chapelle-ardente-de-l-amphitheatre-de-carthage\/212776\/","og_site_name":"webdo","article_publisher":"https:\/\/www.facebook.com\/webdotn","article_author":"https:\/\/www.facebook.com\/hatem.bourial.2025","article_published_time":"2024-03-06T10:15:00+00:00","og_image":[{"width":618,"height":330,"url":"https:\/\/www.webdo.tn\/fr\/wp-content\/uploads\/2024\/03\/cee0aeaaa83ae185e1fdb3ab4689e2a2.jpg","type":"image\/jpeg"}],"author":"Hatem Bourial","twitter_card":"summary_large_image","twitter_creator":"@webdo_tn","twitter_site":"@webdo_tn","twitter_misc":{"\u00c9crit par":"Hatem Bourial","Dur\u00e9e de lecture estim\u00e9e":"1 minute"},"schema":{"@context":"https:\/\/schema.org","@graph":[{"@type":"NewsArticle","@id":"https:\/\/www.webdo.tn\/fr\/actualite\/chroniques\/perpetue-et-felicite-ou-la-chapelle-ardente-de-l-amphitheatre-de-carthage\/212776\/#article","isPartOf":{"@id":"https:\/\/www.webdo.tn\/fr\/actualite\/chroniques\/perpetue-et-felicite-ou-la-chapelle-ardente-de-l-amphitheatre-de-carthage\/212776\/"},"author":{"name":"Hatem Bourial","@id":"https:\/\/www.webdo.tn\/fr\/#\/schema\/person\/6bc0beba2cd23aec27cb5df85ca2554f"},"headline":"Perp\u00e9tue et F\u00e9licit\u00e9 ou la chapelle ardente de l&rsquo;amphith\u00e9\u00e2tre de Carthage","datePublished":"2024-03-06T10:15:00+00:00","mainEntityOfPage":{"@id":"https:\/\/www.webdo.tn\/fr\/actualite\/chroniques\/perpetue-et-felicite-ou-la-chapelle-ardente-de-l-amphitheatre-de-carthage\/212776\/"},"wordCount":294,"commentCount":0,"publisher":{"@id":"https:\/\/www.webdo.tn\/fr\/#organization"},"image":{"@id":"https:\/\/www.webdo.tn\/fr\/actualite\/chroniques\/perpetue-et-felicite-ou-la-chapelle-ardente-de-l-amphitheatre-de-carthage\/212776\/#primaryimage"},"thumbnailUrl":"https:\/\/www.webdo.tn\/fr\/wp-content\/uploads\/2024\/03\/cee0aeaaa83ae185e1fdb3ab4689e2a2.jpg","keywords":["'T\u00e9bourba']","Carthage","chr\u00e9tiens","F\u00e9licit\u00e9","Perp\u00e9tue"],"articleSection":["Chroniques"],"inLanguage":"fr-FR"},{"@type":"WebPage","@id":"https:\/\/www.webdo.tn\/fr\/actualite\/chroniques\/perpetue-et-felicite-ou-la-chapelle-ardente-de-l-amphitheatre-de-carthage\/212776\/","url":"https:\/\/www.webdo.tn\/fr\/actualite\/chroniques\/perpetue-et-felicite-ou-la-chapelle-ardente-de-l-amphitheatre-de-carthage\/212776\/","name":"Perp\u00e9tue et F\u00e9licit\u00e9 ou la chapelle ardente de l'amphith\u00e9\u00e2tre de Carthage","isPartOf":{"@id":"https:\/\/www.webdo.tn\/fr\/#website"},"primaryImageOfPage":{"@id":"https:\/\/www.webdo.tn\/fr\/actualite\/chroniques\/perpetue-et-felicite-ou-la-chapelle-ardente-de-l-amphitheatre-de-carthage\/212776\/#primaryimage"},"image":{"@id":"https:\/\/www.webdo.tn\/fr\/actualite\/chroniques\/perpetue-et-felicite-ou-la-chapelle-ardente-de-l-amphitheatre-de-carthage\/212776\/#primaryimage"},"thumbnailUrl":"https:\/\/www.webdo.tn\/fr\/wp-content\/uploads\/2024\/03\/cee0aeaaa83ae185e1fdb3ab4689e2a2.jpg","datePublished":"2024-03-06T10:15:00+00:00","description":"L'amphith\u00e9\u00e2tre de Carthage garde des vestiges \u00e9mouvants. Cach\u00e9 derri\u00e8re un bouquet d'arbres, cet amphith\u00e9\u00e2tre est pourtant presque aussi grand que celui d'El Je...","breadcrumb":{"@id":"https:\/\/www.webdo.tn\/fr\/actualite\/chroniques\/perpetue-et-felicite-ou-la-chapelle-ardente-de-l-amphitheatre-de-carthage\/212776\/#breadcrumb"},"inLanguage":"fr-FR","potentialAction":[{"@type":"ReadAction","target":["https:\/\/www.webdo.tn\/fr\/actualite\/chroniques\/perpetue-et-felicite-ou-la-chapelle-ardente-de-l-amphitheatre-de-carthage\/212776\/"]}]},{"@type":"ImageObject","inLanguage":"fr-FR","@id":"https:\/\/www.webdo.tn\/fr\/actualite\/chroniques\/perpetue-et-felicite-ou-la-chapelle-ardente-de-l-amphitheatre-de-carthage\/212776\/#primaryimage","url":"https:\/\/www.webdo.tn\/fr\/wp-content\/uploads\/2024\/03\/cee0aeaaa83ae185e1fdb3ab4689e2a2.jpg","contentUrl":"https:\/\/www.webdo.tn\/fr\/wp-content\/uploads\/2024\/03\/cee0aeaaa83ae185e1fdb3ab4689e2a2.jpg","width":618,"height":330,"caption":"Perp\u00e9tue et F\u00e9licit\u00e9 ou la chapelle ardente de l'amphith\u00e9\u00e2tre de Carthage"},{"@type":"BreadcrumbList","@id":"https:\/\/www.webdo.tn\/fr\/actualite\/chroniques\/perpetue-et-felicite-ou-la-chapelle-ardente-de-l-amphitheatre-de-carthage\/212776\/#breadcrumb","itemListElement":[{"@type":"ListItem","position":1,"name":"Accueil","item":"https:\/\/www.webdo.tn\/fr\/"},{"@type":"ListItem","position":2,"name":"Perp\u00e9tue et F\u00e9licit\u00e9 ou la chapelle ardente de l&#8217;amphith\u00e9\u00e2tre de Carthage"}]},{"@type":"WebSite","@id":"https:\/\/www.webdo.tn\/fr\/#website","url":"https:\/\/www.webdo.tn\/fr\/","name":"webdo","description":"Tunisie - News en Tunisie et \u00e0 l&#039;international sur Webdo.tn","publisher":{"@id":"https:\/\/www.webdo.tn\/fr\/#organization"},"potentialAction":[{"@type":"SearchAction","target":{"@type":"EntryPoint","urlTemplate":"https:\/\/www.webdo.tn\/fr\/?s={search_term_string}"},"query-input":{"@type":"PropertyValueSpecification","valueRequired":true,"valueName":"search_term_string"}}],"inLanguage":"fr-FR"},{"@type":"Organization","@id":"https:\/\/www.webdo.tn\/fr\/#organization","name":"Webdo","alternateName":"Webdo.tn","url":"https:\/\/www.webdo.tn\/fr\/","logo":{"@type":"ImageObject","inLanguage":"fr-FR","@id":"https:\/\/www.webdo.tn\/fr\/#\/schema\/logo\/image\/","url":"https:\/\/www.webdo.tn\/fr\/wp-content\/uploads\/2025\/06\/Webdo-Tunisie_168377.jpg","contentUrl":"https:\/\/www.webdo.tn\/fr\/wp-content\/uploads\/2025\/06\/Webdo-Tunisie_168377.jpg","width":301,"height":301,"caption":"Webdo"},"image":{"@id":"https:\/\/www.webdo.tn\/fr\/#\/schema\/logo\/image\/"},"sameAs":["https:\/\/www.facebook.com\/webdotn","https:\/\/x.com\/webdo_tn"],"description":"Webdo est un m\u00e9dia num\u00e9rique tunisien fond\u00e9 en 2010, sp\u00e9cialis\u00e9 dans l\u2019actualit\u00e9 nationale et internationale, l\u2019\u00e9conomie, la soci\u00e9t\u00e9 et les analyses politiques. Le site s\u2019adresse \u00e0 un large public francophone et couvre l\u2019information tunisienne en temps r\u00e9el.","email":"redac@webdo.tn","legalName":"YNJ SARL","foundingDate":"2010-09-06","numberOfEmployees":{"@type":"QuantitativeValue","minValue":"11","maxValue":"50"}},{"@type":"Person","@id":"https:\/\/www.webdo.tn\/fr\/#\/schema\/person\/6bc0beba2cd23aec27cb5df85ca2554f","name":"Hatem Bourial","image":{"@type":"ImageObject","inLanguage":"fr-FR","@id":"https:\/\/www.webdo.tn\/fr\/wp-content\/uploads\/2026\/04\/hatem-bourial_avatar-96x96.jpg","url":"https:\/\/www.webdo.tn\/fr\/wp-content\/uploads\/2026\/04\/hatem-bourial_avatar-96x96.jpg","contentUrl":"https:\/\/www.webdo.tn\/fr\/wp-content\/uploads\/2026\/04\/hatem-bourial_avatar-96x96.jpg","caption":"Hatem Bourial"},"description":"Hatem Bourial est journaliste, \u00e9crivain et chroniqueur tunisien. Actif depuis plusieurs d\u00e9cennies, il s\u2019est impos\u00e9 comme un observateur attentif de la soci\u00e9t\u00e9 tunisienne, m\u00ealant dans ses \u00e9crits m\u00e9moire, culture et analyse du quotidien. Auteur de nombreux ouvrages, il d\u00e9veloppe une \u0153uvre \u00e0 la crois\u00e9e du r\u00e9cit, de la po\u00e9sie et de l\u2019observation sociologique. Parall\u00e8lement \u00e0 ses contributions dans la presse, il intervient r\u00e9guli\u00e8rement \u00e0 la radio et dans des espaces culturels, o\u00f9 il explore les enjeux li\u00e9s au patrimoine, \u00e0 l\u2019identit\u00e9 et aux transformations du monde contemporain. \u00c0 travers ses chroniques, Hatem Bourial propose une lecture sensible et approfondie de l\u2019actualit\u00e9, nourrie par une exp\u00e9rience journalistique et litt\u00e9raire reconnue. \ud83d\udd17 Facebook : https:\/\/www.facebook.com\/hatem.bourial.2025","sameAs":["https:\/\/www.facebook.com\/hatem.bourial.2025","https:\/\/fr.wikipedia.org\/wiki\/Fichier:Hatem_Bourial.jpg"],"knowsAbout":["Culture & patrimoine tunisien","Chronique soci\u00e9tale","Litt\u00e9rature & m\u00e9moire","Cin\u00e9ma & critique culturelle","Identit\u00e9 & mutations sociales"],"knowsLanguage":["Arabe","Fran\u00e7ais","Anglais","Italien","Polonais"],"jobTitle":"Journaliste, \u00e9crivain et chroniqueur culturel","worksFor":"Webdo","url":"https:\/\/www.webdo.tn\/fr\/actualite\/author\/hatem-bourial-2\/"}]}},"_links":{"self":[{"href":"https:\/\/www.webdo.tn\/fr\/wp-json\/wp\/v2\/posts\/212776","targetHints":{"allow":["GET"]}}],"collection":[{"href":"https:\/\/www.webdo.tn\/fr\/wp-json\/wp\/v2\/posts"}],"about":[{"href":"https:\/\/www.webdo.tn\/fr\/wp-json\/wp\/v2\/types\/post"}],"author":[{"embeddable":true,"href":"https:\/\/www.webdo.tn\/fr\/wp-json\/wp\/v2\/users\/3229"}],"replies":[{"embeddable":true,"href":"https:\/\/www.webdo.tn\/fr\/wp-json\/wp\/v2\/comments?post=212776"}],"version-history":[{"count":0,"href":"https:\/\/www.webdo.tn\/fr\/wp-json\/wp\/v2\/posts\/212776\/revisions"}],"wp:featuredmedia":[{"embeddable":true,"href":"https:\/\/www.webdo.tn\/fr\/wp-json\/wp\/v2\/media\/290309"}],"wp:attachment":[{"href":"https:\/\/www.webdo.tn\/fr\/wp-json\/wp\/v2\/media?parent=212776"}],"wp:term":[{"taxonomy":"category","embeddable":true,"href":"https:\/\/www.webdo.tn\/fr\/wp-json\/wp\/v2\/categories?post=212776"},{"taxonomy":"post_tag","embeddable":true,"href":"https:\/\/www.webdo.tn\/fr\/wp-json\/wp\/v2\/tags?post=212776"}],"curies":[{"name":"wp","href":"https:\/\/api.w.org\/{rel}","templated":true}]}}