{"id":212775,"date":"2024-03-06T10:11:00","date_gmt":"2024-03-06T10:11:00","guid":{"rendered":"https:\/\/www.webdo.tn\/fr\/blog\/officiel-l-ancienne-cathedrale-de-carthage-ouvrira-le-8-mars\/212775\/"},"modified":"2024-03-06T10:11:00","modified_gmt":"2024-03-06T10:11:00","slug":"officiel-l-ancienne-cathedrale-de-carthage-ouvrira-le-8-mars","status":"publish","type":"post","link":"https:\/\/www.webdo.tn\/fr\/actualite\/chroniques\/officiel-l-ancienne-cathedrale-de-carthage-ouvrira-le-8-mars\/212775\/","title":{"rendered":"Officiel : L&rsquo;ancienne cath\u00e9drale de Carthage ouvrira le 8 mars"},"content":{"rendered":"<p>Apr\u00e8s une fermeture qui aura dur\u00e9 trois ans, l&rsquo;ancienne cath\u00e9drale de Carthage sera ouverte aux visites \u00e0 partir du vendredi 8 mars.<\/p>\n<p>\t\t\t\t\t\t\t\t\tL&rsquo;ancienne cath\u00e9drale de Carthage devrait ouvrir ses portes au public, \u00e0 partir du vendredi 8 mars, selon les horaires du mus\u00e9e national de Carthage.<\/p>\n<p>En effet, les visites \u00e0 la cath\u00e9drale Saint-Louis se feront aux horaires d&rsquo;ouverture du mus\u00e9e. Toutefois, durant le mois de Ramadan et \u00e0 partir du vendredi 15 mars, des visites en nocturne seront possibles selon des horaires qui seront annonc\u00e9s par les services comp\u00e9tents.<\/p>\n<p>Plusieurs m\u00e9diateurs culturels seront mis \u00e0 la disposition du public afin d&rsquo;accompagner et enrichir les visites. Il est \u00e0 noter que cette r\u00e9ouverture de l&rsquo;ancienne cath\u00e9drale, se fera \u00e0 titre provisoire et partiel, dans le respect des protocoles de s\u00e9curit\u00e9.<\/p>\n<p>En effet, un chantier actuellement en cours impose certaines contraintes de s\u00e9curit\u00e9 et \u00e0 ce titre, aussi bien le parvis de la cath\u00e9drale que la zone de l&rsquo;abside ne seront pas accessibles.<\/p>\n<p>Enfin, cette r\u00e9ouverture entre dans le cadre des efforts du minist\u00e8re des Affaires culturelles et de l&rsquo;agence de mise en valeur et de promotion du patrimoine pour remettre en service plusieurs espaces qui \u00e9taient ferm\u00e9s.<\/p>\n<p>Ces efforts ont permis entre autres la r\u00e9ouverture de Tourbet El Bey, du quartier Didon et du mus\u00e9e pal\u00e9ochr\u00e9tien \u00e0 Carthage et bien s\u00fbr du mus\u00e9e du Bardo.<\/p>\n<p>C&rsquo;est maintenant au tour de l&rsquo;ancienne cath\u00e9drale de Carthage d&rsquo;ouvrir ses portes d\u00e8s le 8 mars. L&rsquo;annonce officielle de cette r\u00e9ouverture devrait \u00eatre communiqu\u00e9e incessamment.<\/p>\n<p>(Photos : Hatem Bourial)<\/p>\n","protected":false},"excerpt":{"rendered":"<p>L&rsquo;ancienne cath\u00e9drale de Carthage devrait ouvrir ses portes au public, \u00e0 partir du vendredi 8 mars, selon les horaires du mus\u00e9e national de Carthage.<\/p>\n","protected":false},"author":3229,"featured_media":290310,"comment_status":"open","ping_status":"closed","sticky":false,"template":"","format":"standard","meta":{"footnotes":""},"categories":[2596],"tags":[10040,5271,2640,2608],"class_list":["post-212775","post","type-post","status-publish","format-standard","has-post-thumbnail","hentry","category-chroniques","tag-musee-national-de-carthage","tag-cathedrale-de-carthage","tag-tunis","tag-tunisie"],"yoast_head":"<!-- This site is optimized with the Yoast SEO Premium plugin v27.5 (Yoast SEO v27.5) - https:\/\/yoast.com\/product\/yoast-seo-premium-wordpress\/ -->\n<title>Officiel : L&#039;ancienne cath\u00e9drale de Carthage ouvrira le 8 mars<\/title>\n<meta name=\"description\" content=\"L&#039;ancienne cath\u00e9drale de Carthage devrait ouvrir ses portes au public, \u00e0 partir du vendredi 8 mars, selon les horaires du mus\u00e9e national de Carthage.\" \/>\n<link rel=\"canonical\" href=\"https:\/\/www.webdo.tn\/fr\/actualite\/chroniques\/officiel-l-ancienne-cathedrale-de-carthage-ouvrira-le-8-mars\/212775\/\" \/>\n<meta property=\"og:locale\" content=\"fr_FR\" \/>\n<meta property=\"og:type\" content=\"article\" \/>\n<meta property=\"og:title\" content=\"Officiel : L&#039;ancienne cath\u00e9drale de Carthage ouvrira le 8 mars\" \/>\n<meta property=\"og:description\" content=\"L&#039;ancienne cath\u00e9drale de Carthage devrait ouvrir ses portes au public, \u00e0 partir du vendredi 8 mars, selon les horaires du mus\u00e9e national de Carthage.\" \/>\n<meta property=\"og:url\" content=\"https:\/\/www.webdo.tn\/fr\/actualite\/chroniques\/officiel-l-ancienne-cathedrale-de-carthage-ouvrira-le-8-mars\/212775\/\" \/>\n<meta property=\"og:site_name\" content=\"webdo\" \/>\n<meta property=\"article:publisher\" content=\"https:\/\/www.facebook.com\/webdotn\" \/>\n<meta property=\"article:author\" content=\"https:\/\/www.facebook.com\/hatem.bourial.2025\" \/>\n<meta property=\"article:published_time\" content=\"2024-03-06T10:11:00+00:00\" \/>\n<meta property=\"og:image\" content=\"https:\/\/www.webdo.tn\/fr\/wp-content\/uploads\/2024\/03\/a4b9353ff43d5abaadee81e34cb9a6fa.jpg\" \/>\n\t<meta property=\"og:image:width\" content=\"750\" \/>\n\t<meta property=\"og:image:height\" content=\"400\" \/>\n\t<meta property=\"og:image:type\" content=\"image\/jpeg\" \/>\n<meta name=\"author\" content=\"Hatem Bourial\" \/>\n<meta name=\"twitter:card\" content=\"summary_large_image\" \/>\n<meta name=\"twitter:creator\" content=\"@webdo_tn\" \/>\n<meta name=\"twitter:site\" content=\"@webdo_tn\" \/>\n<meta name=\"twitter:label1\" content=\"\u00c9crit par\" \/>\n\t<meta name=\"twitter:data1\" content=\"Hatem Bourial\" \/>\n\t<meta name=\"twitter:label2\" content=\"Dur\u00e9e de lecture estim\u00e9e\" \/>\n\t<meta name=\"twitter:data2\" content=\"1 minute\" \/>\n<script type=\"application\/ld+json\" class=\"yoast-schema-graph\">{\"@context\":\"https:\\\/\\\/schema.org\",\"@graph\":[{\"@type\":\"NewsArticle\",\"@id\":\"https:\\\/\\\/www.webdo.tn\\\/fr\\\/actualite\\\/chroniques\\\/officiel-l-ancienne-cathedrale-de-carthage-ouvrira-le-8-mars\\\/212775\\\/#article\",\"isPartOf\":{\"@id\":\"https:\\\/\\\/www.webdo.tn\\\/fr\\\/actualite\\\/chroniques\\\/officiel-l-ancienne-cathedrale-de-carthage-ouvrira-le-8-mars\\\/212775\\\/\"},\"author\":{\"name\":\"Hatem Bourial\",\"@id\":\"https:\\\/\\\/www.webdo.tn\\\/fr\\\/#\\\/schema\\\/person\\\/6bc0beba2cd23aec27cb5df85ca2554f\"},\"headline\":\"Officiel : L&rsquo;ancienne cath\u00e9drale de Carthage ouvrira le 8 mars\",\"datePublished\":\"2024-03-06T10:11:00+00:00\",\"mainEntityOfPage\":{\"@id\":\"https:\\\/\\\/www.webdo.tn\\\/fr\\\/actualite\\\/chroniques\\\/officiel-l-ancienne-cathedrale-de-carthage-ouvrira-le-8-mars\\\/212775\\\/\"},\"wordCount\":288,\"commentCount\":0,\"publisher\":{\"@id\":\"https:\\\/\\\/www.webdo.tn\\\/fr\\\/#organization\"},\"image\":{\"@id\":\"https:\\\/\\\/www.webdo.tn\\\/fr\\\/actualite\\\/chroniques\\\/officiel-l-ancienne-cathedrale-de-carthage-ouvrira-le-8-mars\\\/212775\\\/#primaryimage\"},\"thumbnailUrl\":\"https:\\\/\\\/www.webdo.tn\\\/fr\\\/wp-content\\\/uploads\\\/2024\\\/03\\\/a4b9353ff43d5abaadee81e34cb9a6fa.jpg\",\"keywords\":[\"'mus\u00e9e national de Carthage']\",\"cath\u00e9drale de carthage\",\"Tunis\",\"Tunisie\"],\"articleSection\":[\"Chroniques\"],\"inLanguage\":\"fr-FR\"},{\"@type\":\"WebPage\",\"@id\":\"https:\\\/\\\/www.webdo.tn\\\/fr\\\/actualite\\\/chroniques\\\/officiel-l-ancienne-cathedrale-de-carthage-ouvrira-le-8-mars\\\/212775\\\/\",\"url\":\"https:\\\/\\\/www.webdo.tn\\\/fr\\\/actualite\\\/chroniques\\\/officiel-l-ancienne-cathedrale-de-carthage-ouvrira-le-8-mars\\\/212775\\\/\",\"name\":\"Officiel : L'ancienne cath\u00e9drale de Carthage ouvrira le 8 mars\",\"isPartOf\":{\"@id\":\"https:\\\/\\\/www.webdo.tn\\\/fr\\\/#website\"},\"primaryImageOfPage\":{\"@id\":\"https:\\\/\\\/www.webdo.tn\\\/fr\\\/actualite\\\/chroniques\\\/officiel-l-ancienne-cathedrale-de-carthage-ouvrira-le-8-mars\\\/212775\\\/#primaryimage\"},\"image\":{\"@id\":\"https:\\\/\\\/www.webdo.tn\\\/fr\\\/actualite\\\/chroniques\\\/officiel-l-ancienne-cathedrale-de-carthage-ouvrira-le-8-mars\\\/212775\\\/#primaryimage\"},\"thumbnailUrl\":\"https:\\\/\\\/www.webdo.tn\\\/fr\\\/wp-content\\\/uploads\\\/2024\\\/03\\\/a4b9353ff43d5abaadee81e34cb9a6fa.jpg\",\"datePublished\":\"2024-03-06T10:11:00+00:00\",\"description\":\"L'ancienne cath\u00e9drale de Carthage devrait ouvrir ses portes au public, \u00e0 partir du vendredi 8 mars, selon les horaires du mus\u00e9e national de Carthage.\",\"breadcrumb\":{\"@id\":\"https:\\\/\\\/www.webdo.tn\\\/fr\\\/actualite\\\/chroniques\\\/officiel-l-ancienne-cathedrale-de-carthage-ouvrira-le-8-mars\\\/212775\\\/#breadcrumb\"},\"inLanguage\":\"fr-FR\",\"potentialAction\":[{\"@type\":\"ReadAction\",\"target\":[\"https:\\\/\\\/www.webdo.tn\\\/fr\\\/actualite\\\/chroniques\\\/officiel-l-ancienne-cathedrale-de-carthage-ouvrira-le-8-mars\\\/212775\\\/\"]}]},{\"@type\":\"ImageObject\",\"inLanguage\":\"fr-FR\",\"@id\":\"https:\\\/\\\/www.webdo.tn\\\/fr\\\/actualite\\\/chroniques\\\/officiel-l-ancienne-cathedrale-de-carthage-ouvrira-le-8-mars\\\/212775\\\/#primaryimage\",\"url\":\"https:\\\/\\\/www.webdo.tn\\\/fr\\\/wp-content\\\/uploads\\\/2024\\\/03\\\/a4b9353ff43d5abaadee81e34cb9a6fa.jpg\",\"contentUrl\":\"https:\\\/\\\/www.webdo.tn\\\/fr\\\/wp-content\\\/uploads\\\/2024\\\/03\\\/a4b9353ff43d5abaadee81e34cb9a6fa.jpg\",\"width\":750,\"height\":400,\"caption\":\"Officiel : L'ancienne cath\u00e9drale de Carthage ouvrira le 8 mars\"},{\"@type\":\"BreadcrumbList\",\"@id\":\"https:\\\/\\\/www.webdo.tn\\\/fr\\\/actualite\\\/chroniques\\\/officiel-l-ancienne-cathedrale-de-carthage-ouvrira-le-8-mars\\\/212775\\\/#breadcrumb\",\"itemListElement\":[{\"@type\":\"ListItem\",\"position\":1,\"name\":\"Accueil\",\"item\":\"https:\\\/\\\/www.webdo.tn\\\/fr\\\/\"},{\"@type\":\"ListItem\",\"position\":2,\"name\":\"Officiel : L&#8217;ancienne cath\u00e9drale de Carthage ouvrira le 8 mars\"}]},{\"@type\":\"WebSite\",\"@id\":\"https:\\\/\\\/www.webdo.tn\\\/fr\\\/#website\",\"url\":\"https:\\\/\\\/www.webdo.tn\\\/fr\\\/\",\"name\":\"webdo\",\"description\":\"Tunisie - News en Tunisie et \u00e0 l&#039;international sur Webdo.tn\",\"publisher\":{\"@id\":\"https:\\\/\\\/www.webdo.tn\\\/fr\\\/#organization\"},\"potentialAction\":[{\"@type\":\"SearchAction\",\"target\":{\"@type\":\"EntryPoint\",\"urlTemplate\":\"https:\\\/\\\/www.webdo.tn\\\/fr\\\/?s={search_term_string}\"},\"query-input\":{\"@type\":\"PropertyValueSpecification\",\"valueRequired\":true,\"valueName\":\"search_term_string\"}}],\"inLanguage\":\"fr-FR\"},{\"@type\":\"Organization\",\"@id\":\"https:\\\/\\\/www.webdo.tn\\\/fr\\\/#organization\",\"name\":\"Webdo\",\"alternateName\":\"Webdo.tn\",\"url\":\"https:\\\/\\\/www.webdo.tn\\\/fr\\\/\",\"logo\":{\"@type\":\"ImageObject\",\"inLanguage\":\"fr-FR\",\"@id\":\"https:\\\/\\\/www.webdo.tn\\\/fr\\\/#\\\/schema\\\/logo\\\/image\\\/\",\"url\":\"https:\\\/\\\/www.webdo.tn\\\/fr\\\/wp-content\\\/uploads\\\/2025\\\/06\\\/Webdo-Tunisie_168377.jpg\",\"contentUrl\":\"https:\\\/\\\/www.webdo.tn\\\/fr\\\/wp-content\\\/uploads\\\/2025\\\/06\\\/Webdo-Tunisie_168377.jpg\",\"width\":301,\"height\":301,\"caption\":\"Webdo\"},\"image\":{\"@id\":\"https:\\\/\\\/www.webdo.tn\\\/fr\\\/#\\\/schema\\\/logo\\\/image\\\/\"},\"sameAs\":[\"https:\\\/\\\/www.facebook.com\\\/webdotn\",\"https:\\\/\\\/x.com\\\/webdo_tn\"],\"description\":\"Webdo est un m\u00e9dia num\u00e9rique tunisien fond\u00e9 en 2010, sp\u00e9cialis\u00e9 dans l\u2019actualit\u00e9 nationale et internationale, l\u2019\u00e9conomie, la soci\u00e9t\u00e9 et les analyses politiques. Le site s\u2019adresse \u00e0 un large public francophone et couvre l\u2019information tunisienne en temps r\u00e9el.\",\"email\":\"redac@webdo.tn\",\"legalName\":\"YNJ SARL\",\"foundingDate\":\"2010-09-06\",\"numberOfEmployees\":{\"@type\":\"QuantitativeValue\",\"minValue\":\"11\",\"maxValue\":\"50\"}},{\"@type\":\"Person\",\"@id\":\"https:\\\/\\\/www.webdo.tn\\\/fr\\\/#\\\/schema\\\/person\\\/6bc0beba2cd23aec27cb5df85ca2554f\",\"name\":\"Hatem Bourial\",\"image\":{\"@type\":\"ImageObject\",\"inLanguage\":\"fr-FR\",\"@id\":\"https:\\\/\\\/www.webdo.tn\\\/fr\\\/wp-content\\\/uploads\\\/2026\\\/04\\\/hatem-bourial_avatar-96x96.jpg\",\"url\":\"https:\\\/\\\/www.webdo.tn\\\/fr\\\/wp-content\\\/uploads\\\/2026\\\/04\\\/hatem-bourial_avatar-96x96.jpg\",\"contentUrl\":\"https:\\\/\\\/www.webdo.tn\\\/fr\\\/wp-content\\\/uploads\\\/2026\\\/04\\\/hatem-bourial_avatar-96x96.jpg\",\"caption\":\"Hatem Bourial\"},\"description\":\"Hatem Bourial est journaliste, \u00e9crivain et chroniqueur tunisien. Actif depuis plusieurs d\u00e9cennies, il s\u2019est impos\u00e9 comme un observateur attentif de la soci\u00e9t\u00e9 tunisienne, m\u00ealant dans ses \u00e9crits m\u00e9moire, culture et analyse du quotidien. Auteur de nombreux ouvrages, il d\u00e9veloppe une \u0153uvre \u00e0 la crois\u00e9e du r\u00e9cit, de la po\u00e9sie et de l\u2019observation sociologique. Parall\u00e8lement \u00e0 ses contributions dans la presse, il intervient r\u00e9guli\u00e8rement \u00e0 la radio et dans des espaces culturels, o\u00f9 il explore les enjeux li\u00e9s au patrimoine, \u00e0 l\u2019identit\u00e9 et aux transformations du monde contemporain. \u00c0 travers ses chroniques, Hatem Bourial propose une lecture sensible et approfondie de l\u2019actualit\u00e9, nourrie par une exp\u00e9rience journalistique et litt\u00e9raire reconnue. \ud83d\udd17 Facebook : https:\\\/\\\/www.facebook.com\\\/hatem.bourial.2025\",\"sameAs\":[\"https:\\\/\\\/www.facebook.com\\\/hatem.bourial.2025\",\"https:\\\/\\\/fr.wikipedia.org\\\/wiki\\\/Fichier:Hatem_Bourial.jpg\"],\"knowsAbout\":[\"Culture & patrimoine tunisien\",\"Chronique soci\u00e9tale\",\"Litt\u00e9rature & m\u00e9moire\",\"Cin\u00e9ma & critique culturelle\",\"Identit\u00e9 & mutations sociales\"],\"knowsLanguage\":[\"Arabe\",\"Fran\u00e7ais\",\"Anglais\",\"Italien\",\"Polonais\"],\"jobTitle\":\"Journaliste, \u00e9crivain et chroniqueur culturel\",\"worksFor\":\"Webdo\",\"url\":\"https:\\\/\\\/www.webdo.tn\\\/fr\\\/actualite\\\/author\\\/hatem-bourial-2\\\/\"}]}<\/script>\n<!-- \/ Yoast SEO Premium plugin. -->","yoast_head_json":{"title":"Officiel : L'ancienne cath\u00e9drale de Carthage ouvrira le 8 mars","description":"L'ancienne cath\u00e9drale de Carthage devrait ouvrir ses portes au public, \u00e0 partir du vendredi 8 mars, selon les horaires du mus\u00e9e national de Carthage.","canonical":"https:\/\/www.webdo.tn\/fr\/actualite\/chroniques\/officiel-l-ancienne-cathedrale-de-carthage-ouvrira-le-8-mars\/212775\/","og_locale":"fr_FR","og_type":"article","og_title":"Officiel : L'ancienne cath\u00e9drale de Carthage ouvrira le 8 mars","og_description":"L'ancienne cath\u00e9drale de Carthage devrait ouvrir ses portes au public, \u00e0 partir du vendredi 8 mars, selon les horaires du mus\u00e9e national de Carthage.","og_url":"https:\/\/www.webdo.tn\/fr\/actualite\/chroniques\/officiel-l-ancienne-cathedrale-de-carthage-ouvrira-le-8-mars\/212775\/","og_site_name":"webdo","article_publisher":"https:\/\/www.facebook.com\/webdotn","article_author":"https:\/\/www.facebook.com\/hatem.bourial.2025","article_published_time":"2024-03-06T10:11:00+00:00","og_image":[{"width":750,"height":400,"url":"https:\/\/www.webdo.tn\/fr\/wp-content\/uploads\/2024\/03\/a4b9353ff43d5abaadee81e34cb9a6fa.jpg","type":"image\/jpeg"}],"author":"Hatem Bourial","twitter_card":"summary_large_image","twitter_creator":"@webdo_tn","twitter_site":"@webdo_tn","twitter_misc":{"\u00c9crit par":"Hatem Bourial","Dur\u00e9e de lecture estim\u00e9e":"1 minute"},"schema":{"@context":"https:\/\/schema.org","@graph":[{"@type":"NewsArticle","@id":"https:\/\/www.webdo.tn\/fr\/actualite\/chroniques\/officiel-l-ancienne-cathedrale-de-carthage-ouvrira-le-8-mars\/212775\/#article","isPartOf":{"@id":"https:\/\/www.webdo.tn\/fr\/actualite\/chroniques\/officiel-l-ancienne-cathedrale-de-carthage-ouvrira-le-8-mars\/212775\/"},"author":{"name":"Hatem Bourial","@id":"https:\/\/www.webdo.tn\/fr\/#\/schema\/person\/6bc0beba2cd23aec27cb5df85ca2554f"},"headline":"Officiel : L&rsquo;ancienne cath\u00e9drale de Carthage ouvrira le 8 mars","datePublished":"2024-03-06T10:11:00+00:00","mainEntityOfPage":{"@id":"https:\/\/www.webdo.tn\/fr\/actualite\/chroniques\/officiel-l-ancienne-cathedrale-de-carthage-ouvrira-le-8-mars\/212775\/"},"wordCount":288,"commentCount":0,"publisher":{"@id":"https:\/\/www.webdo.tn\/fr\/#organization"},"image":{"@id":"https:\/\/www.webdo.tn\/fr\/actualite\/chroniques\/officiel-l-ancienne-cathedrale-de-carthage-ouvrira-le-8-mars\/212775\/#primaryimage"},"thumbnailUrl":"https:\/\/www.webdo.tn\/fr\/wp-content\/uploads\/2024\/03\/a4b9353ff43d5abaadee81e34cb9a6fa.jpg","keywords":["'mus\u00e9e national de Carthage']","cath\u00e9drale de carthage","Tunis","Tunisie"],"articleSection":["Chroniques"],"inLanguage":"fr-FR"},{"@type":"WebPage","@id":"https:\/\/www.webdo.tn\/fr\/actualite\/chroniques\/officiel-l-ancienne-cathedrale-de-carthage-ouvrira-le-8-mars\/212775\/","url":"https:\/\/www.webdo.tn\/fr\/actualite\/chroniques\/officiel-l-ancienne-cathedrale-de-carthage-ouvrira-le-8-mars\/212775\/","name":"Officiel : L'ancienne cath\u00e9drale de Carthage ouvrira le 8 mars","isPartOf":{"@id":"https:\/\/www.webdo.tn\/fr\/#website"},"primaryImageOfPage":{"@id":"https:\/\/www.webdo.tn\/fr\/actualite\/chroniques\/officiel-l-ancienne-cathedrale-de-carthage-ouvrira-le-8-mars\/212775\/#primaryimage"},"image":{"@id":"https:\/\/www.webdo.tn\/fr\/actualite\/chroniques\/officiel-l-ancienne-cathedrale-de-carthage-ouvrira-le-8-mars\/212775\/#primaryimage"},"thumbnailUrl":"https:\/\/www.webdo.tn\/fr\/wp-content\/uploads\/2024\/03\/a4b9353ff43d5abaadee81e34cb9a6fa.jpg","datePublished":"2024-03-06T10:11:00+00:00","description":"L'ancienne cath\u00e9drale de Carthage devrait ouvrir ses portes au public, \u00e0 partir du vendredi 8 mars, selon les horaires du mus\u00e9e national de Carthage.","breadcrumb":{"@id":"https:\/\/www.webdo.tn\/fr\/actualite\/chroniques\/officiel-l-ancienne-cathedrale-de-carthage-ouvrira-le-8-mars\/212775\/#breadcrumb"},"inLanguage":"fr-FR","potentialAction":[{"@type":"ReadAction","target":["https:\/\/www.webdo.tn\/fr\/actualite\/chroniques\/officiel-l-ancienne-cathedrale-de-carthage-ouvrira-le-8-mars\/212775\/"]}]},{"@type":"ImageObject","inLanguage":"fr-FR","@id":"https:\/\/www.webdo.tn\/fr\/actualite\/chroniques\/officiel-l-ancienne-cathedrale-de-carthage-ouvrira-le-8-mars\/212775\/#primaryimage","url":"https:\/\/www.webdo.tn\/fr\/wp-content\/uploads\/2024\/03\/a4b9353ff43d5abaadee81e34cb9a6fa.jpg","contentUrl":"https:\/\/www.webdo.tn\/fr\/wp-content\/uploads\/2024\/03\/a4b9353ff43d5abaadee81e34cb9a6fa.jpg","width":750,"height":400,"caption":"Officiel : L'ancienne cath\u00e9drale de Carthage ouvrira le 8 mars"},{"@type":"BreadcrumbList","@id":"https:\/\/www.webdo.tn\/fr\/actualite\/chroniques\/officiel-l-ancienne-cathedrale-de-carthage-ouvrira-le-8-mars\/212775\/#breadcrumb","itemListElement":[{"@type":"ListItem","position":1,"name":"Accueil","item":"https:\/\/www.webdo.tn\/fr\/"},{"@type":"ListItem","position":2,"name":"Officiel : L&#8217;ancienne cath\u00e9drale de Carthage ouvrira le 8 mars"}]},{"@type":"WebSite","@id":"https:\/\/www.webdo.tn\/fr\/#website","url":"https:\/\/www.webdo.tn\/fr\/","name":"webdo","description":"Tunisie - News en Tunisie et \u00e0 l&#039;international sur Webdo.tn","publisher":{"@id":"https:\/\/www.webdo.tn\/fr\/#organization"},"potentialAction":[{"@type":"SearchAction","target":{"@type":"EntryPoint","urlTemplate":"https:\/\/www.webdo.tn\/fr\/?s={search_term_string}"},"query-input":{"@type":"PropertyValueSpecification","valueRequired":true,"valueName":"search_term_string"}}],"inLanguage":"fr-FR"},{"@type":"Organization","@id":"https:\/\/www.webdo.tn\/fr\/#organization","name":"Webdo","alternateName":"Webdo.tn","url":"https:\/\/www.webdo.tn\/fr\/","logo":{"@type":"ImageObject","inLanguage":"fr-FR","@id":"https:\/\/www.webdo.tn\/fr\/#\/schema\/logo\/image\/","url":"https:\/\/www.webdo.tn\/fr\/wp-content\/uploads\/2025\/06\/Webdo-Tunisie_168377.jpg","contentUrl":"https:\/\/www.webdo.tn\/fr\/wp-content\/uploads\/2025\/06\/Webdo-Tunisie_168377.jpg","width":301,"height":301,"caption":"Webdo"},"image":{"@id":"https:\/\/www.webdo.tn\/fr\/#\/schema\/logo\/image\/"},"sameAs":["https:\/\/www.facebook.com\/webdotn","https:\/\/x.com\/webdo_tn"],"description":"Webdo est un m\u00e9dia num\u00e9rique tunisien fond\u00e9 en 2010, sp\u00e9cialis\u00e9 dans l\u2019actualit\u00e9 nationale et internationale, l\u2019\u00e9conomie, la soci\u00e9t\u00e9 et les analyses politiques. Le site s\u2019adresse \u00e0 un large public francophone et couvre l\u2019information tunisienne en temps r\u00e9el.","email":"redac@webdo.tn","legalName":"YNJ SARL","foundingDate":"2010-09-06","numberOfEmployees":{"@type":"QuantitativeValue","minValue":"11","maxValue":"50"}},{"@type":"Person","@id":"https:\/\/www.webdo.tn\/fr\/#\/schema\/person\/6bc0beba2cd23aec27cb5df85ca2554f","name":"Hatem Bourial","image":{"@type":"ImageObject","inLanguage":"fr-FR","@id":"https:\/\/www.webdo.tn\/fr\/wp-content\/uploads\/2026\/04\/hatem-bourial_avatar-96x96.jpg","url":"https:\/\/www.webdo.tn\/fr\/wp-content\/uploads\/2026\/04\/hatem-bourial_avatar-96x96.jpg","contentUrl":"https:\/\/www.webdo.tn\/fr\/wp-content\/uploads\/2026\/04\/hatem-bourial_avatar-96x96.jpg","caption":"Hatem Bourial"},"description":"Hatem Bourial est journaliste, \u00e9crivain et chroniqueur tunisien. Actif depuis plusieurs d\u00e9cennies, il s\u2019est impos\u00e9 comme un observateur attentif de la soci\u00e9t\u00e9 tunisienne, m\u00ealant dans ses \u00e9crits m\u00e9moire, culture et analyse du quotidien. Auteur de nombreux ouvrages, il d\u00e9veloppe une \u0153uvre \u00e0 la crois\u00e9e du r\u00e9cit, de la po\u00e9sie et de l\u2019observation sociologique. Parall\u00e8lement \u00e0 ses contributions dans la presse, il intervient r\u00e9guli\u00e8rement \u00e0 la radio et dans des espaces culturels, o\u00f9 il explore les enjeux li\u00e9s au patrimoine, \u00e0 l\u2019identit\u00e9 et aux transformations du monde contemporain. \u00c0 travers ses chroniques, Hatem Bourial propose une lecture sensible et approfondie de l\u2019actualit\u00e9, nourrie par une exp\u00e9rience journalistique et litt\u00e9raire reconnue. \ud83d\udd17 Facebook : https:\/\/www.facebook.com\/hatem.bourial.2025","sameAs":["https:\/\/www.facebook.com\/hatem.bourial.2025","https:\/\/fr.wikipedia.org\/wiki\/Fichier:Hatem_Bourial.jpg"],"knowsAbout":["Culture & patrimoine tunisien","Chronique soci\u00e9tale","Litt\u00e9rature & m\u00e9moire","Cin\u00e9ma & critique culturelle","Identit\u00e9 & mutations sociales"],"knowsLanguage":["Arabe","Fran\u00e7ais","Anglais","Italien","Polonais"],"jobTitle":"Journaliste, \u00e9crivain et chroniqueur culturel","worksFor":"Webdo","url":"https:\/\/www.webdo.tn\/fr\/actualite\/author\/hatem-bourial-2\/"}]}},"_links":{"self":[{"href":"https:\/\/www.webdo.tn\/fr\/wp-json\/wp\/v2\/posts\/212775","targetHints":{"allow":["GET"]}}],"collection":[{"href":"https:\/\/www.webdo.tn\/fr\/wp-json\/wp\/v2\/posts"}],"about":[{"href":"https:\/\/www.webdo.tn\/fr\/wp-json\/wp\/v2\/types\/post"}],"author":[{"embeddable":true,"href":"https:\/\/www.webdo.tn\/fr\/wp-json\/wp\/v2\/users\/3229"}],"replies":[{"embeddable":true,"href":"https:\/\/www.webdo.tn\/fr\/wp-json\/wp\/v2\/comments?post=212775"}],"version-history":[{"count":0,"href":"https:\/\/www.webdo.tn\/fr\/wp-json\/wp\/v2\/posts\/212775\/revisions"}],"wp:featuredmedia":[{"embeddable":true,"href":"https:\/\/www.webdo.tn\/fr\/wp-json\/wp\/v2\/media\/290310"}],"wp:attachment":[{"href":"https:\/\/www.webdo.tn\/fr\/wp-json\/wp\/v2\/media?parent=212775"}],"wp:term":[{"taxonomy":"category","embeddable":true,"href":"https:\/\/www.webdo.tn\/fr\/wp-json\/wp\/v2\/categories?post=212775"},{"taxonomy":"post_tag","embeddable":true,"href":"https:\/\/www.webdo.tn\/fr\/wp-json\/wp\/v2\/tags?post=212775"}],"curies":[{"name":"wp","href":"https:\/\/api.w.org\/{rel}","templated":true}]}}