{"id":212766,"date":"2024-03-05T20:36:00","date_gmt":"2024-03-05T20:36:00","guid":{"rendered":"https:\/\/www.webdo.tn\/fr\/blog\/panne-des-services-meta-la-nouvelle-loi-europeenne-sur-le-numerique-en-est-la-cause\/212766\/"},"modified":"2025-05-20T22:55:12","modified_gmt":"2025-05-20T22:55:12","slug":"panne-des-services-meta-la-nouvelle-loi-europeenne-sur-le-numerique-en-est-la-cause","status":"publish","type":"post","link":"https:\/\/www.webdo.tn\/fr\/actualite\/international\/panne-des-services-meta-la-nouvelle-loi-europeenne-sur-le-numerique-en-est-la-cause\/212766\/","title":{"rendered":"Panne des services de Meta : La nouvelle loi europ\u00e9enne sur le num\u00e9rique en est-elle la cause ?"},"content":{"rendered":"<p>Facebook semble d\u00e9sormais accessible, apr\u00e8s une panne mondiale de plus d&rsquo;une heure, qui a \u00e9galement touch\u00e9 Instagram et Messenger, son service de messagerie instantan\u00e9e.<\/p>\n<p>\t\t\t\t\t\t\t\t\tUne panne majeure a affect\u00e9 tous les services de Meta ce mardi 5 mars, vers 16h. En Tunisie, comme tous les autres pays du monde, les internautes n\u2019ont pas pu acc\u00e9der au r\u00e9seau social Facebook et ses diff\u00e9rentes plateformes (Instagram et Messenger).<\/p>\n<p>Il n\u2019\u00e9tait ni possible de se reconnecter ni de changer le mot de passe \u00e0 travers les outils de r\u00e9cup\u00e9rations des mots de passe. Le probl\u00e8me n&rsquo;a pas \u00e9t\u00e9 r\u00e9solu que vers 18h.<\/p>\n<p>Le PDG du groupe Meta, Mark Zuckerberg, est actuellement en d\u00e9placement en Inde, et aucune information n\u2019a encore \u00e9t\u00e9 divulgu\u00e9e quant \u00e0 la cause exacte de la panne.<\/p>\n<p>Mais selon le site Frandroid, cela pourrait \u00eatre li\u00e9 \u00e0 l\u2019int\u00e9gration par Meta d\u2019une nouvelle r\u00e9glementation europ\u00e9enne: le Digital Markets Act (DMA). Cette r\u00e9gl\u00e9mentation a pour objectif r\u00e9guler le march\u00e9 des grandes entreprises du num\u00e9rique, comme Google, Amazon ou Meta et de mettre fin \u00e0 la domination des g\u00e9ants du Net.<\/p>\n<p>Les g\u00e9ants du Net doivent, \u00e0 compter du 6 mars 2024, respecter de nouvelles obligations et interdictions, en vertu de ce \u00a0r\u00e8glement sous peine de lourdes amendes.<\/p>\n","protected":false},"excerpt":{"rendered":"<p>Une panne majeure a affect\u00e9 tous les services de Meta ce mardi 5 mars, vers 16h.<\/p>\n","protected":false},"author":3182,"featured_media":247843,"comment_status":"open","ping_status":"closed","sticky":false,"template":"","format":"standard","meta":{"footnotes":""},"categories":[2598],"tags":[4744,4746,6896,4747,2608],"class_list":["post-212766","post","type-post","status-publish","format-standard","has-post-thumbnail","hentry","category-international","tag-facebook","tag-meta","tag-mondiale","tag-panne","tag-tunisie"],"yoast_head":"<!-- This site is optimized with the Yoast SEO Premium plugin v27.5 (Yoast SEO v27.5) - https:\/\/yoast.com\/product\/yoast-seo-premium-wordpress\/ -->\n<title>Panne des services de Meta : La nouvelle loi europ\u00e9enne sur le num\u00e9rique en est-elle la cause ?<\/title>\n<meta name=\"description\" content=\"Une panne majeure a affect\u00e9 tous les services de Meta ce mardi 5 mars, vers 16h.\" \/>\n<link rel=\"canonical\" href=\"https:\/\/www.webdo.tn\/fr\/actualite\/international\/panne-des-services-meta-la-nouvelle-loi-europeenne-sur-le-numerique-en-est-la-cause\/212766\/\" \/>\n<meta property=\"og:locale\" content=\"fr_FR\" \/>\n<meta property=\"og:type\" content=\"article\" \/>\n<meta property=\"og:title\" content=\"Panne des services de Meta : La nouvelle loi europ\u00e9enne sur le num\u00e9rique en est-elle la cause ?\" \/>\n<meta property=\"og:description\" content=\"Une panne majeure a affect\u00e9 tous les services de Meta ce mardi 5 mars, vers 16h.\" \/>\n<meta property=\"og:url\" content=\"https:\/\/www.webdo.tn\/fr\/actualite\/international\/panne-des-services-meta-la-nouvelle-loi-europeenne-sur-le-numerique-en-est-la-cause\/212766\/\" \/>\n<meta property=\"og:site_name\" content=\"webdo\" \/>\n<meta property=\"article:publisher\" content=\"https:\/\/www.facebook.com\/webdotn\" \/>\n<meta property=\"article:published_time\" content=\"2024-03-05T20:36:00+00:00\" \/>\n<meta property=\"article:modified_time\" content=\"2025-05-20T22:55:12+00:00\" \/>\n<meta property=\"og:image\" content=\"https:\/\/www.webdo.tn\/fr\/wp-content\/uploads\/2024\/03\/73f22b2cd94b897a8bdbb95eb789f2fa.jpg\" \/>\n\t<meta property=\"og:image:width\" content=\"750\" \/>\n\t<meta property=\"og:image:height\" content=\"400\" \/>\n\t<meta property=\"og:image:type\" content=\"image\/jpeg\" \/>\n<meta name=\"author\" content=\"WB\" \/>\n<meta name=\"twitter:card\" content=\"summary_large_image\" \/>\n<meta name=\"twitter:creator\" content=\"@webdo_tn\" \/>\n<meta name=\"twitter:site\" content=\"@webdo_tn\" \/>\n<meta name=\"twitter:label1\" content=\"\u00c9crit par\" \/>\n\t<meta name=\"twitter:data1\" content=\"WB\" \/>\n\t<meta name=\"twitter:label2\" content=\"Dur\u00e9e de lecture estim\u00e9e\" \/>\n\t<meta name=\"twitter:data2\" content=\"1 minute\" \/>\n<script type=\"application\/ld+json\" class=\"yoast-schema-graph\">{\"@context\":\"https:\\\/\\\/schema.org\",\"@graph\":[{\"@type\":\"NewsArticle\",\"@id\":\"https:\\\/\\\/www.webdo.tn\\\/fr\\\/actualite\\\/international\\\/panne-des-services-meta-la-nouvelle-loi-europeenne-sur-le-numerique-en-est-la-cause\\\/212766\\\/#article\",\"isPartOf\":{\"@id\":\"https:\\\/\\\/www.webdo.tn\\\/fr\\\/actualite\\\/international\\\/panne-des-services-meta-la-nouvelle-loi-europeenne-sur-le-numerique-en-est-la-cause\\\/212766\\\/\"},\"author\":{\"name\":\"WB\",\"@id\":\"https:\\\/\\\/www.webdo.tn\\\/fr\\\/#\\\/schema\\\/person\\\/f16bf91e3b3c6347371884777659f9d8\"},\"headline\":\"Panne des services de Meta : La nouvelle loi europ\u00e9enne sur le num\u00e9rique en est-elle la cause ?\",\"datePublished\":\"2024-03-05T20:36:00+00:00\",\"dateModified\":\"2025-05-20T22:55:12+00:00\",\"mainEntityOfPage\":{\"@id\":\"https:\\\/\\\/www.webdo.tn\\\/fr\\\/actualite\\\/international\\\/panne-des-services-meta-la-nouvelle-loi-europeenne-sur-le-numerique-en-est-la-cause\\\/212766\\\/\"},\"wordCount\":244,\"commentCount\":0,\"publisher\":{\"@id\":\"https:\\\/\\\/www.webdo.tn\\\/fr\\\/#organization\"},\"image\":{\"@id\":\"https:\\\/\\\/www.webdo.tn\\\/fr\\\/actualite\\\/international\\\/panne-des-services-meta-la-nouvelle-loi-europeenne-sur-le-numerique-en-est-la-cause\\\/212766\\\/#primaryimage\"},\"thumbnailUrl\":\"https:\\\/\\\/www.webdo.tn\\\/fr\\\/wp-content\\\/uploads\\\/2024\\\/03\\\/73f22b2cd94b897a8bdbb95eb789f2fa.jpg\",\"keywords\":[\"Facebook\",\"meta\",\"Mondiale\",\"panne\",\"Tunisie\"],\"articleSection\":[\"International\"],\"inLanguage\":\"fr-FR\"},{\"@type\":\"WebPage\",\"@id\":\"https:\\\/\\\/www.webdo.tn\\\/fr\\\/actualite\\\/international\\\/panne-des-services-meta-la-nouvelle-loi-europeenne-sur-le-numerique-en-est-la-cause\\\/212766\\\/\",\"url\":\"https:\\\/\\\/www.webdo.tn\\\/fr\\\/actualite\\\/international\\\/panne-des-services-meta-la-nouvelle-loi-europeenne-sur-le-numerique-en-est-la-cause\\\/212766\\\/\",\"name\":\"Panne des services de Meta : La nouvelle loi europ\u00e9enne sur le num\u00e9rique en est-elle la cause ?\",\"isPartOf\":{\"@id\":\"https:\\\/\\\/www.webdo.tn\\\/fr\\\/#website\"},\"primaryImageOfPage\":{\"@id\":\"https:\\\/\\\/www.webdo.tn\\\/fr\\\/actualite\\\/international\\\/panne-des-services-meta-la-nouvelle-loi-europeenne-sur-le-numerique-en-est-la-cause\\\/212766\\\/#primaryimage\"},\"image\":{\"@id\":\"https:\\\/\\\/www.webdo.tn\\\/fr\\\/actualite\\\/international\\\/panne-des-services-meta-la-nouvelle-loi-europeenne-sur-le-numerique-en-est-la-cause\\\/212766\\\/#primaryimage\"},\"thumbnailUrl\":\"https:\\\/\\\/www.webdo.tn\\\/fr\\\/wp-content\\\/uploads\\\/2024\\\/03\\\/73f22b2cd94b897a8bdbb95eb789f2fa.jpg\",\"datePublished\":\"2024-03-05T20:36:00+00:00\",\"dateModified\":\"2025-05-20T22:55:12+00:00\",\"description\":\"Une panne majeure a affect\u00e9 tous les services de Meta ce mardi 5 mars, vers 16h.\",\"breadcrumb\":{\"@id\":\"https:\\\/\\\/www.webdo.tn\\\/fr\\\/actualite\\\/international\\\/panne-des-services-meta-la-nouvelle-loi-europeenne-sur-le-numerique-en-est-la-cause\\\/212766\\\/#breadcrumb\"},\"inLanguage\":\"fr-FR\",\"potentialAction\":[{\"@type\":\"ReadAction\",\"target\":[\"https:\\\/\\\/www.webdo.tn\\\/fr\\\/actualite\\\/international\\\/panne-des-services-meta-la-nouvelle-loi-europeenne-sur-le-numerique-en-est-la-cause\\\/212766\\\/\"]}]},{\"@type\":\"ImageObject\",\"inLanguage\":\"fr-FR\",\"@id\":\"https:\\\/\\\/www.webdo.tn\\\/fr\\\/actualite\\\/international\\\/panne-des-services-meta-la-nouvelle-loi-europeenne-sur-le-numerique-en-est-la-cause\\\/212766\\\/#primaryimage\",\"url\":\"https:\\\/\\\/www.webdo.tn\\\/fr\\\/wp-content\\\/uploads\\\/2024\\\/03\\\/73f22b2cd94b897a8bdbb95eb789f2fa.jpg\",\"contentUrl\":\"https:\\\/\\\/www.webdo.tn\\\/fr\\\/wp-content\\\/uploads\\\/2024\\\/03\\\/73f22b2cd94b897a8bdbb95eb789f2fa.jpg\",\"width\":750,\"height\":400,\"caption\":\"TECH\"},{\"@type\":\"BreadcrumbList\",\"@id\":\"https:\\\/\\\/www.webdo.tn\\\/fr\\\/actualite\\\/international\\\/panne-des-services-meta-la-nouvelle-loi-europeenne-sur-le-numerique-en-est-la-cause\\\/212766\\\/#breadcrumb\",\"itemListElement\":[{\"@type\":\"ListItem\",\"position\":1,\"name\":\"Accueil\",\"item\":\"https:\\\/\\\/www.webdo.tn\\\/fr\\\/\"},{\"@type\":\"ListItem\",\"position\":2,\"name\":\"Panne des services de Meta : La nouvelle loi europ\u00e9enne sur le num\u00e9rique en est-elle la cause ?\"}]},{\"@type\":\"WebSite\",\"@id\":\"https:\\\/\\\/www.webdo.tn\\\/fr\\\/#website\",\"url\":\"https:\\\/\\\/www.webdo.tn\\\/fr\\\/\",\"name\":\"webdo\",\"description\":\"Tunisie - News en Tunisie et \u00e0 l&#039;international sur Webdo.tn\",\"publisher\":{\"@id\":\"https:\\\/\\\/www.webdo.tn\\\/fr\\\/#organization\"},\"potentialAction\":[{\"@type\":\"SearchAction\",\"target\":{\"@type\":\"EntryPoint\",\"urlTemplate\":\"https:\\\/\\\/www.webdo.tn\\\/fr\\\/?s={search_term_string}\"},\"query-input\":{\"@type\":\"PropertyValueSpecification\",\"valueRequired\":true,\"valueName\":\"search_term_string\"}}],\"inLanguage\":\"fr-FR\"},{\"@type\":\"Organization\",\"@id\":\"https:\\\/\\\/www.webdo.tn\\\/fr\\\/#organization\",\"name\":\"Webdo\",\"alternateName\":\"Webdo.tn\",\"url\":\"https:\\\/\\\/www.webdo.tn\\\/fr\\\/\",\"logo\":{\"@type\":\"ImageObject\",\"inLanguage\":\"fr-FR\",\"@id\":\"https:\\\/\\\/www.webdo.tn\\\/fr\\\/#\\\/schema\\\/logo\\\/image\\\/\",\"url\":\"https:\\\/\\\/www.webdo.tn\\\/fr\\\/wp-content\\\/uploads\\\/2025\\\/06\\\/Webdo-Tunisie_168377.jpg\",\"contentUrl\":\"https:\\\/\\\/www.webdo.tn\\\/fr\\\/wp-content\\\/uploads\\\/2025\\\/06\\\/Webdo-Tunisie_168377.jpg\",\"width\":301,\"height\":301,\"caption\":\"Webdo\"},\"image\":{\"@id\":\"https:\\\/\\\/www.webdo.tn\\\/fr\\\/#\\\/schema\\\/logo\\\/image\\\/\"},\"sameAs\":[\"https:\\\/\\\/www.facebook.com\\\/webdotn\",\"https:\\\/\\\/x.com\\\/webdo_tn\"],\"description\":\"Webdo est un m\u00e9dia num\u00e9rique tunisien fond\u00e9 en 2010, sp\u00e9cialis\u00e9 dans l\u2019actualit\u00e9 nationale et internationale, l\u2019\u00e9conomie, la soci\u00e9t\u00e9 et les analyses politiques. Le site s\u2019adresse \u00e0 un large public francophone et couvre l\u2019information tunisienne en temps r\u00e9el.\",\"email\":\"redac@webdo.tn\",\"legalName\":\"YNJ SARL\",\"foundingDate\":\"2010-09-06\",\"numberOfEmployees\":{\"@type\":\"QuantitativeValue\",\"minValue\":\"11\",\"maxValue\":\"50\"}},{\"@type\":\"Person\",\"@id\":\"https:\\\/\\\/www.webdo.tn\\\/fr\\\/#\\\/schema\\\/person\\\/f16bf91e3b3c6347371884777659f9d8\",\"name\":\"WB\",\"image\":{\"@type\":\"ImageObject\",\"inLanguage\":\"fr-FR\",\"@id\":\"https:\\\/\\\/secure.gravatar.com\\\/avatar\\\/fd3caf00dbfd4b6d6ce43e8ea4748ed2e4d0fae2c3a87c1e2f6ba0a54c3ab5cb?s=96&d=mm&r=g\",\"url\":\"https:\\\/\\\/secure.gravatar.com\\\/avatar\\\/fd3caf00dbfd4b6d6ce43e8ea4748ed2e4d0fae2c3a87c1e2f6ba0a54c3ab5cb?s=96&d=mm&r=g\",\"contentUrl\":\"https:\\\/\\\/secure.gravatar.com\\\/avatar\\\/fd3caf00dbfd4b6d6ce43e8ea4748ed2e4d0fae2c3a87c1e2f6ba0a54c3ab5cb?s=96&d=mm&r=g\",\"caption\":\"WB\"},\"url\":\"https:\\\/\\\/www.webdo.tn\\\/fr\\\/actualite\\\/author\\\/wb\\\/\"}]}<\/script>\n<!-- \/ Yoast SEO Premium plugin. -->","yoast_head_json":{"title":"Panne des services de Meta : La nouvelle loi europ\u00e9enne sur le num\u00e9rique en est-elle la cause ?","description":"Une panne majeure a affect\u00e9 tous les services de Meta ce mardi 5 mars, vers 16h.","canonical":"https:\/\/www.webdo.tn\/fr\/actualite\/international\/panne-des-services-meta-la-nouvelle-loi-europeenne-sur-le-numerique-en-est-la-cause\/212766\/","og_locale":"fr_FR","og_type":"article","og_title":"Panne des services de Meta : La nouvelle loi europ\u00e9enne sur le num\u00e9rique en est-elle la cause ?","og_description":"Une panne majeure a affect\u00e9 tous les services de Meta ce mardi 5 mars, vers 16h.","og_url":"https:\/\/www.webdo.tn\/fr\/actualite\/international\/panne-des-services-meta-la-nouvelle-loi-europeenne-sur-le-numerique-en-est-la-cause\/212766\/","og_site_name":"webdo","article_publisher":"https:\/\/www.facebook.com\/webdotn","article_published_time":"2024-03-05T20:36:00+00:00","article_modified_time":"2025-05-20T22:55:12+00:00","og_image":[{"width":750,"height":400,"url":"https:\/\/www.webdo.tn\/fr\/wp-content\/uploads\/2024\/03\/73f22b2cd94b897a8bdbb95eb789f2fa.jpg","type":"image\/jpeg"}],"author":"WB","twitter_card":"summary_large_image","twitter_creator":"@webdo_tn","twitter_site":"@webdo_tn","twitter_misc":{"\u00c9crit par":"WB","Dur\u00e9e de lecture estim\u00e9e":"1 minute"},"schema":{"@context":"https:\/\/schema.org","@graph":[{"@type":"NewsArticle","@id":"https:\/\/www.webdo.tn\/fr\/actualite\/international\/panne-des-services-meta-la-nouvelle-loi-europeenne-sur-le-numerique-en-est-la-cause\/212766\/#article","isPartOf":{"@id":"https:\/\/www.webdo.tn\/fr\/actualite\/international\/panne-des-services-meta-la-nouvelle-loi-europeenne-sur-le-numerique-en-est-la-cause\/212766\/"},"author":{"name":"WB","@id":"https:\/\/www.webdo.tn\/fr\/#\/schema\/person\/f16bf91e3b3c6347371884777659f9d8"},"headline":"Panne des services de Meta : La nouvelle loi europ\u00e9enne sur le num\u00e9rique en est-elle la cause ?","datePublished":"2024-03-05T20:36:00+00:00","dateModified":"2025-05-20T22:55:12+00:00","mainEntityOfPage":{"@id":"https:\/\/www.webdo.tn\/fr\/actualite\/international\/panne-des-services-meta-la-nouvelle-loi-europeenne-sur-le-numerique-en-est-la-cause\/212766\/"},"wordCount":244,"commentCount":0,"publisher":{"@id":"https:\/\/www.webdo.tn\/fr\/#organization"},"image":{"@id":"https:\/\/www.webdo.tn\/fr\/actualite\/international\/panne-des-services-meta-la-nouvelle-loi-europeenne-sur-le-numerique-en-est-la-cause\/212766\/#primaryimage"},"thumbnailUrl":"https:\/\/www.webdo.tn\/fr\/wp-content\/uploads\/2024\/03\/73f22b2cd94b897a8bdbb95eb789f2fa.jpg","keywords":["Facebook","meta","Mondiale","panne","Tunisie"],"articleSection":["International"],"inLanguage":"fr-FR"},{"@type":"WebPage","@id":"https:\/\/www.webdo.tn\/fr\/actualite\/international\/panne-des-services-meta-la-nouvelle-loi-europeenne-sur-le-numerique-en-est-la-cause\/212766\/","url":"https:\/\/www.webdo.tn\/fr\/actualite\/international\/panne-des-services-meta-la-nouvelle-loi-europeenne-sur-le-numerique-en-est-la-cause\/212766\/","name":"Panne des services de Meta : La nouvelle loi europ\u00e9enne sur le num\u00e9rique en est-elle la cause ?","isPartOf":{"@id":"https:\/\/www.webdo.tn\/fr\/#website"},"primaryImageOfPage":{"@id":"https:\/\/www.webdo.tn\/fr\/actualite\/international\/panne-des-services-meta-la-nouvelle-loi-europeenne-sur-le-numerique-en-est-la-cause\/212766\/#primaryimage"},"image":{"@id":"https:\/\/www.webdo.tn\/fr\/actualite\/international\/panne-des-services-meta-la-nouvelle-loi-europeenne-sur-le-numerique-en-est-la-cause\/212766\/#primaryimage"},"thumbnailUrl":"https:\/\/www.webdo.tn\/fr\/wp-content\/uploads\/2024\/03\/73f22b2cd94b897a8bdbb95eb789f2fa.jpg","datePublished":"2024-03-05T20:36:00+00:00","dateModified":"2025-05-20T22:55:12+00:00","description":"Une panne majeure a affect\u00e9 tous les services de Meta ce mardi 5 mars, vers 16h.","breadcrumb":{"@id":"https:\/\/www.webdo.tn\/fr\/actualite\/international\/panne-des-services-meta-la-nouvelle-loi-europeenne-sur-le-numerique-en-est-la-cause\/212766\/#breadcrumb"},"inLanguage":"fr-FR","potentialAction":[{"@type":"ReadAction","target":["https:\/\/www.webdo.tn\/fr\/actualite\/international\/panne-des-services-meta-la-nouvelle-loi-europeenne-sur-le-numerique-en-est-la-cause\/212766\/"]}]},{"@type":"ImageObject","inLanguage":"fr-FR","@id":"https:\/\/www.webdo.tn\/fr\/actualite\/international\/panne-des-services-meta-la-nouvelle-loi-europeenne-sur-le-numerique-en-est-la-cause\/212766\/#primaryimage","url":"https:\/\/www.webdo.tn\/fr\/wp-content\/uploads\/2024\/03\/73f22b2cd94b897a8bdbb95eb789f2fa.jpg","contentUrl":"https:\/\/www.webdo.tn\/fr\/wp-content\/uploads\/2024\/03\/73f22b2cd94b897a8bdbb95eb789f2fa.jpg","width":750,"height":400,"caption":"TECH"},{"@type":"BreadcrumbList","@id":"https:\/\/www.webdo.tn\/fr\/actualite\/international\/panne-des-services-meta-la-nouvelle-loi-europeenne-sur-le-numerique-en-est-la-cause\/212766\/#breadcrumb","itemListElement":[{"@type":"ListItem","position":1,"name":"Accueil","item":"https:\/\/www.webdo.tn\/fr\/"},{"@type":"ListItem","position":2,"name":"Panne des services de Meta : La nouvelle loi europ\u00e9enne sur le num\u00e9rique en est-elle la cause ?"}]},{"@type":"WebSite","@id":"https:\/\/www.webdo.tn\/fr\/#website","url":"https:\/\/www.webdo.tn\/fr\/","name":"webdo","description":"Tunisie - News en Tunisie et \u00e0 l&#039;international sur Webdo.tn","publisher":{"@id":"https:\/\/www.webdo.tn\/fr\/#organization"},"potentialAction":[{"@type":"SearchAction","target":{"@type":"EntryPoint","urlTemplate":"https:\/\/www.webdo.tn\/fr\/?s={search_term_string}"},"query-input":{"@type":"PropertyValueSpecification","valueRequired":true,"valueName":"search_term_string"}}],"inLanguage":"fr-FR"},{"@type":"Organization","@id":"https:\/\/www.webdo.tn\/fr\/#organization","name":"Webdo","alternateName":"Webdo.tn","url":"https:\/\/www.webdo.tn\/fr\/","logo":{"@type":"ImageObject","inLanguage":"fr-FR","@id":"https:\/\/www.webdo.tn\/fr\/#\/schema\/logo\/image\/","url":"https:\/\/www.webdo.tn\/fr\/wp-content\/uploads\/2025\/06\/Webdo-Tunisie_168377.jpg","contentUrl":"https:\/\/www.webdo.tn\/fr\/wp-content\/uploads\/2025\/06\/Webdo-Tunisie_168377.jpg","width":301,"height":301,"caption":"Webdo"},"image":{"@id":"https:\/\/www.webdo.tn\/fr\/#\/schema\/logo\/image\/"},"sameAs":["https:\/\/www.facebook.com\/webdotn","https:\/\/x.com\/webdo_tn"],"description":"Webdo est un m\u00e9dia num\u00e9rique tunisien fond\u00e9 en 2010, sp\u00e9cialis\u00e9 dans l\u2019actualit\u00e9 nationale et internationale, l\u2019\u00e9conomie, la soci\u00e9t\u00e9 et les analyses politiques. Le site s\u2019adresse \u00e0 un large public francophone et couvre l\u2019information tunisienne en temps r\u00e9el.","email":"redac@webdo.tn","legalName":"YNJ SARL","foundingDate":"2010-09-06","numberOfEmployees":{"@type":"QuantitativeValue","minValue":"11","maxValue":"50"}},{"@type":"Person","@id":"https:\/\/www.webdo.tn\/fr\/#\/schema\/person\/f16bf91e3b3c6347371884777659f9d8","name":"WB","image":{"@type":"ImageObject","inLanguage":"fr-FR","@id":"https:\/\/secure.gravatar.com\/avatar\/fd3caf00dbfd4b6d6ce43e8ea4748ed2e4d0fae2c3a87c1e2f6ba0a54c3ab5cb?s=96&d=mm&r=g","url":"https:\/\/secure.gravatar.com\/avatar\/fd3caf00dbfd4b6d6ce43e8ea4748ed2e4d0fae2c3a87c1e2f6ba0a54c3ab5cb?s=96&d=mm&r=g","contentUrl":"https:\/\/secure.gravatar.com\/avatar\/fd3caf00dbfd4b6d6ce43e8ea4748ed2e4d0fae2c3a87c1e2f6ba0a54c3ab5cb?s=96&d=mm&r=g","caption":"WB"},"url":"https:\/\/www.webdo.tn\/fr\/actualite\/author\/wb\/"}]}},"_links":{"self":[{"href":"https:\/\/www.webdo.tn\/fr\/wp-json\/wp\/v2\/posts\/212766","targetHints":{"allow":["GET"]}}],"collection":[{"href":"https:\/\/www.webdo.tn\/fr\/wp-json\/wp\/v2\/posts"}],"about":[{"href":"https:\/\/www.webdo.tn\/fr\/wp-json\/wp\/v2\/types\/post"}],"author":[{"embeddable":true,"href":"https:\/\/www.webdo.tn\/fr\/wp-json\/wp\/v2\/users\/3182"}],"replies":[{"embeddable":true,"href":"https:\/\/www.webdo.tn\/fr\/wp-json\/wp\/v2\/comments?post=212766"}],"version-history":[{"count":0,"href":"https:\/\/www.webdo.tn\/fr\/wp-json\/wp\/v2\/posts\/212766\/revisions"}],"wp:featuredmedia":[{"embeddable":true,"href":"https:\/\/www.webdo.tn\/fr\/wp-json\/wp\/v2\/media\/247843"}],"wp:attachment":[{"href":"https:\/\/www.webdo.tn\/fr\/wp-json\/wp\/v2\/media?parent=212766"}],"wp:term":[{"taxonomy":"category","embeddable":true,"href":"https:\/\/www.webdo.tn\/fr\/wp-json\/wp\/v2\/categories?post=212766"},{"taxonomy":"post_tag","embeddable":true,"href":"https:\/\/www.webdo.tn\/fr\/wp-json\/wp\/v2\/tags?post=212766"}],"curies":[{"name":"wp","href":"https:\/\/api.w.org\/{rel}","templated":true}]}}