{"id":212761,"date":"2024-03-05T15:45:00","date_gmt":"2024-03-05T15:45:00","guid":{"rendered":"https:\/\/www.webdo.tn\/fr\/blog\/une-delegation-de-la-fifa-et-de-la-caf-en-tunisie\/212761\/"},"modified":"2025-05-20T21:52:28","modified_gmt":"2025-05-20T21:52:28","slug":"une-delegation-de-la-fifa-et-de-la-caf-en-tunisie","status":"publish","type":"post","link":"https:\/\/www.webdo.tn\/fr\/actualite\/sport\/une-delegation-de-la-fifa-et-de-la-caf-en-tunisie\/212761\/","title":{"rendered":"Une d\u00e9l\u00e9gation de la FIFA et de la CAF en Tunisie"},"content":{"rendered":"<p>Apr\u00e8s le rejet des listes candidates \u00e0 la pr\u00e9sidence de la F\u00e9d\u00e9ration Tunisienne de Football (FTF), l\u2019instance footballistique s\u2019est tourn\u00e9e vers la FIFA pour trouver une solution.<\/p>\n<p>\t\t\t\t\t\t\t\t\tUne d\u00e9l\u00e9gation de la FIFA et de la Conf\u00e9d\u00e9ration africaine de football (CAF) sont, ce mardi soir en Tunisie pour \u00e9valuer la situation et pr\u00e9parer un rapport sur les d\u00e9marches \u00e0 suivre lors de la prochaine \u00e9tape.<\/p>\n<p>Cette d\u00e9marche intervient \u00e0 la demande de l\u2019actuel Bureau f\u00e9d\u00e9ral, qui aurait d\u00fb laisser la place \u00e0 un nouveau BF, mais l\u2019annulation de l\u2019assembl\u00e9e g\u00e9n\u00e9rale \u00e9lective, qui \u00e9tait pr\u00e9vue le 9 mars et le rejet des trois listes candidates, ont chang\u00e9 la donne.<\/p>\n<p>La FTF a en effet annonc\u00e9, le 23 f\u00e9vrier dernier, qu\u2019apr\u00e8s l\u2019examen des diff\u00e9rents recours d\u00e9pos\u00e9s par Maher Ben Aissa, Jalel Tekaya et Wissem Letaif, les trois listes candidates aux \u00e9lections du prochain bureau f\u00e9d\u00e9ral ont toutes \u00e9t\u00e9 rejet\u00e9es.<\/p>\n<p>Ces trois candidats avaient exprim\u00e9 leur souhait de pr\u00e9sider la FTF en d\u00e9posant leur dossier de candidature le 17 f\u00e9vrier 2024 afin de concourir aux \u00e9lections du nouveau bureau\u00a0 f\u00e9d\u00e9ral.<\/p>\n<p>L&rsquo;Instance ind\u00e9pendante pour les \u00e9lections de la FTF avait accept\u00e9, dans un premier temps (le 19 f\u00e9vrier) la candidature de Maher Ben Aissa. Le lendemain, la candidature de Jalel Tekaya avait \u00e9t\u00e9 retenue, \u00e0 son tour alors que Wissem Letaief avait annonc\u00e9 le retrait de sa liste.<\/p>\n<p>Coup de th\u00e9\u00e2tre lorsque la FTF a annonc\u00e9 le rejet des deux listes pr\u00e9alablement accept\u00e9es. Les recours d\u00e9pos\u00e9s par les diff\u00e9rents candidats ayant tous \u00e9t\u00e9 accept\u00e9s, les trois listes tombent \u00e0 l\u2019eau et les \u00e9lections du nouveau bureau f\u00e9d\u00e9ral, qui devaient avoir lieu le 9 mars ont \u00e9t\u00e9 annul\u00e9es.<\/p>\n<p>Elles avaient \u00e9t\u00e9 convoqu\u00e9es suite \u00e0 l\u2019arrestation de l\u2019ancien pr\u00e9sident de la FTF, Wadii Jary, le 25 octobre 2023.<\/p>\n","protected":false},"excerpt":{"rendered":"<p>Apr\u00e8s le rejet des listes candidates \u00e0 la pr\u00e9sidence de la F\u00e9d\u00e9ration Tunisienne de Football (FTF), l\u2019instance footballistique s\u2019est tourn\u00e9e vers la FIFA pour t&#8230;<\/p>\n","protected":false},"author":3162,"featured_media":247841,"comment_status":"open","ping_status":"closed","sticky":false,"template":"","format":"standard","meta":{"footnotes":""},"categories":[2593],"tags":[3268,3135,3487,3728,2608],"class_list":["post-212761","post","type-post","status-publish","format-standard","has-post-thumbnail","hentry","category-sport","tag-bureau-federal","tag-caf","tag-fifa","tag-ftf","tag-tunisie"],"yoast_head":"<!-- This site is optimized with the Yoast SEO Premium plugin v27.4 (Yoast SEO v27.4) - https:\/\/yoast.com\/product\/yoast-seo-premium-wordpress\/ -->\n<title>Une d\u00e9l\u00e9gation de la FIFA et de la CAF en Tunisie<\/title>\n<meta name=\"description\" content=\"Apr\u00e8s le rejet des listes candidates \u00e0 la pr\u00e9sidence de la F\u00e9d\u00e9ration Tunisienne de Football (FTF), l\u2019instance footballistique s\u2019est tourn\u00e9e vers la FIFA pour t...\" \/>\n<link rel=\"canonical\" href=\"https:\/\/www.webdo.tn\/fr\/actualite\/sport\/une-delegation-de-la-fifa-et-de-la-caf-en-tunisie\/212761\/\" \/>\n<meta property=\"og:locale\" content=\"fr_FR\" \/>\n<meta property=\"og:type\" content=\"article\" \/>\n<meta property=\"og:title\" content=\"Une d\u00e9l\u00e9gation de la FIFA et de la CAF en Tunisie\" \/>\n<meta property=\"og:description\" content=\"Apr\u00e8s le rejet des listes candidates \u00e0 la pr\u00e9sidence de la F\u00e9d\u00e9ration Tunisienne de Football (FTF), l\u2019instance footballistique s\u2019est tourn\u00e9e vers la FIFA pour t...\" \/>\n<meta property=\"og:url\" content=\"https:\/\/www.webdo.tn\/fr\/actualite\/sport\/une-delegation-de-la-fifa-et-de-la-caf-en-tunisie\/212761\/\" \/>\n<meta property=\"og:site_name\" content=\"webdo\" \/>\n<meta property=\"article:publisher\" content=\"https:\/\/www.facebook.com\/webdotn\" \/>\n<meta property=\"article:published_time\" content=\"2024-03-05T15:45:00+00:00\" \/>\n<meta property=\"article:modified_time\" content=\"2025-05-20T21:52:28+00:00\" \/>\n<meta property=\"og:image\" content=\"https:\/\/www.webdo.tn\/fr\/wp-content\/uploads\/2024\/03\/daa4107c4f635a525b52aa8e8add9635.jpg\" \/>\n\t<meta property=\"og:image:width\" content=\"660\" \/>\n\t<meta property=\"og:image:height\" content=\"352\" \/>\n\t<meta property=\"og:image:type\" content=\"image\/jpeg\" \/>\n<meta name=\"author\" content=\"MC\" \/>\n<meta name=\"twitter:card\" content=\"summary_large_image\" \/>\n<meta name=\"twitter:creator\" content=\"@webdo_tn\" \/>\n<meta name=\"twitter:site\" content=\"@webdo_tn\" \/>\n<meta name=\"twitter:label1\" content=\"\u00c9crit par\" \/>\n\t<meta name=\"twitter:data1\" content=\"MC\" \/>\n\t<meta name=\"twitter:label2\" content=\"Dur\u00e9e de lecture estim\u00e9e\" \/>\n\t<meta name=\"twitter:data2\" content=\"2 minutes\" \/>\n<script type=\"application\/ld+json\" class=\"yoast-schema-graph\">{\"@context\":\"https:\\\/\\\/schema.org\",\"@graph\":[{\"@type\":\"NewsArticle\",\"@id\":\"https:\\\/\\\/www.webdo.tn\\\/fr\\\/actualite\\\/sport\\\/une-delegation-de-la-fifa-et-de-la-caf-en-tunisie\\\/212761\\\/#article\",\"isPartOf\":{\"@id\":\"https:\\\/\\\/www.webdo.tn\\\/fr\\\/actualite\\\/sport\\\/une-delegation-de-la-fifa-et-de-la-caf-en-tunisie\\\/212761\\\/\"},\"author\":{\"name\":\"MC\",\"@id\":\"https:\\\/\\\/www.webdo.tn\\\/fr\\\/#\\\/schema\\\/person\\\/2c4929cbf5a809e3bd38617c6ce150f6\"},\"headline\":\"Une d\u00e9l\u00e9gation de la FIFA et de la CAF en Tunisie\",\"datePublished\":\"2024-03-05T15:45:00+00:00\",\"dateModified\":\"2025-05-20T21:52:28+00:00\",\"mainEntityOfPage\":{\"@id\":\"https:\\\/\\\/www.webdo.tn\\\/fr\\\/actualite\\\/sport\\\/une-delegation-de-la-fifa-et-de-la-caf-en-tunisie\\\/212761\\\/\"},\"wordCount\":345,\"commentCount\":0,\"publisher\":{\"@id\":\"https:\\\/\\\/www.webdo.tn\\\/fr\\\/#organization\"},\"image\":{\"@id\":\"https:\\\/\\\/www.webdo.tn\\\/fr\\\/actualite\\\/sport\\\/une-delegation-de-la-fifa-et-de-la-caf-en-tunisie\\\/212761\\\/#primaryimage\"},\"thumbnailUrl\":\"https:\\\/\\\/www.webdo.tn\\\/fr\\\/wp-content\\\/uploads\\\/2024\\\/03\\\/daa4107c4f635a525b52aa8e8add9635.jpg\",\"keywords\":[\"bureau f\u00e9d\u00e9ral\",\"CAF\",\"FIFA\",\"FTF\",\"Tunisie\"],\"articleSection\":[\"Sport\"],\"inLanguage\":\"fr-FR\"},{\"@type\":\"WebPage\",\"@id\":\"https:\\\/\\\/www.webdo.tn\\\/fr\\\/actualite\\\/sport\\\/une-delegation-de-la-fifa-et-de-la-caf-en-tunisie\\\/212761\\\/\",\"url\":\"https:\\\/\\\/www.webdo.tn\\\/fr\\\/actualite\\\/sport\\\/une-delegation-de-la-fifa-et-de-la-caf-en-tunisie\\\/212761\\\/\",\"name\":\"Une d\u00e9l\u00e9gation de la FIFA et de la CAF en Tunisie\",\"isPartOf\":{\"@id\":\"https:\\\/\\\/www.webdo.tn\\\/fr\\\/#website\"},\"primaryImageOfPage\":{\"@id\":\"https:\\\/\\\/www.webdo.tn\\\/fr\\\/actualite\\\/sport\\\/une-delegation-de-la-fifa-et-de-la-caf-en-tunisie\\\/212761\\\/#primaryimage\"},\"image\":{\"@id\":\"https:\\\/\\\/www.webdo.tn\\\/fr\\\/actualite\\\/sport\\\/une-delegation-de-la-fifa-et-de-la-caf-en-tunisie\\\/212761\\\/#primaryimage\"},\"thumbnailUrl\":\"https:\\\/\\\/www.webdo.tn\\\/fr\\\/wp-content\\\/uploads\\\/2024\\\/03\\\/daa4107c4f635a525b52aa8e8add9635.jpg\",\"datePublished\":\"2024-03-05T15:45:00+00:00\",\"dateModified\":\"2025-05-20T21:52:28+00:00\",\"description\":\"Apr\u00e8s le rejet des listes candidates \u00e0 la pr\u00e9sidence de la F\u00e9d\u00e9ration Tunisienne de Football (FTF), l\u2019instance footballistique s\u2019est tourn\u00e9e vers la FIFA pour t...\",\"breadcrumb\":{\"@id\":\"https:\\\/\\\/www.webdo.tn\\\/fr\\\/actualite\\\/sport\\\/une-delegation-de-la-fifa-et-de-la-caf-en-tunisie\\\/212761\\\/#breadcrumb\"},\"inLanguage\":\"fr-FR\",\"potentialAction\":[{\"@type\":\"ReadAction\",\"target\":[\"https:\\\/\\\/www.webdo.tn\\\/fr\\\/actualite\\\/sport\\\/une-delegation-de-la-fifa-et-de-la-caf-en-tunisie\\\/212761\\\/\"]}]},{\"@type\":\"ImageObject\",\"inLanguage\":\"fr-FR\",\"@id\":\"https:\\\/\\\/www.webdo.tn\\\/fr\\\/actualite\\\/sport\\\/une-delegation-de-la-fifa-et-de-la-caf-en-tunisie\\\/212761\\\/#primaryimage\",\"url\":\"https:\\\/\\\/www.webdo.tn\\\/fr\\\/wp-content\\\/uploads\\\/2024\\\/03\\\/daa4107c4f635a525b52aa8e8add9635.jpg\",\"contentUrl\":\"https:\\\/\\\/www.webdo.tn\\\/fr\\\/wp-content\\\/uploads\\\/2024\\\/03\\\/daa4107c4f635a525b52aa8e8add9635.jpg\",\"width\":660,\"height\":352,\"caption\":\"Une d\u00e9l\u00e9gation de la FIFA et de la CAF en Tunisie\"},{\"@type\":\"BreadcrumbList\",\"@id\":\"https:\\\/\\\/www.webdo.tn\\\/fr\\\/actualite\\\/sport\\\/une-delegation-de-la-fifa-et-de-la-caf-en-tunisie\\\/212761\\\/#breadcrumb\",\"itemListElement\":[{\"@type\":\"ListItem\",\"position\":1,\"name\":\"Accueil\",\"item\":\"https:\\\/\\\/www.webdo.tn\\\/fr\\\/\"},{\"@type\":\"ListItem\",\"position\":2,\"name\":\"Une d\u00e9l\u00e9gation de la FIFA et de la CAF en Tunisie\"}]},{\"@type\":\"WebSite\",\"@id\":\"https:\\\/\\\/www.webdo.tn\\\/fr\\\/#website\",\"url\":\"https:\\\/\\\/www.webdo.tn\\\/fr\\\/\",\"name\":\"webdo\",\"description\":\"Tunisie - News en Tunisie et \u00e0 l&#039;international sur Webdo.tn\",\"publisher\":{\"@id\":\"https:\\\/\\\/www.webdo.tn\\\/fr\\\/#organization\"},\"potentialAction\":[{\"@type\":\"SearchAction\",\"target\":{\"@type\":\"EntryPoint\",\"urlTemplate\":\"https:\\\/\\\/www.webdo.tn\\\/fr\\\/?s={search_term_string}\"},\"query-input\":{\"@type\":\"PropertyValueSpecification\",\"valueRequired\":true,\"valueName\":\"search_term_string\"}}],\"inLanguage\":\"fr-FR\"},{\"@type\":\"Organization\",\"@id\":\"https:\\\/\\\/www.webdo.tn\\\/fr\\\/#organization\",\"name\":\"Webdo\",\"alternateName\":\"Webdo.tn\",\"url\":\"https:\\\/\\\/www.webdo.tn\\\/fr\\\/\",\"logo\":{\"@type\":\"ImageObject\",\"inLanguage\":\"fr-FR\",\"@id\":\"https:\\\/\\\/www.webdo.tn\\\/fr\\\/#\\\/schema\\\/logo\\\/image\\\/\",\"url\":\"https:\\\/\\\/www.webdo.tn\\\/fr\\\/wp-content\\\/uploads\\\/2025\\\/06\\\/Webdo-Tunisie_168377.jpg\",\"contentUrl\":\"https:\\\/\\\/www.webdo.tn\\\/fr\\\/wp-content\\\/uploads\\\/2025\\\/06\\\/Webdo-Tunisie_168377.jpg\",\"width\":301,\"height\":301,\"caption\":\"Webdo\"},\"image\":{\"@id\":\"https:\\\/\\\/www.webdo.tn\\\/fr\\\/#\\\/schema\\\/logo\\\/image\\\/\"},\"sameAs\":[\"https:\\\/\\\/www.facebook.com\\\/webdotn\",\"https:\\\/\\\/x.com\\\/webdo_tn\"],\"description\":\"Webdo est un m\u00e9dia num\u00e9rique tunisien fond\u00e9 en 2010, sp\u00e9cialis\u00e9 dans l\u2019actualit\u00e9 nationale et internationale, l\u2019\u00e9conomie, la soci\u00e9t\u00e9 et les analyses politiques. Le site s\u2019adresse \u00e0 un large public francophone et couvre l\u2019information tunisienne en temps r\u00e9el.\",\"email\":\"redac@webdo.tn\",\"legalName\":\"YNJ SARL\",\"foundingDate\":\"2010-09-06\",\"numberOfEmployees\":{\"@type\":\"QuantitativeValue\",\"minValue\":\"11\",\"maxValue\":\"50\"}},{\"@type\":\"Person\",\"@id\":\"https:\\\/\\\/www.webdo.tn\\\/fr\\\/#\\\/schema\\\/person\\\/2c4929cbf5a809e3bd38617c6ce150f6\",\"name\":\"MC\",\"image\":{\"@type\":\"ImageObject\",\"inLanguage\":\"fr-FR\",\"@id\":\"https:\\\/\\\/secure.gravatar.com\\\/avatar\\\/a545bbb6f84efdd5553dbbc2895e3ca8f1d12c5215e00a041c9670b54aa9b18a?s=96&d=mm&r=g\",\"url\":\"https:\\\/\\\/secure.gravatar.com\\\/avatar\\\/a545bbb6f84efdd5553dbbc2895e3ca8f1d12c5215e00a041c9670b54aa9b18a?s=96&d=mm&r=g\",\"contentUrl\":\"https:\\\/\\\/secure.gravatar.com\\\/avatar\\\/a545bbb6f84efdd5553dbbc2895e3ca8f1d12c5215e00a041c9670b54aa9b18a?s=96&d=mm&r=g\",\"caption\":\"MC\"},\"url\":\"https:\\\/\\\/www.webdo.tn\\\/fr\\\/actualite\\\/author\\\/mc\\\/\"}]}<\/script>\n<!-- \/ Yoast SEO Premium plugin. -->","yoast_head_json":{"title":"Une d\u00e9l\u00e9gation de la FIFA et de la CAF en Tunisie","description":"Apr\u00e8s le rejet des listes candidates \u00e0 la pr\u00e9sidence de la F\u00e9d\u00e9ration Tunisienne de Football (FTF), l\u2019instance footballistique s\u2019est tourn\u00e9e vers la FIFA pour t...","canonical":"https:\/\/www.webdo.tn\/fr\/actualite\/sport\/une-delegation-de-la-fifa-et-de-la-caf-en-tunisie\/212761\/","og_locale":"fr_FR","og_type":"article","og_title":"Une d\u00e9l\u00e9gation de la FIFA et de la CAF en Tunisie","og_description":"Apr\u00e8s le rejet des listes candidates \u00e0 la pr\u00e9sidence de la F\u00e9d\u00e9ration Tunisienne de Football (FTF), l\u2019instance footballistique s\u2019est tourn\u00e9e vers la FIFA pour t...","og_url":"https:\/\/www.webdo.tn\/fr\/actualite\/sport\/une-delegation-de-la-fifa-et-de-la-caf-en-tunisie\/212761\/","og_site_name":"webdo","article_publisher":"https:\/\/www.facebook.com\/webdotn","article_published_time":"2024-03-05T15:45:00+00:00","article_modified_time":"2025-05-20T21:52:28+00:00","og_image":[{"width":660,"height":352,"url":"https:\/\/www.webdo.tn\/fr\/wp-content\/uploads\/2024\/03\/daa4107c4f635a525b52aa8e8add9635.jpg","type":"image\/jpeg"}],"author":"MC","twitter_card":"summary_large_image","twitter_creator":"@webdo_tn","twitter_site":"@webdo_tn","twitter_misc":{"\u00c9crit par":"MC","Dur\u00e9e de lecture estim\u00e9e":"2 minutes"},"schema":{"@context":"https:\/\/schema.org","@graph":[{"@type":"NewsArticle","@id":"https:\/\/www.webdo.tn\/fr\/actualite\/sport\/une-delegation-de-la-fifa-et-de-la-caf-en-tunisie\/212761\/#article","isPartOf":{"@id":"https:\/\/www.webdo.tn\/fr\/actualite\/sport\/une-delegation-de-la-fifa-et-de-la-caf-en-tunisie\/212761\/"},"author":{"name":"MC","@id":"https:\/\/www.webdo.tn\/fr\/#\/schema\/person\/2c4929cbf5a809e3bd38617c6ce150f6"},"headline":"Une d\u00e9l\u00e9gation de la FIFA et de la CAF en Tunisie","datePublished":"2024-03-05T15:45:00+00:00","dateModified":"2025-05-20T21:52:28+00:00","mainEntityOfPage":{"@id":"https:\/\/www.webdo.tn\/fr\/actualite\/sport\/une-delegation-de-la-fifa-et-de-la-caf-en-tunisie\/212761\/"},"wordCount":345,"commentCount":0,"publisher":{"@id":"https:\/\/www.webdo.tn\/fr\/#organization"},"image":{"@id":"https:\/\/www.webdo.tn\/fr\/actualite\/sport\/une-delegation-de-la-fifa-et-de-la-caf-en-tunisie\/212761\/#primaryimage"},"thumbnailUrl":"https:\/\/www.webdo.tn\/fr\/wp-content\/uploads\/2024\/03\/daa4107c4f635a525b52aa8e8add9635.jpg","keywords":["bureau f\u00e9d\u00e9ral","CAF","FIFA","FTF","Tunisie"],"articleSection":["Sport"],"inLanguage":"fr-FR"},{"@type":"WebPage","@id":"https:\/\/www.webdo.tn\/fr\/actualite\/sport\/une-delegation-de-la-fifa-et-de-la-caf-en-tunisie\/212761\/","url":"https:\/\/www.webdo.tn\/fr\/actualite\/sport\/une-delegation-de-la-fifa-et-de-la-caf-en-tunisie\/212761\/","name":"Une d\u00e9l\u00e9gation de la FIFA et de la CAF en Tunisie","isPartOf":{"@id":"https:\/\/www.webdo.tn\/fr\/#website"},"primaryImageOfPage":{"@id":"https:\/\/www.webdo.tn\/fr\/actualite\/sport\/une-delegation-de-la-fifa-et-de-la-caf-en-tunisie\/212761\/#primaryimage"},"image":{"@id":"https:\/\/www.webdo.tn\/fr\/actualite\/sport\/une-delegation-de-la-fifa-et-de-la-caf-en-tunisie\/212761\/#primaryimage"},"thumbnailUrl":"https:\/\/www.webdo.tn\/fr\/wp-content\/uploads\/2024\/03\/daa4107c4f635a525b52aa8e8add9635.jpg","datePublished":"2024-03-05T15:45:00+00:00","dateModified":"2025-05-20T21:52:28+00:00","description":"Apr\u00e8s le rejet des listes candidates \u00e0 la pr\u00e9sidence de la F\u00e9d\u00e9ration Tunisienne de Football (FTF), l\u2019instance footballistique s\u2019est tourn\u00e9e vers la FIFA pour t...","breadcrumb":{"@id":"https:\/\/www.webdo.tn\/fr\/actualite\/sport\/une-delegation-de-la-fifa-et-de-la-caf-en-tunisie\/212761\/#breadcrumb"},"inLanguage":"fr-FR","potentialAction":[{"@type":"ReadAction","target":["https:\/\/www.webdo.tn\/fr\/actualite\/sport\/une-delegation-de-la-fifa-et-de-la-caf-en-tunisie\/212761\/"]}]},{"@type":"ImageObject","inLanguage":"fr-FR","@id":"https:\/\/www.webdo.tn\/fr\/actualite\/sport\/une-delegation-de-la-fifa-et-de-la-caf-en-tunisie\/212761\/#primaryimage","url":"https:\/\/www.webdo.tn\/fr\/wp-content\/uploads\/2024\/03\/daa4107c4f635a525b52aa8e8add9635.jpg","contentUrl":"https:\/\/www.webdo.tn\/fr\/wp-content\/uploads\/2024\/03\/daa4107c4f635a525b52aa8e8add9635.jpg","width":660,"height":352,"caption":"Une d\u00e9l\u00e9gation de la FIFA et de la CAF en Tunisie"},{"@type":"BreadcrumbList","@id":"https:\/\/www.webdo.tn\/fr\/actualite\/sport\/une-delegation-de-la-fifa-et-de-la-caf-en-tunisie\/212761\/#breadcrumb","itemListElement":[{"@type":"ListItem","position":1,"name":"Accueil","item":"https:\/\/www.webdo.tn\/fr\/"},{"@type":"ListItem","position":2,"name":"Une d\u00e9l\u00e9gation de la FIFA et de la CAF en Tunisie"}]},{"@type":"WebSite","@id":"https:\/\/www.webdo.tn\/fr\/#website","url":"https:\/\/www.webdo.tn\/fr\/","name":"webdo","description":"Tunisie - News en Tunisie et \u00e0 l&#039;international sur Webdo.tn","publisher":{"@id":"https:\/\/www.webdo.tn\/fr\/#organization"},"potentialAction":[{"@type":"SearchAction","target":{"@type":"EntryPoint","urlTemplate":"https:\/\/www.webdo.tn\/fr\/?s={search_term_string}"},"query-input":{"@type":"PropertyValueSpecification","valueRequired":true,"valueName":"search_term_string"}}],"inLanguage":"fr-FR"},{"@type":"Organization","@id":"https:\/\/www.webdo.tn\/fr\/#organization","name":"Webdo","alternateName":"Webdo.tn","url":"https:\/\/www.webdo.tn\/fr\/","logo":{"@type":"ImageObject","inLanguage":"fr-FR","@id":"https:\/\/www.webdo.tn\/fr\/#\/schema\/logo\/image\/","url":"https:\/\/www.webdo.tn\/fr\/wp-content\/uploads\/2025\/06\/Webdo-Tunisie_168377.jpg","contentUrl":"https:\/\/www.webdo.tn\/fr\/wp-content\/uploads\/2025\/06\/Webdo-Tunisie_168377.jpg","width":301,"height":301,"caption":"Webdo"},"image":{"@id":"https:\/\/www.webdo.tn\/fr\/#\/schema\/logo\/image\/"},"sameAs":["https:\/\/www.facebook.com\/webdotn","https:\/\/x.com\/webdo_tn"],"description":"Webdo est un m\u00e9dia num\u00e9rique tunisien fond\u00e9 en 2010, sp\u00e9cialis\u00e9 dans l\u2019actualit\u00e9 nationale et internationale, l\u2019\u00e9conomie, la soci\u00e9t\u00e9 et les analyses politiques. Le site s\u2019adresse \u00e0 un large public francophone et couvre l\u2019information tunisienne en temps r\u00e9el.","email":"redac@webdo.tn","legalName":"YNJ SARL","foundingDate":"2010-09-06","numberOfEmployees":{"@type":"QuantitativeValue","minValue":"11","maxValue":"50"}},{"@type":"Person","@id":"https:\/\/www.webdo.tn\/fr\/#\/schema\/person\/2c4929cbf5a809e3bd38617c6ce150f6","name":"MC","image":{"@type":"ImageObject","inLanguage":"fr-FR","@id":"https:\/\/secure.gravatar.com\/avatar\/a545bbb6f84efdd5553dbbc2895e3ca8f1d12c5215e00a041c9670b54aa9b18a?s=96&d=mm&r=g","url":"https:\/\/secure.gravatar.com\/avatar\/a545bbb6f84efdd5553dbbc2895e3ca8f1d12c5215e00a041c9670b54aa9b18a?s=96&d=mm&r=g","contentUrl":"https:\/\/secure.gravatar.com\/avatar\/a545bbb6f84efdd5553dbbc2895e3ca8f1d12c5215e00a041c9670b54aa9b18a?s=96&d=mm&r=g","caption":"MC"},"url":"https:\/\/www.webdo.tn\/fr\/actualite\/author\/mc\/"}]}},"_links":{"self":[{"href":"https:\/\/www.webdo.tn\/fr\/wp-json\/wp\/v2\/posts\/212761","targetHints":{"allow":["GET"]}}],"collection":[{"href":"https:\/\/www.webdo.tn\/fr\/wp-json\/wp\/v2\/posts"}],"about":[{"href":"https:\/\/www.webdo.tn\/fr\/wp-json\/wp\/v2\/types\/post"}],"author":[{"embeddable":true,"href":"https:\/\/www.webdo.tn\/fr\/wp-json\/wp\/v2\/users\/3162"}],"replies":[{"embeddable":true,"href":"https:\/\/www.webdo.tn\/fr\/wp-json\/wp\/v2\/comments?post=212761"}],"version-history":[{"count":0,"href":"https:\/\/www.webdo.tn\/fr\/wp-json\/wp\/v2\/posts\/212761\/revisions"}],"wp:featuredmedia":[{"embeddable":true,"href":"https:\/\/www.webdo.tn\/fr\/wp-json\/wp\/v2\/media\/247841"}],"wp:attachment":[{"href":"https:\/\/www.webdo.tn\/fr\/wp-json\/wp\/v2\/media?parent=212761"}],"wp:term":[{"taxonomy":"category","embeddable":true,"href":"https:\/\/www.webdo.tn\/fr\/wp-json\/wp\/v2\/categories?post=212761"},{"taxonomy":"post_tag","embeddable":true,"href":"https:\/\/www.webdo.tn\/fr\/wp-json\/wp\/v2\/tags?post=212761"}],"curies":[{"name":"wp","href":"https:\/\/api.w.org\/{rel}","templated":true}]}}