{"id":212749,"date":"2024-03-05T11:32:00","date_gmt":"2024-03-05T10:32:00","guid":{"rendered":"https:\/\/www.webdo.tn\/fr\/actualite\/national\/tunisie-les-quantites-de-pluies-enregistrees-ces-dernieres-24-heures\/212749"},"modified":"2025-06-04T18:05:05","modified_gmt":"2025-06-04T18:05:05","slug":"tunisie-les-quantites-de-pluies-enregistrees-ces-dernieres-24-heures-3","status":"publish","type":"post","link":"https:\/\/www.webdo.tn\/fr\/actualite\/national\/tunisie-les-quantites-de-pluies-enregistrees-ces-dernieres-24-heures-3\/212749\/","title":{"rendered":"Tunisie : Les quantit\u00e9s de pluies enregistr\u00e9es ces derni\u00e8res 24 heures"},"content":{"rendered":"<p>L\u2019Institut national de la m\u00e9t\u00e9orologie a publi\u00e9 ce mardi 5 mars 2024 le bulletin de la pluviom\u00e9trie enregistr\u00e9e ces derni\u00e8res 24 heures.\u00a0<\/p>\n<p> G\u00e9n\u00e9ralement, les quantit\u00e9s de pluies enregistr\u00e9es sont faibles. Les plus grandes quantit\u00e9s ont \u00e9t\u00e9 enregistr\u00e9es \u00e0 Balta Alouane dans le gouvernorat de Jendouba avec 10 mm et \u00e0 Joumine, gouvernorat de Bizerte 11 mm.\u00a0<\/p>\n<p>La veille, les quantit\u00e9s de pluies \u00e9taient nettement plus importantes. Le gouvernorat de Ben Arous a \u00e9t\u00e9 le plus arros\u00e9 avec 16 mm enregistr\u00e9s \u00e0 Khelidia, 5 mm \u00e0 Rades, 4 mm \u00e0 M\u00e9grine et \u00e0 Hammam-lif, 2 mm \u00e0 Mhamdia et 1 mm \u00e0 Ben Arous.<\/p>\n<p>Notons que le taux global de remplissage des barrages a atteint un nouveau palier, Il \u00e9tait de 35% au 28 f\u00e9vrier, 35% et est d\u00e9sormais de 35,6% au 29 f\u00e9vrier.<\/p>\n<p>Au mois de f\u00e9vrier 2024, les apports ont atteint 115,801 millions de m\u00b3 dont 8,424 millions de m\u00b3 enregistr\u00e9s pour la seule journ\u00e9e du 29 f\u00e9vrier 2024.<\/p>\n","protected":false},"excerpt":{"rendered":"<p>G\u00e9n\u00e9ralement, les quantit\u00e9s de pluies enregistr\u00e9es sont faibles. Les plus grandes quantit\u00e9s ont \u00e9t\u00e9 enregistr\u00e9es \u00e0 Balta Alouane dans le gouvernorat de Jendouba&#8230;<\/p>\n","protected":false},"author":3162,"featured_media":366723,"comment_status":"open","ping_status":"open","sticky":false,"template":"","format":"standard","meta":{"footnotes":""},"categories":[44],"tags":[3163,3739,2608],"class_list":["post-212749","post","type-post","status-publish","format-standard","has-post-thumbnail","hentry","category-national","tag-pluies","tag-pluviometrie","tag-tunisie"],"yoast_head":"<!-- This site is optimized with the Yoast SEO Premium plugin v27.5 (Yoast SEO v27.5) - https:\/\/yoast.com\/product\/yoast-seo-premium-wordpress\/ -->\n<title>Tunisie : Les quantit\u00e9s de pluies enregistr\u00e9es ces derni\u00e8res 24 heures<\/title>\n<meta name=\"description\" content=\"G\u00e9n\u00e9ralement, les quantit\u00e9s de pluies enregistr\u00e9es sont faibles. Les plus grandes quantit\u00e9s ont \u00e9t\u00e9 enregistr\u00e9es \u00e0 Balta Alouane dans le gouvernorat de Jendouba...\" \/>\n<link rel=\"canonical\" href=\"https:\/\/www.webdo.tn\/fr\/actualite\/national\/tunisie-les-quantites-de-pluies-enregistrees-ces-dernieres-24-heures-3\/212749\/\" \/>\n<meta property=\"og:locale\" content=\"fr_FR\" \/>\n<meta property=\"og:type\" content=\"article\" \/>\n<meta property=\"og:title\" content=\"Tunisie : Les quantit\u00e9s de pluies enregistr\u00e9es ces derni\u00e8res 24 heures\" \/>\n<meta property=\"og:description\" content=\"G\u00e9n\u00e9ralement, les quantit\u00e9s de pluies enregistr\u00e9es sont faibles. Les plus grandes quantit\u00e9s ont \u00e9t\u00e9 enregistr\u00e9es \u00e0 Balta Alouane dans le gouvernorat de Jendouba...\" \/>\n<meta property=\"og:url\" content=\"https:\/\/www.webdo.tn\/fr\/actualite\/national\/tunisie-les-quantites-de-pluies-enregistrees-ces-dernieres-24-heures-3\/212749\/\" \/>\n<meta property=\"og:site_name\" content=\"webdo\" \/>\n<meta property=\"article:publisher\" content=\"https:\/\/www.facebook.com\/webdotn\" \/>\n<meta property=\"article:published_time\" content=\"2024-03-05T10:32:00+00:00\" \/>\n<meta property=\"article:modified_time\" content=\"2025-06-04T18:05:05+00:00\" \/>\n<meta name=\"author\" content=\"MC\" \/>\n<meta name=\"twitter:card\" content=\"summary_large_image\" \/>\n<meta name=\"twitter:creator\" content=\"@webdo_tn\" \/>\n<meta name=\"twitter:site\" content=\"@webdo_tn\" \/>\n<meta name=\"twitter:label1\" content=\"\u00c9crit par\" \/>\n\t<meta name=\"twitter:data1\" content=\"MC\" \/>\n\t<meta name=\"twitter:label2\" content=\"Dur\u00e9e de lecture estim\u00e9e\" \/>\n\t<meta name=\"twitter:data2\" content=\"1 minute\" \/>\n<script type=\"application\/ld+json\" class=\"yoast-schema-graph\">{\"@context\":\"https:\\\/\\\/schema.org\",\"@graph\":[{\"@type\":\"NewsArticle\",\"@id\":\"https:\\\/\\\/www.webdo.tn\\\/fr\\\/actualite\\\/national\\\/tunisie-les-quantites-de-pluies-enregistrees-ces-dernieres-24-heures-3\\\/212749\\\/#article\",\"isPartOf\":{\"@id\":\"https:\\\/\\\/www.webdo.tn\\\/fr\\\/actualite\\\/national\\\/tunisie-les-quantites-de-pluies-enregistrees-ces-dernieres-24-heures-3\\\/212749\\\/\"},\"author\":{\"name\":\"MC\",\"@id\":\"https:\\\/\\\/www.webdo.tn\\\/fr\\\/#\\\/schema\\\/person\\\/2c4929cbf5a809e3bd38617c6ce150f6\"},\"headline\":\"Tunisie : Les quantit\u00e9s de pluies enregistr\u00e9es ces derni\u00e8res 24 heures\",\"datePublished\":\"2024-03-05T10:32:00+00:00\",\"dateModified\":\"2025-06-04T18:05:05+00:00\",\"mainEntityOfPage\":{\"@id\":\"https:\\\/\\\/www.webdo.tn\\\/fr\\\/actualite\\\/national\\\/tunisie-les-quantites-de-pluies-enregistrees-ces-dernieres-24-heures-3\\\/212749\\\/\"},\"wordCount\":166,\"commentCount\":0,\"publisher\":{\"@id\":\"https:\\\/\\\/www.webdo.tn\\\/fr\\\/#organization\"},\"image\":{\"@id\":\"https:\\\/\\\/www.webdo.tn\\\/fr\\\/actualite\\\/national\\\/tunisie-les-quantites-de-pluies-enregistrees-ces-dernieres-24-heures-3\\\/212749\\\/#primaryimage\"},\"thumbnailUrl\":\"https:\\\/\\\/www.webdo.tn\\\/fr\\\/wp-content\\\/uploads\\\/2025\\\/06\\\/42eb14c1bb209b2fa068156a088eb3e2_212749.jpg\",\"keywords\":[\"pluies\",\"Pluviom\u00e9trie\",\"Tunisie\"],\"articleSection\":[\"National\"],\"inLanguage\":\"fr-FR\"},{\"@type\":\"WebPage\",\"@id\":\"https:\\\/\\\/www.webdo.tn\\\/fr\\\/actualite\\\/national\\\/tunisie-les-quantites-de-pluies-enregistrees-ces-dernieres-24-heures-3\\\/212749\\\/\",\"url\":\"https:\\\/\\\/www.webdo.tn\\\/fr\\\/actualite\\\/national\\\/tunisie-les-quantites-de-pluies-enregistrees-ces-dernieres-24-heures-3\\\/212749\\\/\",\"name\":\"Tunisie : Les quantit\u00e9s de pluies enregistr\u00e9es ces derni\u00e8res 24 heures\",\"isPartOf\":{\"@id\":\"https:\\\/\\\/www.webdo.tn\\\/fr\\\/#website\"},\"primaryImageOfPage\":{\"@id\":\"https:\\\/\\\/www.webdo.tn\\\/fr\\\/actualite\\\/national\\\/tunisie-les-quantites-de-pluies-enregistrees-ces-dernieres-24-heures-3\\\/212749\\\/#primaryimage\"},\"image\":{\"@id\":\"https:\\\/\\\/www.webdo.tn\\\/fr\\\/actualite\\\/national\\\/tunisie-les-quantites-de-pluies-enregistrees-ces-dernieres-24-heures-3\\\/212749\\\/#primaryimage\"},\"thumbnailUrl\":\"https:\\\/\\\/www.webdo.tn\\\/fr\\\/wp-content\\\/uploads\\\/2025\\\/06\\\/42eb14c1bb209b2fa068156a088eb3e2_212749.jpg\",\"datePublished\":\"2024-03-05T10:32:00+00:00\",\"dateModified\":\"2025-06-04T18:05:05+00:00\",\"description\":\"G\u00e9n\u00e9ralement, les quantit\u00e9s de pluies enregistr\u00e9es sont faibles. Les plus grandes quantit\u00e9s ont \u00e9t\u00e9 enregistr\u00e9es \u00e0 Balta Alouane dans le gouvernorat de Jendouba...\",\"breadcrumb\":{\"@id\":\"https:\\\/\\\/www.webdo.tn\\\/fr\\\/actualite\\\/national\\\/tunisie-les-quantites-de-pluies-enregistrees-ces-dernieres-24-heures-3\\\/212749\\\/#breadcrumb\"},\"inLanguage\":\"fr-FR\",\"potentialAction\":[{\"@type\":\"ReadAction\",\"target\":[\"https:\\\/\\\/www.webdo.tn\\\/fr\\\/actualite\\\/national\\\/tunisie-les-quantites-de-pluies-enregistrees-ces-dernieres-24-heures-3\\\/212749\\\/\"]}]},{\"@type\":\"ImageObject\",\"inLanguage\":\"fr-FR\",\"@id\":\"https:\\\/\\\/www.webdo.tn\\\/fr\\\/actualite\\\/national\\\/tunisie-les-quantites-de-pluies-enregistrees-ces-dernieres-24-heures-3\\\/212749\\\/#primaryimage\",\"url\":\"https:\\\/\\\/www.webdo.tn\\\/fr\\\/wp-content\\\/uploads\\\/2025\\\/06\\\/42eb14c1bb209b2fa068156a088eb3e2_212749.jpg\",\"contentUrl\":\"https:\\\/\\\/www.webdo.tn\\\/fr\\\/wp-content\\\/uploads\\\/2025\\\/06\\\/42eb14c1bb209b2fa068156a088eb3e2_212749.jpg\",\"width\":676,\"height\":361,\"caption\":\"Tunisie : Les quantit\u00e9s de pluies enregistr\u00e9es ces derni\u00e8res 24 heures\"},{\"@type\":\"BreadcrumbList\",\"@id\":\"https:\\\/\\\/www.webdo.tn\\\/fr\\\/actualite\\\/national\\\/tunisie-les-quantites-de-pluies-enregistrees-ces-dernieres-24-heures-3\\\/212749\\\/#breadcrumb\",\"itemListElement\":[{\"@type\":\"ListItem\",\"position\":1,\"name\":\"Accueil\",\"item\":\"https:\\\/\\\/www.webdo.tn\\\/fr\\\/\"},{\"@type\":\"ListItem\",\"position\":2,\"name\":\"Tunisie : Les quantit\u00e9s de pluies enregistr\u00e9es ces derni\u00e8res 24 heures\"}]},{\"@type\":\"WebSite\",\"@id\":\"https:\\\/\\\/www.webdo.tn\\\/fr\\\/#website\",\"url\":\"https:\\\/\\\/www.webdo.tn\\\/fr\\\/\",\"name\":\"webdo\",\"description\":\"Tunisie - News en Tunisie et \u00e0 l&#039;international sur Webdo.tn\",\"publisher\":{\"@id\":\"https:\\\/\\\/www.webdo.tn\\\/fr\\\/#organization\"},\"potentialAction\":[{\"@type\":\"SearchAction\",\"target\":{\"@type\":\"EntryPoint\",\"urlTemplate\":\"https:\\\/\\\/www.webdo.tn\\\/fr\\\/?s={search_term_string}\"},\"query-input\":{\"@type\":\"PropertyValueSpecification\",\"valueRequired\":true,\"valueName\":\"search_term_string\"}}],\"inLanguage\":\"fr-FR\"},{\"@type\":\"Organization\",\"@id\":\"https:\\\/\\\/www.webdo.tn\\\/fr\\\/#organization\",\"name\":\"Webdo\",\"alternateName\":\"Webdo.tn\",\"url\":\"https:\\\/\\\/www.webdo.tn\\\/fr\\\/\",\"logo\":{\"@type\":\"ImageObject\",\"inLanguage\":\"fr-FR\",\"@id\":\"https:\\\/\\\/www.webdo.tn\\\/fr\\\/#\\\/schema\\\/logo\\\/image\\\/\",\"url\":\"https:\\\/\\\/www.webdo.tn\\\/fr\\\/wp-content\\\/uploads\\\/2025\\\/06\\\/Webdo-Tunisie_168377.jpg\",\"contentUrl\":\"https:\\\/\\\/www.webdo.tn\\\/fr\\\/wp-content\\\/uploads\\\/2025\\\/06\\\/Webdo-Tunisie_168377.jpg\",\"width\":301,\"height\":301,\"caption\":\"Webdo\"},\"image\":{\"@id\":\"https:\\\/\\\/www.webdo.tn\\\/fr\\\/#\\\/schema\\\/logo\\\/image\\\/\"},\"sameAs\":[\"https:\\\/\\\/www.facebook.com\\\/webdotn\",\"https:\\\/\\\/x.com\\\/webdo_tn\"],\"description\":\"Webdo est un m\u00e9dia num\u00e9rique tunisien fond\u00e9 en 2010, sp\u00e9cialis\u00e9 dans l\u2019actualit\u00e9 nationale et internationale, l\u2019\u00e9conomie, la soci\u00e9t\u00e9 et les analyses politiques. Le site s\u2019adresse \u00e0 un large public francophone et couvre l\u2019information tunisienne en temps r\u00e9el.\",\"email\":\"redac@webdo.tn\",\"legalName\":\"YNJ SARL\",\"foundingDate\":\"2010-09-06\",\"numberOfEmployees\":{\"@type\":\"QuantitativeValue\",\"minValue\":\"11\",\"maxValue\":\"50\"}},{\"@type\":\"Person\",\"@id\":\"https:\\\/\\\/www.webdo.tn\\\/fr\\\/#\\\/schema\\\/person\\\/2c4929cbf5a809e3bd38617c6ce150f6\",\"name\":\"MC\",\"image\":{\"@type\":\"ImageObject\",\"inLanguage\":\"fr-FR\",\"@id\":\"https:\\\/\\\/secure.gravatar.com\\\/avatar\\\/a545bbb6f84efdd5553dbbc2895e3ca8f1d12c5215e00a041c9670b54aa9b18a?s=96&d=mm&r=g\",\"url\":\"https:\\\/\\\/secure.gravatar.com\\\/avatar\\\/a545bbb6f84efdd5553dbbc2895e3ca8f1d12c5215e00a041c9670b54aa9b18a?s=96&d=mm&r=g\",\"contentUrl\":\"https:\\\/\\\/secure.gravatar.com\\\/avatar\\\/a545bbb6f84efdd5553dbbc2895e3ca8f1d12c5215e00a041c9670b54aa9b18a?s=96&d=mm&r=g\",\"caption\":\"MC\"},\"url\":\"https:\\\/\\\/www.webdo.tn\\\/fr\\\/actualite\\\/author\\\/mc\\\/\"}]}<\/script>\n<!-- \/ Yoast SEO Premium plugin. -->","yoast_head_json":{"title":"Tunisie : Les quantit\u00e9s de pluies enregistr\u00e9es ces derni\u00e8res 24 heures","description":"G\u00e9n\u00e9ralement, les quantit\u00e9s de pluies enregistr\u00e9es sont faibles. Les plus grandes quantit\u00e9s ont \u00e9t\u00e9 enregistr\u00e9es \u00e0 Balta Alouane dans le gouvernorat de Jendouba...","canonical":"https:\/\/www.webdo.tn\/fr\/actualite\/national\/tunisie-les-quantites-de-pluies-enregistrees-ces-dernieres-24-heures-3\/212749\/","og_locale":"fr_FR","og_type":"article","og_title":"Tunisie : Les quantit\u00e9s de pluies enregistr\u00e9es ces derni\u00e8res 24 heures","og_description":"G\u00e9n\u00e9ralement, les quantit\u00e9s de pluies enregistr\u00e9es sont faibles. Les plus grandes quantit\u00e9s ont \u00e9t\u00e9 enregistr\u00e9es \u00e0 Balta Alouane dans le gouvernorat de Jendouba...","og_url":"https:\/\/www.webdo.tn\/fr\/actualite\/national\/tunisie-les-quantites-de-pluies-enregistrees-ces-dernieres-24-heures-3\/212749\/","og_site_name":"webdo","article_publisher":"https:\/\/www.facebook.com\/webdotn","article_published_time":"2024-03-05T10:32:00+00:00","article_modified_time":"2025-06-04T18:05:05+00:00","author":"MC","twitter_card":"summary_large_image","twitter_creator":"@webdo_tn","twitter_site":"@webdo_tn","twitter_misc":{"\u00c9crit par":"MC","Dur\u00e9e de lecture estim\u00e9e":"1 minute"},"schema":{"@context":"https:\/\/schema.org","@graph":[{"@type":"NewsArticle","@id":"https:\/\/www.webdo.tn\/fr\/actualite\/national\/tunisie-les-quantites-de-pluies-enregistrees-ces-dernieres-24-heures-3\/212749\/#article","isPartOf":{"@id":"https:\/\/www.webdo.tn\/fr\/actualite\/national\/tunisie-les-quantites-de-pluies-enregistrees-ces-dernieres-24-heures-3\/212749\/"},"author":{"name":"MC","@id":"https:\/\/www.webdo.tn\/fr\/#\/schema\/person\/2c4929cbf5a809e3bd38617c6ce150f6"},"headline":"Tunisie : Les quantit\u00e9s de pluies enregistr\u00e9es ces derni\u00e8res 24 heures","datePublished":"2024-03-05T10:32:00+00:00","dateModified":"2025-06-04T18:05:05+00:00","mainEntityOfPage":{"@id":"https:\/\/www.webdo.tn\/fr\/actualite\/national\/tunisie-les-quantites-de-pluies-enregistrees-ces-dernieres-24-heures-3\/212749\/"},"wordCount":166,"commentCount":0,"publisher":{"@id":"https:\/\/www.webdo.tn\/fr\/#organization"},"image":{"@id":"https:\/\/www.webdo.tn\/fr\/actualite\/national\/tunisie-les-quantites-de-pluies-enregistrees-ces-dernieres-24-heures-3\/212749\/#primaryimage"},"thumbnailUrl":"https:\/\/www.webdo.tn\/fr\/wp-content\/uploads\/2025\/06\/42eb14c1bb209b2fa068156a088eb3e2_212749.jpg","keywords":["pluies","Pluviom\u00e9trie","Tunisie"],"articleSection":["National"],"inLanguage":"fr-FR"},{"@type":"WebPage","@id":"https:\/\/www.webdo.tn\/fr\/actualite\/national\/tunisie-les-quantites-de-pluies-enregistrees-ces-dernieres-24-heures-3\/212749\/","url":"https:\/\/www.webdo.tn\/fr\/actualite\/national\/tunisie-les-quantites-de-pluies-enregistrees-ces-dernieres-24-heures-3\/212749\/","name":"Tunisie : Les quantit\u00e9s de pluies enregistr\u00e9es ces derni\u00e8res 24 heures","isPartOf":{"@id":"https:\/\/www.webdo.tn\/fr\/#website"},"primaryImageOfPage":{"@id":"https:\/\/www.webdo.tn\/fr\/actualite\/national\/tunisie-les-quantites-de-pluies-enregistrees-ces-dernieres-24-heures-3\/212749\/#primaryimage"},"image":{"@id":"https:\/\/www.webdo.tn\/fr\/actualite\/national\/tunisie-les-quantites-de-pluies-enregistrees-ces-dernieres-24-heures-3\/212749\/#primaryimage"},"thumbnailUrl":"https:\/\/www.webdo.tn\/fr\/wp-content\/uploads\/2025\/06\/42eb14c1bb209b2fa068156a088eb3e2_212749.jpg","datePublished":"2024-03-05T10:32:00+00:00","dateModified":"2025-06-04T18:05:05+00:00","description":"G\u00e9n\u00e9ralement, les quantit\u00e9s de pluies enregistr\u00e9es sont faibles. Les plus grandes quantit\u00e9s ont \u00e9t\u00e9 enregistr\u00e9es \u00e0 Balta Alouane dans le gouvernorat de Jendouba...","breadcrumb":{"@id":"https:\/\/www.webdo.tn\/fr\/actualite\/national\/tunisie-les-quantites-de-pluies-enregistrees-ces-dernieres-24-heures-3\/212749\/#breadcrumb"},"inLanguage":"fr-FR","potentialAction":[{"@type":"ReadAction","target":["https:\/\/www.webdo.tn\/fr\/actualite\/national\/tunisie-les-quantites-de-pluies-enregistrees-ces-dernieres-24-heures-3\/212749\/"]}]},{"@type":"ImageObject","inLanguage":"fr-FR","@id":"https:\/\/www.webdo.tn\/fr\/actualite\/national\/tunisie-les-quantites-de-pluies-enregistrees-ces-dernieres-24-heures-3\/212749\/#primaryimage","url":"https:\/\/www.webdo.tn\/fr\/wp-content\/uploads\/2025\/06\/42eb14c1bb209b2fa068156a088eb3e2_212749.jpg","contentUrl":"https:\/\/www.webdo.tn\/fr\/wp-content\/uploads\/2025\/06\/42eb14c1bb209b2fa068156a088eb3e2_212749.jpg","width":676,"height":361,"caption":"Tunisie : Les quantit\u00e9s de pluies enregistr\u00e9es ces derni\u00e8res 24 heures"},{"@type":"BreadcrumbList","@id":"https:\/\/www.webdo.tn\/fr\/actualite\/national\/tunisie-les-quantites-de-pluies-enregistrees-ces-dernieres-24-heures-3\/212749\/#breadcrumb","itemListElement":[{"@type":"ListItem","position":1,"name":"Accueil","item":"https:\/\/www.webdo.tn\/fr\/"},{"@type":"ListItem","position":2,"name":"Tunisie : Les quantit\u00e9s de pluies enregistr\u00e9es ces derni\u00e8res 24 heures"}]},{"@type":"WebSite","@id":"https:\/\/www.webdo.tn\/fr\/#website","url":"https:\/\/www.webdo.tn\/fr\/","name":"webdo","description":"Tunisie - News en Tunisie et \u00e0 l&#039;international sur Webdo.tn","publisher":{"@id":"https:\/\/www.webdo.tn\/fr\/#organization"},"potentialAction":[{"@type":"SearchAction","target":{"@type":"EntryPoint","urlTemplate":"https:\/\/www.webdo.tn\/fr\/?s={search_term_string}"},"query-input":{"@type":"PropertyValueSpecification","valueRequired":true,"valueName":"search_term_string"}}],"inLanguage":"fr-FR"},{"@type":"Organization","@id":"https:\/\/www.webdo.tn\/fr\/#organization","name":"Webdo","alternateName":"Webdo.tn","url":"https:\/\/www.webdo.tn\/fr\/","logo":{"@type":"ImageObject","inLanguage":"fr-FR","@id":"https:\/\/www.webdo.tn\/fr\/#\/schema\/logo\/image\/","url":"https:\/\/www.webdo.tn\/fr\/wp-content\/uploads\/2025\/06\/Webdo-Tunisie_168377.jpg","contentUrl":"https:\/\/www.webdo.tn\/fr\/wp-content\/uploads\/2025\/06\/Webdo-Tunisie_168377.jpg","width":301,"height":301,"caption":"Webdo"},"image":{"@id":"https:\/\/www.webdo.tn\/fr\/#\/schema\/logo\/image\/"},"sameAs":["https:\/\/www.facebook.com\/webdotn","https:\/\/x.com\/webdo_tn"],"description":"Webdo est un m\u00e9dia num\u00e9rique tunisien fond\u00e9 en 2010, sp\u00e9cialis\u00e9 dans l\u2019actualit\u00e9 nationale et internationale, l\u2019\u00e9conomie, la soci\u00e9t\u00e9 et les analyses politiques. Le site s\u2019adresse \u00e0 un large public francophone et couvre l\u2019information tunisienne en temps r\u00e9el.","email":"redac@webdo.tn","legalName":"YNJ SARL","foundingDate":"2010-09-06","numberOfEmployees":{"@type":"QuantitativeValue","minValue":"11","maxValue":"50"}},{"@type":"Person","@id":"https:\/\/www.webdo.tn\/fr\/#\/schema\/person\/2c4929cbf5a809e3bd38617c6ce150f6","name":"MC","image":{"@type":"ImageObject","inLanguage":"fr-FR","@id":"https:\/\/secure.gravatar.com\/avatar\/a545bbb6f84efdd5553dbbc2895e3ca8f1d12c5215e00a041c9670b54aa9b18a?s=96&d=mm&r=g","url":"https:\/\/secure.gravatar.com\/avatar\/a545bbb6f84efdd5553dbbc2895e3ca8f1d12c5215e00a041c9670b54aa9b18a?s=96&d=mm&r=g","contentUrl":"https:\/\/secure.gravatar.com\/avatar\/a545bbb6f84efdd5553dbbc2895e3ca8f1d12c5215e00a041c9670b54aa9b18a?s=96&d=mm&r=g","caption":"MC"},"url":"https:\/\/www.webdo.tn\/fr\/actualite\/author\/mc\/"}]}},"_links":{"self":[{"href":"https:\/\/www.webdo.tn\/fr\/wp-json\/wp\/v2\/posts\/212749","targetHints":{"allow":["GET"]}}],"collection":[{"href":"https:\/\/www.webdo.tn\/fr\/wp-json\/wp\/v2\/posts"}],"about":[{"href":"https:\/\/www.webdo.tn\/fr\/wp-json\/wp\/v2\/types\/post"}],"author":[{"embeddable":true,"href":"https:\/\/www.webdo.tn\/fr\/wp-json\/wp\/v2\/users\/3162"}],"replies":[{"embeddable":true,"href":"https:\/\/www.webdo.tn\/fr\/wp-json\/wp\/v2\/comments?post=212749"}],"version-history":[{"count":0,"href":"https:\/\/www.webdo.tn\/fr\/wp-json\/wp\/v2\/posts\/212749\/revisions"}],"wp:featuredmedia":[{"embeddable":true,"href":"https:\/\/www.webdo.tn\/fr\/wp-json\/wp\/v2\/media\/366723"}],"wp:attachment":[{"href":"https:\/\/www.webdo.tn\/fr\/wp-json\/wp\/v2\/media?parent=212749"}],"wp:term":[{"taxonomy":"category","embeddable":true,"href":"https:\/\/www.webdo.tn\/fr\/wp-json\/wp\/v2\/categories?post=212749"},{"taxonomy":"post_tag","embeddable":true,"href":"https:\/\/www.webdo.tn\/fr\/wp-json\/wp\/v2\/tags?post=212749"}],"curies":[{"name":"wp","href":"https:\/\/api.w.org\/{rel}","templated":true}]}}