{"id":212748,"date":"2024-03-05T11:16:00","date_gmt":"2024-03-05T11:16:00","guid":{"rendered":"https:\/\/www.webdo.tn\/fr\/blog\/ligue-1-1ere-j-play-off-deux-derbies-et-un-clasico-au-programme\/212748\/"},"modified":"2025-05-20T21:52:27","modified_gmt":"2025-05-20T21:52:27","slug":"ligue-1-1ere-j-play-off-deux-derbies-et-un-clasico-au-programme","status":"publish","type":"post","link":"https:\/\/www.webdo.tn\/fr\/actualite\/sport\/ligue-1-1ere-j-play-off-deux-derbies-et-un-clasico-au-programme\/212748\/","title":{"rendered":"Ligue 1 &#8211; 1\u00e8re J. play-off : Deux derbies et un clasico au programme"},"content":{"rendered":"<p>Le play-off va enfin pouvoir d\u00e9marrer ! Initialement fix\u00e9 au 17 f\u00e9vrier dernier, le d\u00e9marrage de la deuxi\u00e8me phase du Championnat de Ligue 1, se fera aujourd\u2019hui apr\u00e8s plusieurs reports et beaucoup d\u2019h\u00e9sitation.<\/p>\n<p>\t\t\t\t\t\t\t\t\tCe mardi 5 mars 2024, le play-off sera inaugur\u00e9 par le derby entre l\u2019Esp\u00e9rance ST et le Stade Tunisien. Un match qui rev\u00eat une haute importance pour les uns comme pour les autres. L\u2019EST veut confirmer sa qualification en quarts de finale de la Ligue des Champions par un bon r\u00e9sultat face \u00e0 des Stadistes avides de victoires et d\u00e9termin\u00e9s \u00e0 jouer le coup \u00e0 fond.<\/p>\n<p>Les trois rencontres de cette 1\u00e8re journ\u00e9e sont toutes all\u00e9chantes. En plus d\u2019un derby \u00e0 Rades entre l\u2019EST et le ST, nous aurons droit au derby du Sahel entre l\u2019US Monastirienne et l\u2019Etoile du Sahel et \u00e0 un Clasico entre le CS Sfaxien et le Club Africain.<\/p>\n<p>A vos marques !<\/p>\n<p>PROGRAMME DE LA 1ERE JOURNEE<\/p>\n<p>Mardi 5 mars \u00e0 17h00<\/p>\n<p>* Esp\u00e9rance ST &#8211; Stade Tunisien ((Watania 2, Al Kass 4)<br \/>\nArbitre : Amir Loussif \/ Arbitre VAR : Haythem Guirat<\/p>\n<p>Mercredi 6 mars\u00a0 \u00e0 17h00<\/p>\n<p>* CS Sfaxien &#8211; Club Africain (Watania 1, Al Kass 4)<br \/>\nArbitre : Yousri Bouali \/ Arbitre VAR : Khaled Gouider<\/p>\n<p>* US Monastirienne &#8211; Etoile S. Sahel (Watania 2)<br \/>\nArbitre : Mehrez Melki \/ Arbitre VAR : Oussema Ben Ishak<\/p>\n<p>CALENDRIER PLAY-OFF<\/p>\n<p>\t1\u00e8re journ\u00e9e (5-6 mars) : CSS-CA \/ USMo-ESS \/ EST-ST<br \/>\n\t2\u00e8me journ\u00e9e (8-10 mars) : ST-CSS \/ CA-USMo \/ ESS-EST<br \/>\n\t3\u00e8me journ\u00e9e (16-17 mars) : CSS-USMo \/ EST-CA \/ ST-ESS<br \/>\n\t4\u00e8me journ\u00e9e (10-11 avril) : USMo-EST \/ CA-ST \/ CSS-ESS<br \/>\n\t5\u00e8me journ\u00e9e (13-14 avril) : EST-CSS \/ ST-USMo \/ ESS-CA<\/p>\n","protected":false},"excerpt":{"rendered":"<p>Ce mardi 5 mars 2024, le play-off sera inaugur\u00e9 par le derby entre l\u2019Esp\u00e9rance ST et le Stade Tunisien.<\/p>\n","protected":false},"author":3162,"featured_media":247835,"comment_status":"open","ping_status":"closed","sticky":false,"template":"","format":"standard","meta":{"footnotes":""},"categories":[2593],"tags":[2778,2622,2777,6308,2608],"class_list":["post-212748","post","type-post","status-publish","format-standard","has-post-thumbnail","hentry","category-sport","tag-championnat","tag-football","tag-ligue-1","tag-play-off","tag-tunisie"],"yoast_head":"<!-- This site is optimized with the Yoast SEO Premium plugin v27.4 (Yoast SEO v27.5) - https:\/\/yoast.com\/product\/yoast-seo-premium-wordpress\/ -->\n<title>Ligue 1 - 1\u00e8re J. play-off : Deux derbies et un clasico au programme<\/title>\n<meta name=\"description\" content=\"Ce mardi 5 mars 2024, le play-off sera inaugur\u00e9 par le derby entre l\u2019Esp\u00e9rance ST et le Stade Tunisien.\" \/>\n<link rel=\"canonical\" href=\"https:\/\/www.webdo.tn\/fr\/actualite\/sport\/ligue-1-1ere-j-play-off-deux-derbies-et-un-clasico-au-programme\/212748\/\" \/>\n<meta property=\"og:locale\" content=\"fr_FR\" \/>\n<meta property=\"og:type\" content=\"article\" \/>\n<meta property=\"og:title\" content=\"Ligue 1 - 1\u00e8re J. play-off : Deux derbies et un clasico au programme\" \/>\n<meta property=\"og:description\" content=\"Ce mardi 5 mars 2024, le play-off sera inaugur\u00e9 par le derby entre l\u2019Esp\u00e9rance ST et le Stade Tunisien.\" \/>\n<meta property=\"og:url\" content=\"https:\/\/www.webdo.tn\/fr\/actualite\/sport\/ligue-1-1ere-j-play-off-deux-derbies-et-un-clasico-au-programme\/212748\/\" \/>\n<meta property=\"og:site_name\" content=\"webdo\" \/>\n<meta property=\"article:publisher\" content=\"https:\/\/www.facebook.com\/webdotn\" \/>\n<meta property=\"article:published_time\" content=\"2024-03-05T11:16:00+00:00\" \/>\n<meta property=\"article:modified_time\" content=\"2025-05-20T21:52:27+00:00\" \/>\n<meta property=\"og:image\" content=\"https:\/\/www.webdo.tn\/fr\/wp-content\/uploads\/2024\/03\/5383b086f88517d6a941067ef8a38fde.jpg\" \/>\n\t<meta property=\"og:image:width\" content=\"750\" \/>\n\t<meta property=\"og:image:height\" content=\"400\" \/>\n\t<meta property=\"og:image:type\" content=\"image\/jpeg\" \/>\n<meta name=\"author\" content=\"MC\" \/>\n<meta name=\"twitter:card\" content=\"summary_large_image\" \/>\n<meta name=\"twitter:creator\" content=\"@webdo_tn\" \/>\n<meta name=\"twitter:site\" content=\"@webdo_tn\" \/>\n<meta name=\"twitter:label1\" content=\"\u00c9crit par\" \/>\n\t<meta name=\"twitter:data1\" content=\"MC\" \/>\n\t<meta name=\"twitter:label2\" content=\"Dur\u00e9e de lecture estim\u00e9e\" \/>\n\t<meta name=\"twitter:data2\" content=\"1 minute\" \/>\n<script type=\"application\/ld+json\" class=\"yoast-schema-graph\">{\"@context\":\"https:\\\/\\\/schema.org\",\"@graph\":[{\"@type\":\"NewsArticle\",\"@id\":\"https:\\\/\\\/www.webdo.tn\\\/fr\\\/actualite\\\/sport\\\/ligue-1-1ere-j-play-off-deux-derbies-et-un-clasico-au-programme\\\/212748\\\/#article\",\"isPartOf\":{\"@id\":\"https:\\\/\\\/www.webdo.tn\\\/fr\\\/actualite\\\/sport\\\/ligue-1-1ere-j-play-off-deux-derbies-et-un-clasico-au-programme\\\/212748\\\/\"},\"author\":{\"name\":\"MC\",\"@id\":\"https:\\\/\\\/www.webdo.tn\\\/fr\\\/#\\\/schema\\\/person\\\/2c4929cbf5a809e3bd38617c6ce150f6\"},\"headline\":\"Ligue 1 &#8211; 1\u00e8re J. play-off : Deux derbies et un clasico au programme\",\"datePublished\":\"2024-03-05T11:16:00+00:00\",\"dateModified\":\"2025-05-20T21:52:27+00:00\",\"mainEntityOfPage\":{\"@id\":\"https:\\\/\\\/www.webdo.tn\\\/fr\\\/actualite\\\/sport\\\/ligue-1-1ere-j-play-off-deux-derbies-et-un-clasico-au-programme\\\/212748\\\/\"},\"wordCount\":271,\"commentCount\":0,\"publisher\":{\"@id\":\"https:\\\/\\\/www.webdo.tn\\\/fr\\\/#organization\"},\"image\":{\"@id\":\"https:\\\/\\\/www.webdo.tn\\\/fr\\\/actualite\\\/sport\\\/ligue-1-1ere-j-play-off-deux-derbies-et-un-clasico-au-programme\\\/212748\\\/#primaryimage\"},\"thumbnailUrl\":\"https:\\\/\\\/www.webdo.tn\\\/fr\\\/wp-content\\\/uploads\\\/2024\\\/03\\\/5383b086f88517d6a941067ef8a38fde.jpg\",\"keywords\":[\"championnat\",\"football\",\"Ligue 1\",\"play-off\",\"Tunisie\"],\"articleSection\":[\"Sport\"],\"inLanguage\":\"fr-FR\"},{\"@type\":\"WebPage\",\"@id\":\"https:\\\/\\\/www.webdo.tn\\\/fr\\\/actualite\\\/sport\\\/ligue-1-1ere-j-play-off-deux-derbies-et-un-clasico-au-programme\\\/212748\\\/\",\"url\":\"https:\\\/\\\/www.webdo.tn\\\/fr\\\/actualite\\\/sport\\\/ligue-1-1ere-j-play-off-deux-derbies-et-un-clasico-au-programme\\\/212748\\\/\",\"name\":\"Ligue 1 - 1\u00e8re J. play-off : Deux derbies et un clasico au programme\",\"isPartOf\":{\"@id\":\"https:\\\/\\\/www.webdo.tn\\\/fr\\\/#website\"},\"primaryImageOfPage\":{\"@id\":\"https:\\\/\\\/www.webdo.tn\\\/fr\\\/actualite\\\/sport\\\/ligue-1-1ere-j-play-off-deux-derbies-et-un-clasico-au-programme\\\/212748\\\/#primaryimage\"},\"image\":{\"@id\":\"https:\\\/\\\/www.webdo.tn\\\/fr\\\/actualite\\\/sport\\\/ligue-1-1ere-j-play-off-deux-derbies-et-un-clasico-au-programme\\\/212748\\\/#primaryimage\"},\"thumbnailUrl\":\"https:\\\/\\\/www.webdo.tn\\\/fr\\\/wp-content\\\/uploads\\\/2024\\\/03\\\/5383b086f88517d6a941067ef8a38fde.jpg\",\"datePublished\":\"2024-03-05T11:16:00+00:00\",\"dateModified\":\"2025-05-20T21:52:27+00:00\",\"description\":\"Ce mardi 5 mars 2024, le play-off sera inaugur\u00e9 par le derby entre l\u2019Esp\u00e9rance ST et le Stade Tunisien.\",\"breadcrumb\":{\"@id\":\"https:\\\/\\\/www.webdo.tn\\\/fr\\\/actualite\\\/sport\\\/ligue-1-1ere-j-play-off-deux-derbies-et-un-clasico-au-programme\\\/212748\\\/#breadcrumb\"},\"inLanguage\":\"fr-FR\",\"potentialAction\":[{\"@type\":\"ReadAction\",\"target\":[\"https:\\\/\\\/www.webdo.tn\\\/fr\\\/actualite\\\/sport\\\/ligue-1-1ere-j-play-off-deux-derbies-et-un-clasico-au-programme\\\/212748\\\/\"]}]},{\"@type\":\"ImageObject\",\"inLanguage\":\"fr-FR\",\"@id\":\"https:\\\/\\\/www.webdo.tn\\\/fr\\\/actualite\\\/sport\\\/ligue-1-1ere-j-play-off-deux-derbies-et-un-clasico-au-programme\\\/212748\\\/#primaryimage\",\"url\":\"https:\\\/\\\/www.webdo.tn\\\/fr\\\/wp-content\\\/uploads\\\/2024\\\/03\\\/5383b086f88517d6a941067ef8a38fde.jpg\",\"contentUrl\":\"https:\\\/\\\/www.webdo.tn\\\/fr\\\/wp-content\\\/uploads\\\/2024\\\/03\\\/5383b086f88517d6a941067ef8a38fde.jpg\",\"width\":750,\"height\":400,\"caption\":\"Ligue 1 - 1\u00e8re J. play-off : Deux derbies et un clasico au programme\"},{\"@type\":\"BreadcrumbList\",\"@id\":\"https:\\\/\\\/www.webdo.tn\\\/fr\\\/actualite\\\/sport\\\/ligue-1-1ere-j-play-off-deux-derbies-et-un-clasico-au-programme\\\/212748\\\/#breadcrumb\",\"itemListElement\":[{\"@type\":\"ListItem\",\"position\":1,\"name\":\"Accueil\",\"item\":\"https:\\\/\\\/www.webdo.tn\\\/fr\\\/\"},{\"@type\":\"ListItem\",\"position\":2,\"name\":\"Ligue 1 &#8211; 1\u00e8re J. play-off : Deux derbies et un clasico au programme\"}]},{\"@type\":\"WebSite\",\"@id\":\"https:\\\/\\\/www.webdo.tn\\\/fr\\\/#website\",\"url\":\"https:\\\/\\\/www.webdo.tn\\\/fr\\\/\",\"name\":\"webdo\",\"description\":\"Tunisie - News en Tunisie et \u00e0 l&#039;international sur Webdo.tn\",\"publisher\":{\"@id\":\"https:\\\/\\\/www.webdo.tn\\\/fr\\\/#organization\"},\"potentialAction\":[{\"@type\":\"SearchAction\",\"target\":{\"@type\":\"EntryPoint\",\"urlTemplate\":\"https:\\\/\\\/www.webdo.tn\\\/fr\\\/?s={search_term_string}\"},\"query-input\":{\"@type\":\"PropertyValueSpecification\",\"valueRequired\":true,\"valueName\":\"search_term_string\"}}],\"inLanguage\":\"fr-FR\"},{\"@type\":\"Organization\",\"@id\":\"https:\\\/\\\/www.webdo.tn\\\/fr\\\/#organization\",\"name\":\"Webdo\",\"alternateName\":\"Webdo.tn\",\"url\":\"https:\\\/\\\/www.webdo.tn\\\/fr\\\/\",\"logo\":{\"@type\":\"ImageObject\",\"inLanguage\":\"fr-FR\",\"@id\":\"https:\\\/\\\/www.webdo.tn\\\/fr\\\/#\\\/schema\\\/logo\\\/image\\\/\",\"url\":\"https:\\\/\\\/www.webdo.tn\\\/fr\\\/wp-content\\\/uploads\\\/2025\\\/06\\\/Webdo-Tunisie_168377.jpg\",\"contentUrl\":\"https:\\\/\\\/www.webdo.tn\\\/fr\\\/wp-content\\\/uploads\\\/2025\\\/06\\\/Webdo-Tunisie_168377.jpg\",\"width\":301,\"height\":301,\"caption\":\"Webdo\"},\"image\":{\"@id\":\"https:\\\/\\\/www.webdo.tn\\\/fr\\\/#\\\/schema\\\/logo\\\/image\\\/\"},\"sameAs\":[\"https:\\\/\\\/www.facebook.com\\\/webdotn\",\"https:\\\/\\\/x.com\\\/webdo_tn\"],\"description\":\"Webdo est un m\u00e9dia num\u00e9rique tunisien fond\u00e9 en 2010, sp\u00e9cialis\u00e9 dans l\u2019actualit\u00e9 nationale et internationale, l\u2019\u00e9conomie, la soci\u00e9t\u00e9 et les analyses politiques. Le site s\u2019adresse \u00e0 un large public francophone et couvre l\u2019information tunisienne en temps r\u00e9el.\",\"email\":\"redac@webdo.tn\",\"legalName\":\"YNJ SARL\",\"foundingDate\":\"2010-09-06\",\"numberOfEmployees\":{\"@type\":\"QuantitativeValue\",\"minValue\":\"11\",\"maxValue\":\"50\"}},{\"@type\":\"Person\",\"@id\":\"https:\\\/\\\/www.webdo.tn\\\/fr\\\/#\\\/schema\\\/person\\\/2c4929cbf5a809e3bd38617c6ce150f6\",\"name\":\"MC\",\"image\":{\"@type\":\"ImageObject\",\"inLanguage\":\"fr-FR\",\"@id\":\"https:\\\/\\\/secure.gravatar.com\\\/avatar\\\/a545bbb6f84efdd5553dbbc2895e3ca8f1d12c5215e00a041c9670b54aa9b18a?s=96&d=mm&r=g\",\"url\":\"https:\\\/\\\/secure.gravatar.com\\\/avatar\\\/a545bbb6f84efdd5553dbbc2895e3ca8f1d12c5215e00a041c9670b54aa9b18a?s=96&d=mm&r=g\",\"contentUrl\":\"https:\\\/\\\/secure.gravatar.com\\\/avatar\\\/a545bbb6f84efdd5553dbbc2895e3ca8f1d12c5215e00a041c9670b54aa9b18a?s=96&d=mm&r=g\",\"caption\":\"MC\"},\"url\":\"https:\\\/\\\/www.webdo.tn\\\/fr\\\/actualite\\\/author\\\/mc\\\/\"}]}<\/script>\n<!-- \/ Yoast SEO Premium plugin. -->","yoast_head_json":{"title":"Ligue 1 - 1\u00e8re J. play-off : Deux derbies et un clasico au programme","description":"Ce mardi 5 mars 2024, le play-off sera inaugur\u00e9 par le derby entre l\u2019Esp\u00e9rance ST et le Stade Tunisien.","canonical":"https:\/\/www.webdo.tn\/fr\/actualite\/sport\/ligue-1-1ere-j-play-off-deux-derbies-et-un-clasico-au-programme\/212748\/","og_locale":"fr_FR","og_type":"article","og_title":"Ligue 1 - 1\u00e8re J. play-off : Deux derbies et un clasico au programme","og_description":"Ce mardi 5 mars 2024, le play-off sera inaugur\u00e9 par le derby entre l\u2019Esp\u00e9rance ST et le Stade Tunisien.","og_url":"https:\/\/www.webdo.tn\/fr\/actualite\/sport\/ligue-1-1ere-j-play-off-deux-derbies-et-un-clasico-au-programme\/212748\/","og_site_name":"webdo","article_publisher":"https:\/\/www.facebook.com\/webdotn","article_published_time":"2024-03-05T11:16:00+00:00","article_modified_time":"2025-05-20T21:52:27+00:00","og_image":[{"width":750,"height":400,"url":"https:\/\/www.webdo.tn\/fr\/wp-content\/uploads\/2024\/03\/5383b086f88517d6a941067ef8a38fde.jpg","type":"image\/jpeg"}],"author":"MC","twitter_card":"summary_large_image","twitter_creator":"@webdo_tn","twitter_site":"@webdo_tn","twitter_misc":{"\u00c9crit par":"MC","Dur\u00e9e de lecture estim\u00e9e":"1 minute"},"schema":{"@context":"https:\/\/schema.org","@graph":[{"@type":"NewsArticle","@id":"https:\/\/www.webdo.tn\/fr\/actualite\/sport\/ligue-1-1ere-j-play-off-deux-derbies-et-un-clasico-au-programme\/212748\/#article","isPartOf":{"@id":"https:\/\/www.webdo.tn\/fr\/actualite\/sport\/ligue-1-1ere-j-play-off-deux-derbies-et-un-clasico-au-programme\/212748\/"},"author":{"name":"MC","@id":"https:\/\/www.webdo.tn\/fr\/#\/schema\/person\/2c4929cbf5a809e3bd38617c6ce150f6"},"headline":"Ligue 1 &#8211; 1\u00e8re J. play-off : Deux derbies et un clasico au programme","datePublished":"2024-03-05T11:16:00+00:00","dateModified":"2025-05-20T21:52:27+00:00","mainEntityOfPage":{"@id":"https:\/\/www.webdo.tn\/fr\/actualite\/sport\/ligue-1-1ere-j-play-off-deux-derbies-et-un-clasico-au-programme\/212748\/"},"wordCount":271,"commentCount":0,"publisher":{"@id":"https:\/\/www.webdo.tn\/fr\/#organization"},"image":{"@id":"https:\/\/www.webdo.tn\/fr\/actualite\/sport\/ligue-1-1ere-j-play-off-deux-derbies-et-un-clasico-au-programme\/212748\/#primaryimage"},"thumbnailUrl":"https:\/\/www.webdo.tn\/fr\/wp-content\/uploads\/2024\/03\/5383b086f88517d6a941067ef8a38fde.jpg","keywords":["championnat","football","Ligue 1","play-off","Tunisie"],"articleSection":["Sport"],"inLanguage":"fr-FR"},{"@type":"WebPage","@id":"https:\/\/www.webdo.tn\/fr\/actualite\/sport\/ligue-1-1ere-j-play-off-deux-derbies-et-un-clasico-au-programme\/212748\/","url":"https:\/\/www.webdo.tn\/fr\/actualite\/sport\/ligue-1-1ere-j-play-off-deux-derbies-et-un-clasico-au-programme\/212748\/","name":"Ligue 1 - 1\u00e8re J. play-off : Deux derbies et un clasico au programme","isPartOf":{"@id":"https:\/\/www.webdo.tn\/fr\/#website"},"primaryImageOfPage":{"@id":"https:\/\/www.webdo.tn\/fr\/actualite\/sport\/ligue-1-1ere-j-play-off-deux-derbies-et-un-clasico-au-programme\/212748\/#primaryimage"},"image":{"@id":"https:\/\/www.webdo.tn\/fr\/actualite\/sport\/ligue-1-1ere-j-play-off-deux-derbies-et-un-clasico-au-programme\/212748\/#primaryimage"},"thumbnailUrl":"https:\/\/www.webdo.tn\/fr\/wp-content\/uploads\/2024\/03\/5383b086f88517d6a941067ef8a38fde.jpg","datePublished":"2024-03-05T11:16:00+00:00","dateModified":"2025-05-20T21:52:27+00:00","description":"Ce mardi 5 mars 2024, le play-off sera inaugur\u00e9 par le derby entre l\u2019Esp\u00e9rance ST et le Stade Tunisien.","breadcrumb":{"@id":"https:\/\/www.webdo.tn\/fr\/actualite\/sport\/ligue-1-1ere-j-play-off-deux-derbies-et-un-clasico-au-programme\/212748\/#breadcrumb"},"inLanguage":"fr-FR","potentialAction":[{"@type":"ReadAction","target":["https:\/\/www.webdo.tn\/fr\/actualite\/sport\/ligue-1-1ere-j-play-off-deux-derbies-et-un-clasico-au-programme\/212748\/"]}]},{"@type":"ImageObject","inLanguage":"fr-FR","@id":"https:\/\/www.webdo.tn\/fr\/actualite\/sport\/ligue-1-1ere-j-play-off-deux-derbies-et-un-clasico-au-programme\/212748\/#primaryimage","url":"https:\/\/www.webdo.tn\/fr\/wp-content\/uploads\/2024\/03\/5383b086f88517d6a941067ef8a38fde.jpg","contentUrl":"https:\/\/www.webdo.tn\/fr\/wp-content\/uploads\/2024\/03\/5383b086f88517d6a941067ef8a38fde.jpg","width":750,"height":400,"caption":"Ligue 1 - 1\u00e8re J. play-off : Deux derbies et un clasico au programme"},{"@type":"BreadcrumbList","@id":"https:\/\/www.webdo.tn\/fr\/actualite\/sport\/ligue-1-1ere-j-play-off-deux-derbies-et-un-clasico-au-programme\/212748\/#breadcrumb","itemListElement":[{"@type":"ListItem","position":1,"name":"Accueil","item":"https:\/\/www.webdo.tn\/fr\/"},{"@type":"ListItem","position":2,"name":"Ligue 1 &#8211; 1\u00e8re J. play-off : Deux derbies et un clasico au programme"}]},{"@type":"WebSite","@id":"https:\/\/www.webdo.tn\/fr\/#website","url":"https:\/\/www.webdo.tn\/fr\/","name":"webdo","description":"Tunisie - News en Tunisie et \u00e0 l&#039;international sur Webdo.tn","publisher":{"@id":"https:\/\/www.webdo.tn\/fr\/#organization"},"potentialAction":[{"@type":"SearchAction","target":{"@type":"EntryPoint","urlTemplate":"https:\/\/www.webdo.tn\/fr\/?s={search_term_string}"},"query-input":{"@type":"PropertyValueSpecification","valueRequired":true,"valueName":"search_term_string"}}],"inLanguage":"fr-FR"},{"@type":"Organization","@id":"https:\/\/www.webdo.tn\/fr\/#organization","name":"Webdo","alternateName":"Webdo.tn","url":"https:\/\/www.webdo.tn\/fr\/","logo":{"@type":"ImageObject","inLanguage":"fr-FR","@id":"https:\/\/www.webdo.tn\/fr\/#\/schema\/logo\/image\/","url":"https:\/\/www.webdo.tn\/fr\/wp-content\/uploads\/2025\/06\/Webdo-Tunisie_168377.jpg","contentUrl":"https:\/\/www.webdo.tn\/fr\/wp-content\/uploads\/2025\/06\/Webdo-Tunisie_168377.jpg","width":301,"height":301,"caption":"Webdo"},"image":{"@id":"https:\/\/www.webdo.tn\/fr\/#\/schema\/logo\/image\/"},"sameAs":["https:\/\/www.facebook.com\/webdotn","https:\/\/x.com\/webdo_tn"],"description":"Webdo est un m\u00e9dia num\u00e9rique tunisien fond\u00e9 en 2010, sp\u00e9cialis\u00e9 dans l\u2019actualit\u00e9 nationale et internationale, l\u2019\u00e9conomie, la soci\u00e9t\u00e9 et les analyses politiques. Le site s\u2019adresse \u00e0 un large public francophone et couvre l\u2019information tunisienne en temps r\u00e9el.","email":"redac@webdo.tn","legalName":"YNJ SARL","foundingDate":"2010-09-06","numberOfEmployees":{"@type":"QuantitativeValue","minValue":"11","maxValue":"50"}},{"@type":"Person","@id":"https:\/\/www.webdo.tn\/fr\/#\/schema\/person\/2c4929cbf5a809e3bd38617c6ce150f6","name":"MC","image":{"@type":"ImageObject","inLanguage":"fr-FR","@id":"https:\/\/secure.gravatar.com\/avatar\/a545bbb6f84efdd5553dbbc2895e3ca8f1d12c5215e00a041c9670b54aa9b18a?s=96&d=mm&r=g","url":"https:\/\/secure.gravatar.com\/avatar\/a545bbb6f84efdd5553dbbc2895e3ca8f1d12c5215e00a041c9670b54aa9b18a?s=96&d=mm&r=g","contentUrl":"https:\/\/secure.gravatar.com\/avatar\/a545bbb6f84efdd5553dbbc2895e3ca8f1d12c5215e00a041c9670b54aa9b18a?s=96&d=mm&r=g","caption":"MC"},"url":"https:\/\/www.webdo.tn\/fr\/actualite\/author\/mc\/"}]}},"_links":{"self":[{"href":"https:\/\/www.webdo.tn\/fr\/wp-json\/wp\/v2\/posts\/212748","targetHints":{"allow":["GET"]}}],"collection":[{"href":"https:\/\/www.webdo.tn\/fr\/wp-json\/wp\/v2\/posts"}],"about":[{"href":"https:\/\/www.webdo.tn\/fr\/wp-json\/wp\/v2\/types\/post"}],"author":[{"embeddable":true,"href":"https:\/\/www.webdo.tn\/fr\/wp-json\/wp\/v2\/users\/3162"}],"replies":[{"embeddable":true,"href":"https:\/\/www.webdo.tn\/fr\/wp-json\/wp\/v2\/comments?post=212748"}],"version-history":[{"count":0,"href":"https:\/\/www.webdo.tn\/fr\/wp-json\/wp\/v2\/posts\/212748\/revisions"}],"wp:featuredmedia":[{"embeddable":true,"href":"https:\/\/www.webdo.tn\/fr\/wp-json\/wp\/v2\/media\/247835"}],"wp:attachment":[{"href":"https:\/\/www.webdo.tn\/fr\/wp-json\/wp\/v2\/media?parent=212748"}],"wp:term":[{"taxonomy":"category","embeddable":true,"href":"https:\/\/www.webdo.tn\/fr\/wp-json\/wp\/v2\/categories?post=212748"},{"taxonomy":"post_tag","embeddable":true,"href":"https:\/\/www.webdo.tn\/fr\/wp-json\/wp\/v2\/tags?post=212748"}],"curies":[{"name":"wp","href":"https:\/\/api.w.org\/{rel}","templated":true}]}}