{"id":212741,"date":"2024-03-05T09:23:00","date_gmt":"2024-03-05T09:23:00","guid":{"rendered":"https:\/\/www.webdo.tn\/fr\/blog\/a-tebourba-la-memoire-vive-des-saintes-perpetue-et-felicite\/212741\/"},"modified":"2024-03-05T09:23:00","modified_gmt":"2024-03-05T09:23:00","slug":"a-tebourba-la-memoire-vive-des-saintes-perpetue-et-felicite","status":"publish","type":"post","link":"https:\/\/www.webdo.tn\/fr\/actualite\/chroniques\/a-tebourba-la-memoire-vive-des-saintes-perpetue-et-felicite\/212741\/","title":{"rendered":"A T\u00e9bourba, la m\u00e9moire vive des saintes Perp\u00e9tue et F\u00e9licit\u00e9"},"content":{"rendered":"<p>Comme chaque ann\u00e9e, la date du 7 mars constitue un rendez-vous avec l&rsquo;histoire des saintes Perp\u00e9tue et F\u00e9licit\u00e9, supplici\u00e9es par les Romains \u00e0 l&rsquo;amphith\u00e9\u00e2tre de Carthage.<\/p>\n<p>\t\t\t\t\t\t\t\t\tLe 7 mars 203, Perp\u00e9tue et F\u00e9licit\u00e9 p\u00e9n\u00e8trent dans l&rsquo;ar\u00e8ne de l&rsquo;amphith\u00e9\u00e2tre de Carthage. La main dans la main, elles allaient affronter le martyre et ne faillirent pas \u00e0 leur foi. Condamn\u00e9es aux b\u00eates, elles furent supplici\u00e9es et achev\u00e9es par le fer apr\u00e8s une captivit\u00e9 de plusieurs jours.<\/p>\n<p>Perp\u00e9tue avait \u00e0 peine 22 ans lorsqu&rsquo;elle avait \u00e9t\u00e9 arr\u00eat\u00e9e \u00e0 T\u00e9bourba, \u00e0 l&rsquo;\u00e9poque Thuburbo Minus. Accus\u00e9e de v\u00e9n\u00e9rer le Dieu des Chr\u00e9tiens, elle fut jet\u00e9e en prison et malgr\u00e9 les supplications paternelles de renier sa foi, elle r\u00e9sistera au nom de ses convictions profondes.<\/p>\n<p>Perp\u00e9tue avait \u00e9t\u00e9 arr\u00eat\u00e9e avec sa servante F\u00e9licit\u00e9 et d&rsquo;autres chr\u00e9tiens qui seront \u00e9galement supplici\u00e9s. Grandes figures de la Passion, elles verront pour la post\u00e9rit\u00e9 leurs noms accol\u00e9s dans une \u00ab\u00a0\u00e9ternelle f\u00e9licit\u00e9\u00a0\u00bb.<\/p>\n<p>Perp\u00e9tue et F\u00e9licit\u00e9 sont parmi les premi\u00e8res martyres de l&rsquo;\u00e9glise chr\u00e9tienne en Afrique romaine, dans cette Tunisie antique du d\u00e9but du troisi\u00e8me si\u00e8cle. Sanctifi\u00e9es, elles sont c\u00e9l\u00e9br\u00e9es chaque 7 mars en tant que saintes de l&rsquo;\u00e9glise.<\/p>\n<p>Plusieurs \u00e9glises \u00e0 travers le monde &#8211; surtout au Qu\u00e9bec &#8211; portent le nom de ces deux femmes, l&rsquo;une patricienne et l&rsquo;autre esclave, toutes deux vivant leur foi chr\u00e9tienne dans le petit village de Thuburbo Minus, devenu aujourd&rsquo;hui T\u00e9bourba.<\/p>\n<p>Signalons que l&rsquo;\u00e9glise de T\u00e9bourba \u00e9tait d\u00e9di\u00e9e \u00e0 ces deux saintes chr\u00e9tiennes de la tradition de l&rsquo;Antiquit\u00e9 tunisienne. Elle est en effet d\u00e9di\u00e9e aux saintes Perp\u00e9tue et F\u00e9licit\u00e9, martyris\u00e9es \u00e0 Carthage en l&rsquo;an 203.<\/p>\n<p>L&rsquo;\u00e9glise qui se trouve encore en plein c\u0153ur de la ville de T\u00e9bourba est actuellement ferm\u00e9e. Elle a longtemps servi de biblioth\u00e8que publique avant d&rsquo;\u00eatre class\u00e9e parmi les monuments historiques il y a une vingtaine d&rsquo;ann\u00e9es.<\/p>\n<p>Pour la petite histoire, la ville de T\u00e9bourba portait le nom de Thuburbo Minus dans l&rsquo;Antiquit\u00e9 et \u00e9tait en relation avec celle de Thuburbo Majus qui se trouvait dans la r\u00e9gion du Fahs.<\/p>\n<p>Thuburbo Minus a \u00e9t\u00e9 fond\u00e9e au premier si\u00e8cle par des v\u00e9t\u00e9rans de la huiti\u00e8me l\u00e9gion d&rsquo;Auguste. La ville s&rsquo;\u00e9panouira assez rapidement et les ruines de son amphith\u00e9\u00e2tre t\u00e9moignent de son pass\u00e9 opulent.<\/p>\n<p>Mosa\u00efque de Perp\u00e9tue dans la basilique euphrasienne de Pore\u010d.<\/p>\n<p>Aux premiers temps du christianisme, T\u00e9bourba fut un si\u00e8ge \u00e9piscopal et certains de ses \u00e9v\u00eaques ont laiss\u00e9 une trace remarquable comme c&rsquo;est le cas pour Victor ou Germanus. C&rsquo;est surtout la passion de Perp\u00e9tue et F\u00e9licit\u00e9 qui continue \u00e0 alimenter la chronique de ces si\u00e8cles chr\u00e9tiens de la ville.<\/p>\n<p>En effet, les deux saintes martyres ont donn\u00e9 leur nom \u00e0 de nombreuses \u00e9glises \u00e0 travers le monde et suscit\u00e9 la cr\u00e9ation de nombreuses associations dont l&rsquo;une a \u00e9t\u00e9 cr\u00e9\u00e9e \u00e0 Vierzon en France et r\u00e9unit plusieurs anciens habitants de la ville.<\/p>\n<p>Pour \u00e9voquer la longue histoire contemporaine de l&rsquo;\u00e9glise de T\u00e9bourba, il faut d&rsquo;abord mentionner qu&rsquo;elle a \u00e9t\u00e9 cr\u00e9\u00e9e pour les besoins des agriculteurs italiens qui \u00e9taient nombreux \u00e0 vivre dans la r\u00e9gion.<\/p>\n<p>Ainsi, apr\u00e8s la construction d&rsquo;un lieu de culte \u00e0 Chouigi qui devait servir aussi aux habitants de T\u00e9bourba, il fut d\u00e9cid\u00e9 en 1900 de transf\u00e9rer la paroisse de Chouigi \u00e0 T\u00e9bourba o\u00f9 les ouailles \u00e9taient plus nombreux.<\/p>\n<p>Apr\u00e8s avoir c\u00e9l\u00e9br\u00e9 le culte dans une ancienne huilerie d\u00e9saffect\u00e9e, les chr\u00e9tiens de T\u00e9bourba eurent enfin leur \u00e9glise en 1905. Les travaux avaient dur\u00e9 deux ans durant lesquels les pr\u00eatres se d\u00e9pla\u00e7aient depuis Tunis.<\/p>\n<p>Ce n&rsquo;est qu&rsquo;en 1912 qu&rsquo;un pr\u00eatre titulaire sera au service de cette \u00e9glise d\u00e9di\u00e9e \u00e0 Perp\u00e9tue et F\u00e9licit\u00e9. Toutefois, \u00e0 cause des combats de la Deuxi\u00e8me guerre mondiale, l&rsquo;\u00e9glise sera d\u00e9truite par les bombes alli\u00e9es.<\/p>\n<p>Il faudra donc la reconstruire et cela fut fait dans un style exceptionnel qui marie la brique \u00e0 la pierre de taille et s&rsquo;appuie sur des mat\u00e9riaux exclusivement locaux.<\/p>\n<p>En cons\u00e9quence, la silhouette de cette \u00e9glise est \u00e0 nulle autre pareille en Tunisie. Le travail de l&rsquo;architecte Roger Dianoux vaudra ainsi au monument d&rsquo;\u00eatre class\u00e9 en 2000.<\/p>\n<p>Commenc\u00e9 en 1946, le chantier s&rsquo;ach\u00e8vera rapidement et, anecdote remarquable, l&rsquo;inauguration de l&rsquo;\u00e9glise sera retransmise par une \u00e9mission de radio en direct, gr\u00e2ce \u00e0 la proximit\u00e9 du relais de Jedaida, op\u00e9rationnel depuis les ann\u00e9es trente. Aujourd&rsquo;hui, l&rsquo;\u00e9glise attend d&rsquo;\u00eatre transform\u00e9e en mus\u00e9e et confi\u00e9e par l&rsquo;Institut du patrimoine \u00e0 une association locale.<\/p>\n<p>Monument religieux incontournable dans cette r\u00e9gion, l&rsquo;\u00e9glise de T\u00e9bourba est l&rsquo;un des joyaux de l&rsquo;architecture chr\u00e9tienne en Tunisie.<\/p>\n","protected":false},"excerpt":{"rendered":"<p>Le 7 mars 203, Perp\u00e9tue et F\u00e9licit\u00e9 p\u00e9n\u00e8trent dans l&rsquo;ar\u00e8ne de l&rsquo;amphith\u00e9\u00e2tre de Carthage.<\/p>\n","protected":false},"author":3229,"featured_media":290306,"comment_status":"open","ping_status":"closed","sticky":false,"template":"","format":"standard","meta":{"footnotes":""},"categories":[2596],"tags":[10039,3223,4625,9369,4472,9368],"class_list":["post-212741","post","type-post","status-publish","format-standard","has-post-thumbnail","hentry","category-chroniques","tag-tebourba","tag-carthage","tag-chretiens","tag-felicite","tag-martyrs","tag-perpetue"],"yoast_head":"<!-- This site is optimized with the Yoast SEO Premium plugin v27.5 (Yoast SEO v27.5) - https:\/\/yoast.com\/product\/yoast-seo-premium-wordpress\/ -->\n<title>A T\u00e9bourba, la m\u00e9moire vive des saintes Perp\u00e9tue et F\u00e9licit\u00e9<\/title>\n<meta name=\"description\" content=\"Le 7 mars 203, Perp\u00e9tue et F\u00e9licit\u00e9 p\u00e9n\u00e8trent dans l&#039;ar\u00e8ne de l&#039;amphith\u00e9\u00e2tre de Carthage.\" \/>\n<link rel=\"canonical\" href=\"https:\/\/www.webdo.tn\/fr\/actualite\/chroniques\/a-tebourba-la-memoire-vive-des-saintes-perpetue-et-felicite\/212741\/\" \/>\n<meta property=\"og:locale\" content=\"fr_FR\" \/>\n<meta property=\"og:type\" content=\"article\" \/>\n<meta property=\"og:title\" content=\"A T\u00e9bourba, la m\u00e9moire vive des saintes Perp\u00e9tue et F\u00e9licit\u00e9\" \/>\n<meta property=\"og:description\" content=\"Le 7 mars 203, Perp\u00e9tue et F\u00e9licit\u00e9 p\u00e9n\u00e8trent dans l&#039;ar\u00e8ne de l&#039;amphith\u00e9\u00e2tre de Carthage.\" \/>\n<meta property=\"og:url\" content=\"https:\/\/www.webdo.tn\/fr\/actualite\/chroniques\/a-tebourba-la-memoire-vive-des-saintes-perpetue-et-felicite\/212741\/\" \/>\n<meta property=\"og:site_name\" content=\"webdo\" \/>\n<meta property=\"article:publisher\" content=\"https:\/\/www.facebook.com\/webdotn\" \/>\n<meta property=\"article:author\" content=\"https:\/\/www.facebook.com\/hatem.bourial.2025\" \/>\n<meta property=\"article:published_time\" content=\"2024-03-05T09:23:00+00:00\" \/>\n<meta property=\"og:image\" content=\"https:\/\/www.webdo.tn\/fr\/wp-content\/uploads\/2024\/03\/d624e012dfcf1e3f513b2a5ec5383ecf.jpg\" \/>\n\t<meta property=\"og:image:width\" content=\"750\" \/>\n\t<meta property=\"og:image:height\" content=\"400\" \/>\n\t<meta property=\"og:image:type\" content=\"image\/jpeg\" \/>\n<meta name=\"author\" content=\"Hatem Bourial\" \/>\n<meta name=\"twitter:card\" content=\"summary_large_image\" \/>\n<meta name=\"twitter:creator\" content=\"@webdo_tn\" \/>\n<meta name=\"twitter:site\" content=\"@webdo_tn\" \/>\n<meta name=\"twitter:label1\" content=\"\u00c9crit par\" \/>\n\t<meta name=\"twitter:data1\" content=\"Hatem Bourial\" \/>\n\t<meta name=\"twitter:label2\" content=\"Dur\u00e9e de lecture estim\u00e9e\" \/>\n\t<meta name=\"twitter:data2\" content=\"4 minutes\" \/>\n<script type=\"application\/ld+json\" class=\"yoast-schema-graph\">{\"@context\":\"https:\\\/\\\/schema.org\",\"@graph\":[{\"@type\":\"NewsArticle\",\"@id\":\"https:\\\/\\\/www.webdo.tn\\\/fr\\\/actualite\\\/chroniques\\\/a-tebourba-la-memoire-vive-des-saintes-perpetue-et-felicite\\\/212741\\\/#article\",\"isPartOf\":{\"@id\":\"https:\\\/\\\/www.webdo.tn\\\/fr\\\/actualite\\\/chroniques\\\/a-tebourba-la-memoire-vive-des-saintes-perpetue-et-felicite\\\/212741\\\/\"},\"author\":{\"name\":\"Hatem Bourial\",\"@id\":\"https:\\\/\\\/www.webdo.tn\\\/fr\\\/#\\\/schema\\\/person\\\/6bc0beba2cd23aec27cb5df85ca2554f\"},\"headline\":\"A T\u00e9bourba, la m\u00e9moire vive des saintes Perp\u00e9tue et F\u00e9licit\u00e9\",\"datePublished\":\"2024-03-05T09:23:00+00:00\",\"mainEntityOfPage\":{\"@id\":\"https:\\\/\\\/www.webdo.tn\\\/fr\\\/actualite\\\/chroniques\\\/a-tebourba-la-memoire-vive-des-saintes-perpetue-et-felicite\\\/212741\\\/\"},\"wordCount\":877,\"commentCount\":0,\"publisher\":{\"@id\":\"https:\\\/\\\/www.webdo.tn\\\/fr\\\/#organization\"},\"image\":{\"@id\":\"https:\\\/\\\/www.webdo.tn\\\/fr\\\/actualite\\\/chroniques\\\/a-tebourba-la-memoire-vive-des-saintes-perpetue-et-felicite\\\/212741\\\/#primaryimage\"},\"thumbnailUrl\":\"https:\\\/\\\/www.webdo.tn\\\/fr\\\/wp-content\\\/uploads\\\/2024\\\/03\\\/d624e012dfcf1e3f513b2a5ec5383ecf.jpg\",\"keywords\":[\"'T\u00e9bourba']\",\"Carthage\",\"chr\u00e9tiens\",\"F\u00e9licit\u00e9\",\"Martyrs\",\"Perp\u00e9tue\"],\"articleSection\":[\"Chroniques\"],\"inLanguage\":\"fr-FR\"},{\"@type\":\"WebPage\",\"@id\":\"https:\\\/\\\/www.webdo.tn\\\/fr\\\/actualite\\\/chroniques\\\/a-tebourba-la-memoire-vive-des-saintes-perpetue-et-felicite\\\/212741\\\/\",\"url\":\"https:\\\/\\\/www.webdo.tn\\\/fr\\\/actualite\\\/chroniques\\\/a-tebourba-la-memoire-vive-des-saintes-perpetue-et-felicite\\\/212741\\\/\",\"name\":\"A T\u00e9bourba, la m\u00e9moire vive des saintes Perp\u00e9tue et F\u00e9licit\u00e9\",\"isPartOf\":{\"@id\":\"https:\\\/\\\/www.webdo.tn\\\/fr\\\/#website\"},\"primaryImageOfPage\":{\"@id\":\"https:\\\/\\\/www.webdo.tn\\\/fr\\\/actualite\\\/chroniques\\\/a-tebourba-la-memoire-vive-des-saintes-perpetue-et-felicite\\\/212741\\\/#primaryimage\"},\"image\":{\"@id\":\"https:\\\/\\\/www.webdo.tn\\\/fr\\\/actualite\\\/chroniques\\\/a-tebourba-la-memoire-vive-des-saintes-perpetue-et-felicite\\\/212741\\\/#primaryimage\"},\"thumbnailUrl\":\"https:\\\/\\\/www.webdo.tn\\\/fr\\\/wp-content\\\/uploads\\\/2024\\\/03\\\/d624e012dfcf1e3f513b2a5ec5383ecf.jpg\",\"datePublished\":\"2024-03-05T09:23:00+00:00\",\"description\":\"Le 7 mars 203, Perp\u00e9tue et F\u00e9licit\u00e9 p\u00e9n\u00e8trent dans l'ar\u00e8ne de l'amphith\u00e9\u00e2tre de Carthage.\",\"breadcrumb\":{\"@id\":\"https:\\\/\\\/www.webdo.tn\\\/fr\\\/actualite\\\/chroniques\\\/a-tebourba-la-memoire-vive-des-saintes-perpetue-et-felicite\\\/212741\\\/#breadcrumb\"},\"inLanguage\":\"fr-FR\",\"potentialAction\":[{\"@type\":\"ReadAction\",\"target\":[\"https:\\\/\\\/www.webdo.tn\\\/fr\\\/actualite\\\/chroniques\\\/a-tebourba-la-memoire-vive-des-saintes-perpetue-et-felicite\\\/212741\\\/\"]}]},{\"@type\":\"ImageObject\",\"inLanguage\":\"fr-FR\",\"@id\":\"https:\\\/\\\/www.webdo.tn\\\/fr\\\/actualite\\\/chroniques\\\/a-tebourba-la-memoire-vive-des-saintes-perpetue-et-felicite\\\/212741\\\/#primaryimage\",\"url\":\"https:\\\/\\\/www.webdo.tn\\\/fr\\\/wp-content\\\/uploads\\\/2024\\\/03\\\/d624e012dfcf1e3f513b2a5ec5383ecf.jpg\",\"contentUrl\":\"https:\\\/\\\/www.webdo.tn\\\/fr\\\/wp-content\\\/uploads\\\/2024\\\/03\\\/d624e012dfcf1e3f513b2a5ec5383ecf.jpg\",\"width\":750,\"height\":400,\"caption\":\"A T\u00e9bourba, la m\u00e9moire vive des saintes Perp\u00e9tue et F\u00e9licit\u00e9\"},{\"@type\":\"BreadcrumbList\",\"@id\":\"https:\\\/\\\/www.webdo.tn\\\/fr\\\/actualite\\\/chroniques\\\/a-tebourba-la-memoire-vive-des-saintes-perpetue-et-felicite\\\/212741\\\/#breadcrumb\",\"itemListElement\":[{\"@type\":\"ListItem\",\"position\":1,\"name\":\"Accueil\",\"item\":\"https:\\\/\\\/www.webdo.tn\\\/fr\\\/\"},{\"@type\":\"ListItem\",\"position\":2,\"name\":\"A T\u00e9bourba, la m\u00e9moire vive des saintes Perp\u00e9tue et F\u00e9licit\u00e9\"}]},{\"@type\":\"WebSite\",\"@id\":\"https:\\\/\\\/www.webdo.tn\\\/fr\\\/#website\",\"url\":\"https:\\\/\\\/www.webdo.tn\\\/fr\\\/\",\"name\":\"webdo\",\"description\":\"Tunisie - News en Tunisie et \u00e0 l&#039;international sur Webdo.tn\",\"publisher\":{\"@id\":\"https:\\\/\\\/www.webdo.tn\\\/fr\\\/#organization\"},\"potentialAction\":[{\"@type\":\"SearchAction\",\"target\":{\"@type\":\"EntryPoint\",\"urlTemplate\":\"https:\\\/\\\/www.webdo.tn\\\/fr\\\/?s={search_term_string}\"},\"query-input\":{\"@type\":\"PropertyValueSpecification\",\"valueRequired\":true,\"valueName\":\"search_term_string\"}}],\"inLanguage\":\"fr-FR\"},{\"@type\":\"Organization\",\"@id\":\"https:\\\/\\\/www.webdo.tn\\\/fr\\\/#organization\",\"name\":\"Webdo\",\"alternateName\":\"Webdo.tn\",\"url\":\"https:\\\/\\\/www.webdo.tn\\\/fr\\\/\",\"logo\":{\"@type\":\"ImageObject\",\"inLanguage\":\"fr-FR\",\"@id\":\"https:\\\/\\\/www.webdo.tn\\\/fr\\\/#\\\/schema\\\/logo\\\/image\\\/\",\"url\":\"https:\\\/\\\/www.webdo.tn\\\/fr\\\/wp-content\\\/uploads\\\/2025\\\/06\\\/Webdo-Tunisie_168377.jpg\",\"contentUrl\":\"https:\\\/\\\/www.webdo.tn\\\/fr\\\/wp-content\\\/uploads\\\/2025\\\/06\\\/Webdo-Tunisie_168377.jpg\",\"width\":301,\"height\":301,\"caption\":\"Webdo\"},\"image\":{\"@id\":\"https:\\\/\\\/www.webdo.tn\\\/fr\\\/#\\\/schema\\\/logo\\\/image\\\/\"},\"sameAs\":[\"https:\\\/\\\/www.facebook.com\\\/webdotn\",\"https:\\\/\\\/x.com\\\/webdo_tn\"],\"description\":\"Webdo est un m\u00e9dia num\u00e9rique tunisien fond\u00e9 en 2010, sp\u00e9cialis\u00e9 dans l\u2019actualit\u00e9 nationale et internationale, l\u2019\u00e9conomie, la soci\u00e9t\u00e9 et les analyses politiques. Le site s\u2019adresse \u00e0 un large public francophone et couvre l\u2019information tunisienne en temps r\u00e9el.\",\"email\":\"redac@webdo.tn\",\"legalName\":\"YNJ SARL\",\"foundingDate\":\"2010-09-06\",\"numberOfEmployees\":{\"@type\":\"QuantitativeValue\",\"minValue\":\"11\",\"maxValue\":\"50\"}},{\"@type\":\"Person\",\"@id\":\"https:\\\/\\\/www.webdo.tn\\\/fr\\\/#\\\/schema\\\/person\\\/6bc0beba2cd23aec27cb5df85ca2554f\",\"name\":\"Hatem Bourial\",\"image\":{\"@type\":\"ImageObject\",\"inLanguage\":\"fr-FR\",\"@id\":\"https:\\\/\\\/www.webdo.tn\\\/fr\\\/wp-content\\\/uploads\\\/2026\\\/04\\\/hatem-bourial_avatar-96x96.jpg\",\"url\":\"https:\\\/\\\/www.webdo.tn\\\/fr\\\/wp-content\\\/uploads\\\/2026\\\/04\\\/hatem-bourial_avatar-96x96.jpg\",\"contentUrl\":\"https:\\\/\\\/www.webdo.tn\\\/fr\\\/wp-content\\\/uploads\\\/2026\\\/04\\\/hatem-bourial_avatar-96x96.jpg\",\"caption\":\"Hatem Bourial\"},\"description\":\"Hatem Bourial est journaliste, \u00e9crivain et chroniqueur tunisien. Actif depuis plusieurs d\u00e9cennies, il s\u2019est impos\u00e9 comme un observateur attentif de la soci\u00e9t\u00e9 tunisienne, m\u00ealant dans ses \u00e9crits m\u00e9moire, culture et analyse du quotidien. Auteur de nombreux ouvrages, il d\u00e9veloppe une \u0153uvre \u00e0 la crois\u00e9e du r\u00e9cit, de la po\u00e9sie et de l\u2019observation sociologique. Parall\u00e8lement \u00e0 ses contributions dans la presse, il intervient r\u00e9guli\u00e8rement \u00e0 la radio et dans des espaces culturels, o\u00f9 il explore les enjeux li\u00e9s au patrimoine, \u00e0 l\u2019identit\u00e9 et aux transformations du monde contemporain. \u00c0 travers ses chroniques, Hatem Bourial propose une lecture sensible et approfondie de l\u2019actualit\u00e9, nourrie par une exp\u00e9rience journalistique et litt\u00e9raire reconnue. \ud83d\udd17 Facebook : https:\\\/\\\/www.facebook.com\\\/hatem.bourial.2025\",\"sameAs\":[\"https:\\\/\\\/www.facebook.com\\\/hatem.bourial.2025\",\"https:\\\/\\\/fr.wikipedia.org\\\/wiki\\\/Fichier:Hatem_Bourial.jpg\"],\"knowsAbout\":[\"Culture & patrimoine tunisien\",\"Chronique soci\u00e9tale\",\"Litt\u00e9rature & m\u00e9moire\",\"Cin\u00e9ma & critique culturelle\",\"Identit\u00e9 & mutations sociales\"],\"knowsLanguage\":[\"Arabe\",\"Fran\u00e7ais\",\"Anglais\",\"Italien\",\"Polonais\"],\"jobTitle\":\"Journaliste, \u00e9crivain et chroniqueur culturel\",\"worksFor\":\"Webdo\",\"url\":\"https:\\\/\\\/www.webdo.tn\\\/fr\\\/actualite\\\/author\\\/hatem-bourial-2\\\/\"}]}<\/script>\n<!-- \/ Yoast SEO Premium plugin. -->","yoast_head_json":{"title":"A T\u00e9bourba, la m\u00e9moire vive des saintes Perp\u00e9tue et F\u00e9licit\u00e9","description":"Le 7 mars 203, Perp\u00e9tue et F\u00e9licit\u00e9 p\u00e9n\u00e8trent dans l'ar\u00e8ne de l'amphith\u00e9\u00e2tre de Carthage.","canonical":"https:\/\/www.webdo.tn\/fr\/actualite\/chroniques\/a-tebourba-la-memoire-vive-des-saintes-perpetue-et-felicite\/212741\/","og_locale":"fr_FR","og_type":"article","og_title":"A T\u00e9bourba, la m\u00e9moire vive des saintes Perp\u00e9tue et F\u00e9licit\u00e9","og_description":"Le 7 mars 203, Perp\u00e9tue et F\u00e9licit\u00e9 p\u00e9n\u00e8trent dans l'ar\u00e8ne de l'amphith\u00e9\u00e2tre de Carthage.","og_url":"https:\/\/www.webdo.tn\/fr\/actualite\/chroniques\/a-tebourba-la-memoire-vive-des-saintes-perpetue-et-felicite\/212741\/","og_site_name":"webdo","article_publisher":"https:\/\/www.facebook.com\/webdotn","article_author":"https:\/\/www.facebook.com\/hatem.bourial.2025","article_published_time":"2024-03-05T09:23:00+00:00","og_image":[{"width":750,"height":400,"url":"https:\/\/www.webdo.tn\/fr\/wp-content\/uploads\/2024\/03\/d624e012dfcf1e3f513b2a5ec5383ecf.jpg","type":"image\/jpeg"}],"author":"Hatem Bourial","twitter_card":"summary_large_image","twitter_creator":"@webdo_tn","twitter_site":"@webdo_tn","twitter_misc":{"\u00c9crit par":"Hatem Bourial","Dur\u00e9e de lecture estim\u00e9e":"4 minutes"},"schema":{"@context":"https:\/\/schema.org","@graph":[{"@type":"NewsArticle","@id":"https:\/\/www.webdo.tn\/fr\/actualite\/chroniques\/a-tebourba-la-memoire-vive-des-saintes-perpetue-et-felicite\/212741\/#article","isPartOf":{"@id":"https:\/\/www.webdo.tn\/fr\/actualite\/chroniques\/a-tebourba-la-memoire-vive-des-saintes-perpetue-et-felicite\/212741\/"},"author":{"name":"Hatem Bourial","@id":"https:\/\/www.webdo.tn\/fr\/#\/schema\/person\/6bc0beba2cd23aec27cb5df85ca2554f"},"headline":"A T\u00e9bourba, la m\u00e9moire vive des saintes Perp\u00e9tue et F\u00e9licit\u00e9","datePublished":"2024-03-05T09:23:00+00:00","mainEntityOfPage":{"@id":"https:\/\/www.webdo.tn\/fr\/actualite\/chroniques\/a-tebourba-la-memoire-vive-des-saintes-perpetue-et-felicite\/212741\/"},"wordCount":877,"commentCount":0,"publisher":{"@id":"https:\/\/www.webdo.tn\/fr\/#organization"},"image":{"@id":"https:\/\/www.webdo.tn\/fr\/actualite\/chroniques\/a-tebourba-la-memoire-vive-des-saintes-perpetue-et-felicite\/212741\/#primaryimage"},"thumbnailUrl":"https:\/\/www.webdo.tn\/fr\/wp-content\/uploads\/2024\/03\/d624e012dfcf1e3f513b2a5ec5383ecf.jpg","keywords":["'T\u00e9bourba']","Carthage","chr\u00e9tiens","F\u00e9licit\u00e9","Martyrs","Perp\u00e9tue"],"articleSection":["Chroniques"],"inLanguage":"fr-FR"},{"@type":"WebPage","@id":"https:\/\/www.webdo.tn\/fr\/actualite\/chroniques\/a-tebourba-la-memoire-vive-des-saintes-perpetue-et-felicite\/212741\/","url":"https:\/\/www.webdo.tn\/fr\/actualite\/chroniques\/a-tebourba-la-memoire-vive-des-saintes-perpetue-et-felicite\/212741\/","name":"A T\u00e9bourba, la m\u00e9moire vive des saintes Perp\u00e9tue et F\u00e9licit\u00e9","isPartOf":{"@id":"https:\/\/www.webdo.tn\/fr\/#website"},"primaryImageOfPage":{"@id":"https:\/\/www.webdo.tn\/fr\/actualite\/chroniques\/a-tebourba-la-memoire-vive-des-saintes-perpetue-et-felicite\/212741\/#primaryimage"},"image":{"@id":"https:\/\/www.webdo.tn\/fr\/actualite\/chroniques\/a-tebourba-la-memoire-vive-des-saintes-perpetue-et-felicite\/212741\/#primaryimage"},"thumbnailUrl":"https:\/\/www.webdo.tn\/fr\/wp-content\/uploads\/2024\/03\/d624e012dfcf1e3f513b2a5ec5383ecf.jpg","datePublished":"2024-03-05T09:23:00+00:00","description":"Le 7 mars 203, Perp\u00e9tue et F\u00e9licit\u00e9 p\u00e9n\u00e8trent dans l'ar\u00e8ne de l'amphith\u00e9\u00e2tre de Carthage.","breadcrumb":{"@id":"https:\/\/www.webdo.tn\/fr\/actualite\/chroniques\/a-tebourba-la-memoire-vive-des-saintes-perpetue-et-felicite\/212741\/#breadcrumb"},"inLanguage":"fr-FR","potentialAction":[{"@type":"ReadAction","target":["https:\/\/www.webdo.tn\/fr\/actualite\/chroniques\/a-tebourba-la-memoire-vive-des-saintes-perpetue-et-felicite\/212741\/"]}]},{"@type":"ImageObject","inLanguage":"fr-FR","@id":"https:\/\/www.webdo.tn\/fr\/actualite\/chroniques\/a-tebourba-la-memoire-vive-des-saintes-perpetue-et-felicite\/212741\/#primaryimage","url":"https:\/\/www.webdo.tn\/fr\/wp-content\/uploads\/2024\/03\/d624e012dfcf1e3f513b2a5ec5383ecf.jpg","contentUrl":"https:\/\/www.webdo.tn\/fr\/wp-content\/uploads\/2024\/03\/d624e012dfcf1e3f513b2a5ec5383ecf.jpg","width":750,"height":400,"caption":"A T\u00e9bourba, la m\u00e9moire vive des saintes Perp\u00e9tue et F\u00e9licit\u00e9"},{"@type":"BreadcrumbList","@id":"https:\/\/www.webdo.tn\/fr\/actualite\/chroniques\/a-tebourba-la-memoire-vive-des-saintes-perpetue-et-felicite\/212741\/#breadcrumb","itemListElement":[{"@type":"ListItem","position":1,"name":"Accueil","item":"https:\/\/www.webdo.tn\/fr\/"},{"@type":"ListItem","position":2,"name":"A T\u00e9bourba, la m\u00e9moire vive des saintes Perp\u00e9tue et F\u00e9licit\u00e9"}]},{"@type":"WebSite","@id":"https:\/\/www.webdo.tn\/fr\/#website","url":"https:\/\/www.webdo.tn\/fr\/","name":"webdo","description":"Tunisie - News en Tunisie et \u00e0 l&#039;international sur Webdo.tn","publisher":{"@id":"https:\/\/www.webdo.tn\/fr\/#organization"},"potentialAction":[{"@type":"SearchAction","target":{"@type":"EntryPoint","urlTemplate":"https:\/\/www.webdo.tn\/fr\/?s={search_term_string}"},"query-input":{"@type":"PropertyValueSpecification","valueRequired":true,"valueName":"search_term_string"}}],"inLanguage":"fr-FR"},{"@type":"Organization","@id":"https:\/\/www.webdo.tn\/fr\/#organization","name":"Webdo","alternateName":"Webdo.tn","url":"https:\/\/www.webdo.tn\/fr\/","logo":{"@type":"ImageObject","inLanguage":"fr-FR","@id":"https:\/\/www.webdo.tn\/fr\/#\/schema\/logo\/image\/","url":"https:\/\/www.webdo.tn\/fr\/wp-content\/uploads\/2025\/06\/Webdo-Tunisie_168377.jpg","contentUrl":"https:\/\/www.webdo.tn\/fr\/wp-content\/uploads\/2025\/06\/Webdo-Tunisie_168377.jpg","width":301,"height":301,"caption":"Webdo"},"image":{"@id":"https:\/\/www.webdo.tn\/fr\/#\/schema\/logo\/image\/"},"sameAs":["https:\/\/www.facebook.com\/webdotn","https:\/\/x.com\/webdo_tn"],"description":"Webdo est un m\u00e9dia num\u00e9rique tunisien fond\u00e9 en 2010, sp\u00e9cialis\u00e9 dans l\u2019actualit\u00e9 nationale et internationale, l\u2019\u00e9conomie, la soci\u00e9t\u00e9 et les analyses politiques. Le site s\u2019adresse \u00e0 un large public francophone et couvre l\u2019information tunisienne en temps r\u00e9el.","email":"redac@webdo.tn","legalName":"YNJ SARL","foundingDate":"2010-09-06","numberOfEmployees":{"@type":"QuantitativeValue","minValue":"11","maxValue":"50"}},{"@type":"Person","@id":"https:\/\/www.webdo.tn\/fr\/#\/schema\/person\/6bc0beba2cd23aec27cb5df85ca2554f","name":"Hatem Bourial","image":{"@type":"ImageObject","inLanguage":"fr-FR","@id":"https:\/\/www.webdo.tn\/fr\/wp-content\/uploads\/2026\/04\/hatem-bourial_avatar-96x96.jpg","url":"https:\/\/www.webdo.tn\/fr\/wp-content\/uploads\/2026\/04\/hatem-bourial_avatar-96x96.jpg","contentUrl":"https:\/\/www.webdo.tn\/fr\/wp-content\/uploads\/2026\/04\/hatem-bourial_avatar-96x96.jpg","caption":"Hatem Bourial"},"description":"Hatem Bourial est journaliste, \u00e9crivain et chroniqueur tunisien. Actif depuis plusieurs d\u00e9cennies, il s\u2019est impos\u00e9 comme un observateur attentif de la soci\u00e9t\u00e9 tunisienne, m\u00ealant dans ses \u00e9crits m\u00e9moire, culture et analyse du quotidien. Auteur de nombreux ouvrages, il d\u00e9veloppe une \u0153uvre \u00e0 la crois\u00e9e du r\u00e9cit, de la po\u00e9sie et de l\u2019observation sociologique. Parall\u00e8lement \u00e0 ses contributions dans la presse, il intervient r\u00e9guli\u00e8rement \u00e0 la radio et dans des espaces culturels, o\u00f9 il explore les enjeux li\u00e9s au patrimoine, \u00e0 l\u2019identit\u00e9 et aux transformations du monde contemporain. \u00c0 travers ses chroniques, Hatem Bourial propose une lecture sensible et approfondie de l\u2019actualit\u00e9, nourrie par une exp\u00e9rience journalistique et litt\u00e9raire reconnue. \ud83d\udd17 Facebook : https:\/\/www.facebook.com\/hatem.bourial.2025","sameAs":["https:\/\/www.facebook.com\/hatem.bourial.2025","https:\/\/fr.wikipedia.org\/wiki\/Fichier:Hatem_Bourial.jpg"],"knowsAbout":["Culture & patrimoine tunisien","Chronique soci\u00e9tale","Litt\u00e9rature & m\u00e9moire","Cin\u00e9ma & critique culturelle","Identit\u00e9 & mutations sociales"],"knowsLanguage":["Arabe","Fran\u00e7ais","Anglais","Italien","Polonais"],"jobTitle":"Journaliste, \u00e9crivain et chroniqueur culturel","worksFor":"Webdo","url":"https:\/\/www.webdo.tn\/fr\/actualite\/author\/hatem-bourial-2\/"}]}},"_links":{"self":[{"href":"https:\/\/www.webdo.tn\/fr\/wp-json\/wp\/v2\/posts\/212741","targetHints":{"allow":["GET"]}}],"collection":[{"href":"https:\/\/www.webdo.tn\/fr\/wp-json\/wp\/v2\/posts"}],"about":[{"href":"https:\/\/www.webdo.tn\/fr\/wp-json\/wp\/v2\/types\/post"}],"author":[{"embeddable":true,"href":"https:\/\/www.webdo.tn\/fr\/wp-json\/wp\/v2\/users\/3229"}],"replies":[{"embeddable":true,"href":"https:\/\/www.webdo.tn\/fr\/wp-json\/wp\/v2\/comments?post=212741"}],"version-history":[{"count":0,"href":"https:\/\/www.webdo.tn\/fr\/wp-json\/wp\/v2\/posts\/212741\/revisions"}],"wp:featuredmedia":[{"embeddable":true,"href":"https:\/\/www.webdo.tn\/fr\/wp-json\/wp\/v2\/media\/290306"}],"wp:attachment":[{"href":"https:\/\/www.webdo.tn\/fr\/wp-json\/wp\/v2\/media?parent=212741"}],"wp:term":[{"taxonomy":"category","embeddable":true,"href":"https:\/\/www.webdo.tn\/fr\/wp-json\/wp\/v2\/categories?post=212741"},{"taxonomy":"post_tag","embeddable":true,"href":"https:\/\/www.webdo.tn\/fr\/wp-json\/wp\/v2\/tags?post=212741"}],"curies":[{"name":"wp","href":"https:\/\/api.w.org\/{rel}","templated":true}]}}