{"id":212736,"date":"2024-03-05T07:51:00","date_gmt":"2024-03-05T07:51:00","guid":{"rendered":"https:\/\/www.webdo.tn\/fr\/blog\/serie-de-mesures-suite-a-l-accident-du-pont-de-bizerte\/212736\/"},"modified":"2025-05-20T22:37:31","modified_gmt":"2025-05-20T22:37:31","slug":"serie-de-mesures-suite-a-l-accident-du-pont-de-bizerte","status":"publish","type":"post","link":"https:\/\/www.webdo.tn\/fr\/actualite\/national\/serie-de-mesures-suite-a-l-accident-du-pont-de-bizerte\/212736\/","title":{"rendered":"Tunisie : S\u00e9rie de mesures suite \u00e0 l\u2019accident du pont de Bizerte"},"content":{"rendered":"<p>La r\u00e9union du comit\u00e9 r\u00e9gional de secours supervis\u00e9e par le gouverneur de Bizerte, Samir Abdelaoui a fix\u00e9 un ensemble de mesures suite \u00e0 l\u2019accident du pont de Bizerte.\u00a0<\/p>\n<p>\t\t\t\t\t\t\t\t\tLa premi\u00e8re mesure consiste \u00e0 charger les services r\u00e9gionaux de l&rsquo;\u00e9quipement de d\u00e9signer un bureau d&rsquo;inspection sp\u00e9cialis\u00e9 pour commencer, d\u00e8s aujourd\u2019hui mardi 5 mars, une \u00e9valuation approfondie et des tests sur l&rsquo;installation afin de d\u00e9terminer l&rsquo;ampleur des dommages caus\u00e9s au pont par l&rsquo;incident.\u00a0<\/p>\n<p>De plus, il a \u00e9t\u00e9 d\u00e9cid\u00e9 de maintenir le plan de circulation pr\u00e9c\u00e9dent et de charger les autorit\u00e9s comp\u00e9tentes de veiller \u00e0 sa mise en \u0153uvre.<\/p>\n<p>Il a \u00e9galement \u00e9t\u00e9 d\u00e9cid\u00e9 de fermer le quai num\u00e9ro 1 du port commercial de Bizerte et de charger une commission sectorielle comprenant les services de la garde c\u00f4ti\u00e8re, des douanes, de la gestion du pont et de la gestion du port de d\u00e9terminer la distance entre le pont et le quai. La commission reste en s\u00e9ance permanente pour suivre l&rsquo;\u00e9volution de la situation, indique un communiqu\u00e9 du gouvernorat de Bizerte.\u00a0<\/p>\n<p>Il est \u00e0 noter qu\u2019un navire a heurt\u00e9, hier lundi, le pont mobile au cours de son accostage dans le quai du port commercial de Bizerte alors qu&rsquo;il se pr\u00e9parait \u00e0 charger des quantit\u00e9s de fer destin\u00e9es \u00e0 l&rsquo;exportation, apr\u00e8s avoir d\u00e9riv\u00e9 en raison de la force du vent.<\/p>\n","protected":false},"excerpt":{"rendered":"<p>La premi\u00e8re mesure consiste \u00e0 charger les services r\u00e9gionaux de l&rsquo;\u00e9quipement de d\u00e9signer un bureau d&rsquo;inspection sp\u00e9cialis\u00e9 pour commencer, d\u00e8s aujourd\u2019hui mardi&#8230;<\/p>\n","protected":false},"author":3175,"featured_media":247863,"comment_status":"open","ping_status":"closed","sticky":false,"template":"","format":"standard","meta":{"footnotes":""},"categories":[44],"tags":[3915,2707,3110,2608],"class_list":["post-212736","post","type-post","status-publish","format-standard","has-post-thumbnail","hentry","category-national","tag-accident","tag-bizerte","tag-mesures","tag-tunisie"],"yoast_head":"<!-- This site is optimized with the Yoast SEO Premium plugin v27.5 (Yoast SEO v27.5) - https:\/\/yoast.com\/product\/yoast-seo-premium-wordpress\/ -->\n<title>Tunisie : S\u00e9rie de mesures suite \u00e0 l\u2019accident du pont de Bizerte<\/title>\n<meta name=\"description\" content=\"La premi\u00e8re mesure consiste \u00e0 charger les services r\u00e9gionaux de l&#039;\u00e9quipement de d\u00e9signer un bureau d&#039;inspection sp\u00e9cialis\u00e9 pour commencer, d\u00e8s aujourd\u2019hui mardi...\" \/>\n<link rel=\"canonical\" href=\"https:\/\/www.webdo.tn\/fr\/actualite\/national\/serie-de-mesures-suite-a-l-accident-du-pont-de-bizerte\/212736\/\" \/>\n<meta property=\"og:locale\" content=\"fr_FR\" \/>\n<meta property=\"og:type\" content=\"article\" \/>\n<meta property=\"og:title\" content=\"Tunisie : S\u00e9rie de mesures suite \u00e0 l\u2019accident du pont de Bizerte\" \/>\n<meta property=\"og:description\" content=\"La premi\u00e8re mesure consiste \u00e0 charger les services r\u00e9gionaux de l&#039;\u00e9quipement de d\u00e9signer un bureau d&#039;inspection sp\u00e9cialis\u00e9 pour commencer, d\u00e8s aujourd\u2019hui mardi...\" \/>\n<meta property=\"og:url\" content=\"https:\/\/www.webdo.tn\/fr\/actualite\/national\/serie-de-mesures-suite-a-l-accident-du-pont-de-bizerte\/212736\/\" \/>\n<meta property=\"og:site_name\" content=\"webdo\" \/>\n<meta property=\"article:publisher\" content=\"https:\/\/www.facebook.com\/webdotn\" \/>\n<meta property=\"article:published_time\" content=\"2024-03-05T07:51:00+00:00\" \/>\n<meta property=\"article:modified_time\" content=\"2025-05-20T22:37:31+00:00\" \/>\n<meta property=\"og:image\" content=\"https:\/\/www.webdo.tn\/fr\/wp-content\/uploads\/2024\/03\/60ae7554c4f0a08a760349074f67a9a2.jpg\" \/>\n\t<meta property=\"og:image:width\" content=\"750\" \/>\n\t<meta property=\"og:image:height\" content=\"400\" \/>\n\t<meta property=\"og:image:type\" content=\"image\/jpeg\" \/>\n<meta name=\"author\" content=\"CL\" \/>\n<meta name=\"twitter:card\" content=\"summary_large_image\" \/>\n<meta name=\"twitter:creator\" content=\"@webdo_tn\" \/>\n<meta name=\"twitter:site\" content=\"@webdo_tn\" \/>\n<meta name=\"twitter:label1\" content=\"\u00c9crit par\" \/>\n\t<meta name=\"twitter:data1\" content=\"CL\" \/>\n\t<meta name=\"twitter:label2\" content=\"Dur\u00e9e de lecture estim\u00e9e\" \/>\n\t<meta name=\"twitter:data2\" content=\"1 minute\" \/>\n<script type=\"application\/ld+json\" class=\"yoast-schema-graph\">{\"@context\":\"https:\\\/\\\/schema.org\",\"@graph\":[{\"@type\":\"NewsArticle\",\"@id\":\"https:\\\/\\\/www.webdo.tn\\\/fr\\\/actualite\\\/national\\\/serie-de-mesures-suite-a-l-accident-du-pont-de-bizerte\\\/212736\\\/#article\",\"isPartOf\":{\"@id\":\"https:\\\/\\\/www.webdo.tn\\\/fr\\\/actualite\\\/national\\\/serie-de-mesures-suite-a-l-accident-du-pont-de-bizerte\\\/212736\\\/\"},\"author\":{\"name\":\"CL\",\"@id\":\"https:\\\/\\\/www.webdo.tn\\\/fr\\\/#\\\/schema\\\/person\\\/f35b42a42c5e2511bbd282959d6385cc\"},\"headline\":\"Tunisie : S\u00e9rie de mesures suite \u00e0 l\u2019accident du pont de Bizerte\",\"datePublished\":\"2024-03-05T07:51:00+00:00\",\"dateModified\":\"2025-05-20T22:37:31+00:00\",\"mainEntityOfPage\":{\"@id\":\"https:\\\/\\\/www.webdo.tn\\\/fr\\\/actualite\\\/national\\\/serie-de-mesures-suite-a-l-accident-du-pont-de-bizerte\\\/212736\\\/\"},\"wordCount\":258,\"commentCount\":0,\"publisher\":{\"@id\":\"https:\\\/\\\/www.webdo.tn\\\/fr\\\/#organization\"},\"image\":{\"@id\":\"https:\\\/\\\/www.webdo.tn\\\/fr\\\/actualite\\\/national\\\/serie-de-mesures-suite-a-l-accident-du-pont-de-bizerte\\\/212736\\\/#primaryimage\"},\"thumbnailUrl\":\"https:\\\/\\\/www.webdo.tn\\\/fr\\\/wp-content\\\/uploads\\\/2024\\\/03\\\/60ae7554c4f0a08a760349074f67a9a2.jpg\",\"keywords\":[\"accident\",\"Bizerte\",\"Mesures\",\"Tunisie\"],\"articleSection\":[\"National\"],\"inLanguage\":\"fr-FR\"},{\"@type\":\"WebPage\",\"@id\":\"https:\\\/\\\/www.webdo.tn\\\/fr\\\/actualite\\\/national\\\/serie-de-mesures-suite-a-l-accident-du-pont-de-bizerte\\\/212736\\\/\",\"url\":\"https:\\\/\\\/www.webdo.tn\\\/fr\\\/actualite\\\/national\\\/serie-de-mesures-suite-a-l-accident-du-pont-de-bizerte\\\/212736\\\/\",\"name\":\"Tunisie : S\u00e9rie de mesures suite \u00e0 l\u2019accident du pont de Bizerte\",\"isPartOf\":{\"@id\":\"https:\\\/\\\/www.webdo.tn\\\/fr\\\/#website\"},\"primaryImageOfPage\":{\"@id\":\"https:\\\/\\\/www.webdo.tn\\\/fr\\\/actualite\\\/national\\\/serie-de-mesures-suite-a-l-accident-du-pont-de-bizerte\\\/212736\\\/#primaryimage\"},\"image\":{\"@id\":\"https:\\\/\\\/www.webdo.tn\\\/fr\\\/actualite\\\/national\\\/serie-de-mesures-suite-a-l-accident-du-pont-de-bizerte\\\/212736\\\/#primaryimage\"},\"thumbnailUrl\":\"https:\\\/\\\/www.webdo.tn\\\/fr\\\/wp-content\\\/uploads\\\/2024\\\/03\\\/60ae7554c4f0a08a760349074f67a9a2.jpg\",\"datePublished\":\"2024-03-05T07:51:00+00:00\",\"dateModified\":\"2025-05-20T22:37:31+00:00\",\"description\":\"La premi\u00e8re mesure consiste \u00e0 charger les services r\u00e9gionaux de l'\u00e9quipement de d\u00e9signer un bureau d'inspection sp\u00e9cialis\u00e9 pour commencer, d\u00e8s aujourd\u2019hui mardi...\",\"breadcrumb\":{\"@id\":\"https:\\\/\\\/www.webdo.tn\\\/fr\\\/actualite\\\/national\\\/serie-de-mesures-suite-a-l-accident-du-pont-de-bizerte\\\/212736\\\/#breadcrumb\"},\"inLanguage\":\"fr-FR\",\"potentialAction\":[{\"@type\":\"ReadAction\",\"target\":[\"https:\\\/\\\/www.webdo.tn\\\/fr\\\/actualite\\\/national\\\/serie-de-mesures-suite-a-l-accident-du-pont-de-bizerte\\\/212736\\\/\"]}]},{\"@type\":\"ImageObject\",\"inLanguage\":\"fr-FR\",\"@id\":\"https:\\\/\\\/www.webdo.tn\\\/fr\\\/actualite\\\/national\\\/serie-de-mesures-suite-a-l-accident-du-pont-de-bizerte\\\/212736\\\/#primaryimage\",\"url\":\"https:\\\/\\\/www.webdo.tn\\\/fr\\\/wp-content\\\/uploads\\\/2024\\\/03\\\/60ae7554c4f0a08a760349074f67a9a2.jpg\",\"contentUrl\":\"https:\\\/\\\/www.webdo.tn\\\/fr\\\/wp-content\\\/uploads\\\/2024\\\/03\\\/60ae7554c4f0a08a760349074f67a9a2.jpg\",\"width\":750,\"height\":400,\"caption\":\"Tunisie : S\u00e9rie de mesures suite \u00e0 l\u2019accident du pont de Bizerte\"},{\"@type\":\"BreadcrumbList\",\"@id\":\"https:\\\/\\\/www.webdo.tn\\\/fr\\\/actualite\\\/national\\\/serie-de-mesures-suite-a-l-accident-du-pont-de-bizerte\\\/212736\\\/#breadcrumb\",\"itemListElement\":[{\"@type\":\"ListItem\",\"position\":1,\"name\":\"Accueil\",\"item\":\"https:\\\/\\\/www.webdo.tn\\\/fr\\\/\"},{\"@type\":\"ListItem\",\"position\":2,\"name\":\"Tunisie : S\u00e9rie de mesures suite \u00e0 l\u2019accident du pont de Bizerte\"}]},{\"@type\":\"WebSite\",\"@id\":\"https:\\\/\\\/www.webdo.tn\\\/fr\\\/#website\",\"url\":\"https:\\\/\\\/www.webdo.tn\\\/fr\\\/\",\"name\":\"webdo\",\"description\":\"Tunisie - News en Tunisie et \u00e0 l&#039;international sur Webdo.tn\",\"publisher\":{\"@id\":\"https:\\\/\\\/www.webdo.tn\\\/fr\\\/#organization\"},\"potentialAction\":[{\"@type\":\"SearchAction\",\"target\":{\"@type\":\"EntryPoint\",\"urlTemplate\":\"https:\\\/\\\/www.webdo.tn\\\/fr\\\/?s={search_term_string}\"},\"query-input\":{\"@type\":\"PropertyValueSpecification\",\"valueRequired\":true,\"valueName\":\"search_term_string\"}}],\"inLanguage\":\"fr-FR\"},{\"@type\":\"Organization\",\"@id\":\"https:\\\/\\\/www.webdo.tn\\\/fr\\\/#organization\",\"name\":\"Webdo\",\"alternateName\":\"Webdo.tn\",\"url\":\"https:\\\/\\\/www.webdo.tn\\\/fr\\\/\",\"logo\":{\"@type\":\"ImageObject\",\"inLanguage\":\"fr-FR\",\"@id\":\"https:\\\/\\\/www.webdo.tn\\\/fr\\\/#\\\/schema\\\/logo\\\/image\\\/\",\"url\":\"https:\\\/\\\/www.webdo.tn\\\/fr\\\/wp-content\\\/uploads\\\/2025\\\/06\\\/Webdo-Tunisie_168377.jpg\",\"contentUrl\":\"https:\\\/\\\/www.webdo.tn\\\/fr\\\/wp-content\\\/uploads\\\/2025\\\/06\\\/Webdo-Tunisie_168377.jpg\",\"width\":301,\"height\":301,\"caption\":\"Webdo\"},\"image\":{\"@id\":\"https:\\\/\\\/www.webdo.tn\\\/fr\\\/#\\\/schema\\\/logo\\\/image\\\/\"},\"sameAs\":[\"https:\\\/\\\/www.facebook.com\\\/webdotn\",\"https:\\\/\\\/x.com\\\/webdo_tn\"],\"description\":\"Webdo est un m\u00e9dia num\u00e9rique tunisien fond\u00e9 en 2010, sp\u00e9cialis\u00e9 dans l\u2019actualit\u00e9 nationale et internationale, l\u2019\u00e9conomie, la soci\u00e9t\u00e9 et les analyses politiques. Le site s\u2019adresse \u00e0 un large public francophone et couvre l\u2019information tunisienne en temps r\u00e9el.\",\"email\":\"redac@webdo.tn\",\"legalName\":\"YNJ SARL\",\"foundingDate\":\"2010-09-06\",\"numberOfEmployees\":{\"@type\":\"QuantitativeValue\",\"minValue\":\"11\",\"maxValue\":\"50\"}},{\"@type\":\"Person\",\"@id\":\"https:\\\/\\\/www.webdo.tn\\\/fr\\\/#\\\/schema\\\/person\\\/f35b42a42c5e2511bbd282959d6385cc\",\"name\":\"CL\",\"image\":{\"@type\":\"ImageObject\",\"inLanguage\":\"fr-FR\",\"@id\":\"https:\\\/\\\/secure.gravatar.com\\\/avatar\\\/1447a49909b67aa657c488aec6512e1dd6143a480c1ecfee9b5b5cd74eb3b59e?s=96&d=mm&r=g\",\"url\":\"https:\\\/\\\/secure.gravatar.com\\\/avatar\\\/1447a49909b67aa657c488aec6512e1dd6143a480c1ecfee9b5b5cd74eb3b59e?s=96&d=mm&r=g\",\"contentUrl\":\"https:\\\/\\\/secure.gravatar.com\\\/avatar\\\/1447a49909b67aa657c488aec6512e1dd6143a480c1ecfee9b5b5cd74eb3b59e?s=96&d=mm&r=g\",\"caption\":\"CL\"},\"url\":\"https:\\\/\\\/www.webdo.tn\\\/fr\\\/actualite\\\/author\\\/cl\\\/\"}]}<\/script>\n<!-- \/ Yoast SEO Premium plugin. -->","yoast_head_json":{"title":"Tunisie : S\u00e9rie de mesures suite \u00e0 l\u2019accident du pont de Bizerte","description":"La premi\u00e8re mesure consiste \u00e0 charger les services r\u00e9gionaux de l'\u00e9quipement de d\u00e9signer un bureau d'inspection sp\u00e9cialis\u00e9 pour commencer, d\u00e8s aujourd\u2019hui mardi...","canonical":"https:\/\/www.webdo.tn\/fr\/actualite\/national\/serie-de-mesures-suite-a-l-accident-du-pont-de-bizerte\/212736\/","og_locale":"fr_FR","og_type":"article","og_title":"Tunisie : S\u00e9rie de mesures suite \u00e0 l\u2019accident du pont de Bizerte","og_description":"La premi\u00e8re mesure consiste \u00e0 charger les services r\u00e9gionaux de l'\u00e9quipement de d\u00e9signer un bureau d'inspection sp\u00e9cialis\u00e9 pour commencer, d\u00e8s aujourd\u2019hui mardi...","og_url":"https:\/\/www.webdo.tn\/fr\/actualite\/national\/serie-de-mesures-suite-a-l-accident-du-pont-de-bizerte\/212736\/","og_site_name":"webdo","article_publisher":"https:\/\/www.facebook.com\/webdotn","article_published_time":"2024-03-05T07:51:00+00:00","article_modified_time":"2025-05-20T22:37:31+00:00","og_image":[{"width":750,"height":400,"url":"https:\/\/www.webdo.tn\/fr\/wp-content\/uploads\/2024\/03\/60ae7554c4f0a08a760349074f67a9a2.jpg","type":"image\/jpeg"}],"author":"CL","twitter_card":"summary_large_image","twitter_creator":"@webdo_tn","twitter_site":"@webdo_tn","twitter_misc":{"\u00c9crit par":"CL","Dur\u00e9e de lecture estim\u00e9e":"1 minute"},"schema":{"@context":"https:\/\/schema.org","@graph":[{"@type":"NewsArticle","@id":"https:\/\/www.webdo.tn\/fr\/actualite\/national\/serie-de-mesures-suite-a-l-accident-du-pont-de-bizerte\/212736\/#article","isPartOf":{"@id":"https:\/\/www.webdo.tn\/fr\/actualite\/national\/serie-de-mesures-suite-a-l-accident-du-pont-de-bizerte\/212736\/"},"author":{"name":"CL","@id":"https:\/\/www.webdo.tn\/fr\/#\/schema\/person\/f35b42a42c5e2511bbd282959d6385cc"},"headline":"Tunisie : S\u00e9rie de mesures suite \u00e0 l\u2019accident du pont de Bizerte","datePublished":"2024-03-05T07:51:00+00:00","dateModified":"2025-05-20T22:37:31+00:00","mainEntityOfPage":{"@id":"https:\/\/www.webdo.tn\/fr\/actualite\/national\/serie-de-mesures-suite-a-l-accident-du-pont-de-bizerte\/212736\/"},"wordCount":258,"commentCount":0,"publisher":{"@id":"https:\/\/www.webdo.tn\/fr\/#organization"},"image":{"@id":"https:\/\/www.webdo.tn\/fr\/actualite\/national\/serie-de-mesures-suite-a-l-accident-du-pont-de-bizerte\/212736\/#primaryimage"},"thumbnailUrl":"https:\/\/www.webdo.tn\/fr\/wp-content\/uploads\/2024\/03\/60ae7554c4f0a08a760349074f67a9a2.jpg","keywords":["accident","Bizerte","Mesures","Tunisie"],"articleSection":["National"],"inLanguage":"fr-FR"},{"@type":"WebPage","@id":"https:\/\/www.webdo.tn\/fr\/actualite\/national\/serie-de-mesures-suite-a-l-accident-du-pont-de-bizerte\/212736\/","url":"https:\/\/www.webdo.tn\/fr\/actualite\/national\/serie-de-mesures-suite-a-l-accident-du-pont-de-bizerte\/212736\/","name":"Tunisie : S\u00e9rie de mesures suite \u00e0 l\u2019accident du pont de Bizerte","isPartOf":{"@id":"https:\/\/www.webdo.tn\/fr\/#website"},"primaryImageOfPage":{"@id":"https:\/\/www.webdo.tn\/fr\/actualite\/national\/serie-de-mesures-suite-a-l-accident-du-pont-de-bizerte\/212736\/#primaryimage"},"image":{"@id":"https:\/\/www.webdo.tn\/fr\/actualite\/national\/serie-de-mesures-suite-a-l-accident-du-pont-de-bizerte\/212736\/#primaryimage"},"thumbnailUrl":"https:\/\/www.webdo.tn\/fr\/wp-content\/uploads\/2024\/03\/60ae7554c4f0a08a760349074f67a9a2.jpg","datePublished":"2024-03-05T07:51:00+00:00","dateModified":"2025-05-20T22:37:31+00:00","description":"La premi\u00e8re mesure consiste \u00e0 charger les services r\u00e9gionaux de l'\u00e9quipement de d\u00e9signer un bureau d'inspection sp\u00e9cialis\u00e9 pour commencer, d\u00e8s aujourd\u2019hui mardi...","breadcrumb":{"@id":"https:\/\/www.webdo.tn\/fr\/actualite\/national\/serie-de-mesures-suite-a-l-accident-du-pont-de-bizerte\/212736\/#breadcrumb"},"inLanguage":"fr-FR","potentialAction":[{"@type":"ReadAction","target":["https:\/\/www.webdo.tn\/fr\/actualite\/national\/serie-de-mesures-suite-a-l-accident-du-pont-de-bizerte\/212736\/"]}]},{"@type":"ImageObject","inLanguage":"fr-FR","@id":"https:\/\/www.webdo.tn\/fr\/actualite\/national\/serie-de-mesures-suite-a-l-accident-du-pont-de-bizerte\/212736\/#primaryimage","url":"https:\/\/www.webdo.tn\/fr\/wp-content\/uploads\/2024\/03\/60ae7554c4f0a08a760349074f67a9a2.jpg","contentUrl":"https:\/\/www.webdo.tn\/fr\/wp-content\/uploads\/2024\/03\/60ae7554c4f0a08a760349074f67a9a2.jpg","width":750,"height":400,"caption":"Tunisie : S\u00e9rie de mesures suite \u00e0 l\u2019accident du pont de Bizerte"},{"@type":"BreadcrumbList","@id":"https:\/\/www.webdo.tn\/fr\/actualite\/national\/serie-de-mesures-suite-a-l-accident-du-pont-de-bizerte\/212736\/#breadcrumb","itemListElement":[{"@type":"ListItem","position":1,"name":"Accueil","item":"https:\/\/www.webdo.tn\/fr\/"},{"@type":"ListItem","position":2,"name":"Tunisie : S\u00e9rie de mesures suite \u00e0 l\u2019accident du pont de Bizerte"}]},{"@type":"WebSite","@id":"https:\/\/www.webdo.tn\/fr\/#website","url":"https:\/\/www.webdo.tn\/fr\/","name":"webdo","description":"Tunisie - News en Tunisie et \u00e0 l&#039;international sur Webdo.tn","publisher":{"@id":"https:\/\/www.webdo.tn\/fr\/#organization"},"potentialAction":[{"@type":"SearchAction","target":{"@type":"EntryPoint","urlTemplate":"https:\/\/www.webdo.tn\/fr\/?s={search_term_string}"},"query-input":{"@type":"PropertyValueSpecification","valueRequired":true,"valueName":"search_term_string"}}],"inLanguage":"fr-FR"},{"@type":"Organization","@id":"https:\/\/www.webdo.tn\/fr\/#organization","name":"Webdo","alternateName":"Webdo.tn","url":"https:\/\/www.webdo.tn\/fr\/","logo":{"@type":"ImageObject","inLanguage":"fr-FR","@id":"https:\/\/www.webdo.tn\/fr\/#\/schema\/logo\/image\/","url":"https:\/\/www.webdo.tn\/fr\/wp-content\/uploads\/2025\/06\/Webdo-Tunisie_168377.jpg","contentUrl":"https:\/\/www.webdo.tn\/fr\/wp-content\/uploads\/2025\/06\/Webdo-Tunisie_168377.jpg","width":301,"height":301,"caption":"Webdo"},"image":{"@id":"https:\/\/www.webdo.tn\/fr\/#\/schema\/logo\/image\/"},"sameAs":["https:\/\/www.facebook.com\/webdotn","https:\/\/x.com\/webdo_tn"],"description":"Webdo est un m\u00e9dia num\u00e9rique tunisien fond\u00e9 en 2010, sp\u00e9cialis\u00e9 dans l\u2019actualit\u00e9 nationale et internationale, l\u2019\u00e9conomie, la soci\u00e9t\u00e9 et les analyses politiques. Le site s\u2019adresse \u00e0 un large public francophone et couvre l\u2019information tunisienne en temps r\u00e9el.","email":"redac@webdo.tn","legalName":"YNJ SARL","foundingDate":"2010-09-06","numberOfEmployees":{"@type":"QuantitativeValue","minValue":"11","maxValue":"50"}},{"@type":"Person","@id":"https:\/\/www.webdo.tn\/fr\/#\/schema\/person\/f35b42a42c5e2511bbd282959d6385cc","name":"CL","image":{"@type":"ImageObject","inLanguage":"fr-FR","@id":"https:\/\/secure.gravatar.com\/avatar\/1447a49909b67aa657c488aec6512e1dd6143a480c1ecfee9b5b5cd74eb3b59e?s=96&d=mm&r=g","url":"https:\/\/secure.gravatar.com\/avatar\/1447a49909b67aa657c488aec6512e1dd6143a480c1ecfee9b5b5cd74eb3b59e?s=96&d=mm&r=g","contentUrl":"https:\/\/secure.gravatar.com\/avatar\/1447a49909b67aa657c488aec6512e1dd6143a480c1ecfee9b5b5cd74eb3b59e?s=96&d=mm&r=g","caption":"CL"},"url":"https:\/\/www.webdo.tn\/fr\/actualite\/author\/cl\/"}]}},"_links":{"self":[{"href":"https:\/\/www.webdo.tn\/fr\/wp-json\/wp\/v2\/posts\/212736","targetHints":{"allow":["GET"]}}],"collection":[{"href":"https:\/\/www.webdo.tn\/fr\/wp-json\/wp\/v2\/posts"}],"about":[{"href":"https:\/\/www.webdo.tn\/fr\/wp-json\/wp\/v2\/types\/post"}],"author":[{"embeddable":true,"href":"https:\/\/www.webdo.tn\/fr\/wp-json\/wp\/v2\/users\/3175"}],"replies":[{"embeddable":true,"href":"https:\/\/www.webdo.tn\/fr\/wp-json\/wp\/v2\/comments?post=212736"}],"version-history":[{"count":0,"href":"https:\/\/www.webdo.tn\/fr\/wp-json\/wp\/v2\/posts\/212736\/revisions"}],"wp:featuredmedia":[{"embeddable":true,"href":"https:\/\/www.webdo.tn\/fr\/wp-json\/wp\/v2\/media\/247863"}],"wp:attachment":[{"href":"https:\/\/www.webdo.tn\/fr\/wp-json\/wp\/v2\/media?parent=212736"}],"wp:term":[{"taxonomy":"category","embeddable":true,"href":"https:\/\/www.webdo.tn\/fr\/wp-json\/wp\/v2\/categories?post=212736"},{"taxonomy":"post_tag","embeddable":true,"href":"https:\/\/www.webdo.tn\/fr\/wp-json\/wp\/v2\/tags?post=212736"}],"curies":[{"name":"wp","href":"https:\/\/api.w.org\/{rel}","templated":true}]}}