{"id":212731,"date":"2024-03-04T19:40:00","date_gmt":"2024-03-04T19:40:00","guid":{"rendered":"https:\/\/www.webdo.tn\/fr\/blog\/la-france-devient-le-premier-pays-a-inscrire-l-ivg-dans-sa-constitution\/212731\/"},"modified":"2025-05-20T22:37:30","modified_gmt":"2025-05-20T22:37:30","slug":"la-france-devient-le-premier-pays-a-inscrire-l-ivg-dans-sa-constitution","status":"publish","type":"post","link":"https:\/\/www.webdo.tn\/fr\/actualite\/international\/la-france-devient-le-premier-pays-a-inscrire-l-ivg-dans-sa-constitution\/212731\/","title":{"rendered":"La France devient le premier pays \u00e0 inscrire l&rsquo;IVG dans sa Constitution"},"content":{"rendered":"<p>Le Parlement fran\u00e7ais a vot\u00e9 pour l\u2019inscription explicitement dans la Constitution l&rsquo;interruption volontaire de grossesse (IVG).\u00a0<\/p>\n<p>\t\t\t\t\t\t\t\t\tLa France devient donc ce lundi le premier pays \u00e0 inscrire explicitement dans sa Constitution l&rsquo;interruption volontaire de grossesse (IVG).\u00a0<\/p>\n<p>\u00ab\u00a0Nous avons une dette morale\u00a0\u00bb envers toutes les femmes qui ont \u00ab\u00a0souffert dans leur chair\u00a0\u00bb d&rsquo;avortements ill\u00e9gaux, a d\u00e9clar\u00e9 le Premier ministre fran\u00e7ais Gabriel Attal, en ouvrant devant les deux chambres du parlement r\u00e9unies en Congr\u00e8s les d\u00e9bats visant \u00e0 inscrire dans la Constitution la libert\u00e9 de recourir \u00e0 l&rsquo;avortement.<\/p>\n<p>Pour sa part, le pr\u00e9sident Emanuel Macron qui veut que le 8 mars, journ\u00e9e des droits des femmes fasse l&rsquo;objet d&rsquo;une \u00ab\u00a0c\u00e9r\u00e9monie populaire la plus ouverte possible\u00a0\u00bb prononcera un discours d\u00e9di\u00e9 vendredi prochain.<\/p>\n","protected":false},"excerpt":{"rendered":"<p>La France devient donc ce lundi le premier pays \u00e0 inscrire explicitement dans sa Constitution l&rsquo;interruption volontaire de grossesse (IVG).\u00a0<\/p>\n","protected":false},"author":3175,"featured_media":247860,"comment_status":"open","ping_status":"closed","sticky":false,"template":"","format":"standard","meta":{"footnotes":""},"categories":[2598],"tags":[5700,2998,6905],"class_list":["post-212731","post","type-post","status-publish","format-standard","has-post-thumbnail","hentry","category-international","tag-constitution","tag-france","tag-ivg"],"yoast_head":"<!-- This site is optimized with the Yoast SEO Premium plugin v27.4 (Yoast SEO v27.5) - https:\/\/yoast.com\/product\/yoast-seo-premium-wordpress\/ -->\n<title>La France devient le premier pays \u00e0 inscrire l&#039;IVG dans sa Constitution<\/title>\n<meta name=\"description\" content=\"La France devient donc ce lundi le premier pays \u00e0 inscrire explicitement dans sa Constitution l&#039;interruption volontaire de grossesse (IVG).\u00a0\" \/>\n<link rel=\"canonical\" href=\"https:\/\/www.webdo.tn\/fr\/actualite\/international\/la-france-devient-le-premier-pays-a-inscrire-l-ivg-dans-sa-constitution\/212731\/\" \/>\n<meta property=\"og:locale\" content=\"fr_FR\" \/>\n<meta property=\"og:type\" content=\"article\" \/>\n<meta property=\"og:title\" content=\"La France devient le premier pays \u00e0 inscrire l&#039;IVG dans sa Constitution\" \/>\n<meta property=\"og:description\" content=\"La France devient donc ce lundi le premier pays \u00e0 inscrire explicitement dans sa Constitution l&#039;interruption volontaire de grossesse (IVG).\u00a0\" \/>\n<meta property=\"og:url\" content=\"https:\/\/www.webdo.tn\/fr\/actualite\/international\/la-france-devient-le-premier-pays-a-inscrire-l-ivg-dans-sa-constitution\/212731\/\" \/>\n<meta property=\"og:site_name\" content=\"webdo\" \/>\n<meta property=\"article:publisher\" content=\"https:\/\/www.facebook.com\/webdotn\" \/>\n<meta property=\"article:published_time\" content=\"2024-03-04T19:40:00+00:00\" \/>\n<meta property=\"article:modified_time\" content=\"2025-05-20T22:37:30+00:00\" \/>\n<meta property=\"og:image\" content=\"https:\/\/www.webdo.tn\/fr\/wp-content\/uploads\/2024\/03\/e1af08eb675361fdf50d52c52b73770d.jpg\" \/>\n\t<meta property=\"og:image:width\" content=\"750\" \/>\n\t<meta property=\"og:image:height\" content=\"400\" \/>\n\t<meta property=\"og:image:type\" content=\"image\/jpeg\" \/>\n<meta name=\"author\" content=\"CL\" \/>\n<meta name=\"twitter:card\" content=\"summary_large_image\" \/>\n<meta name=\"twitter:creator\" content=\"@webdo_tn\" \/>\n<meta name=\"twitter:site\" content=\"@webdo_tn\" \/>\n<meta name=\"twitter:label1\" content=\"\u00c9crit par\" \/>\n\t<meta name=\"twitter:data1\" content=\"CL\" \/>\n\t<meta name=\"twitter:label2\" content=\"Dur\u00e9e de lecture estim\u00e9e\" \/>\n\t<meta name=\"twitter:data2\" content=\"1 minute\" \/>\n<script type=\"application\/ld+json\" class=\"yoast-schema-graph\">{\"@context\":\"https:\\\/\\\/schema.org\",\"@graph\":[{\"@type\":\"NewsArticle\",\"@id\":\"https:\\\/\\\/www.webdo.tn\\\/fr\\\/actualite\\\/international\\\/la-france-devient-le-premier-pays-a-inscrire-l-ivg-dans-sa-constitution\\\/212731\\\/#article\",\"isPartOf\":{\"@id\":\"https:\\\/\\\/www.webdo.tn\\\/fr\\\/actualite\\\/international\\\/la-france-devient-le-premier-pays-a-inscrire-l-ivg-dans-sa-constitution\\\/212731\\\/\"},\"author\":{\"name\":\"CL\",\"@id\":\"https:\\\/\\\/www.webdo.tn\\\/fr\\\/#\\\/schema\\\/person\\\/f35b42a42c5e2511bbd282959d6385cc\"},\"headline\":\"La France devient le premier pays \u00e0 inscrire l&rsquo;IVG dans sa Constitution\",\"datePublished\":\"2024-03-04T19:40:00+00:00\",\"dateModified\":\"2025-05-20T22:37:30+00:00\",\"mainEntityOfPage\":{\"@id\":\"https:\\\/\\\/www.webdo.tn\\\/fr\\\/actualite\\\/international\\\/la-france-devient-le-premier-pays-a-inscrire-l-ivg-dans-sa-constitution\\\/212731\\\/\"},\"wordCount\":146,\"commentCount\":0,\"publisher\":{\"@id\":\"https:\\\/\\\/www.webdo.tn\\\/fr\\\/#organization\"},\"image\":{\"@id\":\"https:\\\/\\\/www.webdo.tn\\\/fr\\\/actualite\\\/international\\\/la-france-devient-le-premier-pays-a-inscrire-l-ivg-dans-sa-constitution\\\/212731\\\/#primaryimage\"},\"thumbnailUrl\":\"https:\\\/\\\/www.webdo.tn\\\/fr\\\/wp-content\\\/uploads\\\/2024\\\/03\\\/e1af08eb675361fdf50d52c52b73770d.jpg\",\"keywords\":[\"Constitution\",\"france\",\"IVG\"],\"articleSection\":[\"International\"],\"inLanguage\":\"fr-FR\"},{\"@type\":\"WebPage\",\"@id\":\"https:\\\/\\\/www.webdo.tn\\\/fr\\\/actualite\\\/international\\\/la-france-devient-le-premier-pays-a-inscrire-l-ivg-dans-sa-constitution\\\/212731\\\/\",\"url\":\"https:\\\/\\\/www.webdo.tn\\\/fr\\\/actualite\\\/international\\\/la-france-devient-le-premier-pays-a-inscrire-l-ivg-dans-sa-constitution\\\/212731\\\/\",\"name\":\"La France devient le premier pays \u00e0 inscrire l'IVG dans sa Constitution\",\"isPartOf\":{\"@id\":\"https:\\\/\\\/www.webdo.tn\\\/fr\\\/#website\"},\"primaryImageOfPage\":{\"@id\":\"https:\\\/\\\/www.webdo.tn\\\/fr\\\/actualite\\\/international\\\/la-france-devient-le-premier-pays-a-inscrire-l-ivg-dans-sa-constitution\\\/212731\\\/#primaryimage\"},\"image\":{\"@id\":\"https:\\\/\\\/www.webdo.tn\\\/fr\\\/actualite\\\/international\\\/la-france-devient-le-premier-pays-a-inscrire-l-ivg-dans-sa-constitution\\\/212731\\\/#primaryimage\"},\"thumbnailUrl\":\"https:\\\/\\\/www.webdo.tn\\\/fr\\\/wp-content\\\/uploads\\\/2024\\\/03\\\/e1af08eb675361fdf50d52c52b73770d.jpg\",\"datePublished\":\"2024-03-04T19:40:00+00:00\",\"dateModified\":\"2025-05-20T22:37:30+00:00\",\"description\":\"La France devient donc ce lundi le premier pays \u00e0 inscrire explicitement dans sa Constitution l'interruption volontaire de grossesse (IVG).\u00a0\",\"breadcrumb\":{\"@id\":\"https:\\\/\\\/www.webdo.tn\\\/fr\\\/actualite\\\/international\\\/la-france-devient-le-premier-pays-a-inscrire-l-ivg-dans-sa-constitution\\\/212731\\\/#breadcrumb\"},\"inLanguage\":\"fr-FR\",\"potentialAction\":[{\"@type\":\"ReadAction\",\"target\":[\"https:\\\/\\\/www.webdo.tn\\\/fr\\\/actualite\\\/international\\\/la-france-devient-le-premier-pays-a-inscrire-l-ivg-dans-sa-constitution\\\/212731\\\/\"]}]},{\"@type\":\"ImageObject\",\"inLanguage\":\"fr-FR\",\"@id\":\"https:\\\/\\\/www.webdo.tn\\\/fr\\\/actualite\\\/international\\\/la-france-devient-le-premier-pays-a-inscrire-l-ivg-dans-sa-constitution\\\/212731\\\/#primaryimage\",\"url\":\"https:\\\/\\\/www.webdo.tn\\\/fr\\\/wp-content\\\/uploads\\\/2024\\\/03\\\/e1af08eb675361fdf50d52c52b73770d.jpg\",\"contentUrl\":\"https:\\\/\\\/www.webdo.tn\\\/fr\\\/wp-content\\\/uploads\\\/2024\\\/03\\\/e1af08eb675361fdf50d52c52b73770d.jpg\",\"width\":750,\"height\":400,\"caption\":\"La France devient le premier pays \u00e0 inscrire l'IVG dans sa Constitution\"},{\"@type\":\"BreadcrumbList\",\"@id\":\"https:\\\/\\\/www.webdo.tn\\\/fr\\\/actualite\\\/international\\\/la-france-devient-le-premier-pays-a-inscrire-l-ivg-dans-sa-constitution\\\/212731\\\/#breadcrumb\",\"itemListElement\":[{\"@type\":\"ListItem\",\"position\":1,\"name\":\"Accueil\",\"item\":\"https:\\\/\\\/www.webdo.tn\\\/fr\\\/\"},{\"@type\":\"ListItem\",\"position\":2,\"name\":\"La France devient le premier pays \u00e0 inscrire l&rsquo;IVG dans sa Constitution\"}]},{\"@type\":\"WebSite\",\"@id\":\"https:\\\/\\\/www.webdo.tn\\\/fr\\\/#website\",\"url\":\"https:\\\/\\\/www.webdo.tn\\\/fr\\\/\",\"name\":\"webdo\",\"description\":\"Tunisie - News en Tunisie et \u00e0 l&#039;international sur Webdo.tn\",\"publisher\":{\"@id\":\"https:\\\/\\\/www.webdo.tn\\\/fr\\\/#organization\"},\"potentialAction\":[{\"@type\":\"SearchAction\",\"target\":{\"@type\":\"EntryPoint\",\"urlTemplate\":\"https:\\\/\\\/www.webdo.tn\\\/fr\\\/?s={search_term_string}\"},\"query-input\":{\"@type\":\"PropertyValueSpecification\",\"valueRequired\":true,\"valueName\":\"search_term_string\"}}],\"inLanguage\":\"fr-FR\"},{\"@type\":\"Organization\",\"@id\":\"https:\\\/\\\/www.webdo.tn\\\/fr\\\/#organization\",\"name\":\"Webdo\",\"alternateName\":\"Webdo.tn\",\"url\":\"https:\\\/\\\/www.webdo.tn\\\/fr\\\/\",\"logo\":{\"@type\":\"ImageObject\",\"inLanguage\":\"fr-FR\",\"@id\":\"https:\\\/\\\/www.webdo.tn\\\/fr\\\/#\\\/schema\\\/logo\\\/image\\\/\",\"url\":\"https:\\\/\\\/www.webdo.tn\\\/fr\\\/wp-content\\\/uploads\\\/2025\\\/06\\\/Webdo-Tunisie_168377.jpg\",\"contentUrl\":\"https:\\\/\\\/www.webdo.tn\\\/fr\\\/wp-content\\\/uploads\\\/2025\\\/06\\\/Webdo-Tunisie_168377.jpg\",\"width\":301,\"height\":301,\"caption\":\"Webdo\"},\"image\":{\"@id\":\"https:\\\/\\\/www.webdo.tn\\\/fr\\\/#\\\/schema\\\/logo\\\/image\\\/\"},\"sameAs\":[\"https:\\\/\\\/www.facebook.com\\\/webdotn\",\"https:\\\/\\\/x.com\\\/webdo_tn\"],\"description\":\"Webdo est un m\u00e9dia num\u00e9rique tunisien fond\u00e9 en 2010, sp\u00e9cialis\u00e9 dans l\u2019actualit\u00e9 nationale et internationale, l\u2019\u00e9conomie, la soci\u00e9t\u00e9 et les analyses politiques. Le site s\u2019adresse \u00e0 un large public francophone et couvre l\u2019information tunisienne en temps r\u00e9el.\",\"email\":\"redac@webdo.tn\",\"legalName\":\"YNJ SARL\",\"foundingDate\":\"2010-09-06\",\"numberOfEmployees\":{\"@type\":\"QuantitativeValue\",\"minValue\":\"11\",\"maxValue\":\"50\"}},{\"@type\":\"Person\",\"@id\":\"https:\\\/\\\/www.webdo.tn\\\/fr\\\/#\\\/schema\\\/person\\\/f35b42a42c5e2511bbd282959d6385cc\",\"name\":\"CL\",\"image\":{\"@type\":\"ImageObject\",\"inLanguage\":\"fr-FR\",\"@id\":\"https:\\\/\\\/secure.gravatar.com\\\/avatar\\\/1447a49909b67aa657c488aec6512e1dd6143a480c1ecfee9b5b5cd74eb3b59e?s=96&d=mm&r=g\",\"url\":\"https:\\\/\\\/secure.gravatar.com\\\/avatar\\\/1447a49909b67aa657c488aec6512e1dd6143a480c1ecfee9b5b5cd74eb3b59e?s=96&d=mm&r=g\",\"contentUrl\":\"https:\\\/\\\/secure.gravatar.com\\\/avatar\\\/1447a49909b67aa657c488aec6512e1dd6143a480c1ecfee9b5b5cd74eb3b59e?s=96&d=mm&r=g\",\"caption\":\"CL\"},\"url\":\"https:\\\/\\\/www.webdo.tn\\\/fr\\\/actualite\\\/author\\\/cl\\\/\"}]}<\/script>\n<!-- \/ Yoast SEO Premium plugin. -->","yoast_head_json":{"title":"La France devient le premier pays \u00e0 inscrire l'IVG dans sa Constitution","description":"La France devient donc ce lundi le premier pays \u00e0 inscrire explicitement dans sa Constitution l'interruption volontaire de grossesse (IVG).\u00a0","canonical":"https:\/\/www.webdo.tn\/fr\/actualite\/international\/la-france-devient-le-premier-pays-a-inscrire-l-ivg-dans-sa-constitution\/212731\/","og_locale":"fr_FR","og_type":"article","og_title":"La France devient le premier pays \u00e0 inscrire l'IVG dans sa Constitution","og_description":"La France devient donc ce lundi le premier pays \u00e0 inscrire explicitement dans sa Constitution l'interruption volontaire de grossesse (IVG).\u00a0","og_url":"https:\/\/www.webdo.tn\/fr\/actualite\/international\/la-france-devient-le-premier-pays-a-inscrire-l-ivg-dans-sa-constitution\/212731\/","og_site_name":"webdo","article_publisher":"https:\/\/www.facebook.com\/webdotn","article_published_time":"2024-03-04T19:40:00+00:00","article_modified_time":"2025-05-20T22:37:30+00:00","og_image":[{"width":750,"height":400,"url":"https:\/\/www.webdo.tn\/fr\/wp-content\/uploads\/2024\/03\/e1af08eb675361fdf50d52c52b73770d.jpg","type":"image\/jpeg"}],"author":"CL","twitter_card":"summary_large_image","twitter_creator":"@webdo_tn","twitter_site":"@webdo_tn","twitter_misc":{"\u00c9crit par":"CL","Dur\u00e9e de lecture estim\u00e9e":"1 minute"},"schema":{"@context":"https:\/\/schema.org","@graph":[{"@type":"NewsArticle","@id":"https:\/\/www.webdo.tn\/fr\/actualite\/international\/la-france-devient-le-premier-pays-a-inscrire-l-ivg-dans-sa-constitution\/212731\/#article","isPartOf":{"@id":"https:\/\/www.webdo.tn\/fr\/actualite\/international\/la-france-devient-le-premier-pays-a-inscrire-l-ivg-dans-sa-constitution\/212731\/"},"author":{"name":"CL","@id":"https:\/\/www.webdo.tn\/fr\/#\/schema\/person\/f35b42a42c5e2511bbd282959d6385cc"},"headline":"La France devient le premier pays \u00e0 inscrire l&rsquo;IVG dans sa Constitution","datePublished":"2024-03-04T19:40:00+00:00","dateModified":"2025-05-20T22:37:30+00:00","mainEntityOfPage":{"@id":"https:\/\/www.webdo.tn\/fr\/actualite\/international\/la-france-devient-le-premier-pays-a-inscrire-l-ivg-dans-sa-constitution\/212731\/"},"wordCount":146,"commentCount":0,"publisher":{"@id":"https:\/\/www.webdo.tn\/fr\/#organization"},"image":{"@id":"https:\/\/www.webdo.tn\/fr\/actualite\/international\/la-france-devient-le-premier-pays-a-inscrire-l-ivg-dans-sa-constitution\/212731\/#primaryimage"},"thumbnailUrl":"https:\/\/www.webdo.tn\/fr\/wp-content\/uploads\/2024\/03\/e1af08eb675361fdf50d52c52b73770d.jpg","keywords":["Constitution","france","IVG"],"articleSection":["International"],"inLanguage":"fr-FR"},{"@type":"WebPage","@id":"https:\/\/www.webdo.tn\/fr\/actualite\/international\/la-france-devient-le-premier-pays-a-inscrire-l-ivg-dans-sa-constitution\/212731\/","url":"https:\/\/www.webdo.tn\/fr\/actualite\/international\/la-france-devient-le-premier-pays-a-inscrire-l-ivg-dans-sa-constitution\/212731\/","name":"La France devient le premier pays \u00e0 inscrire l'IVG dans sa Constitution","isPartOf":{"@id":"https:\/\/www.webdo.tn\/fr\/#website"},"primaryImageOfPage":{"@id":"https:\/\/www.webdo.tn\/fr\/actualite\/international\/la-france-devient-le-premier-pays-a-inscrire-l-ivg-dans-sa-constitution\/212731\/#primaryimage"},"image":{"@id":"https:\/\/www.webdo.tn\/fr\/actualite\/international\/la-france-devient-le-premier-pays-a-inscrire-l-ivg-dans-sa-constitution\/212731\/#primaryimage"},"thumbnailUrl":"https:\/\/www.webdo.tn\/fr\/wp-content\/uploads\/2024\/03\/e1af08eb675361fdf50d52c52b73770d.jpg","datePublished":"2024-03-04T19:40:00+00:00","dateModified":"2025-05-20T22:37:30+00:00","description":"La France devient donc ce lundi le premier pays \u00e0 inscrire explicitement dans sa Constitution l'interruption volontaire de grossesse (IVG).\u00a0","breadcrumb":{"@id":"https:\/\/www.webdo.tn\/fr\/actualite\/international\/la-france-devient-le-premier-pays-a-inscrire-l-ivg-dans-sa-constitution\/212731\/#breadcrumb"},"inLanguage":"fr-FR","potentialAction":[{"@type":"ReadAction","target":["https:\/\/www.webdo.tn\/fr\/actualite\/international\/la-france-devient-le-premier-pays-a-inscrire-l-ivg-dans-sa-constitution\/212731\/"]}]},{"@type":"ImageObject","inLanguage":"fr-FR","@id":"https:\/\/www.webdo.tn\/fr\/actualite\/international\/la-france-devient-le-premier-pays-a-inscrire-l-ivg-dans-sa-constitution\/212731\/#primaryimage","url":"https:\/\/www.webdo.tn\/fr\/wp-content\/uploads\/2024\/03\/e1af08eb675361fdf50d52c52b73770d.jpg","contentUrl":"https:\/\/www.webdo.tn\/fr\/wp-content\/uploads\/2024\/03\/e1af08eb675361fdf50d52c52b73770d.jpg","width":750,"height":400,"caption":"La France devient le premier pays \u00e0 inscrire l'IVG dans sa Constitution"},{"@type":"BreadcrumbList","@id":"https:\/\/www.webdo.tn\/fr\/actualite\/international\/la-france-devient-le-premier-pays-a-inscrire-l-ivg-dans-sa-constitution\/212731\/#breadcrumb","itemListElement":[{"@type":"ListItem","position":1,"name":"Accueil","item":"https:\/\/www.webdo.tn\/fr\/"},{"@type":"ListItem","position":2,"name":"La France devient le premier pays \u00e0 inscrire l&rsquo;IVG dans sa Constitution"}]},{"@type":"WebSite","@id":"https:\/\/www.webdo.tn\/fr\/#website","url":"https:\/\/www.webdo.tn\/fr\/","name":"webdo","description":"Tunisie - News en Tunisie et \u00e0 l&#039;international sur Webdo.tn","publisher":{"@id":"https:\/\/www.webdo.tn\/fr\/#organization"},"potentialAction":[{"@type":"SearchAction","target":{"@type":"EntryPoint","urlTemplate":"https:\/\/www.webdo.tn\/fr\/?s={search_term_string}"},"query-input":{"@type":"PropertyValueSpecification","valueRequired":true,"valueName":"search_term_string"}}],"inLanguage":"fr-FR"},{"@type":"Organization","@id":"https:\/\/www.webdo.tn\/fr\/#organization","name":"Webdo","alternateName":"Webdo.tn","url":"https:\/\/www.webdo.tn\/fr\/","logo":{"@type":"ImageObject","inLanguage":"fr-FR","@id":"https:\/\/www.webdo.tn\/fr\/#\/schema\/logo\/image\/","url":"https:\/\/www.webdo.tn\/fr\/wp-content\/uploads\/2025\/06\/Webdo-Tunisie_168377.jpg","contentUrl":"https:\/\/www.webdo.tn\/fr\/wp-content\/uploads\/2025\/06\/Webdo-Tunisie_168377.jpg","width":301,"height":301,"caption":"Webdo"},"image":{"@id":"https:\/\/www.webdo.tn\/fr\/#\/schema\/logo\/image\/"},"sameAs":["https:\/\/www.facebook.com\/webdotn","https:\/\/x.com\/webdo_tn"],"description":"Webdo est un m\u00e9dia num\u00e9rique tunisien fond\u00e9 en 2010, sp\u00e9cialis\u00e9 dans l\u2019actualit\u00e9 nationale et internationale, l\u2019\u00e9conomie, la soci\u00e9t\u00e9 et les analyses politiques. Le site s\u2019adresse \u00e0 un large public francophone et couvre l\u2019information tunisienne en temps r\u00e9el.","email":"redac@webdo.tn","legalName":"YNJ SARL","foundingDate":"2010-09-06","numberOfEmployees":{"@type":"QuantitativeValue","minValue":"11","maxValue":"50"}},{"@type":"Person","@id":"https:\/\/www.webdo.tn\/fr\/#\/schema\/person\/f35b42a42c5e2511bbd282959d6385cc","name":"CL","image":{"@type":"ImageObject","inLanguage":"fr-FR","@id":"https:\/\/secure.gravatar.com\/avatar\/1447a49909b67aa657c488aec6512e1dd6143a480c1ecfee9b5b5cd74eb3b59e?s=96&d=mm&r=g","url":"https:\/\/secure.gravatar.com\/avatar\/1447a49909b67aa657c488aec6512e1dd6143a480c1ecfee9b5b5cd74eb3b59e?s=96&d=mm&r=g","contentUrl":"https:\/\/secure.gravatar.com\/avatar\/1447a49909b67aa657c488aec6512e1dd6143a480c1ecfee9b5b5cd74eb3b59e?s=96&d=mm&r=g","caption":"CL"},"url":"https:\/\/www.webdo.tn\/fr\/actualite\/author\/cl\/"}]}},"_links":{"self":[{"href":"https:\/\/www.webdo.tn\/fr\/wp-json\/wp\/v2\/posts\/212731","targetHints":{"allow":["GET"]}}],"collection":[{"href":"https:\/\/www.webdo.tn\/fr\/wp-json\/wp\/v2\/posts"}],"about":[{"href":"https:\/\/www.webdo.tn\/fr\/wp-json\/wp\/v2\/types\/post"}],"author":[{"embeddable":true,"href":"https:\/\/www.webdo.tn\/fr\/wp-json\/wp\/v2\/users\/3175"}],"replies":[{"embeddable":true,"href":"https:\/\/www.webdo.tn\/fr\/wp-json\/wp\/v2\/comments?post=212731"}],"version-history":[{"count":0,"href":"https:\/\/www.webdo.tn\/fr\/wp-json\/wp\/v2\/posts\/212731\/revisions"}],"wp:featuredmedia":[{"embeddable":true,"href":"https:\/\/www.webdo.tn\/fr\/wp-json\/wp\/v2\/media\/247860"}],"wp:attachment":[{"href":"https:\/\/www.webdo.tn\/fr\/wp-json\/wp\/v2\/media?parent=212731"}],"wp:term":[{"taxonomy":"category","embeddable":true,"href":"https:\/\/www.webdo.tn\/fr\/wp-json\/wp\/v2\/categories?post=212731"},{"taxonomy":"post_tag","embeddable":true,"href":"https:\/\/www.webdo.tn\/fr\/wp-json\/wp\/v2\/tags?post=212731"}],"curies":[{"name":"wp","href":"https:\/\/api.w.org\/{rel}","templated":true}]}}