{"id":212721,"date":"2024-03-04T13:33:00","date_gmt":"2024-03-04T13:33:00","guid":{"rendered":"https:\/\/www.webdo.tn\/fr\/blog\/gaza-30-534-morts-et-71-920-blesses-depuis-le-7-octobre\/212721\/"},"modified":"2025-05-20T21:52:31","modified_gmt":"2025-05-20T21:52:31","slug":"gaza-30-534-morts-et-71-920-blesses-depuis-le-7-octobre","status":"publish","type":"post","link":"https:\/\/www.webdo.tn\/fr\/actualite\/international\/gaza-30-534-morts-et-71-920-blesses-depuis-le-7-octobre\/212721\/","title":{"rendered":"Gaza : 30.534 morts et 71.920 bless\u00e9s depuis le 7 octobre"},"content":{"rendered":"<p>A Gaza o\u00f9 la situation reste catastrophique, le bilan des victimes continue de s\u2019alourdir de jour en jour. Depuis le 7 octobre 2023, l\u2019arm\u00e9e d\u2019occupation a fait plus de 30.000 martyrs.<\/p>\n<p>\t\t\t\t\t\t\t\t\tLe bilan de l&rsquo;agression, lanc\u00e9e le 7 octobre dernier par l&rsquo;arm\u00e9e d&rsquo;occupation sioniste contre la bande de Gaza, s&rsquo;est encore alourdi. Au 4 mars 2024, il s\u2019\u00e9tablit \u00e0 30.534 martyrs et 71.920 bless\u00e9s, a annonc\u00e9 le minist\u00e8re palestinien de la Sant\u00e9.<\/p>\n<p>Au cours de derni\u00e8res 24 heures, 124 Palestiniens sont tomb\u00e9s en martyrs lors d&rsquo;agressions qui se poursuivent sans interruption.<\/p>\n<p>Les conditions du Hamas rejet\u00e9es<\/p>\n<p>C\u2019est dans ce contexte de si\u00e8ge que les n\u00e9gociations sur une tr\u00eave dans la guerre entre le Hamas et l\u2019entit\u00e9 sioniste, ont repris, ce lundi 4 mars au Caire apr\u00e8s un appel de la vice-pr\u00e9sidente am\u00e9ricaine Kamala Harris \u00e0 un \u00ab\u00a0cessez-le-feu imm\u00e9diat\u00a0\u00bb dans la bande de Gaza menac\u00e9e de famine.<\/p>\n<p>L&rsquo;Egypte, le Qatar et les Etats-Unis, qui font office de m\u00e9diateurs, tentent depuis des semaines d&rsquo;obtenir un accord de tr\u00eave permettant une lib\u00e9ration d&rsquo;otages retenus \u00e0 Gaza en \u00e9change de prisonniers palestiniens.<\/p>\n<p>Si le Hamas exige un retour dans le nord de Gaza des d\u00e9plac\u00e9s, une augmentation de l&rsquo;aide humanitaire, un cessez-le-feu d\u00e9finitif et un retrait militaire isra\u00e9lien de Gaza pour accepter un accord, l\u2019entit\u00e9 sioniste, quant \u00e0 elle, qui ne participe pas aux n\u00e9gociations, rejette ces conditions.<\/p>\n<p>L\u2019ONU met en garde<\/p>\n<p>Dans le m\u00eame temps, le Haut-Commissaire de l&rsquo;ONU aux droits de l&rsquo;homme a exprim\u00e9 sa crainte, aujourd\u2019hui que la guerre \u00e0 Gaza ne conduise \u00ab\u00a0\u00e0 une conflagration beaucoup plus large\u00a0\u00bb, devant le Conseil des droits de l&rsquo;homme \u00e0 Gen\u00e8ve.<\/p>\n<p>\u00ab\u00a0Je suis profond\u00e9ment pr\u00e9occup\u00e9 par le fait que dans cette poudri\u00e8re, toute \u00e9tincelle pourrait conduire \u00e0 une conflagration beaucoup plus large\u00a0\u00bb, a dit Volker T\u00fcrk, ajoutant que \u00ab\u00a0cela aurait des implications pour tous les pays du Moyen-Orient, et pour bien d&rsquo;autres au-del\u00e0\u00a0\u00bb.<\/p>\n<p>Selon l&rsquo;ONU la famine est d\u00e9sormais in\u00e9vitable pour 2,2 millions des 2,4 millions d&rsquo;habitants de Gaza auquel l\u2019entit\u00e9 sioniste imposait d\u00e9j\u00e0 un blocus terrestre a\u00e9rien et maritime depuis la prise du pouvoir par le Hamas en 2007.<\/p>\n","protected":false},"excerpt":{"rendered":"<p>Le bilan de l&rsquo;agression, lanc\u00e9e le 7 octobre dernier par l&rsquo;arm\u00e9e d&rsquo;occupation sioniste contre la bande de Gaza, s&rsquo;est encore alourdi.<\/p>\n","protected":false},"author":3162,"featured_media":247854,"comment_status":"open","ping_status":"closed","sticky":false,"template":"","format":"standard","meta":{"footnotes":""},"categories":[2598],"tags":[5941,2689,3349,4472,3208,3296],"class_list":["post-212721","post","type-post","status-publish","format-standard","has-post-thumbnail","hentry","category-international","tag-bilan","tag-gaza","tag-hamas","tag-martyrs","tag-morts","tag-onu"],"yoast_head":"<!-- This site is optimized with the Yoast SEO Premium plugin v27.5 (Yoast SEO v27.5) - https:\/\/yoast.com\/product\/yoast-seo-premium-wordpress\/ -->\n<title>Gaza : 30.534 morts et 71.920 bless\u00e9s depuis le 7 octobre<\/title>\n<meta name=\"description\" content=\"Le bilan de l&#039;agression, lanc\u00e9e le 7 octobre dernier par l&#039;arm\u00e9e d&#039;occupation sioniste contre la bande de Gaza, s&#039;est encore alourdi.\" \/>\n<link rel=\"canonical\" href=\"https:\/\/www.webdo.tn\/fr\/actualite\/international\/gaza-30-534-morts-et-71-920-blesses-depuis-le-7-octobre\/212721\/\" \/>\n<meta property=\"og:locale\" content=\"fr_FR\" \/>\n<meta property=\"og:type\" content=\"article\" \/>\n<meta property=\"og:title\" content=\"Gaza : 30.534 morts et 71.920 bless\u00e9s depuis le 7 octobre\" \/>\n<meta property=\"og:description\" content=\"Le bilan de l&#039;agression, lanc\u00e9e le 7 octobre dernier par l&#039;arm\u00e9e d&#039;occupation sioniste contre la bande de Gaza, s&#039;est encore alourdi.\" \/>\n<meta property=\"og:url\" content=\"https:\/\/www.webdo.tn\/fr\/actualite\/international\/gaza-30-534-morts-et-71-920-blesses-depuis-le-7-octobre\/212721\/\" \/>\n<meta property=\"og:site_name\" content=\"webdo\" \/>\n<meta property=\"article:publisher\" content=\"https:\/\/www.facebook.com\/webdotn\" \/>\n<meta property=\"article:published_time\" content=\"2024-03-04T13:33:00+00:00\" \/>\n<meta property=\"article:modified_time\" content=\"2025-05-20T21:52:31+00:00\" \/>\n<meta property=\"og:image\" content=\"https:\/\/www.webdo.tn\/fr\/wp-content\/uploads\/2024\/03\/b104cf445901cf308fae40ac57b1b67b.jpg\" \/>\n\t<meta property=\"og:image:width\" content=\"750\" \/>\n\t<meta property=\"og:image:height\" content=\"400\" \/>\n\t<meta property=\"og:image:type\" content=\"image\/jpeg\" \/>\n<meta name=\"author\" content=\"MC\" \/>\n<meta name=\"twitter:card\" content=\"summary_large_image\" \/>\n<meta name=\"twitter:creator\" content=\"@webdo_tn\" \/>\n<meta name=\"twitter:site\" content=\"@webdo_tn\" \/>\n<meta name=\"twitter:label1\" content=\"\u00c9crit par\" \/>\n\t<meta name=\"twitter:data1\" content=\"MC\" \/>\n\t<meta name=\"twitter:label2\" content=\"Dur\u00e9e de lecture estim\u00e9e\" \/>\n\t<meta name=\"twitter:data2\" content=\"2 minutes\" \/>\n<script type=\"application\/ld+json\" class=\"yoast-schema-graph\">{\"@context\":\"https:\\\/\\\/schema.org\",\"@graph\":[{\"@type\":\"NewsArticle\",\"@id\":\"https:\\\/\\\/www.webdo.tn\\\/fr\\\/actualite\\\/international\\\/gaza-30-534-morts-et-71-920-blesses-depuis-le-7-octobre\\\/212721\\\/#article\",\"isPartOf\":{\"@id\":\"https:\\\/\\\/www.webdo.tn\\\/fr\\\/actualite\\\/international\\\/gaza-30-534-morts-et-71-920-blesses-depuis-le-7-octobre\\\/212721\\\/\"},\"author\":{\"name\":\"MC\",\"@id\":\"https:\\\/\\\/www.webdo.tn\\\/fr\\\/#\\\/schema\\\/person\\\/2c4929cbf5a809e3bd38617c6ce150f6\"},\"headline\":\"Gaza : 30.534 morts et 71.920 bless\u00e9s depuis le 7 octobre\",\"datePublished\":\"2024-03-04T13:33:00+00:00\",\"dateModified\":\"2025-05-20T21:52:31+00:00\",\"mainEntityOfPage\":{\"@id\":\"https:\\\/\\\/www.webdo.tn\\\/fr\\\/actualite\\\/international\\\/gaza-30-534-morts-et-71-920-blesses-depuis-le-7-octobre\\\/212721\\\/\"},\"wordCount\":391,\"commentCount\":0,\"publisher\":{\"@id\":\"https:\\\/\\\/www.webdo.tn\\\/fr\\\/#organization\"},\"image\":{\"@id\":\"https:\\\/\\\/www.webdo.tn\\\/fr\\\/actualite\\\/international\\\/gaza-30-534-morts-et-71-920-blesses-depuis-le-7-octobre\\\/212721\\\/#primaryimage\"},\"thumbnailUrl\":\"https:\\\/\\\/www.webdo.tn\\\/fr\\\/wp-content\\\/uploads\\\/2024\\\/03\\\/b104cf445901cf308fae40ac57b1b67b.jpg\",\"keywords\":[\"bilan\",\"Gaza\",\"hamas\",\"Martyrs\",\"morts\",\"ONU\"],\"articleSection\":[\"International\"],\"inLanguage\":\"fr-FR\"},{\"@type\":\"WebPage\",\"@id\":\"https:\\\/\\\/www.webdo.tn\\\/fr\\\/actualite\\\/international\\\/gaza-30-534-morts-et-71-920-blesses-depuis-le-7-octobre\\\/212721\\\/\",\"url\":\"https:\\\/\\\/www.webdo.tn\\\/fr\\\/actualite\\\/international\\\/gaza-30-534-morts-et-71-920-blesses-depuis-le-7-octobre\\\/212721\\\/\",\"name\":\"Gaza : 30.534 morts et 71.920 bless\u00e9s depuis le 7 octobre\",\"isPartOf\":{\"@id\":\"https:\\\/\\\/www.webdo.tn\\\/fr\\\/#website\"},\"primaryImageOfPage\":{\"@id\":\"https:\\\/\\\/www.webdo.tn\\\/fr\\\/actualite\\\/international\\\/gaza-30-534-morts-et-71-920-blesses-depuis-le-7-octobre\\\/212721\\\/#primaryimage\"},\"image\":{\"@id\":\"https:\\\/\\\/www.webdo.tn\\\/fr\\\/actualite\\\/international\\\/gaza-30-534-morts-et-71-920-blesses-depuis-le-7-octobre\\\/212721\\\/#primaryimage\"},\"thumbnailUrl\":\"https:\\\/\\\/www.webdo.tn\\\/fr\\\/wp-content\\\/uploads\\\/2024\\\/03\\\/b104cf445901cf308fae40ac57b1b67b.jpg\",\"datePublished\":\"2024-03-04T13:33:00+00:00\",\"dateModified\":\"2025-05-20T21:52:31+00:00\",\"description\":\"Le bilan de l'agression, lanc\u00e9e le 7 octobre dernier par l'arm\u00e9e d'occupation sioniste contre la bande de Gaza, s'est encore alourdi.\",\"breadcrumb\":{\"@id\":\"https:\\\/\\\/www.webdo.tn\\\/fr\\\/actualite\\\/international\\\/gaza-30-534-morts-et-71-920-blesses-depuis-le-7-octobre\\\/212721\\\/#breadcrumb\"},\"inLanguage\":\"fr-FR\",\"potentialAction\":[{\"@type\":\"ReadAction\",\"target\":[\"https:\\\/\\\/www.webdo.tn\\\/fr\\\/actualite\\\/international\\\/gaza-30-534-morts-et-71-920-blesses-depuis-le-7-octobre\\\/212721\\\/\"]}]},{\"@type\":\"ImageObject\",\"inLanguage\":\"fr-FR\",\"@id\":\"https:\\\/\\\/www.webdo.tn\\\/fr\\\/actualite\\\/international\\\/gaza-30-534-morts-et-71-920-blesses-depuis-le-7-octobre\\\/212721\\\/#primaryimage\",\"url\":\"https:\\\/\\\/www.webdo.tn\\\/fr\\\/wp-content\\\/uploads\\\/2024\\\/03\\\/b104cf445901cf308fae40ac57b1b67b.jpg\",\"contentUrl\":\"https:\\\/\\\/www.webdo.tn\\\/fr\\\/wp-content\\\/uploads\\\/2024\\\/03\\\/b104cf445901cf308fae40ac57b1b67b.jpg\",\"width\":750,\"height\":400,\"caption\":\"Gaza : 30.534 morts et 71.920 bless\u00e9s depuis le 7 octobre\"},{\"@type\":\"BreadcrumbList\",\"@id\":\"https:\\\/\\\/www.webdo.tn\\\/fr\\\/actualite\\\/international\\\/gaza-30-534-morts-et-71-920-blesses-depuis-le-7-octobre\\\/212721\\\/#breadcrumb\",\"itemListElement\":[{\"@type\":\"ListItem\",\"position\":1,\"name\":\"Accueil\",\"item\":\"https:\\\/\\\/www.webdo.tn\\\/fr\\\/\"},{\"@type\":\"ListItem\",\"position\":2,\"name\":\"Gaza : 30.534 morts et 71.920 bless\u00e9s depuis le 7 octobre\"}]},{\"@type\":\"WebSite\",\"@id\":\"https:\\\/\\\/www.webdo.tn\\\/fr\\\/#website\",\"url\":\"https:\\\/\\\/www.webdo.tn\\\/fr\\\/\",\"name\":\"webdo\",\"description\":\"Tunisie - News en Tunisie et \u00e0 l&#039;international sur Webdo.tn\",\"publisher\":{\"@id\":\"https:\\\/\\\/www.webdo.tn\\\/fr\\\/#organization\"},\"potentialAction\":[{\"@type\":\"SearchAction\",\"target\":{\"@type\":\"EntryPoint\",\"urlTemplate\":\"https:\\\/\\\/www.webdo.tn\\\/fr\\\/?s={search_term_string}\"},\"query-input\":{\"@type\":\"PropertyValueSpecification\",\"valueRequired\":true,\"valueName\":\"search_term_string\"}}],\"inLanguage\":\"fr-FR\"},{\"@type\":\"Organization\",\"@id\":\"https:\\\/\\\/www.webdo.tn\\\/fr\\\/#organization\",\"name\":\"Webdo\",\"alternateName\":\"Webdo.tn\",\"url\":\"https:\\\/\\\/www.webdo.tn\\\/fr\\\/\",\"logo\":{\"@type\":\"ImageObject\",\"inLanguage\":\"fr-FR\",\"@id\":\"https:\\\/\\\/www.webdo.tn\\\/fr\\\/#\\\/schema\\\/logo\\\/image\\\/\",\"url\":\"https:\\\/\\\/www.webdo.tn\\\/fr\\\/wp-content\\\/uploads\\\/2025\\\/06\\\/Webdo-Tunisie_168377.jpg\",\"contentUrl\":\"https:\\\/\\\/www.webdo.tn\\\/fr\\\/wp-content\\\/uploads\\\/2025\\\/06\\\/Webdo-Tunisie_168377.jpg\",\"width\":301,\"height\":301,\"caption\":\"Webdo\"},\"image\":{\"@id\":\"https:\\\/\\\/www.webdo.tn\\\/fr\\\/#\\\/schema\\\/logo\\\/image\\\/\"},\"sameAs\":[\"https:\\\/\\\/www.facebook.com\\\/webdotn\",\"https:\\\/\\\/x.com\\\/webdo_tn\"],\"description\":\"Webdo est un m\u00e9dia num\u00e9rique tunisien fond\u00e9 en 2010, sp\u00e9cialis\u00e9 dans l\u2019actualit\u00e9 nationale et internationale, l\u2019\u00e9conomie, la soci\u00e9t\u00e9 et les analyses politiques. Le site s\u2019adresse \u00e0 un large public francophone et couvre l\u2019information tunisienne en temps r\u00e9el.\",\"email\":\"redac@webdo.tn\",\"legalName\":\"YNJ SARL\",\"foundingDate\":\"2010-09-06\",\"numberOfEmployees\":{\"@type\":\"QuantitativeValue\",\"minValue\":\"11\",\"maxValue\":\"50\"}},{\"@type\":\"Person\",\"@id\":\"https:\\\/\\\/www.webdo.tn\\\/fr\\\/#\\\/schema\\\/person\\\/2c4929cbf5a809e3bd38617c6ce150f6\",\"name\":\"MC\",\"image\":{\"@type\":\"ImageObject\",\"inLanguage\":\"fr-FR\",\"@id\":\"https:\\\/\\\/secure.gravatar.com\\\/avatar\\\/a545bbb6f84efdd5553dbbc2895e3ca8f1d12c5215e00a041c9670b54aa9b18a?s=96&d=mm&r=g\",\"url\":\"https:\\\/\\\/secure.gravatar.com\\\/avatar\\\/a545bbb6f84efdd5553dbbc2895e3ca8f1d12c5215e00a041c9670b54aa9b18a?s=96&d=mm&r=g\",\"contentUrl\":\"https:\\\/\\\/secure.gravatar.com\\\/avatar\\\/a545bbb6f84efdd5553dbbc2895e3ca8f1d12c5215e00a041c9670b54aa9b18a?s=96&d=mm&r=g\",\"caption\":\"MC\"},\"url\":\"https:\\\/\\\/www.webdo.tn\\\/fr\\\/actualite\\\/author\\\/mc\\\/\"}]}<\/script>\n<!-- \/ Yoast SEO Premium plugin. -->","yoast_head_json":{"title":"Gaza : 30.534 morts et 71.920 bless\u00e9s depuis le 7 octobre","description":"Le bilan de l'agression, lanc\u00e9e le 7 octobre dernier par l'arm\u00e9e d'occupation sioniste contre la bande de Gaza, s'est encore alourdi.","canonical":"https:\/\/www.webdo.tn\/fr\/actualite\/international\/gaza-30-534-morts-et-71-920-blesses-depuis-le-7-octobre\/212721\/","og_locale":"fr_FR","og_type":"article","og_title":"Gaza : 30.534 morts et 71.920 bless\u00e9s depuis le 7 octobre","og_description":"Le bilan de l'agression, lanc\u00e9e le 7 octobre dernier par l'arm\u00e9e d'occupation sioniste contre la bande de Gaza, s'est encore alourdi.","og_url":"https:\/\/www.webdo.tn\/fr\/actualite\/international\/gaza-30-534-morts-et-71-920-blesses-depuis-le-7-octobre\/212721\/","og_site_name":"webdo","article_publisher":"https:\/\/www.facebook.com\/webdotn","article_published_time":"2024-03-04T13:33:00+00:00","article_modified_time":"2025-05-20T21:52:31+00:00","og_image":[{"width":750,"height":400,"url":"https:\/\/www.webdo.tn\/fr\/wp-content\/uploads\/2024\/03\/b104cf445901cf308fae40ac57b1b67b.jpg","type":"image\/jpeg"}],"author":"MC","twitter_card":"summary_large_image","twitter_creator":"@webdo_tn","twitter_site":"@webdo_tn","twitter_misc":{"\u00c9crit par":"MC","Dur\u00e9e de lecture estim\u00e9e":"2 minutes"},"schema":{"@context":"https:\/\/schema.org","@graph":[{"@type":"NewsArticle","@id":"https:\/\/www.webdo.tn\/fr\/actualite\/international\/gaza-30-534-morts-et-71-920-blesses-depuis-le-7-octobre\/212721\/#article","isPartOf":{"@id":"https:\/\/www.webdo.tn\/fr\/actualite\/international\/gaza-30-534-morts-et-71-920-blesses-depuis-le-7-octobre\/212721\/"},"author":{"name":"MC","@id":"https:\/\/www.webdo.tn\/fr\/#\/schema\/person\/2c4929cbf5a809e3bd38617c6ce150f6"},"headline":"Gaza : 30.534 morts et 71.920 bless\u00e9s depuis le 7 octobre","datePublished":"2024-03-04T13:33:00+00:00","dateModified":"2025-05-20T21:52:31+00:00","mainEntityOfPage":{"@id":"https:\/\/www.webdo.tn\/fr\/actualite\/international\/gaza-30-534-morts-et-71-920-blesses-depuis-le-7-octobre\/212721\/"},"wordCount":391,"commentCount":0,"publisher":{"@id":"https:\/\/www.webdo.tn\/fr\/#organization"},"image":{"@id":"https:\/\/www.webdo.tn\/fr\/actualite\/international\/gaza-30-534-morts-et-71-920-blesses-depuis-le-7-octobre\/212721\/#primaryimage"},"thumbnailUrl":"https:\/\/www.webdo.tn\/fr\/wp-content\/uploads\/2024\/03\/b104cf445901cf308fae40ac57b1b67b.jpg","keywords":["bilan","Gaza","hamas","Martyrs","morts","ONU"],"articleSection":["International"],"inLanguage":"fr-FR"},{"@type":"WebPage","@id":"https:\/\/www.webdo.tn\/fr\/actualite\/international\/gaza-30-534-morts-et-71-920-blesses-depuis-le-7-octobre\/212721\/","url":"https:\/\/www.webdo.tn\/fr\/actualite\/international\/gaza-30-534-morts-et-71-920-blesses-depuis-le-7-octobre\/212721\/","name":"Gaza : 30.534 morts et 71.920 bless\u00e9s depuis le 7 octobre","isPartOf":{"@id":"https:\/\/www.webdo.tn\/fr\/#website"},"primaryImageOfPage":{"@id":"https:\/\/www.webdo.tn\/fr\/actualite\/international\/gaza-30-534-morts-et-71-920-blesses-depuis-le-7-octobre\/212721\/#primaryimage"},"image":{"@id":"https:\/\/www.webdo.tn\/fr\/actualite\/international\/gaza-30-534-morts-et-71-920-blesses-depuis-le-7-octobre\/212721\/#primaryimage"},"thumbnailUrl":"https:\/\/www.webdo.tn\/fr\/wp-content\/uploads\/2024\/03\/b104cf445901cf308fae40ac57b1b67b.jpg","datePublished":"2024-03-04T13:33:00+00:00","dateModified":"2025-05-20T21:52:31+00:00","description":"Le bilan de l'agression, lanc\u00e9e le 7 octobre dernier par l'arm\u00e9e d'occupation sioniste contre la bande de Gaza, s'est encore alourdi.","breadcrumb":{"@id":"https:\/\/www.webdo.tn\/fr\/actualite\/international\/gaza-30-534-morts-et-71-920-blesses-depuis-le-7-octobre\/212721\/#breadcrumb"},"inLanguage":"fr-FR","potentialAction":[{"@type":"ReadAction","target":["https:\/\/www.webdo.tn\/fr\/actualite\/international\/gaza-30-534-morts-et-71-920-blesses-depuis-le-7-octobre\/212721\/"]}]},{"@type":"ImageObject","inLanguage":"fr-FR","@id":"https:\/\/www.webdo.tn\/fr\/actualite\/international\/gaza-30-534-morts-et-71-920-blesses-depuis-le-7-octobre\/212721\/#primaryimage","url":"https:\/\/www.webdo.tn\/fr\/wp-content\/uploads\/2024\/03\/b104cf445901cf308fae40ac57b1b67b.jpg","contentUrl":"https:\/\/www.webdo.tn\/fr\/wp-content\/uploads\/2024\/03\/b104cf445901cf308fae40ac57b1b67b.jpg","width":750,"height":400,"caption":"Gaza : 30.534 morts et 71.920 bless\u00e9s depuis le 7 octobre"},{"@type":"BreadcrumbList","@id":"https:\/\/www.webdo.tn\/fr\/actualite\/international\/gaza-30-534-morts-et-71-920-blesses-depuis-le-7-octobre\/212721\/#breadcrumb","itemListElement":[{"@type":"ListItem","position":1,"name":"Accueil","item":"https:\/\/www.webdo.tn\/fr\/"},{"@type":"ListItem","position":2,"name":"Gaza : 30.534 morts et 71.920 bless\u00e9s depuis le 7 octobre"}]},{"@type":"WebSite","@id":"https:\/\/www.webdo.tn\/fr\/#website","url":"https:\/\/www.webdo.tn\/fr\/","name":"webdo","description":"Tunisie - News en Tunisie et \u00e0 l&#039;international sur Webdo.tn","publisher":{"@id":"https:\/\/www.webdo.tn\/fr\/#organization"},"potentialAction":[{"@type":"SearchAction","target":{"@type":"EntryPoint","urlTemplate":"https:\/\/www.webdo.tn\/fr\/?s={search_term_string}"},"query-input":{"@type":"PropertyValueSpecification","valueRequired":true,"valueName":"search_term_string"}}],"inLanguage":"fr-FR"},{"@type":"Organization","@id":"https:\/\/www.webdo.tn\/fr\/#organization","name":"Webdo","alternateName":"Webdo.tn","url":"https:\/\/www.webdo.tn\/fr\/","logo":{"@type":"ImageObject","inLanguage":"fr-FR","@id":"https:\/\/www.webdo.tn\/fr\/#\/schema\/logo\/image\/","url":"https:\/\/www.webdo.tn\/fr\/wp-content\/uploads\/2025\/06\/Webdo-Tunisie_168377.jpg","contentUrl":"https:\/\/www.webdo.tn\/fr\/wp-content\/uploads\/2025\/06\/Webdo-Tunisie_168377.jpg","width":301,"height":301,"caption":"Webdo"},"image":{"@id":"https:\/\/www.webdo.tn\/fr\/#\/schema\/logo\/image\/"},"sameAs":["https:\/\/www.facebook.com\/webdotn","https:\/\/x.com\/webdo_tn"],"description":"Webdo est un m\u00e9dia num\u00e9rique tunisien fond\u00e9 en 2010, sp\u00e9cialis\u00e9 dans l\u2019actualit\u00e9 nationale et internationale, l\u2019\u00e9conomie, la soci\u00e9t\u00e9 et les analyses politiques. Le site s\u2019adresse \u00e0 un large public francophone et couvre l\u2019information tunisienne en temps r\u00e9el.","email":"redac@webdo.tn","legalName":"YNJ SARL","foundingDate":"2010-09-06","numberOfEmployees":{"@type":"QuantitativeValue","minValue":"11","maxValue":"50"}},{"@type":"Person","@id":"https:\/\/www.webdo.tn\/fr\/#\/schema\/person\/2c4929cbf5a809e3bd38617c6ce150f6","name":"MC","image":{"@type":"ImageObject","inLanguage":"fr-FR","@id":"https:\/\/secure.gravatar.com\/avatar\/a545bbb6f84efdd5553dbbc2895e3ca8f1d12c5215e00a041c9670b54aa9b18a?s=96&d=mm&r=g","url":"https:\/\/secure.gravatar.com\/avatar\/a545bbb6f84efdd5553dbbc2895e3ca8f1d12c5215e00a041c9670b54aa9b18a?s=96&d=mm&r=g","contentUrl":"https:\/\/secure.gravatar.com\/avatar\/a545bbb6f84efdd5553dbbc2895e3ca8f1d12c5215e00a041c9670b54aa9b18a?s=96&d=mm&r=g","caption":"MC"},"url":"https:\/\/www.webdo.tn\/fr\/actualite\/author\/mc\/"}]}},"_links":{"self":[{"href":"https:\/\/www.webdo.tn\/fr\/wp-json\/wp\/v2\/posts\/212721","targetHints":{"allow":["GET"]}}],"collection":[{"href":"https:\/\/www.webdo.tn\/fr\/wp-json\/wp\/v2\/posts"}],"about":[{"href":"https:\/\/www.webdo.tn\/fr\/wp-json\/wp\/v2\/types\/post"}],"author":[{"embeddable":true,"href":"https:\/\/www.webdo.tn\/fr\/wp-json\/wp\/v2\/users\/3162"}],"replies":[{"embeddable":true,"href":"https:\/\/www.webdo.tn\/fr\/wp-json\/wp\/v2\/comments?post=212721"}],"version-history":[{"count":0,"href":"https:\/\/www.webdo.tn\/fr\/wp-json\/wp\/v2\/posts\/212721\/revisions"}],"wp:featuredmedia":[{"embeddable":true,"href":"https:\/\/www.webdo.tn\/fr\/wp-json\/wp\/v2\/media\/247854"}],"wp:attachment":[{"href":"https:\/\/www.webdo.tn\/fr\/wp-json\/wp\/v2\/media?parent=212721"}],"wp:term":[{"taxonomy":"category","embeddable":true,"href":"https:\/\/www.webdo.tn\/fr\/wp-json\/wp\/v2\/categories?post=212721"},{"taxonomy":"post_tag","embeddable":true,"href":"https:\/\/www.webdo.tn\/fr\/wp-json\/wp\/v2\/tags?post=212721"}],"curies":[{"name":"wp","href":"https:\/\/api.w.org\/{rel}","templated":true}]}}