{"id":212719,"date":"2024-03-04T12:24:00","date_gmt":"2024-03-04T12:24:00","guid":{"rendered":"https:\/\/www.webdo.tn\/fr\/blog\/tunisie-italie-signature-d-un-protocole-pour-la-gestion-des-flux-migratoires\/212719\/"},"modified":"2025-05-20T21:52:32","modified_gmt":"2025-05-20T21:52:32","slug":"tunisie-italie-signature-d-un-protocole-pour-la-gestion-des-flux-migratoires","status":"publish","type":"post","link":"https:\/\/www.webdo.tn\/fr\/actualite\/national\/tunisie-italie-signature-d-un-protocole-pour-la-gestion-des-flux-migratoires\/212719\/","title":{"rendered":"Tunisie &#8211; Italie: Signature d\u2019un protocole pour la gestion des flux migratoires"},"content":{"rendered":"<p>La Tunisie et l\u2019Italie vont signer, aujourd\u2019hui, un protocole ouvrant les portes \u00e0 une migration l\u00e9gale et organis\u00e9e entre les deux pays. Dans ce contexte, un protocole ex\u00e9cutif doit \u00eatre sign\u00e9, ce lundi 4 mars 2024 au si\u00e8ge du minist\u00e8re de l&rsquo;Emploi et de la Formation professionnelle.<\/p>\n<p>\t\t\t\t\t\t\t\t\tCe protocole ex\u00e9cutif a trait \u00e0 la gestion des flux migratoires entre la Tunisie et l&rsquo;Italie et \u00e0 l\u2019organisation d&rsquo;une migration l\u00e9gale. Il garantit \u00e9galement les droits des migrants \u00e0 un travail d\u00e9cent et \u00e0 une r\u00e9mun\u00e9ration \u00e9quitable.<\/p>\n<p>La signature de ce protocole intervient dans la lign\u00e9e du m\u00e9morandum d&rsquo;entente sign\u00e9 le 20 octobre 2023 entre le ministre des Affaires \u00e9trang\u00e8res Nabil Ammar et le vice-pr\u00e9sident du Conseil italien Antonio Tajani.<\/p>\n<p>Ce m\u00e9morandum d&rsquo;entente sign\u00e9 entre les parties tunisienne et italienne pr\u00e9voit l&rsquo;attribution de 12.000 permis de s\u00e9jour non saisonniers sur une p\u00e9riode de trois ans pour les travailleurs tunisiens en Italie, avec une allocation annuelle estim\u00e9e \u00e0 quatre mille permis.<\/p>\n<p>Il porte \u00e9galement sur la cr\u00e9ation de nouveaux canaux de migration r\u00e9guli\u00e8re entre les deux pays, l\u2019Italie envisageant d\u2019accueillir des milliers de travailleurs tunisiens dans diff\u00e9rents secteurs d\u2019activit\u00e9s.<\/p>\n","protected":false},"excerpt":{"rendered":"<p>Ce protocole ex\u00e9cutif a trait \u00e0 la gestion des flux migratoires entre la Tunisie et l&rsquo;Italie et \u00e0 l\u2019organisation d&rsquo;une migration l\u00e9gale.<\/p>\n","protected":false},"author":3162,"featured_media":247856,"comment_status":"open","ping_status":"closed","sticky":false,"template":"","format":"standard","meta":{"footnotes":""},"categories":[44],"tags":[2660,2615,6902,2608],"class_list":["post-212719","post","type-post","status-publish","format-standard","has-post-thumbnail","hentry","category-national","tag-italie","tag-migration","tag-protocole-executif","tag-tunisie"],"yoast_head":"<!-- This site is optimized with the Yoast SEO Premium plugin v27.4 (Yoast SEO v27.4) - https:\/\/yoast.com\/product\/yoast-seo-premium-wordpress\/ -->\n<title>Tunisie - Italie: Signature d\u2019un protocole pour la gestion des flux migratoires<\/title>\n<meta name=\"description\" content=\"Ce protocole ex\u00e9cutif a trait \u00e0 la gestion des flux migratoires entre la Tunisie et l&#039;Italie et \u00e0 l\u2019organisation d&#039;une migration l\u00e9gale.\" \/>\n<link rel=\"canonical\" href=\"https:\/\/www.webdo.tn\/fr\/actualite\/national\/tunisie-italie-signature-d-un-protocole-pour-la-gestion-des-flux-migratoires\/212719\/\" \/>\n<meta property=\"og:locale\" content=\"fr_FR\" \/>\n<meta property=\"og:type\" content=\"article\" \/>\n<meta property=\"og:title\" content=\"Tunisie - Italie: Signature d\u2019un protocole pour la gestion des flux migratoires\" \/>\n<meta property=\"og:description\" content=\"Ce protocole ex\u00e9cutif a trait \u00e0 la gestion des flux migratoires entre la Tunisie et l&#039;Italie et \u00e0 l\u2019organisation d&#039;une migration l\u00e9gale.\" \/>\n<meta property=\"og:url\" content=\"https:\/\/www.webdo.tn\/fr\/actualite\/national\/tunisie-italie-signature-d-un-protocole-pour-la-gestion-des-flux-migratoires\/212719\/\" \/>\n<meta property=\"og:site_name\" content=\"webdo\" \/>\n<meta property=\"article:publisher\" content=\"https:\/\/www.facebook.com\/webdotn\" \/>\n<meta property=\"article:published_time\" content=\"2024-03-04T12:24:00+00:00\" \/>\n<meta property=\"article:modified_time\" content=\"2025-05-20T21:52:32+00:00\" \/>\n<meta property=\"og:image\" content=\"https:\/\/www.webdo.tn\/fr\/wp-content\/uploads\/2024\/03\/348690ff77b9676b416d9bafff98850a.jpg\" \/>\n\t<meta property=\"og:image:width\" content=\"750\" \/>\n\t<meta property=\"og:image:height\" content=\"400\" \/>\n\t<meta property=\"og:image:type\" content=\"image\/jpeg\" \/>\n<meta name=\"author\" content=\"MC\" \/>\n<meta name=\"twitter:card\" content=\"summary_large_image\" \/>\n<meta name=\"twitter:creator\" content=\"@webdo_tn\" \/>\n<meta name=\"twitter:site\" content=\"@webdo_tn\" \/>\n<meta name=\"twitter:label1\" content=\"\u00c9crit par\" \/>\n\t<meta name=\"twitter:data1\" content=\"MC\" \/>\n\t<meta name=\"twitter:label2\" content=\"Dur\u00e9e de lecture estim\u00e9e\" \/>\n\t<meta name=\"twitter:data2\" content=\"1 minute\" \/>\n<script type=\"application\/ld+json\" class=\"yoast-schema-graph\">{\"@context\":\"https:\\\/\\\/schema.org\",\"@graph\":[{\"@type\":\"NewsArticle\",\"@id\":\"https:\\\/\\\/www.webdo.tn\\\/fr\\\/actualite\\\/national\\\/tunisie-italie-signature-d-un-protocole-pour-la-gestion-des-flux-migratoires\\\/212719\\\/#article\",\"isPartOf\":{\"@id\":\"https:\\\/\\\/www.webdo.tn\\\/fr\\\/actualite\\\/national\\\/tunisie-italie-signature-d-un-protocole-pour-la-gestion-des-flux-migratoires\\\/212719\\\/\"},\"author\":{\"name\":\"MC\",\"@id\":\"https:\\\/\\\/www.webdo.tn\\\/fr\\\/#\\\/schema\\\/person\\\/2c4929cbf5a809e3bd38617c6ce150f6\"},\"headline\":\"Tunisie &#8211; Italie: Signature d\u2019un protocole pour la gestion des flux migratoires\",\"datePublished\":\"2024-03-04T12:24:00+00:00\",\"dateModified\":\"2025-05-20T21:52:32+00:00\",\"mainEntityOfPage\":{\"@id\":\"https:\\\/\\\/www.webdo.tn\\\/fr\\\/actualite\\\/national\\\/tunisie-italie-signature-d-un-protocole-pour-la-gestion-des-flux-migratoires\\\/212719\\\/\"},\"wordCount\":224,\"commentCount\":0,\"publisher\":{\"@id\":\"https:\\\/\\\/www.webdo.tn\\\/fr\\\/#organization\"},\"image\":{\"@id\":\"https:\\\/\\\/www.webdo.tn\\\/fr\\\/actualite\\\/national\\\/tunisie-italie-signature-d-un-protocole-pour-la-gestion-des-flux-migratoires\\\/212719\\\/#primaryimage\"},\"thumbnailUrl\":\"https:\\\/\\\/www.webdo.tn\\\/fr\\\/wp-content\\\/uploads\\\/2024\\\/03\\\/348690ff77b9676b416d9bafff98850a.jpg\",\"keywords\":[\"Italie\",\"Migration\",\"protocole ex\u00e9cutif\",\"Tunisie\"],\"articleSection\":[\"National\"],\"inLanguage\":\"fr-FR\"},{\"@type\":\"WebPage\",\"@id\":\"https:\\\/\\\/www.webdo.tn\\\/fr\\\/actualite\\\/national\\\/tunisie-italie-signature-d-un-protocole-pour-la-gestion-des-flux-migratoires\\\/212719\\\/\",\"url\":\"https:\\\/\\\/www.webdo.tn\\\/fr\\\/actualite\\\/national\\\/tunisie-italie-signature-d-un-protocole-pour-la-gestion-des-flux-migratoires\\\/212719\\\/\",\"name\":\"Tunisie - Italie: Signature d\u2019un protocole pour la gestion des flux migratoires\",\"isPartOf\":{\"@id\":\"https:\\\/\\\/www.webdo.tn\\\/fr\\\/#website\"},\"primaryImageOfPage\":{\"@id\":\"https:\\\/\\\/www.webdo.tn\\\/fr\\\/actualite\\\/national\\\/tunisie-italie-signature-d-un-protocole-pour-la-gestion-des-flux-migratoires\\\/212719\\\/#primaryimage\"},\"image\":{\"@id\":\"https:\\\/\\\/www.webdo.tn\\\/fr\\\/actualite\\\/national\\\/tunisie-italie-signature-d-un-protocole-pour-la-gestion-des-flux-migratoires\\\/212719\\\/#primaryimage\"},\"thumbnailUrl\":\"https:\\\/\\\/www.webdo.tn\\\/fr\\\/wp-content\\\/uploads\\\/2024\\\/03\\\/348690ff77b9676b416d9bafff98850a.jpg\",\"datePublished\":\"2024-03-04T12:24:00+00:00\",\"dateModified\":\"2025-05-20T21:52:32+00:00\",\"description\":\"Ce protocole ex\u00e9cutif a trait \u00e0 la gestion des flux migratoires entre la Tunisie et l'Italie et \u00e0 l\u2019organisation d'une migration l\u00e9gale.\",\"breadcrumb\":{\"@id\":\"https:\\\/\\\/www.webdo.tn\\\/fr\\\/actualite\\\/national\\\/tunisie-italie-signature-d-un-protocole-pour-la-gestion-des-flux-migratoires\\\/212719\\\/#breadcrumb\"},\"inLanguage\":\"fr-FR\",\"potentialAction\":[{\"@type\":\"ReadAction\",\"target\":[\"https:\\\/\\\/www.webdo.tn\\\/fr\\\/actualite\\\/national\\\/tunisie-italie-signature-d-un-protocole-pour-la-gestion-des-flux-migratoires\\\/212719\\\/\"]}]},{\"@type\":\"ImageObject\",\"inLanguage\":\"fr-FR\",\"@id\":\"https:\\\/\\\/www.webdo.tn\\\/fr\\\/actualite\\\/national\\\/tunisie-italie-signature-d-un-protocole-pour-la-gestion-des-flux-migratoires\\\/212719\\\/#primaryimage\",\"url\":\"https:\\\/\\\/www.webdo.tn\\\/fr\\\/wp-content\\\/uploads\\\/2024\\\/03\\\/348690ff77b9676b416d9bafff98850a.jpg\",\"contentUrl\":\"https:\\\/\\\/www.webdo.tn\\\/fr\\\/wp-content\\\/uploads\\\/2024\\\/03\\\/348690ff77b9676b416d9bafff98850a.jpg\",\"width\":750,\"height\":400,\"caption\":\"Tunisie - Italie: Signature d\u2019un protocole pour la gestion des flux migratoires\"},{\"@type\":\"BreadcrumbList\",\"@id\":\"https:\\\/\\\/www.webdo.tn\\\/fr\\\/actualite\\\/national\\\/tunisie-italie-signature-d-un-protocole-pour-la-gestion-des-flux-migratoires\\\/212719\\\/#breadcrumb\",\"itemListElement\":[{\"@type\":\"ListItem\",\"position\":1,\"name\":\"Accueil\",\"item\":\"https:\\\/\\\/www.webdo.tn\\\/fr\\\/\"},{\"@type\":\"ListItem\",\"position\":2,\"name\":\"Tunisie &#8211; Italie: Signature d\u2019un protocole pour la gestion des flux migratoires\"}]},{\"@type\":\"WebSite\",\"@id\":\"https:\\\/\\\/www.webdo.tn\\\/fr\\\/#website\",\"url\":\"https:\\\/\\\/www.webdo.tn\\\/fr\\\/\",\"name\":\"webdo\",\"description\":\"Tunisie - News en Tunisie et \u00e0 l&#039;international sur Webdo.tn\",\"publisher\":{\"@id\":\"https:\\\/\\\/www.webdo.tn\\\/fr\\\/#organization\"},\"potentialAction\":[{\"@type\":\"SearchAction\",\"target\":{\"@type\":\"EntryPoint\",\"urlTemplate\":\"https:\\\/\\\/www.webdo.tn\\\/fr\\\/?s={search_term_string}\"},\"query-input\":{\"@type\":\"PropertyValueSpecification\",\"valueRequired\":true,\"valueName\":\"search_term_string\"}}],\"inLanguage\":\"fr-FR\"},{\"@type\":\"Organization\",\"@id\":\"https:\\\/\\\/www.webdo.tn\\\/fr\\\/#organization\",\"name\":\"Webdo\",\"alternateName\":\"Webdo.tn\",\"url\":\"https:\\\/\\\/www.webdo.tn\\\/fr\\\/\",\"logo\":{\"@type\":\"ImageObject\",\"inLanguage\":\"fr-FR\",\"@id\":\"https:\\\/\\\/www.webdo.tn\\\/fr\\\/#\\\/schema\\\/logo\\\/image\\\/\",\"url\":\"https:\\\/\\\/www.webdo.tn\\\/fr\\\/wp-content\\\/uploads\\\/2025\\\/06\\\/Webdo-Tunisie_168377.jpg\",\"contentUrl\":\"https:\\\/\\\/www.webdo.tn\\\/fr\\\/wp-content\\\/uploads\\\/2025\\\/06\\\/Webdo-Tunisie_168377.jpg\",\"width\":301,\"height\":301,\"caption\":\"Webdo\"},\"image\":{\"@id\":\"https:\\\/\\\/www.webdo.tn\\\/fr\\\/#\\\/schema\\\/logo\\\/image\\\/\"},\"sameAs\":[\"https:\\\/\\\/www.facebook.com\\\/webdotn\",\"https:\\\/\\\/x.com\\\/webdo_tn\"],\"description\":\"Webdo est un m\u00e9dia num\u00e9rique tunisien fond\u00e9 en 2010, sp\u00e9cialis\u00e9 dans l\u2019actualit\u00e9 nationale et internationale, l\u2019\u00e9conomie, la soci\u00e9t\u00e9 et les analyses politiques. Le site s\u2019adresse \u00e0 un large public francophone et couvre l\u2019information tunisienne en temps r\u00e9el.\",\"email\":\"redac@webdo.tn\",\"legalName\":\"YNJ SARL\",\"foundingDate\":\"2010-09-06\",\"numberOfEmployees\":{\"@type\":\"QuantitativeValue\",\"minValue\":\"11\",\"maxValue\":\"50\"}},{\"@type\":\"Person\",\"@id\":\"https:\\\/\\\/www.webdo.tn\\\/fr\\\/#\\\/schema\\\/person\\\/2c4929cbf5a809e3bd38617c6ce150f6\",\"name\":\"MC\",\"image\":{\"@type\":\"ImageObject\",\"inLanguage\":\"fr-FR\",\"@id\":\"https:\\\/\\\/secure.gravatar.com\\\/avatar\\\/a545bbb6f84efdd5553dbbc2895e3ca8f1d12c5215e00a041c9670b54aa9b18a?s=96&d=mm&r=g\",\"url\":\"https:\\\/\\\/secure.gravatar.com\\\/avatar\\\/a545bbb6f84efdd5553dbbc2895e3ca8f1d12c5215e00a041c9670b54aa9b18a?s=96&d=mm&r=g\",\"contentUrl\":\"https:\\\/\\\/secure.gravatar.com\\\/avatar\\\/a545bbb6f84efdd5553dbbc2895e3ca8f1d12c5215e00a041c9670b54aa9b18a?s=96&d=mm&r=g\",\"caption\":\"MC\"},\"url\":\"https:\\\/\\\/www.webdo.tn\\\/fr\\\/actualite\\\/author\\\/mc\\\/\"}]}<\/script>\n<!-- \/ Yoast SEO Premium plugin. -->","yoast_head_json":{"title":"Tunisie - Italie: Signature d\u2019un protocole pour la gestion des flux migratoires","description":"Ce protocole ex\u00e9cutif a trait \u00e0 la gestion des flux migratoires entre la Tunisie et l'Italie et \u00e0 l\u2019organisation d'une migration l\u00e9gale.","canonical":"https:\/\/www.webdo.tn\/fr\/actualite\/national\/tunisie-italie-signature-d-un-protocole-pour-la-gestion-des-flux-migratoires\/212719\/","og_locale":"fr_FR","og_type":"article","og_title":"Tunisie - Italie: Signature d\u2019un protocole pour la gestion des flux migratoires","og_description":"Ce protocole ex\u00e9cutif a trait \u00e0 la gestion des flux migratoires entre la Tunisie et l'Italie et \u00e0 l\u2019organisation d'une migration l\u00e9gale.","og_url":"https:\/\/www.webdo.tn\/fr\/actualite\/national\/tunisie-italie-signature-d-un-protocole-pour-la-gestion-des-flux-migratoires\/212719\/","og_site_name":"webdo","article_publisher":"https:\/\/www.facebook.com\/webdotn","article_published_time":"2024-03-04T12:24:00+00:00","article_modified_time":"2025-05-20T21:52:32+00:00","og_image":[{"width":750,"height":400,"url":"https:\/\/www.webdo.tn\/fr\/wp-content\/uploads\/2024\/03\/348690ff77b9676b416d9bafff98850a.jpg","type":"image\/jpeg"}],"author":"MC","twitter_card":"summary_large_image","twitter_creator":"@webdo_tn","twitter_site":"@webdo_tn","twitter_misc":{"\u00c9crit par":"MC","Dur\u00e9e de lecture estim\u00e9e":"1 minute"},"schema":{"@context":"https:\/\/schema.org","@graph":[{"@type":"NewsArticle","@id":"https:\/\/www.webdo.tn\/fr\/actualite\/national\/tunisie-italie-signature-d-un-protocole-pour-la-gestion-des-flux-migratoires\/212719\/#article","isPartOf":{"@id":"https:\/\/www.webdo.tn\/fr\/actualite\/national\/tunisie-italie-signature-d-un-protocole-pour-la-gestion-des-flux-migratoires\/212719\/"},"author":{"name":"MC","@id":"https:\/\/www.webdo.tn\/fr\/#\/schema\/person\/2c4929cbf5a809e3bd38617c6ce150f6"},"headline":"Tunisie &#8211; Italie: Signature d\u2019un protocole pour la gestion des flux migratoires","datePublished":"2024-03-04T12:24:00+00:00","dateModified":"2025-05-20T21:52:32+00:00","mainEntityOfPage":{"@id":"https:\/\/www.webdo.tn\/fr\/actualite\/national\/tunisie-italie-signature-d-un-protocole-pour-la-gestion-des-flux-migratoires\/212719\/"},"wordCount":224,"commentCount":0,"publisher":{"@id":"https:\/\/www.webdo.tn\/fr\/#organization"},"image":{"@id":"https:\/\/www.webdo.tn\/fr\/actualite\/national\/tunisie-italie-signature-d-un-protocole-pour-la-gestion-des-flux-migratoires\/212719\/#primaryimage"},"thumbnailUrl":"https:\/\/www.webdo.tn\/fr\/wp-content\/uploads\/2024\/03\/348690ff77b9676b416d9bafff98850a.jpg","keywords":["Italie","Migration","protocole ex\u00e9cutif","Tunisie"],"articleSection":["National"],"inLanguage":"fr-FR"},{"@type":"WebPage","@id":"https:\/\/www.webdo.tn\/fr\/actualite\/national\/tunisie-italie-signature-d-un-protocole-pour-la-gestion-des-flux-migratoires\/212719\/","url":"https:\/\/www.webdo.tn\/fr\/actualite\/national\/tunisie-italie-signature-d-un-protocole-pour-la-gestion-des-flux-migratoires\/212719\/","name":"Tunisie - Italie: Signature d\u2019un protocole pour la gestion des flux migratoires","isPartOf":{"@id":"https:\/\/www.webdo.tn\/fr\/#website"},"primaryImageOfPage":{"@id":"https:\/\/www.webdo.tn\/fr\/actualite\/national\/tunisie-italie-signature-d-un-protocole-pour-la-gestion-des-flux-migratoires\/212719\/#primaryimage"},"image":{"@id":"https:\/\/www.webdo.tn\/fr\/actualite\/national\/tunisie-italie-signature-d-un-protocole-pour-la-gestion-des-flux-migratoires\/212719\/#primaryimage"},"thumbnailUrl":"https:\/\/www.webdo.tn\/fr\/wp-content\/uploads\/2024\/03\/348690ff77b9676b416d9bafff98850a.jpg","datePublished":"2024-03-04T12:24:00+00:00","dateModified":"2025-05-20T21:52:32+00:00","description":"Ce protocole ex\u00e9cutif a trait \u00e0 la gestion des flux migratoires entre la Tunisie et l'Italie et \u00e0 l\u2019organisation d'une migration l\u00e9gale.","breadcrumb":{"@id":"https:\/\/www.webdo.tn\/fr\/actualite\/national\/tunisie-italie-signature-d-un-protocole-pour-la-gestion-des-flux-migratoires\/212719\/#breadcrumb"},"inLanguage":"fr-FR","potentialAction":[{"@type":"ReadAction","target":["https:\/\/www.webdo.tn\/fr\/actualite\/national\/tunisie-italie-signature-d-un-protocole-pour-la-gestion-des-flux-migratoires\/212719\/"]}]},{"@type":"ImageObject","inLanguage":"fr-FR","@id":"https:\/\/www.webdo.tn\/fr\/actualite\/national\/tunisie-italie-signature-d-un-protocole-pour-la-gestion-des-flux-migratoires\/212719\/#primaryimage","url":"https:\/\/www.webdo.tn\/fr\/wp-content\/uploads\/2024\/03\/348690ff77b9676b416d9bafff98850a.jpg","contentUrl":"https:\/\/www.webdo.tn\/fr\/wp-content\/uploads\/2024\/03\/348690ff77b9676b416d9bafff98850a.jpg","width":750,"height":400,"caption":"Tunisie - Italie: Signature d\u2019un protocole pour la gestion des flux migratoires"},{"@type":"BreadcrumbList","@id":"https:\/\/www.webdo.tn\/fr\/actualite\/national\/tunisie-italie-signature-d-un-protocole-pour-la-gestion-des-flux-migratoires\/212719\/#breadcrumb","itemListElement":[{"@type":"ListItem","position":1,"name":"Accueil","item":"https:\/\/www.webdo.tn\/fr\/"},{"@type":"ListItem","position":2,"name":"Tunisie &#8211; Italie: Signature d\u2019un protocole pour la gestion des flux migratoires"}]},{"@type":"WebSite","@id":"https:\/\/www.webdo.tn\/fr\/#website","url":"https:\/\/www.webdo.tn\/fr\/","name":"webdo","description":"Tunisie - News en Tunisie et \u00e0 l&#039;international sur Webdo.tn","publisher":{"@id":"https:\/\/www.webdo.tn\/fr\/#organization"},"potentialAction":[{"@type":"SearchAction","target":{"@type":"EntryPoint","urlTemplate":"https:\/\/www.webdo.tn\/fr\/?s={search_term_string}"},"query-input":{"@type":"PropertyValueSpecification","valueRequired":true,"valueName":"search_term_string"}}],"inLanguage":"fr-FR"},{"@type":"Organization","@id":"https:\/\/www.webdo.tn\/fr\/#organization","name":"Webdo","alternateName":"Webdo.tn","url":"https:\/\/www.webdo.tn\/fr\/","logo":{"@type":"ImageObject","inLanguage":"fr-FR","@id":"https:\/\/www.webdo.tn\/fr\/#\/schema\/logo\/image\/","url":"https:\/\/www.webdo.tn\/fr\/wp-content\/uploads\/2025\/06\/Webdo-Tunisie_168377.jpg","contentUrl":"https:\/\/www.webdo.tn\/fr\/wp-content\/uploads\/2025\/06\/Webdo-Tunisie_168377.jpg","width":301,"height":301,"caption":"Webdo"},"image":{"@id":"https:\/\/www.webdo.tn\/fr\/#\/schema\/logo\/image\/"},"sameAs":["https:\/\/www.facebook.com\/webdotn","https:\/\/x.com\/webdo_tn"],"description":"Webdo est un m\u00e9dia num\u00e9rique tunisien fond\u00e9 en 2010, sp\u00e9cialis\u00e9 dans l\u2019actualit\u00e9 nationale et internationale, l\u2019\u00e9conomie, la soci\u00e9t\u00e9 et les analyses politiques. Le site s\u2019adresse \u00e0 un large public francophone et couvre l\u2019information tunisienne en temps r\u00e9el.","email":"redac@webdo.tn","legalName":"YNJ SARL","foundingDate":"2010-09-06","numberOfEmployees":{"@type":"QuantitativeValue","minValue":"11","maxValue":"50"}},{"@type":"Person","@id":"https:\/\/www.webdo.tn\/fr\/#\/schema\/person\/2c4929cbf5a809e3bd38617c6ce150f6","name":"MC","image":{"@type":"ImageObject","inLanguage":"fr-FR","@id":"https:\/\/secure.gravatar.com\/avatar\/a545bbb6f84efdd5553dbbc2895e3ca8f1d12c5215e00a041c9670b54aa9b18a?s=96&d=mm&r=g","url":"https:\/\/secure.gravatar.com\/avatar\/a545bbb6f84efdd5553dbbc2895e3ca8f1d12c5215e00a041c9670b54aa9b18a?s=96&d=mm&r=g","contentUrl":"https:\/\/secure.gravatar.com\/avatar\/a545bbb6f84efdd5553dbbc2895e3ca8f1d12c5215e00a041c9670b54aa9b18a?s=96&d=mm&r=g","caption":"MC"},"url":"https:\/\/www.webdo.tn\/fr\/actualite\/author\/mc\/"}]}},"_links":{"self":[{"href":"https:\/\/www.webdo.tn\/fr\/wp-json\/wp\/v2\/posts\/212719","targetHints":{"allow":["GET"]}}],"collection":[{"href":"https:\/\/www.webdo.tn\/fr\/wp-json\/wp\/v2\/posts"}],"about":[{"href":"https:\/\/www.webdo.tn\/fr\/wp-json\/wp\/v2\/types\/post"}],"author":[{"embeddable":true,"href":"https:\/\/www.webdo.tn\/fr\/wp-json\/wp\/v2\/users\/3162"}],"replies":[{"embeddable":true,"href":"https:\/\/www.webdo.tn\/fr\/wp-json\/wp\/v2\/comments?post=212719"}],"version-history":[{"count":0,"href":"https:\/\/www.webdo.tn\/fr\/wp-json\/wp\/v2\/posts\/212719\/revisions"}],"wp:featuredmedia":[{"embeddable":true,"href":"https:\/\/www.webdo.tn\/fr\/wp-json\/wp\/v2\/media\/247856"}],"wp:attachment":[{"href":"https:\/\/www.webdo.tn\/fr\/wp-json\/wp\/v2\/media?parent=212719"}],"wp:term":[{"taxonomy":"category","embeddable":true,"href":"https:\/\/www.webdo.tn\/fr\/wp-json\/wp\/v2\/categories?post=212719"},{"taxonomy":"post_tag","embeddable":true,"href":"https:\/\/www.webdo.tn\/fr\/wp-json\/wp\/v2\/tags?post=212719"}],"curies":[{"name":"wp","href":"https:\/\/api.w.org\/{rel}","templated":true}]}}