{"id":212717,"date":"2024-03-04T11:19:00","date_gmt":"2024-03-04T11:19:00","guid":{"rendered":"https:\/\/www.webdo.tn\/fr\/blog\/tunisie-ni-enquete-ni-exclusive\/212717\/"},"modified":"2025-05-20T22:37:28","modified_gmt":"2025-05-20T22:37:28","slug":"tunisie-ni-enquete-ni-exclusive","status":"publish","type":"post","link":"https:\/\/www.webdo.tn\/fr\/actualite\/national\/tunisie-ni-enquete-ni-exclusive\/212717\/","title":{"rendered":"Tunisie : Ni Enqu\u00eate ni Exclusive !"},"content":{"rendered":"<p>Diffus\u00e9 comme pr\u00e9vu, hier dimanche 3 mars, l\u2019\u00e9pisode de l\u2019\u00e9mission de la chaine fran\u00e7aise M6 a laiss\u00e9 les t\u00e9l\u00e9spectateurs sur leur faim, et \u00e7a s\u2019explique, l\u2019\u00e9mission n\u2019a rien apport\u00e9 de nouveau pour illustrer le contexte tunisien.\u00a0<\/p>\n<p>\t\t\t\t\t\t\t\t\tEntre crise \u00e9conomique, crise politique et crise touristique l\u2019\u00e9pisode s\u2019est content\u00e9 de relater de mani\u00e8re superficielle certains \u00e9v\u00e8nements d\u00e9j\u00e0 connu en Tunisie, \u00e0 commencer par la r\u00e9volution de 2011 en arrivant aux \u00e9v\u00e8nements du 25 juillet.<\/p>\n<p>La grande partie de l\u2019enqu\u00eate qui prend plut\u00f4t la forme d\u2019un reportage, s\u2019est pench\u00e9e sur l\u2019emprisonnement de ce qu\u2019on appelle les opposants politiques, notamment, parmi les dirigeants du Front de Salut.<\/p>\n<p>En effet, l\u2019\u00e9pisode a donn\u00e9 la parole aux figures du Front de salut sans contextualiser les faits ni revenir sur les causes profondes des difficult\u00e9s politiques et \u00e9conomique du pays notamment durant la derni\u00e8re d\u00e9cennie.\u00a0<\/p>\n<p>Pourtant, l\u2019activiste Dalila Msadek, s\u0153ur de Jawhar Ben Mbarek a critiqu\u00e9, pour sa part, cette \u00e9mission rappelant que le traitement des actualit\u00e9s en Tunisie \u00e9tait superficiel loin de la profondeur exig\u00e9e.\u00a0<\/p>\n<p>Sur les r\u00e9seaux sociaux, les internautes ont tourn\u00e9 cet \u00e9pisode en d\u00e9rision critiquant son manque de s\u00e9rieux et de professionnalisme, pourtant l\u2019\u00e9mission est connue pour ses r\u00e9v\u00e9lations et ses investigations profondes.\u00a0<\/p>\n<p>Autant rappeler que ce qui a donn\u00e9 de l\u2019ampleur \u00e0 cette \u00e9mission n\u2019est autre que la d\u00e9claration du chef du gouvernement Ahmed Hachani.<\/p>\n<p>En effet, \u00e0 l\u2019issue de son entretien avec le Premier ministre fran\u00e7ais Gabriel Attal, le chef du gouvernement Ahmed Hachani s\u2019est prononc\u00e9 sur l\u2019\u00e9mission en question.<\/p>\n<p>Sans la nommer, Hachani a estim\u00e9 que ce genre d\u2019\u00e9missions \u00ab qui sera diffus\u00e9e dans deux jours \u00bb, nuit aux relations entre la Tunisie et la France et que \u00ab le moment de sa diffusion n\u2019est pas innocent \u00bb.\u00a0<\/p>\n<p>Et de relever \u00ab des forces malveillantes qui ont contribu\u00e9 \u00e0 propager des informations erron\u00e9es pour nuire aux relations entre la Tunisie et la France \u00bb. Malgr\u00e9 ces tentatives de d\u00e9stabilisation, il a insist\u00e9 sur la solidit\u00e9 des liens entre les deux pays.<\/p>\n<p>Intitul\u00e9e \u00ab\u00a0Enqu\u00eate Exclusive : La Tunisie entre mis\u00e8re et dictature, le grand retour en arri\u00e8re\u00a0\u00bb, l\u2019\u00e9mission a promis d\u2019exposer les cons\u00e9quences de la crise \u00e9conomique en Tunisie. \u00a0<\/p>\n<p>\u00ab Treize ans apr\u00e8s le Printemps arabe, apr\u00e8s une d\u00e9cennie d&rsquo;instabilit\u00e9 politique, une vague d&rsquo;attentats terroristes et une crise \u00e9conomique sans pr\u00e9c\u00e9dent, la Tunisie se dirige tout droit vers la dictature. A part une minorit\u00e9 de privil\u00e9gi\u00e9s, la crise \u00e9conomique n&rsquo;\u00e9pargne personne \u00bb, expliquait le lancement de l\u2019\u00e9mission.<\/p>\n","protected":false},"excerpt":{"rendered":"<p>Entre crise \u00e9conomique, crise politique et crise touristique l\u2019\u00e9pisode s\u2019est content\u00e9 de relater de mani\u00e8re superficielle certains \u00e9v\u00e8nements d\u00e9j\u00e0 connu en Tuni&#8230;<\/p>\n","protected":false},"author":3175,"featured_media":247855,"comment_status":"open","ping_status":"closed","sticky":false,"template":"","format":"standard","meta":{"footnotes":""},"categories":[44],"tags":[6901,2998,2943,2608],"class_list":["post-212717","post","type-post","status-publish","format-standard","has-post-thumbnail","hentry","category-national","tag-enquete-exclusive","tag-france","tag-medias","tag-tunisie"],"yoast_head":"<!-- This site is optimized with the Yoast SEO Premium plugin v27.5 (Yoast SEO v27.5) - https:\/\/yoast.com\/product\/yoast-seo-premium-wordpress\/ -->\n<title>Tunisie : Ni Enqu\u00eate ni Exclusive !<\/title>\n<meta name=\"description\" content=\"Entre crise \u00e9conomique, crise politique et crise touristique l\u2019\u00e9pisode s\u2019est content\u00e9 de relater de mani\u00e8re superficielle certains \u00e9v\u00e8nements d\u00e9j\u00e0 connu en Tuni...\" \/>\n<link rel=\"canonical\" href=\"https:\/\/www.webdo.tn\/fr\/actualite\/national\/tunisie-ni-enquete-ni-exclusive\/212717\/\" \/>\n<meta property=\"og:locale\" content=\"fr_FR\" \/>\n<meta property=\"og:type\" content=\"article\" \/>\n<meta property=\"og:title\" content=\"Tunisie : Ni Enqu\u00eate ni Exclusive !\" \/>\n<meta property=\"og:description\" content=\"Entre crise \u00e9conomique, crise politique et crise touristique l\u2019\u00e9pisode s\u2019est content\u00e9 de relater de mani\u00e8re superficielle certains \u00e9v\u00e8nements d\u00e9j\u00e0 connu en Tuni...\" \/>\n<meta property=\"og:url\" content=\"https:\/\/www.webdo.tn\/fr\/actualite\/national\/tunisie-ni-enquete-ni-exclusive\/212717\/\" \/>\n<meta property=\"og:site_name\" content=\"webdo\" \/>\n<meta property=\"article:publisher\" content=\"https:\/\/www.facebook.com\/webdotn\" \/>\n<meta property=\"article:published_time\" content=\"2024-03-04T11:19:00+00:00\" \/>\n<meta property=\"article:modified_time\" content=\"2025-05-20T22:37:28+00:00\" \/>\n<meta property=\"og:image\" content=\"https:\/\/www.webdo.tn\/fr\/wp-content\/uploads\/2024\/03\/d0a9c64d892000bd2e2574654f351355.jpg\" \/>\n\t<meta property=\"og:image:width\" content=\"750\" \/>\n\t<meta property=\"og:image:height\" content=\"400\" \/>\n\t<meta property=\"og:image:type\" content=\"image\/jpeg\" \/>\n<meta name=\"author\" content=\"CL\" \/>\n<meta name=\"twitter:card\" content=\"summary_large_image\" \/>\n<meta name=\"twitter:creator\" content=\"@webdo_tn\" \/>\n<meta name=\"twitter:site\" content=\"@webdo_tn\" \/>\n<meta name=\"twitter:label1\" content=\"\u00c9crit par\" \/>\n\t<meta name=\"twitter:data1\" content=\"CL\" \/>\n\t<meta name=\"twitter:label2\" content=\"Dur\u00e9e de lecture estim\u00e9e\" \/>\n\t<meta name=\"twitter:data2\" content=\"2 minutes\" \/>\n<script type=\"application\/ld+json\" class=\"yoast-schema-graph\">{\"@context\":\"https:\\\/\\\/schema.org\",\"@graph\":[{\"@type\":\"NewsArticle\",\"@id\":\"https:\\\/\\\/www.webdo.tn\\\/fr\\\/actualite\\\/national\\\/tunisie-ni-enquete-ni-exclusive\\\/212717\\\/#article\",\"isPartOf\":{\"@id\":\"https:\\\/\\\/www.webdo.tn\\\/fr\\\/actualite\\\/national\\\/tunisie-ni-enquete-ni-exclusive\\\/212717\\\/\"},\"author\":{\"name\":\"CL\",\"@id\":\"https:\\\/\\\/www.webdo.tn\\\/fr\\\/#\\\/schema\\\/person\\\/f35b42a42c5e2511bbd282959d6385cc\"},\"headline\":\"Tunisie : Ni Enqu\u00eate ni Exclusive !\",\"datePublished\":\"2024-03-04T11:19:00+00:00\",\"dateModified\":\"2025-05-20T22:37:28+00:00\",\"mainEntityOfPage\":{\"@id\":\"https:\\\/\\\/www.webdo.tn\\\/fr\\\/actualite\\\/national\\\/tunisie-ni-enquete-ni-exclusive\\\/212717\\\/\"},\"wordCount\":464,\"commentCount\":0,\"publisher\":{\"@id\":\"https:\\\/\\\/www.webdo.tn\\\/fr\\\/#organization\"},\"image\":{\"@id\":\"https:\\\/\\\/www.webdo.tn\\\/fr\\\/actualite\\\/national\\\/tunisie-ni-enquete-ni-exclusive\\\/212717\\\/#primaryimage\"},\"thumbnailUrl\":\"https:\\\/\\\/www.webdo.tn\\\/fr\\\/wp-content\\\/uploads\\\/2024\\\/03\\\/d0a9c64d892000bd2e2574654f351355.jpg\",\"keywords\":[\"Enqu\u00eate exclusive\",\"france\",\"m\u00e9dias\",\"Tunisie\"],\"articleSection\":[\"National\"],\"inLanguage\":\"fr-FR\"},{\"@type\":\"WebPage\",\"@id\":\"https:\\\/\\\/www.webdo.tn\\\/fr\\\/actualite\\\/national\\\/tunisie-ni-enquete-ni-exclusive\\\/212717\\\/\",\"url\":\"https:\\\/\\\/www.webdo.tn\\\/fr\\\/actualite\\\/national\\\/tunisie-ni-enquete-ni-exclusive\\\/212717\\\/\",\"name\":\"Tunisie : Ni Enqu\u00eate ni Exclusive !\",\"isPartOf\":{\"@id\":\"https:\\\/\\\/www.webdo.tn\\\/fr\\\/#website\"},\"primaryImageOfPage\":{\"@id\":\"https:\\\/\\\/www.webdo.tn\\\/fr\\\/actualite\\\/national\\\/tunisie-ni-enquete-ni-exclusive\\\/212717\\\/#primaryimage\"},\"image\":{\"@id\":\"https:\\\/\\\/www.webdo.tn\\\/fr\\\/actualite\\\/national\\\/tunisie-ni-enquete-ni-exclusive\\\/212717\\\/#primaryimage\"},\"thumbnailUrl\":\"https:\\\/\\\/www.webdo.tn\\\/fr\\\/wp-content\\\/uploads\\\/2024\\\/03\\\/d0a9c64d892000bd2e2574654f351355.jpg\",\"datePublished\":\"2024-03-04T11:19:00+00:00\",\"dateModified\":\"2025-05-20T22:37:28+00:00\",\"description\":\"Entre crise \u00e9conomique, crise politique et crise touristique l\u2019\u00e9pisode s\u2019est content\u00e9 de relater de mani\u00e8re superficielle certains \u00e9v\u00e8nements d\u00e9j\u00e0 connu en Tuni...\",\"breadcrumb\":{\"@id\":\"https:\\\/\\\/www.webdo.tn\\\/fr\\\/actualite\\\/national\\\/tunisie-ni-enquete-ni-exclusive\\\/212717\\\/#breadcrumb\"},\"inLanguage\":\"fr-FR\",\"potentialAction\":[{\"@type\":\"ReadAction\",\"target\":[\"https:\\\/\\\/www.webdo.tn\\\/fr\\\/actualite\\\/national\\\/tunisie-ni-enquete-ni-exclusive\\\/212717\\\/\"]}]},{\"@type\":\"ImageObject\",\"inLanguage\":\"fr-FR\",\"@id\":\"https:\\\/\\\/www.webdo.tn\\\/fr\\\/actualite\\\/national\\\/tunisie-ni-enquete-ni-exclusive\\\/212717\\\/#primaryimage\",\"url\":\"https:\\\/\\\/www.webdo.tn\\\/fr\\\/wp-content\\\/uploads\\\/2024\\\/03\\\/d0a9c64d892000bd2e2574654f351355.jpg\",\"contentUrl\":\"https:\\\/\\\/www.webdo.tn\\\/fr\\\/wp-content\\\/uploads\\\/2024\\\/03\\\/d0a9c64d892000bd2e2574654f351355.jpg\",\"width\":750,\"height\":400,\"caption\":\"Tunisie : Ni Enqu\u00eate ni Exclusive !\"},{\"@type\":\"BreadcrumbList\",\"@id\":\"https:\\\/\\\/www.webdo.tn\\\/fr\\\/actualite\\\/national\\\/tunisie-ni-enquete-ni-exclusive\\\/212717\\\/#breadcrumb\",\"itemListElement\":[{\"@type\":\"ListItem\",\"position\":1,\"name\":\"Accueil\",\"item\":\"https:\\\/\\\/www.webdo.tn\\\/fr\\\/\"},{\"@type\":\"ListItem\",\"position\":2,\"name\":\"Tunisie : Ni Enqu\u00eate ni Exclusive !\"}]},{\"@type\":\"WebSite\",\"@id\":\"https:\\\/\\\/www.webdo.tn\\\/fr\\\/#website\",\"url\":\"https:\\\/\\\/www.webdo.tn\\\/fr\\\/\",\"name\":\"webdo\",\"description\":\"Tunisie - News en Tunisie et \u00e0 l&#039;international sur Webdo.tn\",\"publisher\":{\"@id\":\"https:\\\/\\\/www.webdo.tn\\\/fr\\\/#organization\"},\"potentialAction\":[{\"@type\":\"SearchAction\",\"target\":{\"@type\":\"EntryPoint\",\"urlTemplate\":\"https:\\\/\\\/www.webdo.tn\\\/fr\\\/?s={search_term_string}\"},\"query-input\":{\"@type\":\"PropertyValueSpecification\",\"valueRequired\":true,\"valueName\":\"search_term_string\"}}],\"inLanguage\":\"fr-FR\"},{\"@type\":\"Organization\",\"@id\":\"https:\\\/\\\/www.webdo.tn\\\/fr\\\/#organization\",\"name\":\"Webdo\",\"alternateName\":\"Webdo.tn\",\"url\":\"https:\\\/\\\/www.webdo.tn\\\/fr\\\/\",\"logo\":{\"@type\":\"ImageObject\",\"inLanguage\":\"fr-FR\",\"@id\":\"https:\\\/\\\/www.webdo.tn\\\/fr\\\/#\\\/schema\\\/logo\\\/image\\\/\",\"url\":\"https:\\\/\\\/www.webdo.tn\\\/fr\\\/wp-content\\\/uploads\\\/2025\\\/06\\\/Webdo-Tunisie_168377.jpg\",\"contentUrl\":\"https:\\\/\\\/www.webdo.tn\\\/fr\\\/wp-content\\\/uploads\\\/2025\\\/06\\\/Webdo-Tunisie_168377.jpg\",\"width\":301,\"height\":301,\"caption\":\"Webdo\"},\"image\":{\"@id\":\"https:\\\/\\\/www.webdo.tn\\\/fr\\\/#\\\/schema\\\/logo\\\/image\\\/\"},\"sameAs\":[\"https:\\\/\\\/www.facebook.com\\\/webdotn\",\"https:\\\/\\\/x.com\\\/webdo_tn\"],\"description\":\"Webdo est un m\u00e9dia num\u00e9rique tunisien fond\u00e9 en 2010, sp\u00e9cialis\u00e9 dans l\u2019actualit\u00e9 nationale et internationale, l\u2019\u00e9conomie, la soci\u00e9t\u00e9 et les analyses politiques. Le site s\u2019adresse \u00e0 un large public francophone et couvre l\u2019information tunisienne en temps r\u00e9el.\",\"email\":\"redac@webdo.tn\",\"legalName\":\"YNJ SARL\",\"foundingDate\":\"2010-09-06\",\"numberOfEmployees\":{\"@type\":\"QuantitativeValue\",\"minValue\":\"11\",\"maxValue\":\"50\"}},{\"@type\":\"Person\",\"@id\":\"https:\\\/\\\/www.webdo.tn\\\/fr\\\/#\\\/schema\\\/person\\\/f35b42a42c5e2511bbd282959d6385cc\",\"name\":\"CL\",\"image\":{\"@type\":\"ImageObject\",\"inLanguage\":\"fr-FR\",\"@id\":\"https:\\\/\\\/secure.gravatar.com\\\/avatar\\\/1447a49909b67aa657c488aec6512e1dd6143a480c1ecfee9b5b5cd74eb3b59e?s=96&d=mm&r=g\",\"url\":\"https:\\\/\\\/secure.gravatar.com\\\/avatar\\\/1447a49909b67aa657c488aec6512e1dd6143a480c1ecfee9b5b5cd74eb3b59e?s=96&d=mm&r=g\",\"contentUrl\":\"https:\\\/\\\/secure.gravatar.com\\\/avatar\\\/1447a49909b67aa657c488aec6512e1dd6143a480c1ecfee9b5b5cd74eb3b59e?s=96&d=mm&r=g\",\"caption\":\"CL\"},\"url\":\"https:\\\/\\\/www.webdo.tn\\\/fr\\\/actualite\\\/author\\\/cl\\\/\"}]}<\/script>\n<!-- \/ Yoast SEO Premium plugin. -->","yoast_head_json":{"title":"Tunisie : Ni Enqu\u00eate ni Exclusive !","description":"Entre crise \u00e9conomique, crise politique et crise touristique l\u2019\u00e9pisode s\u2019est content\u00e9 de relater de mani\u00e8re superficielle certains \u00e9v\u00e8nements d\u00e9j\u00e0 connu en Tuni...","canonical":"https:\/\/www.webdo.tn\/fr\/actualite\/national\/tunisie-ni-enquete-ni-exclusive\/212717\/","og_locale":"fr_FR","og_type":"article","og_title":"Tunisie : Ni Enqu\u00eate ni Exclusive !","og_description":"Entre crise \u00e9conomique, crise politique et crise touristique l\u2019\u00e9pisode s\u2019est content\u00e9 de relater de mani\u00e8re superficielle certains \u00e9v\u00e8nements d\u00e9j\u00e0 connu en Tuni...","og_url":"https:\/\/www.webdo.tn\/fr\/actualite\/national\/tunisie-ni-enquete-ni-exclusive\/212717\/","og_site_name":"webdo","article_publisher":"https:\/\/www.facebook.com\/webdotn","article_published_time":"2024-03-04T11:19:00+00:00","article_modified_time":"2025-05-20T22:37:28+00:00","og_image":[{"width":750,"height":400,"url":"https:\/\/www.webdo.tn\/fr\/wp-content\/uploads\/2024\/03\/d0a9c64d892000bd2e2574654f351355.jpg","type":"image\/jpeg"}],"author":"CL","twitter_card":"summary_large_image","twitter_creator":"@webdo_tn","twitter_site":"@webdo_tn","twitter_misc":{"\u00c9crit par":"CL","Dur\u00e9e de lecture estim\u00e9e":"2 minutes"},"schema":{"@context":"https:\/\/schema.org","@graph":[{"@type":"NewsArticle","@id":"https:\/\/www.webdo.tn\/fr\/actualite\/national\/tunisie-ni-enquete-ni-exclusive\/212717\/#article","isPartOf":{"@id":"https:\/\/www.webdo.tn\/fr\/actualite\/national\/tunisie-ni-enquete-ni-exclusive\/212717\/"},"author":{"name":"CL","@id":"https:\/\/www.webdo.tn\/fr\/#\/schema\/person\/f35b42a42c5e2511bbd282959d6385cc"},"headline":"Tunisie : Ni Enqu\u00eate ni Exclusive !","datePublished":"2024-03-04T11:19:00+00:00","dateModified":"2025-05-20T22:37:28+00:00","mainEntityOfPage":{"@id":"https:\/\/www.webdo.tn\/fr\/actualite\/national\/tunisie-ni-enquete-ni-exclusive\/212717\/"},"wordCount":464,"commentCount":0,"publisher":{"@id":"https:\/\/www.webdo.tn\/fr\/#organization"},"image":{"@id":"https:\/\/www.webdo.tn\/fr\/actualite\/national\/tunisie-ni-enquete-ni-exclusive\/212717\/#primaryimage"},"thumbnailUrl":"https:\/\/www.webdo.tn\/fr\/wp-content\/uploads\/2024\/03\/d0a9c64d892000bd2e2574654f351355.jpg","keywords":["Enqu\u00eate exclusive","france","m\u00e9dias","Tunisie"],"articleSection":["National"],"inLanguage":"fr-FR"},{"@type":"WebPage","@id":"https:\/\/www.webdo.tn\/fr\/actualite\/national\/tunisie-ni-enquete-ni-exclusive\/212717\/","url":"https:\/\/www.webdo.tn\/fr\/actualite\/national\/tunisie-ni-enquete-ni-exclusive\/212717\/","name":"Tunisie : Ni Enqu\u00eate ni Exclusive !","isPartOf":{"@id":"https:\/\/www.webdo.tn\/fr\/#website"},"primaryImageOfPage":{"@id":"https:\/\/www.webdo.tn\/fr\/actualite\/national\/tunisie-ni-enquete-ni-exclusive\/212717\/#primaryimage"},"image":{"@id":"https:\/\/www.webdo.tn\/fr\/actualite\/national\/tunisie-ni-enquete-ni-exclusive\/212717\/#primaryimage"},"thumbnailUrl":"https:\/\/www.webdo.tn\/fr\/wp-content\/uploads\/2024\/03\/d0a9c64d892000bd2e2574654f351355.jpg","datePublished":"2024-03-04T11:19:00+00:00","dateModified":"2025-05-20T22:37:28+00:00","description":"Entre crise \u00e9conomique, crise politique et crise touristique l\u2019\u00e9pisode s\u2019est content\u00e9 de relater de mani\u00e8re superficielle certains \u00e9v\u00e8nements d\u00e9j\u00e0 connu en Tuni...","breadcrumb":{"@id":"https:\/\/www.webdo.tn\/fr\/actualite\/national\/tunisie-ni-enquete-ni-exclusive\/212717\/#breadcrumb"},"inLanguage":"fr-FR","potentialAction":[{"@type":"ReadAction","target":["https:\/\/www.webdo.tn\/fr\/actualite\/national\/tunisie-ni-enquete-ni-exclusive\/212717\/"]}]},{"@type":"ImageObject","inLanguage":"fr-FR","@id":"https:\/\/www.webdo.tn\/fr\/actualite\/national\/tunisie-ni-enquete-ni-exclusive\/212717\/#primaryimage","url":"https:\/\/www.webdo.tn\/fr\/wp-content\/uploads\/2024\/03\/d0a9c64d892000bd2e2574654f351355.jpg","contentUrl":"https:\/\/www.webdo.tn\/fr\/wp-content\/uploads\/2024\/03\/d0a9c64d892000bd2e2574654f351355.jpg","width":750,"height":400,"caption":"Tunisie : Ni Enqu\u00eate ni Exclusive !"},{"@type":"BreadcrumbList","@id":"https:\/\/www.webdo.tn\/fr\/actualite\/national\/tunisie-ni-enquete-ni-exclusive\/212717\/#breadcrumb","itemListElement":[{"@type":"ListItem","position":1,"name":"Accueil","item":"https:\/\/www.webdo.tn\/fr\/"},{"@type":"ListItem","position":2,"name":"Tunisie : Ni Enqu\u00eate ni Exclusive !"}]},{"@type":"WebSite","@id":"https:\/\/www.webdo.tn\/fr\/#website","url":"https:\/\/www.webdo.tn\/fr\/","name":"webdo","description":"Tunisie - News en Tunisie et \u00e0 l&#039;international sur Webdo.tn","publisher":{"@id":"https:\/\/www.webdo.tn\/fr\/#organization"},"potentialAction":[{"@type":"SearchAction","target":{"@type":"EntryPoint","urlTemplate":"https:\/\/www.webdo.tn\/fr\/?s={search_term_string}"},"query-input":{"@type":"PropertyValueSpecification","valueRequired":true,"valueName":"search_term_string"}}],"inLanguage":"fr-FR"},{"@type":"Organization","@id":"https:\/\/www.webdo.tn\/fr\/#organization","name":"Webdo","alternateName":"Webdo.tn","url":"https:\/\/www.webdo.tn\/fr\/","logo":{"@type":"ImageObject","inLanguage":"fr-FR","@id":"https:\/\/www.webdo.tn\/fr\/#\/schema\/logo\/image\/","url":"https:\/\/www.webdo.tn\/fr\/wp-content\/uploads\/2025\/06\/Webdo-Tunisie_168377.jpg","contentUrl":"https:\/\/www.webdo.tn\/fr\/wp-content\/uploads\/2025\/06\/Webdo-Tunisie_168377.jpg","width":301,"height":301,"caption":"Webdo"},"image":{"@id":"https:\/\/www.webdo.tn\/fr\/#\/schema\/logo\/image\/"},"sameAs":["https:\/\/www.facebook.com\/webdotn","https:\/\/x.com\/webdo_tn"],"description":"Webdo est un m\u00e9dia num\u00e9rique tunisien fond\u00e9 en 2010, sp\u00e9cialis\u00e9 dans l\u2019actualit\u00e9 nationale et internationale, l\u2019\u00e9conomie, la soci\u00e9t\u00e9 et les analyses politiques. Le site s\u2019adresse \u00e0 un large public francophone et couvre l\u2019information tunisienne en temps r\u00e9el.","email":"redac@webdo.tn","legalName":"YNJ SARL","foundingDate":"2010-09-06","numberOfEmployees":{"@type":"QuantitativeValue","minValue":"11","maxValue":"50"}},{"@type":"Person","@id":"https:\/\/www.webdo.tn\/fr\/#\/schema\/person\/f35b42a42c5e2511bbd282959d6385cc","name":"CL","image":{"@type":"ImageObject","inLanguage":"fr-FR","@id":"https:\/\/secure.gravatar.com\/avatar\/1447a49909b67aa657c488aec6512e1dd6143a480c1ecfee9b5b5cd74eb3b59e?s=96&d=mm&r=g","url":"https:\/\/secure.gravatar.com\/avatar\/1447a49909b67aa657c488aec6512e1dd6143a480c1ecfee9b5b5cd74eb3b59e?s=96&d=mm&r=g","contentUrl":"https:\/\/secure.gravatar.com\/avatar\/1447a49909b67aa657c488aec6512e1dd6143a480c1ecfee9b5b5cd74eb3b59e?s=96&d=mm&r=g","caption":"CL"},"url":"https:\/\/www.webdo.tn\/fr\/actualite\/author\/cl\/"}]}},"_links":{"self":[{"href":"https:\/\/www.webdo.tn\/fr\/wp-json\/wp\/v2\/posts\/212717","targetHints":{"allow":["GET"]}}],"collection":[{"href":"https:\/\/www.webdo.tn\/fr\/wp-json\/wp\/v2\/posts"}],"about":[{"href":"https:\/\/www.webdo.tn\/fr\/wp-json\/wp\/v2\/types\/post"}],"author":[{"embeddable":true,"href":"https:\/\/www.webdo.tn\/fr\/wp-json\/wp\/v2\/users\/3175"}],"replies":[{"embeddable":true,"href":"https:\/\/www.webdo.tn\/fr\/wp-json\/wp\/v2\/comments?post=212717"}],"version-history":[{"count":0,"href":"https:\/\/www.webdo.tn\/fr\/wp-json\/wp\/v2\/posts\/212717\/revisions"}],"wp:featuredmedia":[{"embeddable":true,"href":"https:\/\/www.webdo.tn\/fr\/wp-json\/wp\/v2\/media\/247855"}],"wp:attachment":[{"href":"https:\/\/www.webdo.tn\/fr\/wp-json\/wp\/v2\/media?parent=212717"}],"wp:term":[{"taxonomy":"category","embeddable":true,"href":"https:\/\/www.webdo.tn\/fr\/wp-json\/wp\/v2\/categories?post=212717"},{"taxonomy":"post_tag","embeddable":true,"href":"https:\/\/www.webdo.tn\/fr\/wp-json\/wp\/v2\/tags?post=212717"}],"curies":[{"name":"wp","href":"https:\/\/api.w.org\/{rel}","templated":true}]}}