{"id":212710,"date":"2024-03-03T22:05:00","date_gmt":"2024-03-03T22:05:00","guid":{"rendered":"https:\/\/www.webdo.tn\/fr\/blog\/le-club-africain-elimine-de-la-coupe-de-la-confederation\/212710\/"},"modified":"2025-05-20T21:52:30","modified_gmt":"2025-05-20T21:52:30","slug":"le-club-africain-elimine-de-la-coupe-de-la-confederation","status":"publish","type":"post","link":"https:\/\/www.webdo.tn\/fr\/actualite\/sport\/le-club-africain-elimine-de-la-coupe-de-la-confederation\/212710\/","title":{"rendered":"Le Club Africain \u00e9limin\u00e9 de la Coupe de la Conf\u00e9d\u00e9ration"},"content":{"rendered":"<p>Le Club Africain a \u00e9t\u00e9 \u00e9limin\u00e9 de la Coupe de la Conf\u00e9d\u00e9ration apr\u00e8s son match nul 1-1 face \u00e0 l\u2019\u00e9quipe angolaise de l\u2019Academica Lobito, ce dimanche 3 mars 2024, au Stade Hamadi Agrebi de Rades, dans un match comptant pour la 6\u00e8me et derni\u00e8re journ\u00e9e de la phase des poules de la Coupe de la Conf\u00e9d\u00e9ration.<\/p>\n<p>\t\t\t\t\t\t\t\t\tLe Club Africain n\u2019avait qu\u2019une option en t\u00eate, cet apr\u00e8s-midi en affrontant les Angolais d\u2019Academica Lobito dans le cadre de la derni\u00e8re journ\u00e9e de la phase des poules de la Coupe de la Conf\u00e9d\u00e9ration, \u00e0 savoir la victoire afin de composter son billet pour les quarts de finale.<\/p>\n<p>L\u2019entame du CA comme sa premi\u00e8re mi-temps, ont \u00e9t\u00e9 en demi-teinte face \u00e0 une \u00e9quipe adverse regroup\u00e9e en d\u00e9fense. La premi\u00e8re action est \u00e0 mettre \u00e0 l\u2019actif de Hamdi Laabidi, mais son tir passe \u00e0 c\u00f4t\u00e9 du poteau (1\u2019). Puis c\u2019est au tour de Kingsley Eduwo de tenter sa chance, mais sa frappe est repouss\u00e9e par le gardien adverse sur Ghaith Zaalouni, qui tire au-dessus de la transversale (20\u2019). A la 31\u2019, un tir de Bassem Srarfi, est repouss\u00e9 par le portier.<\/p>\n<p>Mais malgr\u00e9 une domination totale, le CA ne parvient pas \u00e0 faire plier son adversaire, \u00e9prouvant beaucoup de difficult\u00e9s \u00e0 s\u2019infiltrer au sein d\u2019une d\u00e9fense angolaise compacte. Une premi\u00e8re mi-temps en demi-teinte pour les Clubistes !<\/p>\n<p>En seconde mi-temps, l\u2019entra\u00eeneur Mondher Kebaier d\u00e9cide d\u2019effectuer des ajustements en incorporant Wissem Ben Yahia \u00e0 la place de Hamdi Laabidi.<\/p>\n<p>A la 52\u2019, Ahmed Khalil rate le coche en ne parvenant pas \u00e0 reprendre la tentative de la t\u00eate de Skander Laabidi, qui est pass\u00e9e de peu \u00e0 c\u00f4t\u00e9 du poteau angolais.<\/p>\n<p>A la 58\u2019, c\u2019est la d\u00e9livrance, lorsque Kingsley Eduwo ouvre la marque en faveur des Clubistes. Bassem Srarfi, sur le c\u00f4t\u00e9 droit, remet \u00e0 Wissem Ben Yahia dans l\u2019axe qui sert imm\u00e9diatement Kingsley Eduwo, pr\u00e9sent au point de penalty. Celui-ci amortit de la poitrine avant d\u2019effectuer un incroyable retourn\u00e9 acrobatique synonyme de but. Une r\u00e9alisation de toute beaut\u00e9 !<\/p>\n<p>Apr\u00e8s ce but, le CA poursuit son pressing avec l\u2019objectif de corser l\u2019addition afin de se mettre \u00e0 l\u2019abri, mais \u00e0 la surprise g\u00e9n\u00e9rale, Academica Lobito va \u00e9galiser \u00e0 la 78\u2019.<\/p>\n<p>La fin de match est tendue m\u00eame si les co\u00e9quipiers de Zouhaier Dhaouadi, incorpor\u00e9 en cours de jeu, auraient pu reprendre l\u2019avantage \u00e0 la 85\u2019, mais la frappe de Kingsley Eduwo est arr\u00eat\u00e9\u00e9 sur la ligne de but.<\/p>\n<p>Apr\u00e8s ce match nul, le Club Africain quite la comp\u00e9tition par la petite porte apr\u00e8s la victoire de Rivers United sur Dreams 2-1 dans l&rsquo;autre match du groupe C. Une victoire qui r\u00e9l\u00e8gue le CA \u00e0 la 3\u00e8me place.<\/p>\n<p>R\u00e9sultats<\/p>\n<p>\tClub Africain &#8211; Academica Lobito 1-1<br \/>\n\tRivers United FC &#8211; Dreams FC 2-1<\/p>\n<p>Classement<\/p>\n<p>\tDreams FC 12 points (+4)<br \/>\n\tRivers United FC 12 points (+2)<br \/>\n\tClub Africain 10 points (+5)<br \/>\n\tAcademica Lobito 1 point (-11)<\/p>\n","protected":false},"excerpt":{"rendered":"<p>Le Club Africain est \u00e9limin\u00e9 de la Coupe de la Conf\u00e9d\u00e9ration.<\/p>\n","protected":false},"author":3162,"featured_media":247849,"comment_status":"open","ping_status":"closed","sticky":false,"template":"","format":"standard","meta":{"footnotes":""},"categories":[2593],"tags":[3135,3101,4742],"class_list":["post-212710","post","type-post","status-publish","format-standard","has-post-thumbnail","hentry","category-sport","tag-caf","tag-club-africain","tag-coupe-de-la-confederation"],"yoast_head":"<!-- This site is optimized with the Yoast SEO Premium plugin v27.4 (Yoast SEO v27.5) - https:\/\/yoast.com\/product\/yoast-seo-premium-wordpress\/ -->\n<title>Le Club Africain \u00e9limin\u00e9 de la Coupe de la Conf\u00e9d\u00e9ration<\/title>\n<meta name=\"description\" content=\"Le Club Africain est \u00e9limin\u00e9 de la Coupe de la Conf\u00e9d\u00e9ration.\" \/>\n<link rel=\"canonical\" href=\"https:\/\/www.webdo.tn\/fr\/actualite\/sport\/le-club-africain-elimine-de-la-coupe-de-la-confederation\/212710\/\" \/>\n<meta property=\"og:locale\" content=\"fr_FR\" \/>\n<meta property=\"og:type\" content=\"article\" \/>\n<meta property=\"og:title\" content=\"Le Club Africain \u00e9limin\u00e9 de la Coupe de la Conf\u00e9d\u00e9ration\" \/>\n<meta property=\"og:description\" content=\"Le Club Africain est \u00e9limin\u00e9 de la Coupe de la Conf\u00e9d\u00e9ration.\" \/>\n<meta property=\"og:url\" content=\"https:\/\/www.webdo.tn\/fr\/actualite\/sport\/le-club-africain-elimine-de-la-coupe-de-la-confederation\/212710\/\" \/>\n<meta property=\"og:site_name\" content=\"webdo\" \/>\n<meta property=\"article:publisher\" content=\"https:\/\/www.facebook.com\/webdotn\" \/>\n<meta property=\"article:published_time\" content=\"2024-03-03T22:05:00+00:00\" \/>\n<meta property=\"article:modified_time\" content=\"2025-05-20T21:52:30+00:00\" \/>\n<meta property=\"og:image\" content=\"https:\/\/www.webdo.tn\/fr\/wp-content\/uploads\/2024\/03\/df32fac996478ee23c18f0f562aa7a19.jpg\" \/>\n\t<meta property=\"og:image:width\" content=\"750\" \/>\n\t<meta property=\"og:image:height\" content=\"400\" \/>\n\t<meta property=\"og:image:type\" content=\"image\/jpeg\" \/>\n<meta name=\"author\" content=\"MC\" \/>\n<meta name=\"twitter:card\" content=\"summary_large_image\" \/>\n<meta name=\"twitter:creator\" content=\"@webdo_tn\" \/>\n<meta name=\"twitter:site\" content=\"@webdo_tn\" \/>\n<meta name=\"twitter:label1\" content=\"\u00c9crit par\" \/>\n\t<meta name=\"twitter:data1\" content=\"MC\" \/>\n\t<meta name=\"twitter:label2\" content=\"Dur\u00e9e de lecture estim\u00e9e\" \/>\n\t<meta name=\"twitter:data2\" content=\"3 minutes\" \/>\n<script type=\"application\/ld+json\" class=\"yoast-schema-graph\">{\"@context\":\"https:\\\/\\\/schema.org\",\"@graph\":[{\"@type\":\"NewsArticle\",\"@id\":\"https:\\\/\\\/www.webdo.tn\\\/fr\\\/actualite\\\/sport\\\/le-club-africain-elimine-de-la-coupe-de-la-confederation\\\/212710\\\/#article\",\"isPartOf\":{\"@id\":\"https:\\\/\\\/www.webdo.tn\\\/fr\\\/actualite\\\/sport\\\/le-club-africain-elimine-de-la-coupe-de-la-confederation\\\/212710\\\/\"},\"author\":{\"name\":\"MC\",\"@id\":\"https:\\\/\\\/www.webdo.tn\\\/fr\\\/#\\\/schema\\\/person\\\/2c4929cbf5a809e3bd38617c6ce150f6\"},\"headline\":\"Le Club Africain \u00e9limin\u00e9 de la Coupe de la Conf\u00e9d\u00e9ration\",\"datePublished\":\"2024-03-03T22:05:00+00:00\",\"dateModified\":\"2025-05-20T21:52:30+00:00\",\"mainEntityOfPage\":{\"@id\":\"https:\\\/\\\/www.webdo.tn\\\/fr\\\/actualite\\\/sport\\\/le-club-africain-elimine-de-la-coupe-de-la-confederation\\\/212710\\\/\"},\"wordCount\":519,\"commentCount\":0,\"publisher\":{\"@id\":\"https:\\\/\\\/www.webdo.tn\\\/fr\\\/#organization\"},\"image\":{\"@id\":\"https:\\\/\\\/www.webdo.tn\\\/fr\\\/actualite\\\/sport\\\/le-club-africain-elimine-de-la-coupe-de-la-confederation\\\/212710\\\/#primaryimage\"},\"thumbnailUrl\":\"https:\\\/\\\/www.webdo.tn\\\/fr\\\/wp-content\\\/uploads\\\/2024\\\/03\\\/df32fac996478ee23c18f0f562aa7a19.jpg\",\"keywords\":[\"CAF\",\"Club Africain\",\"coupe de la conf\u00e9d\u00e9ration\"],\"articleSection\":[\"Sport\"],\"inLanguage\":\"fr-FR\"},{\"@type\":\"WebPage\",\"@id\":\"https:\\\/\\\/www.webdo.tn\\\/fr\\\/actualite\\\/sport\\\/le-club-africain-elimine-de-la-coupe-de-la-confederation\\\/212710\\\/\",\"url\":\"https:\\\/\\\/www.webdo.tn\\\/fr\\\/actualite\\\/sport\\\/le-club-africain-elimine-de-la-coupe-de-la-confederation\\\/212710\\\/\",\"name\":\"Le Club Africain \u00e9limin\u00e9 de la Coupe de la Conf\u00e9d\u00e9ration\",\"isPartOf\":{\"@id\":\"https:\\\/\\\/www.webdo.tn\\\/fr\\\/#website\"},\"primaryImageOfPage\":{\"@id\":\"https:\\\/\\\/www.webdo.tn\\\/fr\\\/actualite\\\/sport\\\/le-club-africain-elimine-de-la-coupe-de-la-confederation\\\/212710\\\/#primaryimage\"},\"image\":{\"@id\":\"https:\\\/\\\/www.webdo.tn\\\/fr\\\/actualite\\\/sport\\\/le-club-africain-elimine-de-la-coupe-de-la-confederation\\\/212710\\\/#primaryimage\"},\"thumbnailUrl\":\"https:\\\/\\\/www.webdo.tn\\\/fr\\\/wp-content\\\/uploads\\\/2024\\\/03\\\/df32fac996478ee23c18f0f562aa7a19.jpg\",\"datePublished\":\"2024-03-03T22:05:00+00:00\",\"dateModified\":\"2025-05-20T21:52:30+00:00\",\"description\":\"Le Club Africain est \u00e9limin\u00e9 de la Coupe de la Conf\u00e9d\u00e9ration.\",\"breadcrumb\":{\"@id\":\"https:\\\/\\\/www.webdo.tn\\\/fr\\\/actualite\\\/sport\\\/le-club-africain-elimine-de-la-coupe-de-la-confederation\\\/212710\\\/#breadcrumb\"},\"inLanguage\":\"fr-FR\",\"potentialAction\":[{\"@type\":\"ReadAction\",\"target\":[\"https:\\\/\\\/www.webdo.tn\\\/fr\\\/actualite\\\/sport\\\/le-club-africain-elimine-de-la-coupe-de-la-confederation\\\/212710\\\/\"]}]},{\"@type\":\"ImageObject\",\"inLanguage\":\"fr-FR\",\"@id\":\"https:\\\/\\\/www.webdo.tn\\\/fr\\\/actualite\\\/sport\\\/le-club-africain-elimine-de-la-coupe-de-la-confederation\\\/212710\\\/#primaryimage\",\"url\":\"https:\\\/\\\/www.webdo.tn\\\/fr\\\/wp-content\\\/uploads\\\/2024\\\/03\\\/df32fac996478ee23c18f0f562aa7a19.jpg\",\"contentUrl\":\"https:\\\/\\\/www.webdo.tn\\\/fr\\\/wp-content\\\/uploads\\\/2024\\\/03\\\/df32fac996478ee23c18f0f562aa7a19.jpg\",\"width\":750,\"height\":400,\"caption\":\"Le Club Africain \u00e9limin\u00e9 de la Coupe de la Conf\u00e9d\u00e9ration\"},{\"@type\":\"BreadcrumbList\",\"@id\":\"https:\\\/\\\/www.webdo.tn\\\/fr\\\/actualite\\\/sport\\\/le-club-africain-elimine-de-la-coupe-de-la-confederation\\\/212710\\\/#breadcrumb\",\"itemListElement\":[{\"@type\":\"ListItem\",\"position\":1,\"name\":\"Accueil\",\"item\":\"https:\\\/\\\/www.webdo.tn\\\/fr\\\/\"},{\"@type\":\"ListItem\",\"position\":2,\"name\":\"Le Club Africain \u00e9limin\u00e9 de la Coupe de la Conf\u00e9d\u00e9ration\"}]},{\"@type\":\"WebSite\",\"@id\":\"https:\\\/\\\/www.webdo.tn\\\/fr\\\/#website\",\"url\":\"https:\\\/\\\/www.webdo.tn\\\/fr\\\/\",\"name\":\"webdo\",\"description\":\"Tunisie - News en Tunisie et \u00e0 l&#039;international sur Webdo.tn\",\"publisher\":{\"@id\":\"https:\\\/\\\/www.webdo.tn\\\/fr\\\/#organization\"},\"potentialAction\":[{\"@type\":\"SearchAction\",\"target\":{\"@type\":\"EntryPoint\",\"urlTemplate\":\"https:\\\/\\\/www.webdo.tn\\\/fr\\\/?s={search_term_string}\"},\"query-input\":{\"@type\":\"PropertyValueSpecification\",\"valueRequired\":true,\"valueName\":\"search_term_string\"}}],\"inLanguage\":\"fr-FR\"},{\"@type\":\"Organization\",\"@id\":\"https:\\\/\\\/www.webdo.tn\\\/fr\\\/#organization\",\"name\":\"Webdo\",\"alternateName\":\"Webdo.tn\",\"url\":\"https:\\\/\\\/www.webdo.tn\\\/fr\\\/\",\"logo\":{\"@type\":\"ImageObject\",\"inLanguage\":\"fr-FR\",\"@id\":\"https:\\\/\\\/www.webdo.tn\\\/fr\\\/#\\\/schema\\\/logo\\\/image\\\/\",\"url\":\"https:\\\/\\\/www.webdo.tn\\\/fr\\\/wp-content\\\/uploads\\\/2025\\\/06\\\/Webdo-Tunisie_168377.jpg\",\"contentUrl\":\"https:\\\/\\\/www.webdo.tn\\\/fr\\\/wp-content\\\/uploads\\\/2025\\\/06\\\/Webdo-Tunisie_168377.jpg\",\"width\":301,\"height\":301,\"caption\":\"Webdo\"},\"image\":{\"@id\":\"https:\\\/\\\/www.webdo.tn\\\/fr\\\/#\\\/schema\\\/logo\\\/image\\\/\"},\"sameAs\":[\"https:\\\/\\\/www.facebook.com\\\/webdotn\",\"https:\\\/\\\/x.com\\\/webdo_tn\"],\"description\":\"Webdo est un m\u00e9dia num\u00e9rique tunisien fond\u00e9 en 2010, sp\u00e9cialis\u00e9 dans l\u2019actualit\u00e9 nationale et internationale, l\u2019\u00e9conomie, la soci\u00e9t\u00e9 et les analyses politiques. Le site s\u2019adresse \u00e0 un large public francophone et couvre l\u2019information tunisienne en temps r\u00e9el.\",\"email\":\"redac@webdo.tn\",\"legalName\":\"YNJ SARL\",\"foundingDate\":\"2010-09-06\",\"numberOfEmployees\":{\"@type\":\"QuantitativeValue\",\"minValue\":\"11\",\"maxValue\":\"50\"}},{\"@type\":\"Person\",\"@id\":\"https:\\\/\\\/www.webdo.tn\\\/fr\\\/#\\\/schema\\\/person\\\/2c4929cbf5a809e3bd38617c6ce150f6\",\"name\":\"MC\",\"image\":{\"@type\":\"ImageObject\",\"inLanguage\":\"fr-FR\",\"@id\":\"https:\\\/\\\/secure.gravatar.com\\\/avatar\\\/a545bbb6f84efdd5553dbbc2895e3ca8f1d12c5215e00a041c9670b54aa9b18a?s=96&d=mm&r=g\",\"url\":\"https:\\\/\\\/secure.gravatar.com\\\/avatar\\\/a545bbb6f84efdd5553dbbc2895e3ca8f1d12c5215e00a041c9670b54aa9b18a?s=96&d=mm&r=g\",\"contentUrl\":\"https:\\\/\\\/secure.gravatar.com\\\/avatar\\\/a545bbb6f84efdd5553dbbc2895e3ca8f1d12c5215e00a041c9670b54aa9b18a?s=96&d=mm&r=g\",\"caption\":\"MC\"},\"url\":\"https:\\\/\\\/www.webdo.tn\\\/fr\\\/actualite\\\/author\\\/mc\\\/\"}]}<\/script>\n<!-- \/ Yoast SEO Premium plugin. -->","yoast_head_json":{"title":"Le Club Africain \u00e9limin\u00e9 de la Coupe de la Conf\u00e9d\u00e9ration","description":"Le Club Africain est \u00e9limin\u00e9 de la Coupe de la Conf\u00e9d\u00e9ration.","canonical":"https:\/\/www.webdo.tn\/fr\/actualite\/sport\/le-club-africain-elimine-de-la-coupe-de-la-confederation\/212710\/","og_locale":"fr_FR","og_type":"article","og_title":"Le Club Africain \u00e9limin\u00e9 de la Coupe de la Conf\u00e9d\u00e9ration","og_description":"Le Club Africain est \u00e9limin\u00e9 de la Coupe de la Conf\u00e9d\u00e9ration.","og_url":"https:\/\/www.webdo.tn\/fr\/actualite\/sport\/le-club-africain-elimine-de-la-coupe-de-la-confederation\/212710\/","og_site_name":"webdo","article_publisher":"https:\/\/www.facebook.com\/webdotn","article_published_time":"2024-03-03T22:05:00+00:00","article_modified_time":"2025-05-20T21:52:30+00:00","og_image":[{"width":750,"height":400,"url":"https:\/\/www.webdo.tn\/fr\/wp-content\/uploads\/2024\/03\/df32fac996478ee23c18f0f562aa7a19.jpg","type":"image\/jpeg"}],"author":"MC","twitter_card":"summary_large_image","twitter_creator":"@webdo_tn","twitter_site":"@webdo_tn","twitter_misc":{"\u00c9crit par":"MC","Dur\u00e9e de lecture estim\u00e9e":"3 minutes"},"schema":{"@context":"https:\/\/schema.org","@graph":[{"@type":"NewsArticle","@id":"https:\/\/www.webdo.tn\/fr\/actualite\/sport\/le-club-africain-elimine-de-la-coupe-de-la-confederation\/212710\/#article","isPartOf":{"@id":"https:\/\/www.webdo.tn\/fr\/actualite\/sport\/le-club-africain-elimine-de-la-coupe-de-la-confederation\/212710\/"},"author":{"name":"MC","@id":"https:\/\/www.webdo.tn\/fr\/#\/schema\/person\/2c4929cbf5a809e3bd38617c6ce150f6"},"headline":"Le Club Africain \u00e9limin\u00e9 de la Coupe de la Conf\u00e9d\u00e9ration","datePublished":"2024-03-03T22:05:00+00:00","dateModified":"2025-05-20T21:52:30+00:00","mainEntityOfPage":{"@id":"https:\/\/www.webdo.tn\/fr\/actualite\/sport\/le-club-africain-elimine-de-la-coupe-de-la-confederation\/212710\/"},"wordCount":519,"commentCount":0,"publisher":{"@id":"https:\/\/www.webdo.tn\/fr\/#organization"},"image":{"@id":"https:\/\/www.webdo.tn\/fr\/actualite\/sport\/le-club-africain-elimine-de-la-coupe-de-la-confederation\/212710\/#primaryimage"},"thumbnailUrl":"https:\/\/www.webdo.tn\/fr\/wp-content\/uploads\/2024\/03\/df32fac996478ee23c18f0f562aa7a19.jpg","keywords":["CAF","Club Africain","coupe de la conf\u00e9d\u00e9ration"],"articleSection":["Sport"],"inLanguage":"fr-FR"},{"@type":"WebPage","@id":"https:\/\/www.webdo.tn\/fr\/actualite\/sport\/le-club-africain-elimine-de-la-coupe-de-la-confederation\/212710\/","url":"https:\/\/www.webdo.tn\/fr\/actualite\/sport\/le-club-africain-elimine-de-la-coupe-de-la-confederation\/212710\/","name":"Le Club Africain \u00e9limin\u00e9 de la Coupe de la Conf\u00e9d\u00e9ration","isPartOf":{"@id":"https:\/\/www.webdo.tn\/fr\/#website"},"primaryImageOfPage":{"@id":"https:\/\/www.webdo.tn\/fr\/actualite\/sport\/le-club-africain-elimine-de-la-coupe-de-la-confederation\/212710\/#primaryimage"},"image":{"@id":"https:\/\/www.webdo.tn\/fr\/actualite\/sport\/le-club-africain-elimine-de-la-coupe-de-la-confederation\/212710\/#primaryimage"},"thumbnailUrl":"https:\/\/www.webdo.tn\/fr\/wp-content\/uploads\/2024\/03\/df32fac996478ee23c18f0f562aa7a19.jpg","datePublished":"2024-03-03T22:05:00+00:00","dateModified":"2025-05-20T21:52:30+00:00","description":"Le Club Africain est \u00e9limin\u00e9 de la Coupe de la Conf\u00e9d\u00e9ration.","breadcrumb":{"@id":"https:\/\/www.webdo.tn\/fr\/actualite\/sport\/le-club-africain-elimine-de-la-coupe-de-la-confederation\/212710\/#breadcrumb"},"inLanguage":"fr-FR","potentialAction":[{"@type":"ReadAction","target":["https:\/\/www.webdo.tn\/fr\/actualite\/sport\/le-club-africain-elimine-de-la-coupe-de-la-confederation\/212710\/"]}]},{"@type":"ImageObject","inLanguage":"fr-FR","@id":"https:\/\/www.webdo.tn\/fr\/actualite\/sport\/le-club-africain-elimine-de-la-coupe-de-la-confederation\/212710\/#primaryimage","url":"https:\/\/www.webdo.tn\/fr\/wp-content\/uploads\/2024\/03\/df32fac996478ee23c18f0f562aa7a19.jpg","contentUrl":"https:\/\/www.webdo.tn\/fr\/wp-content\/uploads\/2024\/03\/df32fac996478ee23c18f0f562aa7a19.jpg","width":750,"height":400,"caption":"Le Club Africain \u00e9limin\u00e9 de la Coupe de la Conf\u00e9d\u00e9ration"},{"@type":"BreadcrumbList","@id":"https:\/\/www.webdo.tn\/fr\/actualite\/sport\/le-club-africain-elimine-de-la-coupe-de-la-confederation\/212710\/#breadcrumb","itemListElement":[{"@type":"ListItem","position":1,"name":"Accueil","item":"https:\/\/www.webdo.tn\/fr\/"},{"@type":"ListItem","position":2,"name":"Le Club Africain \u00e9limin\u00e9 de la Coupe de la Conf\u00e9d\u00e9ration"}]},{"@type":"WebSite","@id":"https:\/\/www.webdo.tn\/fr\/#website","url":"https:\/\/www.webdo.tn\/fr\/","name":"webdo","description":"Tunisie - News en Tunisie et \u00e0 l&#039;international sur Webdo.tn","publisher":{"@id":"https:\/\/www.webdo.tn\/fr\/#organization"},"potentialAction":[{"@type":"SearchAction","target":{"@type":"EntryPoint","urlTemplate":"https:\/\/www.webdo.tn\/fr\/?s={search_term_string}"},"query-input":{"@type":"PropertyValueSpecification","valueRequired":true,"valueName":"search_term_string"}}],"inLanguage":"fr-FR"},{"@type":"Organization","@id":"https:\/\/www.webdo.tn\/fr\/#organization","name":"Webdo","alternateName":"Webdo.tn","url":"https:\/\/www.webdo.tn\/fr\/","logo":{"@type":"ImageObject","inLanguage":"fr-FR","@id":"https:\/\/www.webdo.tn\/fr\/#\/schema\/logo\/image\/","url":"https:\/\/www.webdo.tn\/fr\/wp-content\/uploads\/2025\/06\/Webdo-Tunisie_168377.jpg","contentUrl":"https:\/\/www.webdo.tn\/fr\/wp-content\/uploads\/2025\/06\/Webdo-Tunisie_168377.jpg","width":301,"height":301,"caption":"Webdo"},"image":{"@id":"https:\/\/www.webdo.tn\/fr\/#\/schema\/logo\/image\/"},"sameAs":["https:\/\/www.facebook.com\/webdotn","https:\/\/x.com\/webdo_tn"],"description":"Webdo est un m\u00e9dia num\u00e9rique tunisien fond\u00e9 en 2010, sp\u00e9cialis\u00e9 dans l\u2019actualit\u00e9 nationale et internationale, l\u2019\u00e9conomie, la soci\u00e9t\u00e9 et les analyses politiques. Le site s\u2019adresse \u00e0 un large public francophone et couvre l\u2019information tunisienne en temps r\u00e9el.","email":"redac@webdo.tn","legalName":"YNJ SARL","foundingDate":"2010-09-06","numberOfEmployees":{"@type":"QuantitativeValue","minValue":"11","maxValue":"50"}},{"@type":"Person","@id":"https:\/\/www.webdo.tn\/fr\/#\/schema\/person\/2c4929cbf5a809e3bd38617c6ce150f6","name":"MC","image":{"@type":"ImageObject","inLanguage":"fr-FR","@id":"https:\/\/secure.gravatar.com\/avatar\/a545bbb6f84efdd5553dbbc2895e3ca8f1d12c5215e00a041c9670b54aa9b18a?s=96&d=mm&r=g","url":"https:\/\/secure.gravatar.com\/avatar\/a545bbb6f84efdd5553dbbc2895e3ca8f1d12c5215e00a041c9670b54aa9b18a?s=96&d=mm&r=g","contentUrl":"https:\/\/secure.gravatar.com\/avatar\/a545bbb6f84efdd5553dbbc2895e3ca8f1d12c5215e00a041c9670b54aa9b18a?s=96&d=mm&r=g","caption":"MC"},"url":"https:\/\/www.webdo.tn\/fr\/actualite\/author\/mc\/"}]}},"_links":{"self":[{"href":"https:\/\/www.webdo.tn\/fr\/wp-json\/wp\/v2\/posts\/212710","targetHints":{"allow":["GET"]}}],"collection":[{"href":"https:\/\/www.webdo.tn\/fr\/wp-json\/wp\/v2\/posts"}],"about":[{"href":"https:\/\/www.webdo.tn\/fr\/wp-json\/wp\/v2\/types\/post"}],"author":[{"embeddable":true,"href":"https:\/\/www.webdo.tn\/fr\/wp-json\/wp\/v2\/users\/3162"}],"replies":[{"embeddable":true,"href":"https:\/\/www.webdo.tn\/fr\/wp-json\/wp\/v2\/comments?post=212710"}],"version-history":[{"count":0,"href":"https:\/\/www.webdo.tn\/fr\/wp-json\/wp\/v2\/posts\/212710\/revisions"}],"wp:featuredmedia":[{"embeddable":true,"href":"https:\/\/www.webdo.tn\/fr\/wp-json\/wp\/v2\/media\/247849"}],"wp:attachment":[{"href":"https:\/\/www.webdo.tn\/fr\/wp-json\/wp\/v2\/media?parent=212710"}],"wp:term":[{"taxonomy":"category","embeddable":true,"href":"https:\/\/www.webdo.tn\/fr\/wp-json\/wp\/v2\/categories?post=212710"},{"taxonomy":"post_tag","embeddable":true,"href":"https:\/\/www.webdo.tn\/fr\/wp-json\/wp\/v2\/tags?post=212710"}],"curies":[{"name":"wp","href":"https:\/\/api.w.org\/{rel}","templated":true}]}}