{"id":212700,"date":"2024-03-02T21:55:00","date_gmt":"2024-03-02T21:55:00","guid":{"rendered":"https:\/\/www.webdo.tn\/fr\/blog\/l-esperance-st-en-quarts-de-finale-de-la-ligue-des-champions\/212700\/"},"modified":"2025-05-20T21:52:37","modified_gmt":"2025-05-20T21:52:37","slug":"l-esperance-st-en-quarts-de-finale-de-la-ligue-des-champions","status":"publish","type":"post","link":"https:\/\/www.webdo.tn\/fr\/actualite\/sport\/l-esperance-st-en-quarts-de-finale-de-la-ligue-des-champions\/212700\/","title":{"rendered":"L\u2019Esp\u00e9rance ST en quarts de finale de la Ligue des Champions"},"content":{"rendered":"<p>L&rsquo;Esp\u00e9rance ST a r\u00e9ussi son pari de se qualifier en quarts de finale de la Ligue des Champions africaine, apr\u00e8s avoir battu, dans la soir\u00e9e de ce samedi 2 mars au stade Hamadi Agrebi de Rades, l\u2019\u00e9quipe soudanaise d\u2019Al Hilal sur le score de 1-0.<\/p>\n<p>\t\t\t\t\t\t\t\t\tL\u2019ES Tunis, qui devait imp\u00e9rativement ne pas perdre, a pris son match par le bon bout, en dominant les d\u00e9bats et en se ruant, d\u00e8s l\u2019entame du match vers l\u2019attaque.<\/p>\n<p>Le r\u00e9sultat ne s\u2019est pas fait attendre dans la mesure o\u00f9 Yassine Meriah est parvenu \u00e0 ouvrir la marque \u00e0 la 23\u2019. Un corner tr\u00e8s bien bott\u00e9 par Yan Sasse est repris victorieusement de la t\u00eate par le d\u00e9fenseur \u00ab\u00a0sang et or\u00a0\u00bb.<\/p>\n<p>Apr\u00e8s ce but, les Esp\u00e9rantistes ne l\u00e2chent pas leur emprise sur le match, mais au fil des minutes les Soudanais se r\u00e9organisent et les d\u00e9bats s\u2019intensifient.<\/p>\n<p>La rencontre est serr\u00e9e entre une Esp\u00e9rance jouant le pressing haut et une \u00e9quipe d\u2019Al Hilal optant pour un jeu plus st\u00e9r\u00e9otyp\u00e9. Cela n\u2019emp\u00eache pas les Soudanais de cr\u00e9er le danger \u00e0 quelques occasions. Ils auraient m\u00eame pu \u00e9galiser \u00e0 la 70\u2019. De son c\u00f4t\u00e9, l\u2019EST poursuit ses assauts et aurait pu doubler le score \u00e0 la 82\u2019.<\/p>\n<p>En marge de sa victoire, l\u2019ES Tunis se qualifie en quarts de finale de la Ligue des Champions \u00e0 la 2\u00e8me place derri\u00e8re les Angolais de Petro Atletico, qui ont battu, de leur c\u00f4t\u00e9 l\u2019Etoile du Sahel sur le score de 2-0.<\/p>\n<p>R\u00e9sultats<\/p>\n<p>\tEsp\u00e9rance ST &#8211; Al Hilal Omdurman 1-0<br \/>\n\tPetro Atletico &#8211; Etoile du Sahel 2-0<\/p>\n<p>Classement<\/p>\n<p>\tPetro Atletico 12 points<br \/>\n\tEsp\u00e9rance ST 11 points<br \/>\n\tAl Hilal Omdurman 5 points<br \/>\n\tEtoile du Sahel 4 points<\/p>\n","protected":false},"excerpt":{"rendered":"<p>L\u2019ES Tunis se qualifie en quarts de finale de la Ligue des Champions \u00e0 la 2\u00e8me place derri\u00e8re les Angolais de Petro Atletico, qui ont battu, de leur c\u00f4t\u00e9 l\u2019Etoi&#8230;<\/p>\n","protected":false},"author":3162,"featured_media":247878,"comment_status":"open","ping_status":"closed","sticky":false,"template":"","format":"standard","meta":{"footnotes":""},"categories":[2593],"tags":[3102,6914,3136,4837],"class_list":["post-212700","post","type-post","status-publish","format-standard","has-post-thumbnail","hentry","category-sport","tag-esperance-st","tag-etoile-du-sahel","tag-ligue-des-champions","tag-quarts-de-finale"],"yoast_head":"<!-- This site is optimized with the Yoast SEO Premium plugin v27.5 (Yoast SEO v27.5) - https:\/\/yoast.com\/product\/yoast-seo-premium-wordpress\/ -->\n<title>L\u2019Esp\u00e9rance ST en quarts de finale de la Ligue des Champions<\/title>\n<meta name=\"description\" content=\"L\u2019ES Tunis se qualifie en quarts de finale de la Ligue des Champions \u00e0 la 2\u00e8me place derri\u00e8re les Angolais de Petro Atletico, qui ont battu, de leur c\u00f4t\u00e9 l\u2019Etoi...\" \/>\n<link rel=\"canonical\" href=\"https:\/\/www.webdo.tn\/fr\/actualite\/sport\/l-esperance-st-en-quarts-de-finale-de-la-ligue-des-champions\/212700\/\" \/>\n<meta property=\"og:locale\" content=\"fr_FR\" \/>\n<meta property=\"og:type\" content=\"article\" \/>\n<meta property=\"og:title\" content=\"L\u2019Esp\u00e9rance ST en quarts de finale de la Ligue des Champions\" \/>\n<meta property=\"og:description\" content=\"L\u2019ES Tunis se qualifie en quarts de finale de la Ligue des Champions \u00e0 la 2\u00e8me place derri\u00e8re les Angolais de Petro Atletico, qui ont battu, de leur c\u00f4t\u00e9 l\u2019Etoi...\" \/>\n<meta property=\"og:url\" content=\"https:\/\/www.webdo.tn\/fr\/actualite\/sport\/l-esperance-st-en-quarts-de-finale-de-la-ligue-des-champions\/212700\/\" \/>\n<meta property=\"og:site_name\" content=\"webdo\" \/>\n<meta property=\"article:publisher\" content=\"https:\/\/www.facebook.com\/webdotn\" \/>\n<meta property=\"article:published_time\" content=\"2024-03-02T21:55:00+00:00\" \/>\n<meta property=\"article:modified_time\" content=\"2025-05-20T21:52:37+00:00\" \/>\n<meta property=\"og:image\" content=\"https:\/\/www.webdo.tn\/fr\/wp-content\/uploads\/2024\/03\/a70c8d0ada64532abd8fe1010fa971b6.jpg\" \/>\n\t<meta property=\"og:image:width\" content=\"750\" \/>\n\t<meta property=\"og:image:height\" content=\"400\" \/>\n\t<meta property=\"og:image:type\" content=\"image\/jpeg\" \/>\n<meta name=\"author\" content=\"MC\" \/>\n<meta name=\"twitter:card\" content=\"summary_large_image\" \/>\n<meta name=\"twitter:creator\" content=\"@webdo_tn\" \/>\n<meta name=\"twitter:site\" content=\"@webdo_tn\" \/>\n<meta name=\"twitter:label1\" content=\"\u00c9crit par\" \/>\n\t<meta name=\"twitter:data1\" content=\"MC\" \/>\n\t<meta name=\"twitter:label2\" content=\"Dur\u00e9e de lecture estim\u00e9e\" \/>\n\t<meta name=\"twitter:data2\" content=\"2 minutes\" \/>\n<script type=\"application\/ld+json\" class=\"yoast-schema-graph\">{\"@context\":\"https:\\\/\\\/schema.org\",\"@graph\":[{\"@type\":\"NewsArticle\",\"@id\":\"https:\\\/\\\/www.webdo.tn\\\/fr\\\/actualite\\\/sport\\\/l-esperance-st-en-quarts-de-finale-de-la-ligue-des-champions\\\/212700\\\/#article\",\"isPartOf\":{\"@id\":\"https:\\\/\\\/www.webdo.tn\\\/fr\\\/actualite\\\/sport\\\/l-esperance-st-en-quarts-de-finale-de-la-ligue-des-champions\\\/212700\\\/\"},\"author\":{\"name\":\"MC\",\"@id\":\"https:\\\/\\\/www.webdo.tn\\\/fr\\\/#\\\/schema\\\/person\\\/2c4929cbf5a809e3bd38617c6ce150f6\"},\"headline\":\"L\u2019Esp\u00e9rance ST en quarts de finale de la Ligue des Champions\",\"datePublished\":\"2024-03-02T21:55:00+00:00\",\"dateModified\":\"2025-05-20T21:52:37+00:00\",\"mainEntityOfPage\":{\"@id\":\"https:\\\/\\\/www.webdo.tn\\\/fr\\\/actualite\\\/sport\\\/l-esperance-st-en-quarts-de-finale-de-la-ligue-des-champions\\\/212700\\\/\"},\"wordCount\":318,\"commentCount\":0,\"publisher\":{\"@id\":\"https:\\\/\\\/www.webdo.tn\\\/fr\\\/#organization\"},\"image\":{\"@id\":\"https:\\\/\\\/www.webdo.tn\\\/fr\\\/actualite\\\/sport\\\/l-esperance-st-en-quarts-de-finale-de-la-ligue-des-champions\\\/212700\\\/#primaryimage\"},\"thumbnailUrl\":\"https:\\\/\\\/www.webdo.tn\\\/fr\\\/wp-content\\\/uploads\\\/2024\\\/03\\\/a70c8d0ada64532abd8fe1010fa971b6.jpg\",\"keywords\":[\"esp\u00e9rance st\",\"\u00e9toile du sahel\",\"ligue des champions\",\"quarts de finale\"],\"articleSection\":[\"Sport\"],\"inLanguage\":\"fr-FR\"},{\"@type\":\"WebPage\",\"@id\":\"https:\\\/\\\/www.webdo.tn\\\/fr\\\/actualite\\\/sport\\\/l-esperance-st-en-quarts-de-finale-de-la-ligue-des-champions\\\/212700\\\/\",\"url\":\"https:\\\/\\\/www.webdo.tn\\\/fr\\\/actualite\\\/sport\\\/l-esperance-st-en-quarts-de-finale-de-la-ligue-des-champions\\\/212700\\\/\",\"name\":\"L\u2019Esp\u00e9rance ST en quarts de finale de la Ligue des Champions\",\"isPartOf\":{\"@id\":\"https:\\\/\\\/www.webdo.tn\\\/fr\\\/#website\"},\"primaryImageOfPage\":{\"@id\":\"https:\\\/\\\/www.webdo.tn\\\/fr\\\/actualite\\\/sport\\\/l-esperance-st-en-quarts-de-finale-de-la-ligue-des-champions\\\/212700\\\/#primaryimage\"},\"image\":{\"@id\":\"https:\\\/\\\/www.webdo.tn\\\/fr\\\/actualite\\\/sport\\\/l-esperance-st-en-quarts-de-finale-de-la-ligue-des-champions\\\/212700\\\/#primaryimage\"},\"thumbnailUrl\":\"https:\\\/\\\/www.webdo.tn\\\/fr\\\/wp-content\\\/uploads\\\/2024\\\/03\\\/a70c8d0ada64532abd8fe1010fa971b6.jpg\",\"datePublished\":\"2024-03-02T21:55:00+00:00\",\"dateModified\":\"2025-05-20T21:52:37+00:00\",\"description\":\"L\u2019ES Tunis se qualifie en quarts de finale de la Ligue des Champions \u00e0 la 2\u00e8me place derri\u00e8re les Angolais de Petro Atletico, qui ont battu, de leur c\u00f4t\u00e9 l\u2019Etoi...\",\"breadcrumb\":{\"@id\":\"https:\\\/\\\/www.webdo.tn\\\/fr\\\/actualite\\\/sport\\\/l-esperance-st-en-quarts-de-finale-de-la-ligue-des-champions\\\/212700\\\/#breadcrumb\"},\"inLanguage\":\"fr-FR\",\"potentialAction\":[{\"@type\":\"ReadAction\",\"target\":[\"https:\\\/\\\/www.webdo.tn\\\/fr\\\/actualite\\\/sport\\\/l-esperance-st-en-quarts-de-finale-de-la-ligue-des-champions\\\/212700\\\/\"]}]},{\"@type\":\"ImageObject\",\"inLanguage\":\"fr-FR\",\"@id\":\"https:\\\/\\\/www.webdo.tn\\\/fr\\\/actualite\\\/sport\\\/l-esperance-st-en-quarts-de-finale-de-la-ligue-des-champions\\\/212700\\\/#primaryimage\",\"url\":\"https:\\\/\\\/www.webdo.tn\\\/fr\\\/wp-content\\\/uploads\\\/2024\\\/03\\\/a70c8d0ada64532abd8fe1010fa971b6.jpg\",\"contentUrl\":\"https:\\\/\\\/www.webdo.tn\\\/fr\\\/wp-content\\\/uploads\\\/2024\\\/03\\\/a70c8d0ada64532abd8fe1010fa971b6.jpg\",\"width\":750,\"height\":400,\"caption\":\"L\u2019Esp\u00e9rance ST en quarts de finale de la Ligue des Champions\"},{\"@type\":\"BreadcrumbList\",\"@id\":\"https:\\\/\\\/www.webdo.tn\\\/fr\\\/actualite\\\/sport\\\/l-esperance-st-en-quarts-de-finale-de-la-ligue-des-champions\\\/212700\\\/#breadcrumb\",\"itemListElement\":[{\"@type\":\"ListItem\",\"position\":1,\"name\":\"Accueil\",\"item\":\"https:\\\/\\\/www.webdo.tn\\\/fr\\\/\"},{\"@type\":\"ListItem\",\"position\":2,\"name\":\"L\u2019Esp\u00e9rance ST en quarts de finale de la Ligue des Champions\"}]},{\"@type\":\"WebSite\",\"@id\":\"https:\\\/\\\/www.webdo.tn\\\/fr\\\/#website\",\"url\":\"https:\\\/\\\/www.webdo.tn\\\/fr\\\/\",\"name\":\"webdo\",\"description\":\"Tunisie - News en Tunisie et \u00e0 l&#039;international sur Webdo.tn\",\"publisher\":{\"@id\":\"https:\\\/\\\/www.webdo.tn\\\/fr\\\/#organization\"},\"potentialAction\":[{\"@type\":\"SearchAction\",\"target\":{\"@type\":\"EntryPoint\",\"urlTemplate\":\"https:\\\/\\\/www.webdo.tn\\\/fr\\\/?s={search_term_string}\"},\"query-input\":{\"@type\":\"PropertyValueSpecification\",\"valueRequired\":true,\"valueName\":\"search_term_string\"}}],\"inLanguage\":\"fr-FR\"},{\"@type\":\"Organization\",\"@id\":\"https:\\\/\\\/www.webdo.tn\\\/fr\\\/#organization\",\"name\":\"Webdo\",\"alternateName\":\"Webdo.tn\",\"url\":\"https:\\\/\\\/www.webdo.tn\\\/fr\\\/\",\"logo\":{\"@type\":\"ImageObject\",\"inLanguage\":\"fr-FR\",\"@id\":\"https:\\\/\\\/www.webdo.tn\\\/fr\\\/#\\\/schema\\\/logo\\\/image\\\/\",\"url\":\"https:\\\/\\\/www.webdo.tn\\\/fr\\\/wp-content\\\/uploads\\\/2025\\\/06\\\/Webdo-Tunisie_168377.jpg\",\"contentUrl\":\"https:\\\/\\\/www.webdo.tn\\\/fr\\\/wp-content\\\/uploads\\\/2025\\\/06\\\/Webdo-Tunisie_168377.jpg\",\"width\":301,\"height\":301,\"caption\":\"Webdo\"},\"image\":{\"@id\":\"https:\\\/\\\/www.webdo.tn\\\/fr\\\/#\\\/schema\\\/logo\\\/image\\\/\"},\"sameAs\":[\"https:\\\/\\\/www.facebook.com\\\/webdotn\",\"https:\\\/\\\/x.com\\\/webdo_tn\"],\"description\":\"Webdo est un m\u00e9dia num\u00e9rique tunisien fond\u00e9 en 2010, sp\u00e9cialis\u00e9 dans l\u2019actualit\u00e9 nationale et internationale, l\u2019\u00e9conomie, la soci\u00e9t\u00e9 et les analyses politiques. Le site s\u2019adresse \u00e0 un large public francophone et couvre l\u2019information tunisienne en temps r\u00e9el.\",\"email\":\"redac@webdo.tn\",\"legalName\":\"YNJ SARL\",\"foundingDate\":\"2010-09-06\",\"numberOfEmployees\":{\"@type\":\"QuantitativeValue\",\"minValue\":\"11\",\"maxValue\":\"50\"}},{\"@type\":\"Person\",\"@id\":\"https:\\\/\\\/www.webdo.tn\\\/fr\\\/#\\\/schema\\\/person\\\/2c4929cbf5a809e3bd38617c6ce150f6\",\"name\":\"MC\",\"image\":{\"@type\":\"ImageObject\",\"inLanguage\":\"fr-FR\",\"@id\":\"https:\\\/\\\/secure.gravatar.com\\\/avatar\\\/a545bbb6f84efdd5553dbbc2895e3ca8f1d12c5215e00a041c9670b54aa9b18a?s=96&d=mm&r=g\",\"url\":\"https:\\\/\\\/secure.gravatar.com\\\/avatar\\\/a545bbb6f84efdd5553dbbc2895e3ca8f1d12c5215e00a041c9670b54aa9b18a?s=96&d=mm&r=g\",\"contentUrl\":\"https:\\\/\\\/secure.gravatar.com\\\/avatar\\\/a545bbb6f84efdd5553dbbc2895e3ca8f1d12c5215e00a041c9670b54aa9b18a?s=96&d=mm&r=g\",\"caption\":\"MC\"},\"url\":\"https:\\\/\\\/www.webdo.tn\\\/fr\\\/actualite\\\/author\\\/mc\\\/\"}]}<\/script>\n<!-- \/ Yoast SEO Premium plugin. -->","yoast_head_json":{"title":"L\u2019Esp\u00e9rance ST en quarts de finale de la Ligue des Champions","description":"L\u2019ES Tunis se qualifie en quarts de finale de la Ligue des Champions \u00e0 la 2\u00e8me place derri\u00e8re les Angolais de Petro Atletico, qui ont battu, de leur c\u00f4t\u00e9 l\u2019Etoi...","canonical":"https:\/\/www.webdo.tn\/fr\/actualite\/sport\/l-esperance-st-en-quarts-de-finale-de-la-ligue-des-champions\/212700\/","og_locale":"fr_FR","og_type":"article","og_title":"L\u2019Esp\u00e9rance ST en quarts de finale de la Ligue des Champions","og_description":"L\u2019ES Tunis se qualifie en quarts de finale de la Ligue des Champions \u00e0 la 2\u00e8me place derri\u00e8re les Angolais de Petro Atletico, qui ont battu, de leur c\u00f4t\u00e9 l\u2019Etoi...","og_url":"https:\/\/www.webdo.tn\/fr\/actualite\/sport\/l-esperance-st-en-quarts-de-finale-de-la-ligue-des-champions\/212700\/","og_site_name":"webdo","article_publisher":"https:\/\/www.facebook.com\/webdotn","article_published_time":"2024-03-02T21:55:00+00:00","article_modified_time":"2025-05-20T21:52:37+00:00","og_image":[{"width":750,"height":400,"url":"https:\/\/www.webdo.tn\/fr\/wp-content\/uploads\/2024\/03\/a70c8d0ada64532abd8fe1010fa971b6.jpg","type":"image\/jpeg"}],"author":"MC","twitter_card":"summary_large_image","twitter_creator":"@webdo_tn","twitter_site":"@webdo_tn","twitter_misc":{"\u00c9crit par":"MC","Dur\u00e9e de lecture estim\u00e9e":"2 minutes"},"schema":{"@context":"https:\/\/schema.org","@graph":[{"@type":"NewsArticle","@id":"https:\/\/www.webdo.tn\/fr\/actualite\/sport\/l-esperance-st-en-quarts-de-finale-de-la-ligue-des-champions\/212700\/#article","isPartOf":{"@id":"https:\/\/www.webdo.tn\/fr\/actualite\/sport\/l-esperance-st-en-quarts-de-finale-de-la-ligue-des-champions\/212700\/"},"author":{"name":"MC","@id":"https:\/\/www.webdo.tn\/fr\/#\/schema\/person\/2c4929cbf5a809e3bd38617c6ce150f6"},"headline":"L\u2019Esp\u00e9rance ST en quarts de finale de la Ligue des Champions","datePublished":"2024-03-02T21:55:00+00:00","dateModified":"2025-05-20T21:52:37+00:00","mainEntityOfPage":{"@id":"https:\/\/www.webdo.tn\/fr\/actualite\/sport\/l-esperance-st-en-quarts-de-finale-de-la-ligue-des-champions\/212700\/"},"wordCount":318,"commentCount":0,"publisher":{"@id":"https:\/\/www.webdo.tn\/fr\/#organization"},"image":{"@id":"https:\/\/www.webdo.tn\/fr\/actualite\/sport\/l-esperance-st-en-quarts-de-finale-de-la-ligue-des-champions\/212700\/#primaryimage"},"thumbnailUrl":"https:\/\/www.webdo.tn\/fr\/wp-content\/uploads\/2024\/03\/a70c8d0ada64532abd8fe1010fa971b6.jpg","keywords":["esp\u00e9rance st","\u00e9toile du sahel","ligue des champions","quarts de finale"],"articleSection":["Sport"],"inLanguage":"fr-FR"},{"@type":"WebPage","@id":"https:\/\/www.webdo.tn\/fr\/actualite\/sport\/l-esperance-st-en-quarts-de-finale-de-la-ligue-des-champions\/212700\/","url":"https:\/\/www.webdo.tn\/fr\/actualite\/sport\/l-esperance-st-en-quarts-de-finale-de-la-ligue-des-champions\/212700\/","name":"L\u2019Esp\u00e9rance ST en quarts de finale de la Ligue des Champions","isPartOf":{"@id":"https:\/\/www.webdo.tn\/fr\/#website"},"primaryImageOfPage":{"@id":"https:\/\/www.webdo.tn\/fr\/actualite\/sport\/l-esperance-st-en-quarts-de-finale-de-la-ligue-des-champions\/212700\/#primaryimage"},"image":{"@id":"https:\/\/www.webdo.tn\/fr\/actualite\/sport\/l-esperance-st-en-quarts-de-finale-de-la-ligue-des-champions\/212700\/#primaryimage"},"thumbnailUrl":"https:\/\/www.webdo.tn\/fr\/wp-content\/uploads\/2024\/03\/a70c8d0ada64532abd8fe1010fa971b6.jpg","datePublished":"2024-03-02T21:55:00+00:00","dateModified":"2025-05-20T21:52:37+00:00","description":"L\u2019ES Tunis se qualifie en quarts de finale de la Ligue des Champions \u00e0 la 2\u00e8me place derri\u00e8re les Angolais de Petro Atletico, qui ont battu, de leur c\u00f4t\u00e9 l\u2019Etoi...","breadcrumb":{"@id":"https:\/\/www.webdo.tn\/fr\/actualite\/sport\/l-esperance-st-en-quarts-de-finale-de-la-ligue-des-champions\/212700\/#breadcrumb"},"inLanguage":"fr-FR","potentialAction":[{"@type":"ReadAction","target":["https:\/\/www.webdo.tn\/fr\/actualite\/sport\/l-esperance-st-en-quarts-de-finale-de-la-ligue-des-champions\/212700\/"]}]},{"@type":"ImageObject","inLanguage":"fr-FR","@id":"https:\/\/www.webdo.tn\/fr\/actualite\/sport\/l-esperance-st-en-quarts-de-finale-de-la-ligue-des-champions\/212700\/#primaryimage","url":"https:\/\/www.webdo.tn\/fr\/wp-content\/uploads\/2024\/03\/a70c8d0ada64532abd8fe1010fa971b6.jpg","contentUrl":"https:\/\/www.webdo.tn\/fr\/wp-content\/uploads\/2024\/03\/a70c8d0ada64532abd8fe1010fa971b6.jpg","width":750,"height":400,"caption":"L\u2019Esp\u00e9rance ST en quarts de finale de la Ligue des Champions"},{"@type":"BreadcrumbList","@id":"https:\/\/www.webdo.tn\/fr\/actualite\/sport\/l-esperance-st-en-quarts-de-finale-de-la-ligue-des-champions\/212700\/#breadcrumb","itemListElement":[{"@type":"ListItem","position":1,"name":"Accueil","item":"https:\/\/www.webdo.tn\/fr\/"},{"@type":"ListItem","position":2,"name":"L\u2019Esp\u00e9rance ST en quarts de finale de la Ligue des Champions"}]},{"@type":"WebSite","@id":"https:\/\/www.webdo.tn\/fr\/#website","url":"https:\/\/www.webdo.tn\/fr\/","name":"webdo","description":"Tunisie - News en Tunisie et \u00e0 l&#039;international sur Webdo.tn","publisher":{"@id":"https:\/\/www.webdo.tn\/fr\/#organization"},"potentialAction":[{"@type":"SearchAction","target":{"@type":"EntryPoint","urlTemplate":"https:\/\/www.webdo.tn\/fr\/?s={search_term_string}"},"query-input":{"@type":"PropertyValueSpecification","valueRequired":true,"valueName":"search_term_string"}}],"inLanguage":"fr-FR"},{"@type":"Organization","@id":"https:\/\/www.webdo.tn\/fr\/#organization","name":"Webdo","alternateName":"Webdo.tn","url":"https:\/\/www.webdo.tn\/fr\/","logo":{"@type":"ImageObject","inLanguage":"fr-FR","@id":"https:\/\/www.webdo.tn\/fr\/#\/schema\/logo\/image\/","url":"https:\/\/www.webdo.tn\/fr\/wp-content\/uploads\/2025\/06\/Webdo-Tunisie_168377.jpg","contentUrl":"https:\/\/www.webdo.tn\/fr\/wp-content\/uploads\/2025\/06\/Webdo-Tunisie_168377.jpg","width":301,"height":301,"caption":"Webdo"},"image":{"@id":"https:\/\/www.webdo.tn\/fr\/#\/schema\/logo\/image\/"},"sameAs":["https:\/\/www.facebook.com\/webdotn","https:\/\/x.com\/webdo_tn"],"description":"Webdo est un m\u00e9dia num\u00e9rique tunisien fond\u00e9 en 2010, sp\u00e9cialis\u00e9 dans l\u2019actualit\u00e9 nationale et internationale, l\u2019\u00e9conomie, la soci\u00e9t\u00e9 et les analyses politiques. Le site s\u2019adresse \u00e0 un large public francophone et couvre l\u2019information tunisienne en temps r\u00e9el.","email":"redac@webdo.tn","legalName":"YNJ SARL","foundingDate":"2010-09-06","numberOfEmployees":{"@type":"QuantitativeValue","minValue":"11","maxValue":"50"}},{"@type":"Person","@id":"https:\/\/www.webdo.tn\/fr\/#\/schema\/person\/2c4929cbf5a809e3bd38617c6ce150f6","name":"MC","image":{"@type":"ImageObject","inLanguage":"fr-FR","@id":"https:\/\/secure.gravatar.com\/avatar\/a545bbb6f84efdd5553dbbc2895e3ca8f1d12c5215e00a041c9670b54aa9b18a?s=96&d=mm&r=g","url":"https:\/\/secure.gravatar.com\/avatar\/a545bbb6f84efdd5553dbbc2895e3ca8f1d12c5215e00a041c9670b54aa9b18a?s=96&d=mm&r=g","contentUrl":"https:\/\/secure.gravatar.com\/avatar\/a545bbb6f84efdd5553dbbc2895e3ca8f1d12c5215e00a041c9670b54aa9b18a?s=96&d=mm&r=g","caption":"MC"},"url":"https:\/\/www.webdo.tn\/fr\/actualite\/author\/mc\/"}]}},"_links":{"self":[{"href":"https:\/\/www.webdo.tn\/fr\/wp-json\/wp\/v2\/posts\/212700","targetHints":{"allow":["GET"]}}],"collection":[{"href":"https:\/\/www.webdo.tn\/fr\/wp-json\/wp\/v2\/posts"}],"about":[{"href":"https:\/\/www.webdo.tn\/fr\/wp-json\/wp\/v2\/types\/post"}],"author":[{"embeddable":true,"href":"https:\/\/www.webdo.tn\/fr\/wp-json\/wp\/v2\/users\/3162"}],"replies":[{"embeddable":true,"href":"https:\/\/www.webdo.tn\/fr\/wp-json\/wp\/v2\/comments?post=212700"}],"version-history":[{"count":0,"href":"https:\/\/www.webdo.tn\/fr\/wp-json\/wp\/v2\/posts\/212700\/revisions"}],"wp:featuredmedia":[{"embeddable":true,"href":"https:\/\/www.webdo.tn\/fr\/wp-json\/wp\/v2\/media\/247878"}],"wp:attachment":[{"href":"https:\/\/www.webdo.tn\/fr\/wp-json\/wp\/v2\/media?parent=212700"}],"wp:term":[{"taxonomy":"category","embeddable":true,"href":"https:\/\/www.webdo.tn\/fr\/wp-json\/wp\/v2\/categories?post=212700"},{"taxonomy":"post_tag","embeddable":true,"href":"https:\/\/www.webdo.tn\/fr\/wp-json\/wp\/v2\/tags?post=212700"}],"curies":[{"name":"wp","href":"https:\/\/api.w.org\/{rel}","templated":true}]}}