{"id":212673,"date":"2024-03-01T12:03:00","date_gmt":"2024-03-01T12:03:00","guid":{"rendered":"https:\/\/www.webdo.tn\/fr\/blog\/tunisie-vignette-auto-mardi-5-mars-dernier-delai-pour-les-immatriculations-paires\/212673\/"},"modified":"2025-05-20T21:52:33","modified_gmt":"2025-05-20T21:52:33","slug":"tunisie-vignette-auto-mardi-5-mars-dernier-delai-pour-les-immatriculations-paires","status":"publish","type":"post","link":"https:\/\/www.webdo.tn\/fr\/actualite\/national\/tunisie-vignette-auto-mardi-5-mars-dernier-delai-pour-les-immatriculations-paires\/212673\/","title":{"rendered":"Tunisie &#8211; Vignette auto : Mardi 5 mars, dernier d\u00e9lai pour les immatriculations paires"},"content":{"rendered":"<p>Les personnes physiques, propri\u00e9taire de v\u00e9hicules portant des num\u00e9ros d\u2019immatriculation pairs ont jusqu\u2019au mardi 5 mars 2024, dernier d\u00e9lai pour s&rsquo;acquitter de la taxe de circulation et proc\u00e9der au paiement des vignettes autos pour l\u2019ann\u00e9e 2024.<\/p>\n<p>\t\t\t\t\t\t\t\t\tEn effet, comme chaque ann\u00e9e, les d\u00e9lais de paiement des vignettes autos sont \u00e9tal\u00e9s ; le 5 f\u00e9vrier pour les entreprises et \u00e9tablissements publics ; le 5 mars pour les personnes physiques propri\u00e9taires de v\u00e9hicules portant des num\u00e9ros d\u2019immatriculation pairs ; le 5 avril pour les immatriculations impairs.<\/p>\n<p>A ce titre, les personnes physiques propri\u00e9taires de v\u00e9hicules portant des num\u00e9ros d&rsquo;immatriculation pairs ont jusqu&rsquo;\u00e0 mardi 5 mars 2024, dernier d\u00e9lai, pour acqu\u00e9rir leurs vignettes.<\/p>\n<p>En ce qui concerne les tarifs, ils restent les m\u00eames que l\u2019ann\u00e9e derni\u00e8re.<\/p>\n<p>V\u00e9hicules dont la puissance fiscale ne d\u00e9passe pas les 4 cv<\/p>\n<p>\tEssence : 65 dinars<br \/>\n\tDiesel : 215 dinars<br \/>\n\tGPL : 390 dinars<\/p>\n<p>V\u00e9hicules dont la puissance fiscale est comprise entre 5 et 7 cv<\/p>\n<p>\tEssence : 130 dinars<br \/>\n\tDiesel : 280 dinars<br \/>\n\tGPL : 455 dinars<\/p>\n<p>V\u00e9hicules dont la puissance fiscale est de 8 cv<\/p>\n<p>\tEssence : 180 dinars<br \/>\n\tDiesel : 330 dinars<br \/>\n\tGPL : 505 dinars<\/p>\n<p>V\u00e9hicules dont la puissance fiscale est de 9 cv<\/p>\n<p>\tEssence : 180 dinars<br \/>\n\tDiesel : 405 dinars<br \/>\n\t580 dinars<\/p>\n<p>V\u00e9hicules dont la puissance fiscale est de 10 cv ou 11 cv<\/p>\n<p>\tEssence : 230 dinars<br \/>\n\tDiesel : 455 dinars<br \/>\n\tGPL : 630 dinars<\/p>\n<p>V\u00e9hicules dont la puissance fiscale est de 12 cv ou 13 cv<\/p>\n<p>\tEssence : 1050 dinars<br \/>\n\tDiesel : 1275 dinars<br \/>\n\tGPL : 1450 dinars<\/p>\n<p>V\u00e9hicules dont la puissance fiscale est de 14 cv ou 15 cv<\/p>\n<p>\tEssence : 1400 dinars<br \/>\n\tDiesel : 1625 dinars<br \/>\n\tGPL : 1800 dinars<\/p>\n<p>V\u00e9hicules dont la puissance est \u00e9gale ou sup\u00e9rieure \u00e0 16 cv et les voitures de sport<\/p>\n<p>\tEssence : 2100 dinars<br \/>\n\tDiesel : 2325 dinars<br \/>\n\tGPL : 2500 dinars<\/p>\n","protected":false},"excerpt":{"rendered":"<p>Les personnes physiques propri\u00e9taires de v\u00e9hicules portant des num\u00e9ros d&rsquo;immatriculation pairs ont jusqu&rsquo;\u00e0 mardi 5 mars 2024, dernier d\u00e9lai, pour acqu\u00e9rir leurs&#8230;<\/p>\n","protected":false},"author":3162,"featured_media":247866,"comment_status":"open","ping_status":"closed","sticky":false,"template":"","format":"standard","meta":{"footnotes":""},"categories":[44],"tags":[3379,6756,6755,4464,4475,2608,3804],"class_list":["post-212673","post","type-post","status-publish","format-standard","has-post-thumbnail","hentry","category-national","tag-delai","tag-impair","tag-pair","tag-tarifs","tag-taxe-de-circulation","tag-tunisie","tag-vignette-auto"],"yoast_head":"<!-- This site is optimized with the Yoast SEO Premium plugin v27.4 (Yoast SEO v27.5) - https:\/\/yoast.com\/product\/yoast-seo-premium-wordpress\/ -->\n<title>Tunisie - Vignette auto : Mardi 5 mars, dernier d\u00e9lai pour les immatriculations paires<\/title>\n<meta name=\"description\" content=\"Les personnes physiques propri\u00e9taires de v\u00e9hicules portant des num\u00e9ros d&#039;immatriculation pairs ont jusqu&#039;\u00e0 mardi 5 mars 2024, dernier d\u00e9lai, pour acqu\u00e9rir leurs...\" \/>\n<link rel=\"canonical\" href=\"https:\/\/www.webdo.tn\/fr\/actualite\/national\/tunisie-vignette-auto-mardi-5-mars-dernier-delai-pour-les-immatriculations-paires\/212673\/\" \/>\n<meta property=\"og:locale\" content=\"fr_FR\" \/>\n<meta property=\"og:type\" content=\"article\" \/>\n<meta property=\"og:title\" content=\"Tunisie - Vignette auto : Mardi 5 mars, dernier d\u00e9lai pour les immatriculations paires\" \/>\n<meta property=\"og:description\" content=\"Les personnes physiques propri\u00e9taires de v\u00e9hicules portant des num\u00e9ros d&#039;immatriculation pairs ont jusqu&#039;\u00e0 mardi 5 mars 2024, dernier d\u00e9lai, pour acqu\u00e9rir leurs...\" \/>\n<meta property=\"og:url\" content=\"https:\/\/www.webdo.tn\/fr\/actualite\/national\/tunisie-vignette-auto-mardi-5-mars-dernier-delai-pour-les-immatriculations-paires\/212673\/\" \/>\n<meta property=\"og:site_name\" content=\"webdo\" \/>\n<meta property=\"article:publisher\" content=\"https:\/\/www.facebook.com\/webdotn\" \/>\n<meta property=\"article:published_time\" content=\"2024-03-01T12:03:00+00:00\" \/>\n<meta property=\"article:modified_time\" content=\"2025-05-20T21:52:33+00:00\" \/>\n<meta property=\"og:image\" content=\"https:\/\/www.webdo.tn\/fr\/wp-content\/uploads\/2024\/03\/df39d7d1f9d3c09663783cc2adbc4fea.jpg\" \/>\n\t<meta property=\"og:image:width\" content=\"750\" \/>\n\t<meta property=\"og:image:height\" content=\"400\" \/>\n\t<meta property=\"og:image:type\" content=\"image\/jpeg\" \/>\n<meta name=\"author\" content=\"MC\" \/>\n<meta name=\"twitter:card\" content=\"summary_large_image\" \/>\n<meta name=\"twitter:creator\" content=\"@webdo_tn\" \/>\n<meta name=\"twitter:site\" content=\"@webdo_tn\" \/>\n<meta name=\"twitter:label1\" content=\"\u00c9crit par\" \/>\n\t<meta name=\"twitter:data1\" content=\"MC\" \/>\n\t<meta name=\"twitter:label2\" content=\"Dur\u00e9e de lecture estim\u00e9e\" \/>\n\t<meta name=\"twitter:data2\" content=\"1 minute\" \/>\n<script type=\"application\/ld+json\" class=\"yoast-schema-graph\">{\"@context\":\"https:\\\/\\\/schema.org\",\"@graph\":[{\"@type\":\"NewsArticle\",\"@id\":\"https:\\\/\\\/www.webdo.tn\\\/fr\\\/actualite\\\/national\\\/tunisie-vignette-auto-mardi-5-mars-dernier-delai-pour-les-immatriculations-paires\\\/212673\\\/#article\",\"isPartOf\":{\"@id\":\"https:\\\/\\\/www.webdo.tn\\\/fr\\\/actualite\\\/national\\\/tunisie-vignette-auto-mardi-5-mars-dernier-delai-pour-les-immatriculations-paires\\\/212673\\\/\"},\"author\":{\"name\":\"MC\",\"@id\":\"https:\\\/\\\/www.webdo.tn\\\/fr\\\/#\\\/schema\\\/person\\\/2c4929cbf5a809e3bd38617c6ce150f6\"},\"headline\":\"Tunisie &#8211; Vignette auto : Mardi 5 mars, dernier d\u00e9lai pour les immatriculations paires\",\"datePublished\":\"2024-03-01T12:03:00+00:00\",\"dateModified\":\"2025-05-20T21:52:33+00:00\",\"mainEntityOfPage\":{\"@id\":\"https:\\\/\\\/www.webdo.tn\\\/fr\\\/actualite\\\/national\\\/tunisie-vignette-auto-mardi-5-mars-dernier-delai-pour-les-immatriculations-paires\\\/212673\\\/\"},\"wordCount\":290,\"commentCount\":0,\"publisher\":{\"@id\":\"https:\\\/\\\/www.webdo.tn\\\/fr\\\/#organization\"},\"image\":{\"@id\":\"https:\\\/\\\/www.webdo.tn\\\/fr\\\/actualite\\\/national\\\/tunisie-vignette-auto-mardi-5-mars-dernier-delai-pour-les-immatriculations-paires\\\/212673\\\/#primaryimage\"},\"thumbnailUrl\":\"https:\\\/\\\/www.webdo.tn\\\/fr\\\/wp-content\\\/uploads\\\/2024\\\/03\\\/df39d7d1f9d3c09663783cc2adbc4fea.jpg\",\"keywords\":[\"d\u00e9lai\",\"impair\",\"pair\",\"tarifs\",\"taxe de circulation\",\"Tunisie\",\"vignette auto\"],\"articleSection\":[\"National\"],\"inLanguage\":\"fr-FR\"},{\"@type\":\"WebPage\",\"@id\":\"https:\\\/\\\/www.webdo.tn\\\/fr\\\/actualite\\\/national\\\/tunisie-vignette-auto-mardi-5-mars-dernier-delai-pour-les-immatriculations-paires\\\/212673\\\/\",\"url\":\"https:\\\/\\\/www.webdo.tn\\\/fr\\\/actualite\\\/national\\\/tunisie-vignette-auto-mardi-5-mars-dernier-delai-pour-les-immatriculations-paires\\\/212673\\\/\",\"name\":\"Tunisie - Vignette auto : Mardi 5 mars, dernier d\u00e9lai pour les immatriculations paires\",\"isPartOf\":{\"@id\":\"https:\\\/\\\/www.webdo.tn\\\/fr\\\/#website\"},\"primaryImageOfPage\":{\"@id\":\"https:\\\/\\\/www.webdo.tn\\\/fr\\\/actualite\\\/national\\\/tunisie-vignette-auto-mardi-5-mars-dernier-delai-pour-les-immatriculations-paires\\\/212673\\\/#primaryimage\"},\"image\":{\"@id\":\"https:\\\/\\\/www.webdo.tn\\\/fr\\\/actualite\\\/national\\\/tunisie-vignette-auto-mardi-5-mars-dernier-delai-pour-les-immatriculations-paires\\\/212673\\\/#primaryimage\"},\"thumbnailUrl\":\"https:\\\/\\\/www.webdo.tn\\\/fr\\\/wp-content\\\/uploads\\\/2024\\\/03\\\/df39d7d1f9d3c09663783cc2adbc4fea.jpg\",\"datePublished\":\"2024-03-01T12:03:00+00:00\",\"dateModified\":\"2025-05-20T21:52:33+00:00\",\"description\":\"Les personnes physiques propri\u00e9taires de v\u00e9hicules portant des num\u00e9ros d'immatriculation pairs ont jusqu'\u00e0 mardi 5 mars 2024, dernier d\u00e9lai, pour acqu\u00e9rir leurs...\",\"breadcrumb\":{\"@id\":\"https:\\\/\\\/www.webdo.tn\\\/fr\\\/actualite\\\/national\\\/tunisie-vignette-auto-mardi-5-mars-dernier-delai-pour-les-immatriculations-paires\\\/212673\\\/#breadcrumb\"},\"inLanguage\":\"fr-FR\",\"potentialAction\":[{\"@type\":\"ReadAction\",\"target\":[\"https:\\\/\\\/www.webdo.tn\\\/fr\\\/actualite\\\/national\\\/tunisie-vignette-auto-mardi-5-mars-dernier-delai-pour-les-immatriculations-paires\\\/212673\\\/\"]}]},{\"@type\":\"ImageObject\",\"inLanguage\":\"fr-FR\",\"@id\":\"https:\\\/\\\/www.webdo.tn\\\/fr\\\/actualite\\\/national\\\/tunisie-vignette-auto-mardi-5-mars-dernier-delai-pour-les-immatriculations-paires\\\/212673\\\/#primaryimage\",\"url\":\"https:\\\/\\\/www.webdo.tn\\\/fr\\\/wp-content\\\/uploads\\\/2024\\\/03\\\/df39d7d1f9d3c09663783cc2adbc4fea.jpg\",\"contentUrl\":\"https:\\\/\\\/www.webdo.tn\\\/fr\\\/wp-content\\\/uploads\\\/2024\\\/03\\\/df39d7d1f9d3c09663783cc2adbc4fea.jpg\",\"width\":750,\"height\":400,\"caption\":\"Tunisie - Vignette auto : Mardi 5 mars, dernier d\u00e9lai pour les immatriculations paires\"},{\"@type\":\"BreadcrumbList\",\"@id\":\"https:\\\/\\\/www.webdo.tn\\\/fr\\\/actualite\\\/national\\\/tunisie-vignette-auto-mardi-5-mars-dernier-delai-pour-les-immatriculations-paires\\\/212673\\\/#breadcrumb\",\"itemListElement\":[{\"@type\":\"ListItem\",\"position\":1,\"name\":\"Accueil\",\"item\":\"https:\\\/\\\/www.webdo.tn\\\/fr\\\/\"},{\"@type\":\"ListItem\",\"position\":2,\"name\":\"Tunisie &#8211; Vignette auto : Mardi 5 mars, dernier d\u00e9lai pour les immatriculations paires\"}]},{\"@type\":\"WebSite\",\"@id\":\"https:\\\/\\\/www.webdo.tn\\\/fr\\\/#website\",\"url\":\"https:\\\/\\\/www.webdo.tn\\\/fr\\\/\",\"name\":\"webdo\",\"description\":\"Tunisie - News en Tunisie et \u00e0 l&#039;international sur Webdo.tn\",\"publisher\":{\"@id\":\"https:\\\/\\\/www.webdo.tn\\\/fr\\\/#organization\"},\"potentialAction\":[{\"@type\":\"SearchAction\",\"target\":{\"@type\":\"EntryPoint\",\"urlTemplate\":\"https:\\\/\\\/www.webdo.tn\\\/fr\\\/?s={search_term_string}\"},\"query-input\":{\"@type\":\"PropertyValueSpecification\",\"valueRequired\":true,\"valueName\":\"search_term_string\"}}],\"inLanguage\":\"fr-FR\"},{\"@type\":\"Organization\",\"@id\":\"https:\\\/\\\/www.webdo.tn\\\/fr\\\/#organization\",\"name\":\"Webdo\",\"alternateName\":\"Webdo.tn\",\"url\":\"https:\\\/\\\/www.webdo.tn\\\/fr\\\/\",\"logo\":{\"@type\":\"ImageObject\",\"inLanguage\":\"fr-FR\",\"@id\":\"https:\\\/\\\/www.webdo.tn\\\/fr\\\/#\\\/schema\\\/logo\\\/image\\\/\",\"url\":\"https:\\\/\\\/www.webdo.tn\\\/fr\\\/wp-content\\\/uploads\\\/2025\\\/06\\\/Webdo-Tunisie_168377.jpg\",\"contentUrl\":\"https:\\\/\\\/www.webdo.tn\\\/fr\\\/wp-content\\\/uploads\\\/2025\\\/06\\\/Webdo-Tunisie_168377.jpg\",\"width\":301,\"height\":301,\"caption\":\"Webdo\"},\"image\":{\"@id\":\"https:\\\/\\\/www.webdo.tn\\\/fr\\\/#\\\/schema\\\/logo\\\/image\\\/\"},\"sameAs\":[\"https:\\\/\\\/www.facebook.com\\\/webdotn\",\"https:\\\/\\\/x.com\\\/webdo_tn\"],\"description\":\"Webdo est un m\u00e9dia num\u00e9rique tunisien fond\u00e9 en 2010, sp\u00e9cialis\u00e9 dans l\u2019actualit\u00e9 nationale et internationale, l\u2019\u00e9conomie, la soci\u00e9t\u00e9 et les analyses politiques. Le site s\u2019adresse \u00e0 un large public francophone et couvre l\u2019information tunisienne en temps r\u00e9el.\",\"email\":\"redac@webdo.tn\",\"legalName\":\"YNJ SARL\",\"foundingDate\":\"2010-09-06\",\"numberOfEmployees\":{\"@type\":\"QuantitativeValue\",\"minValue\":\"11\",\"maxValue\":\"50\"}},{\"@type\":\"Person\",\"@id\":\"https:\\\/\\\/www.webdo.tn\\\/fr\\\/#\\\/schema\\\/person\\\/2c4929cbf5a809e3bd38617c6ce150f6\",\"name\":\"MC\",\"image\":{\"@type\":\"ImageObject\",\"inLanguage\":\"fr-FR\",\"@id\":\"https:\\\/\\\/secure.gravatar.com\\\/avatar\\\/a545bbb6f84efdd5553dbbc2895e3ca8f1d12c5215e00a041c9670b54aa9b18a?s=96&d=mm&r=g\",\"url\":\"https:\\\/\\\/secure.gravatar.com\\\/avatar\\\/a545bbb6f84efdd5553dbbc2895e3ca8f1d12c5215e00a041c9670b54aa9b18a?s=96&d=mm&r=g\",\"contentUrl\":\"https:\\\/\\\/secure.gravatar.com\\\/avatar\\\/a545bbb6f84efdd5553dbbc2895e3ca8f1d12c5215e00a041c9670b54aa9b18a?s=96&d=mm&r=g\",\"caption\":\"MC\"},\"url\":\"https:\\\/\\\/www.webdo.tn\\\/fr\\\/actualite\\\/author\\\/mc\\\/\"}]}<\/script>\n<!-- \/ Yoast SEO Premium plugin. -->","yoast_head_json":{"title":"Tunisie - Vignette auto : Mardi 5 mars, dernier d\u00e9lai pour les immatriculations paires","description":"Les personnes physiques propri\u00e9taires de v\u00e9hicules portant des num\u00e9ros d'immatriculation pairs ont jusqu'\u00e0 mardi 5 mars 2024, dernier d\u00e9lai, pour acqu\u00e9rir leurs...","canonical":"https:\/\/www.webdo.tn\/fr\/actualite\/national\/tunisie-vignette-auto-mardi-5-mars-dernier-delai-pour-les-immatriculations-paires\/212673\/","og_locale":"fr_FR","og_type":"article","og_title":"Tunisie - Vignette auto : Mardi 5 mars, dernier d\u00e9lai pour les immatriculations paires","og_description":"Les personnes physiques propri\u00e9taires de v\u00e9hicules portant des num\u00e9ros d'immatriculation pairs ont jusqu'\u00e0 mardi 5 mars 2024, dernier d\u00e9lai, pour acqu\u00e9rir leurs...","og_url":"https:\/\/www.webdo.tn\/fr\/actualite\/national\/tunisie-vignette-auto-mardi-5-mars-dernier-delai-pour-les-immatriculations-paires\/212673\/","og_site_name":"webdo","article_publisher":"https:\/\/www.facebook.com\/webdotn","article_published_time":"2024-03-01T12:03:00+00:00","article_modified_time":"2025-05-20T21:52:33+00:00","og_image":[{"width":750,"height":400,"url":"https:\/\/www.webdo.tn\/fr\/wp-content\/uploads\/2024\/03\/df39d7d1f9d3c09663783cc2adbc4fea.jpg","type":"image\/jpeg"}],"author":"MC","twitter_card":"summary_large_image","twitter_creator":"@webdo_tn","twitter_site":"@webdo_tn","twitter_misc":{"\u00c9crit par":"MC","Dur\u00e9e de lecture estim\u00e9e":"1 minute"},"schema":{"@context":"https:\/\/schema.org","@graph":[{"@type":"NewsArticle","@id":"https:\/\/www.webdo.tn\/fr\/actualite\/national\/tunisie-vignette-auto-mardi-5-mars-dernier-delai-pour-les-immatriculations-paires\/212673\/#article","isPartOf":{"@id":"https:\/\/www.webdo.tn\/fr\/actualite\/national\/tunisie-vignette-auto-mardi-5-mars-dernier-delai-pour-les-immatriculations-paires\/212673\/"},"author":{"name":"MC","@id":"https:\/\/www.webdo.tn\/fr\/#\/schema\/person\/2c4929cbf5a809e3bd38617c6ce150f6"},"headline":"Tunisie &#8211; Vignette auto : Mardi 5 mars, dernier d\u00e9lai pour les immatriculations paires","datePublished":"2024-03-01T12:03:00+00:00","dateModified":"2025-05-20T21:52:33+00:00","mainEntityOfPage":{"@id":"https:\/\/www.webdo.tn\/fr\/actualite\/national\/tunisie-vignette-auto-mardi-5-mars-dernier-delai-pour-les-immatriculations-paires\/212673\/"},"wordCount":290,"commentCount":0,"publisher":{"@id":"https:\/\/www.webdo.tn\/fr\/#organization"},"image":{"@id":"https:\/\/www.webdo.tn\/fr\/actualite\/national\/tunisie-vignette-auto-mardi-5-mars-dernier-delai-pour-les-immatriculations-paires\/212673\/#primaryimage"},"thumbnailUrl":"https:\/\/www.webdo.tn\/fr\/wp-content\/uploads\/2024\/03\/df39d7d1f9d3c09663783cc2adbc4fea.jpg","keywords":["d\u00e9lai","impair","pair","tarifs","taxe de circulation","Tunisie","vignette auto"],"articleSection":["National"],"inLanguage":"fr-FR"},{"@type":"WebPage","@id":"https:\/\/www.webdo.tn\/fr\/actualite\/national\/tunisie-vignette-auto-mardi-5-mars-dernier-delai-pour-les-immatriculations-paires\/212673\/","url":"https:\/\/www.webdo.tn\/fr\/actualite\/national\/tunisie-vignette-auto-mardi-5-mars-dernier-delai-pour-les-immatriculations-paires\/212673\/","name":"Tunisie - Vignette auto : Mardi 5 mars, dernier d\u00e9lai pour les immatriculations paires","isPartOf":{"@id":"https:\/\/www.webdo.tn\/fr\/#website"},"primaryImageOfPage":{"@id":"https:\/\/www.webdo.tn\/fr\/actualite\/national\/tunisie-vignette-auto-mardi-5-mars-dernier-delai-pour-les-immatriculations-paires\/212673\/#primaryimage"},"image":{"@id":"https:\/\/www.webdo.tn\/fr\/actualite\/national\/tunisie-vignette-auto-mardi-5-mars-dernier-delai-pour-les-immatriculations-paires\/212673\/#primaryimage"},"thumbnailUrl":"https:\/\/www.webdo.tn\/fr\/wp-content\/uploads\/2024\/03\/df39d7d1f9d3c09663783cc2adbc4fea.jpg","datePublished":"2024-03-01T12:03:00+00:00","dateModified":"2025-05-20T21:52:33+00:00","description":"Les personnes physiques propri\u00e9taires de v\u00e9hicules portant des num\u00e9ros d'immatriculation pairs ont jusqu'\u00e0 mardi 5 mars 2024, dernier d\u00e9lai, pour acqu\u00e9rir leurs...","breadcrumb":{"@id":"https:\/\/www.webdo.tn\/fr\/actualite\/national\/tunisie-vignette-auto-mardi-5-mars-dernier-delai-pour-les-immatriculations-paires\/212673\/#breadcrumb"},"inLanguage":"fr-FR","potentialAction":[{"@type":"ReadAction","target":["https:\/\/www.webdo.tn\/fr\/actualite\/national\/tunisie-vignette-auto-mardi-5-mars-dernier-delai-pour-les-immatriculations-paires\/212673\/"]}]},{"@type":"ImageObject","inLanguage":"fr-FR","@id":"https:\/\/www.webdo.tn\/fr\/actualite\/national\/tunisie-vignette-auto-mardi-5-mars-dernier-delai-pour-les-immatriculations-paires\/212673\/#primaryimage","url":"https:\/\/www.webdo.tn\/fr\/wp-content\/uploads\/2024\/03\/df39d7d1f9d3c09663783cc2adbc4fea.jpg","contentUrl":"https:\/\/www.webdo.tn\/fr\/wp-content\/uploads\/2024\/03\/df39d7d1f9d3c09663783cc2adbc4fea.jpg","width":750,"height":400,"caption":"Tunisie - Vignette auto : Mardi 5 mars, dernier d\u00e9lai pour les immatriculations paires"},{"@type":"BreadcrumbList","@id":"https:\/\/www.webdo.tn\/fr\/actualite\/national\/tunisie-vignette-auto-mardi-5-mars-dernier-delai-pour-les-immatriculations-paires\/212673\/#breadcrumb","itemListElement":[{"@type":"ListItem","position":1,"name":"Accueil","item":"https:\/\/www.webdo.tn\/fr\/"},{"@type":"ListItem","position":2,"name":"Tunisie &#8211; Vignette auto : Mardi 5 mars, dernier d\u00e9lai pour les immatriculations paires"}]},{"@type":"WebSite","@id":"https:\/\/www.webdo.tn\/fr\/#website","url":"https:\/\/www.webdo.tn\/fr\/","name":"webdo","description":"Tunisie - News en Tunisie et \u00e0 l&#039;international sur Webdo.tn","publisher":{"@id":"https:\/\/www.webdo.tn\/fr\/#organization"},"potentialAction":[{"@type":"SearchAction","target":{"@type":"EntryPoint","urlTemplate":"https:\/\/www.webdo.tn\/fr\/?s={search_term_string}"},"query-input":{"@type":"PropertyValueSpecification","valueRequired":true,"valueName":"search_term_string"}}],"inLanguage":"fr-FR"},{"@type":"Organization","@id":"https:\/\/www.webdo.tn\/fr\/#organization","name":"Webdo","alternateName":"Webdo.tn","url":"https:\/\/www.webdo.tn\/fr\/","logo":{"@type":"ImageObject","inLanguage":"fr-FR","@id":"https:\/\/www.webdo.tn\/fr\/#\/schema\/logo\/image\/","url":"https:\/\/www.webdo.tn\/fr\/wp-content\/uploads\/2025\/06\/Webdo-Tunisie_168377.jpg","contentUrl":"https:\/\/www.webdo.tn\/fr\/wp-content\/uploads\/2025\/06\/Webdo-Tunisie_168377.jpg","width":301,"height":301,"caption":"Webdo"},"image":{"@id":"https:\/\/www.webdo.tn\/fr\/#\/schema\/logo\/image\/"},"sameAs":["https:\/\/www.facebook.com\/webdotn","https:\/\/x.com\/webdo_tn"],"description":"Webdo est un m\u00e9dia num\u00e9rique tunisien fond\u00e9 en 2010, sp\u00e9cialis\u00e9 dans l\u2019actualit\u00e9 nationale et internationale, l\u2019\u00e9conomie, la soci\u00e9t\u00e9 et les analyses politiques. Le site s\u2019adresse \u00e0 un large public francophone et couvre l\u2019information tunisienne en temps r\u00e9el.","email":"redac@webdo.tn","legalName":"YNJ SARL","foundingDate":"2010-09-06","numberOfEmployees":{"@type":"QuantitativeValue","minValue":"11","maxValue":"50"}},{"@type":"Person","@id":"https:\/\/www.webdo.tn\/fr\/#\/schema\/person\/2c4929cbf5a809e3bd38617c6ce150f6","name":"MC","image":{"@type":"ImageObject","inLanguage":"fr-FR","@id":"https:\/\/secure.gravatar.com\/avatar\/a545bbb6f84efdd5553dbbc2895e3ca8f1d12c5215e00a041c9670b54aa9b18a?s=96&d=mm&r=g","url":"https:\/\/secure.gravatar.com\/avatar\/a545bbb6f84efdd5553dbbc2895e3ca8f1d12c5215e00a041c9670b54aa9b18a?s=96&d=mm&r=g","contentUrl":"https:\/\/secure.gravatar.com\/avatar\/a545bbb6f84efdd5553dbbc2895e3ca8f1d12c5215e00a041c9670b54aa9b18a?s=96&d=mm&r=g","caption":"MC"},"url":"https:\/\/www.webdo.tn\/fr\/actualite\/author\/mc\/"}]}},"_links":{"self":[{"href":"https:\/\/www.webdo.tn\/fr\/wp-json\/wp\/v2\/posts\/212673","targetHints":{"allow":["GET"]}}],"collection":[{"href":"https:\/\/www.webdo.tn\/fr\/wp-json\/wp\/v2\/posts"}],"about":[{"href":"https:\/\/www.webdo.tn\/fr\/wp-json\/wp\/v2\/types\/post"}],"author":[{"embeddable":true,"href":"https:\/\/www.webdo.tn\/fr\/wp-json\/wp\/v2\/users\/3162"}],"replies":[{"embeddable":true,"href":"https:\/\/www.webdo.tn\/fr\/wp-json\/wp\/v2\/comments?post=212673"}],"version-history":[{"count":0,"href":"https:\/\/www.webdo.tn\/fr\/wp-json\/wp\/v2\/posts\/212673\/revisions"}],"wp:featuredmedia":[{"embeddable":true,"href":"https:\/\/www.webdo.tn\/fr\/wp-json\/wp\/v2\/media\/247866"}],"wp:attachment":[{"href":"https:\/\/www.webdo.tn\/fr\/wp-json\/wp\/v2\/media?parent=212673"}],"wp:term":[{"taxonomy":"category","embeddable":true,"href":"https:\/\/www.webdo.tn\/fr\/wp-json\/wp\/v2\/categories?post=212673"},{"taxonomy":"post_tag","embeddable":true,"href":"https:\/\/www.webdo.tn\/fr\/wp-json\/wp\/v2\/tags?post=212673"}],"curies":[{"name":"wp","href":"https:\/\/api.w.org\/{rel}","templated":true}]}}