{"id":212669,"date":"2024-03-01T10:35:00","date_gmt":"2024-03-01T10:35:00","guid":{"rendered":"https:\/\/www.webdo.tn\/fr\/blog\/tunisie-mandat-de-depot-a-l-encontre-de-l-ancien-maire-de-dar-allouche\/212669\/"},"modified":"2025-05-20T22:12:07","modified_gmt":"2025-05-20T22:12:07","slug":"tunisie-mandat-de-depot-a-l-encontre-de-l-ancien-maire-de-dar-allouche","status":"publish","type":"post","link":"https:\/\/www.webdo.tn\/fr\/actualite\/regions\/tunisie-mandat-de-depot-a-l-encontre-de-l-ancien-maire-de-dar-allouche\/212669\/","title":{"rendered":"Tunisie : Mandat de d\u00e9p\u00f4t \u00e0 l\u2019encontre de l\u2019ancien maire de Dar Allouche"},"content":{"rendered":"<p>L\u2019ancien maire de Dar Allouche est vis\u00e9 par un mandat de d\u00e9p\u00f4t.<\/p>\n<p>\t\t\t\t\t\t\t\t\tLe juge d&rsquo;instruction pr\u00e8s le tribunal de premi\u00e8re instance de Nabeul a \u00e9mis un mandat de d\u00e9p\u00f4t \u00e0 l\u2019encontre de l&rsquo;ancien maire de Dar Allouche, rapporte Mosaique fm sans r\u00e9v\u00e9ler les charges retenues contre lui.<\/p>\n<p>Le maire de Dar Allouche est dans le collimateur de la justice depuis 2021, lorsqu\u2019une enqu\u00eate avait \u00e9t\u00e9 ouverte contre lui pour corruption.<\/p>\n<p>Cet ancien maire est impliqu\u00e9 dans une affaire de gestion ill\u00e9gale d&rsquo;un immeuble public en vue de se l&rsquo;approprier, par un agent public qui a us\u00e9 de sa position, entra\u00eenant un pr\u00e9judice public et priv\u00e9 et la participation \u00e0 celui-ci.<\/p>\n<p>Accus\u00e9 de corruption, ce maire avait d\u00e9j\u00e0 fait parler de lui il y a quelques semaines en poursuivant en justice la d\u00e9put\u00e9e Imene Bettaieb qui l&rsquo;avait accus\u00e9 d&rsquo;exploiter le domaine public et de violer l\u2019environnement.<\/p>\n<p>Selon elle, le maire en question avait d\u00e9cid\u00e9 de cr\u00e9er un passage forc\u00e9 sur la plage de Kerkouane et d\u2019am\u00e9nager des routes agricoles.<\/p>\n","protected":false},"excerpt":{"rendered":"<p>Le juge d&rsquo;instruction pr\u00e8s le tribunal de premi\u00e8re instance de Nabeul a \u00e9mis un mandat de d\u00e9p\u00f4t \u00e0 l\u2019encontre de l&rsquo;ancien maire de Dar Allouche.<\/p>\n","protected":false},"author":3162,"featured_media":290300,"comment_status":"open","ping_status":"closed","sticky":false,"template":"","format":"standard","meta":{"footnotes":""},"categories":[2595],"tags":[10036,3196,4888,2886,2608],"class_list":["post-212669","post","type-post","status-publish","format-standard","has-post-thumbnail","hentry","category-regions","tag-dar-allouche","tag-corruption","tag-maire","tag-mandat-de-depot","tag-tunisie"],"yoast_head":"<!-- This site is optimized with the Yoast SEO Premium plugin v27.5 (Yoast SEO v27.5) - https:\/\/yoast.com\/product\/yoast-seo-premium-wordpress\/ -->\n<title>Tunisie : Mandat de d\u00e9p\u00f4t \u00e0 l\u2019encontre de l\u2019ancien maire de Dar Allouche<\/title>\n<meta name=\"description\" content=\"Le juge d&#039;instruction pr\u00e8s le tribunal de premi\u00e8re instance de Nabeul a \u00e9mis un mandat de d\u00e9p\u00f4t \u00e0 l\u2019encontre de l&#039;ancien maire de Dar Allouche.\" \/>\n<link rel=\"canonical\" href=\"https:\/\/www.webdo.tn\/fr\/actualite\/regions\/tunisie-mandat-de-depot-a-l-encontre-de-l-ancien-maire-de-dar-allouche\/212669\/\" \/>\n<meta property=\"og:locale\" content=\"fr_FR\" \/>\n<meta property=\"og:type\" content=\"article\" \/>\n<meta property=\"og:title\" content=\"Tunisie : Mandat de d\u00e9p\u00f4t \u00e0 l\u2019encontre de l\u2019ancien maire de Dar Allouche\" \/>\n<meta property=\"og:description\" content=\"Le juge d&#039;instruction pr\u00e8s le tribunal de premi\u00e8re instance de Nabeul a \u00e9mis un mandat de d\u00e9p\u00f4t \u00e0 l\u2019encontre de l&#039;ancien maire de Dar Allouche.\" \/>\n<meta property=\"og:url\" content=\"https:\/\/www.webdo.tn\/fr\/actualite\/regions\/tunisie-mandat-de-depot-a-l-encontre-de-l-ancien-maire-de-dar-allouche\/212669\/\" \/>\n<meta property=\"og:site_name\" content=\"webdo\" \/>\n<meta property=\"article:publisher\" content=\"https:\/\/www.facebook.com\/webdotn\" \/>\n<meta property=\"article:published_time\" content=\"2024-03-01T10:35:00+00:00\" \/>\n<meta property=\"article:modified_time\" content=\"2025-05-20T22:12:07+00:00\" \/>\n<meta property=\"og:image\" content=\"https:\/\/www.webdo.tn\/fr\/wp-content\/uploads\/2024\/03\/8097c5eb940f03a951263636c421c17a.jpg\" \/>\n\t<meta property=\"og:image:width\" content=\"680\" \/>\n\t<meta property=\"og:image:height\" content=\"363\" \/>\n\t<meta property=\"og:image:type\" content=\"image\/jpeg\" \/>\n<meta name=\"author\" content=\"MC\" \/>\n<meta name=\"twitter:card\" content=\"summary_large_image\" \/>\n<meta name=\"twitter:creator\" content=\"@webdo_tn\" \/>\n<meta name=\"twitter:site\" content=\"@webdo_tn\" \/>\n<meta name=\"twitter:label1\" content=\"\u00c9crit par\" \/>\n\t<meta name=\"twitter:data1\" content=\"MC\" \/>\n\t<meta name=\"twitter:label2\" content=\"Dur\u00e9e de lecture estim\u00e9e\" \/>\n\t<meta name=\"twitter:data2\" content=\"1 minute\" \/>\n<script type=\"application\/ld+json\" class=\"yoast-schema-graph\">{\"@context\":\"https:\\\/\\\/schema.org\",\"@graph\":[{\"@type\":\"NewsArticle\",\"@id\":\"https:\\\/\\\/www.webdo.tn\\\/fr\\\/actualite\\\/regions\\\/tunisie-mandat-de-depot-a-l-encontre-de-l-ancien-maire-de-dar-allouche\\\/212669\\\/#article\",\"isPartOf\":{\"@id\":\"https:\\\/\\\/www.webdo.tn\\\/fr\\\/actualite\\\/regions\\\/tunisie-mandat-de-depot-a-l-encontre-de-l-ancien-maire-de-dar-allouche\\\/212669\\\/\"},\"author\":{\"name\":\"MC\",\"@id\":\"https:\\\/\\\/www.webdo.tn\\\/fr\\\/#\\\/schema\\\/person\\\/2c4929cbf5a809e3bd38617c6ce150f6\"},\"headline\":\"Tunisie : Mandat de d\u00e9p\u00f4t \u00e0 l\u2019encontre de l\u2019ancien maire de Dar Allouche\",\"datePublished\":\"2024-03-01T10:35:00+00:00\",\"dateModified\":\"2025-05-20T22:12:07+00:00\",\"mainEntityOfPage\":{\"@id\":\"https:\\\/\\\/www.webdo.tn\\\/fr\\\/actualite\\\/regions\\\/tunisie-mandat-de-depot-a-l-encontre-de-l-ancien-maire-de-dar-allouche\\\/212669\\\/\"},\"wordCount\":209,\"commentCount\":0,\"publisher\":{\"@id\":\"https:\\\/\\\/www.webdo.tn\\\/fr\\\/#organization\"},\"image\":{\"@id\":\"https:\\\/\\\/www.webdo.tn\\\/fr\\\/actualite\\\/regions\\\/tunisie-mandat-de-depot-a-l-encontre-de-l-ancien-maire-de-dar-allouche\\\/212669\\\/#primaryimage\"},\"thumbnailUrl\":\"https:\\\/\\\/www.webdo.tn\\\/fr\\\/wp-content\\\/uploads\\\/2024\\\/03\\\/8097c5eb940f03a951263636c421c17a.jpg\",\"keywords\":[\"'dar allouche']\",\"corruption\",\"Maire\",\"mandat de d\u00e9p\u00f4t\",\"Tunisie\"],\"articleSection\":[\"regions\"],\"inLanguage\":\"fr-FR\"},{\"@type\":\"WebPage\",\"@id\":\"https:\\\/\\\/www.webdo.tn\\\/fr\\\/actualite\\\/regions\\\/tunisie-mandat-de-depot-a-l-encontre-de-l-ancien-maire-de-dar-allouche\\\/212669\\\/\",\"url\":\"https:\\\/\\\/www.webdo.tn\\\/fr\\\/actualite\\\/regions\\\/tunisie-mandat-de-depot-a-l-encontre-de-l-ancien-maire-de-dar-allouche\\\/212669\\\/\",\"name\":\"Tunisie : Mandat de d\u00e9p\u00f4t \u00e0 l\u2019encontre de l\u2019ancien maire de Dar Allouche\",\"isPartOf\":{\"@id\":\"https:\\\/\\\/www.webdo.tn\\\/fr\\\/#website\"},\"primaryImageOfPage\":{\"@id\":\"https:\\\/\\\/www.webdo.tn\\\/fr\\\/actualite\\\/regions\\\/tunisie-mandat-de-depot-a-l-encontre-de-l-ancien-maire-de-dar-allouche\\\/212669\\\/#primaryimage\"},\"image\":{\"@id\":\"https:\\\/\\\/www.webdo.tn\\\/fr\\\/actualite\\\/regions\\\/tunisie-mandat-de-depot-a-l-encontre-de-l-ancien-maire-de-dar-allouche\\\/212669\\\/#primaryimage\"},\"thumbnailUrl\":\"https:\\\/\\\/www.webdo.tn\\\/fr\\\/wp-content\\\/uploads\\\/2024\\\/03\\\/8097c5eb940f03a951263636c421c17a.jpg\",\"datePublished\":\"2024-03-01T10:35:00+00:00\",\"dateModified\":\"2025-05-20T22:12:07+00:00\",\"description\":\"Le juge d'instruction pr\u00e8s le tribunal de premi\u00e8re instance de Nabeul a \u00e9mis un mandat de d\u00e9p\u00f4t \u00e0 l\u2019encontre de l'ancien maire de Dar Allouche.\",\"breadcrumb\":{\"@id\":\"https:\\\/\\\/www.webdo.tn\\\/fr\\\/actualite\\\/regions\\\/tunisie-mandat-de-depot-a-l-encontre-de-l-ancien-maire-de-dar-allouche\\\/212669\\\/#breadcrumb\"},\"inLanguage\":\"fr-FR\",\"potentialAction\":[{\"@type\":\"ReadAction\",\"target\":[\"https:\\\/\\\/www.webdo.tn\\\/fr\\\/actualite\\\/regions\\\/tunisie-mandat-de-depot-a-l-encontre-de-l-ancien-maire-de-dar-allouche\\\/212669\\\/\"]}]},{\"@type\":\"ImageObject\",\"inLanguage\":\"fr-FR\",\"@id\":\"https:\\\/\\\/www.webdo.tn\\\/fr\\\/actualite\\\/regions\\\/tunisie-mandat-de-depot-a-l-encontre-de-l-ancien-maire-de-dar-allouche\\\/212669\\\/#primaryimage\",\"url\":\"https:\\\/\\\/www.webdo.tn\\\/fr\\\/wp-content\\\/uploads\\\/2024\\\/03\\\/8097c5eb940f03a951263636c421c17a.jpg\",\"contentUrl\":\"https:\\\/\\\/www.webdo.tn\\\/fr\\\/wp-content\\\/uploads\\\/2024\\\/03\\\/8097c5eb940f03a951263636c421c17a.jpg\",\"width\":680,\"height\":363,\"caption\":\"Tunisie : Mandat de d\u00e9p\u00f4t \u00e0 l\u2019encontre de l\u2019ancien maire de Dar Allouche\"},{\"@type\":\"BreadcrumbList\",\"@id\":\"https:\\\/\\\/www.webdo.tn\\\/fr\\\/actualite\\\/regions\\\/tunisie-mandat-de-depot-a-l-encontre-de-l-ancien-maire-de-dar-allouche\\\/212669\\\/#breadcrumb\",\"itemListElement\":[{\"@type\":\"ListItem\",\"position\":1,\"name\":\"Accueil\",\"item\":\"https:\\\/\\\/www.webdo.tn\\\/fr\\\/\"},{\"@type\":\"ListItem\",\"position\":2,\"name\":\"Tunisie : Mandat de d\u00e9p\u00f4t \u00e0 l\u2019encontre de l\u2019ancien maire de Dar Allouche\"}]},{\"@type\":\"WebSite\",\"@id\":\"https:\\\/\\\/www.webdo.tn\\\/fr\\\/#website\",\"url\":\"https:\\\/\\\/www.webdo.tn\\\/fr\\\/\",\"name\":\"webdo\",\"description\":\"Tunisie - News en Tunisie et \u00e0 l&#039;international sur Webdo.tn\",\"publisher\":{\"@id\":\"https:\\\/\\\/www.webdo.tn\\\/fr\\\/#organization\"},\"potentialAction\":[{\"@type\":\"SearchAction\",\"target\":{\"@type\":\"EntryPoint\",\"urlTemplate\":\"https:\\\/\\\/www.webdo.tn\\\/fr\\\/?s={search_term_string}\"},\"query-input\":{\"@type\":\"PropertyValueSpecification\",\"valueRequired\":true,\"valueName\":\"search_term_string\"}}],\"inLanguage\":\"fr-FR\"},{\"@type\":\"Organization\",\"@id\":\"https:\\\/\\\/www.webdo.tn\\\/fr\\\/#organization\",\"name\":\"Webdo\",\"alternateName\":\"Webdo.tn\",\"url\":\"https:\\\/\\\/www.webdo.tn\\\/fr\\\/\",\"logo\":{\"@type\":\"ImageObject\",\"inLanguage\":\"fr-FR\",\"@id\":\"https:\\\/\\\/www.webdo.tn\\\/fr\\\/#\\\/schema\\\/logo\\\/image\\\/\",\"url\":\"https:\\\/\\\/www.webdo.tn\\\/fr\\\/wp-content\\\/uploads\\\/2025\\\/06\\\/Webdo-Tunisie_168377.jpg\",\"contentUrl\":\"https:\\\/\\\/www.webdo.tn\\\/fr\\\/wp-content\\\/uploads\\\/2025\\\/06\\\/Webdo-Tunisie_168377.jpg\",\"width\":301,\"height\":301,\"caption\":\"Webdo\"},\"image\":{\"@id\":\"https:\\\/\\\/www.webdo.tn\\\/fr\\\/#\\\/schema\\\/logo\\\/image\\\/\"},\"sameAs\":[\"https:\\\/\\\/www.facebook.com\\\/webdotn\",\"https:\\\/\\\/x.com\\\/webdo_tn\"],\"description\":\"Webdo est un m\u00e9dia num\u00e9rique tunisien fond\u00e9 en 2010, sp\u00e9cialis\u00e9 dans l\u2019actualit\u00e9 nationale et internationale, l\u2019\u00e9conomie, la soci\u00e9t\u00e9 et les analyses politiques. Le site s\u2019adresse \u00e0 un large public francophone et couvre l\u2019information tunisienne en temps r\u00e9el.\",\"email\":\"redac@webdo.tn\",\"legalName\":\"YNJ SARL\",\"foundingDate\":\"2010-09-06\",\"numberOfEmployees\":{\"@type\":\"QuantitativeValue\",\"minValue\":\"11\",\"maxValue\":\"50\"}},{\"@type\":\"Person\",\"@id\":\"https:\\\/\\\/www.webdo.tn\\\/fr\\\/#\\\/schema\\\/person\\\/2c4929cbf5a809e3bd38617c6ce150f6\",\"name\":\"MC\",\"image\":{\"@type\":\"ImageObject\",\"inLanguage\":\"fr-FR\",\"@id\":\"https:\\\/\\\/secure.gravatar.com\\\/avatar\\\/a545bbb6f84efdd5553dbbc2895e3ca8f1d12c5215e00a041c9670b54aa9b18a?s=96&d=mm&r=g\",\"url\":\"https:\\\/\\\/secure.gravatar.com\\\/avatar\\\/a545bbb6f84efdd5553dbbc2895e3ca8f1d12c5215e00a041c9670b54aa9b18a?s=96&d=mm&r=g\",\"contentUrl\":\"https:\\\/\\\/secure.gravatar.com\\\/avatar\\\/a545bbb6f84efdd5553dbbc2895e3ca8f1d12c5215e00a041c9670b54aa9b18a?s=96&d=mm&r=g\",\"caption\":\"MC\"},\"url\":\"https:\\\/\\\/www.webdo.tn\\\/fr\\\/actualite\\\/author\\\/mc\\\/\"}]}<\/script>\n<!-- \/ Yoast SEO Premium plugin. -->","yoast_head_json":{"title":"Tunisie : Mandat de d\u00e9p\u00f4t \u00e0 l\u2019encontre de l\u2019ancien maire de Dar Allouche","description":"Le juge d'instruction pr\u00e8s le tribunal de premi\u00e8re instance de Nabeul a \u00e9mis un mandat de d\u00e9p\u00f4t \u00e0 l\u2019encontre de l'ancien maire de Dar Allouche.","canonical":"https:\/\/www.webdo.tn\/fr\/actualite\/regions\/tunisie-mandat-de-depot-a-l-encontre-de-l-ancien-maire-de-dar-allouche\/212669\/","og_locale":"fr_FR","og_type":"article","og_title":"Tunisie : Mandat de d\u00e9p\u00f4t \u00e0 l\u2019encontre de l\u2019ancien maire de Dar Allouche","og_description":"Le juge d'instruction pr\u00e8s le tribunal de premi\u00e8re instance de Nabeul a \u00e9mis un mandat de d\u00e9p\u00f4t \u00e0 l\u2019encontre de l'ancien maire de Dar Allouche.","og_url":"https:\/\/www.webdo.tn\/fr\/actualite\/regions\/tunisie-mandat-de-depot-a-l-encontre-de-l-ancien-maire-de-dar-allouche\/212669\/","og_site_name":"webdo","article_publisher":"https:\/\/www.facebook.com\/webdotn","article_published_time":"2024-03-01T10:35:00+00:00","article_modified_time":"2025-05-20T22:12:07+00:00","og_image":[{"width":680,"height":363,"url":"https:\/\/www.webdo.tn\/fr\/wp-content\/uploads\/2024\/03\/8097c5eb940f03a951263636c421c17a.jpg","type":"image\/jpeg"}],"author":"MC","twitter_card":"summary_large_image","twitter_creator":"@webdo_tn","twitter_site":"@webdo_tn","twitter_misc":{"\u00c9crit par":"MC","Dur\u00e9e de lecture estim\u00e9e":"1 minute"},"schema":{"@context":"https:\/\/schema.org","@graph":[{"@type":"NewsArticle","@id":"https:\/\/www.webdo.tn\/fr\/actualite\/regions\/tunisie-mandat-de-depot-a-l-encontre-de-l-ancien-maire-de-dar-allouche\/212669\/#article","isPartOf":{"@id":"https:\/\/www.webdo.tn\/fr\/actualite\/regions\/tunisie-mandat-de-depot-a-l-encontre-de-l-ancien-maire-de-dar-allouche\/212669\/"},"author":{"name":"MC","@id":"https:\/\/www.webdo.tn\/fr\/#\/schema\/person\/2c4929cbf5a809e3bd38617c6ce150f6"},"headline":"Tunisie : Mandat de d\u00e9p\u00f4t \u00e0 l\u2019encontre de l\u2019ancien maire de Dar Allouche","datePublished":"2024-03-01T10:35:00+00:00","dateModified":"2025-05-20T22:12:07+00:00","mainEntityOfPage":{"@id":"https:\/\/www.webdo.tn\/fr\/actualite\/regions\/tunisie-mandat-de-depot-a-l-encontre-de-l-ancien-maire-de-dar-allouche\/212669\/"},"wordCount":209,"commentCount":0,"publisher":{"@id":"https:\/\/www.webdo.tn\/fr\/#organization"},"image":{"@id":"https:\/\/www.webdo.tn\/fr\/actualite\/regions\/tunisie-mandat-de-depot-a-l-encontre-de-l-ancien-maire-de-dar-allouche\/212669\/#primaryimage"},"thumbnailUrl":"https:\/\/www.webdo.tn\/fr\/wp-content\/uploads\/2024\/03\/8097c5eb940f03a951263636c421c17a.jpg","keywords":["'dar allouche']","corruption","Maire","mandat de d\u00e9p\u00f4t","Tunisie"],"articleSection":["regions"],"inLanguage":"fr-FR"},{"@type":"WebPage","@id":"https:\/\/www.webdo.tn\/fr\/actualite\/regions\/tunisie-mandat-de-depot-a-l-encontre-de-l-ancien-maire-de-dar-allouche\/212669\/","url":"https:\/\/www.webdo.tn\/fr\/actualite\/regions\/tunisie-mandat-de-depot-a-l-encontre-de-l-ancien-maire-de-dar-allouche\/212669\/","name":"Tunisie : Mandat de d\u00e9p\u00f4t \u00e0 l\u2019encontre de l\u2019ancien maire de Dar Allouche","isPartOf":{"@id":"https:\/\/www.webdo.tn\/fr\/#website"},"primaryImageOfPage":{"@id":"https:\/\/www.webdo.tn\/fr\/actualite\/regions\/tunisie-mandat-de-depot-a-l-encontre-de-l-ancien-maire-de-dar-allouche\/212669\/#primaryimage"},"image":{"@id":"https:\/\/www.webdo.tn\/fr\/actualite\/regions\/tunisie-mandat-de-depot-a-l-encontre-de-l-ancien-maire-de-dar-allouche\/212669\/#primaryimage"},"thumbnailUrl":"https:\/\/www.webdo.tn\/fr\/wp-content\/uploads\/2024\/03\/8097c5eb940f03a951263636c421c17a.jpg","datePublished":"2024-03-01T10:35:00+00:00","dateModified":"2025-05-20T22:12:07+00:00","description":"Le juge d'instruction pr\u00e8s le tribunal de premi\u00e8re instance de Nabeul a \u00e9mis un mandat de d\u00e9p\u00f4t \u00e0 l\u2019encontre de l'ancien maire de Dar Allouche.","breadcrumb":{"@id":"https:\/\/www.webdo.tn\/fr\/actualite\/regions\/tunisie-mandat-de-depot-a-l-encontre-de-l-ancien-maire-de-dar-allouche\/212669\/#breadcrumb"},"inLanguage":"fr-FR","potentialAction":[{"@type":"ReadAction","target":["https:\/\/www.webdo.tn\/fr\/actualite\/regions\/tunisie-mandat-de-depot-a-l-encontre-de-l-ancien-maire-de-dar-allouche\/212669\/"]}]},{"@type":"ImageObject","inLanguage":"fr-FR","@id":"https:\/\/www.webdo.tn\/fr\/actualite\/regions\/tunisie-mandat-de-depot-a-l-encontre-de-l-ancien-maire-de-dar-allouche\/212669\/#primaryimage","url":"https:\/\/www.webdo.tn\/fr\/wp-content\/uploads\/2024\/03\/8097c5eb940f03a951263636c421c17a.jpg","contentUrl":"https:\/\/www.webdo.tn\/fr\/wp-content\/uploads\/2024\/03\/8097c5eb940f03a951263636c421c17a.jpg","width":680,"height":363,"caption":"Tunisie : Mandat de d\u00e9p\u00f4t \u00e0 l\u2019encontre de l\u2019ancien maire de Dar Allouche"},{"@type":"BreadcrumbList","@id":"https:\/\/www.webdo.tn\/fr\/actualite\/regions\/tunisie-mandat-de-depot-a-l-encontre-de-l-ancien-maire-de-dar-allouche\/212669\/#breadcrumb","itemListElement":[{"@type":"ListItem","position":1,"name":"Accueil","item":"https:\/\/www.webdo.tn\/fr\/"},{"@type":"ListItem","position":2,"name":"Tunisie : Mandat de d\u00e9p\u00f4t \u00e0 l\u2019encontre de l\u2019ancien maire de Dar Allouche"}]},{"@type":"WebSite","@id":"https:\/\/www.webdo.tn\/fr\/#website","url":"https:\/\/www.webdo.tn\/fr\/","name":"webdo","description":"Tunisie - News en Tunisie et \u00e0 l&#039;international sur Webdo.tn","publisher":{"@id":"https:\/\/www.webdo.tn\/fr\/#organization"},"potentialAction":[{"@type":"SearchAction","target":{"@type":"EntryPoint","urlTemplate":"https:\/\/www.webdo.tn\/fr\/?s={search_term_string}"},"query-input":{"@type":"PropertyValueSpecification","valueRequired":true,"valueName":"search_term_string"}}],"inLanguage":"fr-FR"},{"@type":"Organization","@id":"https:\/\/www.webdo.tn\/fr\/#organization","name":"Webdo","alternateName":"Webdo.tn","url":"https:\/\/www.webdo.tn\/fr\/","logo":{"@type":"ImageObject","inLanguage":"fr-FR","@id":"https:\/\/www.webdo.tn\/fr\/#\/schema\/logo\/image\/","url":"https:\/\/www.webdo.tn\/fr\/wp-content\/uploads\/2025\/06\/Webdo-Tunisie_168377.jpg","contentUrl":"https:\/\/www.webdo.tn\/fr\/wp-content\/uploads\/2025\/06\/Webdo-Tunisie_168377.jpg","width":301,"height":301,"caption":"Webdo"},"image":{"@id":"https:\/\/www.webdo.tn\/fr\/#\/schema\/logo\/image\/"},"sameAs":["https:\/\/www.facebook.com\/webdotn","https:\/\/x.com\/webdo_tn"],"description":"Webdo est un m\u00e9dia num\u00e9rique tunisien fond\u00e9 en 2010, sp\u00e9cialis\u00e9 dans l\u2019actualit\u00e9 nationale et internationale, l\u2019\u00e9conomie, la soci\u00e9t\u00e9 et les analyses politiques. Le site s\u2019adresse \u00e0 un large public francophone et couvre l\u2019information tunisienne en temps r\u00e9el.","email":"redac@webdo.tn","legalName":"YNJ SARL","foundingDate":"2010-09-06","numberOfEmployees":{"@type":"QuantitativeValue","minValue":"11","maxValue":"50"}},{"@type":"Person","@id":"https:\/\/www.webdo.tn\/fr\/#\/schema\/person\/2c4929cbf5a809e3bd38617c6ce150f6","name":"MC","image":{"@type":"ImageObject","inLanguage":"fr-FR","@id":"https:\/\/secure.gravatar.com\/avatar\/a545bbb6f84efdd5553dbbc2895e3ca8f1d12c5215e00a041c9670b54aa9b18a?s=96&d=mm&r=g","url":"https:\/\/secure.gravatar.com\/avatar\/a545bbb6f84efdd5553dbbc2895e3ca8f1d12c5215e00a041c9670b54aa9b18a?s=96&d=mm&r=g","contentUrl":"https:\/\/secure.gravatar.com\/avatar\/a545bbb6f84efdd5553dbbc2895e3ca8f1d12c5215e00a041c9670b54aa9b18a?s=96&d=mm&r=g","caption":"MC"},"url":"https:\/\/www.webdo.tn\/fr\/actualite\/author\/mc\/"}]}},"_links":{"self":[{"href":"https:\/\/www.webdo.tn\/fr\/wp-json\/wp\/v2\/posts\/212669","targetHints":{"allow":["GET"]}}],"collection":[{"href":"https:\/\/www.webdo.tn\/fr\/wp-json\/wp\/v2\/posts"}],"about":[{"href":"https:\/\/www.webdo.tn\/fr\/wp-json\/wp\/v2\/types\/post"}],"author":[{"embeddable":true,"href":"https:\/\/www.webdo.tn\/fr\/wp-json\/wp\/v2\/users\/3162"}],"replies":[{"embeddable":true,"href":"https:\/\/www.webdo.tn\/fr\/wp-json\/wp\/v2\/comments?post=212669"}],"version-history":[{"count":0,"href":"https:\/\/www.webdo.tn\/fr\/wp-json\/wp\/v2\/posts\/212669\/revisions"}],"wp:featuredmedia":[{"embeddable":true,"href":"https:\/\/www.webdo.tn\/fr\/wp-json\/wp\/v2\/media\/290300"}],"wp:attachment":[{"href":"https:\/\/www.webdo.tn\/fr\/wp-json\/wp\/v2\/media?parent=212669"}],"wp:term":[{"taxonomy":"category","embeddable":true,"href":"https:\/\/www.webdo.tn\/fr\/wp-json\/wp\/v2\/categories?post=212669"},{"taxonomy":"post_tag","embeddable":true,"href":"https:\/\/www.webdo.tn\/fr\/wp-json\/wp\/v2\/tags?post=212669"}],"curies":[{"name":"wp","href":"https:\/\/api.w.org\/{rel}","templated":true}]}}