{"id":212663,"date":"2024-03-01T09:08:00","date_gmt":"2024-03-01T09:08:00","guid":{"rendered":"https:\/\/www.webdo.tn\/fr\/blog\/tunisie-abir-moussi-condamnee-a-une-amende-de-5000-dinars\/212663\/"},"modified":"2025-05-20T22:12:05","modified_gmt":"2025-05-20T22:12:05","slug":"tunisie-abir-moussi-condamnee-a-une-amende-de-5000-dinars","status":"publish","type":"post","link":"https:\/\/www.webdo.tn\/fr\/actualite\/national\/tunisie-abir-moussi-condamnee-a-une-amende-de-5000-dinars\/212663\/","title":{"rendered":"Tunisie : Abir Moussi condamn\u00e9e \u00e0 une amende de 5000 dinars"},"content":{"rendered":"<p>Abir Moussi, actuellement en prison pour d\u2019autres affaires,  a \u00e9t\u00e9 condamn\u00e9e, jeudi 29 f\u00e9vrier 2024 par la Chambre p\u00e9nale du Tribunal de premi\u00e8re instance de Tunis pour une affaire relative \u00e0 la violation de l&rsquo;interdiction de la publicit\u00e9 politique lors de l\u2019\u00e9lection pr\u00e9sidentielle de 2019.<\/p>\n<p>\t\t\t\t\t\t\t\t\tLa Chambre p\u00e9nale du Tribunal de premi\u00e8re instance de Tunis a d\u00e9cid\u00e9 d&rsquo;infliger une amende de 5000 dinars \u00e0 la pr\u00e9sidente du Parti destourien libre, Abir Moussi, pour violation de la loi relative \u00e0 l&rsquo;interdiction de la publicit\u00e9 politique.<\/p>\n<p>Cette amende s\u2019inscrit dans le cadre du rapport \u00e9mis par la Cour des comptes concernant les d\u00e9lits et infractions \u00e9lectorales.<\/p>\n<p>Abir Moussi fait l&rsquo;objet de trois mandats de d\u00e9p\u00f4t. Le premier a \u00e9t\u00e9 \u00e9mis le 5 octobre 2023 pour \u00ab\u00a0provocation intentionnelle de troubles sur le territoire tunisien\u00a0\u00bb, \u00ab\u00a0entrave \u00e0 la libert\u00e9 du travail\u00a0\u00bb et \u00ab\u00a0traitement de donn\u00e9es personnelles sans le consentement de la personne concern\u00e9e\u00a0\u00bb.<\/p>\n<p>Le deuxi\u00e8me mandat de d\u00e9p\u00f4t \u00e9mis \u00e0 son encontre fait suite \u00e0 une plainte d\u00e9pos\u00e9e contre elle par l&rsquo;Instance Sup\u00e9rieure Ind\u00e9pendante pour les \u00c9lections en vertu du d\u00e9cret num\u00e9ro 54.<\/p>\n<p>Le juge d&rsquo;instruction aupr\u00e8s du Tribunal de premi\u00e8re instance de Tunis a \u00e9mis, le 21 f\u00e9vrier 2024, un nouveau mandat de d\u00e9p\u00f4t contre Abir Moussi suite \u00e0 une plainte d\u00e9pos\u00e9e par l&rsquo;Instance sup\u00e9rieure ind\u00e9pendante pour les \u00e9lections (ISIE), conform\u00e9ment \u00e0 l&rsquo;article 24 du d\u00e9cret 54. \u00a0<\/p>\n<p>Dans le m\u00eame contexte, rappelons que Rached Ghannouchi et Rafik Abdessalem ont \u00e9t\u00e9 condamn\u00e9s \u00e0 trois ans de prison ferme, dans l\u2019affaire du financement \u00e9tranger du parti Ennahdha conform\u00e9ment au rapport de la Cour des comptes.<\/p>\n","protected":false},"excerpt":{"rendered":"<p>La Chambre p\u00e9nale du Tribunal de premi\u00e8re instance de Tunis a d\u00e9cid\u00e9 d&rsquo;infliger une amende de 5000 dinars \u00e0 la pr\u00e9sidente du Parti destourien libre, Abir Moussi&#8230;<\/p>\n","protected":false},"author":3162,"featured_media":290299,"comment_status":"open","ping_status":"closed","sticky":false,"template":"","format":"standard","meta":{"footnotes":""},"categories":[44],"tags":[10034,10035,2926,3137,6993],"class_list":["post-212663","post","type-post","status-publish","format-standard","has-post-thumbnail","hentry","category-national","tag-cour-des-comptes","tag-elections-2019","tag-abir-moussi","tag-amende","tag-publicite-politique"],"yoast_head":"<!-- This site is optimized with the Yoast SEO Premium plugin v27.5 (Yoast SEO v27.5) - https:\/\/yoast.com\/product\/yoast-seo-premium-wordpress\/ -->\n<title>Tunisie : Abir Moussi condamn\u00e9e \u00e0 une amende de 5000 dinars<\/title>\n<meta name=\"description\" content=\"La Chambre p\u00e9nale du Tribunal de premi\u00e8re instance de Tunis a d\u00e9cid\u00e9 d&#039;infliger une amende de 5000 dinars \u00e0 la pr\u00e9sidente du Parti destourien libre, Abir Moussi...\" \/>\n<link rel=\"canonical\" href=\"https:\/\/www.webdo.tn\/fr\/actualite\/national\/tunisie-abir-moussi-condamnee-a-une-amende-de-5000-dinars\/212663\/\" \/>\n<meta property=\"og:locale\" content=\"fr_FR\" \/>\n<meta property=\"og:type\" content=\"article\" \/>\n<meta property=\"og:title\" content=\"Tunisie : Abir Moussi condamn\u00e9e \u00e0 une amende de 5000 dinars\" \/>\n<meta property=\"og:description\" content=\"La Chambre p\u00e9nale du Tribunal de premi\u00e8re instance de Tunis a d\u00e9cid\u00e9 d&#039;infliger une amende de 5000 dinars \u00e0 la pr\u00e9sidente du Parti destourien libre, Abir Moussi...\" \/>\n<meta property=\"og:url\" content=\"https:\/\/www.webdo.tn\/fr\/actualite\/national\/tunisie-abir-moussi-condamnee-a-une-amende-de-5000-dinars\/212663\/\" \/>\n<meta property=\"og:site_name\" content=\"webdo\" \/>\n<meta property=\"article:publisher\" content=\"https:\/\/www.facebook.com\/webdotn\" \/>\n<meta property=\"article:published_time\" content=\"2024-03-01T09:08:00+00:00\" \/>\n<meta property=\"article:modified_time\" content=\"2025-05-20T22:12:05+00:00\" \/>\n<meta property=\"og:image\" content=\"https:\/\/www.webdo.tn\/fr\/wp-content\/uploads\/2024\/03\/a80566d44b995e2e2614203330a72d6d.jpg\" \/>\n\t<meta property=\"og:image:width\" content=\"750\" \/>\n\t<meta property=\"og:image:height\" content=\"400\" \/>\n\t<meta property=\"og:image:type\" content=\"image\/jpeg\" \/>\n<meta name=\"author\" content=\"MC\" \/>\n<meta name=\"twitter:card\" content=\"summary_large_image\" \/>\n<meta name=\"twitter:creator\" content=\"@webdo_tn\" \/>\n<meta name=\"twitter:site\" content=\"@webdo_tn\" \/>\n<meta name=\"twitter:label1\" content=\"\u00c9crit par\" \/>\n\t<meta name=\"twitter:data1\" content=\"MC\" \/>\n\t<meta name=\"twitter:label2\" content=\"Dur\u00e9e de lecture estim\u00e9e\" \/>\n\t<meta name=\"twitter:data2\" content=\"1 minute\" \/>\n<script type=\"application\/ld+json\" class=\"yoast-schema-graph\">{\"@context\":\"https:\\\/\\\/schema.org\",\"@graph\":[{\"@type\":\"NewsArticle\",\"@id\":\"https:\\\/\\\/www.webdo.tn\\\/fr\\\/actualite\\\/national\\\/tunisie-abir-moussi-condamnee-a-une-amende-de-5000-dinars\\\/212663\\\/#article\",\"isPartOf\":{\"@id\":\"https:\\\/\\\/www.webdo.tn\\\/fr\\\/actualite\\\/national\\\/tunisie-abir-moussi-condamnee-a-une-amende-de-5000-dinars\\\/212663\\\/\"},\"author\":{\"name\":\"MC\",\"@id\":\"https:\\\/\\\/www.webdo.tn\\\/fr\\\/#\\\/schema\\\/person\\\/2c4929cbf5a809e3bd38617c6ce150f6\"},\"headline\":\"Tunisie : Abir Moussi condamn\u00e9e \u00e0 une amende de 5000 dinars\",\"datePublished\":\"2024-03-01T09:08:00+00:00\",\"dateModified\":\"2025-05-20T22:12:05+00:00\",\"mainEntityOfPage\":{\"@id\":\"https:\\\/\\\/www.webdo.tn\\\/fr\\\/actualite\\\/national\\\/tunisie-abir-moussi-condamnee-a-une-amende-de-5000-dinars\\\/212663\\\/\"},\"wordCount\":298,\"commentCount\":0,\"publisher\":{\"@id\":\"https:\\\/\\\/www.webdo.tn\\\/fr\\\/#organization\"},\"image\":{\"@id\":\"https:\\\/\\\/www.webdo.tn\\\/fr\\\/actualite\\\/national\\\/tunisie-abir-moussi-condamnee-a-une-amende-de-5000-dinars\\\/212663\\\/#primaryimage\"},\"thumbnailUrl\":\"https:\\\/\\\/www.webdo.tn\\\/fr\\\/wp-content\\\/uploads\\\/2024\\\/03\\\/a80566d44b995e2e2614203330a72d6d.jpg\",\"keywords\":[\"'cour des comptes'\",\"'\u00e9lections 2019']\",\"Abir Moussi\",\"amende\",\"publicit\u00e9 politique\"],\"articleSection\":[\"National\"],\"inLanguage\":\"fr-FR\"},{\"@type\":\"WebPage\",\"@id\":\"https:\\\/\\\/www.webdo.tn\\\/fr\\\/actualite\\\/national\\\/tunisie-abir-moussi-condamnee-a-une-amende-de-5000-dinars\\\/212663\\\/\",\"url\":\"https:\\\/\\\/www.webdo.tn\\\/fr\\\/actualite\\\/national\\\/tunisie-abir-moussi-condamnee-a-une-amende-de-5000-dinars\\\/212663\\\/\",\"name\":\"Tunisie : Abir Moussi condamn\u00e9e \u00e0 une amende de 5000 dinars\",\"isPartOf\":{\"@id\":\"https:\\\/\\\/www.webdo.tn\\\/fr\\\/#website\"},\"primaryImageOfPage\":{\"@id\":\"https:\\\/\\\/www.webdo.tn\\\/fr\\\/actualite\\\/national\\\/tunisie-abir-moussi-condamnee-a-une-amende-de-5000-dinars\\\/212663\\\/#primaryimage\"},\"image\":{\"@id\":\"https:\\\/\\\/www.webdo.tn\\\/fr\\\/actualite\\\/national\\\/tunisie-abir-moussi-condamnee-a-une-amende-de-5000-dinars\\\/212663\\\/#primaryimage\"},\"thumbnailUrl\":\"https:\\\/\\\/www.webdo.tn\\\/fr\\\/wp-content\\\/uploads\\\/2024\\\/03\\\/a80566d44b995e2e2614203330a72d6d.jpg\",\"datePublished\":\"2024-03-01T09:08:00+00:00\",\"dateModified\":\"2025-05-20T22:12:05+00:00\",\"description\":\"La Chambre p\u00e9nale du Tribunal de premi\u00e8re instance de Tunis a d\u00e9cid\u00e9 d'infliger une amende de 5000 dinars \u00e0 la pr\u00e9sidente du Parti destourien libre, Abir Moussi...\",\"breadcrumb\":{\"@id\":\"https:\\\/\\\/www.webdo.tn\\\/fr\\\/actualite\\\/national\\\/tunisie-abir-moussi-condamnee-a-une-amende-de-5000-dinars\\\/212663\\\/#breadcrumb\"},\"inLanguage\":\"fr-FR\",\"potentialAction\":[{\"@type\":\"ReadAction\",\"target\":[\"https:\\\/\\\/www.webdo.tn\\\/fr\\\/actualite\\\/national\\\/tunisie-abir-moussi-condamnee-a-une-amende-de-5000-dinars\\\/212663\\\/\"]}]},{\"@type\":\"ImageObject\",\"inLanguage\":\"fr-FR\",\"@id\":\"https:\\\/\\\/www.webdo.tn\\\/fr\\\/actualite\\\/national\\\/tunisie-abir-moussi-condamnee-a-une-amende-de-5000-dinars\\\/212663\\\/#primaryimage\",\"url\":\"https:\\\/\\\/www.webdo.tn\\\/fr\\\/wp-content\\\/uploads\\\/2024\\\/03\\\/a80566d44b995e2e2614203330a72d6d.jpg\",\"contentUrl\":\"https:\\\/\\\/www.webdo.tn\\\/fr\\\/wp-content\\\/uploads\\\/2024\\\/03\\\/a80566d44b995e2e2614203330a72d6d.jpg\",\"width\":750,\"height\":400,\"caption\":\"Tunisie : Abir Moussi condamn\u00e9e \u00e0 une amende de 5000 dinars\"},{\"@type\":\"BreadcrumbList\",\"@id\":\"https:\\\/\\\/www.webdo.tn\\\/fr\\\/actualite\\\/national\\\/tunisie-abir-moussi-condamnee-a-une-amende-de-5000-dinars\\\/212663\\\/#breadcrumb\",\"itemListElement\":[{\"@type\":\"ListItem\",\"position\":1,\"name\":\"Accueil\",\"item\":\"https:\\\/\\\/www.webdo.tn\\\/fr\\\/\"},{\"@type\":\"ListItem\",\"position\":2,\"name\":\"Tunisie : Abir Moussi condamn\u00e9e \u00e0 une amende de 5000 dinars\"}]},{\"@type\":\"WebSite\",\"@id\":\"https:\\\/\\\/www.webdo.tn\\\/fr\\\/#website\",\"url\":\"https:\\\/\\\/www.webdo.tn\\\/fr\\\/\",\"name\":\"webdo\",\"description\":\"Tunisie - News en Tunisie et \u00e0 l&#039;international sur Webdo.tn\",\"publisher\":{\"@id\":\"https:\\\/\\\/www.webdo.tn\\\/fr\\\/#organization\"},\"potentialAction\":[{\"@type\":\"SearchAction\",\"target\":{\"@type\":\"EntryPoint\",\"urlTemplate\":\"https:\\\/\\\/www.webdo.tn\\\/fr\\\/?s={search_term_string}\"},\"query-input\":{\"@type\":\"PropertyValueSpecification\",\"valueRequired\":true,\"valueName\":\"search_term_string\"}}],\"inLanguage\":\"fr-FR\"},{\"@type\":\"Organization\",\"@id\":\"https:\\\/\\\/www.webdo.tn\\\/fr\\\/#organization\",\"name\":\"Webdo\",\"alternateName\":\"Webdo.tn\",\"url\":\"https:\\\/\\\/www.webdo.tn\\\/fr\\\/\",\"logo\":{\"@type\":\"ImageObject\",\"inLanguage\":\"fr-FR\",\"@id\":\"https:\\\/\\\/www.webdo.tn\\\/fr\\\/#\\\/schema\\\/logo\\\/image\\\/\",\"url\":\"https:\\\/\\\/www.webdo.tn\\\/fr\\\/wp-content\\\/uploads\\\/2025\\\/06\\\/Webdo-Tunisie_168377.jpg\",\"contentUrl\":\"https:\\\/\\\/www.webdo.tn\\\/fr\\\/wp-content\\\/uploads\\\/2025\\\/06\\\/Webdo-Tunisie_168377.jpg\",\"width\":301,\"height\":301,\"caption\":\"Webdo\"},\"image\":{\"@id\":\"https:\\\/\\\/www.webdo.tn\\\/fr\\\/#\\\/schema\\\/logo\\\/image\\\/\"},\"sameAs\":[\"https:\\\/\\\/www.facebook.com\\\/webdotn\",\"https:\\\/\\\/x.com\\\/webdo_tn\"],\"description\":\"Webdo est un m\u00e9dia num\u00e9rique tunisien fond\u00e9 en 2010, sp\u00e9cialis\u00e9 dans l\u2019actualit\u00e9 nationale et internationale, l\u2019\u00e9conomie, la soci\u00e9t\u00e9 et les analyses politiques. Le site s\u2019adresse \u00e0 un large public francophone et couvre l\u2019information tunisienne en temps r\u00e9el.\",\"email\":\"redac@webdo.tn\",\"legalName\":\"YNJ SARL\",\"foundingDate\":\"2010-09-06\",\"numberOfEmployees\":{\"@type\":\"QuantitativeValue\",\"minValue\":\"11\",\"maxValue\":\"50\"}},{\"@type\":\"Person\",\"@id\":\"https:\\\/\\\/www.webdo.tn\\\/fr\\\/#\\\/schema\\\/person\\\/2c4929cbf5a809e3bd38617c6ce150f6\",\"name\":\"MC\",\"image\":{\"@type\":\"ImageObject\",\"inLanguage\":\"fr-FR\",\"@id\":\"https:\\\/\\\/secure.gravatar.com\\\/avatar\\\/a545bbb6f84efdd5553dbbc2895e3ca8f1d12c5215e00a041c9670b54aa9b18a?s=96&d=mm&r=g\",\"url\":\"https:\\\/\\\/secure.gravatar.com\\\/avatar\\\/a545bbb6f84efdd5553dbbc2895e3ca8f1d12c5215e00a041c9670b54aa9b18a?s=96&d=mm&r=g\",\"contentUrl\":\"https:\\\/\\\/secure.gravatar.com\\\/avatar\\\/a545bbb6f84efdd5553dbbc2895e3ca8f1d12c5215e00a041c9670b54aa9b18a?s=96&d=mm&r=g\",\"caption\":\"MC\"},\"url\":\"https:\\\/\\\/www.webdo.tn\\\/fr\\\/actualite\\\/author\\\/mc\\\/\"}]}<\/script>\n<!-- \/ Yoast SEO Premium plugin. -->","yoast_head_json":{"title":"Tunisie : Abir Moussi condamn\u00e9e \u00e0 une amende de 5000 dinars","description":"La Chambre p\u00e9nale du Tribunal de premi\u00e8re instance de Tunis a d\u00e9cid\u00e9 d'infliger une amende de 5000 dinars \u00e0 la pr\u00e9sidente du Parti destourien libre, Abir Moussi...","canonical":"https:\/\/www.webdo.tn\/fr\/actualite\/national\/tunisie-abir-moussi-condamnee-a-une-amende-de-5000-dinars\/212663\/","og_locale":"fr_FR","og_type":"article","og_title":"Tunisie : Abir Moussi condamn\u00e9e \u00e0 une amende de 5000 dinars","og_description":"La Chambre p\u00e9nale du Tribunal de premi\u00e8re instance de Tunis a d\u00e9cid\u00e9 d'infliger une amende de 5000 dinars \u00e0 la pr\u00e9sidente du Parti destourien libre, Abir Moussi...","og_url":"https:\/\/www.webdo.tn\/fr\/actualite\/national\/tunisie-abir-moussi-condamnee-a-une-amende-de-5000-dinars\/212663\/","og_site_name":"webdo","article_publisher":"https:\/\/www.facebook.com\/webdotn","article_published_time":"2024-03-01T09:08:00+00:00","article_modified_time":"2025-05-20T22:12:05+00:00","og_image":[{"width":750,"height":400,"url":"https:\/\/www.webdo.tn\/fr\/wp-content\/uploads\/2024\/03\/a80566d44b995e2e2614203330a72d6d.jpg","type":"image\/jpeg"}],"author":"MC","twitter_card":"summary_large_image","twitter_creator":"@webdo_tn","twitter_site":"@webdo_tn","twitter_misc":{"\u00c9crit par":"MC","Dur\u00e9e de lecture estim\u00e9e":"1 minute"},"schema":{"@context":"https:\/\/schema.org","@graph":[{"@type":"NewsArticle","@id":"https:\/\/www.webdo.tn\/fr\/actualite\/national\/tunisie-abir-moussi-condamnee-a-une-amende-de-5000-dinars\/212663\/#article","isPartOf":{"@id":"https:\/\/www.webdo.tn\/fr\/actualite\/national\/tunisie-abir-moussi-condamnee-a-une-amende-de-5000-dinars\/212663\/"},"author":{"name":"MC","@id":"https:\/\/www.webdo.tn\/fr\/#\/schema\/person\/2c4929cbf5a809e3bd38617c6ce150f6"},"headline":"Tunisie : Abir Moussi condamn\u00e9e \u00e0 une amende de 5000 dinars","datePublished":"2024-03-01T09:08:00+00:00","dateModified":"2025-05-20T22:12:05+00:00","mainEntityOfPage":{"@id":"https:\/\/www.webdo.tn\/fr\/actualite\/national\/tunisie-abir-moussi-condamnee-a-une-amende-de-5000-dinars\/212663\/"},"wordCount":298,"commentCount":0,"publisher":{"@id":"https:\/\/www.webdo.tn\/fr\/#organization"},"image":{"@id":"https:\/\/www.webdo.tn\/fr\/actualite\/national\/tunisie-abir-moussi-condamnee-a-une-amende-de-5000-dinars\/212663\/#primaryimage"},"thumbnailUrl":"https:\/\/www.webdo.tn\/fr\/wp-content\/uploads\/2024\/03\/a80566d44b995e2e2614203330a72d6d.jpg","keywords":["'cour des comptes'","'\u00e9lections 2019']","Abir Moussi","amende","publicit\u00e9 politique"],"articleSection":["National"],"inLanguage":"fr-FR"},{"@type":"WebPage","@id":"https:\/\/www.webdo.tn\/fr\/actualite\/national\/tunisie-abir-moussi-condamnee-a-une-amende-de-5000-dinars\/212663\/","url":"https:\/\/www.webdo.tn\/fr\/actualite\/national\/tunisie-abir-moussi-condamnee-a-une-amende-de-5000-dinars\/212663\/","name":"Tunisie : Abir Moussi condamn\u00e9e \u00e0 une amende de 5000 dinars","isPartOf":{"@id":"https:\/\/www.webdo.tn\/fr\/#website"},"primaryImageOfPage":{"@id":"https:\/\/www.webdo.tn\/fr\/actualite\/national\/tunisie-abir-moussi-condamnee-a-une-amende-de-5000-dinars\/212663\/#primaryimage"},"image":{"@id":"https:\/\/www.webdo.tn\/fr\/actualite\/national\/tunisie-abir-moussi-condamnee-a-une-amende-de-5000-dinars\/212663\/#primaryimage"},"thumbnailUrl":"https:\/\/www.webdo.tn\/fr\/wp-content\/uploads\/2024\/03\/a80566d44b995e2e2614203330a72d6d.jpg","datePublished":"2024-03-01T09:08:00+00:00","dateModified":"2025-05-20T22:12:05+00:00","description":"La Chambre p\u00e9nale du Tribunal de premi\u00e8re instance de Tunis a d\u00e9cid\u00e9 d'infliger une amende de 5000 dinars \u00e0 la pr\u00e9sidente du Parti destourien libre, Abir Moussi...","breadcrumb":{"@id":"https:\/\/www.webdo.tn\/fr\/actualite\/national\/tunisie-abir-moussi-condamnee-a-une-amende-de-5000-dinars\/212663\/#breadcrumb"},"inLanguage":"fr-FR","potentialAction":[{"@type":"ReadAction","target":["https:\/\/www.webdo.tn\/fr\/actualite\/national\/tunisie-abir-moussi-condamnee-a-une-amende-de-5000-dinars\/212663\/"]}]},{"@type":"ImageObject","inLanguage":"fr-FR","@id":"https:\/\/www.webdo.tn\/fr\/actualite\/national\/tunisie-abir-moussi-condamnee-a-une-amende-de-5000-dinars\/212663\/#primaryimage","url":"https:\/\/www.webdo.tn\/fr\/wp-content\/uploads\/2024\/03\/a80566d44b995e2e2614203330a72d6d.jpg","contentUrl":"https:\/\/www.webdo.tn\/fr\/wp-content\/uploads\/2024\/03\/a80566d44b995e2e2614203330a72d6d.jpg","width":750,"height":400,"caption":"Tunisie : Abir Moussi condamn\u00e9e \u00e0 une amende de 5000 dinars"},{"@type":"BreadcrumbList","@id":"https:\/\/www.webdo.tn\/fr\/actualite\/national\/tunisie-abir-moussi-condamnee-a-une-amende-de-5000-dinars\/212663\/#breadcrumb","itemListElement":[{"@type":"ListItem","position":1,"name":"Accueil","item":"https:\/\/www.webdo.tn\/fr\/"},{"@type":"ListItem","position":2,"name":"Tunisie : Abir Moussi condamn\u00e9e \u00e0 une amende de 5000 dinars"}]},{"@type":"WebSite","@id":"https:\/\/www.webdo.tn\/fr\/#website","url":"https:\/\/www.webdo.tn\/fr\/","name":"webdo","description":"Tunisie - News en Tunisie et \u00e0 l&#039;international sur Webdo.tn","publisher":{"@id":"https:\/\/www.webdo.tn\/fr\/#organization"},"potentialAction":[{"@type":"SearchAction","target":{"@type":"EntryPoint","urlTemplate":"https:\/\/www.webdo.tn\/fr\/?s={search_term_string}"},"query-input":{"@type":"PropertyValueSpecification","valueRequired":true,"valueName":"search_term_string"}}],"inLanguage":"fr-FR"},{"@type":"Organization","@id":"https:\/\/www.webdo.tn\/fr\/#organization","name":"Webdo","alternateName":"Webdo.tn","url":"https:\/\/www.webdo.tn\/fr\/","logo":{"@type":"ImageObject","inLanguage":"fr-FR","@id":"https:\/\/www.webdo.tn\/fr\/#\/schema\/logo\/image\/","url":"https:\/\/www.webdo.tn\/fr\/wp-content\/uploads\/2025\/06\/Webdo-Tunisie_168377.jpg","contentUrl":"https:\/\/www.webdo.tn\/fr\/wp-content\/uploads\/2025\/06\/Webdo-Tunisie_168377.jpg","width":301,"height":301,"caption":"Webdo"},"image":{"@id":"https:\/\/www.webdo.tn\/fr\/#\/schema\/logo\/image\/"},"sameAs":["https:\/\/www.facebook.com\/webdotn","https:\/\/x.com\/webdo_tn"],"description":"Webdo est un m\u00e9dia num\u00e9rique tunisien fond\u00e9 en 2010, sp\u00e9cialis\u00e9 dans l\u2019actualit\u00e9 nationale et internationale, l\u2019\u00e9conomie, la soci\u00e9t\u00e9 et les analyses politiques. Le site s\u2019adresse \u00e0 un large public francophone et couvre l\u2019information tunisienne en temps r\u00e9el.","email":"redac@webdo.tn","legalName":"YNJ SARL","foundingDate":"2010-09-06","numberOfEmployees":{"@type":"QuantitativeValue","minValue":"11","maxValue":"50"}},{"@type":"Person","@id":"https:\/\/www.webdo.tn\/fr\/#\/schema\/person\/2c4929cbf5a809e3bd38617c6ce150f6","name":"MC","image":{"@type":"ImageObject","inLanguage":"fr-FR","@id":"https:\/\/secure.gravatar.com\/avatar\/a545bbb6f84efdd5553dbbc2895e3ca8f1d12c5215e00a041c9670b54aa9b18a?s=96&d=mm&r=g","url":"https:\/\/secure.gravatar.com\/avatar\/a545bbb6f84efdd5553dbbc2895e3ca8f1d12c5215e00a041c9670b54aa9b18a?s=96&d=mm&r=g","contentUrl":"https:\/\/secure.gravatar.com\/avatar\/a545bbb6f84efdd5553dbbc2895e3ca8f1d12c5215e00a041c9670b54aa9b18a?s=96&d=mm&r=g","caption":"MC"},"url":"https:\/\/www.webdo.tn\/fr\/actualite\/author\/mc\/"}]}},"_links":{"self":[{"href":"https:\/\/www.webdo.tn\/fr\/wp-json\/wp\/v2\/posts\/212663","targetHints":{"allow":["GET"]}}],"collection":[{"href":"https:\/\/www.webdo.tn\/fr\/wp-json\/wp\/v2\/posts"}],"about":[{"href":"https:\/\/www.webdo.tn\/fr\/wp-json\/wp\/v2\/types\/post"}],"author":[{"embeddable":true,"href":"https:\/\/www.webdo.tn\/fr\/wp-json\/wp\/v2\/users\/3162"}],"replies":[{"embeddable":true,"href":"https:\/\/www.webdo.tn\/fr\/wp-json\/wp\/v2\/comments?post=212663"}],"version-history":[{"count":0,"href":"https:\/\/www.webdo.tn\/fr\/wp-json\/wp\/v2\/posts\/212663\/revisions"}],"wp:featuredmedia":[{"embeddable":true,"href":"https:\/\/www.webdo.tn\/fr\/wp-json\/wp\/v2\/media\/290299"}],"wp:attachment":[{"href":"https:\/\/www.webdo.tn\/fr\/wp-json\/wp\/v2\/media?parent=212663"}],"wp:term":[{"taxonomy":"category","embeddable":true,"href":"https:\/\/www.webdo.tn\/fr\/wp-json\/wp\/v2\/categories?post=212663"},{"taxonomy":"post_tag","embeddable":true,"href":"https:\/\/www.webdo.tn\/fr\/wp-json\/wp\/v2\/tags?post=212663"}],"curies":[{"name":"wp","href":"https:\/\/api.w.org\/{rel}","templated":true}]}}