{"id":212660,"date":"2024-02-29T21:26:00","date_gmt":"2024-02-29T21:26:00","guid":{"rendered":"https:\/\/www.webdo.tn\/fr\/blog\/tunisie-arrestation-du-secretaire-general-adjoint-de-l-ugtt\/212660\/"},"modified":"2025-05-20T22:53:23","modified_gmt":"2025-05-20T22:53:23","slug":"tunisie-arrestation-du-secretaire-general-adjoint-de-l-ugtt","status":"publish","type":"post","link":"https:\/\/www.webdo.tn\/fr\/actualite\/national\/tunisie-arrestation-du-secretaire-general-adjoint-de-l-ugtt\/212660\/","title":{"rendered":"Tunisie : Arrestation du secr\u00e9taire g\u00e9n\u00e9ral adjoint de l\u2019UGTT"},"content":{"rendered":"<p>Le Bureau ex\u00e9cutif de l&rsquo;Union g\u00e9n\u00e9rale tunisienne du travail (UGTT) s&rsquo;est r\u00e9uni en urgence ce jeudi 29 f\u00e9vrier 2024, sous la pr\u00e9sidence du secr\u00e9taire g\u00e9n\u00e9ral, Noureddine Taboubi, suite \u00e0 l\u2019arrestation du secr\u00e9taire g\u00e9n\u00e9ral adjoint responsable du secteur priv\u00e9, Tahar Mezzi \u00ab\u00a0Al-Barbari\u00a0\u00bb.<\/p>\n<p>La Centrale syndicale a condamn\u00e9 la d\u00e9cision de maintenir Mezzi en d\u00e9tention et de le traduire devant le parquet de Bizerte demain, dans le cadre d&rsquo;une affaire qu&rsquo;il qualifie de \u00ab fabriqu\u00e9e \u00bb, li\u00e9e \u00e0 son engagement syndical.<\/p>\n<p>La d\u00e9cision a \u00e9t\u00e9 qualifi\u00e9e de \u00ab\u00a0politique pure\u00a0\u00bb, s&rsquo;inscrivant dans une s\u00e9rie de proc\u00e8s arbitraires ciblant plusieurs syndicalistes, selon un communiqu\u00e9 de l\u2019UGTT.\u00a0<\/p>\n<p>L&rsquo;UGTT a appel\u00e9 \u00e0 la lib\u00e9ration imm\u00e9diate de son secr\u00e9taire-g\u00e9n\u00e9ral adjoint, au rejet des accusations port\u00e9es contre lui, et \u00e0 l&rsquo;abandon de ce dossier mont\u00e9 de toutes pi\u00e8ces visant \u00e0 entraver le droit syndical.<\/p>\n","protected":false},"excerpt":{"rendered":"<p>La Centrale syndicale a condamn\u00e9 la d\u00e9cision de maintenir Mezzi en d\u00e9tention et de le traduire devant le parquet de Bizerte demain, dans le cadre d&rsquo;une affaire&#8230;<\/p>\n","protected":false},"author":3175,"featured_media":290297,"comment_status":"open","ping_status":"closed","sticky":false,"template":"","format":"standard","meta":{"footnotes":""},"categories":[44],"tags":[10032,2608,2649],"class_list":["post-212660","post","type-post","status-publish","format-standard","has-post-thumbnail","hentry","category-national","tag-secretaire-general-adjoint","tag-tunisie","tag-ugtt"],"yoast_head":"<!-- This site is optimized with the Yoast SEO Premium plugin v27.4 (Yoast SEO v27.4) - https:\/\/yoast.com\/product\/yoast-seo-premium-wordpress\/ -->\n<title>Tunisie : Arrestation du secr\u00e9taire g\u00e9n\u00e9ral adjoint de l\u2019UGTT<\/title>\n<meta name=\"description\" content=\"La Centrale syndicale a condamn\u00e9 la d\u00e9cision de maintenir Mezzi en d\u00e9tention et de le traduire devant le parquet de Bizerte demain, dans le cadre d&#039;une affaire...\" \/>\n<link rel=\"canonical\" href=\"https:\/\/www.webdo.tn\/fr\/actualite\/national\/tunisie-arrestation-du-secretaire-general-adjoint-de-l-ugtt\/212660\/\" \/>\n<meta property=\"og:locale\" content=\"fr_FR\" \/>\n<meta property=\"og:type\" content=\"article\" \/>\n<meta property=\"og:title\" content=\"Tunisie : Arrestation du secr\u00e9taire g\u00e9n\u00e9ral adjoint de l\u2019UGTT\" \/>\n<meta property=\"og:description\" content=\"La Centrale syndicale a condamn\u00e9 la d\u00e9cision de maintenir Mezzi en d\u00e9tention et de le traduire devant le parquet de Bizerte demain, dans le cadre d&#039;une affaire...\" \/>\n<meta property=\"og:url\" content=\"https:\/\/www.webdo.tn\/fr\/actualite\/national\/tunisie-arrestation-du-secretaire-general-adjoint-de-l-ugtt\/212660\/\" \/>\n<meta property=\"og:site_name\" content=\"webdo\" \/>\n<meta property=\"article:publisher\" content=\"https:\/\/www.facebook.com\/webdotn\" \/>\n<meta property=\"article:published_time\" content=\"2024-02-29T21:26:00+00:00\" \/>\n<meta property=\"article:modified_time\" content=\"2025-05-20T22:53:23+00:00\" \/>\n<meta property=\"og:image\" content=\"https:\/\/www.webdo.tn\/fr\/wp-content\/uploads\/2024\/02\/e7f689d71389faa87f6214c54ce6638b.png\" \/>\n\t<meta property=\"og:image:width\" content=\"750\" \/>\n\t<meta property=\"og:image:height\" content=\"400\" \/>\n\t<meta property=\"og:image:type\" content=\"image\/png\" \/>\n<meta name=\"author\" content=\"CL\" \/>\n<meta name=\"twitter:card\" content=\"summary_large_image\" \/>\n<meta name=\"twitter:creator\" content=\"@webdo_tn\" \/>\n<meta name=\"twitter:site\" content=\"@webdo_tn\" \/>\n<meta name=\"twitter:label1\" content=\"\u00c9crit par\" \/>\n\t<meta name=\"twitter:data1\" content=\"CL\" \/>\n\t<meta name=\"twitter:label2\" content=\"Dur\u00e9e de lecture estim\u00e9e\" \/>\n\t<meta name=\"twitter:data2\" content=\"1 minute\" \/>\n<script type=\"application\/ld+json\" class=\"yoast-schema-graph\">{\"@context\":\"https:\\\/\\\/schema.org\",\"@graph\":[{\"@type\":\"NewsArticle\",\"@id\":\"https:\\\/\\\/www.webdo.tn\\\/fr\\\/actualite\\\/national\\\/tunisie-arrestation-du-secretaire-general-adjoint-de-l-ugtt\\\/212660\\\/#article\",\"isPartOf\":{\"@id\":\"https:\\\/\\\/www.webdo.tn\\\/fr\\\/actualite\\\/national\\\/tunisie-arrestation-du-secretaire-general-adjoint-de-l-ugtt\\\/212660\\\/\"},\"author\":{\"name\":\"CL\",\"@id\":\"https:\\\/\\\/www.webdo.tn\\\/fr\\\/#\\\/schema\\\/person\\\/f35b42a42c5e2511bbd282959d6385cc\"},\"headline\":\"Tunisie : Arrestation du secr\u00e9taire g\u00e9n\u00e9ral adjoint de l\u2019UGTT\",\"datePublished\":\"2024-02-29T21:26:00+00:00\",\"dateModified\":\"2025-05-20T22:53:23+00:00\",\"mainEntityOfPage\":{\"@id\":\"https:\\\/\\\/www.webdo.tn\\\/fr\\\/actualite\\\/national\\\/tunisie-arrestation-du-secretaire-general-adjoint-de-l-ugtt\\\/212660\\\/\"},\"wordCount\":175,\"commentCount\":0,\"publisher\":{\"@id\":\"https:\\\/\\\/www.webdo.tn\\\/fr\\\/#organization\"},\"image\":{\"@id\":\"https:\\\/\\\/www.webdo.tn\\\/fr\\\/actualite\\\/national\\\/tunisie-arrestation-du-secretaire-general-adjoint-de-l-ugtt\\\/212660\\\/#primaryimage\"},\"thumbnailUrl\":\"https:\\\/\\\/www.webdo.tn\\\/fr\\\/wp-content\\\/uploads\\\/2024\\\/02\\\/e7f689d71389faa87f6214c54ce6638b.png\",\"keywords\":[\"'secr\u00e9taire g\u00e9n\u00e9ral adjoint']\",\"Tunisie\",\"UGTT\"],\"articleSection\":[\"National\"],\"inLanguage\":\"fr-FR\"},{\"@type\":\"WebPage\",\"@id\":\"https:\\\/\\\/www.webdo.tn\\\/fr\\\/actualite\\\/national\\\/tunisie-arrestation-du-secretaire-general-adjoint-de-l-ugtt\\\/212660\\\/\",\"url\":\"https:\\\/\\\/www.webdo.tn\\\/fr\\\/actualite\\\/national\\\/tunisie-arrestation-du-secretaire-general-adjoint-de-l-ugtt\\\/212660\\\/\",\"name\":\"Tunisie : Arrestation du secr\u00e9taire g\u00e9n\u00e9ral adjoint de l\u2019UGTT\",\"isPartOf\":{\"@id\":\"https:\\\/\\\/www.webdo.tn\\\/fr\\\/#website\"},\"primaryImageOfPage\":{\"@id\":\"https:\\\/\\\/www.webdo.tn\\\/fr\\\/actualite\\\/national\\\/tunisie-arrestation-du-secretaire-general-adjoint-de-l-ugtt\\\/212660\\\/#primaryimage\"},\"image\":{\"@id\":\"https:\\\/\\\/www.webdo.tn\\\/fr\\\/actualite\\\/national\\\/tunisie-arrestation-du-secretaire-general-adjoint-de-l-ugtt\\\/212660\\\/#primaryimage\"},\"thumbnailUrl\":\"https:\\\/\\\/www.webdo.tn\\\/fr\\\/wp-content\\\/uploads\\\/2024\\\/02\\\/e7f689d71389faa87f6214c54ce6638b.png\",\"datePublished\":\"2024-02-29T21:26:00+00:00\",\"dateModified\":\"2025-05-20T22:53:23+00:00\",\"description\":\"La Centrale syndicale a condamn\u00e9 la d\u00e9cision de maintenir Mezzi en d\u00e9tention et de le traduire devant le parquet de Bizerte demain, dans le cadre d'une affaire...\",\"breadcrumb\":{\"@id\":\"https:\\\/\\\/www.webdo.tn\\\/fr\\\/actualite\\\/national\\\/tunisie-arrestation-du-secretaire-general-adjoint-de-l-ugtt\\\/212660\\\/#breadcrumb\"},\"inLanguage\":\"fr-FR\",\"potentialAction\":[{\"@type\":\"ReadAction\",\"target\":[\"https:\\\/\\\/www.webdo.tn\\\/fr\\\/actualite\\\/national\\\/tunisie-arrestation-du-secretaire-general-adjoint-de-l-ugtt\\\/212660\\\/\"]}]},{\"@type\":\"ImageObject\",\"inLanguage\":\"fr-FR\",\"@id\":\"https:\\\/\\\/www.webdo.tn\\\/fr\\\/actualite\\\/national\\\/tunisie-arrestation-du-secretaire-general-adjoint-de-l-ugtt\\\/212660\\\/#primaryimage\",\"url\":\"https:\\\/\\\/www.webdo.tn\\\/fr\\\/wp-content\\\/uploads\\\/2024\\\/02\\\/e7f689d71389faa87f6214c54ce6638b.png\",\"contentUrl\":\"https:\\\/\\\/www.webdo.tn\\\/fr\\\/wp-content\\\/uploads\\\/2024\\\/02\\\/e7f689d71389faa87f6214c54ce6638b.png\",\"width\":750,\"height\":400,\"caption\":\"Tunisie : Arrestation du secr\u00e9taire g\u00e9n\u00e9ral adjoint de l\u2019UGTT\"},{\"@type\":\"BreadcrumbList\",\"@id\":\"https:\\\/\\\/www.webdo.tn\\\/fr\\\/actualite\\\/national\\\/tunisie-arrestation-du-secretaire-general-adjoint-de-l-ugtt\\\/212660\\\/#breadcrumb\",\"itemListElement\":[{\"@type\":\"ListItem\",\"position\":1,\"name\":\"Accueil\",\"item\":\"https:\\\/\\\/www.webdo.tn\\\/fr\\\/\"},{\"@type\":\"ListItem\",\"position\":2,\"name\":\"Tunisie : Arrestation du secr\u00e9taire g\u00e9n\u00e9ral adjoint de l\u2019UGTT\"}]},{\"@type\":\"WebSite\",\"@id\":\"https:\\\/\\\/www.webdo.tn\\\/fr\\\/#website\",\"url\":\"https:\\\/\\\/www.webdo.tn\\\/fr\\\/\",\"name\":\"webdo\",\"description\":\"Tunisie - News en Tunisie et \u00e0 l&#039;international sur Webdo.tn\",\"publisher\":{\"@id\":\"https:\\\/\\\/www.webdo.tn\\\/fr\\\/#organization\"},\"potentialAction\":[{\"@type\":\"SearchAction\",\"target\":{\"@type\":\"EntryPoint\",\"urlTemplate\":\"https:\\\/\\\/www.webdo.tn\\\/fr\\\/?s={search_term_string}\"},\"query-input\":{\"@type\":\"PropertyValueSpecification\",\"valueRequired\":true,\"valueName\":\"search_term_string\"}}],\"inLanguage\":\"fr-FR\"},{\"@type\":\"Organization\",\"@id\":\"https:\\\/\\\/www.webdo.tn\\\/fr\\\/#organization\",\"name\":\"Webdo\",\"alternateName\":\"Webdo.tn\",\"url\":\"https:\\\/\\\/www.webdo.tn\\\/fr\\\/\",\"logo\":{\"@type\":\"ImageObject\",\"inLanguage\":\"fr-FR\",\"@id\":\"https:\\\/\\\/www.webdo.tn\\\/fr\\\/#\\\/schema\\\/logo\\\/image\\\/\",\"url\":\"https:\\\/\\\/www.webdo.tn\\\/fr\\\/wp-content\\\/uploads\\\/2025\\\/06\\\/Webdo-Tunisie_168377.jpg\",\"contentUrl\":\"https:\\\/\\\/www.webdo.tn\\\/fr\\\/wp-content\\\/uploads\\\/2025\\\/06\\\/Webdo-Tunisie_168377.jpg\",\"width\":301,\"height\":301,\"caption\":\"Webdo\"},\"image\":{\"@id\":\"https:\\\/\\\/www.webdo.tn\\\/fr\\\/#\\\/schema\\\/logo\\\/image\\\/\"},\"sameAs\":[\"https:\\\/\\\/www.facebook.com\\\/webdotn\",\"https:\\\/\\\/x.com\\\/webdo_tn\"],\"description\":\"Webdo est un m\u00e9dia num\u00e9rique tunisien fond\u00e9 en 2010, sp\u00e9cialis\u00e9 dans l\u2019actualit\u00e9 nationale et internationale, l\u2019\u00e9conomie, la soci\u00e9t\u00e9 et les analyses politiques. Le site s\u2019adresse \u00e0 un large public francophone et couvre l\u2019information tunisienne en temps r\u00e9el.\",\"email\":\"redac@webdo.tn\",\"legalName\":\"YNJ SARL\",\"foundingDate\":\"2010-09-06\",\"numberOfEmployees\":{\"@type\":\"QuantitativeValue\",\"minValue\":\"11\",\"maxValue\":\"50\"}},{\"@type\":\"Person\",\"@id\":\"https:\\\/\\\/www.webdo.tn\\\/fr\\\/#\\\/schema\\\/person\\\/f35b42a42c5e2511bbd282959d6385cc\",\"name\":\"CL\",\"image\":{\"@type\":\"ImageObject\",\"inLanguage\":\"fr-FR\",\"@id\":\"https:\\\/\\\/secure.gravatar.com\\\/avatar\\\/1447a49909b67aa657c488aec6512e1dd6143a480c1ecfee9b5b5cd74eb3b59e?s=96&d=mm&r=g\",\"url\":\"https:\\\/\\\/secure.gravatar.com\\\/avatar\\\/1447a49909b67aa657c488aec6512e1dd6143a480c1ecfee9b5b5cd74eb3b59e?s=96&d=mm&r=g\",\"contentUrl\":\"https:\\\/\\\/secure.gravatar.com\\\/avatar\\\/1447a49909b67aa657c488aec6512e1dd6143a480c1ecfee9b5b5cd74eb3b59e?s=96&d=mm&r=g\",\"caption\":\"CL\"},\"url\":\"https:\\\/\\\/www.webdo.tn\\\/fr\\\/actualite\\\/author\\\/cl\\\/\"}]}<\/script>\n<!-- \/ Yoast SEO Premium plugin. -->","yoast_head_json":{"title":"Tunisie : Arrestation du secr\u00e9taire g\u00e9n\u00e9ral adjoint de l\u2019UGTT","description":"La Centrale syndicale a condamn\u00e9 la d\u00e9cision de maintenir Mezzi en d\u00e9tention et de le traduire devant le parquet de Bizerte demain, dans le cadre d'une affaire...","canonical":"https:\/\/www.webdo.tn\/fr\/actualite\/national\/tunisie-arrestation-du-secretaire-general-adjoint-de-l-ugtt\/212660\/","og_locale":"fr_FR","og_type":"article","og_title":"Tunisie : Arrestation du secr\u00e9taire g\u00e9n\u00e9ral adjoint de l\u2019UGTT","og_description":"La Centrale syndicale a condamn\u00e9 la d\u00e9cision de maintenir Mezzi en d\u00e9tention et de le traduire devant le parquet de Bizerte demain, dans le cadre d'une affaire...","og_url":"https:\/\/www.webdo.tn\/fr\/actualite\/national\/tunisie-arrestation-du-secretaire-general-adjoint-de-l-ugtt\/212660\/","og_site_name":"webdo","article_publisher":"https:\/\/www.facebook.com\/webdotn","article_published_time":"2024-02-29T21:26:00+00:00","article_modified_time":"2025-05-20T22:53:23+00:00","og_image":[{"width":750,"height":400,"url":"https:\/\/www.webdo.tn\/fr\/wp-content\/uploads\/2024\/02\/e7f689d71389faa87f6214c54ce6638b.png","type":"image\/png"}],"author":"CL","twitter_card":"summary_large_image","twitter_creator":"@webdo_tn","twitter_site":"@webdo_tn","twitter_misc":{"\u00c9crit par":"CL","Dur\u00e9e de lecture estim\u00e9e":"1 minute"},"schema":{"@context":"https:\/\/schema.org","@graph":[{"@type":"NewsArticle","@id":"https:\/\/www.webdo.tn\/fr\/actualite\/national\/tunisie-arrestation-du-secretaire-general-adjoint-de-l-ugtt\/212660\/#article","isPartOf":{"@id":"https:\/\/www.webdo.tn\/fr\/actualite\/national\/tunisie-arrestation-du-secretaire-general-adjoint-de-l-ugtt\/212660\/"},"author":{"name":"CL","@id":"https:\/\/www.webdo.tn\/fr\/#\/schema\/person\/f35b42a42c5e2511bbd282959d6385cc"},"headline":"Tunisie : Arrestation du secr\u00e9taire g\u00e9n\u00e9ral adjoint de l\u2019UGTT","datePublished":"2024-02-29T21:26:00+00:00","dateModified":"2025-05-20T22:53:23+00:00","mainEntityOfPage":{"@id":"https:\/\/www.webdo.tn\/fr\/actualite\/national\/tunisie-arrestation-du-secretaire-general-adjoint-de-l-ugtt\/212660\/"},"wordCount":175,"commentCount":0,"publisher":{"@id":"https:\/\/www.webdo.tn\/fr\/#organization"},"image":{"@id":"https:\/\/www.webdo.tn\/fr\/actualite\/national\/tunisie-arrestation-du-secretaire-general-adjoint-de-l-ugtt\/212660\/#primaryimage"},"thumbnailUrl":"https:\/\/www.webdo.tn\/fr\/wp-content\/uploads\/2024\/02\/e7f689d71389faa87f6214c54ce6638b.png","keywords":["'secr\u00e9taire g\u00e9n\u00e9ral adjoint']","Tunisie","UGTT"],"articleSection":["National"],"inLanguage":"fr-FR"},{"@type":"WebPage","@id":"https:\/\/www.webdo.tn\/fr\/actualite\/national\/tunisie-arrestation-du-secretaire-general-adjoint-de-l-ugtt\/212660\/","url":"https:\/\/www.webdo.tn\/fr\/actualite\/national\/tunisie-arrestation-du-secretaire-general-adjoint-de-l-ugtt\/212660\/","name":"Tunisie : Arrestation du secr\u00e9taire g\u00e9n\u00e9ral adjoint de l\u2019UGTT","isPartOf":{"@id":"https:\/\/www.webdo.tn\/fr\/#website"},"primaryImageOfPage":{"@id":"https:\/\/www.webdo.tn\/fr\/actualite\/national\/tunisie-arrestation-du-secretaire-general-adjoint-de-l-ugtt\/212660\/#primaryimage"},"image":{"@id":"https:\/\/www.webdo.tn\/fr\/actualite\/national\/tunisie-arrestation-du-secretaire-general-adjoint-de-l-ugtt\/212660\/#primaryimage"},"thumbnailUrl":"https:\/\/www.webdo.tn\/fr\/wp-content\/uploads\/2024\/02\/e7f689d71389faa87f6214c54ce6638b.png","datePublished":"2024-02-29T21:26:00+00:00","dateModified":"2025-05-20T22:53:23+00:00","description":"La Centrale syndicale a condamn\u00e9 la d\u00e9cision de maintenir Mezzi en d\u00e9tention et de le traduire devant le parquet de Bizerte demain, dans le cadre d'une affaire...","breadcrumb":{"@id":"https:\/\/www.webdo.tn\/fr\/actualite\/national\/tunisie-arrestation-du-secretaire-general-adjoint-de-l-ugtt\/212660\/#breadcrumb"},"inLanguage":"fr-FR","potentialAction":[{"@type":"ReadAction","target":["https:\/\/www.webdo.tn\/fr\/actualite\/national\/tunisie-arrestation-du-secretaire-general-adjoint-de-l-ugtt\/212660\/"]}]},{"@type":"ImageObject","inLanguage":"fr-FR","@id":"https:\/\/www.webdo.tn\/fr\/actualite\/national\/tunisie-arrestation-du-secretaire-general-adjoint-de-l-ugtt\/212660\/#primaryimage","url":"https:\/\/www.webdo.tn\/fr\/wp-content\/uploads\/2024\/02\/e7f689d71389faa87f6214c54ce6638b.png","contentUrl":"https:\/\/www.webdo.tn\/fr\/wp-content\/uploads\/2024\/02\/e7f689d71389faa87f6214c54ce6638b.png","width":750,"height":400,"caption":"Tunisie : Arrestation du secr\u00e9taire g\u00e9n\u00e9ral adjoint de l\u2019UGTT"},{"@type":"BreadcrumbList","@id":"https:\/\/www.webdo.tn\/fr\/actualite\/national\/tunisie-arrestation-du-secretaire-general-adjoint-de-l-ugtt\/212660\/#breadcrumb","itemListElement":[{"@type":"ListItem","position":1,"name":"Accueil","item":"https:\/\/www.webdo.tn\/fr\/"},{"@type":"ListItem","position":2,"name":"Tunisie : Arrestation du secr\u00e9taire g\u00e9n\u00e9ral adjoint de l\u2019UGTT"}]},{"@type":"WebSite","@id":"https:\/\/www.webdo.tn\/fr\/#website","url":"https:\/\/www.webdo.tn\/fr\/","name":"webdo","description":"Tunisie - News en Tunisie et \u00e0 l&#039;international sur Webdo.tn","publisher":{"@id":"https:\/\/www.webdo.tn\/fr\/#organization"},"potentialAction":[{"@type":"SearchAction","target":{"@type":"EntryPoint","urlTemplate":"https:\/\/www.webdo.tn\/fr\/?s={search_term_string}"},"query-input":{"@type":"PropertyValueSpecification","valueRequired":true,"valueName":"search_term_string"}}],"inLanguage":"fr-FR"},{"@type":"Organization","@id":"https:\/\/www.webdo.tn\/fr\/#organization","name":"Webdo","alternateName":"Webdo.tn","url":"https:\/\/www.webdo.tn\/fr\/","logo":{"@type":"ImageObject","inLanguage":"fr-FR","@id":"https:\/\/www.webdo.tn\/fr\/#\/schema\/logo\/image\/","url":"https:\/\/www.webdo.tn\/fr\/wp-content\/uploads\/2025\/06\/Webdo-Tunisie_168377.jpg","contentUrl":"https:\/\/www.webdo.tn\/fr\/wp-content\/uploads\/2025\/06\/Webdo-Tunisie_168377.jpg","width":301,"height":301,"caption":"Webdo"},"image":{"@id":"https:\/\/www.webdo.tn\/fr\/#\/schema\/logo\/image\/"},"sameAs":["https:\/\/www.facebook.com\/webdotn","https:\/\/x.com\/webdo_tn"],"description":"Webdo est un m\u00e9dia num\u00e9rique tunisien fond\u00e9 en 2010, sp\u00e9cialis\u00e9 dans l\u2019actualit\u00e9 nationale et internationale, l\u2019\u00e9conomie, la soci\u00e9t\u00e9 et les analyses politiques. Le site s\u2019adresse \u00e0 un large public francophone et couvre l\u2019information tunisienne en temps r\u00e9el.","email":"redac@webdo.tn","legalName":"YNJ SARL","foundingDate":"2010-09-06","numberOfEmployees":{"@type":"QuantitativeValue","minValue":"11","maxValue":"50"}},{"@type":"Person","@id":"https:\/\/www.webdo.tn\/fr\/#\/schema\/person\/f35b42a42c5e2511bbd282959d6385cc","name":"CL","image":{"@type":"ImageObject","inLanguage":"fr-FR","@id":"https:\/\/secure.gravatar.com\/avatar\/1447a49909b67aa657c488aec6512e1dd6143a480c1ecfee9b5b5cd74eb3b59e?s=96&d=mm&r=g","url":"https:\/\/secure.gravatar.com\/avatar\/1447a49909b67aa657c488aec6512e1dd6143a480c1ecfee9b5b5cd74eb3b59e?s=96&d=mm&r=g","contentUrl":"https:\/\/secure.gravatar.com\/avatar\/1447a49909b67aa657c488aec6512e1dd6143a480c1ecfee9b5b5cd74eb3b59e?s=96&d=mm&r=g","caption":"CL"},"url":"https:\/\/www.webdo.tn\/fr\/actualite\/author\/cl\/"}]}},"_links":{"self":[{"href":"https:\/\/www.webdo.tn\/fr\/wp-json\/wp\/v2\/posts\/212660","targetHints":{"allow":["GET"]}}],"collection":[{"href":"https:\/\/www.webdo.tn\/fr\/wp-json\/wp\/v2\/posts"}],"about":[{"href":"https:\/\/www.webdo.tn\/fr\/wp-json\/wp\/v2\/types\/post"}],"author":[{"embeddable":true,"href":"https:\/\/www.webdo.tn\/fr\/wp-json\/wp\/v2\/users\/3175"}],"replies":[{"embeddable":true,"href":"https:\/\/www.webdo.tn\/fr\/wp-json\/wp\/v2\/comments?post=212660"}],"version-history":[{"count":0,"href":"https:\/\/www.webdo.tn\/fr\/wp-json\/wp\/v2\/posts\/212660\/revisions"}],"wp:featuredmedia":[{"embeddable":true,"href":"https:\/\/www.webdo.tn\/fr\/wp-json\/wp\/v2\/media\/290297"}],"wp:attachment":[{"href":"https:\/\/www.webdo.tn\/fr\/wp-json\/wp\/v2\/media?parent=212660"}],"wp:term":[{"taxonomy":"category","embeddable":true,"href":"https:\/\/www.webdo.tn\/fr\/wp-json\/wp\/v2\/categories?post=212660"},{"taxonomy":"post_tag","embeddable":true,"href":"https:\/\/www.webdo.tn\/fr\/wp-json\/wp\/v2\/tags?post=212660"}],"curies":[{"name":"wp","href":"https:\/\/api.w.org\/{rel}","templated":true}]}}