{"id":212652,"date":"2024-02-29T18:06:00","date_gmt":"2024-02-29T18:06:00","guid":{"rendered":"https:\/\/www.webdo.tn\/fr\/blog\/attal-souhaite-que-la-relation-entre-la-tunisie-et-la-france-depasse-tous-les-aleas\/212652\/"},"modified":"2025-05-20T22:37:32","modified_gmt":"2025-05-20T22:37:32","slug":"attal-souhaite-que-la-relation-entre-la-tunisie-et-la-france-depasse-tous-les-aleas","status":"publish","type":"post","link":"https:\/\/www.webdo.tn\/fr\/actualite\/national\/attal-souhaite-que-la-relation-entre-la-tunisie-et-la-france-depasse-tous-les-aleas\/212652\/","title":{"rendered":"Attal souhaite que la relation entre la Tunisie et la France \u00ab d\u00e9passe tous les al\u00e9as \u00bb"},"content":{"rendered":"<p>Le chef du gouvernement Ahmed Hachani cl\u00f4ture ce jeudi 29 f\u00e9vrier 2024 sa visite officielle en France, la premi\u00e8re en Europe.\u00a0<\/p>\n<p>Ce jeudi, il a eu un entretien avec son homologue fran\u00e7ais aux origines Tunisiennes Gabriel Attal. Ce dernier a souhait\u00e9 en recevant Hachani \u00e0 d\u00e9jeuner que la relation \u00ab singuli\u00e8re \u00bb entre la France et la Tunisie \u00ab d\u00e9passe tous les al\u00e9as \u00bb.<\/p>\n<p>Le locataire de la Kasbah a pour sa part salu\u00e9 un \u00ab nouvel \u00e9lan \u00bb, \u00ab un envol \u00bb de la relation bilat\u00e9rale. Cette rencontre est \u00ab l&rsquo;occasion unique (&#8230;) pour qu&rsquo;on l\u00e8ve toutes les difficult\u00e9s qu&rsquo;il a pu y avoir dans le pass\u00e9 \u00bb.\u00a0<\/p>\n<p>Les deux responsables se sont entretenus en t\u00eate-\u00e0-t\u00eate puis ont \u00e9chang\u00e9 en format \u00e9largi sur l&rsquo;\u00e9conomie, l&rsquo;\u00e9ducation, la culture et les crises r\u00e9gionales, ont pr\u00e9cis\u00e9 les services du Premier ministre fran\u00e7ais.<\/p>\n<p>Le chef du gouvernement fran\u00e7ais, qui a des origines tunisiennes par son p\u00e8re, a indiqu\u00e9 qu&rsquo;il allait \u00ab remobiliser le dispositif fran\u00e7ais de garantie export qu&rsquo;est Export France pour faciliter l&rsquo;exportation de c\u00e9r\u00e9ales fran\u00e7aises vers la Tunisie \u00bb, rapporte l\u2019agence TAP.<\/p>\n","protected":false},"excerpt":{"rendered":"<p>Le chef du gouvernement Ahmed Hachani cl\u00f4ture ce jeudi 29 f\u00e9vrier 2024 sa visite officielle en France, la premi\u00e8re en Europe.\u00a0<\/p>\n","protected":false},"author":3175,"featured_media":247890,"comment_status":"open","ping_status":"closed","sticky":false,"template":"","format":"standard","meta":{"footnotes":""},"categories":[44],"tags":[2998,6927,6926,2608],"class_list":["post-212652","post","type-post","status-publish","format-standard","has-post-thumbnail","hentry","category-national","tag-france","tag-gabriel-attal","tag-hachani","tag-tunisie"],"yoast_head":"<!-- This site is optimized with the Yoast SEO Premium plugin v27.5 (Yoast SEO v27.5) - https:\/\/yoast.com\/product\/yoast-seo-premium-wordpress\/ -->\n<title>Attal souhaite que la relation entre la Tunisie et la France \u00ab d\u00e9passe tous les al\u00e9as \u00bb<\/title>\n<meta name=\"description\" content=\"Le chef du gouvernement Ahmed Hachani cl\u00f4ture ce jeudi 29 f\u00e9vrier 2024 sa visite officielle en France, la premi\u00e8re en Europe.\u00a0\" \/>\n<link rel=\"canonical\" href=\"https:\/\/www.webdo.tn\/fr\/actualite\/national\/attal-souhaite-que-la-relation-entre-la-tunisie-et-la-france-depasse-tous-les-aleas\/212652\/\" \/>\n<meta property=\"og:locale\" content=\"fr_FR\" \/>\n<meta property=\"og:type\" content=\"article\" \/>\n<meta property=\"og:title\" content=\"Attal souhaite que la relation entre la Tunisie et la France \u00ab d\u00e9passe tous les al\u00e9as \u00bb\" \/>\n<meta property=\"og:description\" content=\"Le chef du gouvernement Ahmed Hachani cl\u00f4ture ce jeudi 29 f\u00e9vrier 2024 sa visite officielle en France, la premi\u00e8re en Europe.\u00a0\" \/>\n<meta property=\"og:url\" content=\"https:\/\/www.webdo.tn\/fr\/actualite\/national\/attal-souhaite-que-la-relation-entre-la-tunisie-et-la-france-depasse-tous-les-aleas\/212652\/\" \/>\n<meta property=\"og:site_name\" content=\"webdo\" \/>\n<meta property=\"article:publisher\" content=\"https:\/\/www.facebook.com\/webdotn\" \/>\n<meta property=\"article:published_time\" content=\"2024-02-29T18:06:00+00:00\" \/>\n<meta property=\"article:modified_time\" content=\"2025-05-20T22:37:32+00:00\" \/>\n<meta property=\"og:image\" content=\"https:\/\/www.webdo.tn\/fr\/wp-content\/uploads\/2024\/02\/e357f0e9eff49c2639921c7f7391d65e.jpg\" \/>\n\t<meta property=\"og:image:width\" content=\"750\" \/>\n\t<meta property=\"og:image:height\" content=\"400\" \/>\n\t<meta property=\"og:image:type\" content=\"image\/jpeg\" \/>\n<meta name=\"author\" content=\"CL\" \/>\n<meta name=\"twitter:card\" content=\"summary_large_image\" \/>\n<meta name=\"twitter:creator\" content=\"@webdo_tn\" \/>\n<meta name=\"twitter:site\" content=\"@webdo_tn\" \/>\n<meta name=\"twitter:label1\" content=\"\u00c9crit par\" \/>\n\t<meta name=\"twitter:data1\" content=\"CL\" \/>\n\t<meta name=\"twitter:label2\" content=\"Dur\u00e9e de lecture estim\u00e9e\" \/>\n\t<meta name=\"twitter:data2\" content=\"1 minute\" \/>\n<script type=\"application\/ld+json\" class=\"yoast-schema-graph\">{\"@context\":\"https:\\\/\\\/schema.org\",\"@graph\":[{\"@type\":\"NewsArticle\",\"@id\":\"https:\\\/\\\/www.webdo.tn\\\/fr\\\/actualite\\\/national\\\/attal-souhaite-que-la-relation-entre-la-tunisie-et-la-france-depasse-tous-les-aleas\\\/212652\\\/#article\",\"isPartOf\":{\"@id\":\"https:\\\/\\\/www.webdo.tn\\\/fr\\\/actualite\\\/national\\\/attal-souhaite-que-la-relation-entre-la-tunisie-et-la-france-depasse-tous-les-aleas\\\/212652\\\/\"},\"author\":{\"name\":\"CL\",\"@id\":\"https:\\\/\\\/www.webdo.tn\\\/fr\\\/#\\\/schema\\\/person\\\/f35b42a42c5e2511bbd282959d6385cc\"},\"headline\":\"Attal souhaite que la relation entre la Tunisie et la France \u00ab d\u00e9passe tous les al\u00e9as \u00bb\",\"datePublished\":\"2024-02-29T18:06:00+00:00\",\"dateModified\":\"2025-05-20T22:37:32+00:00\",\"mainEntityOfPage\":{\"@id\":\"https:\\\/\\\/www.webdo.tn\\\/fr\\\/actualite\\\/national\\\/attal-souhaite-que-la-relation-entre-la-tunisie-et-la-france-depasse-tous-les-aleas\\\/212652\\\/\"},\"wordCount\":214,\"commentCount\":0,\"publisher\":{\"@id\":\"https:\\\/\\\/www.webdo.tn\\\/fr\\\/#organization\"},\"image\":{\"@id\":\"https:\\\/\\\/www.webdo.tn\\\/fr\\\/actualite\\\/national\\\/attal-souhaite-que-la-relation-entre-la-tunisie-et-la-france-depasse-tous-les-aleas\\\/212652\\\/#primaryimage\"},\"thumbnailUrl\":\"https:\\\/\\\/www.webdo.tn\\\/fr\\\/wp-content\\\/uploads\\\/2024\\\/02\\\/e357f0e9eff49c2639921c7f7391d65e.jpg\",\"keywords\":[\"france\",\"Gabriel Attal\",\"Hachani\",\"Tunisie\"],\"articleSection\":[\"National\"],\"inLanguage\":\"fr-FR\"},{\"@type\":\"WebPage\",\"@id\":\"https:\\\/\\\/www.webdo.tn\\\/fr\\\/actualite\\\/national\\\/attal-souhaite-que-la-relation-entre-la-tunisie-et-la-france-depasse-tous-les-aleas\\\/212652\\\/\",\"url\":\"https:\\\/\\\/www.webdo.tn\\\/fr\\\/actualite\\\/national\\\/attal-souhaite-que-la-relation-entre-la-tunisie-et-la-france-depasse-tous-les-aleas\\\/212652\\\/\",\"name\":\"Attal souhaite que la relation entre la Tunisie et la France \u00ab d\u00e9passe tous les al\u00e9as \u00bb\",\"isPartOf\":{\"@id\":\"https:\\\/\\\/www.webdo.tn\\\/fr\\\/#website\"},\"primaryImageOfPage\":{\"@id\":\"https:\\\/\\\/www.webdo.tn\\\/fr\\\/actualite\\\/national\\\/attal-souhaite-que-la-relation-entre-la-tunisie-et-la-france-depasse-tous-les-aleas\\\/212652\\\/#primaryimage\"},\"image\":{\"@id\":\"https:\\\/\\\/www.webdo.tn\\\/fr\\\/actualite\\\/national\\\/attal-souhaite-que-la-relation-entre-la-tunisie-et-la-france-depasse-tous-les-aleas\\\/212652\\\/#primaryimage\"},\"thumbnailUrl\":\"https:\\\/\\\/www.webdo.tn\\\/fr\\\/wp-content\\\/uploads\\\/2024\\\/02\\\/e357f0e9eff49c2639921c7f7391d65e.jpg\",\"datePublished\":\"2024-02-29T18:06:00+00:00\",\"dateModified\":\"2025-05-20T22:37:32+00:00\",\"description\":\"Le chef du gouvernement Ahmed Hachani cl\u00f4ture ce jeudi 29 f\u00e9vrier 2024 sa visite officielle en France, la premi\u00e8re en Europe.\u00a0\",\"breadcrumb\":{\"@id\":\"https:\\\/\\\/www.webdo.tn\\\/fr\\\/actualite\\\/national\\\/attal-souhaite-que-la-relation-entre-la-tunisie-et-la-france-depasse-tous-les-aleas\\\/212652\\\/#breadcrumb\"},\"inLanguage\":\"fr-FR\",\"potentialAction\":[{\"@type\":\"ReadAction\",\"target\":[\"https:\\\/\\\/www.webdo.tn\\\/fr\\\/actualite\\\/national\\\/attal-souhaite-que-la-relation-entre-la-tunisie-et-la-france-depasse-tous-les-aleas\\\/212652\\\/\"]}]},{\"@type\":\"ImageObject\",\"inLanguage\":\"fr-FR\",\"@id\":\"https:\\\/\\\/www.webdo.tn\\\/fr\\\/actualite\\\/national\\\/attal-souhaite-que-la-relation-entre-la-tunisie-et-la-france-depasse-tous-les-aleas\\\/212652\\\/#primaryimage\",\"url\":\"https:\\\/\\\/www.webdo.tn\\\/fr\\\/wp-content\\\/uploads\\\/2024\\\/02\\\/e357f0e9eff49c2639921c7f7391d65e.jpg\",\"contentUrl\":\"https:\\\/\\\/www.webdo.tn\\\/fr\\\/wp-content\\\/uploads\\\/2024\\\/02\\\/e357f0e9eff49c2639921c7f7391d65e.jpg\",\"width\":750,\"height\":400,\"caption\":\"Attal souhaite que la relation entre la Tunisie et la France \u00ab d\u00e9passe tous les al\u00e9as \u00bb\"},{\"@type\":\"BreadcrumbList\",\"@id\":\"https:\\\/\\\/www.webdo.tn\\\/fr\\\/actualite\\\/national\\\/attal-souhaite-que-la-relation-entre-la-tunisie-et-la-france-depasse-tous-les-aleas\\\/212652\\\/#breadcrumb\",\"itemListElement\":[{\"@type\":\"ListItem\",\"position\":1,\"name\":\"Accueil\",\"item\":\"https:\\\/\\\/www.webdo.tn\\\/fr\\\/\"},{\"@type\":\"ListItem\",\"position\":2,\"name\":\"Attal souhaite que la relation entre la Tunisie et la France \u00ab d\u00e9passe tous les al\u00e9as \u00bb\"}]},{\"@type\":\"WebSite\",\"@id\":\"https:\\\/\\\/www.webdo.tn\\\/fr\\\/#website\",\"url\":\"https:\\\/\\\/www.webdo.tn\\\/fr\\\/\",\"name\":\"webdo\",\"description\":\"Tunisie - News en Tunisie et \u00e0 l&#039;international sur Webdo.tn\",\"publisher\":{\"@id\":\"https:\\\/\\\/www.webdo.tn\\\/fr\\\/#organization\"},\"potentialAction\":[{\"@type\":\"SearchAction\",\"target\":{\"@type\":\"EntryPoint\",\"urlTemplate\":\"https:\\\/\\\/www.webdo.tn\\\/fr\\\/?s={search_term_string}\"},\"query-input\":{\"@type\":\"PropertyValueSpecification\",\"valueRequired\":true,\"valueName\":\"search_term_string\"}}],\"inLanguage\":\"fr-FR\"},{\"@type\":\"Organization\",\"@id\":\"https:\\\/\\\/www.webdo.tn\\\/fr\\\/#organization\",\"name\":\"Webdo\",\"alternateName\":\"Webdo.tn\",\"url\":\"https:\\\/\\\/www.webdo.tn\\\/fr\\\/\",\"logo\":{\"@type\":\"ImageObject\",\"inLanguage\":\"fr-FR\",\"@id\":\"https:\\\/\\\/www.webdo.tn\\\/fr\\\/#\\\/schema\\\/logo\\\/image\\\/\",\"url\":\"https:\\\/\\\/www.webdo.tn\\\/fr\\\/wp-content\\\/uploads\\\/2025\\\/06\\\/Webdo-Tunisie_168377.jpg\",\"contentUrl\":\"https:\\\/\\\/www.webdo.tn\\\/fr\\\/wp-content\\\/uploads\\\/2025\\\/06\\\/Webdo-Tunisie_168377.jpg\",\"width\":301,\"height\":301,\"caption\":\"Webdo\"},\"image\":{\"@id\":\"https:\\\/\\\/www.webdo.tn\\\/fr\\\/#\\\/schema\\\/logo\\\/image\\\/\"},\"sameAs\":[\"https:\\\/\\\/www.facebook.com\\\/webdotn\",\"https:\\\/\\\/x.com\\\/webdo_tn\"],\"description\":\"Webdo est un m\u00e9dia num\u00e9rique tunisien fond\u00e9 en 2010, sp\u00e9cialis\u00e9 dans l\u2019actualit\u00e9 nationale et internationale, l\u2019\u00e9conomie, la soci\u00e9t\u00e9 et les analyses politiques. Le site s\u2019adresse \u00e0 un large public francophone et couvre l\u2019information tunisienne en temps r\u00e9el.\",\"email\":\"redac@webdo.tn\",\"legalName\":\"YNJ SARL\",\"foundingDate\":\"2010-09-06\",\"numberOfEmployees\":{\"@type\":\"QuantitativeValue\",\"minValue\":\"11\",\"maxValue\":\"50\"}},{\"@type\":\"Person\",\"@id\":\"https:\\\/\\\/www.webdo.tn\\\/fr\\\/#\\\/schema\\\/person\\\/f35b42a42c5e2511bbd282959d6385cc\",\"name\":\"CL\",\"image\":{\"@type\":\"ImageObject\",\"inLanguage\":\"fr-FR\",\"@id\":\"https:\\\/\\\/secure.gravatar.com\\\/avatar\\\/1447a49909b67aa657c488aec6512e1dd6143a480c1ecfee9b5b5cd74eb3b59e?s=96&d=mm&r=g\",\"url\":\"https:\\\/\\\/secure.gravatar.com\\\/avatar\\\/1447a49909b67aa657c488aec6512e1dd6143a480c1ecfee9b5b5cd74eb3b59e?s=96&d=mm&r=g\",\"contentUrl\":\"https:\\\/\\\/secure.gravatar.com\\\/avatar\\\/1447a49909b67aa657c488aec6512e1dd6143a480c1ecfee9b5b5cd74eb3b59e?s=96&d=mm&r=g\",\"caption\":\"CL\"},\"url\":\"https:\\\/\\\/www.webdo.tn\\\/fr\\\/actualite\\\/author\\\/cl\\\/\"}]}<\/script>\n<!-- \/ Yoast SEO Premium plugin. -->","yoast_head_json":{"title":"Attal souhaite que la relation entre la Tunisie et la France \u00ab d\u00e9passe tous les al\u00e9as \u00bb","description":"Le chef du gouvernement Ahmed Hachani cl\u00f4ture ce jeudi 29 f\u00e9vrier 2024 sa visite officielle en France, la premi\u00e8re en Europe.\u00a0","canonical":"https:\/\/www.webdo.tn\/fr\/actualite\/national\/attal-souhaite-que-la-relation-entre-la-tunisie-et-la-france-depasse-tous-les-aleas\/212652\/","og_locale":"fr_FR","og_type":"article","og_title":"Attal souhaite que la relation entre la Tunisie et la France \u00ab d\u00e9passe tous les al\u00e9as \u00bb","og_description":"Le chef du gouvernement Ahmed Hachani cl\u00f4ture ce jeudi 29 f\u00e9vrier 2024 sa visite officielle en France, la premi\u00e8re en Europe.\u00a0","og_url":"https:\/\/www.webdo.tn\/fr\/actualite\/national\/attal-souhaite-que-la-relation-entre-la-tunisie-et-la-france-depasse-tous-les-aleas\/212652\/","og_site_name":"webdo","article_publisher":"https:\/\/www.facebook.com\/webdotn","article_published_time":"2024-02-29T18:06:00+00:00","article_modified_time":"2025-05-20T22:37:32+00:00","og_image":[{"width":750,"height":400,"url":"https:\/\/www.webdo.tn\/fr\/wp-content\/uploads\/2024\/02\/e357f0e9eff49c2639921c7f7391d65e.jpg","type":"image\/jpeg"}],"author":"CL","twitter_card":"summary_large_image","twitter_creator":"@webdo_tn","twitter_site":"@webdo_tn","twitter_misc":{"\u00c9crit par":"CL","Dur\u00e9e de lecture estim\u00e9e":"1 minute"},"schema":{"@context":"https:\/\/schema.org","@graph":[{"@type":"NewsArticle","@id":"https:\/\/www.webdo.tn\/fr\/actualite\/national\/attal-souhaite-que-la-relation-entre-la-tunisie-et-la-france-depasse-tous-les-aleas\/212652\/#article","isPartOf":{"@id":"https:\/\/www.webdo.tn\/fr\/actualite\/national\/attal-souhaite-que-la-relation-entre-la-tunisie-et-la-france-depasse-tous-les-aleas\/212652\/"},"author":{"name":"CL","@id":"https:\/\/www.webdo.tn\/fr\/#\/schema\/person\/f35b42a42c5e2511bbd282959d6385cc"},"headline":"Attal souhaite que la relation entre la Tunisie et la France \u00ab d\u00e9passe tous les al\u00e9as \u00bb","datePublished":"2024-02-29T18:06:00+00:00","dateModified":"2025-05-20T22:37:32+00:00","mainEntityOfPage":{"@id":"https:\/\/www.webdo.tn\/fr\/actualite\/national\/attal-souhaite-que-la-relation-entre-la-tunisie-et-la-france-depasse-tous-les-aleas\/212652\/"},"wordCount":214,"commentCount":0,"publisher":{"@id":"https:\/\/www.webdo.tn\/fr\/#organization"},"image":{"@id":"https:\/\/www.webdo.tn\/fr\/actualite\/national\/attal-souhaite-que-la-relation-entre-la-tunisie-et-la-france-depasse-tous-les-aleas\/212652\/#primaryimage"},"thumbnailUrl":"https:\/\/www.webdo.tn\/fr\/wp-content\/uploads\/2024\/02\/e357f0e9eff49c2639921c7f7391d65e.jpg","keywords":["france","Gabriel Attal","Hachani","Tunisie"],"articleSection":["National"],"inLanguage":"fr-FR"},{"@type":"WebPage","@id":"https:\/\/www.webdo.tn\/fr\/actualite\/national\/attal-souhaite-que-la-relation-entre-la-tunisie-et-la-france-depasse-tous-les-aleas\/212652\/","url":"https:\/\/www.webdo.tn\/fr\/actualite\/national\/attal-souhaite-que-la-relation-entre-la-tunisie-et-la-france-depasse-tous-les-aleas\/212652\/","name":"Attal souhaite que la relation entre la Tunisie et la France \u00ab d\u00e9passe tous les al\u00e9as \u00bb","isPartOf":{"@id":"https:\/\/www.webdo.tn\/fr\/#website"},"primaryImageOfPage":{"@id":"https:\/\/www.webdo.tn\/fr\/actualite\/national\/attal-souhaite-que-la-relation-entre-la-tunisie-et-la-france-depasse-tous-les-aleas\/212652\/#primaryimage"},"image":{"@id":"https:\/\/www.webdo.tn\/fr\/actualite\/national\/attal-souhaite-que-la-relation-entre-la-tunisie-et-la-france-depasse-tous-les-aleas\/212652\/#primaryimage"},"thumbnailUrl":"https:\/\/www.webdo.tn\/fr\/wp-content\/uploads\/2024\/02\/e357f0e9eff49c2639921c7f7391d65e.jpg","datePublished":"2024-02-29T18:06:00+00:00","dateModified":"2025-05-20T22:37:32+00:00","description":"Le chef du gouvernement Ahmed Hachani cl\u00f4ture ce jeudi 29 f\u00e9vrier 2024 sa visite officielle en France, la premi\u00e8re en Europe.\u00a0","breadcrumb":{"@id":"https:\/\/www.webdo.tn\/fr\/actualite\/national\/attal-souhaite-que-la-relation-entre-la-tunisie-et-la-france-depasse-tous-les-aleas\/212652\/#breadcrumb"},"inLanguage":"fr-FR","potentialAction":[{"@type":"ReadAction","target":["https:\/\/www.webdo.tn\/fr\/actualite\/national\/attal-souhaite-que-la-relation-entre-la-tunisie-et-la-france-depasse-tous-les-aleas\/212652\/"]}]},{"@type":"ImageObject","inLanguage":"fr-FR","@id":"https:\/\/www.webdo.tn\/fr\/actualite\/national\/attal-souhaite-que-la-relation-entre-la-tunisie-et-la-france-depasse-tous-les-aleas\/212652\/#primaryimage","url":"https:\/\/www.webdo.tn\/fr\/wp-content\/uploads\/2024\/02\/e357f0e9eff49c2639921c7f7391d65e.jpg","contentUrl":"https:\/\/www.webdo.tn\/fr\/wp-content\/uploads\/2024\/02\/e357f0e9eff49c2639921c7f7391d65e.jpg","width":750,"height":400,"caption":"Attal souhaite que la relation entre la Tunisie et la France \u00ab d\u00e9passe tous les al\u00e9as \u00bb"},{"@type":"BreadcrumbList","@id":"https:\/\/www.webdo.tn\/fr\/actualite\/national\/attal-souhaite-que-la-relation-entre-la-tunisie-et-la-france-depasse-tous-les-aleas\/212652\/#breadcrumb","itemListElement":[{"@type":"ListItem","position":1,"name":"Accueil","item":"https:\/\/www.webdo.tn\/fr\/"},{"@type":"ListItem","position":2,"name":"Attal souhaite que la relation entre la Tunisie et la France \u00ab d\u00e9passe tous les al\u00e9as \u00bb"}]},{"@type":"WebSite","@id":"https:\/\/www.webdo.tn\/fr\/#website","url":"https:\/\/www.webdo.tn\/fr\/","name":"webdo","description":"Tunisie - News en Tunisie et \u00e0 l&#039;international sur Webdo.tn","publisher":{"@id":"https:\/\/www.webdo.tn\/fr\/#organization"},"potentialAction":[{"@type":"SearchAction","target":{"@type":"EntryPoint","urlTemplate":"https:\/\/www.webdo.tn\/fr\/?s={search_term_string}"},"query-input":{"@type":"PropertyValueSpecification","valueRequired":true,"valueName":"search_term_string"}}],"inLanguage":"fr-FR"},{"@type":"Organization","@id":"https:\/\/www.webdo.tn\/fr\/#organization","name":"Webdo","alternateName":"Webdo.tn","url":"https:\/\/www.webdo.tn\/fr\/","logo":{"@type":"ImageObject","inLanguage":"fr-FR","@id":"https:\/\/www.webdo.tn\/fr\/#\/schema\/logo\/image\/","url":"https:\/\/www.webdo.tn\/fr\/wp-content\/uploads\/2025\/06\/Webdo-Tunisie_168377.jpg","contentUrl":"https:\/\/www.webdo.tn\/fr\/wp-content\/uploads\/2025\/06\/Webdo-Tunisie_168377.jpg","width":301,"height":301,"caption":"Webdo"},"image":{"@id":"https:\/\/www.webdo.tn\/fr\/#\/schema\/logo\/image\/"},"sameAs":["https:\/\/www.facebook.com\/webdotn","https:\/\/x.com\/webdo_tn"],"description":"Webdo est un m\u00e9dia num\u00e9rique tunisien fond\u00e9 en 2010, sp\u00e9cialis\u00e9 dans l\u2019actualit\u00e9 nationale et internationale, l\u2019\u00e9conomie, la soci\u00e9t\u00e9 et les analyses politiques. Le site s\u2019adresse \u00e0 un large public francophone et couvre l\u2019information tunisienne en temps r\u00e9el.","email":"redac@webdo.tn","legalName":"YNJ SARL","foundingDate":"2010-09-06","numberOfEmployees":{"@type":"QuantitativeValue","minValue":"11","maxValue":"50"}},{"@type":"Person","@id":"https:\/\/www.webdo.tn\/fr\/#\/schema\/person\/f35b42a42c5e2511bbd282959d6385cc","name":"CL","image":{"@type":"ImageObject","inLanguage":"fr-FR","@id":"https:\/\/secure.gravatar.com\/avatar\/1447a49909b67aa657c488aec6512e1dd6143a480c1ecfee9b5b5cd74eb3b59e?s=96&d=mm&r=g","url":"https:\/\/secure.gravatar.com\/avatar\/1447a49909b67aa657c488aec6512e1dd6143a480c1ecfee9b5b5cd74eb3b59e?s=96&d=mm&r=g","contentUrl":"https:\/\/secure.gravatar.com\/avatar\/1447a49909b67aa657c488aec6512e1dd6143a480c1ecfee9b5b5cd74eb3b59e?s=96&d=mm&r=g","caption":"CL"},"url":"https:\/\/www.webdo.tn\/fr\/actualite\/author\/cl\/"}]}},"_links":{"self":[{"href":"https:\/\/www.webdo.tn\/fr\/wp-json\/wp\/v2\/posts\/212652","targetHints":{"allow":["GET"]}}],"collection":[{"href":"https:\/\/www.webdo.tn\/fr\/wp-json\/wp\/v2\/posts"}],"about":[{"href":"https:\/\/www.webdo.tn\/fr\/wp-json\/wp\/v2\/types\/post"}],"author":[{"embeddable":true,"href":"https:\/\/www.webdo.tn\/fr\/wp-json\/wp\/v2\/users\/3175"}],"replies":[{"embeddable":true,"href":"https:\/\/www.webdo.tn\/fr\/wp-json\/wp\/v2\/comments?post=212652"}],"version-history":[{"count":0,"href":"https:\/\/www.webdo.tn\/fr\/wp-json\/wp\/v2\/posts\/212652\/revisions"}],"wp:featuredmedia":[{"embeddable":true,"href":"https:\/\/www.webdo.tn\/fr\/wp-json\/wp\/v2\/media\/247890"}],"wp:attachment":[{"href":"https:\/\/www.webdo.tn\/fr\/wp-json\/wp\/v2\/media?parent=212652"}],"wp:term":[{"taxonomy":"category","embeddable":true,"href":"https:\/\/www.webdo.tn\/fr\/wp-json\/wp\/v2\/categories?post=212652"},{"taxonomy":"post_tag","embeddable":true,"href":"https:\/\/www.webdo.tn\/fr\/wp-json\/wp\/v2\/tags?post=212652"}],"curies":[{"name":"wp","href":"https:\/\/api.w.org\/{rel}","templated":true}]}}