{"id":212637,"date":"2024-02-29T11:07:00","date_gmt":"2024-02-29T11:07:00","guid":{"rendered":"https:\/\/www.webdo.tn\/fr\/blog\/confidences-tunisiennes-de-marie-nimier-un-roman-ou-affleure-l-intime\/212637\/"},"modified":"2024-02-29T11:07:00","modified_gmt":"2024-02-29T11:07:00","slug":"confidences-tunisiennes-de-marie-nimier-un-roman-ou-affleure-l-intime","status":"publish","type":"post","link":"https:\/\/www.webdo.tn\/fr\/actualite\/culture\/confidences-tunisiennes-de-marie-nimier-un-roman-ou-affleure-l-intime\/212637\/","title":{"rendered":"\u00ab\u00a0Confidences tunisiennes\u00a0\u00bb de Marie Nimier : Un roman o\u00f9 affleure l&rsquo;intime"},"content":{"rendered":"<p>Le nouvel ouvrage de Marie Nimier para\u00eet le 7 mars aux \u00e9ditions Gallimard. Intitul\u00e9 \u00ab\u00a0Confidences tunisiennes\u00a0\u00bb, ce livre a \u00e9t\u00e9 r\u00e9alis\u00e9 apr\u00e8s un s\u00e9jour de deux mois \u00e0 la Villa Salammb\u00f4 \u00e0 l&rsquo;invitation de l&rsquo;Institut fran\u00e7ais de Tunisie.<\/p>\n<p>\t\t\t\t\t\t\t\t\tC&rsquo;est lors d&rsquo;un s\u00e9jour de deux mois en Tunisie, \u00e0 la Villa Salammb\u00f4, une r\u00e9sidence d&rsquo;artistes cr\u00e9\u00e9e par l&rsquo;Institut fran\u00e7ais, que Marie Nimier a recueilli les propos et confidences qui forment la trame de \u00ab\u00a0Confidences tunisiennes\u00a0\u00bb dont la parution co\u00efncide avec la journ\u00e9e internationale des droits des femmes.<\/p>\n<p>Ce roman tunisien de Marie Nimier rassemble les confidences d&rsquo;inconnus crois\u00e9s au hasard des chemins et des conversations.<\/p>\n<p>Ce sont \u00ab\u00a0un ancien prisonnier, un bisexuel contraint de d\u00e9guiser ses sentiments, une \u00ab\u00a0d\u00e9panneuse\u00a0\u00bb proposant aux futures mari\u00e9es une technique bon march\u00e9 pour restaurer leur virginit\u00e9, une femme dont la vie a \u00e9t\u00e9 boulevers\u00e9e par ses lectures, ceux qui veulent partir et ne peuvent pas partir, ceux qui sont partis puis rentr\u00e9s, ceux qui font la pri\u00e8re \u00e0 leur fa\u00e7on, mais aussi un apiculteur qui vend du miel de contrebande, et un s\u00e9ducteur \u00e0 la cha\u00eene.<\/p>\n<p>Ce sont l\u00e0 quelques-uns des personnages qui se sont confi\u00e9s \u00e0 l&rsquo;autrice, pour lui r\u00e9v\u00e9ler leurs secrets les mieux gard\u00e9s. Tour \u00e0 tour dr\u00f4les et poignants, ces r\u00e9cits pleins d&rsquo;humanit\u00e9 sont une source infinie de r\u00eaverie et de r\u00e9flexion, et une invitation au partage\u00a0\u00bb.<\/p>\n<p>L&rsquo;auteure devrait pr\u00e9senter son livre en Tunisie, durant le mois de juin prochain. Elle sera pour cette occasion, accompagn\u00e9e de la com\u00e9dienne Naidra Ayadi.<\/p>\n<p>Marie Nimier est l&rsquo;auteure de douze romans parmi lesquels \u00ab\u00a0La Reine du silence\u00a0\u00bb, Petite S\u0153ur\u00a0\u00bb, \u00ab\u00a0Le palais des orties\u00a0\u00bb, \u00ab\u00a0Les Ins\u00e9parables\u00a0\u00bb ou encore \u00ab\u00a0La Plage\u00a0\u00bb. Son nouveau roman para\u00eet dans le cadre de la prestigieuse collection Blanche chez Gallimard.<\/p>\n","protected":false},"excerpt":{"rendered":"<p>Le nouvel ouvrage de Marie Nimier para\u00eet le 7 mars aux \u00e9ditions Gallimard. Intitul\u00e9  Confidences tunisiennes , ce livre a \u00e9t\u00e9 r\u00e9alis\u00e9 apr\u00e8s un s\u00e9jour de deux mo&#8230;<\/p>\n","protected":false},"author":3229,"featured_media":247886,"comment_status":"open","ping_status":"closed","sticky":false,"template":"","format":"standard","meta":{"footnotes":""},"categories":[2594],"tags":[6924,6923,2608,6922],"class_list":["post-212637","post","type-post","status-publish","format-standard","has-post-thumbnail","hentry","category-culture","tag-confidences-tunisiennes","tag-marie-nimier","tag-tunisie","tag-villa-salammbo"],"yoast_head":"<!-- This site is optimized with the Yoast SEO Premium plugin v27.5 (Yoast SEO v27.5) - https:\/\/yoast.com\/product\/yoast-seo-premium-wordpress\/ -->\n<title>Confidences tunisiennes de Marie Nimier : Un roman o\u00f9 affleure l&#039;intime<\/title>\n<meta name=\"description\" content=\"Le nouvel ouvrage de Marie Nimier para\u00eet le 7 mars aux \u00e9ditions Gallimard. Intitul\u00e9 Confidences tunisiennes , ce livre a \u00e9t\u00e9 r\u00e9alis\u00e9 apr\u00e8s un s\u00e9jour de deux mo...\" \/>\n<link rel=\"canonical\" href=\"https:\/\/www.webdo.tn\/fr\/actualite\/culture\/confidences-tunisiennes-de-marie-nimier-un-roman-ou-affleure-l-intime\/212637\/\" \/>\n<meta property=\"og:locale\" content=\"fr_FR\" \/>\n<meta property=\"og:type\" content=\"article\" \/>\n<meta property=\"og:title\" content=\"&quot;Confidences tunisiennes&quot; de Marie Nimier : Un roman o\u00f9 affleure l&#039;intime\" \/>\n<meta property=\"og:description\" content=\"Le nouvel ouvrage de Marie Nimier para\u00eet le 7 mars aux \u00e9ditions Gallimard. Intitul\u00e9 Confidences tunisiennes , ce livre a \u00e9t\u00e9 r\u00e9alis\u00e9 apr\u00e8s un s\u00e9jour de deux mo...\" \/>\n<meta property=\"og:url\" content=\"https:\/\/www.webdo.tn\/fr\/actualite\/culture\/confidences-tunisiennes-de-marie-nimier-un-roman-ou-affleure-l-intime\/212637\/\" \/>\n<meta property=\"og:site_name\" content=\"webdo\" \/>\n<meta property=\"article:publisher\" content=\"https:\/\/www.facebook.com\/webdotn\" \/>\n<meta property=\"article:author\" content=\"https:\/\/www.facebook.com\/hatem.bourial.2025\" \/>\n<meta property=\"article:published_time\" content=\"2024-02-29T11:07:00+00:00\" \/>\n<meta property=\"og:image\" content=\"https:\/\/www.webdo.tn\/fr\/wp-content\/uploads\/2024\/02\/0671f01105da3cda78f8b6f9ee91a382.jpg\" \/>\n\t<meta property=\"og:image:width\" content=\"750\" \/>\n\t<meta property=\"og:image:height\" content=\"400\" \/>\n\t<meta property=\"og:image:type\" content=\"image\/jpeg\" \/>\n<meta name=\"author\" content=\"Hatem Bourial\" \/>\n<meta name=\"twitter:card\" content=\"summary_large_image\" \/>\n<meta name=\"twitter:creator\" content=\"@webdo_tn\" \/>\n<meta name=\"twitter:site\" content=\"@webdo_tn\" \/>\n<meta name=\"twitter:label1\" content=\"\u00c9crit par\" \/>\n\t<meta name=\"twitter:data1\" content=\"Hatem Bourial\" \/>\n\t<meta name=\"twitter:label2\" content=\"Dur\u00e9e de lecture estim\u00e9e\" \/>\n\t<meta name=\"twitter:data2\" content=\"2 minutes\" \/>\n<script type=\"application\/ld+json\" class=\"yoast-schema-graph\">{\"@context\":\"https:\\\/\\\/schema.org\",\"@graph\":[{\"@type\":\"NewsArticle\",\"@id\":\"https:\\\/\\\/www.webdo.tn\\\/fr\\\/actualite\\\/culture\\\/confidences-tunisiennes-de-marie-nimier-un-roman-ou-affleure-l-intime\\\/212637\\\/#article\",\"isPartOf\":{\"@id\":\"https:\\\/\\\/www.webdo.tn\\\/fr\\\/actualite\\\/culture\\\/confidences-tunisiennes-de-marie-nimier-un-roman-ou-affleure-l-intime\\\/212637\\\/\"},\"author\":{\"name\":\"Hatem Bourial\",\"@id\":\"https:\\\/\\\/www.webdo.tn\\\/fr\\\/#\\\/schema\\\/person\\\/6bc0beba2cd23aec27cb5df85ca2554f\"},\"headline\":\"\u00ab\u00a0Confidences tunisiennes\u00a0\u00bb de Marie Nimier : Un roman o\u00f9 affleure l&rsquo;intime\",\"datePublished\":\"2024-02-29T11:07:00+00:00\",\"mainEntityOfPage\":{\"@id\":\"https:\\\/\\\/www.webdo.tn\\\/fr\\\/actualite\\\/culture\\\/confidences-tunisiennes-de-marie-nimier-un-roman-ou-affleure-l-intime\\\/212637\\\/\"},\"wordCount\":336,\"commentCount\":0,\"publisher\":{\"@id\":\"https:\\\/\\\/www.webdo.tn\\\/fr\\\/#organization\"},\"image\":{\"@id\":\"https:\\\/\\\/www.webdo.tn\\\/fr\\\/actualite\\\/culture\\\/confidences-tunisiennes-de-marie-nimier-un-roman-ou-affleure-l-intime\\\/212637\\\/#primaryimage\"},\"thumbnailUrl\":\"https:\\\/\\\/www.webdo.tn\\\/fr\\\/wp-content\\\/uploads\\\/2024\\\/02\\\/0671f01105da3cda78f8b6f9ee91a382.jpg\",\"keywords\":[\"Confidences tunisiennes\",\"Marie Nimier\",\"Tunisie\",\"Villa Salammb\u00f4\"],\"articleSection\":[\"Culture\"],\"inLanguage\":\"fr-FR\"},{\"@type\":\"WebPage\",\"@id\":\"https:\\\/\\\/www.webdo.tn\\\/fr\\\/actualite\\\/culture\\\/confidences-tunisiennes-de-marie-nimier-un-roman-ou-affleure-l-intime\\\/212637\\\/\",\"url\":\"https:\\\/\\\/www.webdo.tn\\\/fr\\\/actualite\\\/culture\\\/confidences-tunisiennes-de-marie-nimier-un-roman-ou-affleure-l-intime\\\/212637\\\/\",\"name\":\"Confidences tunisiennes de Marie Nimier : Un roman o\u00f9 affleure l'intime\",\"isPartOf\":{\"@id\":\"https:\\\/\\\/www.webdo.tn\\\/fr\\\/#website\"},\"primaryImageOfPage\":{\"@id\":\"https:\\\/\\\/www.webdo.tn\\\/fr\\\/actualite\\\/culture\\\/confidences-tunisiennes-de-marie-nimier-un-roman-ou-affleure-l-intime\\\/212637\\\/#primaryimage\"},\"image\":{\"@id\":\"https:\\\/\\\/www.webdo.tn\\\/fr\\\/actualite\\\/culture\\\/confidences-tunisiennes-de-marie-nimier-un-roman-ou-affleure-l-intime\\\/212637\\\/#primaryimage\"},\"thumbnailUrl\":\"https:\\\/\\\/www.webdo.tn\\\/fr\\\/wp-content\\\/uploads\\\/2024\\\/02\\\/0671f01105da3cda78f8b6f9ee91a382.jpg\",\"datePublished\":\"2024-02-29T11:07:00+00:00\",\"description\":\"Le nouvel ouvrage de Marie Nimier para\u00eet le 7 mars aux \u00e9ditions Gallimard. Intitul\u00e9 Confidences tunisiennes , ce livre a \u00e9t\u00e9 r\u00e9alis\u00e9 apr\u00e8s un s\u00e9jour de deux mo...\",\"breadcrumb\":{\"@id\":\"https:\\\/\\\/www.webdo.tn\\\/fr\\\/actualite\\\/culture\\\/confidences-tunisiennes-de-marie-nimier-un-roman-ou-affleure-l-intime\\\/212637\\\/#breadcrumb\"},\"inLanguage\":\"fr-FR\",\"potentialAction\":[{\"@type\":\"ReadAction\",\"target\":[\"https:\\\/\\\/www.webdo.tn\\\/fr\\\/actualite\\\/culture\\\/confidences-tunisiennes-de-marie-nimier-un-roman-ou-affleure-l-intime\\\/212637\\\/\"]}]},{\"@type\":\"ImageObject\",\"inLanguage\":\"fr-FR\",\"@id\":\"https:\\\/\\\/www.webdo.tn\\\/fr\\\/actualite\\\/culture\\\/confidences-tunisiennes-de-marie-nimier-un-roman-ou-affleure-l-intime\\\/212637\\\/#primaryimage\",\"url\":\"https:\\\/\\\/www.webdo.tn\\\/fr\\\/wp-content\\\/uploads\\\/2024\\\/02\\\/0671f01105da3cda78f8b6f9ee91a382.jpg\",\"contentUrl\":\"https:\\\/\\\/www.webdo.tn\\\/fr\\\/wp-content\\\/uploads\\\/2024\\\/02\\\/0671f01105da3cda78f8b6f9ee91a382.jpg\",\"width\":750,\"height\":400,\"caption\":\"\\\"Confidences tunisiennes\\\" de Marie Nimier : Un roman o\u00f9 affleure l'intime\"},{\"@type\":\"BreadcrumbList\",\"@id\":\"https:\\\/\\\/www.webdo.tn\\\/fr\\\/actualite\\\/culture\\\/confidences-tunisiennes-de-marie-nimier-un-roman-ou-affleure-l-intime\\\/212637\\\/#breadcrumb\",\"itemListElement\":[{\"@type\":\"ListItem\",\"position\":1,\"name\":\"Accueil\",\"item\":\"https:\\\/\\\/www.webdo.tn\\\/fr\\\/\"},{\"@type\":\"ListItem\",\"position\":2,\"name\":\"\u00ab\u00a0Confidences tunisiennes\u00a0\u00bb de Marie Nimier : Un roman o\u00f9 affleure l&rsquo;intime\"}]},{\"@type\":\"WebSite\",\"@id\":\"https:\\\/\\\/www.webdo.tn\\\/fr\\\/#website\",\"url\":\"https:\\\/\\\/www.webdo.tn\\\/fr\\\/\",\"name\":\"webdo\",\"description\":\"Tunisie - News en Tunisie et \u00e0 l&#039;international sur Webdo.tn\",\"publisher\":{\"@id\":\"https:\\\/\\\/www.webdo.tn\\\/fr\\\/#organization\"},\"potentialAction\":[{\"@type\":\"SearchAction\",\"target\":{\"@type\":\"EntryPoint\",\"urlTemplate\":\"https:\\\/\\\/www.webdo.tn\\\/fr\\\/?s={search_term_string}\"},\"query-input\":{\"@type\":\"PropertyValueSpecification\",\"valueRequired\":true,\"valueName\":\"search_term_string\"}}],\"inLanguage\":\"fr-FR\"},{\"@type\":\"Organization\",\"@id\":\"https:\\\/\\\/www.webdo.tn\\\/fr\\\/#organization\",\"name\":\"Webdo\",\"alternateName\":\"Webdo.tn\",\"url\":\"https:\\\/\\\/www.webdo.tn\\\/fr\\\/\",\"logo\":{\"@type\":\"ImageObject\",\"inLanguage\":\"fr-FR\",\"@id\":\"https:\\\/\\\/www.webdo.tn\\\/fr\\\/#\\\/schema\\\/logo\\\/image\\\/\",\"url\":\"https:\\\/\\\/www.webdo.tn\\\/fr\\\/wp-content\\\/uploads\\\/2025\\\/06\\\/Webdo-Tunisie_168377.jpg\",\"contentUrl\":\"https:\\\/\\\/www.webdo.tn\\\/fr\\\/wp-content\\\/uploads\\\/2025\\\/06\\\/Webdo-Tunisie_168377.jpg\",\"width\":301,\"height\":301,\"caption\":\"Webdo\"},\"image\":{\"@id\":\"https:\\\/\\\/www.webdo.tn\\\/fr\\\/#\\\/schema\\\/logo\\\/image\\\/\"},\"sameAs\":[\"https:\\\/\\\/www.facebook.com\\\/webdotn\",\"https:\\\/\\\/x.com\\\/webdo_tn\"],\"description\":\"Webdo est un m\u00e9dia num\u00e9rique tunisien fond\u00e9 en 2010, sp\u00e9cialis\u00e9 dans l\u2019actualit\u00e9 nationale et internationale, l\u2019\u00e9conomie, la soci\u00e9t\u00e9 et les analyses politiques. Le site s\u2019adresse \u00e0 un large public francophone et couvre l\u2019information tunisienne en temps r\u00e9el.\",\"email\":\"redac@webdo.tn\",\"legalName\":\"YNJ SARL\",\"foundingDate\":\"2010-09-06\",\"numberOfEmployees\":{\"@type\":\"QuantitativeValue\",\"minValue\":\"11\",\"maxValue\":\"50\"}},{\"@type\":\"Person\",\"@id\":\"https:\\\/\\\/www.webdo.tn\\\/fr\\\/#\\\/schema\\\/person\\\/6bc0beba2cd23aec27cb5df85ca2554f\",\"name\":\"Hatem Bourial\",\"image\":{\"@type\":\"ImageObject\",\"inLanguage\":\"fr-FR\",\"@id\":\"https:\\\/\\\/www.webdo.tn\\\/fr\\\/wp-content\\\/uploads\\\/2026\\\/04\\\/hatem-bourial_avatar-96x96.jpg\",\"url\":\"https:\\\/\\\/www.webdo.tn\\\/fr\\\/wp-content\\\/uploads\\\/2026\\\/04\\\/hatem-bourial_avatar-96x96.jpg\",\"contentUrl\":\"https:\\\/\\\/www.webdo.tn\\\/fr\\\/wp-content\\\/uploads\\\/2026\\\/04\\\/hatem-bourial_avatar-96x96.jpg\",\"caption\":\"Hatem Bourial\"},\"description\":\"Hatem Bourial est journaliste, \u00e9crivain et chroniqueur tunisien. Actif depuis plusieurs d\u00e9cennies, il s\u2019est impos\u00e9 comme un observateur attentif de la soci\u00e9t\u00e9 tunisienne, m\u00ealant dans ses \u00e9crits m\u00e9moire, culture et analyse du quotidien. Auteur de nombreux ouvrages, il d\u00e9veloppe une \u0153uvre \u00e0 la crois\u00e9e du r\u00e9cit, de la po\u00e9sie et de l\u2019observation sociologique. Parall\u00e8lement \u00e0 ses contributions dans la presse, il intervient r\u00e9guli\u00e8rement \u00e0 la radio et dans des espaces culturels, o\u00f9 il explore les enjeux li\u00e9s au patrimoine, \u00e0 l\u2019identit\u00e9 et aux transformations du monde contemporain. \u00c0 travers ses chroniques, Hatem Bourial propose une lecture sensible et approfondie de l\u2019actualit\u00e9, nourrie par une exp\u00e9rience journalistique et litt\u00e9raire reconnue. \ud83d\udd17 Facebook : https:\\\/\\\/www.facebook.com\\\/hatem.bourial.2025\",\"sameAs\":[\"https:\\\/\\\/www.facebook.com\\\/hatem.bourial.2025\",\"https:\\\/\\\/fr.wikipedia.org\\\/wiki\\\/Fichier:Hatem_Bourial.jpg\"],\"knowsAbout\":[\"Culture & patrimoine tunisien\",\"Chronique soci\u00e9tale\",\"Litt\u00e9rature & m\u00e9moire\",\"Cin\u00e9ma & critique culturelle\",\"Identit\u00e9 & mutations sociales\"],\"knowsLanguage\":[\"Arabe\",\"Fran\u00e7ais\",\"Anglais\",\"Italien\",\"Polonais\"],\"jobTitle\":\"Journaliste, \u00e9crivain et chroniqueur culturel\",\"worksFor\":\"Webdo\",\"url\":\"https:\\\/\\\/www.webdo.tn\\\/fr\\\/actualite\\\/author\\\/hatem-bourial-2\\\/\"}]}<\/script>\n<!-- \/ Yoast SEO Premium plugin. -->","yoast_head_json":{"title":"Confidences tunisiennes de Marie Nimier : Un roman o\u00f9 affleure l'intime","description":"Le nouvel ouvrage de Marie Nimier para\u00eet le 7 mars aux \u00e9ditions Gallimard. Intitul\u00e9 Confidences tunisiennes , ce livre a \u00e9t\u00e9 r\u00e9alis\u00e9 apr\u00e8s un s\u00e9jour de deux mo...","canonical":"https:\/\/www.webdo.tn\/fr\/actualite\/culture\/confidences-tunisiennes-de-marie-nimier-un-roman-ou-affleure-l-intime\/212637\/","og_locale":"fr_FR","og_type":"article","og_title":"\"Confidences tunisiennes\" de Marie Nimier : Un roman o\u00f9 affleure l'intime","og_description":"Le nouvel ouvrage de Marie Nimier para\u00eet le 7 mars aux \u00e9ditions Gallimard. Intitul\u00e9 Confidences tunisiennes , ce livre a \u00e9t\u00e9 r\u00e9alis\u00e9 apr\u00e8s un s\u00e9jour de deux mo...","og_url":"https:\/\/www.webdo.tn\/fr\/actualite\/culture\/confidences-tunisiennes-de-marie-nimier-un-roman-ou-affleure-l-intime\/212637\/","og_site_name":"webdo","article_publisher":"https:\/\/www.facebook.com\/webdotn","article_author":"https:\/\/www.facebook.com\/hatem.bourial.2025","article_published_time":"2024-02-29T11:07:00+00:00","og_image":[{"width":750,"height":400,"url":"https:\/\/www.webdo.tn\/fr\/wp-content\/uploads\/2024\/02\/0671f01105da3cda78f8b6f9ee91a382.jpg","type":"image\/jpeg"}],"author":"Hatem Bourial","twitter_card":"summary_large_image","twitter_creator":"@webdo_tn","twitter_site":"@webdo_tn","twitter_misc":{"\u00c9crit par":"Hatem Bourial","Dur\u00e9e de lecture estim\u00e9e":"2 minutes"},"schema":{"@context":"https:\/\/schema.org","@graph":[{"@type":"NewsArticle","@id":"https:\/\/www.webdo.tn\/fr\/actualite\/culture\/confidences-tunisiennes-de-marie-nimier-un-roman-ou-affleure-l-intime\/212637\/#article","isPartOf":{"@id":"https:\/\/www.webdo.tn\/fr\/actualite\/culture\/confidences-tunisiennes-de-marie-nimier-un-roman-ou-affleure-l-intime\/212637\/"},"author":{"name":"Hatem Bourial","@id":"https:\/\/www.webdo.tn\/fr\/#\/schema\/person\/6bc0beba2cd23aec27cb5df85ca2554f"},"headline":"\u00ab\u00a0Confidences tunisiennes\u00a0\u00bb de Marie Nimier : Un roman o\u00f9 affleure l&rsquo;intime","datePublished":"2024-02-29T11:07:00+00:00","mainEntityOfPage":{"@id":"https:\/\/www.webdo.tn\/fr\/actualite\/culture\/confidences-tunisiennes-de-marie-nimier-un-roman-ou-affleure-l-intime\/212637\/"},"wordCount":336,"commentCount":0,"publisher":{"@id":"https:\/\/www.webdo.tn\/fr\/#organization"},"image":{"@id":"https:\/\/www.webdo.tn\/fr\/actualite\/culture\/confidences-tunisiennes-de-marie-nimier-un-roman-ou-affleure-l-intime\/212637\/#primaryimage"},"thumbnailUrl":"https:\/\/www.webdo.tn\/fr\/wp-content\/uploads\/2024\/02\/0671f01105da3cda78f8b6f9ee91a382.jpg","keywords":["Confidences tunisiennes","Marie Nimier","Tunisie","Villa Salammb\u00f4"],"articleSection":["Culture"],"inLanguage":"fr-FR"},{"@type":"WebPage","@id":"https:\/\/www.webdo.tn\/fr\/actualite\/culture\/confidences-tunisiennes-de-marie-nimier-un-roman-ou-affleure-l-intime\/212637\/","url":"https:\/\/www.webdo.tn\/fr\/actualite\/culture\/confidences-tunisiennes-de-marie-nimier-un-roman-ou-affleure-l-intime\/212637\/","name":"Confidences tunisiennes de Marie Nimier : Un roman o\u00f9 affleure l'intime","isPartOf":{"@id":"https:\/\/www.webdo.tn\/fr\/#website"},"primaryImageOfPage":{"@id":"https:\/\/www.webdo.tn\/fr\/actualite\/culture\/confidences-tunisiennes-de-marie-nimier-un-roman-ou-affleure-l-intime\/212637\/#primaryimage"},"image":{"@id":"https:\/\/www.webdo.tn\/fr\/actualite\/culture\/confidences-tunisiennes-de-marie-nimier-un-roman-ou-affleure-l-intime\/212637\/#primaryimage"},"thumbnailUrl":"https:\/\/www.webdo.tn\/fr\/wp-content\/uploads\/2024\/02\/0671f01105da3cda78f8b6f9ee91a382.jpg","datePublished":"2024-02-29T11:07:00+00:00","description":"Le nouvel ouvrage de Marie Nimier para\u00eet le 7 mars aux \u00e9ditions Gallimard. Intitul\u00e9 Confidences tunisiennes , ce livre a \u00e9t\u00e9 r\u00e9alis\u00e9 apr\u00e8s un s\u00e9jour de deux mo...","breadcrumb":{"@id":"https:\/\/www.webdo.tn\/fr\/actualite\/culture\/confidences-tunisiennes-de-marie-nimier-un-roman-ou-affleure-l-intime\/212637\/#breadcrumb"},"inLanguage":"fr-FR","potentialAction":[{"@type":"ReadAction","target":["https:\/\/www.webdo.tn\/fr\/actualite\/culture\/confidences-tunisiennes-de-marie-nimier-un-roman-ou-affleure-l-intime\/212637\/"]}]},{"@type":"ImageObject","inLanguage":"fr-FR","@id":"https:\/\/www.webdo.tn\/fr\/actualite\/culture\/confidences-tunisiennes-de-marie-nimier-un-roman-ou-affleure-l-intime\/212637\/#primaryimage","url":"https:\/\/www.webdo.tn\/fr\/wp-content\/uploads\/2024\/02\/0671f01105da3cda78f8b6f9ee91a382.jpg","contentUrl":"https:\/\/www.webdo.tn\/fr\/wp-content\/uploads\/2024\/02\/0671f01105da3cda78f8b6f9ee91a382.jpg","width":750,"height":400,"caption":"\"Confidences tunisiennes\" de Marie Nimier : Un roman o\u00f9 affleure l'intime"},{"@type":"BreadcrumbList","@id":"https:\/\/www.webdo.tn\/fr\/actualite\/culture\/confidences-tunisiennes-de-marie-nimier-un-roman-ou-affleure-l-intime\/212637\/#breadcrumb","itemListElement":[{"@type":"ListItem","position":1,"name":"Accueil","item":"https:\/\/www.webdo.tn\/fr\/"},{"@type":"ListItem","position":2,"name":"\u00ab\u00a0Confidences tunisiennes\u00a0\u00bb de Marie Nimier : Un roman o\u00f9 affleure l&rsquo;intime"}]},{"@type":"WebSite","@id":"https:\/\/www.webdo.tn\/fr\/#website","url":"https:\/\/www.webdo.tn\/fr\/","name":"webdo","description":"Tunisie - News en Tunisie et \u00e0 l&#039;international sur Webdo.tn","publisher":{"@id":"https:\/\/www.webdo.tn\/fr\/#organization"},"potentialAction":[{"@type":"SearchAction","target":{"@type":"EntryPoint","urlTemplate":"https:\/\/www.webdo.tn\/fr\/?s={search_term_string}"},"query-input":{"@type":"PropertyValueSpecification","valueRequired":true,"valueName":"search_term_string"}}],"inLanguage":"fr-FR"},{"@type":"Organization","@id":"https:\/\/www.webdo.tn\/fr\/#organization","name":"Webdo","alternateName":"Webdo.tn","url":"https:\/\/www.webdo.tn\/fr\/","logo":{"@type":"ImageObject","inLanguage":"fr-FR","@id":"https:\/\/www.webdo.tn\/fr\/#\/schema\/logo\/image\/","url":"https:\/\/www.webdo.tn\/fr\/wp-content\/uploads\/2025\/06\/Webdo-Tunisie_168377.jpg","contentUrl":"https:\/\/www.webdo.tn\/fr\/wp-content\/uploads\/2025\/06\/Webdo-Tunisie_168377.jpg","width":301,"height":301,"caption":"Webdo"},"image":{"@id":"https:\/\/www.webdo.tn\/fr\/#\/schema\/logo\/image\/"},"sameAs":["https:\/\/www.facebook.com\/webdotn","https:\/\/x.com\/webdo_tn"],"description":"Webdo est un m\u00e9dia num\u00e9rique tunisien fond\u00e9 en 2010, sp\u00e9cialis\u00e9 dans l\u2019actualit\u00e9 nationale et internationale, l\u2019\u00e9conomie, la soci\u00e9t\u00e9 et les analyses politiques. Le site s\u2019adresse \u00e0 un large public francophone et couvre l\u2019information tunisienne en temps r\u00e9el.","email":"redac@webdo.tn","legalName":"YNJ SARL","foundingDate":"2010-09-06","numberOfEmployees":{"@type":"QuantitativeValue","minValue":"11","maxValue":"50"}},{"@type":"Person","@id":"https:\/\/www.webdo.tn\/fr\/#\/schema\/person\/6bc0beba2cd23aec27cb5df85ca2554f","name":"Hatem Bourial","image":{"@type":"ImageObject","inLanguage":"fr-FR","@id":"https:\/\/www.webdo.tn\/fr\/wp-content\/uploads\/2026\/04\/hatem-bourial_avatar-96x96.jpg","url":"https:\/\/www.webdo.tn\/fr\/wp-content\/uploads\/2026\/04\/hatem-bourial_avatar-96x96.jpg","contentUrl":"https:\/\/www.webdo.tn\/fr\/wp-content\/uploads\/2026\/04\/hatem-bourial_avatar-96x96.jpg","caption":"Hatem Bourial"},"description":"Hatem Bourial est journaliste, \u00e9crivain et chroniqueur tunisien. Actif depuis plusieurs d\u00e9cennies, il s\u2019est impos\u00e9 comme un observateur attentif de la soci\u00e9t\u00e9 tunisienne, m\u00ealant dans ses \u00e9crits m\u00e9moire, culture et analyse du quotidien. Auteur de nombreux ouvrages, il d\u00e9veloppe une \u0153uvre \u00e0 la crois\u00e9e du r\u00e9cit, de la po\u00e9sie et de l\u2019observation sociologique. Parall\u00e8lement \u00e0 ses contributions dans la presse, il intervient r\u00e9guli\u00e8rement \u00e0 la radio et dans des espaces culturels, o\u00f9 il explore les enjeux li\u00e9s au patrimoine, \u00e0 l\u2019identit\u00e9 et aux transformations du monde contemporain. \u00c0 travers ses chroniques, Hatem Bourial propose une lecture sensible et approfondie de l\u2019actualit\u00e9, nourrie par une exp\u00e9rience journalistique et litt\u00e9raire reconnue. \ud83d\udd17 Facebook : https:\/\/www.facebook.com\/hatem.bourial.2025","sameAs":["https:\/\/www.facebook.com\/hatem.bourial.2025","https:\/\/fr.wikipedia.org\/wiki\/Fichier:Hatem_Bourial.jpg"],"knowsAbout":["Culture & patrimoine tunisien","Chronique soci\u00e9tale","Litt\u00e9rature & m\u00e9moire","Cin\u00e9ma & critique culturelle","Identit\u00e9 & mutations sociales"],"knowsLanguage":["Arabe","Fran\u00e7ais","Anglais","Italien","Polonais"],"jobTitle":"Journaliste, \u00e9crivain et chroniqueur culturel","worksFor":"Webdo","url":"https:\/\/www.webdo.tn\/fr\/actualite\/author\/hatem-bourial-2\/"}]}},"_links":{"self":[{"href":"https:\/\/www.webdo.tn\/fr\/wp-json\/wp\/v2\/posts\/212637","targetHints":{"allow":["GET"]}}],"collection":[{"href":"https:\/\/www.webdo.tn\/fr\/wp-json\/wp\/v2\/posts"}],"about":[{"href":"https:\/\/www.webdo.tn\/fr\/wp-json\/wp\/v2\/types\/post"}],"author":[{"embeddable":true,"href":"https:\/\/www.webdo.tn\/fr\/wp-json\/wp\/v2\/users\/3229"}],"replies":[{"embeddable":true,"href":"https:\/\/www.webdo.tn\/fr\/wp-json\/wp\/v2\/comments?post=212637"}],"version-history":[{"count":0,"href":"https:\/\/www.webdo.tn\/fr\/wp-json\/wp\/v2\/posts\/212637\/revisions"}],"wp:featuredmedia":[{"embeddable":true,"href":"https:\/\/www.webdo.tn\/fr\/wp-json\/wp\/v2\/media\/247886"}],"wp:attachment":[{"href":"https:\/\/www.webdo.tn\/fr\/wp-json\/wp\/v2\/media?parent=212637"}],"wp:term":[{"taxonomy":"category","embeddable":true,"href":"https:\/\/www.webdo.tn\/fr\/wp-json\/wp\/v2\/categories?post=212637"},{"taxonomy":"post_tag","embeddable":true,"href":"https:\/\/www.webdo.tn\/fr\/wp-json\/wp\/v2\/tags?post=212637"}],"curies":[{"name":"wp","href":"https:\/\/api.w.org\/{rel}","templated":true}]}}